{"id":12236,"date":"2023-08-16T09:53:58","date_gmt":"2023-08-16T09:53:58","guid":{"rendered":"https:\/\/kibrisdakik.com\/index.php\/2023\/08\/16\/calisma-ve-sosyal-guvenlik-bakani-gardiyanoglu-kuzey-kibris-turkcell-heyetini-kabul-etti\/"},"modified":"2023-08-16T09:53:58","modified_gmt":"2023-08-16T09:53:58","slug":"calisma-ve-sosyal-guvenlik-bakani-gardiyanoglu-kuzey-kibris-turkcell-heyetini-kabul-etti","status":"publish","type":"post","link":"https:\/\/kibrisdakik.com\/?p=12236","title":{"rendered":"\u00c7al\u0131\u015fma ve Sosyal G\u00fcvenlik Bakan\u0131 Gardiyano\u011flu, Kuzey K\u0131br\u0131s Turkcell heyetini kabul etti"},"content":{"rendered":"<p><\/p>\n<div>\n<div class=\"mariselle-image-container center\">\n                <img width=\"2560\" height=\"1176\" class=\"lazy-image\" alt=\"\" decoding=\"async\" loading=\"lazy\" sizes=\"auto, (max-width: 2560px) 100vw, 2560px\" src=\"https:\/\/brtk.net\/wp-content\/uploads\/2023\/08\/16\/aSas-scaled.jpg?ver=0ed92006629c2c46c8b0fa6650f2fa75\" srcset=\"https:\/\/brtk.net\/wp-content\/uploads\/2023\/08\/16\/aSas-scaled.jpg?ver=0ed92006629c2c46c8b0fa6650f2fa75 2560w, https:\/\/brtk.net\/wp-content\/uploads\/2023\/08\/16\/aSas-300x138.jpg?ver=0ed92006629c2c46c8b0fa6650f2fa75 300w, https:\/\/brtk.net\/wp-content\/uploads\/2023\/08\/16\/aSas-1024x470.jpg?ver=db678d51751a31ca12945f8948b7c68c 1024w, https:\/\/brtk.net\/wp-content\/uploads\/2023\/08\/16\/aSas-768x353.jpg?ver=ad2357f4630b55957b5391919dd08d01 768w, https:\/\/brtk.net\/wp-content\/uploads\/2023\/08\/16\/aSas-1536x706.jpg?ver=ad2357f4630b55957b5391919dd08d01 1536w, https:\/\/brtk.net\/wp-content\/uploads\/2023\/08\/16\/aSas-2048x941.jpg?ver=ec7dbe1cc0a59b6ecd91a5bf07585e1c 2048w\"\/>                            <\/div>\n<p>\u00c7al\u0131\u015fma ve Sosyal G\u00fcvenlik Bakan\u0131 Sad\u0131k Gardiyano\u011flu, Kuzey K\u0131br\u0131s Turkcell\u2019den bir heyeti kabul etti.<\/p>\n<p>Bakanl\u0131k a\u00e7\u0131klamas\u0131na g\u00f6re, Kuzey K\u0131br\u0131s Turkcell Genel M\u00fcd\u00fcr\u00fc Murat K\u00fc\u00e7\u00fck\u00f6zdemir ziyarette projeleri ve \u00e7al\u0131\u015fmalar\u0131 hakk\u0131nda bilgiler aktararak g\u00f6reve yeni atanan Bakan  Gardiyano\u011flu\u2019na  ba\u015far\u0131lar diledi.<\/p>\n<p>\u00c7al\u0131\u015fma ve Sosyal G\u00fcvenlik Bakan\u0131 Sad\u0131k Gardiyano\u011flu  da, Kuzey K\u0131br\u0131s Turkcell\u2019in projelerini yak\u0131ndan takip etti\u011fini kaydetti  ve Kuzey K\u0131br\u0131s T\u00fcrkcell\u2019in \u00f6zellikle sosyal sorumluluk projelerine  verdi\u011fi deste\u011fin \u00f6nemini vurgulad\u0131. <\/p>\n<p>\u0130ki kurum aras\u0131ndaki i\u015f birli\u011fi birli\u011finin devam\u0131n\u0131 sa\u011flamak ve \u00f6zellikle gen\u00e7lere y\u00f6nelik projeler geli\u015ftirmek i\u00e7in birlikte \u00e7al\u0131\u015fmaya devam edeceklerini kaydeden Gardiyano\u011flu,  Kuzey K\u0131br\u0131s Turkcell ailesine engellilere, \u00e7ocuklara ve  gen\u00e7lere  verdikleri desteklerden dolay\u0131 te\u015fekk\u00fcr etti.<\/p>\n<p>G\u00f6r\u00fc\u015fmenin sonunda Murat K\u00fc\u00e7\u00fck\u00f6zdemir, Bakan Gardiyano\u011flu ad\u0131na dijital sosyal sorumluluk platformu \u201cgonuldenbagliyiz.biz\u201d \u00fczerinden yapt\u0131klar\u0131 ba\u011f\u0131\u015f i\u00e7in bir sertifika takdim etti.<\/p>\n<\/p><\/div>\n<p><script async\n                    defer\n                    crossorigin=\"anonymous\"\n                    src=\"https:\/\/connect.facebook.net\/tr_TR\/sdk.js#xfbml=1&#038;version=v3.3\"\n            ><\/script><\/p>\n","protected":false},"excerpt":{"rendered":"<p>\u00c7al\u0131\u015fma ve Sosyal G\u00fcvenlik Bakan\u0131 Sad\u0131k Gardiyano\u011flu, Kuzey K\u0131br\u0131s Turkcell\u2019den bir heyeti kabul etti. Bakanl\u0131k a\u00e7\u0131klamas\u0131na g\u00f6re, Kuzey K\u0131br\u0131s Turkcell Genel M\u00fcd\u00fcr\u00fc Murat K\u00fc\u00e7\u00fck\u00f6zdemir ziyarette projeleri ve \u00e7al\u0131\u015fmalar\u0131 hakk\u0131nda bilgiler aktararak g\u00f6reve yeni atanan Bakan Gardiyano\u011flu\u2019na ba\u015far\u0131lar diledi. \u00c7al\u0131\u015fma ve Sosyal G\u00fcvenlik Bakan\u0131 Sad\u0131k Gardiyano\u011flu da, Kuzey K\u0131br\u0131s Turkcell\u2019in projelerini yak\u0131ndan takip etti\u011fini kaydetti ve<\/p>\n","protected":false},"author":1,"featured_media":12237,"comment_status":"open","ping_status":"open","sticky":false,"template":"","format":"standard","meta":{"footnotes":""},"categories":[1],"tags":[],"class_list":["post-12236","post","type-post","status-publish","format-standard","has-post-thumbnail","hentry","category-gundem"],"yoast_head":"<!-- This site is optimized with the Yoast SEO plugin v27.4 - https:\/\/yoast.com\/product\/yoast-seo-wordpress\/ -->\n<title>\u00c7al\u0131\u015fma ve Sosyal G\u00fcvenlik Bakan\u0131 Gardiyano\u011flu, Kuzey K\u0131br\u0131s Turkcell heyetini kabul etti -<\/title>\n<meta name=\"robots\" content=\"index, follow, max-snippet:-1, max-image-preview:large, max-video-preview:-1\" \/>\n<link rel=\"canonical\" href=\"https:\/\/kibrisdakik.com\/?p=12236\" \/>\n<meta property=\"og:locale\" content=\"tr_TR\" \/>\n<meta property=\"og:type\" content=\"article\" \/>\n<meta property=\"og:title\" content=\"\u00c7al\u0131\u015fma ve Sosyal G\u00fcvenlik Bakan\u0131 Gardiyano\u011flu, Kuzey K\u0131br\u0131s Turkcell heyetini kabul etti -\" \/>\n<meta property=\"og:description\" content=\"\u00c7al\u0131\u015fma ve Sosyal G\u00fcvenlik Bakan\u0131 Sad\u0131k Gardiyano\u011flu, Kuzey K\u0131br\u0131s Turkcell\u2019den bir heyeti kabul etti. Bakanl\u0131k a\u00e7\u0131klamas\u0131na g\u00f6re, Kuzey K\u0131br\u0131s Turkcell Genel M\u00fcd\u00fcr\u00fc Murat K\u00fc\u00e7\u00fck\u00f6zdemir ziyarette projeleri ve \u00e7al\u0131\u015fmalar\u0131 hakk\u0131nda bilgiler aktararak g\u00f6reve yeni atanan Bakan Gardiyano\u011flu\u2019na ba\u015far\u0131lar diledi. \u00c7al\u0131\u015fma ve Sosyal G\u00fcvenlik Bakan\u0131 Sad\u0131k Gardiyano\u011flu da, Kuzey K\u0131br\u0131s Turkcell\u2019in projelerini yak\u0131ndan takip etti\u011fini kaydetti ve\" \/>\n<meta property=\"og:url\" content=\"https:\/\/kibrisdakik.com\/?p=12236\" \/>\n<meta property=\"article:published_time\" content=\"2023-08-16T09:53:58+00:00\" \/>\n<meta property=\"og:image\" content=\"https:\/\/kibrisdakik.com\/wp-content\/uploads\/2023\/08\/aSas-scaled-740x420.jpg\" \/>\n\t<meta property=\"og:image:width\" content=\"2560\" \/>\n\t<meta property=\"og:image:height\" content=\"1176\" \/>\n\t<meta property=\"og:image:type\" content=\"image\/jpeg\" \/>\n<meta name=\"author\" content=\"admin\" \/>\n<meta name=\"twitter:card\" content=\"summary_large_image\" \/>\n<meta name=\"twitter:label1\" content=\"Yazan:\" \/>\n\t<meta name=\"twitter:data1\" content=\"admin\" \/>\n\t<meta name=\"twitter:label2\" content=\"Tahmini okuma s\u00fcresi\" \/>\n\t<meta name=\"twitter:data2\" content=\"1 dakika\" \/>\n<script type=\"application\/ld+json\" class=\"yoast-schema-graph\">{\"@context\":\"https:\\\/\\\/schema.org\",\"@graph\":[{\"@type\":\"Article\",\"@id\":\"https:\\\/\\\/kibrisdakik.com\\\/?p=12236#article\",\"isPartOf\":{\"@id\":\"https:\\\/\\\/kibrisdakik.com\\\/?p=12236\"},\"author\":{\"name\":\"admin\",\"@id\":\"https:\\\/\\\/kibrisdakik.com\\\/#\\\/schema\\\/person\\\/9cd9d437bbb44f72b73ba127e06d8e79\"},\"headline\":\"\u00c7al\u0131\u015fma ve Sosyal G\u00fcvenlik Bakan\u0131 Gardiyano\u011flu, Kuzey K\u0131br\u0131s Turkcell heyetini kabul etti\",\"datePublished\":\"2023-08-16T09:53:58+00:00\",\"mainEntityOfPage\":{\"@id\":\"https:\\\/\\\/kibrisdakik.com\\\/?p=12236\"},\"wordCount\":201,\"commentCount\":0,\"image\":{\"@id\":\"https:\\\/\\\/kibrisdakik.com\\\/?p=12236#primaryimage\"},\"thumbnailUrl\":\"https:\\\/\\\/kibrisdakik.com\\\/wp-content\\\/uploads\\\/2023\\\/08\\\/aSas-scaled-740x420.jpg\",\"articleSection\":[\"G\u00fcndem\"],\"inLanguage\":\"tr\",\"potentialAction\":[{\"@type\":\"CommentAction\",\"name\":\"Comment\",\"target\":[\"https:\\\/\\\/kibrisdakik.com\\\/?p=12236#respond\"]}]},{\"@type\":\"WebPage\",\"@id\":\"https:\\\/\\\/kibrisdakik.com\\\/?p=12236\",\"url\":\"https:\\\/\\\/kibrisdakik.com\\\/?p=12236\",\"name\":\"\u00c7al\u0131\u015fma ve Sosyal G\u00fcvenlik Bakan\u0131 Gardiyano\u011flu, Kuzey K\u0131br\u0131s Turkcell heyetini kabul etti -\",\"isPartOf\":{\"@id\":\"https:\\\/\\\/kibrisdakik.com\\\/#website\"},\"primaryImageOfPage\":{\"@id\":\"https:\\\/\\\/kibrisdakik.com\\\/?p=12236#primaryimage\"},\"image\":{\"@id\":\"https:\\\/\\\/kibrisdakik.com\\\/?p=12236#primaryimage\"},\"thumbnailUrl\":\"https:\\\/\\\/kibrisdakik.com\\\/wp-content\\\/uploads\\\/2023\\\/08\\\/aSas-scaled-740x420.jpg\",\"datePublished\":\"2023-08-16T09:53:58+00:00\",\"author\":{\"@id\":\"https:\\\/\\\/kibrisdakik.com\\\/#\\\/schema\\\/person\\\/9cd9d437bbb44f72b73ba127e06d8e79\"},\"breadcrumb\":{\"@id\":\"https:\\\/\\\/kibrisdakik.com\\\/?p=12236#breadcrumb\"},\"inLanguage\":\"tr\",\"potentialAction\":[{\"@type\":\"ReadAction\",\"target\":[\"https:\\\/\\\/kibrisdakik.com\\\/?p=12236\"]}]},{\"@type\":\"ImageObject\",\"inLanguage\":\"tr\",\"@id\":\"https:\\\/\\\/kibrisdakik.com\\\/?p=12236#primaryimage\",\"url\":\"https:\\\/\\\/kibrisdakik.com\\\/wp-content\\\/uploads\\\/2023\\\/08\\\/aSas-scaled-740x420.jpg\",\"contentUrl\":\"https:\\\/\\\/kibrisdakik.com\\\/wp-content\\\/uploads\\\/2023\\\/08\\\/aSas-scaled-740x420.jpg\",\"width\":2560,\"height\":1176},{\"@type\":\"BreadcrumbList\",\"@id\":\"https:\\\/\\\/kibrisdakik.com\\\/?p=12236#breadcrumb\",\"itemListElement\":[{\"@type\":\"ListItem\",\"position\":1,\"name\":\"Home\",\"item\":\"https:\\\/\\\/kibrisdakik.com\\\/\"},{\"@type\":\"ListItem\",\"position\":2,\"name\":\"\u00c7al\u0131\u015fma ve Sosyal G\u00fcvenlik Bakan\u0131 Gardiyano\u011flu, Kuzey K\u0131br\u0131s Turkcell heyetini kabul etti\"}]},{\"@type\":\"WebSite\",\"@id\":\"https:\\\/\\\/kibrisdakik.com\\\/#website\",\"url\":\"https:\\\/\\\/kibrisdakik.com\\\/\",\"name\":\"\",\"description\":\"Tam vaktinde haber\",\"potentialAction\":[{\"@type\":\"SearchAction\",\"target\":{\"@type\":\"EntryPoint\",\"urlTemplate\":\"https:\\\/\\\/kibrisdakik.com\\\/?s={search_term_string}\"},\"query-input\":{\"@type\":\"PropertyValueSpecification\",\"valueRequired\":true,\"valueName\":\"search_term_string\"}}],\"inLanguage\":\"tr\"},{\"@type\":\"Person\",\"@id\":\"https:\\\/\\\/kibrisdakik.com\\\/#\\\/schema\\\/person\\\/9cd9d437bbb44f72b73ba127e06d8e79\",\"name\":\"admin\",\"image\":{\"@type\":\"ImageObject\",\"inLanguage\":\"tr\",\"@id\":\"https:\\\/\\\/secure.gravatar.com\\\/avatar\\\/ccc17943b9d660506c869530f897617f7cb1c21a4bf30023f252596d83e1f007?s=96&d=mm&r=g\",\"url\":\"https:\\\/\\\/secure.gravatar.com\\\/avatar\\\/ccc17943b9d660506c869530f897617f7cb1c21a4bf30023f252596d83e1f007?s=96&d=mm&r=g\",\"contentUrl\":\"https:\\\/\\\/secure.gravatar.com\\\/avatar\\\/ccc17943b9d660506c869530f897617f7cb1c21a4bf30023f252596d83e1f007?s=96&d=mm&r=g\",\"caption\":\"admin\"},\"sameAs\":[\"https:\\\/\\\/kibrisdakik.com\"],\"url\":\"https:\\\/\\\/kibrisdakik.com\\\/?author=1\"}]}<\/script>\n<!-- \/ Yoast SEO plugin. -->","yoast_head_json":{"title":"\u00c7al\u0131\u015fma ve Sosyal G\u00fcvenlik Bakan\u0131 Gardiyano\u011flu, Kuzey K\u0131br\u0131s Turkcell heyetini kabul etti -","robots":{"index":"index","follow":"follow","max-snippet":"max-snippet:-1","max-image-preview":"max-image-preview:large","max-video-preview":"max-video-preview:-1"},"canonical":"https:\/\/kibrisdakik.com\/?p=12236","og_locale":"tr_TR","og_type":"article","og_title":"\u00c7al\u0131\u015fma ve Sosyal G\u00fcvenlik Bakan\u0131 Gardiyano\u011flu, Kuzey K\u0131br\u0131s Turkcell heyetini kabul etti -","og_description":"\u00c7al\u0131\u015fma ve Sosyal G\u00fcvenlik Bakan\u0131 Sad\u0131k Gardiyano\u011flu, Kuzey K\u0131br\u0131s Turkcell\u2019den bir heyeti kabul etti. Bakanl\u0131k a\u00e7\u0131klamas\u0131na g\u00f6re, Kuzey K\u0131br\u0131s Turkcell Genel M\u00fcd\u00fcr\u00fc Murat K\u00fc\u00e7\u00fck\u00f6zdemir ziyarette projeleri ve \u00e7al\u0131\u015fmalar\u0131 hakk\u0131nda bilgiler aktararak g\u00f6reve yeni atanan Bakan Gardiyano\u011flu\u2019na ba\u015far\u0131lar diledi. \u00c7al\u0131\u015fma ve Sosyal G\u00fcvenlik Bakan\u0131 Sad\u0131k Gardiyano\u011flu da, Kuzey K\u0131br\u0131s Turkcell\u2019in projelerini yak\u0131ndan takip etti\u011fini kaydetti ve","og_url":"https:\/\/kibrisdakik.com\/?p=12236","article_published_time":"2023-08-16T09:53:58+00:00","og_image":[{"width":2560,"height":1176,"url":"https:\/\/kibrisdakik.com\/wp-content\/uploads\/2023\/08\/aSas-scaled-740x420.jpg","type":"image\/jpeg"}],"author":"admin","twitter_card":"summary_large_image","twitter_misc":{"Yazan:":"admin","Tahmini okuma s\u00fcresi":"1 dakika"},"schema":{"@context":"https:\/\/schema.org","@graph":[{"@type":"Article","@id":"https:\/\/kibrisdakik.com\/?p=12236#article","isPartOf":{"@id":"https:\/\/kibrisdakik.com\/?p=12236"},"author":{"name":"admin","@id":"https:\/\/kibrisdakik.com\/#\/schema\/person\/9cd9d437bbb44f72b73ba127e06d8e79"},"headline":"\u00c7al\u0131\u015fma ve Sosyal G\u00fcvenlik Bakan\u0131 Gardiyano\u011flu, Kuzey K\u0131br\u0131s Turkcell heyetini kabul etti","datePublished":"2023-08-16T09:53:58+00:00","mainEntityOfPage":{"@id":"https:\/\/kibrisdakik.com\/?p=12236"},"wordCount":201,"commentCount":0,"image":{"@id":"https:\/\/kibrisdakik.com\/?p=12236#primaryimage"},"thumbnailUrl":"https:\/\/kibrisdakik.com\/wp-content\/uploads\/2023\/08\/aSas-scaled-740x420.jpg","articleSection":["G\u00fcndem"],"inLanguage":"tr","potentialAction":[{"@type":"CommentAction","name":"Comment","target":["https:\/\/kibrisdakik.com\/?p=12236#respond"]}]},{"@type":"WebPage","@id":"https:\/\/kibrisdakik.com\/?p=12236","url":"https:\/\/kibrisdakik.com\/?p=12236","name":"\u00c7al\u0131\u015fma ve Sosyal G\u00fcvenlik Bakan\u0131 Gardiyano\u011flu, Kuzey K\u0131br\u0131s Turkcell heyetini kabul etti -","isPartOf":{"@id":"https:\/\/kibrisdakik.com\/#website"},"primaryImageOfPage":{"@id":"https:\/\/kibrisdakik.com\/?p=12236#primaryimage"},"image":{"@id":"https:\/\/kibrisdakik.com\/?p=12236#primaryimage"},"thumbnailUrl":"https:\/\/kibrisdakik.com\/wp-content\/uploads\/2023\/08\/aSas-scaled-740x420.jpg","datePublished":"2023-08-16T09:53:58+00:00","author":{"@id":"https:\/\/kibrisdakik.com\/#\/schema\/person\/9cd9d437bbb44f72b73ba127e06d8e79"},"breadcrumb":{"@id":"https:\/\/kibrisdakik.com\/?p=12236#breadcrumb"},"inLanguage":"tr","potentialAction":[{"@type":"ReadAction","target":["https:\/\/kibrisdakik.com\/?p=12236"]}]},{"@type":"ImageObject","inLanguage":"tr","@id":"https:\/\/kibrisdakik.com\/?p=12236#primaryimage","url":"https:\/\/kibrisdakik.com\/wp-content\/uploads\/2023\/08\/aSas-scaled-740x420.jpg","contentUrl":"https:\/\/kibrisdakik.com\/wp-content\/uploads\/2023\/08\/aSas-scaled-740x420.jpg","width":2560,"height":1176},{"@type":"BreadcrumbList","@id":"https:\/\/kibrisdakik.com\/?p=12236#breadcrumb","itemListElement":[{"@type":"ListItem","position":1,"name":"Home","item":"https:\/\/kibrisdakik.com\/"},{"@type":"ListItem","position":2,"name":"\u00c7al\u0131\u015fma ve Sosyal G\u00fcvenlik Bakan\u0131 Gardiyano\u011flu, Kuzey K\u0131br\u0131s Turkcell heyetini kabul etti"}]},{"@type":"WebSite","@id":"https:\/\/kibrisdakik.com\/#website","url":"https:\/\/kibrisdakik.com\/","name":"","description":"Tam vaktinde haber","potentialAction":[{"@type":"SearchAction","target":{"@type":"EntryPoint","urlTemplate":"https:\/\/kibrisdakik.com\/?s={search_term_string}"},"query-input":{"@type":"PropertyValueSpecification","valueRequired":true,"valueName":"search_term_string"}}],"inLanguage":"tr"},{"@type":"Person","@id":"https:\/\/kibrisdakik.com\/#\/schema\/person\/9cd9d437bbb44f72b73ba127e06d8e79","name":"admin","image":{"@type":"ImageObject","inLanguage":"tr","@id":"https:\/\/secure.gravatar.com\/avatar\/ccc17943b9d660506c869530f897617f7cb1c21a4bf30023f252596d83e1f007?s=96&d=mm&r=g","url":"https:\/\/secure.gravatar.com\/avatar\/ccc17943b9d660506c869530f897617f7cb1c21a4bf30023f252596d83e1f007?s=96&d=mm&r=g","contentUrl":"https:\/\/secure.gravatar.com\/avatar\/ccc17943b9d660506c869530f897617f7cb1c21a4bf30023f252596d83e1f007?s=96&d=mm&r=g","caption":"admin"},"sameAs":["https:\/\/kibrisdakik.com"],"url":"https:\/\/kibrisdakik.com\/?author=1"}]}},"_links":{"self":[{"href":"https:\/\/kibrisdakik.com\/index.php?rest_route=\/wp\/v2\/posts\/12236","targetHints":{"allow":["GET"]}}],"collection":[{"href":"https:\/\/kibrisdakik.com\/index.php?rest_route=\/wp\/v2\/posts"}],"about":[{"href":"https:\/\/kibrisdakik.com\/index.php?rest_route=\/wp\/v2\/types\/post"}],"author":[{"embeddable":true,"href":"https:\/\/kibrisdakik.com\/index.php?rest_route=\/wp\/v2\/users\/1"}],"replies":[{"embeddable":true,"href":"https:\/\/kibrisdakik.com\/index.php?rest_route=%2Fwp%2Fv2%2Fcomments&post=12236"}],"version-history":[{"count":0,"href":"https:\/\/kibrisdakik.com\/index.php?rest_route=\/wp\/v2\/posts\/12236\/revisions"}],"wp:featuredmedia":[{"embeddable":true,"href":"https:\/\/kibrisdakik.com\/index.php?rest_route=\/wp\/v2\/media\/12237"}],"wp:attachment":[{"href":"https:\/\/kibrisdakik.com\/index.php?rest_route=%2Fwp%2Fv2%2Fmedia&parent=12236"}],"wp:term":[{"taxonomy":"category","embeddable":true,"href":"https:\/\/kibrisdakik.com\/index.php?rest_route=%2Fwp%2Fv2%2Fcategories&post=12236"},{"taxonomy":"post_tag","embeddable":true,"href":"https:\/\/kibrisdakik.com\/index.php?rest_route=%2Fwp%2Fv2%2Ftags&post=12236"}],"curies":[{"name":"wp","href":"https:\/\/api.w.org\/{rel}","templated":true}]}}