{"id":12264,"date":"2023-08-16T19:17:08","date_gmt":"2023-08-16T19:17:08","guid":{"rendered":"https:\/\/kibrisdakik.com\/index.php\/2023\/08\/16\/tdpden-elestiri\/"},"modified":"2023-08-16T19:17:08","modified_gmt":"2023-08-16T19:17:08","slug":"tdpden-elestiri","status":"publish","type":"post","link":"https:\/\/kibrisdakik.com\/?p=12264","title":{"rendered":"TDP\u2019den ele\u015ftiri"},"content":{"rendered":"<p><\/p>\n<div>\n<div class=\"mariselle-image-container center\">\n                <img width=\"300\" height=\"168\" class=\"lazy-image\" alt=\"\" decoding=\"async\" loading=\"lazy\" src=\"https:\/\/brtk.net\/wp-content\/uploads\/2023\/04\/24\/mine-atli.jpg?ver=7c2fcac76d8d250aff65b53a01476861\"\/>                            <\/div>\n<p>\nToplumcu Demokrasi Partisi Genel Ba\u015fkan\u0131 Mine Atl\u0131, yaz\u0131l\u0131 a\u00e7\u0131klama yapt\u0131.<\/p>\n<p>Atl\u0131 yaz\u0131l\u0131 a\u00e7\u0131klamas\u0131nda, h\u00fck\u00fcmeti, \u201cMeclis\u2019e gitmeye bile tenezz\u00fcl etmeyen, muhalefeti ise zerre kadar \u00f6nemsemeyen\u201d ifadeleriyle su\u00e7lad\u0131.<\/p>\n<p>\u201cMevcut Meclis\u2019in art\u0131k i\u015flevini yitirdi\u011fi\u201d g\u00f6r\u00fc\u015f\u00fcn\u00fc ortaya koyan Atl\u0131 ,  <\/p>\n<p> \u201cMuhalefet ya bunu de\u011fi\u015ftirecek bir eylemlilik d\u00fc\u015f\u00fcnmeli ya da Meclis\u2019in i\u015flevini yitirdi\u011fini kabul etmeli\u201d dedi.<\/p>\n<\/p><\/div>\n<p><script async\n                    defer\n                    crossorigin=\"anonymous\"\n                    src=\"https:\/\/connect.facebook.net\/tr_TR\/sdk.js#xfbml=1&#038;version=v3.3\"\n            ><\/script><\/p>\n","protected":false},"excerpt":{"rendered":"<p>Toplumcu Demokrasi Partisi Genel Ba\u015fkan\u0131 Mine Atl\u0131, yaz\u0131l\u0131 a\u00e7\u0131klama yapt\u0131. Atl\u0131 yaz\u0131l\u0131 a\u00e7\u0131klamas\u0131nda, h\u00fck\u00fcmeti, \u201cMeclis\u2019e gitmeye bile tenezz\u00fcl etmeyen, muhalefeti ise zerre kadar \u00f6nemsemeyen\u201d ifadeleriyle su\u00e7lad\u0131. \u201cMevcut Meclis\u2019in art\u0131k i\u015flevini yitirdi\u011fi\u201d g\u00f6r\u00fc\u015f\u00fcn\u00fc ortaya koyan Atl\u0131 , \u201cMuhalefet ya bunu de\u011fi\u015ftirecek bir eylemlilik d\u00fc\u015f\u00fcnmeli ya da Meclis\u2019in i\u015flevini yitirdi\u011fini kabul etmeli\u201d dedi.<\/p>\n","protected":false},"author":1,"featured_media":12265,"comment_status":"open","ping_status":"open","sticky":false,"template":"","format":"standard","meta":{"footnotes":""},"categories":[1],"tags":[],"class_list":["post-12264","post","type-post","status-publish","format-standard","has-post-thumbnail","hentry","category-gundem"],"yoast_head":"<!-- This site is optimized with the Yoast SEO plugin v27.5 - https:\/\/yoast.com\/product\/yoast-seo-wordpress\/ -->\n<title>TDP\u2019den ele\u015ftiri -<\/title>\n<meta name=\"robots\" content=\"index, follow, max-snippet:-1, max-image-preview:large, max-video-preview:-1\" \/>\n<link rel=\"canonical\" href=\"https:\/\/kibrisdakik.com\/?p=12264\" \/>\n<meta property=\"og:locale\" content=\"tr_TR\" \/>\n<meta property=\"og:type\" content=\"article\" \/>\n<meta property=\"og:title\" content=\"TDP\u2019den ele\u015ftiri -\" \/>\n<meta property=\"og:description\" content=\"Toplumcu Demokrasi Partisi Genel Ba\u015fkan\u0131 Mine Atl\u0131, yaz\u0131l\u0131 a\u00e7\u0131klama yapt\u0131. Atl\u0131 yaz\u0131l\u0131 a\u00e7\u0131klamas\u0131nda, h\u00fck\u00fcmeti, \u201cMeclis\u2019e gitmeye bile tenezz\u00fcl etmeyen, muhalefeti ise zerre kadar \u00f6nemsemeyen\u201d ifadeleriyle su\u00e7lad\u0131. \u201cMevcut Meclis\u2019in art\u0131k i\u015flevini yitirdi\u011fi\u201d g\u00f6r\u00fc\u015f\u00fcn\u00fc ortaya koyan Atl\u0131 , \u201cMuhalefet ya bunu de\u011fi\u015ftirecek bir eylemlilik d\u00fc\u015f\u00fcnmeli ya da Meclis\u2019in i\u015flevini yitirdi\u011fini kabul etmeli\u201d dedi.\" \/>\n<meta property=\"og:url\" content=\"https:\/\/kibrisdakik.com\/?p=12264\" \/>\n<meta property=\"article:published_time\" content=\"2023-08-16T19:17:08+00:00\" \/>\n<meta property=\"og:image\" content=\"https:\/\/kibrisdakik.com\/wp-content\/uploads\/2023\/08\/mine-atli.jpg\" \/>\n\t<meta property=\"og:image:width\" content=\"300\" \/>\n\t<meta property=\"og:image:height\" content=\"168\" \/>\n\t<meta property=\"og:image:type\" content=\"image\/jpeg\" \/>\n<meta name=\"author\" content=\"admin\" \/>\n<meta name=\"twitter:card\" content=\"summary_large_image\" \/>\n<meta name=\"twitter:label1\" content=\"Yazan:\" \/>\n\t<meta name=\"twitter:data1\" content=\"admin\" \/>\n<script type=\"application\/ld+json\" class=\"yoast-schema-graph\">{\"@context\":\"https:\\\/\\\/schema.org\",\"@graph\":[{\"@type\":\"Article\",\"@id\":\"https:\\\/\\\/kibrisdakik.com\\\/?p=12264#article\",\"isPartOf\":{\"@id\":\"https:\\\/\\\/kibrisdakik.com\\\/?p=12264\"},\"author\":{\"name\":\"admin\",\"@id\":\"https:\\\/\\\/kibrisdakik.com\\\/#\\\/schema\\\/person\\\/9cd9d437bbb44f72b73ba127e06d8e79\"},\"headline\":\"TDP\u2019den ele\u015ftiri\",\"datePublished\":\"2023-08-16T19:17:08+00:00\",\"mainEntityOfPage\":{\"@id\":\"https:\\\/\\\/kibrisdakik.com\\\/?p=12264\"},\"wordCount\":77,\"commentCount\":0,\"image\":{\"@id\":\"https:\\\/\\\/kibrisdakik.com\\\/?p=12264#primaryimage\"},\"thumbnailUrl\":\"https:\\\/\\\/kibrisdakik.com\\\/wp-content\\\/uploads\\\/2023\\\/08\\\/mine-atli.jpg\",\"articleSection\":[\"G\u00fcndem\"],\"inLanguage\":\"tr\",\"potentialAction\":[{\"@type\":\"CommentAction\",\"name\":\"Comment\",\"target\":[\"https:\\\/\\\/kibrisdakik.com\\\/?p=12264#respond\"]}]},{\"@type\":\"WebPage\",\"@id\":\"https:\\\/\\\/kibrisdakik.com\\\/?p=12264\",\"url\":\"https:\\\/\\\/kibrisdakik.com\\\/?p=12264\",\"name\":\"TDP\u2019den ele\u015ftiri -\",\"isPartOf\":{\"@id\":\"https:\\\/\\\/kibrisdakik.com\\\/#website\"},\"primaryImageOfPage\":{\"@id\":\"https:\\\/\\\/kibrisdakik.com\\\/?p=12264#primaryimage\"},\"image\":{\"@id\":\"https:\\\/\\\/kibrisdakik.com\\\/?p=12264#primaryimage\"},\"thumbnailUrl\":\"https:\\\/\\\/kibrisdakik.com\\\/wp-content\\\/uploads\\\/2023\\\/08\\\/mine-atli.jpg\",\"datePublished\":\"2023-08-16T19:17:08+00:00\",\"author\":{\"@id\":\"https:\\\/\\\/kibrisdakik.com\\\/#\\\/schema\\\/person\\\/9cd9d437bbb44f72b73ba127e06d8e79\"},\"breadcrumb\":{\"@id\":\"https:\\\/\\\/kibrisdakik.com\\\/?p=12264#breadcrumb\"},\"inLanguage\":\"tr\",\"potentialAction\":[{\"@type\":\"ReadAction\",\"target\":[\"https:\\\/\\\/kibrisdakik.com\\\/?p=12264\"]}]},{\"@type\":\"ImageObject\",\"inLanguage\":\"tr\",\"@id\":\"https:\\\/\\\/kibrisdakik.com\\\/?p=12264#primaryimage\",\"url\":\"https:\\\/\\\/kibrisdakik.com\\\/wp-content\\\/uploads\\\/2023\\\/08\\\/mine-atli.jpg\",\"contentUrl\":\"https:\\\/\\\/kibrisdakik.com\\\/wp-content\\\/uploads\\\/2023\\\/08\\\/mine-atli.jpg\",\"width\":300,\"height\":168},{\"@type\":\"BreadcrumbList\",\"@id\":\"https:\\\/\\\/kibrisdakik.com\\\/?p=12264#breadcrumb\",\"itemListElement\":[{\"@type\":\"ListItem\",\"position\":1,\"name\":\"Home\",\"item\":\"https:\\\/\\\/kibrisdakik.com\\\/\"},{\"@type\":\"ListItem\",\"position\":2,\"name\":\"TDP\u2019den ele\u015ftiri\"}]},{\"@type\":\"WebSite\",\"@id\":\"https:\\\/\\\/kibrisdakik.com\\\/#website\",\"url\":\"https:\\\/\\\/kibrisdakik.com\\\/\",\"name\":\"\",\"description\":\"Tam vaktinde haber\",\"potentialAction\":[{\"@type\":\"SearchAction\",\"target\":{\"@type\":\"EntryPoint\",\"urlTemplate\":\"https:\\\/\\\/kibrisdakik.com\\\/?s={search_term_string}\"},\"query-input\":{\"@type\":\"PropertyValueSpecification\",\"valueRequired\":true,\"valueName\":\"search_term_string\"}}],\"inLanguage\":\"tr\"},{\"@type\":\"Person\",\"@id\":\"https:\\\/\\\/kibrisdakik.com\\\/#\\\/schema\\\/person\\\/9cd9d437bbb44f72b73ba127e06d8e79\",\"name\":\"admin\",\"image\":{\"@type\":\"ImageObject\",\"inLanguage\":\"tr\",\"@id\":\"https:\\\/\\\/secure.gravatar.com\\\/avatar\\\/ccc17943b9d660506c869530f897617f7cb1c21a4bf30023f252596d83e1f007?s=96&d=mm&r=g\",\"url\":\"https:\\\/\\\/secure.gravatar.com\\\/avatar\\\/ccc17943b9d660506c869530f897617f7cb1c21a4bf30023f252596d83e1f007?s=96&d=mm&r=g\",\"contentUrl\":\"https:\\\/\\\/secure.gravatar.com\\\/avatar\\\/ccc17943b9d660506c869530f897617f7cb1c21a4bf30023f252596d83e1f007?s=96&d=mm&r=g\",\"caption\":\"admin\"},\"sameAs\":[\"https:\\\/\\\/kibrisdakik.com\"],\"url\":\"https:\\\/\\\/kibrisdakik.com\\\/?author=1\"}]}<\/script>\n<!-- \/ Yoast SEO plugin. -->","yoast_head_json":{"title":"TDP\u2019den ele\u015ftiri -","robots":{"index":"index","follow":"follow","max-snippet":"max-snippet:-1","max-image-preview":"max-image-preview:large","max-video-preview":"max-video-preview:-1"},"canonical":"https:\/\/kibrisdakik.com\/?p=12264","og_locale":"tr_TR","og_type":"article","og_title":"TDP\u2019den ele\u015ftiri -","og_description":"Toplumcu Demokrasi Partisi Genel Ba\u015fkan\u0131 Mine Atl\u0131, yaz\u0131l\u0131 a\u00e7\u0131klama yapt\u0131. Atl\u0131 yaz\u0131l\u0131 a\u00e7\u0131klamas\u0131nda, h\u00fck\u00fcmeti, \u201cMeclis\u2019e gitmeye bile tenezz\u00fcl etmeyen, muhalefeti ise zerre kadar \u00f6nemsemeyen\u201d ifadeleriyle su\u00e7lad\u0131. \u201cMevcut Meclis\u2019in art\u0131k i\u015flevini yitirdi\u011fi\u201d g\u00f6r\u00fc\u015f\u00fcn\u00fc ortaya koyan Atl\u0131 , \u201cMuhalefet ya bunu de\u011fi\u015ftirecek bir eylemlilik d\u00fc\u015f\u00fcnmeli ya da Meclis\u2019in i\u015flevini yitirdi\u011fini kabul etmeli\u201d dedi.","og_url":"https:\/\/kibrisdakik.com\/?p=12264","article_published_time":"2023-08-16T19:17:08+00:00","og_image":[{"width":300,"height":168,"url":"https:\/\/kibrisdakik.com\/wp-content\/uploads\/2023\/08\/mine-atli.jpg","type":"image\/jpeg"}],"author":"admin","twitter_card":"summary_large_image","twitter_misc":{"Yazan:":"admin"},"schema":{"@context":"https:\/\/schema.org","@graph":[{"@type":"Article","@id":"https:\/\/kibrisdakik.com\/?p=12264#article","isPartOf":{"@id":"https:\/\/kibrisdakik.com\/?p=12264"},"author":{"name":"admin","@id":"https:\/\/kibrisdakik.com\/#\/schema\/person\/9cd9d437bbb44f72b73ba127e06d8e79"},"headline":"TDP\u2019den ele\u015ftiri","datePublished":"2023-08-16T19:17:08+00:00","mainEntityOfPage":{"@id":"https:\/\/kibrisdakik.com\/?p=12264"},"wordCount":77,"commentCount":0,"image":{"@id":"https:\/\/kibrisdakik.com\/?p=12264#primaryimage"},"thumbnailUrl":"https:\/\/kibrisdakik.com\/wp-content\/uploads\/2023\/08\/mine-atli.jpg","articleSection":["G\u00fcndem"],"inLanguage":"tr","potentialAction":[{"@type":"CommentAction","name":"Comment","target":["https:\/\/kibrisdakik.com\/?p=12264#respond"]}]},{"@type":"WebPage","@id":"https:\/\/kibrisdakik.com\/?p=12264","url":"https:\/\/kibrisdakik.com\/?p=12264","name":"TDP\u2019den ele\u015ftiri -","isPartOf":{"@id":"https:\/\/kibrisdakik.com\/#website"},"primaryImageOfPage":{"@id":"https:\/\/kibrisdakik.com\/?p=12264#primaryimage"},"image":{"@id":"https:\/\/kibrisdakik.com\/?p=12264#primaryimage"},"thumbnailUrl":"https:\/\/kibrisdakik.com\/wp-content\/uploads\/2023\/08\/mine-atli.jpg","datePublished":"2023-08-16T19:17:08+00:00","author":{"@id":"https:\/\/kibrisdakik.com\/#\/schema\/person\/9cd9d437bbb44f72b73ba127e06d8e79"},"breadcrumb":{"@id":"https:\/\/kibrisdakik.com\/?p=12264#breadcrumb"},"inLanguage":"tr","potentialAction":[{"@type":"ReadAction","target":["https:\/\/kibrisdakik.com\/?p=12264"]}]},{"@type":"ImageObject","inLanguage":"tr","@id":"https:\/\/kibrisdakik.com\/?p=12264#primaryimage","url":"https:\/\/kibrisdakik.com\/wp-content\/uploads\/2023\/08\/mine-atli.jpg","contentUrl":"https:\/\/kibrisdakik.com\/wp-content\/uploads\/2023\/08\/mine-atli.jpg","width":300,"height":168},{"@type":"BreadcrumbList","@id":"https:\/\/kibrisdakik.com\/?p=12264#breadcrumb","itemListElement":[{"@type":"ListItem","position":1,"name":"Home","item":"https:\/\/kibrisdakik.com\/"},{"@type":"ListItem","position":2,"name":"TDP\u2019den ele\u015ftiri"}]},{"@type":"WebSite","@id":"https:\/\/kibrisdakik.com\/#website","url":"https:\/\/kibrisdakik.com\/","name":"","description":"Tam vaktinde haber","potentialAction":[{"@type":"SearchAction","target":{"@type":"EntryPoint","urlTemplate":"https:\/\/kibrisdakik.com\/?s={search_term_string}"},"query-input":{"@type":"PropertyValueSpecification","valueRequired":true,"valueName":"search_term_string"}}],"inLanguage":"tr"},{"@type":"Person","@id":"https:\/\/kibrisdakik.com\/#\/schema\/person\/9cd9d437bbb44f72b73ba127e06d8e79","name":"admin","image":{"@type":"ImageObject","inLanguage":"tr","@id":"https:\/\/secure.gravatar.com\/avatar\/ccc17943b9d660506c869530f897617f7cb1c21a4bf30023f252596d83e1f007?s=96&d=mm&r=g","url":"https:\/\/secure.gravatar.com\/avatar\/ccc17943b9d660506c869530f897617f7cb1c21a4bf30023f252596d83e1f007?s=96&d=mm&r=g","contentUrl":"https:\/\/secure.gravatar.com\/avatar\/ccc17943b9d660506c869530f897617f7cb1c21a4bf30023f252596d83e1f007?s=96&d=mm&r=g","caption":"admin"},"sameAs":["https:\/\/kibrisdakik.com"],"url":"https:\/\/kibrisdakik.com\/?author=1"}]}},"_links":{"self":[{"href":"https:\/\/kibrisdakik.com\/index.php?rest_route=\/wp\/v2\/posts\/12264","targetHints":{"allow":["GET"]}}],"collection":[{"href":"https:\/\/kibrisdakik.com\/index.php?rest_route=\/wp\/v2\/posts"}],"about":[{"href":"https:\/\/kibrisdakik.com\/index.php?rest_route=\/wp\/v2\/types\/post"}],"author":[{"embeddable":true,"href":"https:\/\/kibrisdakik.com\/index.php?rest_route=\/wp\/v2\/users\/1"}],"replies":[{"embeddable":true,"href":"https:\/\/kibrisdakik.com\/index.php?rest_route=%2Fwp%2Fv2%2Fcomments&post=12264"}],"version-history":[{"count":0,"href":"https:\/\/kibrisdakik.com\/index.php?rest_route=\/wp\/v2\/posts\/12264\/revisions"}],"wp:featuredmedia":[{"embeddable":true,"href":"https:\/\/kibrisdakik.com\/index.php?rest_route=\/wp\/v2\/media\/12265"}],"wp:attachment":[{"href":"https:\/\/kibrisdakik.com\/index.php?rest_route=%2Fwp%2Fv2%2Fmedia&parent=12264"}],"wp:term":[{"taxonomy":"category","embeddable":true,"href":"https:\/\/kibrisdakik.com\/index.php?rest_route=%2Fwp%2Fv2%2Fcategories&post=12264"},{"taxonomy":"post_tag","embeddable":true,"href":"https:\/\/kibrisdakik.com\/index.php?rest_route=%2Fwp%2Fv2%2Ftags&post=12264"}],"curies":[{"name":"wp","href":"https:\/\/api.w.org\/{rel}","templated":true}]}}