{"id":12268,"date":"2023-08-16T20:18:11","date_gmt":"2023-08-16T20:18:11","guid":{"rendered":"https:\/\/kibrisdakik.com\/index.php\/2023\/08\/16\/erhurman-ulkedeki-kontrolsuz-nufus-artisi-halki-piyasada-yoklastirdi\/"},"modified":"2023-08-16T20:18:11","modified_gmt":"2023-08-16T20:18:11","slug":"erhurman-ulkedeki-kontrolsuz-nufus-artisi-halki-piyasada-yoklastirdi","status":"publish","type":"post","link":"https:\/\/kibrisdakik.com\/?p=12268","title":{"rendered":"Erh\u00fcrman: \u00dclkedeki kontrols\u00fcz n\u00fcfus art\u0131\u015f\u0131 halk\u0131 piyasada yokla\u015ft\u0131rd\u0131"},"content":{"rendered":"<p><\/p>\n<div>\n<div class=\"mariselle-image-container center\">\n                <img width=\"1654\" height=\"746\" class=\"lazy-image\" alt=\"\" decoding=\"async\" loading=\"lazy\" sizes=\"auto, (max-width: 1654px) 100vw, 1654px\" src=\"https:\/\/brtk.net\/wp-content\/uploads\/2023\/08\/16\/ctp-basin-aciklamasi-1-ero-3-.jpg?ver=55600e445d4d251518e22ddbe387177d\" srcset=\"https:\/\/brtk.net\/wp-content\/uploads\/2023\/08\/16\/ctp-basin-aciklamasi-1-ero-3-.jpg?ver=55600e445d4d251518e22ddbe387177d 1654w, https:\/\/brtk.net\/wp-content\/uploads\/2023\/08\/16\/ctp-basin-aciklamasi-1-ero-3--300x135.jpg?ver=08f809eb14c4ba3c4774fe7e7175d601 300w, https:\/\/brtk.net\/wp-content\/uploads\/2023\/08\/16\/ctp-basin-aciklamasi-1-ero-3--1024x462.jpg?ver=08f809eb14c4ba3c4774fe7e7175d601 1024w, https:\/\/brtk.net\/wp-content\/uploads\/2023\/08\/16\/ctp-basin-aciklamasi-1-ero-3--768x346.jpg?ver=08f809eb14c4ba3c4774fe7e7175d601 768w, https:\/\/brtk.net\/wp-content\/uploads\/2023\/08\/16\/ctp-basin-aciklamasi-1-ero-3--1536x693.jpg?ver=08f809eb14c4ba3c4774fe7e7175d601 1536w\"\/>                            <\/div>\n<p>Ola\u011fan\u00fcst\u00fc toplant\u0131 \u00e7a\u011fr\u0131s\u0131 yap\u0131lan Cumhuriyet Meclisi Genel Kurulu\u2019nun<br \/>toplanamamas\u0131 \u00fczerine anamuhalefet Cumhuriyet\u00e7i T\u00fcrk Partisi bas\u0131n a\u00e7\u0131klamas\u0131 yapt\u0131.<br \/><a href=\"https:\/\/brtk.net\/\"\/><a href=\"https:\/\/brtk.net\/\"\/><a href=\"https:\/\/brtk.net\/\">CTP<\/a> Genel Ba\u015fkan\u0131 Tufan Erh\u00fcrman, <a href=\"https:\/\/brtk.net\/\"\/><a href=\"https:\/\/brtk.net\/\"\/><a href=\"https:\/\/brtk.net\/\">CTP<\/a> olarak iki ba\u011f\u0131ms\u0131z vekilin imzas\u0131yla ola\u011fan\u00fcst\u00fc toplant\u0131 i\u00e7in dilek\u00e7e verdiklerini, iktidar\u0131n kat\u0131lmamas\u0131 nedeniyle nisab\u0131n sa\u011flanamad\u0131\u011f\u0131n\u0131 ve toplant\u0131n\u0131n yap\u0131lamad\u0131\u011f\u0131n\u0131 belirtti.<br \/>Meclisi bu ol\u011fan\u00fcst\u00fc toplant\u0131 ger\u00e7ekle\u015fene kadar toplanmaya \u00e7a\u011f\u0131racaklar\u0131n\u0131 ifade eden Erh\u00fcrman, 24 A\u011fustos Per\u015fembe g\u00fcn\u00fc toplant\u0131n\u0131n ger\u00e7ekle\u015fmesi i\u00e7in yeniden dilek\u00e7e verdiklerini kaydetti.<br \/>Bas\u0131n toplant\u0131s\u0131nda ekonomik s\u0131k\u0131nt\u0131lara de\u011finen Tufan Erh\u00fcrman, al\u0131m g\u00fcc\u00fcn\u00fcn yerlerde oldu\u011funu ve bunu her kesimin hissetti\u011fini s\u00f6yledi.<br \/>Erh\u00fcrman, K\u0131br\u0131s T\u00fcrk halk\u0131n\u0131n art\u0131k ev, araba alamaz duruma geldi\u011fini; ev kiras\u0131n\u0131 bile \u00f6deyemedi\u011fini hatta marketten g\u00fcnl\u00fck ihtiya\u00e7lar\u0131n\u0131 dahi kar\u015f\u0131layamaz duruma geldi\u011fini belirterek, h\u00fck\u00fcmeti bu konulara kay\u0131ts\u0131z kalmakla ele\u015ftirdi.<br \/>Fiyatlar\u0131n artmaya devam etti\u011fine i\u015faret eden <a href=\"https:\/\/brtk.net\/\"\/><a href=\"https:\/\/brtk.net\/\"\/><a href=\"https:\/\/brtk.net\/\">CTP<\/a> Genel Ba\u015fkan\u0131, bunun sebebinin \u00fclkedeki yabanc\u0131lar oldu\u011funu s\u00f6yledi.<br \/>Erh\u00fcrman, \u201c\u00fclkedeki kontrols\u00fcz n\u00fcfus art\u0131\u015f\u0131 halk\u0131 piyasada yokla\u015ft\u0131rd\u0131. Yani biz sadece yoksulla\u015fm\u0131yoruz bir de yokla\u015fma ya\u015f\u0131yoruz. Biz asl\u0131nda yok h\u00fckm\u00fcndeyiz\u201d dedi.<br \/>Erh\u00fcrman, <a href=\"https:\/\/brtk.net\/\"\/><a href=\"https:\/\/brtk.net\/\"\/><a href=\"https:\/\/brtk.net\/\">CTP<\/a>\u2019nin yabanc\u0131lara y\u00f6nelik m\u00fclk s\u0131n\u0131r\u0131 i\u00e7in yasa \u00e7al\u0131\u015fmas\u0131 haz\u0131rl\u0131\u011f\u0131nda oldu\u011funu s\u00f6yledi.<br \/>\u00dclkede bir n\u00fcfus politikas\u0131 olmamas\u0131n\u0131 ele\u015ftiren Tufan Erh\u00fcrman, bunun m\u00fclkiyette, e\u011fitimde, sa\u011fl\u0131kta, hapishanede, trafikte, altyap\u0131da ve \u00e7evre sorunlar\u0131nda g\u00fcn y\u00fcz\u00fcne \u00e7\u0131kt\u0131\u011f\u0131n\u0131 belirtti.<br \/>Ercan Havaliman\u0131\u2019ndaki ek s\u00f6zle\u015fmeyle ilgili de ele\u015ftirilerde bulunan Erh\u00fcrman, ilgili \u015firkete m\u00fccbir sebeple 59 milyon <a href=\"https:\/\/brtk.net\/\">Euro<\/a> \u00f6deme \u00f6ng\u00f6ren ek s\u00f6zle\u015fmeyi bir hafta 10 g\u00fcn i\u00e7inde yarg\u0131ya ta\u015f\u0131yacaklar\u0131n\u0131 s\u00f6yledi.<\/p>\n<div class=\"mariselle-image-container center\">\n                <img width=\"1465\" height=\"500\" class=\"lazy-image\" alt=\"\" decoding=\"async\" loading=\"lazy\" sizes=\"auto, (max-width: 1465px) 100vw, 1465px\" src=\"https:\/\/brtk.net\/wp-content\/uploads\/2023\/08\/16\/ASLDKJLQA.jpg?ver=e7b523ed3650898c9668946dbff6f8e0\" srcset=\"https:\/\/brtk.net\/wp-content\/uploads\/2023\/08\/16\/ASLDKJLQA.jpg?ver=e7b523ed3650898c9668946dbff6f8e0 1465w, https:\/\/brtk.net\/wp-content\/uploads\/2023\/08\/16\/ASLDKJLQA-300x102.jpg?ver=e7b523ed3650898c9668946dbff6f8e0 300w, https:\/\/brtk.net\/wp-content\/uploads\/2023\/08\/16\/ASLDKJLQA-1024x349.jpg?ver=e7b523ed3650898c9668946dbff6f8e0 1024w, https:\/\/brtk.net\/wp-content\/uploads\/2023\/08\/16\/ASLDKJLQA-768x262.jpg?ver=3e8c7f9eec041c4f09312c2ecb7acd28 768w\"\/>                            <\/div>\n<p>\tTufan Erh\u00fcrman, s\u00f6zkonusu ek s\u00f6zle\u015fmede ilgili \u015firketin Ercan\u2019\u0131 i\u015fletme s\u00fcresinin 2051\u2019de, h\u00fck\u00fcmetinse 2042\u2019de tamamlanaca\u011f\u0131 konusunda uzla\u015fmazl\u0131k ya\u015fad\u0131\u011f\u0131 ve bu uzla\u015fmazl\u0131\u011f\u0131n da <a href=\"https:\/\/brtk.net\/\">KKTC<\/a> mahkemelerinde de\u011fil, T\u00fcrkiye Devlet Hava Meydanlar\u0131 \u0130\u015fletmelerinin\u2019nin kuraca\u011f\u0131 tahkim b\u00fcnyesindeki hakem heyeti taraf\u0131ndan \u00e7\u00f6z\u00fcmlenece\u011finin belirtilmesini ele\u015ftirdi.<br \/>Erh\u00fcrman, \u201cYani yarg\u0131 da by-pass edilmeye \u00e7al\u0131\u015f\u0131l\u0131yor. Bunu kabul etmek m\u00fcmk\u00fcn de\u011fil. Kald\u0131 ki tahkim bizim anayasam\u0131zda yer almamaktad\u0131r\u201d dedi.<br \/>Ya\u015fananlar kar\u015f\u0131s\u0131nda, Meclisi ol\u011fan\u00fcst\u00fc toplant\u0131ya \u00e7a\u011f\u0131rmaya devam edeceklerini ifade eden Erh\u00fcrman, \u201cbiz sadece meclisi ola\u011fan\u00fcst\u00fc toplant\u0131ya \u00e7a\u011f\u0131rmakla kalmayaca\u011f\u0131z. Meclis m\u00fccadele ara\u00e7lar\u0131ndan sadece biridir. Bundan sonra yeni bir eylem s\u00fcrecine girilecek. T\u00fcm kesimlerden sivil toplum \u00f6rg\u00fctleriyle ortak yol belirleyece\u011fiz. Bu eylemlilik s\u00fcrecini payda\u015flar\u0131m\u0131zla yapaca\u011f\u0131z.\u201d ifadelerini kulland\u0131.<\/p>\n<\/p><\/div>\n<p><script async\n                    defer\n                    crossorigin=\"anonymous\"\n                    src=\"https:\/\/connect.facebook.net\/tr_TR\/sdk.js#xfbml=1&#038;version=v3.3\"\n            ><\/script><\/p>\n","protected":false},"excerpt":{"rendered":"<p>Ola\u011fan\u00fcst\u00fc toplant\u0131 \u00e7a\u011fr\u0131s\u0131 yap\u0131lan Cumhuriyet Meclisi Genel Kurulu\u2019nuntoplanamamas\u0131 \u00fczerine anamuhalefet Cumhuriyet\u00e7i T\u00fcrk Partisi bas\u0131n a\u00e7\u0131klamas\u0131 yapt\u0131.CTP Genel Ba\u015fkan\u0131 Tufan Erh\u00fcrman, CTP olarak iki ba\u011f\u0131ms\u0131z vekilin imzas\u0131yla ola\u011fan\u00fcst\u00fc toplant\u0131 i\u00e7in dilek\u00e7e verdiklerini, iktidar\u0131n kat\u0131lmamas\u0131 nedeniyle nisab\u0131n sa\u011flanamad\u0131\u011f\u0131n\u0131 ve toplant\u0131n\u0131n yap\u0131lamad\u0131\u011f\u0131n\u0131 belirtti.Meclisi bu ol\u011fan\u00fcst\u00fc toplant\u0131 ger\u00e7ekle\u015fene kadar toplanmaya \u00e7a\u011f\u0131racaklar\u0131n\u0131 ifade eden Erh\u00fcrman, 24 A\u011fustos Per\u015fembe g\u00fcn\u00fc toplant\u0131n\u0131n<\/p>\n","protected":false},"author":1,"featured_media":12269,"comment_status":"open","ping_status":"open","sticky":false,"template":"","format":"standard","meta":{"footnotes":""},"categories":[1],"tags":[],"class_list":["post-12268","post","type-post","status-publish","format-standard","has-post-thumbnail","hentry","category-gundem"],"yoast_head":"<!-- This site is optimized with the Yoast SEO plugin v27.5 - https:\/\/yoast.com\/product\/yoast-seo-wordpress\/ -->\n<title>Erh\u00fcrman: \u00dclkedeki kontrols\u00fcz n\u00fcfus art\u0131\u015f\u0131 halk\u0131 piyasada yokla\u015ft\u0131rd\u0131 -<\/title>\n<meta name=\"robots\" content=\"index, follow, max-snippet:-1, max-image-preview:large, max-video-preview:-1\" \/>\n<link rel=\"canonical\" href=\"https:\/\/kibrisdakik.com\/?p=12268\" \/>\n<meta property=\"og:locale\" content=\"tr_TR\" \/>\n<meta property=\"og:type\" content=\"article\" \/>\n<meta property=\"og:title\" content=\"Erh\u00fcrman: \u00dclkedeki kontrols\u00fcz n\u00fcfus art\u0131\u015f\u0131 halk\u0131 piyasada yokla\u015ft\u0131rd\u0131 -\" \/>\n<meta property=\"og:description\" content=\"Ola\u011fan\u00fcst\u00fc toplant\u0131 \u00e7a\u011fr\u0131s\u0131 yap\u0131lan Cumhuriyet Meclisi Genel Kurulu\u2019nuntoplanamamas\u0131 \u00fczerine anamuhalefet Cumhuriyet\u00e7i T\u00fcrk Partisi bas\u0131n a\u00e7\u0131klamas\u0131 yapt\u0131.CTP Genel Ba\u015fkan\u0131 Tufan Erh\u00fcrman, CTP olarak iki ba\u011f\u0131ms\u0131z vekilin imzas\u0131yla ola\u011fan\u00fcst\u00fc toplant\u0131 i\u00e7in dilek\u00e7e verdiklerini, iktidar\u0131n kat\u0131lmamas\u0131 nedeniyle nisab\u0131n sa\u011flanamad\u0131\u011f\u0131n\u0131 ve toplant\u0131n\u0131n yap\u0131lamad\u0131\u011f\u0131n\u0131 belirtti.Meclisi bu ol\u011fan\u00fcst\u00fc toplant\u0131 ger\u00e7ekle\u015fene kadar toplanmaya \u00e7a\u011f\u0131racaklar\u0131n\u0131 ifade eden Erh\u00fcrman, 24 A\u011fustos Per\u015fembe g\u00fcn\u00fc toplant\u0131n\u0131n\" \/>\n<meta property=\"og:url\" content=\"https:\/\/kibrisdakik.com\/?p=12268\" \/>\n<meta property=\"article:published_time\" content=\"2023-08-16T20:18:11+00:00\" \/>\n<meta property=\"og:image\" content=\"https:\/\/kibrisdakik.com\/wp-content\/uploads\/2023\/08\/ctp-basin-aciklamasi-1-ero-3--740x420.jpg\" \/>\n\t<meta property=\"og:image:width\" content=\"1654\" \/>\n\t<meta property=\"og:image:height\" content=\"746\" \/>\n\t<meta property=\"og:image:type\" content=\"image\/jpeg\" \/>\n<meta name=\"author\" content=\"admin\" \/>\n<meta name=\"twitter:card\" content=\"summary_large_image\" \/>\n<meta name=\"twitter:label1\" content=\"Yazan:\" \/>\n\t<meta name=\"twitter:data1\" content=\"admin\" \/>\n\t<meta name=\"twitter:label2\" content=\"Tahmini okuma s\u00fcresi\" \/>\n\t<meta name=\"twitter:data2\" content=\"3 dakika\" \/>\n<script type=\"application\/ld+json\" class=\"yoast-schema-graph\">{\"@context\":\"https:\\\/\\\/schema.org\",\"@graph\":[{\"@type\":\"Article\",\"@id\":\"https:\\\/\\\/kibrisdakik.com\\\/?p=12268#article\",\"isPartOf\":{\"@id\":\"https:\\\/\\\/kibrisdakik.com\\\/?p=12268\"},\"author\":{\"name\":\"admin\",\"@id\":\"https:\\\/\\\/kibrisdakik.com\\\/#\\\/schema\\\/person\\\/9cd9d437bbb44f72b73ba127e06d8e79\"},\"headline\":\"Erh\u00fcrman: \u00dclkedeki kontrols\u00fcz n\u00fcfus art\u0131\u015f\u0131 halk\u0131 piyasada yokla\u015ft\u0131rd\u0131\",\"datePublished\":\"2023-08-16T20:18:11+00:00\",\"mainEntityOfPage\":{\"@id\":\"https:\\\/\\\/kibrisdakik.com\\\/?p=12268\"},\"wordCount\":515,\"commentCount\":0,\"image\":{\"@id\":\"https:\\\/\\\/kibrisdakik.com\\\/?p=12268#primaryimage\"},\"thumbnailUrl\":\"https:\\\/\\\/kibrisdakik.com\\\/wp-content\\\/uploads\\\/2023\\\/08\\\/ctp-basin-aciklamasi-1-ero-3--740x420.jpg\",\"articleSection\":[\"G\u00fcndem\"],\"inLanguage\":\"tr\",\"potentialAction\":[{\"@type\":\"CommentAction\",\"name\":\"Comment\",\"target\":[\"https:\\\/\\\/kibrisdakik.com\\\/?p=12268#respond\"]}]},{\"@type\":\"WebPage\",\"@id\":\"https:\\\/\\\/kibrisdakik.com\\\/?p=12268\",\"url\":\"https:\\\/\\\/kibrisdakik.com\\\/?p=12268\",\"name\":\"Erh\u00fcrman: \u00dclkedeki kontrols\u00fcz n\u00fcfus art\u0131\u015f\u0131 halk\u0131 piyasada yokla\u015ft\u0131rd\u0131 -\",\"isPartOf\":{\"@id\":\"https:\\\/\\\/kibrisdakik.com\\\/#website\"},\"primaryImageOfPage\":{\"@id\":\"https:\\\/\\\/kibrisdakik.com\\\/?p=12268#primaryimage\"},\"image\":{\"@id\":\"https:\\\/\\\/kibrisdakik.com\\\/?p=12268#primaryimage\"},\"thumbnailUrl\":\"https:\\\/\\\/kibrisdakik.com\\\/wp-content\\\/uploads\\\/2023\\\/08\\\/ctp-basin-aciklamasi-1-ero-3--740x420.jpg\",\"datePublished\":\"2023-08-16T20:18:11+00:00\",\"author\":{\"@id\":\"https:\\\/\\\/kibrisdakik.com\\\/#\\\/schema\\\/person\\\/9cd9d437bbb44f72b73ba127e06d8e79\"},\"breadcrumb\":{\"@id\":\"https:\\\/\\\/kibrisdakik.com\\\/?p=12268#breadcrumb\"},\"inLanguage\":\"tr\",\"potentialAction\":[{\"@type\":\"ReadAction\",\"target\":[\"https:\\\/\\\/kibrisdakik.com\\\/?p=12268\"]}]},{\"@type\":\"ImageObject\",\"inLanguage\":\"tr\",\"@id\":\"https:\\\/\\\/kibrisdakik.com\\\/?p=12268#primaryimage\",\"url\":\"https:\\\/\\\/kibrisdakik.com\\\/wp-content\\\/uploads\\\/2023\\\/08\\\/ctp-basin-aciklamasi-1-ero-3--740x420.jpg\",\"contentUrl\":\"https:\\\/\\\/kibrisdakik.com\\\/wp-content\\\/uploads\\\/2023\\\/08\\\/ctp-basin-aciklamasi-1-ero-3--740x420.jpg\",\"width\":1654,\"height\":746},{\"@type\":\"BreadcrumbList\",\"@id\":\"https:\\\/\\\/kibrisdakik.com\\\/?p=12268#breadcrumb\",\"itemListElement\":[{\"@type\":\"ListItem\",\"position\":1,\"name\":\"Home\",\"item\":\"https:\\\/\\\/kibrisdakik.com\\\/\"},{\"@type\":\"ListItem\",\"position\":2,\"name\":\"Erh\u00fcrman: \u00dclkedeki kontrols\u00fcz n\u00fcfus art\u0131\u015f\u0131 halk\u0131 piyasada yokla\u015ft\u0131rd\u0131\"}]},{\"@type\":\"WebSite\",\"@id\":\"https:\\\/\\\/kibrisdakik.com\\\/#website\",\"url\":\"https:\\\/\\\/kibrisdakik.com\\\/\",\"name\":\"\",\"description\":\"Tam vaktinde haber\",\"potentialAction\":[{\"@type\":\"SearchAction\",\"target\":{\"@type\":\"EntryPoint\",\"urlTemplate\":\"https:\\\/\\\/kibrisdakik.com\\\/?s={search_term_string}\"},\"query-input\":{\"@type\":\"PropertyValueSpecification\",\"valueRequired\":true,\"valueName\":\"search_term_string\"}}],\"inLanguage\":\"tr\"},{\"@type\":\"Person\",\"@id\":\"https:\\\/\\\/kibrisdakik.com\\\/#\\\/schema\\\/person\\\/9cd9d437bbb44f72b73ba127e06d8e79\",\"name\":\"admin\",\"image\":{\"@type\":\"ImageObject\",\"inLanguage\":\"tr\",\"@id\":\"https:\\\/\\\/secure.gravatar.com\\\/avatar\\\/ccc17943b9d660506c869530f897617f7cb1c21a4bf30023f252596d83e1f007?s=96&d=mm&r=g\",\"url\":\"https:\\\/\\\/secure.gravatar.com\\\/avatar\\\/ccc17943b9d660506c869530f897617f7cb1c21a4bf30023f252596d83e1f007?s=96&d=mm&r=g\",\"contentUrl\":\"https:\\\/\\\/secure.gravatar.com\\\/avatar\\\/ccc17943b9d660506c869530f897617f7cb1c21a4bf30023f252596d83e1f007?s=96&d=mm&r=g\",\"caption\":\"admin\"},\"sameAs\":[\"https:\\\/\\\/kibrisdakik.com\"],\"url\":\"https:\\\/\\\/kibrisdakik.com\\\/?author=1\"}]}<\/script>\n<!-- \/ Yoast SEO plugin. -->","yoast_head_json":{"title":"Erh\u00fcrman: \u00dclkedeki kontrols\u00fcz n\u00fcfus art\u0131\u015f\u0131 halk\u0131 piyasada yokla\u015ft\u0131rd\u0131 -","robots":{"index":"index","follow":"follow","max-snippet":"max-snippet:-1","max-image-preview":"max-image-preview:large","max-video-preview":"max-video-preview:-1"},"canonical":"https:\/\/kibrisdakik.com\/?p=12268","og_locale":"tr_TR","og_type":"article","og_title":"Erh\u00fcrman: \u00dclkedeki kontrols\u00fcz n\u00fcfus art\u0131\u015f\u0131 halk\u0131 piyasada yokla\u015ft\u0131rd\u0131 -","og_description":"Ola\u011fan\u00fcst\u00fc toplant\u0131 \u00e7a\u011fr\u0131s\u0131 yap\u0131lan Cumhuriyet Meclisi Genel Kurulu\u2019nuntoplanamamas\u0131 \u00fczerine anamuhalefet Cumhuriyet\u00e7i T\u00fcrk Partisi bas\u0131n a\u00e7\u0131klamas\u0131 yapt\u0131.CTP Genel Ba\u015fkan\u0131 Tufan Erh\u00fcrman, CTP olarak iki ba\u011f\u0131ms\u0131z vekilin imzas\u0131yla ola\u011fan\u00fcst\u00fc toplant\u0131 i\u00e7in dilek\u00e7e verdiklerini, iktidar\u0131n kat\u0131lmamas\u0131 nedeniyle nisab\u0131n sa\u011flanamad\u0131\u011f\u0131n\u0131 ve toplant\u0131n\u0131n yap\u0131lamad\u0131\u011f\u0131n\u0131 belirtti.Meclisi bu ol\u011fan\u00fcst\u00fc toplant\u0131 ger\u00e7ekle\u015fene kadar toplanmaya \u00e7a\u011f\u0131racaklar\u0131n\u0131 ifade eden Erh\u00fcrman, 24 A\u011fustos Per\u015fembe g\u00fcn\u00fc toplant\u0131n\u0131n","og_url":"https:\/\/kibrisdakik.com\/?p=12268","article_published_time":"2023-08-16T20:18:11+00:00","og_image":[{"width":1654,"height":746,"url":"https:\/\/kibrisdakik.com\/wp-content\/uploads\/2023\/08\/ctp-basin-aciklamasi-1-ero-3--740x420.jpg","type":"image\/jpeg"}],"author":"admin","twitter_card":"summary_large_image","twitter_misc":{"Yazan:":"admin","Tahmini okuma s\u00fcresi":"3 dakika"},"schema":{"@context":"https:\/\/schema.org","@graph":[{"@type":"Article","@id":"https:\/\/kibrisdakik.com\/?p=12268#article","isPartOf":{"@id":"https:\/\/kibrisdakik.com\/?p=12268"},"author":{"name":"admin","@id":"https:\/\/kibrisdakik.com\/#\/schema\/person\/9cd9d437bbb44f72b73ba127e06d8e79"},"headline":"Erh\u00fcrman: \u00dclkedeki kontrols\u00fcz n\u00fcfus art\u0131\u015f\u0131 halk\u0131 piyasada yokla\u015ft\u0131rd\u0131","datePublished":"2023-08-16T20:18:11+00:00","mainEntityOfPage":{"@id":"https:\/\/kibrisdakik.com\/?p=12268"},"wordCount":515,"commentCount":0,"image":{"@id":"https:\/\/kibrisdakik.com\/?p=12268#primaryimage"},"thumbnailUrl":"https:\/\/kibrisdakik.com\/wp-content\/uploads\/2023\/08\/ctp-basin-aciklamasi-1-ero-3--740x420.jpg","articleSection":["G\u00fcndem"],"inLanguage":"tr","potentialAction":[{"@type":"CommentAction","name":"Comment","target":["https:\/\/kibrisdakik.com\/?p=12268#respond"]}]},{"@type":"WebPage","@id":"https:\/\/kibrisdakik.com\/?p=12268","url":"https:\/\/kibrisdakik.com\/?p=12268","name":"Erh\u00fcrman: \u00dclkedeki kontrols\u00fcz n\u00fcfus art\u0131\u015f\u0131 halk\u0131 piyasada yokla\u015ft\u0131rd\u0131 -","isPartOf":{"@id":"https:\/\/kibrisdakik.com\/#website"},"primaryImageOfPage":{"@id":"https:\/\/kibrisdakik.com\/?p=12268#primaryimage"},"image":{"@id":"https:\/\/kibrisdakik.com\/?p=12268#primaryimage"},"thumbnailUrl":"https:\/\/kibrisdakik.com\/wp-content\/uploads\/2023\/08\/ctp-basin-aciklamasi-1-ero-3--740x420.jpg","datePublished":"2023-08-16T20:18:11+00:00","author":{"@id":"https:\/\/kibrisdakik.com\/#\/schema\/person\/9cd9d437bbb44f72b73ba127e06d8e79"},"breadcrumb":{"@id":"https:\/\/kibrisdakik.com\/?p=12268#breadcrumb"},"inLanguage":"tr","potentialAction":[{"@type":"ReadAction","target":["https:\/\/kibrisdakik.com\/?p=12268"]}]},{"@type":"ImageObject","inLanguage":"tr","@id":"https:\/\/kibrisdakik.com\/?p=12268#primaryimage","url":"https:\/\/kibrisdakik.com\/wp-content\/uploads\/2023\/08\/ctp-basin-aciklamasi-1-ero-3--740x420.jpg","contentUrl":"https:\/\/kibrisdakik.com\/wp-content\/uploads\/2023\/08\/ctp-basin-aciklamasi-1-ero-3--740x420.jpg","width":1654,"height":746},{"@type":"BreadcrumbList","@id":"https:\/\/kibrisdakik.com\/?p=12268#breadcrumb","itemListElement":[{"@type":"ListItem","position":1,"name":"Home","item":"https:\/\/kibrisdakik.com\/"},{"@type":"ListItem","position":2,"name":"Erh\u00fcrman: \u00dclkedeki kontrols\u00fcz n\u00fcfus art\u0131\u015f\u0131 halk\u0131 piyasada yokla\u015ft\u0131rd\u0131"}]},{"@type":"WebSite","@id":"https:\/\/kibrisdakik.com\/#website","url":"https:\/\/kibrisdakik.com\/","name":"","description":"Tam vaktinde haber","potentialAction":[{"@type":"SearchAction","target":{"@type":"EntryPoint","urlTemplate":"https:\/\/kibrisdakik.com\/?s={search_term_string}"},"query-input":{"@type":"PropertyValueSpecification","valueRequired":true,"valueName":"search_term_string"}}],"inLanguage":"tr"},{"@type":"Person","@id":"https:\/\/kibrisdakik.com\/#\/schema\/person\/9cd9d437bbb44f72b73ba127e06d8e79","name":"admin","image":{"@type":"ImageObject","inLanguage":"tr","@id":"https:\/\/secure.gravatar.com\/avatar\/ccc17943b9d660506c869530f897617f7cb1c21a4bf30023f252596d83e1f007?s=96&d=mm&r=g","url":"https:\/\/secure.gravatar.com\/avatar\/ccc17943b9d660506c869530f897617f7cb1c21a4bf30023f252596d83e1f007?s=96&d=mm&r=g","contentUrl":"https:\/\/secure.gravatar.com\/avatar\/ccc17943b9d660506c869530f897617f7cb1c21a4bf30023f252596d83e1f007?s=96&d=mm&r=g","caption":"admin"},"sameAs":["https:\/\/kibrisdakik.com"],"url":"https:\/\/kibrisdakik.com\/?author=1"}]}},"_links":{"self":[{"href":"https:\/\/kibrisdakik.com\/index.php?rest_route=\/wp\/v2\/posts\/12268","targetHints":{"allow":["GET"]}}],"collection":[{"href":"https:\/\/kibrisdakik.com\/index.php?rest_route=\/wp\/v2\/posts"}],"about":[{"href":"https:\/\/kibrisdakik.com\/index.php?rest_route=\/wp\/v2\/types\/post"}],"author":[{"embeddable":true,"href":"https:\/\/kibrisdakik.com\/index.php?rest_route=\/wp\/v2\/users\/1"}],"replies":[{"embeddable":true,"href":"https:\/\/kibrisdakik.com\/index.php?rest_route=%2Fwp%2Fv2%2Fcomments&post=12268"}],"version-history":[{"count":0,"href":"https:\/\/kibrisdakik.com\/index.php?rest_route=\/wp\/v2\/posts\/12268\/revisions"}],"wp:featuredmedia":[{"embeddable":true,"href":"https:\/\/kibrisdakik.com\/index.php?rest_route=\/wp\/v2\/media\/12269"}],"wp:attachment":[{"href":"https:\/\/kibrisdakik.com\/index.php?rest_route=%2Fwp%2Fv2%2Fmedia&parent=12268"}],"wp:term":[{"taxonomy":"category","embeddable":true,"href":"https:\/\/kibrisdakik.com\/index.php?rest_route=%2Fwp%2Fv2%2Fcategories&post=12268"},{"taxonomy":"post_tag","embeddable":true,"href":"https:\/\/kibrisdakik.com\/index.php?rest_route=%2Fwp%2Fv2%2Ftags&post=12268"}],"curies":[{"name":"wp","href":"https:\/\/api.w.org\/{rel}","templated":true}]}}