{"id":12292,"date":"2023-08-17T10:36:05","date_gmt":"2023-08-17T10:36:05","guid":{"rendered":"https:\/\/kibrisdakik.com\/index.php\/2023\/08\/17\/kibris-turk-girisimci-is-kadinlari-dernegi-yeni-ercan-havalimanini-gezi\/"},"modified":"2023-08-17T10:36:05","modified_gmt":"2023-08-17T10:36:05","slug":"kibris-turk-girisimci-is-kadinlari-dernegi-yeni-ercan-havalimanini-gezi","status":"publish","type":"post","link":"https:\/\/kibrisdakik.com\/?p=12292","title":{"rendered":"K\u0131br\u0131s T\u00fcrk Giri\u015fimci \u0130\u015f Kad\u0131nlar\u0131 Derne\u011fi yeni Ercan Havaliman\u0131\u2019n\u0131 gezi"},"content":{"rendered":"<p><\/p>\n<div>\n<div class=\"mariselle-image-container center\">\n                <img width=\"2560\" height=\"1439\" class=\"lazy-image\" alt=\"\" decoding=\"async\" loading=\"lazy\" sizes=\"auto, (max-width: 2560px) 100vw, 2560px\" src=\"https:\/\/brtk.net\/wp-content\/uploads\/2023\/08\/17\/InShot_20230817_131825672-scaled.jpg?ver=bb7ec12d75bee18768ace1db0efb393e\" srcset=\"https:\/\/brtk.net\/wp-content\/uploads\/2023\/08\/17\/InShot_20230817_131825672-scaled.jpg?ver=bb7ec12d75bee18768ace1db0efb393e 2560w, https:\/\/brtk.net\/wp-content\/uploads\/2023\/08\/17\/InShot_20230817_131825672-300x169.jpg?ver=bb7ec12d75bee18768ace1db0efb393e 300w, https:\/\/brtk.net\/wp-content\/uploads\/2023\/08\/17\/InShot_20230817_131825672-1024x576.jpg?ver=290c80314e40cade1d693bdc2bc28430 1024w, https:\/\/brtk.net\/wp-content\/uploads\/2023\/08\/17\/InShot_20230817_131825672-768x432.jpg?ver=a8d5b4af943b0592307bffbec6fb1c0c 768w, https:\/\/brtk.net\/wp-content\/uploads\/2023\/08\/17\/InShot_20230817_131825672-1536x863.jpg?ver=a8d5b4af943b0592307bffbec6fb1c0c 1536w, https:\/\/brtk.net\/wp-content\/uploads\/2023\/08\/17\/InShot_20230817_131825672-2048x1151.jpg?ver=5511e4e3aad4a21eec002e9264441d3b 2048w\"\/>                            <\/div>\n<p>   K\u0131br\u0131s T\u00fcrk Giri\u015fimci \u0130\u015f Kad\u0131nlar\u0131 Derne\u011fi (G\u0130KAD) ve Giri\u015fimci Kad\u0131nlar Kalk\u0131nd\u0131rma Kooperatifi (G\u0130-KA KOOP) Ba\u015fkan\u0131 \u0130\u00e7im \u00c7a\u011f\u0131ner Kavuklu, y\u00f6netim kurulu ve kurucu \u00fcyeler ile birlikte Ercan Havaliman\u0131\u2019n\u0131 ziyaret etti.<\/p>\n<div class=\"mariselle-image-container center\">\n                <img width=\"800\" height=\"600\" class=\"lazy-image\" alt=\"\" decoding=\"async\" loading=\"lazy\" sizes=\"auto, (max-width: 800px) 100vw, 800px\" src=\"https:\/\/brtk.net\/wp-content\/uploads\/2023\/08\/17\/GIKAD-ERCAN-HAVALIMANI-1.jpg?ver=0c999d16eb71645841492d0d8d609f2f\" srcset=\"https:\/\/brtk.net\/wp-content\/uploads\/2023\/08\/17\/GIKAD-ERCAN-HAVALIMANI-1.jpg?ver=0c999d16eb71645841492d0d8d609f2f 800w, https:\/\/brtk.net\/wp-content\/uploads\/2023\/08\/17\/GIKAD-ERCAN-HAVALIMANI-1-300x225.jpg?ver=0c999d16eb71645841492d0d8d609f2f 300w, https:\/\/brtk.net\/wp-content\/uploads\/2023\/08\/17\/GIKAD-ERCAN-HAVALIMANI-1-768x576.jpg?ver=0c999d16eb71645841492d0d8d609f2f 768w\"\/>                            <\/div>\n<p> G\u0130KAD ve G\u0130-KA KOOP Ba\u015fkan\u0131 \u0130\u00e7im \u00c7a\u011f\u0131ner Kavuklu ile grubu, Ercan Havaliman\u0131\u2019n\u0131n hava taraf\u0131nda yer alan Giri\u015fimci Kad\u0131nlar Kalk\u0131nd\u0131rma Kooperatifi\u2019nin \u00fcretti\u011fi \u00fcr\u00fcnlerin sat\u0131\u015f\u0131n\u0131n yap\u0131ld\u0131\u011f\u0131 \u201cOld Bazaar\u201d, K\u0131br\u0131s T\u00fcrk Giri\u015fimci Kad\u0131nlar Derne\u011fi (G\u0130KAD) kurucu \u00fcyelerinden olan Sema \u00d6zdemir Akbel\u2019in \u201cS\u0131f\u0131r at\u0131k ileri d\u00f6n\u00fc\u015f\u00fcm\u201d sergisi ile Kaner Duty Free b\u00f6l\u00fcm\u00fcn\u00fc gezdi.<\/p>\n<p> \u0130\u00e7im \u00c7a\u011f\u0131ner Kavuklu, \u00fcr\u00fcnlerin nas\u0131l geli\u015ftirilip, art\u0131r\u0131lmas\u0131 sunumdaki de\u011fi\u015fikliklerin yap\u0131l\u0131p yap\u0131lmayaca\u011f\u0131n\u0131 da yerinde g\u00f6rmek i\u00e7in Ercan Havaliman\u0131\u2019na ziyaret ger\u00e7ekle\u015ftirdiklerini kaydetti.<\/p>\n<div class=\"mariselle-image-container center\">\n                <img width=\"2560\" height=\"1707\" class=\"lazy-image\" alt=\"\" decoding=\"async\" loading=\"lazy\" sizes=\"auto, (max-width: 2560px) 100vw, 2560px\" src=\"https:\/\/brtk.net\/wp-content\/uploads\/2023\/08\/17\/GIKAD-ERCAN-HAVALIMANI-5-scaled.jpg?ver=676577a84cc3c681e1969c145d495429\" srcset=\"https:\/\/brtk.net\/wp-content\/uploads\/2023\/08\/17\/GIKAD-ERCAN-HAVALIMANI-5-scaled.jpg?ver=676577a84cc3c681e1969c145d495429 2560w, https:\/\/brtk.net\/wp-content\/uploads\/2023\/08\/17\/GIKAD-ERCAN-HAVALIMANI-5-300x200.jpg?ver=66ce9f1507f7927fd0c76ff99518d6f1 300w, https:\/\/brtk.net\/wp-content\/uploads\/2023\/08\/17\/GIKAD-ERCAN-HAVALIMANI-5-1024x683.jpg?ver=66ce9f1507f7927fd0c76ff99518d6f1 1024w, https:\/\/brtk.net\/wp-content\/uploads\/2023\/08\/17\/GIKAD-ERCAN-HAVALIMANI-5-768x512.jpg?ver=6788b5f057fbe9674d115de9768e4180 768w, https:\/\/brtk.net\/wp-content\/uploads\/2023\/08\/17\/GIKAD-ERCAN-HAVALIMANI-5-1536x1024.jpg?ver=6788b5f057fbe9674d115de9768e4180 1536w, https:\/\/brtk.net\/wp-content\/uploads\/2023\/08\/17\/GIKAD-ERCAN-HAVALIMANI-5-2048x1365.jpg?ver=940b51ea050a3ca0c22a2052e38c9034 2048w\"\/>                            <\/div>\n<p> Ercan Havaliman\u0131\u2019nda kooperatifin \u00fcr\u00fcnlerinin sat\u0131\u015f\u0131n\u0131n yap\u0131lmas\u0131n\u0131n \u00f6nemine dikkat \u00e7eken \u0130\u00e7im \u00c7a\u011f\u0131ner Kavuklu, \u201c\u00d6zellikle \u00fclkemizdeki k\u0131rsal kesimde \u00fcreten kad\u0131lar\u0131n pazara ula\u015fmas\u0131 ve K\u0131br\u0131s\u2019\u0131n k\u00fclt\u00fcrel \u00fcr\u00fcnlerinin tan\u0131t\u0131lmas\u0131 a\u00e7\u0131s\u0131ndan Ercan Havaliman\u0131\u2019nda yer almas\u0131 bize yeni bir kap\u0131 a\u00e7m\u0131\u015ft\u0131r. Bu y\u00fczden \u00e7ok mutluyuz\u201d dedi.<\/p>\n<div class=\"mariselle-image-container center\">\n                <img width=\"1707\" height=\"2560\" class=\"lazy-image\" alt=\"\" decoding=\"async\" loading=\"lazy\" sizes=\"auto, (max-width: 1707px) 100vw, 1707px\" src=\"https:\/\/brtk.net\/wp-content\/uploads\/2023\/08\/17\/GIKAD-ERCAN-HAVALIMANI-2-scaled.jpg?ver=759f54d11ee27732e203ddce011b01f1\" srcset=\"https:\/\/brtk.net\/wp-content\/uploads\/2023\/08\/17\/GIKAD-ERCAN-HAVALIMANI-2-scaled.jpg?ver=759f54d11ee27732e203ddce011b01f1 1707w, https:\/\/brtk.net\/wp-content\/uploads\/2023\/08\/17\/GIKAD-ERCAN-HAVALIMANI-2-200x300.jpg?ver=e3585e2b9391e863031161daf06117ad 200w, https:\/\/brtk.net\/wp-content\/uploads\/2023\/08\/17\/GIKAD-ERCAN-HAVALIMANI-2-683x1024.jpg?ver=e3585e2b9391e863031161daf06117ad 683w, https:\/\/brtk.net\/wp-content\/uploads\/2023\/08\/17\/GIKAD-ERCAN-HAVALIMANI-2-768x1152.jpg?ver=909d9752b6c01474142f6cf5919bb00e 768w, https:\/\/brtk.net\/wp-content\/uploads\/2023\/08\/17\/GIKAD-ERCAN-HAVALIMANI-2-1024x1536.jpg?ver=909d9752b6c01474142f6cf5919bb00e 1024w, https:\/\/brtk.net\/wp-content\/uploads\/2023\/08\/17\/GIKAD-ERCAN-HAVALIMANI-2-1365x2048.jpg?ver=711c05d014fb3e542821350d266181c2 1365w\"\/>                            <\/div>\n<p><strong>Ercan\u2019\u0131n a\u00e7\u0131lmas\u0131yla Larnaka Havaliman\u0131\u2019n\u0131n alternatif olmaktan \u00e7\u0131kmas\u0131 gerekir<\/strong><\/p>\n<p>    \u201c\u00dclkemizde yap\u0131lan b\u00f6ylesine b\u00fcy\u00fck bir yat\u0131r\u0131m olan Ercan Havaliman\u0131\u2019n\u0131 be\u011fenmemek m\u00fcmk\u00fcn de\u011fil\u201d diyen \u0130\u00e7im \u00c7a\u011f\u0131ner Kavuklu, hedeflerinin direk u\u00e7u\u015flar\u0131n a\u00e7\u0131lmas\u0131 ile birlikte on binlerce yolcuyu Ercan Havaliman\u0131\u2019nda g\u00f6rebilmek oldu\u011funu s\u00f6yledi.<\/p>\n<p> \u0130\u00e7im \u00c7a\u011f\u0131ner Kavuklu, yurt d\u0131\u015f\u0131ndan hava ula\u015f\u0131m\u0131 ile adam\u0131za gelen yolcular\u0131n Ercan Havaliman\u0131\u2019nda gelip gitmesi arzusunda olduklar\u0131n\u0131 dile getirerek, \u00f6zellikle otelciler ve turizm i\u00e7in Larnaka Havaliman\u0131\u2019n\u0131n bir alternatif olmaktan \u00e7\u0131kmas\u0131 gerekti\u011fini belirtti. \u0130\u00e7im \u00c7a\u011f\u0131ner Kavuklu T\u00fcrkiye\u2019den \u00fclkemize u\u00e7ak seferlerinin de artmas\u0131yla birlikte Ercan Havaliman\u0131\u2019n\u0131n canlanmas\u0131 gerekti\u011fini ifade etti.<\/p>\n<\/p><\/div>\n<p><script async\n                    defer\n                    crossorigin=\"anonymous\"\n                    src=\"https:\/\/connect.facebook.net\/tr_TR\/sdk.js#xfbml=1&#038;version=v3.3\"\n            ><\/script><\/p>\n","protected":false},"excerpt":{"rendered":"<p>K\u0131br\u0131s T\u00fcrk Giri\u015fimci \u0130\u015f Kad\u0131nlar\u0131 Derne\u011fi (G\u0130KAD) ve Giri\u015fimci Kad\u0131nlar Kalk\u0131nd\u0131rma Kooperatifi (G\u0130-KA KOOP) Ba\u015fkan\u0131 \u0130\u00e7im \u00c7a\u011f\u0131ner Kavuklu, y\u00f6netim kurulu ve kurucu \u00fcyeler ile birlikte Ercan Havaliman\u0131\u2019n\u0131 ziyaret etti. G\u0130KAD ve G\u0130-KA KOOP Ba\u015fkan\u0131 \u0130\u00e7im \u00c7a\u011f\u0131ner Kavuklu ile grubu, Ercan Havaliman\u0131\u2019n\u0131n hava taraf\u0131nda yer alan Giri\u015fimci Kad\u0131nlar Kalk\u0131nd\u0131rma Kooperatifi\u2019nin \u00fcretti\u011fi \u00fcr\u00fcnlerin sat\u0131\u015f\u0131n\u0131n yap\u0131ld\u0131\u011f\u0131 \u201cOld Bazaar\u201d,<\/p>\n","protected":false},"author":1,"featured_media":12293,"comment_status":"open","ping_status":"open","sticky":false,"template":"","format":"standard","meta":{"footnotes":""},"categories":[1],"tags":[],"class_list":["post-12292","post","type-post","status-publish","format-standard","has-post-thumbnail","hentry","category-gundem"],"yoast_head":"<!-- This site is optimized with the Yoast SEO plugin v27.5 - https:\/\/yoast.com\/product\/yoast-seo-wordpress\/ -->\n<title>K\u0131br\u0131s T\u00fcrk Giri\u015fimci \u0130\u015f Kad\u0131nlar\u0131 Derne\u011fi yeni Ercan Havaliman\u0131\u2019n\u0131 gezi -<\/title>\n<meta name=\"robots\" content=\"index, follow, max-snippet:-1, max-image-preview:large, max-video-preview:-1\" \/>\n<link rel=\"canonical\" href=\"https:\/\/kibrisdakik.com\/?p=12292\" \/>\n<meta property=\"og:locale\" content=\"tr_TR\" \/>\n<meta property=\"og:type\" content=\"article\" \/>\n<meta property=\"og:title\" content=\"K\u0131br\u0131s T\u00fcrk Giri\u015fimci \u0130\u015f Kad\u0131nlar\u0131 Derne\u011fi yeni Ercan Havaliman\u0131\u2019n\u0131 gezi -\" \/>\n<meta property=\"og:description\" content=\"K\u0131br\u0131s T\u00fcrk Giri\u015fimci \u0130\u015f Kad\u0131nlar\u0131 Derne\u011fi (G\u0130KAD) ve Giri\u015fimci Kad\u0131nlar Kalk\u0131nd\u0131rma Kooperatifi (G\u0130-KA KOOP) Ba\u015fkan\u0131 \u0130\u00e7im \u00c7a\u011f\u0131ner Kavuklu, y\u00f6netim kurulu ve kurucu \u00fcyeler ile birlikte Ercan Havaliman\u0131\u2019n\u0131 ziyaret etti. G\u0130KAD ve G\u0130-KA KOOP Ba\u015fkan\u0131 \u0130\u00e7im \u00c7a\u011f\u0131ner Kavuklu ile grubu, Ercan Havaliman\u0131\u2019n\u0131n hava taraf\u0131nda yer alan Giri\u015fimci Kad\u0131nlar Kalk\u0131nd\u0131rma Kooperatifi\u2019nin \u00fcretti\u011fi \u00fcr\u00fcnlerin sat\u0131\u015f\u0131n\u0131n yap\u0131ld\u0131\u011f\u0131 \u201cOld Bazaar\u201d,\" \/>\n<meta property=\"og:url\" content=\"https:\/\/kibrisdakik.com\/?p=12292\" \/>\n<meta property=\"article:published_time\" content=\"2023-08-17T10:36:05+00:00\" \/>\n<meta property=\"og:image\" content=\"https:\/\/kibrisdakik.com\/wp-content\/uploads\/2023\/08\/InShot_20230817_131825672-scaled-740x420.jpg\" \/>\n\t<meta property=\"og:image:width\" content=\"2560\" \/>\n\t<meta property=\"og:image:height\" content=\"1439\" \/>\n\t<meta property=\"og:image:type\" content=\"image\/jpeg\" \/>\n<meta name=\"author\" content=\"admin\" \/>\n<meta name=\"twitter:card\" content=\"summary_large_image\" \/>\n<meta name=\"twitter:label1\" content=\"Yazan:\" \/>\n\t<meta name=\"twitter:data1\" content=\"admin\" \/>\n\t<meta name=\"twitter:label2\" content=\"Tahmini okuma s\u00fcresi\" \/>\n\t<meta name=\"twitter:data2\" content=\"2 dakika\" \/>\n<script type=\"application\/ld+json\" class=\"yoast-schema-graph\">{\"@context\":\"https:\\\/\\\/schema.org\",\"@graph\":[{\"@type\":\"Article\",\"@id\":\"https:\\\/\\\/kibrisdakik.com\\\/?p=12292#article\",\"isPartOf\":{\"@id\":\"https:\\\/\\\/kibrisdakik.com\\\/?p=12292\"},\"author\":{\"name\":\"admin\",\"@id\":\"https:\\\/\\\/kibrisdakik.com\\\/#\\\/schema\\\/person\\\/9cd9d437bbb44f72b73ba127e06d8e79\"},\"headline\":\"K\u0131br\u0131s T\u00fcrk Giri\u015fimci \u0130\u015f Kad\u0131nlar\u0131 Derne\u011fi yeni Ercan Havaliman\u0131\u2019n\u0131 gezi\",\"datePublished\":\"2023-08-17T10:36:05+00:00\",\"mainEntityOfPage\":{\"@id\":\"https:\\\/\\\/kibrisdakik.com\\\/?p=12292\"},\"wordCount\":376,\"commentCount\":0,\"image\":{\"@id\":\"https:\\\/\\\/kibrisdakik.com\\\/?p=12292#primaryimage\"},\"thumbnailUrl\":\"https:\\\/\\\/kibrisdakik.com\\\/wp-content\\\/uploads\\\/2023\\\/08\\\/InShot_20230817_131825672-scaled-740x420.jpg\",\"articleSection\":[\"G\u00fcndem\"],\"inLanguage\":\"tr\",\"potentialAction\":[{\"@type\":\"CommentAction\",\"name\":\"Comment\",\"target\":[\"https:\\\/\\\/kibrisdakik.com\\\/?p=12292#respond\"]}]},{\"@type\":\"WebPage\",\"@id\":\"https:\\\/\\\/kibrisdakik.com\\\/?p=12292\",\"url\":\"https:\\\/\\\/kibrisdakik.com\\\/?p=12292\",\"name\":\"K\u0131br\u0131s T\u00fcrk Giri\u015fimci \u0130\u015f Kad\u0131nlar\u0131 Derne\u011fi yeni Ercan Havaliman\u0131\u2019n\u0131 gezi -\",\"isPartOf\":{\"@id\":\"https:\\\/\\\/kibrisdakik.com\\\/#website\"},\"primaryImageOfPage\":{\"@id\":\"https:\\\/\\\/kibrisdakik.com\\\/?p=12292#primaryimage\"},\"image\":{\"@id\":\"https:\\\/\\\/kibrisdakik.com\\\/?p=12292#primaryimage\"},\"thumbnailUrl\":\"https:\\\/\\\/kibrisdakik.com\\\/wp-content\\\/uploads\\\/2023\\\/08\\\/InShot_20230817_131825672-scaled-740x420.jpg\",\"datePublished\":\"2023-08-17T10:36:05+00:00\",\"author\":{\"@id\":\"https:\\\/\\\/kibrisdakik.com\\\/#\\\/schema\\\/person\\\/9cd9d437bbb44f72b73ba127e06d8e79\"},\"breadcrumb\":{\"@id\":\"https:\\\/\\\/kibrisdakik.com\\\/?p=12292#breadcrumb\"},\"inLanguage\":\"tr\",\"potentialAction\":[{\"@type\":\"ReadAction\",\"target\":[\"https:\\\/\\\/kibrisdakik.com\\\/?p=12292\"]}]},{\"@type\":\"ImageObject\",\"inLanguage\":\"tr\",\"@id\":\"https:\\\/\\\/kibrisdakik.com\\\/?p=12292#primaryimage\",\"url\":\"https:\\\/\\\/kibrisdakik.com\\\/wp-content\\\/uploads\\\/2023\\\/08\\\/InShot_20230817_131825672-scaled-740x420.jpg\",\"contentUrl\":\"https:\\\/\\\/kibrisdakik.com\\\/wp-content\\\/uploads\\\/2023\\\/08\\\/InShot_20230817_131825672-scaled-740x420.jpg\",\"width\":2560,\"height\":1439},{\"@type\":\"BreadcrumbList\",\"@id\":\"https:\\\/\\\/kibrisdakik.com\\\/?p=12292#breadcrumb\",\"itemListElement\":[{\"@type\":\"ListItem\",\"position\":1,\"name\":\"Home\",\"item\":\"https:\\\/\\\/kibrisdakik.com\\\/\"},{\"@type\":\"ListItem\",\"position\":2,\"name\":\"K\u0131br\u0131s T\u00fcrk Giri\u015fimci \u0130\u015f Kad\u0131nlar\u0131 Derne\u011fi yeni Ercan Havaliman\u0131\u2019n\u0131 gezi\"}]},{\"@type\":\"WebSite\",\"@id\":\"https:\\\/\\\/kibrisdakik.com\\\/#website\",\"url\":\"https:\\\/\\\/kibrisdakik.com\\\/\",\"name\":\"\",\"description\":\"Tam vaktinde haber\",\"potentialAction\":[{\"@type\":\"SearchAction\",\"target\":{\"@type\":\"EntryPoint\",\"urlTemplate\":\"https:\\\/\\\/kibrisdakik.com\\\/?s={search_term_string}\"},\"query-input\":{\"@type\":\"PropertyValueSpecification\",\"valueRequired\":true,\"valueName\":\"search_term_string\"}}],\"inLanguage\":\"tr\"},{\"@type\":\"Person\",\"@id\":\"https:\\\/\\\/kibrisdakik.com\\\/#\\\/schema\\\/person\\\/9cd9d437bbb44f72b73ba127e06d8e79\",\"name\":\"admin\",\"image\":{\"@type\":\"ImageObject\",\"inLanguage\":\"tr\",\"@id\":\"https:\\\/\\\/secure.gravatar.com\\\/avatar\\\/ccc17943b9d660506c869530f897617f7cb1c21a4bf30023f252596d83e1f007?s=96&d=mm&r=g\",\"url\":\"https:\\\/\\\/secure.gravatar.com\\\/avatar\\\/ccc17943b9d660506c869530f897617f7cb1c21a4bf30023f252596d83e1f007?s=96&d=mm&r=g\",\"contentUrl\":\"https:\\\/\\\/secure.gravatar.com\\\/avatar\\\/ccc17943b9d660506c869530f897617f7cb1c21a4bf30023f252596d83e1f007?s=96&d=mm&r=g\",\"caption\":\"admin\"},\"sameAs\":[\"https:\\\/\\\/kibrisdakik.com\"],\"url\":\"https:\\\/\\\/kibrisdakik.com\\\/?author=1\"}]}<\/script>\n<!-- \/ Yoast SEO plugin. -->","yoast_head_json":{"title":"K\u0131br\u0131s T\u00fcrk Giri\u015fimci \u0130\u015f Kad\u0131nlar\u0131 Derne\u011fi yeni Ercan Havaliman\u0131\u2019n\u0131 gezi -","robots":{"index":"index","follow":"follow","max-snippet":"max-snippet:-1","max-image-preview":"max-image-preview:large","max-video-preview":"max-video-preview:-1"},"canonical":"https:\/\/kibrisdakik.com\/?p=12292","og_locale":"tr_TR","og_type":"article","og_title":"K\u0131br\u0131s T\u00fcrk Giri\u015fimci \u0130\u015f Kad\u0131nlar\u0131 Derne\u011fi yeni Ercan Havaliman\u0131\u2019n\u0131 gezi -","og_description":"K\u0131br\u0131s T\u00fcrk Giri\u015fimci \u0130\u015f Kad\u0131nlar\u0131 Derne\u011fi (G\u0130KAD) ve Giri\u015fimci Kad\u0131nlar Kalk\u0131nd\u0131rma Kooperatifi (G\u0130-KA KOOP) Ba\u015fkan\u0131 \u0130\u00e7im \u00c7a\u011f\u0131ner Kavuklu, y\u00f6netim kurulu ve kurucu \u00fcyeler ile birlikte Ercan Havaliman\u0131\u2019n\u0131 ziyaret etti. G\u0130KAD ve G\u0130-KA KOOP Ba\u015fkan\u0131 \u0130\u00e7im \u00c7a\u011f\u0131ner Kavuklu ile grubu, Ercan Havaliman\u0131\u2019n\u0131n hava taraf\u0131nda yer alan Giri\u015fimci Kad\u0131nlar Kalk\u0131nd\u0131rma Kooperatifi\u2019nin \u00fcretti\u011fi \u00fcr\u00fcnlerin sat\u0131\u015f\u0131n\u0131n yap\u0131ld\u0131\u011f\u0131 \u201cOld Bazaar\u201d,","og_url":"https:\/\/kibrisdakik.com\/?p=12292","article_published_time":"2023-08-17T10:36:05+00:00","og_image":[{"width":2560,"height":1439,"url":"https:\/\/kibrisdakik.com\/wp-content\/uploads\/2023\/08\/InShot_20230817_131825672-scaled-740x420.jpg","type":"image\/jpeg"}],"author":"admin","twitter_card":"summary_large_image","twitter_misc":{"Yazan:":"admin","Tahmini okuma s\u00fcresi":"2 dakika"},"schema":{"@context":"https:\/\/schema.org","@graph":[{"@type":"Article","@id":"https:\/\/kibrisdakik.com\/?p=12292#article","isPartOf":{"@id":"https:\/\/kibrisdakik.com\/?p=12292"},"author":{"name":"admin","@id":"https:\/\/kibrisdakik.com\/#\/schema\/person\/9cd9d437bbb44f72b73ba127e06d8e79"},"headline":"K\u0131br\u0131s T\u00fcrk Giri\u015fimci \u0130\u015f Kad\u0131nlar\u0131 Derne\u011fi yeni Ercan Havaliman\u0131\u2019n\u0131 gezi","datePublished":"2023-08-17T10:36:05+00:00","mainEntityOfPage":{"@id":"https:\/\/kibrisdakik.com\/?p=12292"},"wordCount":376,"commentCount":0,"image":{"@id":"https:\/\/kibrisdakik.com\/?p=12292#primaryimage"},"thumbnailUrl":"https:\/\/kibrisdakik.com\/wp-content\/uploads\/2023\/08\/InShot_20230817_131825672-scaled-740x420.jpg","articleSection":["G\u00fcndem"],"inLanguage":"tr","potentialAction":[{"@type":"CommentAction","name":"Comment","target":["https:\/\/kibrisdakik.com\/?p=12292#respond"]}]},{"@type":"WebPage","@id":"https:\/\/kibrisdakik.com\/?p=12292","url":"https:\/\/kibrisdakik.com\/?p=12292","name":"K\u0131br\u0131s T\u00fcrk Giri\u015fimci \u0130\u015f Kad\u0131nlar\u0131 Derne\u011fi yeni Ercan Havaliman\u0131\u2019n\u0131 gezi -","isPartOf":{"@id":"https:\/\/kibrisdakik.com\/#website"},"primaryImageOfPage":{"@id":"https:\/\/kibrisdakik.com\/?p=12292#primaryimage"},"image":{"@id":"https:\/\/kibrisdakik.com\/?p=12292#primaryimage"},"thumbnailUrl":"https:\/\/kibrisdakik.com\/wp-content\/uploads\/2023\/08\/InShot_20230817_131825672-scaled-740x420.jpg","datePublished":"2023-08-17T10:36:05+00:00","author":{"@id":"https:\/\/kibrisdakik.com\/#\/schema\/person\/9cd9d437bbb44f72b73ba127e06d8e79"},"breadcrumb":{"@id":"https:\/\/kibrisdakik.com\/?p=12292#breadcrumb"},"inLanguage":"tr","potentialAction":[{"@type":"ReadAction","target":["https:\/\/kibrisdakik.com\/?p=12292"]}]},{"@type":"ImageObject","inLanguage":"tr","@id":"https:\/\/kibrisdakik.com\/?p=12292#primaryimage","url":"https:\/\/kibrisdakik.com\/wp-content\/uploads\/2023\/08\/InShot_20230817_131825672-scaled-740x420.jpg","contentUrl":"https:\/\/kibrisdakik.com\/wp-content\/uploads\/2023\/08\/InShot_20230817_131825672-scaled-740x420.jpg","width":2560,"height":1439},{"@type":"BreadcrumbList","@id":"https:\/\/kibrisdakik.com\/?p=12292#breadcrumb","itemListElement":[{"@type":"ListItem","position":1,"name":"Home","item":"https:\/\/kibrisdakik.com\/"},{"@type":"ListItem","position":2,"name":"K\u0131br\u0131s T\u00fcrk Giri\u015fimci \u0130\u015f Kad\u0131nlar\u0131 Derne\u011fi yeni Ercan Havaliman\u0131\u2019n\u0131 gezi"}]},{"@type":"WebSite","@id":"https:\/\/kibrisdakik.com\/#website","url":"https:\/\/kibrisdakik.com\/","name":"","description":"Tam vaktinde haber","potentialAction":[{"@type":"SearchAction","target":{"@type":"EntryPoint","urlTemplate":"https:\/\/kibrisdakik.com\/?s={search_term_string}"},"query-input":{"@type":"PropertyValueSpecification","valueRequired":true,"valueName":"search_term_string"}}],"inLanguage":"tr"},{"@type":"Person","@id":"https:\/\/kibrisdakik.com\/#\/schema\/person\/9cd9d437bbb44f72b73ba127e06d8e79","name":"admin","image":{"@type":"ImageObject","inLanguage":"tr","@id":"https:\/\/secure.gravatar.com\/avatar\/ccc17943b9d660506c869530f897617f7cb1c21a4bf30023f252596d83e1f007?s=96&d=mm&r=g","url":"https:\/\/secure.gravatar.com\/avatar\/ccc17943b9d660506c869530f897617f7cb1c21a4bf30023f252596d83e1f007?s=96&d=mm&r=g","contentUrl":"https:\/\/secure.gravatar.com\/avatar\/ccc17943b9d660506c869530f897617f7cb1c21a4bf30023f252596d83e1f007?s=96&d=mm&r=g","caption":"admin"},"sameAs":["https:\/\/kibrisdakik.com"],"url":"https:\/\/kibrisdakik.com\/?author=1"}]}},"_links":{"self":[{"href":"https:\/\/kibrisdakik.com\/index.php?rest_route=\/wp\/v2\/posts\/12292","targetHints":{"allow":["GET"]}}],"collection":[{"href":"https:\/\/kibrisdakik.com\/index.php?rest_route=\/wp\/v2\/posts"}],"about":[{"href":"https:\/\/kibrisdakik.com\/index.php?rest_route=\/wp\/v2\/types\/post"}],"author":[{"embeddable":true,"href":"https:\/\/kibrisdakik.com\/index.php?rest_route=\/wp\/v2\/users\/1"}],"replies":[{"embeddable":true,"href":"https:\/\/kibrisdakik.com\/index.php?rest_route=%2Fwp%2Fv2%2Fcomments&post=12292"}],"version-history":[{"count":0,"href":"https:\/\/kibrisdakik.com\/index.php?rest_route=\/wp\/v2\/posts\/12292\/revisions"}],"wp:featuredmedia":[{"embeddable":true,"href":"https:\/\/kibrisdakik.com\/index.php?rest_route=\/wp\/v2\/media\/12293"}],"wp:attachment":[{"href":"https:\/\/kibrisdakik.com\/index.php?rest_route=%2Fwp%2Fv2%2Fmedia&parent=12292"}],"wp:term":[{"taxonomy":"category","embeddable":true,"href":"https:\/\/kibrisdakik.com\/index.php?rest_route=%2Fwp%2Fv2%2Fcategories&post=12292"},{"taxonomy":"post_tag","embeddable":true,"href":"https:\/\/kibrisdakik.com\/index.php?rest_route=%2Fwp%2Fv2%2Ftags&post=12292"}],"curies":[{"name":"wp","href":"https:\/\/api.w.org\/{rel}","templated":true}]}}