{"id":12306,"date":"2023-08-17T13:38:51","date_gmt":"2023-08-17T13:38:51","guid":{"rendered":"https:\/\/kibrisdakik.com\/index.php\/2023\/08\/17\/sehir-plancilari-odasindan-cagri-sehircilik-kent-ve-ulke-planlamasi-alaninda-yasanan-sorunlara-care-uretin\/"},"modified":"2023-08-17T13:38:51","modified_gmt":"2023-08-17T13:38:51","slug":"sehir-plancilari-odasindan-cagri-sehircilik-kent-ve-ulke-planlamasi-alaninda-yasanan-sorunlara-care-uretin","status":"publish","type":"post","link":"https:\/\/kibrisdakik.com\/?p=12306","title":{"rendered":"\u015eehir Planc\u0131lar\u0131 Odas\u0131\u2019ndan \u00e7a\u011fr\u0131: \u201c\u015eehircilik, kent ve \u00fclke planlamas\u0131 alan\u0131nda ya\u015fanan sorunlara \u00e7are \u00fcretin\u201d"},"content":{"rendered":"<p><\/p>\n<div>\n<div class=\"mariselle-image-container center\">\n                <img width=\"792\" height=\"528\" class=\"lazy-image\" alt=\"\" decoding=\"async\" loading=\"lazy\" sizes=\"auto, (max-width: 792px) 100vw, 792px\" src=\"https:\/\/brtk.net\/wp-content\/uploads\/2023\/08\/17\/sehir-plancilari-odasi2.jpg?ver=e6b3a33431976c0b5fac713f6fed9db5\" srcset=\"https:\/\/brtk.net\/wp-content\/uploads\/2023\/08\/17\/sehir-plancilari-odasi2.jpg?ver=e6b3a33431976c0b5fac713f6fed9db5 792w, https:\/\/brtk.net\/wp-content\/uploads\/2023\/08\/17\/sehir-plancilari-odasi2-300x200.jpg?ver=e6b3a33431976c0b5fac713f6fed9db5 300w, https:\/\/brtk.net\/wp-content\/uploads\/2023\/08\/17\/sehir-plancilari-odasi2-768x512.jpg?ver=e6b3a33431976c0b5fac713f6fed9db5 768w\"\/>                            <\/div>\n<p>K\u0131br\u0131s T\u00fcrk M\u00fchendis ve Mimar Odalar\u0131 Birli\u011fi\u2019ne (KTMMOB) ba\u011fl\u0131 \u015eehir Planc\u0131lar\u0131 Odas\u0131, Ba\u015fbakanl\u0131k, Ba\u015fbakan Yard\u0131mc\u0131l\u0131\u011f\u0131, Cumhurba\u015fkanl\u0131\u011f\u0131 ve Ba\u015fsavc\u0131l\u0131\u011fa mektup g\u00f6ndererek, \u015fehircilik, kent ve \u00fclke planlamas\u0131 alan\u0131nda ya\u015fanan sorunlara \u00e7are \u00fcretilmesini talep etti.<\/p>\n<p>\u015eehir Planc\u0131lar\u0131 Odas\u0131 Y\u00f6netim Kurulu imzas\u0131yla yap\u0131lan a\u00e7\u0131klamada, uzun bir s\u00fcredir \u015fehircilik, kent ve \u00fclke planlamas\u0131n\u0131 kapsayan mek\u00e2nsal planlama alan\u0131nda ciddi sorunlar ya\u015fand\u0131\u011f\u0131 ifade edildi.<\/p>\n<p>-\u201cB\u00f6lgedeki sorunlar kangrenle\u015fti, kaotik bir durumda\u201d<\/p>\n<p>Gazima\u011fusa-\u0130skele-Yenibo\u011fazi\u00e7i \u0130mar Plan\u0131\u2019n\u0131n, yasal onay s\u00fcrecinin Aral\u0131k 2019\u2019da tamamlanm\u0131\u015f olmas\u0131na kar\u015f\u0131n, 2019\u2019dan bu yana h\u00e2l\u00e2 y\u00fcr\u00fcrl\u00fc\u011fe konulmad\u0131\u011f\u0131 belirtilen a\u00e7\u0131klamada, \u201cB\u00f6lgedeki sorunlar kangrenle\u015fmi\u015f, kaotik bir durumdad\u0131r\u201d denildi. <\/p>\n<p>\u201cBunun arkas\u0131ndaki temel nedenin, in\u015faat sekt\u00f6r\u00fcnde etkili akt\u00f6r durumundaki kurulu\u015flar\u0131n \u00e7\u0131karlar\u0131 ile ilgili beklenti ve taleplerine cevap verebilme gayreti oldu\u011fu\u201d savunulan a\u00e7\u0131klamada, \u015f\u00f6yle devam edildi:<\/p>\n<p>\u201cAradan ge\u00e7en 4 y\u0131ll\u0131k s\u00fcrede plan\u0131n y\u00fcr\u00fcrl\u00fc\u011fe konmas\u0131 yerine, plan y\u00fcr\u00fcrl\u00fc\u011fe girinceye kadar y\u00fcr\u00fcrl\u00fckte olan emirnamenin de\u011fi\u015ftirilmesi, hatta y\u00fcr\u00fcrl\u00fckten kald\u0131r\u0131lmas\u0131 d\u00e2hil, akla, bilime ve hukuka uygun olmayan idari ad\u0131mlar at\u0131lm\u0131\u015ft\u0131r. Neyse ki, bu ad\u0131mlar\u0131n t\u00fcm\u00fc de Odam\u0131z taraf\u0131ndan a\u00e7\u0131lan davalara ba\u011fl\u0131 olarak mahkeme taraf\u0131ndan durdurulmu\u015ftur.\u201d<\/p>\n<p>\u201cBu ad\u0131mlar\u0131n sonu\u00e7 vermemesi \u00fczerine, hukuku ve yasalar\u0131 bu \u00e7\u0131karlara ve beklentilere cevap verebilecek duruma getirebilmek i\u00e7in 55\/89 \u0130mar Yasas\u0131\u2019nda de\u011fi\u015fiklik yapmaya giri\u015fildi\u011fi\u201d \u00f6ne s\u00fcr\u00fclen a\u00e7\u0131klamada, \u201cde\u011fi\u015fikliklerin sadece in\u015faat sekt\u00f6r\u00fc temsilcileri ile i\u015f birli\u011fi yap\u0131larak haz\u0131rland\u0131\u011f\u0131\u201d savunuldu.<\/p>\n<p>\u201cOrtak ak\u0131ldan ve bilimsellikten uzak, hukuksal y\u00f6nden bir\u00e7ok kusuru i\u00e7eren premat\u00fcre bir tasar\u0131 Cumhuriyet Meclisi\u2019nin g\u00fcndemine getirilmi\u015ftir\u201d denilen a\u00e7\u0131klamada, ancak bu giri\u015fimin de Oda\u2019n\u0131n uyar\u0131lar\u0131yla, Cumhuriyet Meclisi taraf\u0131ndan ask\u0131ya al\u0131nd\u0131\u011f\u0131 belirtildi.<\/p>\n<p>Dikmen \u0130mar Plan\u0131 s\u00fcre\u00e7lerinin de durdu\u011fu ifade edilen a\u00e7\u0131klamada, yasal onay s\u00fcre\u00e7leri sonunda onaylanan Lefke \u0130mar Plan\u0131\u2019n\u0131n, \u0130mar Yasas\u0131 usullerine uygun olarak h\u00e2l\u00e2 y\u00fcr\u00fcrl\u00fc\u011fe konulmad\u0131\u011f\u0131 kaydedildi. A\u00e7\u0131klamada, Lefko\u015fa \u0130mar Plan\u0131 revizyonunun da, yasal s\u00fcre \u00e7oktan ge\u00e7mi\u015f olmas\u0131na kar\u015f\u0131n hala s\u00fcr\u00fcncemede oldu\u011fu belirtildi.<\/p>\n<p>\u201cBir di\u011fer \u00f6nemli sorunun ise ilgili \u015eehir Planlama Dairesi\u2019nin i\u015fleyi\u015findeki s\u0131k\u0131nt\u0131lar, son y\u0131llarda daha da s\u0131kl\u0131kla kar\u015f\u0131la\u015f\u0131lan usuls\u00fcz, iyi idare ile planlama gereklerine uygun olmayan uygulamalar\u201d oldu\u011fu \u00f6ne s\u00fcr\u00fclen a\u00e7\u0131klamada, bunlar \u015f\u00f6yle s\u0131raland\u0131:<\/p>\n<p> \u201cTa\u015fk\u0131n riski olan b\u00f6lgelerde, da\u011flarda, orman alanlar\u0131nda, k\u0131y\u0131larda, sit alanlar\u0131nda ve \u00f6zel \u00e7evre koruma b\u00f6lgelerinde, kamu vicdan\u0131n\u0131 rahats\u0131z eden, yasal gereklere uygun olmayan geli\u015fmelere onay ve ruhsat verilmesi veya onays\u0131z veya ruhsats\u0131z olmalar\u0131na kar\u015f\u0131n gerekli yasal yollara ba\u015fvurulmamas\u0131 ya da g\u00f6z yumulmas\u0131 ve hatta ara emri ile durdurulmas\u0131 emredilen idari i\u015flemler hakk\u0131ndaki mahkeme kararlar\u0131na uyulmayarak, planlama onay ve ruhsat verilmesi, gibi ciddi sorunlar ya\u015fanmaktad\u0131r.\u201d<\/p>\n<p>-\u201cSistem tamamen i\u015flemez duruma geldi\u201d<\/p>\n<p>Gelinen a\u015famada \u00fclkede mek\u00e2nsal planlama ile ilgili t\u00fcm s\u00fcre\u00e7lerin t\u0131kand\u0131\u011f\u0131 savunulan a\u00e7\u0131klamada, \u201cSistemin i\u015fleyi\u015finin \u00e7a\u011fda\u015f gereklere uygun olarak geli\u015ftirilmesi hedefinden gittik\u00e7e uzakla\u015f\u0131lm\u0131\u015f, sistem tamamen i\u015flemez duruma gelmi\u015ftir\u201d denildi.<\/p>\n<p>Bu sorunlar\u0131n ekonomik a\u00e7\u0131dan belirsizliklere; planlama faaliyetlerinin bilimsellikten uzakla\u015farak, y\u00fcr\u00fct\u00fclmesine; \u00e7evrenin geri d\u00f6n\u00fclemez zararlar g\u00f6rmesine neden oldu\u011fu ifade edilen a\u00e7\u0131klamada, t\u00fcm bunlar\u0131n a\u015f\u0131lmas\u0131 i\u00e7in gerekli olan uzla\u015f\u0131 ve problem \u00e7\u00f6zme zemininden uzakla\u015f\u0131ld\u0131\u011f\u0131 ve sonu\u00e7 olarak kamu yarar\u0131n\u0131n zarar g\u00f6rd\u00fc\u011f\u00fc belirtildi.<\/p>\n<p>-Siyasi iradeye \u00e7a\u011fr\u0131<\/p>\n<p>Odan\u0131n ilgili Bakan Fikri Atao\u011flu\u2019na g\u00f6nderdi\u011fi, da\u011f\u0131t\u0131m\u0131n\u0131 da Ba\u015fbakan, Cumhurba\u015fkan\u0131 ve Ba\u015fsavc\u0131l\u0131\u011fa yapt\u0131\u011f\u0131 bir mektupla sorunlar\u0131 ve nedenlerini ayr\u0131nt\u0131l\u0131 olarak a\u00e7\u0131klad\u0131\u011f\u0131 kaydedilen a\u00e7\u0131klamada, siyasi iradeye; \u201ct\u0131kanan s\u00fcre\u00e7ler ve hukuksuzluklar\u0131n \u00e7\u00f6z\u00fcm\u00fc i\u00e7in sorunu yaratan ko\u015fullar\u0131 acilen de\u011fi\u015ftirin\u201d, Hukuk Dairesi\u2019ne de; \u201cHukuksuzluklar\u0131n \u00fczerine gidin\u201d \u00e7a\u011fr\u0131s\u0131 yap\u0131ld\u0131.<\/p>\n<p>\u201cT\u00fcm bu sorunlar\u0131n, iyi idare gereklerine uygun olmayan y\u00f6netim anlay\u0131\u015f\u0131 ve yakla\u015f\u0131m\u0131n\u0131n sonucu oldu\u011fu\u201d ifade edilen a\u00e7\u0131klamada, \u015eehir Planlama Dairesi\u2019nin mevcut y\u00f6netiminin de\u011fi\u015fmesi, dairenin kurumsal yap\u0131s\u0131n\u0131n g\u00fc\u00e7lendirilmesi, insan kayna\u011f\u0131n\u0131n, \u00f6rg\u00fctlenme \u015feklinin, b\u00fct\u00e7esinin, teknik altyap\u0131 ile donan\u0131m\u0131n\u0131n ve i\u015fleyi\u015finin iyile\u015ftirilmesinin ka\u00e7\u0131n\u0131lmaz oldu\u011fu belirtildi.<\/p>\n<p>Odan\u0131n, planlama ve imar konular\u0131nda her \u00e7\u0131kmaza girildi\u011finde \u0130mar Yasas\u0131 de\u011fi\u015fikli\u011finin bir tehdit unsuru olarak \u00f6ne s\u00fcr\u00fclmesini, sadece g\u00fcvensizli\u011fi derinle\u015ftirici, i\u015f birli\u011fini y\u0131k\u0131c\u0131 ve \u00e7at\u0131\u015fmaya yol a\u00e7\u0131c\u0131 buldu\u011fu ifade edilen a\u00e7\u0131klamada, bu tutumdan uzakla\u015f\u0131lmas\u0131 talep edildi.<\/p>\n<p>\u015eehir Planc\u0131lar\u0131 Odas\u0131\u2019n\u0131n, Gazima\u011fusa-\u0130skele-Yenibo\u011fazi\u00e7i \u0130mar Plan\u0131n\u0131, b\u00f6lgede ya\u015fanan b\u00f6lgenin \u00e7evre ve sosyal ta\u015f\u0131nma kapasitesini a\u015fan ve art\u0131k kangren hale gelen sorunlar\u0131n\u0131n giderilebilmesi i\u00e7in, en \u00f6ncelikli ve etkili ara\u00e7 olarak g\u00f6rd\u00fc\u011f\u00fc belirtilen a\u00e7\u0131klamada, Odan\u0131n, bilimsel esaslara uygun, \u00e7a\u011fda\u015f, kat\u0131l\u0131mc\u0131 ve g\u00fcn\u00fcn ihtiya\u00e7lar\u0131na cevap verecek d\u00fczenlemeleri kapsayacak bir \u0130mar Yasa de\u011fi\u015fikli\u011finin haz\u0131rlanabilmesi i\u00e7in her t\u00fcrl\u00fc \u00e7al\u0131\u015fmaya katk\u0131 koymaya, \u0130mar Yasas\u0131 \u00fczerinde kararl\u0131l\u0131kla \u00e7al\u0131\u015fmaya devam edece\u011fi kaydedildi.<\/p>\n<\/p><\/div>\n<p><script async\n                    defer\n                    crossorigin=\"anonymous\"\n                    src=\"https:\/\/connect.facebook.net\/tr_TR\/sdk.js#xfbml=1&#038;version=v3.3\"\n            ><\/script><\/p>\n","protected":false},"excerpt":{"rendered":"<p>K\u0131br\u0131s T\u00fcrk M\u00fchendis ve Mimar Odalar\u0131 Birli\u011fi\u2019ne (KTMMOB) ba\u011fl\u0131 \u015eehir Planc\u0131lar\u0131 Odas\u0131, Ba\u015fbakanl\u0131k, Ba\u015fbakan Yard\u0131mc\u0131l\u0131\u011f\u0131, Cumhurba\u015fkanl\u0131\u011f\u0131 ve Ba\u015fsavc\u0131l\u0131\u011fa mektup g\u00f6ndererek, \u015fehircilik, kent ve \u00fclke planlamas\u0131 alan\u0131nda ya\u015fanan sorunlara \u00e7are \u00fcretilmesini talep etti. \u015eehir Planc\u0131lar\u0131 Odas\u0131 Y\u00f6netim Kurulu imzas\u0131yla yap\u0131lan a\u00e7\u0131klamada, uzun bir s\u00fcredir \u015fehircilik, kent ve \u00fclke planlamas\u0131n\u0131 kapsayan mek\u00e2nsal planlama alan\u0131nda ciddi sorunlar ya\u015fand\u0131\u011f\u0131<\/p>\n","protected":false},"author":1,"featured_media":12307,"comment_status":"open","ping_status":"open","sticky":false,"template":"","format":"standard","meta":{"footnotes":""},"categories":[1],"tags":[],"class_list":["post-12306","post","type-post","status-publish","format-standard","has-post-thumbnail","hentry","category-gundem"],"yoast_head":"<!-- This site is optimized with the Yoast SEO plugin v27.4 - https:\/\/yoast.com\/product\/yoast-seo-wordpress\/ -->\n<title>\u015eehir Planc\u0131lar\u0131 Odas\u0131\u2019ndan \u00e7a\u011fr\u0131: \u201c\u015eehircilik, kent ve \u00fclke planlamas\u0131 alan\u0131nda ya\u015fanan sorunlara \u00e7are \u00fcretin\u201d -<\/title>\n<meta name=\"robots\" content=\"index, follow, max-snippet:-1, max-image-preview:large, max-video-preview:-1\" \/>\n<link rel=\"canonical\" href=\"https:\/\/kibrisdakik.com\/?p=12306\" \/>\n<meta property=\"og:locale\" content=\"tr_TR\" \/>\n<meta property=\"og:type\" content=\"article\" \/>\n<meta property=\"og:title\" content=\"\u015eehir Planc\u0131lar\u0131 Odas\u0131\u2019ndan \u00e7a\u011fr\u0131: \u201c\u015eehircilik, kent ve \u00fclke planlamas\u0131 alan\u0131nda ya\u015fanan sorunlara \u00e7are \u00fcretin\u201d -\" \/>\n<meta property=\"og:description\" content=\"K\u0131br\u0131s T\u00fcrk M\u00fchendis ve Mimar Odalar\u0131 Birli\u011fi\u2019ne (KTMMOB) ba\u011fl\u0131 \u015eehir Planc\u0131lar\u0131 Odas\u0131, Ba\u015fbakanl\u0131k, Ba\u015fbakan Yard\u0131mc\u0131l\u0131\u011f\u0131, Cumhurba\u015fkanl\u0131\u011f\u0131 ve Ba\u015fsavc\u0131l\u0131\u011fa mektup g\u00f6ndererek, \u015fehircilik, kent ve \u00fclke planlamas\u0131 alan\u0131nda ya\u015fanan sorunlara \u00e7are \u00fcretilmesini talep etti. \u015eehir Planc\u0131lar\u0131 Odas\u0131 Y\u00f6netim Kurulu imzas\u0131yla yap\u0131lan a\u00e7\u0131klamada, uzun bir s\u00fcredir \u015fehircilik, kent ve \u00fclke planlamas\u0131n\u0131 kapsayan mek\u00e2nsal planlama alan\u0131nda ciddi sorunlar ya\u015fand\u0131\u011f\u0131\" \/>\n<meta property=\"og:url\" content=\"https:\/\/kibrisdakik.com\/?p=12306\" \/>\n<meta property=\"article:published_time\" content=\"2023-08-17T13:38:51+00:00\" \/>\n<meta property=\"og:image\" content=\"https:\/\/kibrisdakik.com\/wp-content\/uploads\/2023\/08\/sehir-plancilari-odasi2-740x420.jpg\" \/>\n\t<meta property=\"og:image:width\" content=\"792\" \/>\n\t<meta property=\"og:image:height\" content=\"528\" \/>\n\t<meta property=\"og:image:type\" content=\"image\/jpeg\" \/>\n<meta name=\"author\" content=\"admin\" \/>\n<meta name=\"twitter:card\" content=\"summary_large_image\" \/>\n<meta name=\"twitter:label1\" content=\"Yazan:\" \/>\n\t<meta name=\"twitter:data1\" content=\"admin\" \/>\n\t<meta name=\"twitter:label2\" content=\"Tahmini okuma s\u00fcresi\" \/>\n\t<meta name=\"twitter:data2\" content=\"5 dakika\" \/>\n<script type=\"application\/ld+json\" class=\"yoast-schema-graph\">{\"@context\":\"https:\\\/\\\/schema.org\",\"@graph\":[{\"@type\":\"Article\",\"@id\":\"https:\\\/\\\/kibrisdakik.com\\\/?p=12306#article\",\"isPartOf\":{\"@id\":\"https:\\\/\\\/kibrisdakik.com\\\/?p=12306\"},\"author\":{\"name\":\"admin\",\"@id\":\"https:\\\/\\\/kibrisdakik.com\\\/#\\\/schema\\\/person\\\/9cd9d437bbb44f72b73ba127e06d8e79\"},\"headline\":\"\u015eehir Planc\u0131lar\u0131 Odas\u0131\u2019ndan \u00e7a\u011fr\u0131: \u201c\u015eehircilik, kent ve \u00fclke planlamas\u0131 alan\u0131nda ya\u015fanan sorunlara \u00e7are \u00fcretin\u201d\",\"datePublished\":\"2023-08-17T13:38:51+00:00\",\"mainEntityOfPage\":{\"@id\":\"https:\\\/\\\/kibrisdakik.com\\\/?p=12306\"},\"wordCount\":993,\"commentCount\":0,\"image\":{\"@id\":\"https:\\\/\\\/kibrisdakik.com\\\/?p=12306#primaryimage\"},\"thumbnailUrl\":\"https:\\\/\\\/kibrisdakik.com\\\/wp-content\\\/uploads\\\/2023\\\/08\\\/sehir-plancilari-odasi2-740x420.jpg\",\"articleSection\":[\"G\u00fcndem\"],\"inLanguage\":\"tr\",\"potentialAction\":[{\"@type\":\"CommentAction\",\"name\":\"Comment\",\"target\":[\"https:\\\/\\\/kibrisdakik.com\\\/?p=12306#respond\"]}]},{\"@type\":\"WebPage\",\"@id\":\"https:\\\/\\\/kibrisdakik.com\\\/?p=12306\",\"url\":\"https:\\\/\\\/kibrisdakik.com\\\/?p=12306\",\"name\":\"\u015eehir Planc\u0131lar\u0131 Odas\u0131\u2019ndan \u00e7a\u011fr\u0131: \u201c\u015eehircilik, kent ve \u00fclke planlamas\u0131 alan\u0131nda ya\u015fanan sorunlara \u00e7are \u00fcretin\u201d -\",\"isPartOf\":{\"@id\":\"https:\\\/\\\/kibrisdakik.com\\\/#website\"},\"primaryImageOfPage\":{\"@id\":\"https:\\\/\\\/kibrisdakik.com\\\/?p=12306#primaryimage\"},\"image\":{\"@id\":\"https:\\\/\\\/kibrisdakik.com\\\/?p=12306#primaryimage\"},\"thumbnailUrl\":\"https:\\\/\\\/kibrisdakik.com\\\/wp-content\\\/uploads\\\/2023\\\/08\\\/sehir-plancilari-odasi2-740x420.jpg\",\"datePublished\":\"2023-08-17T13:38:51+00:00\",\"author\":{\"@id\":\"https:\\\/\\\/kibrisdakik.com\\\/#\\\/schema\\\/person\\\/9cd9d437bbb44f72b73ba127e06d8e79\"},\"breadcrumb\":{\"@id\":\"https:\\\/\\\/kibrisdakik.com\\\/?p=12306#breadcrumb\"},\"inLanguage\":\"tr\",\"potentialAction\":[{\"@type\":\"ReadAction\",\"target\":[\"https:\\\/\\\/kibrisdakik.com\\\/?p=12306\"]}]},{\"@type\":\"ImageObject\",\"inLanguage\":\"tr\",\"@id\":\"https:\\\/\\\/kibrisdakik.com\\\/?p=12306#primaryimage\",\"url\":\"https:\\\/\\\/kibrisdakik.com\\\/wp-content\\\/uploads\\\/2023\\\/08\\\/sehir-plancilari-odasi2-740x420.jpg\",\"contentUrl\":\"https:\\\/\\\/kibrisdakik.com\\\/wp-content\\\/uploads\\\/2023\\\/08\\\/sehir-plancilari-odasi2-740x420.jpg\",\"width\":792,\"height\":528},{\"@type\":\"BreadcrumbList\",\"@id\":\"https:\\\/\\\/kibrisdakik.com\\\/?p=12306#breadcrumb\",\"itemListElement\":[{\"@type\":\"ListItem\",\"position\":1,\"name\":\"Home\",\"item\":\"https:\\\/\\\/kibrisdakik.com\\\/\"},{\"@type\":\"ListItem\",\"position\":2,\"name\":\"\u015eehir Planc\u0131lar\u0131 Odas\u0131\u2019ndan \u00e7a\u011fr\u0131: \u201c\u015eehircilik, kent ve \u00fclke planlamas\u0131 alan\u0131nda ya\u015fanan sorunlara \u00e7are \u00fcretin\u201d\"}]},{\"@type\":\"WebSite\",\"@id\":\"https:\\\/\\\/kibrisdakik.com\\\/#website\",\"url\":\"https:\\\/\\\/kibrisdakik.com\\\/\",\"name\":\"\",\"description\":\"Tam vaktinde haber\",\"potentialAction\":[{\"@type\":\"SearchAction\",\"target\":{\"@type\":\"EntryPoint\",\"urlTemplate\":\"https:\\\/\\\/kibrisdakik.com\\\/?s={search_term_string}\"},\"query-input\":{\"@type\":\"PropertyValueSpecification\",\"valueRequired\":true,\"valueName\":\"search_term_string\"}}],\"inLanguage\":\"tr\"},{\"@type\":\"Person\",\"@id\":\"https:\\\/\\\/kibrisdakik.com\\\/#\\\/schema\\\/person\\\/9cd9d437bbb44f72b73ba127e06d8e79\",\"name\":\"admin\",\"image\":{\"@type\":\"ImageObject\",\"inLanguage\":\"tr\",\"@id\":\"https:\\\/\\\/secure.gravatar.com\\\/avatar\\\/ccc17943b9d660506c869530f897617f7cb1c21a4bf30023f252596d83e1f007?s=96&d=mm&r=g\",\"url\":\"https:\\\/\\\/secure.gravatar.com\\\/avatar\\\/ccc17943b9d660506c869530f897617f7cb1c21a4bf30023f252596d83e1f007?s=96&d=mm&r=g\",\"contentUrl\":\"https:\\\/\\\/secure.gravatar.com\\\/avatar\\\/ccc17943b9d660506c869530f897617f7cb1c21a4bf30023f252596d83e1f007?s=96&d=mm&r=g\",\"caption\":\"admin\"},\"sameAs\":[\"https:\\\/\\\/kibrisdakik.com\"],\"url\":\"https:\\\/\\\/kibrisdakik.com\\\/?author=1\"}]}<\/script>\n<!-- \/ Yoast SEO plugin. -->","yoast_head_json":{"title":"\u015eehir Planc\u0131lar\u0131 Odas\u0131\u2019ndan \u00e7a\u011fr\u0131: \u201c\u015eehircilik, kent ve \u00fclke planlamas\u0131 alan\u0131nda ya\u015fanan sorunlara \u00e7are \u00fcretin\u201d -","robots":{"index":"index","follow":"follow","max-snippet":"max-snippet:-1","max-image-preview":"max-image-preview:large","max-video-preview":"max-video-preview:-1"},"canonical":"https:\/\/kibrisdakik.com\/?p=12306","og_locale":"tr_TR","og_type":"article","og_title":"\u015eehir Planc\u0131lar\u0131 Odas\u0131\u2019ndan \u00e7a\u011fr\u0131: \u201c\u015eehircilik, kent ve \u00fclke planlamas\u0131 alan\u0131nda ya\u015fanan sorunlara \u00e7are \u00fcretin\u201d -","og_description":"K\u0131br\u0131s T\u00fcrk M\u00fchendis ve Mimar Odalar\u0131 Birli\u011fi\u2019ne (KTMMOB) ba\u011fl\u0131 \u015eehir Planc\u0131lar\u0131 Odas\u0131, Ba\u015fbakanl\u0131k, Ba\u015fbakan Yard\u0131mc\u0131l\u0131\u011f\u0131, Cumhurba\u015fkanl\u0131\u011f\u0131 ve Ba\u015fsavc\u0131l\u0131\u011fa mektup g\u00f6ndererek, \u015fehircilik, kent ve \u00fclke planlamas\u0131 alan\u0131nda ya\u015fanan sorunlara \u00e7are \u00fcretilmesini talep etti. \u015eehir Planc\u0131lar\u0131 Odas\u0131 Y\u00f6netim Kurulu imzas\u0131yla yap\u0131lan a\u00e7\u0131klamada, uzun bir s\u00fcredir \u015fehircilik, kent ve \u00fclke planlamas\u0131n\u0131 kapsayan mek\u00e2nsal planlama alan\u0131nda ciddi sorunlar ya\u015fand\u0131\u011f\u0131","og_url":"https:\/\/kibrisdakik.com\/?p=12306","article_published_time":"2023-08-17T13:38:51+00:00","og_image":[{"width":792,"height":528,"url":"https:\/\/kibrisdakik.com\/wp-content\/uploads\/2023\/08\/sehir-plancilari-odasi2-740x420.jpg","type":"image\/jpeg"}],"author":"admin","twitter_card":"summary_large_image","twitter_misc":{"Yazan:":"admin","Tahmini okuma s\u00fcresi":"5 dakika"},"schema":{"@context":"https:\/\/schema.org","@graph":[{"@type":"Article","@id":"https:\/\/kibrisdakik.com\/?p=12306#article","isPartOf":{"@id":"https:\/\/kibrisdakik.com\/?p=12306"},"author":{"name":"admin","@id":"https:\/\/kibrisdakik.com\/#\/schema\/person\/9cd9d437bbb44f72b73ba127e06d8e79"},"headline":"\u015eehir Planc\u0131lar\u0131 Odas\u0131\u2019ndan \u00e7a\u011fr\u0131: \u201c\u015eehircilik, kent ve \u00fclke planlamas\u0131 alan\u0131nda ya\u015fanan sorunlara \u00e7are \u00fcretin\u201d","datePublished":"2023-08-17T13:38:51+00:00","mainEntityOfPage":{"@id":"https:\/\/kibrisdakik.com\/?p=12306"},"wordCount":993,"commentCount":0,"image":{"@id":"https:\/\/kibrisdakik.com\/?p=12306#primaryimage"},"thumbnailUrl":"https:\/\/kibrisdakik.com\/wp-content\/uploads\/2023\/08\/sehir-plancilari-odasi2-740x420.jpg","articleSection":["G\u00fcndem"],"inLanguage":"tr","potentialAction":[{"@type":"CommentAction","name":"Comment","target":["https:\/\/kibrisdakik.com\/?p=12306#respond"]}]},{"@type":"WebPage","@id":"https:\/\/kibrisdakik.com\/?p=12306","url":"https:\/\/kibrisdakik.com\/?p=12306","name":"\u015eehir Planc\u0131lar\u0131 Odas\u0131\u2019ndan \u00e7a\u011fr\u0131: \u201c\u015eehircilik, kent ve \u00fclke planlamas\u0131 alan\u0131nda ya\u015fanan sorunlara \u00e7are \u00fcretin\u201d -","isPartOf":{"@id":"https:\/\/kibrisdakik.com\/#website"},"primaryImageOfPage":{"@id":"https:\/\/kibrisdakik.com\/?p=12306#primaryimage"},"image":{"@id":"https:\/\/kibrisdakik.com\/?p=12306#primaryimage"},"thumbnailUrl":"https:\/\/kibrisdakik.com\/wp-content\/uploads\/2023\/08\/sehir-plancilari-odasi2-740x420.jpg","datePublished":"2023-08-17T13:38:51+00:00","author":{"@id":"https:\/\/kibrisdakik.com\/#\/schema\/person\/9cd9d437bbb44f72b73ba127e06d8e79"},"breadcrumb":{"@id":"https:\/\/kibrisdakik.com\/?p=12306#breadcrumb"},"inLanguage":"tr","potentialAction":[{"@type":"ReadAction","target":["https:\/\/kibrisdakik.com\/?p=12306"]}]},{"@type":"ImageObject","inLanguage":"tr","@id":"https:\/\/kibrisdakik.com\/?p=12306#primaryimage","url":"https:\/\/kibrisdakik.com\/wp-content\/uploads\/2023\/08\/sehir-plancilari-odasi2-740x420.jpg","contentUrl":"https:\/\/kibrisdakik.com\/wp-content\/uploads\/2023\/08\/sehir-plancilari-odasi2-740x420.jpg","width":792,"height":528},{"@type":"BreadcrumbList","@id":"https:\/\/kibrisdakik.com\/?p=12306#breadcrumb","itemListElement":[{"@type":"ListItem","position":1,"name":"Home","item":"https:\/\/kibrisdakik.com\/"},{"@type":"ListItem","position":2,"name":"\u015eehir Planc\u0131lar\u0131 Odas\u0131\u2019ndan \u00e7a\u011fr\u0131: \u201c\u015eehircilik, kent ve \u00fclke planlamas\u0131 alan\u0131nda ya\u015fanan sorunlara \u00e7are \u00fcretin\u201d"}]},{"@type":"WebSite","@id":"https:\/\/kibrisdakik.com\/#website","url":"https:\/\/kibrisdakik.com\/","name":"","description":"Tam vaktinde haber","potentialAction":[{"@type":"SearchAction","target":{"@type":"EntryPoint","urlTemplate":"https:\/\/kibrisdakik.com\/?s={search_term_string}"},"query-input":{"@type":"PropertyValueSpecification","valueRequired":true,"valueName":"search_term_string"}}],"inLanguage":"tr"},{"@type":"Person","@id":"https:\/\/kibrisdakik.com\/#\/schema\/person\/9cd9d437bbb44f72b73ba127e06d8e79","name":"admin","image":{"@type":"ImageObject","inLanguage":"tr","@id":"https:\/\/secure.gravatar.com\/avatar\/ccc17943b9d660506c869530f897617f7cb1c21a4bf30023f252596d83e1f007?s=96&d=mm&r=g","url":"https:\/\/secure.gravatar.com\/avatar\/ccc17943b9d660506c869530f897617f7cb1c21a4bf30023f252596d83e1f007?s=96&d=mm&r=g","contentUrl":"https:\/\/secure.gravatar.com\/avatar\/ccc17943b9d660506c869530f897617f7cb1c21a4bf30023f252596d83e1f007?s=96&d=mm&r=g","caption":"admin"},"sameAs":["https:\/\/kibrisdakik.com"],"url":"https:\/\/kibrisdakik.com\/?author=1"}]}},"_links":{"self":[{"href":"https:\/\/kibrisdakik.com\/index.php?rest_route=\/wp\/v2\/posts\/12306","targetHints":{"allow":["GET"]}}],"collection":[{"href":"https:\/\/kibrisdakik.com\/index.php?rest_route=\/wp\/v2\/posts"}],"about":[{"href":"https:\/\/kibrisdakik.com\/index.php?rest_route=\/wp\/v2\/types\/post"}],"author":[{"embeddable":true,"href":"https:\/\/kibrisdakik.com\/index.php?rest_route=\/wp\/v2\/users\/1"}],"replies":[{"embeddable":true,"href":"https:\/\/kibrisdakik.com\/index.php?rest_route=%2Fwp%2Fv2%2Fcomments&post=12306"}],"version-history":[{"count":0,"href":"https:\/\/kibrisdakik.com\/index.php?rest_route=\/wp\/v2\/posts\/12306\/revisions"}],"wp:featuredmedia":[{"embeddable":true,"href":"https:\/\/kibrisdakik.com\/index.php?rest_route=\/wp\/v2\/media\/12307"}],"wp:attachment":[{"href":"https:\/\/kibrisdakik.com\/index.php?rest_route=%2Fwp%2Fv2%2Fmedia&parent=12306"}],"wp:term":[{"taxonomy":"category","embeddable":true,"href":"https:\/\/kibrisdakik.com\/index.php?rest_route=%2Fwp%2Fv2%2Fcategories&post=12306"},{"taxonomy":"post_tag","embeddable":true,"href":"https:\/\/kibrisdakik.com\/index.php?rest_route=%2Fwp%2Fv2%2Ftags&post=12306"}],"curies":[{"name":"wp","href":"https:\/\/api.w.org\/{rel}","templated":true}]}}