{"id":12349,"date":"2023-08-18T12:06:32","date_gmt":"2023-08-18T12:06:32","guid":{"rendered":"https:\/\/kibrisdakik.com\/index.php\/2023\/08\/18\/cumhurbaskani-tatar-ktbk-komutani-sebahattin-kilinci-kabul-etti\/"},"modified":"2023-08-18T12:06:32","modified_gmt":"2023-08-18T12:06:32","slug":"cumhurbaskani-tatar-ktbk-komutani-sebahattin-kilinci-kabul-etti","status":"publish","type":"post","link":"https:\/\/kibrisdakik.com\/?p=12349","title":{"rendered":"Cumhurba\u015fkan\u0131  Tatar, KTBK Komutan\u0131 Sebahattin K\u0131l\u0131n\u00e7\u2019\u0131 kabul etti"},"content":{"rendered":"<p><\/p>\n<div>\n<div class=\"mariselle-image-container none\">\n                <img width=\"928\" height=\"432\" class=\"lazy-image\" alt=\"\" decoding=\"async\" loading=\"lazy\" sizes=\"auto, (max-width: 928px) 100vw, 928px\" src=\"https:\/\/brtk.net\/wp-content\/uploads\/2023\/08\/18\/tatar-yeni-ktbk-2-.jpg?ver=58375f557e5df6945b7140e9234c5367\" srcset=\"https:\/\/brtk.net\/wp-content\/uploads\/2023\/08\/18\/tatar-yeni-ktbk-2-.jpg?ver=58375f557e5df6945b7140e9234c5367 928w, https:\/\/brtk.net\/wp-content\/uploads\/2023\/08\/18\/tatar-yeni-ktbk-2--300x140.jpg?ver=58375f557e5df6945b7140e9234c5367 300w, https:\/\/brtk.net\/wp-content\/uploads\/2023\/08\/18\/tatar-yeni-ktbk-2--768x358.jpg?ver=d03609dbf6130ec2e1523115e501a45c 768w\"\/>                            <\/div>\n<p style=\"font-weight: 300;\">Cumhurba\u015fkan\u0131 <a href=\"https:\/\/brtk.net\/\" target=\"_blank\" rel=\"noopener\"><a href=\"https:\/\/brtk.net\/\" target=\"_blank\" rel=\"noopener\">Ersin <\/a><a href=\"https:\/\/brtk.net\/\"\/><a href=\"https:\/\/brtk.net\/\"\/><a href=\"https:\/\/brtk.net\/\"\/><a href=\"https:\/\/brtk.net\/\"\/><a href=\"https:\/\/brtk.net\/\">Tatar<\/a>, K\u0131br\u0131s T\u00fcrk Bar\u0131\u015f Kuvvetleri (KTBK) Komutan\u0131 T\u00fcmgeneral Sebahattin K\u0131l\u0131n\u00e7\u2019\u0131 kabul etti.<\/p>\n<p style=\"font-weight: 300;\">Cumhurba\u015fkanl\u0131\u011f\u0131ndan verilen bilgiye g\u00f6re, Cumhurba\u015fkan\u0131 <a href=\"https:\/\/brtk.net\/\" target=\"_blank\" rel=\"noopener\"><a href=\"https:\/\/brtk.net\/\" target=\"_blank\" rel=\"noopener\">Ersin <\/a><a href=\"https:\/\/brtk.net\/\"\/><a href=\"https:\/\/brtk.net\/\"\/><a href=\"https:\/\/brtk.net\/\"\/><a href=\"https:\/\/brtk.net\/\"\/><a href=\"https:\/\/brtk.net\/\">Tatar<\/a>, kabulde yapt\u0131\u011f\u0131 konu\u015fmada, KTBK komutanl\u0131\u011f\u0131na atanan T\u00fcmgeneral Sebahattin K\u0131l\u0131n\u00e7\u2019\u0131 tebrik ederek, yeni g\u00f6revinde ba\u015far\u0131lar diledi.<\/p>\n<p style=\"font-weight: 300;\"><a href=\"https:\/\/brtk.net\/\"\/><a href=\"https:\/\/brtk.net\/\"\/><a href=\"https:\/\/brtk.net\/\"\/><a href=\"https:\/\/brtk.net\/\"\/><a href=\"https:\/\/brtk.net\/\">Tatar<\/a>, <a href=\"https:\/\/brtk.net\/\"\/><a href=\"https:\/\/brtk.net\/\">KKTC<\/a>\u2019nin varl\u0131\u011f\u0131n\u0131n, huzurunun ve g\u00fcvenli\u011finin temini i\u00e7in T\u00fcmgeneral Sebahattin K\u0131l\u0131n\u00e7 ile beraber \u00e7al\u0131\u015fmaktan mutluluk duyaca\u011f\u0131n\u0131 s\u00f6yledi.<\/p>\n<p style=\"font-weight: 300;\">Cumhurba\u015fkan\u0131 <a href=\"https:\/\/brtk.net\/\"\/><a href=\"https:\/\/brtk.net\/\"\/><a href=\"https:\/\/brtk.net\/\"\/><a href=\"https:\/\/brtk.net\/\"\/><a href=\"https:\/\/brtk.net\/\">Tatar<\/a>, T\u00fcmgeneral Sebahattin K\u0131l\u0131n\u00e7\u2019\u0131n, T\u00fcrk Silahl\u0131 Kuvvetleri\u2019nde (TSK) edindi\u011fi tecr\u00fcbe ve bilgileri, <a href=\"https:\/\/brtk.net\/\"\/><a href=\"https:\/\/brtk.net\/\">KKTC<\/a> i\u00e7in kullan\u0131lacak olmas\u0131n\u0131n bir zenginlik oldu\u011funu vurgulad\u0131.<\/p>\n<p style=\"font-weight: 300;\">K\u0131br\u0131s\u2019ta bir antla\u015fmay\u0131 her zaman reddeden taraf\u0131n K\u0131br\u0131s Rum taraf\u0131 oldu\u011funa dikkat \u00e7eken Cumhurba\u015fkan\u0131 <a href=\"https:\/\/brtk.net\/\"\/><a href=\"https:\/\/brtk.net\/\"\/><a href=\"https:\/\/brtk.net\/\"\/><a href=\"https:\/\/brtk.net\/\"\/><a href=\"https:\/\/brtk.net\/\">Tatar<\/a>, Avrupa Birli\u011fi\u2019nde yer alan Rum-Yunan ikilisinin, K\u0131br\u0131s\u2019tan T\u00fcrkiye\u2019yi d\u0131\u015flamak ve ba\u011flar\u0131n\u0131 koparmak ard\u0131ndan K\u0131br\u0131s\u2019\u0131, Yunan adas\u0131 yapmak istedi\u011fini kaydetti.<\/p>\n<p style=\"font-weight: 300;\">G\u00fcney K\u0131br\u0131s Rum Y\u00f6netimi\u2019nin silahlanmaya devam etti\u011fini ve Amerika Birle\u015fik Devletleri\u2019nin de silah ambargosunu kald\u0131rd\u0131\u011f\u0131n\u0131 anlatan Cumhurba\u015fkan\u0131 <a href=\"https:\/\/brtk.net\/\"\/><a href=\"https:\/\/brtk.net\/\"\/><a href=\"https:\/\/brtk.net\/\"\/><a href=\"https:\/\/brtk.net\/\"\/><a href=\"https:\/\/brtk.net\/\">Tatar<\/a>, \u201cBu silahlanmay\u0131 kime kar\u015f\u0131 yap\u0131yorlar. T\u00fcrkiye ve TSK\u2019n\u0131n g\u00fcc\u00fc bellidir. 1974 y\u0131l\u0131ndan beri K\u0131br\u0131s\u2019ta bar\u0131\u015f var ancak bir anla\u015fma gereklidir, bu antla\u015fma ise 2 e\u015fit egemen devletin i\u015fbirli\u011fi olacakt\u0131r. Bizi az\u0131nl\u0131\u011fa d\u00fc\u015f\u00fcrecek bir anla\u015fmay\u0131 kabul etmeyiz\u201d dedi.<\/p>\n<p style=\"font-weight: 300;\">T\u00fcmgeneral Sebahattin K\u0131l\u0131n\u00e7 da konu\u015fmas\u0131nda, T\u00fcrkiye ile beraber <a href=\"https:\/\/brtk.net\/\"\/><a href=\"https:\/\/brtk.net\/\">KKTC<\/a>\u2019nin menfaatleri i\u00e7in her t\u00fcrl\u00fc faaliyette beraber \u00e7al\u0131\u015facaklar\u0131n\u0131 kaydetti.<\/p>\n<p style=\"font-weight: 300;\">Kabulde, konu\u015fmalar\u0131n ard\u0131ndan plaket takdimi yap\u0131ld\u0131.<\/p>\n<p>\u00a0<\/p>\n<\/p><\/div>\n<p><script async\n                    defer\n                    crossorigin=\"anonymous\"\n                    src=\"https:\/\/connect.facebook.net\/tr_TR\/sdk.js#xfbml=1&#038;version=v3.3\"\n            ><\/script><\/p>\n","protected":false},"excerpt":{"rendered":"<p>Cumhurba\u015fkan\u0131 Ersin Tatar, K\u0131br\u0131s T\u00fcrk Bar\u0131\u015f Kuvvetleri (KTBK) Komutan\u0131 T\u00fcmgeneral Sebahattin K\u0131l\u0131n\u00e7\u2019\u0131 kabul etti. Cumhurba\u015fkanl\u0131\u011f\u0131ndan verilen bilgiye g\u00f6re, Cumhurba\u015fkan\u0131 Ersin Tatar, kabulde yapt\u0131\u011f\u0131 konu\u015fmada, KTBK komutanl\u0131\u011f\u0131na atanan T\u00fcmgeneral Sebahattin K\u0131l\u0131n\u00e7\u2019\u0131 tebrik ederek, yeni g\u00f6revinde ba\u015far\u0131lar diledi. Tatar, KKTC\u2019nin varl\u0131\u011f\u0131n\u0131n, huzurunun ve g\u00fcvenli\u011finin temini i\u00e7in T\u00fcmgeneral Sebahattin K\u0131l\u0131n\u00e7 ile beraber \u00e7al\u0131\u015fmaktan mutluluk duyaca\u011f\u0131n\u0131 s\u00f6yledi. Cumhurba\u015fkan\u0131 Tatar,<\/p>\n","protected":false},"author":1,"featured_media":12350,"comment_status":"open","ping_status":"open","sticky":false,"template":"","format":"standard","meta":{"footnotes":""},"categories":[1],"tags":[],"class_list":["post-12349","post","type-post","status-publish","format-standard","has-post-thumbnail","hentry","category-gundem"],"yoast_head":"<!-- This site is optimized with the Yoast SEO plugin v27.5 - https:\/\/yoast.com\/product\/yoast-seo-wordpress\/ -->\n<title>Cumhurba\u015fkan\u0131 Tatar, KTBK Komutan\u0131 Sebahattin K\u0131l\u0131n\u00e7\u2019\u0131 kabul etti -<\/title>\n<meta name=\"robots\" content=\"index, follow, max-snippet:-1, max-image-preview:large, max-video-preview:-1\" \/>\n<link rel=\"canonical\" href=\"https:\/\/kibrisdakik.com\/?p=12349\" \/>\n<meta property=\"og:locale\" content=\"tr_TR\" \/>\n<meta property=\"og:type\" content=\"article\" \/>\n<meta property=\"og:title\" content=\"Cumhurba\u015fkan\u0131 Tatar, KTBK Komutan\u0131 Sebahattin K\u0131l\u0131n\u00e7\u2019\u0131 kabul etti -\" \/>\n<meta property=\"og:description\" content=\"Cumhurba\u015fkan\u0131 Ersin Tatar, K\u0131br\u0131s T\u00fcrk Bar\u0131\u015f Kuvvetleri (KTBK) Komutan\u0131 T\u00fcmgeneral Sebahattin K\u0131l\u0131n\u00e7\u2019\u0131 kabul etti. Cumhurba\u015fkanl\u0131\u011f\u0131ndan verilen bilgiye g\u00f6re, Cumhurba\u015fkan\u0131 Ersin Tatar, kabulde yapt\u0131\u011f\u0131 konu\u015fmada, KTBK komutanl\u0131\u011f\u0131na atanan T\u00fcmgeneral Sebahattin K\u0131l\u0131n\u00e7\u2019\u0131 tebrik ederek, yeni g\u00f6revinde ba\u015far\u0131lar diledi. Tatar, KKTC\u2019nin varl\u0131\u011f\u0131n\u0131n, huzurunun ve g\u00fcvenli\u011finin temini i\u00e7in T\u00fcmgeneral Sebahattin K\u0131l\u0131n\u00e7 ile beraber \u00e7al\u0131\u015fmaktan mutluluk duyaca\u011f\u0131n\u0131 s\u00f6yledi. Cumhurba\u015fkan\u0131 Tatar,\" \/>\n<meta property=\"og:url\" content=\"https:\/\/kibrisdakik.com\/?p=12349\" \/>\n<meta property=\"article:published_time\" content=\"2023-08-18T12:06:32+00:00\" \/>\n<meta property=\"og:image\" content=\"https:\/\/kibrisdakik.com\/wp-content\/uploads\/2023\/08\/tatar-yeni-ktbk-2--740x420.jpg\" \/>\n\t<meta property=\"og:image:width\" content=\"928\" \/>\n\t<meta property=\"og:image:height\" content=\"432\" \/>\n\t<meta property=\"og:image:type\" content=\"image\/jpeg\" \/>\n<meta name=\"author\" content=\"admin\" \/>\n<meta name=\"twitter:card\" content=\"summary_large_image\" \/>\n<meta name=\"twitter:label1\" content=\"Yazan:\" \/>\n\t<meta name=\"twitter:data1\" content=\"admin\" \/>\n\t<meta name=\"twitter:label2\" content=\"Tahmini okuma s\u00fcresi\" \/>\n\t<meta name=\"twitter:data2\" content=\"1 dakika\" \/>\n<script type=\"application\/ld+json\" class=\"yoast-schema-graph\">{\"@context\":\"https:\\\/\\\/schema.org\",\"@graph\":[{\"@type\":\"Article\",\"@id\":\"https:\\\/\\\/kibrisdakik.com\\\/?p=12349#article\",\"isPartOf\":{\"@id\":\"https:\\\/\\\/kibrisdakik.com\\\/?p=12349\"},\"author\":{\"name\":\"admin\",\"@id\":\"https:\\\/\\\/kibrisdakik.com\\\/#\\\/schema\\\/person\\\/9cd9d437bbb44f72b73ba127e06d8e79\"},\"headline\":\"Cumhurba\u015fkan\u0131 Tatar, KTBK Komutan\u0131 Sebahattin K\u0131l\u0131n\u00e7\u2019\u0131 kabul etti\",\"datePublished\":\"2023-08-18T12:06:32+00:00\",\"mainEntityOfPage\":{\"@id\":\"https:\\\/\\\/kibrisdakik.com\\\/?p=12349\"},\"wordCount\":309,\"commentCount\":0,\"image\":{\"@id\":\"https:\\\/\\\/kibrisdakik.com\\\/?p=12349#primaryimage\"},\"thumbnailUrl\":\"https:\\\/\\\/kibrisdakik.com\\\/wp-content\\\/uploads\\\/2023\\\/08\\\/tatar-yeni-ktbk-2--740x420.jpg\",\"articleSection\":[\"G\u00fcndem\"],\"inLanguage\":\"tr\",\"potentialAction\":[{\"@type\":\"CommentAction\",\"name\":\"Comment\",\"target\":[\"https:\\\/\\\/kibrisdakik.com\\\/?p=12349#respond\"]}]},{\"@type\":\"WebPage\",\"@id\":\"https:\\\/\\\/kibrisdakik.com\\\/?p=12349\",\"url\":\"https:\\\/\\\/kibrisdakik.com\\\/?p=12349\",\"name\":\"Cumhurba\u015fkan\u0131 Tatar, KTBK Komutan\u0131 Sebahattin K\u0131l\u0131n\u00e7\u2019\u0131 kabul etti -\",\"isPartOf\":{\"@id\":\"https:\\\/\\\/kibrisdakik.com\\\/#website\"},\"primaryImageOfPage\":{\"@id\":\"https:\\\/\\\/kibrisdakik.com\\\/?p=12349#primaryimage\"},\"image\":{\"@id\":\"https:\\\/\\\/kibrisdakik.com\\\/?p=12349#primaryimage\"},\"thumbnailUrl\":\"https:\\\/\\\/kibrisdakik.com\\\/wp-content\\\/uploads\\\/2023\\\/08\\\/tatar-yeni-ktbk-2--740x420.jpg\",\"datePublished\":\"2023-08-18T12:06:32+00:00\",\"author\":{\"@id\":\"https:\\\/\\\/kibrisdakik.com\\\/#\\\/schema\\\/person\\\/9cd9d437bbb44f72b73ba127e06d8e79\"},\"breadcrumb\":{\"@id\":\"https:\\\/\\\/kibrisdakik.com\\\/?p=12349#breadcrumb\"},\"inLanguage\":\"tr\",\"potentialAction\":[{\"@type\":\"ReadAction\",\"target\":[\"https:\\\/\\\/kibrisdakik.com\\\/?p=12349\"]}]},{\"@type\":\"ImageObject\",\"inLanguage\":\"tr\",\"@id\":\"https:\\\/\\\/kibrisdakik.com\\\/?p=12349#primaryimage\",\"url\":\"https:\\\/\\\/kibrisdakik.com\\\/wp-content\\\/uploads\\\/2023\\\/08\\\/tatar-yeni-ktbk-2--740x420.jpg\",\"contentUrl\":\"https:\\\/\\\/kibrisdakik.com\\\/wp-content\\\/uploads\\\/2023\\\/08\\\/tatar-yeni-ktbk-2--740x420.jpg\",\"width\":928,\"height\":432},{\"@type\":\"BreadcrumbList\",\"@id\":\"https:\\\/\\\/kibrisdakik.com\\\/?p=12349#breadcrumb\",\"itemListElement\":[{\"@type\":\"ListItem\",\"position\":1,\"name\":\"Home\",\"item\":\"https:\\\/\\\/kibrisdakik.com\\\/\"},{\"@type\":\"ListItem\",\"position\":2,\"name\":\"Cumhurba\u015fkan\u0131 Tatar, KTBK Komutan\u0131 Sebahattin K\u0131l\u0131n\u00e7\u2019\u0131 kabul etti\"}]},{\"@type\":\"WebSite\",\"@id\":\"https:\\\/\\\/kibrisdakik.com\\\/#website\",\"url\":\"https:\\\/\\\/kibrisdakik.com\\\/\",\"name\":\"\",\"description\":\"Tam vaktinde haber\",\"potentialAction\":[{\"@type\":\"SearchAction\",\"target\":{\"@type\":\"EntryPoint\",\"urlTemplate\":\"https:\\\/\\\/kibrisdakik.com\\\/?s={search_term_string}\"},\"query-input\":{\"@type\":\"PropertyValueSpecification\",\"valueRequired\":true,\"valueName\":\"search_term_string\"}}],\"inLanguage\":\"tr\"},{\"@type\":\"Person\",\"@id\":\"https:\\\/\\\/kibrisdakik.com\\\/#\\\/schema\\\/person\\\/9cd9d437bbb44f72b73ba127e06d8e79\",\"name\":\"admin\",\"image\":{\"@type\":\"ImageObject\",\"inLanguage\":\"tr\",\"@id\":\"https:\\\/\\\/secure.gravatar.com\\\/avatar\\\/ccc17943b9d660506c869530f897617f7cb1c21a4bf30023f252596d83e1f007?s=96&d=mm&r=g\",\"url\":\"https:\\\/\\\/secure.gravatar.com\\\/avatar\\\/ccc17943b9d660506c869530f897617f7cb1c21a4bf30023f252596d83e1f007?s=96&d=mm&r=g\",\"contentUrl\":\"https:\\\/\\\/secure.gravatar.com\\\/avatar\\\/ccc17943b9d660506c869530f897617f7cb1c21a4bf30023f252596d83e1f007?s=96&d=mm&r=g\",\"caption\":\"admin\"},\"sameAs\":[\"https:\\\/\\\/kibrisdakik.com\"],\"url\":\"https:\\\/\\\/kibrisdakik.com\\\/?author=1\"}]}<\/script>\n<!-- \/ Yoast SEO plugin. -->","yoast_head_json":{"title":"Cumhurba\u015fkan\u0131 Tatar, KTBK Komutan\u0131 Sebahattin K\u0131l\u0131n\u00e7\u2019\u0131 kabul etti -","robots":{"index":"index","follow":"follow","max-snippet":"max-snippet:-1","max-image-preview":"max-image-preview:large","max-video-preview":"max-video-preview:-1"},"canonical":"https:\/\/kibrisdakik.com\/?p=12349","og_locale":"tr_TR","og_type":"article","og_title":"Cumhurba\u015fkan\u0131 Tatar, KTBK Komutan\u0131 Sebahattin K\u0131l\u0131n\u00e7\u2019\u0131 kabul etti -","og_description":"Cumhurba\u015fkan\u0131 Ersin Tatar, K\u0131br\u0131s T\u00fcrk Bar\u0131\u015f Kuvvetleri (KTBK) Komutan\u0131 T\u00fcmgeneral Sebahattin K\u0131l\u0131n\u00e7\u2019\u0131 kabul etti. Cumhurba\u015fkanl\u0131\u011f\u0131ndan verilen bilgiye g\u00f6re, Cumhurba\u015fkan\u0131 Ersin Tatar, kabulde yapt\u0131\u011f\u0131 konu\u015fmada, KTBK komutanl\u0131\u011f\u0131na atanan T\u00fcmgeneral Sebahattin K\u0131l\u0131n\u00e7\u2019\u0131 tebrik ederek, yeni g\u00f6revinde ba\u015far\u0131lar diledi. Tatar, KKTC\u2019nin varl\u0131\u011f\u0131n\u0131n, huzurunun ve g\u00fcvenli\u011finin temini i\u00e7in T\u00fcmgeneral Sebahattin K\u0131l\u0131n\u00e7 ile beraber \u00e7al\u0131\u015fmaktan mutluluk duyaca\u011f\u0131n\u0131 s\u00f6yledi. Cumhurba\u015fkan\u0131 Tatar,","og_url":"https:\/\/kibrisdakik.com\/?p=12349","article_published_time":"2023-08-18T12:06:32+00:00","og_image":[{"width":928,"height":432,"url":"https:\/\/kibrisdakik.com\/wp-content\/uploads\/2023\/08\/tatar-yeni-ktbk-2--740x420.jpg","type":"image\/jpeg"}],"author":"admin","twitter_card":"summary_large_image","twitter_misc":{"Yazan:":"admin","Tahmini okuma s\u00fcresi":"1 dakika"},"schema":{"@context":"https:\/\/schema.org","@graph":[{"@type":"Article","@id":"https:\/\/kibrisdakik.com\/?p=12349#article","isPartOf":{"@id":"https:\/\/kibrisdakik.com\/?p=12349"},"author":{"name":"admin","@id":"https:\/\/kibrisdakik.com\/#\/schema\/person\/9cd9d437bbb44f72b73ba127e06d8e79"},"headline":"Cumhurba\u015fkan\u0131 Tatar, KTBK Komutan\u0131 Sebahattin K\u0131l\u0131n\u00e7\u2019\u0131 kabul etti","datePublished":"2023-08-18T12:06:32+00:00","mainEntityOfPage":{"@id":"https:\/\/kibrisdakik.com\/?p=12349"},"wordCount":309,"commentCount":0,"image":{"@id":"https:\/\/kibrisdakik.com\/?p=12349#primaryimage"},"thumbnailUrl":"https:\/\/kibrisdakik.com\/wp-content\/uploads\/2023\/08\/tatar-yeni-ktbk-2--740x420.jpg","articleSection":["G\u00fcndem"],"inLanguage":"tr","potentialAction":[{"@type":"CommentAction","name":"Comment","target":["https:\/\/kibrisdakik.com\/?p=12349#respond"]}]},{"@type":"WebPage","@id":"https:\/\/kibrisdakik.com\/?p=12349","url":"https:\/\/kibrisdakik.com\/?p=12349","name":"Cumhurba\u015fkan\u0131 Tatar, KTBK Komutan\u0131 Sebahattin K\u0131l\u0131n\u00e7\u2019\u0131 kabul etti -","isPartOf":{"@id":"https:\/\/kibrisdakik.com\/#website"},"primaryImageOfPage":{"@id":"https:\/\/kibrisdakik.com\/?p=12349#primaryimage"},"image":{"@id":"https:\/\/kibrisdakik.com\/?p=12349#primaryimage"},"thumbnailUrl":"https:\/\/kibrisdakik.com\/wp-content\/uploads\/2023\/08\/tatar-yeni-ktbk-2--740x420.jpg","datePublished":"2023-08-18T12:06:32+00:00","author":{"@id":"https:\/\/kibrisdakik.com\/#\/schema\/person\/9cd9d437bbb44f72b73ba127e06d8e79"},"breadcrumb":{"@id":"https:\/\/kibrisdakik.com\/?p=12349#breadcrumb"},"inLanguage":"tr","potentialAction":[{"@type":"ReadAction","target":["https:\/\/kibrisdakik.com\/?p=12349"]}]},{"@type":"ImageObject","inLanguage":"tr","@id":"https:\/\/kibrisdakik.com\/?p=12349#primaryimage","url":"https:\/\/kibrisdakik.com\/wp-content\/uploads\/2023\/08\/tatar-yeni-ktbk-2--740x420.jpg","contentUrl":"https:\/\/kibrisdakik.com\/wp-content\/uploads\/2023\/08\/tatar-yeni-ktbk-2--740x420.jpg","width":928,"height":432},{"@type":"BreadcrumbList","@id":"https:\/\/kibrisdakik.com\/?p=12349#breadcrumb","itemListElement":[{"@type":"ListItem","position":1,"name":"Home","item":"https:\/\/kibrisdakik.com\/"},{"@type":"ListItem","position":2,"name":"Cumhurba\u015fkan\u0131 Tatar, KTBK Komutan\u0131 Sebahattin K\u0131l\u0131n\u00e7\u2019\u0131 kabul etti"}]},{"@type":"WebSite","@id":"https:\/\/kibrisdakik.com\/#website","url":"https:\/\/kibrisdakik.com\/","name":"","description":"Tam vaktinde haber","potentialAction":[{"@type":"SearchAction","target":{"@type":"EntryPoint","urlTemplate":"https:\/\/kibrisdakik.com\/?s={search_term_string}"},"query-input":{"@type":"PropertyValueSpecification","valueRequired":true,"valueName":"search_term_string"}}],"inLanguage":"tr"},{"@type":"Person","@id":"https:\/\/kibrisdakik.com\/#\/schema\/person\/9cd9d437bbb44f72b73ba127e06d8e79","name":"admin","image":{"@type":"ImageObject","inLanguage":"tr","@id":"https:\/\/secure.gravatar.com\/avatar\/ccc17943b9d660506c869530f897617f7cb1c21a4bf30023f252596d83e1f007?s=96&d=mm&r=g","url":"https:\/\/secure.gravatar.com\/avatar\/ccc17943b9d660506c869530f897617f7cb1c21a4bf30023f252596d83e1f007?s=96&d=mm&r=g","contentUrl":"https:\/\/secure.gravatar.com\/avatar\/ccc17943b9d660506c869530f897617f7cb1c21a4bf30023f252596d83e1f007?s=96&d=mm&r=g","caption":"admin"},"sameAs":["https:\/\/kibrisdakik.com"],"url":"https:\/\/kibrisdakik.com\/?author=1"}]}},"_links":{"self":[{"href":"https:\/\/kibrisdakik.com\/index.php?rest_route=\/wp\/v2\/posts\/12349","targetHints":{"allow":["GET"]}}],"collection":[{"href":"https:\/\/kibrisdakik.com\/index.php?rest_route=\/wp\/v2\/posts"}],"about":[{"href":"https:\/\/kibrisdakik.com\/index.php?rest_route=\/wp\/v2\/types\/post"}],"author":[{"embeddable":true,"href":"https:\/\/kibrisdakik.com\/index.php?rest_route=\/wp\/v2\/users\/1"}],"replies":[{"embeddable":true,"href":"https:\/\/kibrisdakik.com\/index.php?rest_route=%2Fwp%2Fv2%2Fcomments&post=12349"}],"version-history":[{"count":0,"href":"https:\/\/kibrisdakik.com\/index.php?rest_route=\/wp\/v2\/posts\/12349\/revisions"}],"wp:featuredmedia":[{"embeddable":true,"href":"https:\/\/kibrisdakik.com\/index.php?rest_route=\/wp\/v2\/media\/12350"}],"wp:attachment":[{"href":"https:\/\/kibrisdakik.com\/index.php?rest_route=%2Fwp%2Fv2%2Fmedia&parent=12349"}],"wp:term":[{"taxonomy":"category","embeddable":true,"href":"https:\/\/kibrisdakik.com\/index.php?rest_route=%2Fwp%2Fv2%2Fcategories&post=12349"},{"taxonomy":"post_tag","embeddable":true,"href":"https:\/\/kibrisdakik.com\/index.php?rest_route=%2Fwp%2Fv2%2Ftags&post=12349"}],"curies":[{"name":"wp","href":"https:\/\/api.w.org\/{rel}","templated":true}]}}