{"id":12358,"date":"2023-08-18T13:23:39","date_gmt":"2023-08-18T13:23:39","guid":{"rendered":"https:\/\/kibrisdakik.com\/index.php\/2023\/08\/18\/hafta-sonu-karpaz-yarimadasinda-5inci-geleneksel-ada-turu-yapiliyor\/"},"modified":"2023-08-18T13:23:39","modified_gmt":"2023-08-18T13:23:39","slug":"hafta-sonu-karpaz-yarimadasinda-5inci-geleneksel-ada-turu-yapiliyor","status":"publish","type":"post","link":"https:\/\/kibrisdakik.com\/?p=12358","title":{"rendered":"Hafta sonu Karpaz Yar\u0131madas\u0131\u2019nda 5\u2019inci geleneksel ada turu yap\u0131l\u0131yor"},"content":{"rendered":"<p><\/p>\n<div>\n<div class=\"mariselle-image-container none\">\n                <img width=\"833\" height=\"566\" class=\"lazy-image\" alt=\"\" decoding=\"async\" loading=\"lazy\" sizes=\"auto, (max-width: 833px) 100vw, 833px\" src=\"https:\/\/brtk.net\/wp-content\/uploads\/2023\/08\/18\/polis-bisiklet-yarisi-gorsel.jpeg?ver=a7f029ce565f3006afb1f0b6787f5b96\" srcset=\"https:\/\/brtk.net\/wp-content\/uploads\/2023\/08\/18\/polis-bisiklet-yarisi-gorsel.jpeg?ver=a7f029ce565f3006afb1f0b6787f5b96 833w, https:\/\/brtk.net\/wp-content\/uploads\/2023\/08\/18\/polis-bisiklet-yarisi-gorsel-300x204.jpeg?ver=a7f029ce565f3006afb1f0b6787f5b96 300w, https:\/\/brtk.net\/wp-content\/uploads\/2023\/08\/18\/polis-bisiklet-yarisi-gorsel-768x522.jpeg?ver=a7f029ce565f3006afb1f0b6787f5b96 768w\"\/>                            <\/div>\n<p style=\"font-weight: 300;\">Green Pedal Bisiklet Kul\u00fcb\u00fc taraf\u0131ndan hafta sonu Karpaz Yar\u0131madas\u0131\u2019nda d\u00fczenlenecek 5\u2019inci geleneksel ada turu nedeniyle polis s\u0131k\u0131 \u00f6nlemler ald\u0131.<\/p>\n<p style=\"font-weight: 300;\">Bisiket turu nedeniyle, \u0130skele Long Beach\u2019te bulunan Cortado Cafe \u00f6n\u00fcnden, \u00d6t\u00fcken-Kuzucuk-Y\u0131ld\u0131r\u0131m-Ge\u00e7itkale-Mall\u0131da\u011f-Kuzey sahil yolu yol g\u00fczergah\u0131 boyunca bisikletli sporculara polis eskortu e\u015flik edecek; ayr\u0131ca sporcular\u0131n ge\u00e7ece\u011fi g\u00fczergahtaki t\u00fcm kav\u015faklar polis taraf\u0131ndan kesilerek ara\u00e7 trafi\u011fine kapat\u0131lacak.<\/p>\n<p style=\"font-weight: 300;\"><span style=\"font-weight: 300 !important;\">Polis Bas\u0131n Subayl\u0131\u011f\u0131\u2019ndan yap\u0131lan a\u00e7\u0131klamada, belirtilen g\u00fczergah\u0131 kullanacak s\u00fcr\u00fcc\u00fclerin dikkatli ve yava\u015f seyretmeleri, trafik i\u015faret ve i\u015faret\u00e7ilerine uymalar\u0131 konusunda uyar\u0131da bulunuldu.<\/span><\/p>\n<p style=\"font-weight: 300;\"><span style=\"font-weight: 300 !important;\">A\u00e7\u0131klamaya g\u00f6re yar\u0131n saat 06.00\u2019da, \u0130skele Long Beach\u2019te bulunan Cortado Cafe \u00f6n\u00fcnden, \u00d6t\u00fcken-Kuzucuk-Y\u0131ld\u0131r\u0131m-Ge\u00e7itkale-Mall\u0131da\u011f-Kuzey sahil yolu yol g\u00fczergah\u0131 takip edilerek Dipkarpaz k\u00f6y\u00fcne gidilecek.<\/span><\/p>\n<p style=\"font-weight: 300;\"><span style=\"font-weight: 300 !important;\">Pazar g\u00fcn\u00fc ise yine ayn\u0131 saatte Dipkarpaz k\u00f6y\u00fcnden ba\u015flayarak, Sipahi-Kaleburnu-Avtepe-Derince-Ziyamet-Kumyal\u0131-Mehmet\u00e7ik-Yedikonuk-Kilitkaya-Ergazi-Ardahan-\u0130skele yol g\u00fczergah\u0131 takip edilerek, \u0130skele Long Beach\u2019te bulunan Cortado Cafe \u00f6n\u00fcne gelinecek ve ada turu burada sona erecek.<\/span><\/p>\n<p>TAK\/<a href=\"https:\/\/brtk.net\/\">BRT<\/a><\/p>\n<\/p><\/div>\n<p><script async\n                    defer\n                    crossorigin=\"anonymous\"\n                    src=\"https:\/\/connect.facebook.net\/tr_TR\/sdk.js#xfbml=1&#038;version=v3.3\"\n            ><\/script><\/p>\n","protected":false},"excerpt":{"rendered":"<p>Green Pedal Bisiklet Kul\u00fcb\u00fc taraf\u0131ndan hafta sonu Karpaz Yar\u0131madas\u0131\u2019nda d\u00fczenlenecek 5\u2019inci geleneksel ada turu nedeniyle polis s\u0131k\u0131 \u00f6nlemler ald\u0131. Bisiket turu nedeniyle, \u0130skele Long Beach\u2019te bulunan Cortado Cafe \u00f6n\u00fcnden, \u00d6t\u00fcken-Kuzucuk-Y\u0131ld\u0131r\u0131m-Ge\u00e7itkale-Mall\u0131da\u011f-Kuzey sahil yolu yol g\u00fczergah\u0131 boyunca bisikletli sporculara polis eskortu e\u015flik edecek; ayr\u0131ca sporcular\u0131n ge\u00e7ece\u011fi g\u00fczergahtaki t\u00fcm kav\u015faklar polis taraf\u0131ndan kesilerek ara\u00e7 trafi\u011fine kapat\u0131lacak. Polis Bas\u0131n<\/p>\n","protected":false},"author":1,"featured_media":12359,"comment_status":"open","ping_status":"open","sticky":false,"template":"","format":"standard","meta":{"footnotes":""},"categories":[1],"tags":[],"class_list":["post-12358","post","type-post","status-publish","format-standard","has-post-thumbnail","hentry","category-gundem"],"yoast_head":"<!-- This site is optimized with the Yoast SEO plugin v27.5 - https:\/\/yoast.com\/product\/yoast-seo-wordpress\/ -->\n<title>Hafta sonu Karpaz Yar\u0131madas\u0131\u2019nda 5\u2019inci geleneksel ada turu yap\u0131l\u0131yor -<\/title>\n<meta name=\"robots\" content=\"index, follow, max-snippet:-1, max-image-preview:large, max-video-preview:-1\" \/>\n<link rel=\"canonical\" href=\"https:\/\/kibrisdakik.com\/?p=12358\" \/>\n<meta property=\"og:locale\" content=\"tr_TR\" \/>\n<meta property=\"og:type\" content=\"article\" \/>\n<meta property=\"og:title\" content=\"Hafta sonu Karpaz Yar\u0131madas\u0131\u2019nda 5\u2019inci geleneksel ada turu yap\u0131l\u0131yor -\" \/>\n<meta property=\"og:description\" content=\"Green Pedal Bisiklet Kul\u00fcb\u00fc taraf\u0131ndan hafta sonu Karpaz Yar\u0131madas\u0131\u2019nda d\u00fczenlenecek 5\u2019inci geleneksel ada turu nedeniyle polis s\u0131k\u0131 \u00f6nlemler ald\u0131. Bisiket turu nedeniyle, \u0130skele Long Beach\u2019te bulunan Cortado Cafe \u00f6n\u00fcnden, \u00d6t\u00fcken-Kuzucuk-Y\u0131ld\u0131r\u0131m-Ge\u00e7itkale-Mall\u0131da\u011f-Kuzey sahil yolu yol g\u00fczergah\u0131 boyunca bisikletli sporculara polis eskortu e\u015flik edecek; ayr\u0131ca sporcular\u0131n ge\u00e7ece\u011fi g\u00fczergahtaki t\u00fcm kav\u015faklar polis taraf\u0131ndan kesilerek ara\u00e7 trafi\u011fine kapat\u0131lacak. Polis Bas\u0131n\" \/>\n<meta property=\"og:url\" content=\"https:\/\/kibrisdakik.com\/?p=12358\" \/>\n<meta property=\"article:published_time\" content=\"2023-08-18T13:23:39+00:00\" \/>\n<meta property=\"og:image\" content=\"https:\/\/kibrisdakik.com\/wp-content\/uploads\/2023\/08\/polis-bisiklet-yarisi-gorsel-740x420.jpeg\" \/>\n\t<meta property=\"og:image:width\" content=\"833\" \/>\n\t<meta property=\"og:image:height\" content=\"566\" \/>\n\t<meta property=\"og:image:type\" content=\"image\/jpeg\" \/>\n<meta name=\"author\" content=\"admin\" \/>\n<meta name=\"twitter:card\" content=\"summary_large_image\" \/>\n<meta name=\"twitter:label1\" content=\"Yazan:\" \/>\n\t<meta name=\"twitter:data1\" content=\"admin\" \/>\n\t<meta name=\"twitter:label2\" content=\"Tahmini okuma s\u00fcresi\" \/>\n\t<meta name=\"twitter:data2\" content=\"1 dakika\" \/>\n<script type=\"application\/ld+json\" class=\"yoast-schema-graph\">{\"@context\":\"https:\\\/\\\/schema.org\",\"@graph\":[{\"@type\":\"Article\",\"@id\":\"https:\\\/\\\/kibrisdakik.com\\\/?p=12358#article\",\"isPartOf\":{\"@id\":\"https:\\\/\\\/kibrisdakik.com\\\/?p=12358\"},\"author\":{\"name\":\"admin\",\"@id\":\"https:\\\/\\\/kibrisdakik.com\\\/#\\\/schema\\\/person\\\/9cd9d437bbb44f72b73ba127e06d8e79\"},\"headline\":\"Hafta sonu Karpaz Yar\u0131madas\u0131\u2019nda 5\u2019inci geleneksel ada turu yap\u0131l\u0131yor\",\"datePublished\":\"2023-08-18T13:23:39+00:00\",\"mainEntityOfPage\":{\"@id\":\"https:\\\/\\\/kibrisdakik.com\\\/?p=12358\"},\"wordCount\":203,\"commentCount\":0,\"image\":{\"@id\":\"https:\\\/\\\/kibrisdakik.com\\\/?p=12358#primaryimage\"},\"thumbnailUrl\":\"https:\\\/\\\/kibrisdakik.com\\\/wp-content\\\/uploads\\\/2023\\\/08\\\/polis-bisiklet-yarisi-gorsel-740x420.jpeg\",\"articleSection\":[\"G\u00fcndem\"],\"inLanguage\":\"tr\",\"potentialAction\":[{\"@type\":\"CommentAction\",\"name\":\"Comment\",\"target\":[\"https:\\\/\\\/kibrisdakik.com\\\/?p=12358#respond\"]}]},{\"@type\":\"WebPage\",\"@id\":\"https:\\\/\\\/kibrisdakik.com\\\/?p=12358\",\"url\":\"https:\\\/\\\/kibrisdakik.com\\\/?p=12358\",\"name\":\"Hafta sonu Karpaz Yar\u0131madas\u0131\u2019nda 5\u2019inci geleneksel ada turu yap\u0131l\u0131yor -\",\"isPartOf\":{\"@id\":\"https:\\\/\\\/kibrisdakik.com\\\/#website\"},\"primaryImageOfPage\":{\"@id\":\"https:\\\/\\\/kibrisdakik.com\\\/?p=12358#primaryimage\"},\"image\":{\"@id\":\"https:\\\/\\\/kibrisdakik.com\\\/?p=12358#primaryimage\"},\"thumbnailUrl\":\"https:\\\/\\\/kibrisdakik.com\\\/wp-content\\\/uploads\\\/2023\\\/08\\\/polis-bisiklet-yarisi-gorsel-740x420.jpeg\",\"datePublished\":\"2023-08-18T13:23:39+00:00\",\"author\":{\"@id\":\"https:\\\/\\\/kibrisdakik.com\\\/#\\\/schema\\\/person\\\/9cd9d437bbb44f72b73ba127e06d8e79\"},\"breadcrumb\":{\"@id\":\"https:\\\/\\\/kibrisdakik.com\\\/?p=12358#breadcrumb\"},\"inLanguage\":\"tr\",\"potentialAction\":[{\"@type\":\"ReadAction\",\"target\":[\"https:\\\/\\\/kibrisdakik.com\\\/?p=12358\"]}]},{\"@type\":\"ImageObject\",\"inLanguage\":\"tr\",\"@id\":\"https:\\\/\\\/kibrisdakik.com\\\/?p=12358#primaryimage\",\"url\":\"https:\\\/\\\/kibrisdakik.com\\\/wp-content\\\/uploads\\\/2023\\\/08\\\/polis-bisiklet-yarisi-gorsel-740x420.jpeg\",\"contentUrl\":\"https:\\\/\\\/kibrisdakik.com\\\/wp-content\\\/uploads\\\/2023\\\/08\\\/polis-bisiklet-yarisi-gorsel-740x420.jpeg\",\"width\":833,\"height\":566},{\"@type\":\"BreadcrumbList\",\"@id\":\"https:\\\/\\\/kibrisdakik.com\\\/?p=12358#breadcrumb\",\"itemListElement\":[{\"@type\":\"ListItem\",\"position\":1,\"name\":\"Home\",\"item\":\"https:\\\/\\\/kibrisdakik.com\\\/\"},{\"@type\":\"ListItem\",\"position\":2,\"name\":\"Hafta sonu Karpaz Yar\u0131madas\u0131\u2019nda 5\u2019inci geleneksel ada turu yap\u0131l\u0131yor\"}]},{\"@type\":\"WebSite\",\"@id\":\"https:\\\/\\\/kibrisdakik.com\\\/#website\",\"url\":\"https:\\\/\\\/kibrisdakik.com\\\/\",\"name\":\"\",\"description\":\"Tam vaktinde haber\",\"potentialAction\":[{\"@type\":\"SearchAction\",\"target\":{\"@type\":\"EntryPoint\",\"urlTemplate\":\"https:\\\/\\\/kibrisdakik.com\\\/?s={search_term_string}\"},\"query-input\":{\"@type\":\"PropertyValueSpecification\",\"valueRequired\":true,\"valueName\":\"search_term_string\"}}],\"inLanguage\":\"tr\"},{\"@type\":\"Person\",\"@id\":\"https:\\\/\\\/kibrisdakik.com\\\/#\\\/schema\\\/person\\\/9cd9d437bbb44f72b73ba127e06d8e79\",\"name\":\"admin\",\"image\":{\"@type\":\"ImageObject\",\"inLanguage\":\"tr\",\"@id\":\"https:\\\/\\\/secure.gravatar.com\\\/avatar\\\/ccc17943b9d660506c869530f897617f7cb1c21a4bf30023f252596d83e1f007?s=96&d=mm&r=g\",\"url\":\"https:\\\/\\\/secure.gravatar.com\\\/avatar\\\/ccc17943b9d660506c869530f897617f7cb1c21a4bf30023f252596d83e1f007?s=96&d=mm&r=g\",\"contentUrl\":\"https:\\\/\\\/secure.gravatar.com\\\/avatar\\\/ccc17943b9d660506c869530f897617f7cb1c21a4bf30023f252596d83e1f007?s=96&d=mm&r=g\",\"caption\":\"admin\"},\"sameAs\":[\"https:\\\/\\\/kibrisdakik.com\"],\"url\":\"https:\\\/\\\/kibrisdakik.com\\\/?author=1\"}]}<\/script>\n<!-- \/ Yoast SEO plugin. -->","yoast_head_json":{"title":"Hafta sonu Karpaz Yar\u0131madas\u0131\u2019nda 5\u2019inci geleneksel ada turu yap\u0131l\u0131yor -","robots":{"index":"index","follow":"follow","max-snippet":"max-snippet:-1","max-image-preview":"max-image-preview:large","max-video-preview":"max-video-preview:-1"},"canonical":"https:\/\/kibrisdakik.com\/?p=12358","og_locale":"tr_TR","og_type":"article","og_title":"Hafta sonu Karpaz Yar\u0131madas\u0131\u2019nda 5\u2019inci geleneksel ada turu yap\u0131l\u0131yor -","og_description":"Green Pedal Bisiklet Kul\u00fcb\u00fc taraf\u0131ndan hafta sonu Karpaz Yar\u0131madas\u0131\u2019nda d\u00fczenlenecek 5\u2019inci geleneksel ada turu nedeniyle polis s\u0131k\u0131 \u00f6nlemler ald\u0131. Bisiket turu nedeniyle, \u0130skele Long Beach\u2019te bulunan Cortado Cafe \u00f6n\u00fcnden, \u00d6t\u00fcken-Kuzucuk-Y\u0131ld\u0131r\u0131m-Ge\u00e7itkale-Mall\u0131da\u011f-Kuzey sahil yolu yol g\u00fczergah\u0131 boyunca bisikletli sporculara polis eskortu e\u015flik edecek; ayr\u0131ca sporcular\u0131n ge\u00e7ece\u011fi g\u00fczergahtaki t\u00fcm kav\u015faklar polis taraf\u0131ndan kesilerek ara\u00e7 trafi\u011fine kapat\u0131lacak. Polis Bas\u0131n","og_url":"https:\/\/kibrisdakik.com\/?p=12358","article_published_time":"2023-08-18T13:23:39+00:00","og_image":[{"width":833,"height":566,"url":"https:\/\/kibrisdakik.com\/wp-content\/uploads\/2023\/08\/polis-bisiklet-yarisi-gorsel-740x420.jpeg","type":"image\/jpeg"}],"author":"admin","twitter_card":"summary_large_image","twitter_misc":{"Yazan:":"admin","Tahmini okuma s\u00fcresi":"1 dakika"},"schema":{"@context":"https:\/\/schema.org","@graph":[{"@type":"Article","@id":"https:\/\/kibrisdakik.com\/?p=12358#article","isPartOf":{"@id":"https:\/\/kibrisdakik.com\/?p=12358"},"author":{"name":"admin","@id":"https:\/\/kibrisdakik.com\/#\/schema\/person\/9cd9d437bbb44f72b73ba127e06d8e79"},"headline":"Hafta sonu Karpaz Yar\u0131madas\u0131\u2019nda 5\u2019inci geleneksel ada turu yap\u0131l\u0131yor","datePublished":"2023-08-18T13:23:39+00:00","mainEntityOfPage":{"@id":"https:\/\/kibrisdakik.com\/?p=12358"},"wordCount":203,"commentCount":0,"image":{"@id":"https:\/\/kibrisdakik.com\/?p=12358#primaryimage"},"thumbnailUrl":"https:\/\/kibrisdakik.com\/wp-content\/uploads\/2023\/08\/polis-bisiklet-yarisi-gorsel-740x420.jpeg","articleSection":["G\u00fcndem"],"inLanguage":"tr","potentialAction":[{"@type":"CommentAction","name":"Comment","target":["https:\/\/kibrisdakik.com\/?p=12358#respond"]}]},{"@type":"WebPage","@id":"https:\/\/kibrisdakik.com\/?p=12358","url":"https:\/\/kibrisdakik.com\/?p=12358","name":"Hafta sonu Karpaz Yar\u0131madas\u0131\u2019nda 5\u2019inci geleneksel ada turu yap\u0131l\u0131yor -","isPartOf":{"@id":"https:\/\/kibrisdakik.com\/#website"},"primaryImageOfPage":{"@id":"https:\/\/kibrisdakik.com\/?p=12358#primaryimage"},"image":{"@id":"https:\/\/kibrisdakik.com\/?p=12358#primaryimage"},"thumbnailUrl":"https:\/\/kibrisdakik.com\/wp-content\/uploads\/2023\/08\/polis-bisiklet-yarisi-gorsel-740x420.jpeg","datePublished":"2023-08-18T13:23:39+00:00","author":{"@id":"https:\/\/kibrisdakik.com\/#\/schema\/person\/9cd9d437bbb44f72b73ba127e06d8e79"},"breadcrumb":{"@id":"https:\/\/kibrisdakik.com\/?p=12358#breadcrumb"},"inLanguage":"tr","potentialAction":[{"@type":"ReadAction","target":["https:\/\/kibrisdakik.com\/?p=12358"]}]},{"@type":"ImageObject","inLanguage":"tr","@id":"https:\/\/kibrisdakik.com\/?p=12358#primaryimage","url":"https:\/\/kibrisdakik.com\/wp-content\/uploads\/2023\/08\/polis-bisiklet-yarisi-gorsel-740x420.jpeg","contentUrl":"https:\/\/kibrisdakik.com\/wp-content\/uploads\/2023\/08\/polis-bisiklet-yarisi-gorsel-740x420.jpeg","width":833,"height":566},{"@type":"BreadcrumbList","@id":"https:\/\/kibrisdakik.com\/?p=12358#breadcrumb","itemListElement":[{"@type":"ListItem","position":1,"name":"Home","item":"https:\/\/kibrisdakik.com\/"},{"@type":"ListItem","position":2,"name":"Hafta sonu Karpaz Yar\u0131madas\u0131\u2019nda 5\u2019inci geleneksel ada turu yap\u0131l\u0131yor"}]},{"@type":"WebSite","@id":"https:\/\/kibrisdakik.com\/#website","url":"https:\/\/kibrisdakik.com\/","name":"","description":"Tam vaktinde haber","potentialAction":[{"@type":"SearchAction","target":{"@type":"EntryPoint","urlTemplate":"https:\/\/kibrisdakik.com\/?s={search_term_string}"},"query-input":{"@type":"PropertyValueSpecification","valueRequired":true,"valueName":"search_term_string"}}],"inLanguage":"tr"},{"@type":"Person","@id":"https:\/\/kibrisdakik.com\/#\/schema\/person\/9cd9d437bbb44f72b73ba127e06d8e79","name":"admin","image":{"@type":"ImageObject","inLanguage":"tr","@id":"https:\/\/secure.gravatar.com\/avatar\/ccc17943b9d660506c869530f897617f7cb1c21a4bf30023f252596d83e1f007?s=96&d=mm&r=g","url":"https:\/\/secure.gravatar.com\/avatar\/ccc17943b9d660506c869530f897617f7cb1c21a4bf30023f252596d83e1f007?s=96&d=mm&r=g","contentUrl":"https:\/\/secure.gravatar.com\/avatar\/ccc17943b9d660506c869530f897617f7cb1c21a4bf30023f252596d83e1f007?s=96&d=mm&r=g","caption":"admin"},"sameAs":["https:\/\/kibrisdakik.com"],"url":"https:\/\/kibrisdakik.com\/?author=1"}]}},"_links":{"self":[{"href":"https:\/\/kibrisdakik.com\/index.php?rest_route=\/wp\/v2\/posts\/12358","targetHints":{"allow":["GET"]}}],"collection":[{"href":"https:\/\/kibrisdakik.com\/index.php?rest_route=\/wp\/v2\/posts"}],"about":[{"href":"https:\/\/kibrisdakik.com\/index.php?rest_route=\/wp\/v2\/types\/post"}],"author":[{"embeddable":true,"href":"https:\/\/kibrisdakik.com\/index.php?rest_route=\/wp\/v2\/users\/1"}],"replies":[{"embeddable":true,"href":"https:\/\/kibrisdakik.com\/index.php?rest_route=%2Fwp%2Fv2%2Fcomments&post=12358"}],"version-history":[{"count":0,"href":"https:\/\/kibrisdakik.com\/index.php?rest_route=\/wp\/v2\/posts\/12358\/revisions"}],"wp:featuredmedia":[{"embeddable":true,"href":"https:\/\/kibrisdakik.com\/index.php?rest_route=\/wp\/v2\/media\/12359"}],"wp:attachment":[{"href":"https:\/\/kibrisdakik.com\/index.php?rest_route=%2Fwp%2Fv2%2Fmedia&parent=12358"}],"wp:term":[{"taxonomy":"category","embeddable":true,"href":"https:\/\/kibrisdakik.com\/index.php?rest_route=%2Fwp%2Fv2%2Fcategories&post=12358"},{"taxonomy":"post_tag","embeddable":true,"href":"https:\/\/kibrisdakik.com\/index.php?rest_route=%2Fwp%2Fv2%2Ftags&post=12358"}],"curies":[{"name":"wp","href":"https:\/\/api.w.org\/{rel}","templated":true}]}}