{"id":12466,"date":"2023-08-22T10:37:20","date_gmt":"2023-08-22T10:37:20","guid":{"rendered":"https:\/\/kibrisdakik.com\/index.php\/2023\/08\/22\/gardiyanoglu-ktso-yetkilileriyle-gorustu\/"},"modified":"2023-08-22T10:37:20","modified_gmt":"2023-08-22T10:37:20","slug":"gardiyanoglu-ktso-yetkilileriyle-gorustu","status":"publish","type":"post","link":"https:\/\/kibrisdakik.com\/?p=12466","title":{"rendered":"Gardiyano\u011flu, KTSO yetkilileriyle g\u00f6r\u00fc\u015ft\u00fc"},"content":{"rendered":"<p><\/p>\n<div>\n<div class=\"mariselle-image-container center\">\n                <img width=\"2560\" height=\"1709\" class=\"lazy-image\" alt=\"\" decoding=\"async\" loading=\"lazy\" sizes=\"auto, (max-width: 2560px) 100vw, 2560px\" src=\"https:\/\/brtk.net\/wp-content\/uploads\/2023\/08\/22\/calisma-ve-sosyal-guvenlik-bakani-gardiyanoglu-kt-sanayi-odasi-yetkililerini-kabul-etti-2-so-scaled.jpg?ver=cad8ce227c358bdc54bf8d7eb0f1e261\" srcset=\"https:\/\/brtk.net\/wp-content\/uploads\/2023\/08\/22\/calisma-ve-sosyal-guvenlik-bakani-gardiyanoglu-kt-sanayi-odasi-yetkililerini-kabul-etti-2-so-scaled.jpg?ver=cad8ce227c358bdc54bf8d7eb0f1e261 2560w, https:\/\/brtk.net\/wp-content\/uploads\/2023\/08\/22\/calisma-ve-sosyal-guvenlik-bakani-gardiyanoglu-kt-sanayi-odasi-yetkililerini-kabul-etti-2-so-300x200.jpg?ver=42f7781f82d67b36b6dfe48c818bc3aa 300w, https:\/\/brtk.net\/wp-content\/uploads\/2023\/08\/22\/calisma-ve-sosyal-guvenlik-bakani-gardiyanoglu-kt-sanayi-odasi-yetkililerini-kabul-etti-2-so-1024x684.jpg?ver=51c3201df671d2c9bfcd8af89961bac3 1024w, https:\/\/brtk.net\/wp-content\/uploads\/2023\/08\/22\/calisma-ve-sosyal-guvenlik-bakani-gardiyanoglu-kt-sanayi-odasi-yetkililerini-kabul-etti-2-so-768x513.jpg?ver=62dd1fcc98e1d5d4defc05a6ab8b39bb 768w, https:\/\/brtk.net\/wp-content\/uploads\/2023\/08\/22\/calisma-ve-sosyal-guvenlik-bakani-gardiyanoglu-kt-sanayi-odasi-yetkililerini-kabul-etti-2-so-1536x1025.jpg?ver=c6459e3701bfa3a0a05bf0c317cbab43 1536w, https:\/\/brtk.net\/wp-content\/uploads\/2023\/08\/22\/calisma-ve-sosyal-guvenlik-bakani-gardiyanoglu-kt-sanayi-odasi-yetkililerini-kabul-etti-2-so-2048x1367.jpg?ver=4715b6b78bf8d2dabef5a9abbaa9201d 2048w\"\/>                            <\/div>\n<p>\u00c7al\u0131\u015fma ve Sosyal G\u00fcvenlik Bakan\u0131 Sad\u0131k Gardiyano\u011flu, KTSO yetkilileriyle g\u00f6r\u00fc\u015ft\u00fc.<\/p>\n<p>\u00c7al\u0131\u015fma hayat\u0131yla ilgili eksikliklerin fark\u0131nda olduklar\u0131n\u0131 s\u00f6yleyen Gardiyano\u011flu, \u201cSizin \u00f6n\u00fcn\u00fcz\u00fcn a\u00e7\u0131lmas\u0131, \u00fclke ekonominin \u00f6n\u00fcn\u00fcn a\u00e7\u0131lmas\u0131 anlam\u0131na gelir\u201d dedi.<\/p>\n<p>\u00c7al\u0131\u015fma ve Sosyal G\u00fcvenlik Bakan\u0131 Sad\u0131k Gardiyano\u011flu, K\u0131br\u0131s T\u00fcrk Sanayi Odas\u0131 Asba\u015fkan\u0131 Sercan G\u00f6rg\u00fcner Bah\u00e7eci ve y\u00f6netim kurulu \u00fcyelerini kabul etti.<\/p>\n<p>Gardiyano\u011flu, kabulde yapt\u0131\u011f\u0131 konu\u015fmada, bakanl\u0131k olarak ama\u00e7lar\u0131n\u0131n \u00e7al\u0131\u015fma hayat\u0131n\u0131 bire bir etkileyen odalarla ili\u015fkileri ilerletmek oldu\u011funu kaydetti. <\/p>\n<p>\u00c7al\u0131\u015fma hayat\u0131yla ilgili yap\u0131lmas\u0131 gerekenler konusunda \u00e7al\u0131\u015fma ba\u015flat\u0131ld\u0131\u011f\u0131n\u0131 s\u00f6yleyen Gardiyano\u011flu, bu ama\u00e7la M\u00fcteahhitler Birli\u011fi, KTSO ve K\u0131br\u0131s T\u00fcrk Ticaret Odas\u0131yla  toplant\u0131 planlad\u0131klar\u0131n\u0131 belirtti.<\/p>\n<p>Bakanl\u0131k olarak \u00e7al\u0131\u015fma hayat\u0131yla ilgili eksikliklerin fark\u0131nda olduklar\u0131n\u0131 s\u00f6yleyen Gardiyano\u011flu, \u201cSizin \u00f6n\u00fcn\u00fcz\u00fcn a\u00e7\u0131lmas\u0131, \u00fclke ekonominin \u00f6n\u00fcn\u00fcn a\u00e7\u0131lmas\u0131 anlam\u0131na gelir\u201d dedi.<\/p>\n<p>Sercan G\u00f6rg\u00fcner Bah\u00e7eci de oda olarak beklentilerinin, bakanl\u0131kla yak\u0131n ili\u015fkilerin ilerletilmesi oldu\u011funu ifade etti.<\/p>\n<p>KTSO\u2019nun 2 bin 100 \u00fcyesi ve \u00fcyelerinin de 15 bin \u00e7al\u0131\u015fan\u0131  bulundu\u011funu kaydeden Bah\u00e7eci, oda olarak ama\u00e7lar\u0131n\u0131n istihdam ve ekonominin geli\u015fmesi oldu\u011funu s\u00f6yledi.<\/p>\n<\/p><\/div>\n","protected":false},"excerpt":{"rendered":"<p>\u00c7al\u0131\u015fma ve Sosyal G\u00fcvenlik Bakan\u0131 Sad\u0131k Gardiyano\u011flu, KTSO yetkilileriyle g\u00f6r\u00fc\u015ft\u00fc. \u00c7al\u0131\u015fma hayat\u0131yla ilgili eksikliklerin fark\u0131nda olduklar\u0131n\u0131 s\u00f6yleyen Gardiyano\u011flu, \u201cSizin \u00f6n\u00fcn\u00fcz\u00fcn a\u00e7\u0131lmas\u0131, \u00fclke ekonominin \u00f6n\u00fcn\u00fcn a\u00e7\u0131lmas\u0131 anlam\u0131na gelir\u201d dedi. \u00c7al\u0131\u015fma ve Sosyal G\u00fcvenlik Bakan\u0131 Sad\u0131k Gardiyano\u011flu, K\u0131br\u0131s T\u00fcrk Sanayi Odas\u0131 Asba\u015fkan\u0131 Sercan G\u00f6rg\u00fcner Bah\u00e7eci ve y\u00f6netim kurulu \u00fcyelerini kabul etti. Gardiyano\u011flu, kabulde yapt\u0131\u011f\u0131 konu\u015fmada, bakanl\u0131k olarak<\/p>\n","protected":false},"author":1,"featured_media":12467,"comment_status":"open","ping_status":"open","sticky":false,"template":"","format":"standard","meta":{"footnotes":""},"categories":[1],"tags":[],"class_list":["post-12466","post","type-post","status-publish","format-standard","has-post-thumbnail","hentry","category-gundem"],"yoast_head":"<!-- This site is optimized with the Yoast SEO plugin v27.5 - https:\/\/yoast.com\/product\/yoast-seo-wordpress\/ -->\n<title>Gardiyano\u011flu, KTSO yetkilileriyle g\u00f6r\u00fc\u015ft\u00fc -<\/title>\n<meta name=\"robots\" content=\"index, follow, max-snippet:-1, max-image-preview:large, max-video-preview:-1\" \/>\n<link rel=\"canonical\" href=\"https:\/\/kibrisdakik.com\/?p=12466\" \/>\n<meta property=\"og:locale\" content=\"tr_TR\" \/>\n<meta property=\"og:type\" content=\"article\" \/>\n<meta property=\"og:title\" content=\"Gardiyano\u011flu, KTSO yetkilileriyle g\u00f6r\u00fc\u015ft\u00fc -\" \/>\n<meta property=\"og:description\" content=\"\u00c7al\u0131\u015fma ve Sosyal G\u00fcvenlik Bakan\u0131 Sad\u0131k Gardiyano\u011flu, KTSO yetkilileriyle g\u00f6r\u00fc\u015ft\u00fc. \u00c7al\u0131\u015fma hayat\u0131yla ilgili eksikliklerin fark\u0131nda olduklar\u0131n\u0131 s\u00f6yleyen Gardiyano\u011flu, \u201cSizin \u00f6n\u00fcn\u00fcz\u00fcn a\u00e7\u0131lmas\u0131, \u00fclke ekonominin \u00f6n\u00fcn\u00fcn a\u00e7\u0131lmas\u0131 anlam\u0131na gelir\u201d dedi. \u00c7al\u0131\u015fma ve Sosyal G\u00fcvenlik Bakan\u0131 Sad\u0131k Gardiyano\u011flu, K\u0131br\u0131s T\u00fcrk Sanayi Odas\u0131 Asba\u015fkan\u0131 Sercan G\u00f6rg\u00fcner Bah\u00e7eci ve y\u00f6netim kurulu \u00fcyelerini kabul etti. Gardiyano\u011flu, kabulde yapt\u0131\u011f\u0131 konu\u015fmada, bakanl\u0131k olarak\" \/>\n<meta property=\"og:url\" content=\"https:\/\/kibrisdakik.com\/?p=12466\" \/>\n<meta property=\"article:published_time\" content=\"2023-08-22T10:37:20+00:00\" \/>\n<meta property=\"og:image\" content=\"https:\/\/kibrisdakik.com\/wp-content\/uploads\/2023\/08\/calisma-ve-sosyal-guvenlik-bakani-gardiyanoglu-kt-sanayi-odasi-yetkililerini-kabul-etti-2-so-scaled-740x420.jpg\" \/>\n\t<meta property=\"og:image:width\" content=\"2560\" \/>\n\t<meta property=\"og:image:height\" content=\"1709\" \/>\n\t<meta property=\"og:image:type\" content=\"image\/jpeg\" \/>\n<meta name=\"author\" content=\"admin\" \/>\n<meta name=\"twitter:card\" content=\"summary_large_image\" \/>\n<meta name=\"twitter:label1\" content=\"Yazan:\" \/>\n\t<meta name=\"twitter:data1\" content=\"admin\" \/>\n\t<meta name=\"twitter:label2\" content=\"Tahmini okuma s\u00fcresi\" \/>\n\t<meta name=\"twitter:data2\" content=\"1 dakika\" \/>\n<script type=\"application\/ld+json\" class=\"yoast-schema-graph\">{\"@context\":\"https:\\\/\\\/schema.org\",\"@graph\":[{\"@type\":\"Article\",\"@id\":\"https:\\\/\\\/kibrisdakik.com\\\/?p=12466#article\",\"isPartOf\":{\"@id\":\"https:\\\/\\\/kibrisdakik.com\\\/?p=12466\"},\"author\":{\"name\":\"admin\",\"@id\":\"https:\\\/\\\/kibrisdakik.com\\\/#\\\/schema\\\/person\\\/9cd9d437bbb44f72b73ba127e06d8e79\"},\"headline\":\"Gardiyano\u011flu, KTSO yetkilileriyle g\u00f6r\u00fc\u015ft\u00fc\",\"datePublished\":\"2023-08-22T10:37:20+00:00\",\"mainEntityOfPage\":{\"@id\":\"https:\\\/\\\/kibrisdakik.com\\\/?p=12466\"},\"wordCount\":242,\"commentCount\":0,\"image\":{\"@id\":\"https:\\\/\\\/kibrisdakik.com\\\/?p=12466#primaryimage\"},\"thumbnailUrl\":\"https:\\\/\\\/kibrisdakik.com\\\/wp-content\\\/uploads\\\/2023\\\/08\\\/calisma-ve-sosyal-guvenlik-bakani-gardiyanoglu-kt-sanayi-odasi-yetkililerini-kabul-etti-2-so-scaled-740x420.jpg\",\"articleSection\":[\"G\u00fcndem\"],\"inLanguage\":\"tr\",\"potentialAction\":[{\"@type\":\"CommentAction\",\"name\":\"Comment\",\"target\":[\"https:\\\/\\\/kibrisdakik.com\\\/?p=12466#respond\"]}]},{\"@type\":\"WebPage\",\"@id\":\"https:\\\/\\\/kibrisdakik.com\\\/?p=12466\",\"url\":\"https:\\\/\\\/kibrisdakik.com\\\/?p=12466\",\"name\":\"Gardiyano\u011flu, KTSO yetkilileriyle g\u00f6r\u00fc\u015ft\u00fc -\",\"isPartOf\":{\"@id\":\"https:\\\/\\\/kibrisdakik.com\\\/#website\"},\"primaryImageOfPage\":{\"@id\":\"https:\\\/\\\/kibrisdakik.com\\\/?p=12466#primaryimage\"},\"image\":{\"@id\":\"https:\\\/\\\/kibrisdakik.com\\\/?p=12466#primaryimage\"},\"thumbnailUrl\":\"https:\\\/\\\/kibrisdakik.com\\\/wp-content\\\/uploads\\\/2023\\\/08\\\/calisma-ve-sosyal-guvenlik-bakani-gardiyanoglu-kt-sanayi-odasi-yetkililerini-kabul-etti-2-so-scaled-740x420.jpg\",\"datePublished\":\"2023-08-22T10:37:20+00:00\",\"author\":{\"@id\":\"https:\\\/\\\/kibrisdakik.com\\\/#\\\/schema\\\/person\\\/9cd9d437bbb44f72b73ba127e06d8e79\"},\"breadcrumb\":{\"@id\":\"https:\\\/\\\/kibrisdakik.com\\\/?p=12466#breadcrumb\"},\"inLanguage\":\"tr\",\"potentialAction\":[{\"@type\":\"ReadAction\",\"target\":[\"https:\\\/\\\/kibrisdakik.com\\\/?p=12466\"]}]},{\"@type\":\"ImageObject\",\"inLanguage\":\"tr\",\"@id\":\"https:\\\/\\\/kibrisdakik.com\\\/?p=12466#primaryimage\",\"url\":\"https:\\\/\\\/kibrisdakik.com\\\/wp-content\\\/uploads\\\/2023\\\/08\\\/calisma-ve-sosyal-guvenlik-bakani-gardiyanoglu-kt-sanayi-odasi-yetkililerini-kabul-etti-2-so-scaled-740x420.jpg\",\"contentUrl\":\"https:\\\/\\\/kibrisdakik.com\\\/wp-content\\\/uploads\\\/2023\\\/08\\\/calisma-ve-sosyal-guvenlik-bakani-gardiyanoglu-kt-sanayi-odasi-yetkililerini-kabul-etti-2-so-scaled-740x420.jpg\",\"width\":2560,\"height\":1709},{\"@type\":\"BreadcrumbList\",\"@id\":\"https:\\\/\\\/kibrisdakik.com\\\/?p=12466#breadcrumb\",\"itemListElement\":[{\"@type\":\"ListItem\",\"position\":1,\"name\":\"Home\",\"item\":\"https:\\\/\\\/kibrisdakik.com\\\/\"},{\"@type\":\"ListItem\",\"position\":2,\"name\":\"Gardiyano\u011flu, KTSO yetkilileriyle g\u00f6r\u00fc\u015ft\u00fc\"}]},{\"@type\":\"WebSite\",\"@id\":\"https:\\\/\\\/kibrisdakik.com\\\/#website\",\"url\":\"https:\\\/\\\/kibrisdakik.com\\\/\",\"name\":\"\",\"description\":\"Tam vaktinde haber\",\"potentialAction\":[{\"@type\":\"SearchAction\",\"target\":{\"@type\":\"EntryPoint\",\"urlTemplate\":\"https:\\\/\\\/kibrisdakik.com\\\/?s={search_term_string}\"},\"query-input\":{\"@type\":\"PropertyValueSpecification\",\"valueRequired\":true,\"valueName\":\"search_term_string\"}}],\"inLanguage\":\"tr\"},{\"@type\":\"Person\",\"@id\":\"https:\\\/\\\/kibrisdakik.com\\\/#\\\/schema\\\/person\\\/9cd9d437bbb44f72b73ba127e06d8e79\",\"name\":\"admin\",\"image\":{\"@type\":\"ImageObject\",\"inLanguage\":\"tr\",\"@id\":\"https:\\\/\\\/secure.gravatar.com\\\/avatar\\\/ccc17943b9d660506c869530f897617f7cb1c21a4bf30023f252596d83e1f007?s=96&d=mm&r=g\",\"url\":\"https:\\\/\\\/secure.gravatar.com\\\/avatar\\\/ccc17943b9d660506c869530f897617f7cb1c21a4bf30023f252596d83e1f007?s=96&d=mm&r=g\",\"contentUrl\":\"https:\\\/\\\/secure.gravatar.com\\\/avatar\\\/ccc17943b9d660506c869530f897617f7cb1c21a4bf30023f252596d83e1f007?s=96&d=mm&r=g\",\"caption\":\"admin\"},\"sameAs\":[\"https:\\\/\\\/kibrisdakik.com\"],\"url\":\"https:\\\/\\\/kibrisdakik.com\\\/?author=1\"}]}<\/script>\n<!-- \/ Yoast SEO plugin. -->","yoast_head_json":{"title":"Gardiyano\u011flu, KTSO yetkilileriyle g\u00f6r\u00fc\u015ft\u00fc -","robots":{"index":"index","follow":"follow","max-snippet":"max-snippet:-1","max-image-preview":"max-image-preview:large","max-video-preview":"max-video-preview:-1"},"canonical":"https:\/\/kibrisdakik.com\/?p=12466","og_locale":"tr_TR","og_type":"article","og_title":"Gardiyano\u011flu, KTSO yetkilileriyle g\u00f6r\u00fc\u015ft\u00fc -","og_description":"\u00c7al\u0131\u015fma ve Sosyal G\u00fcvenlik Bakan\u0131 Sad\u0131k Gardiyano\u011flu, KTSO yetkilileriyle g\u00f6r\u00fc\u015ft\u00fc. \u00c7al\u0131\u015fma hayat\u0131yla ilgili eksikliklerin fark\u0131nda olduklar\u0131n\u0131 s\u00f6yleyen Gardiyano\u011flu, \u201cSizin \u00f6n\u00fcn\u00fcz\u00fcn a\u00e7\u0131lmas\u0131, \u00fclke ekonominin \u00f6n\u00fcn\u00fcn a\u00e7\u0131lmas\u0131 anlam\u0131na gelir\u201d dedi. \u00c7al\u0131\u015fma ve Sosyal G\u00fcvenlik Bakan\u0131 Sad\u0131k Gardiyano\u011flu, K\u0131br\u0131s T\u00fcrk Sanayi Odas\u0131 Asba\u015fkan\u0131 Sercan G\u00f6rg\u00fcner Bah\u00e7eci ve y\u00f6netim kurulu \u00fcyelerini kabul etti. Gardiyano\u011flu, kabulde yapt\u0131\u011f\u0131 konu\u015fmada, bakanl\u0131k olarak","og_url":"https:\/\/kibrisdakik.com\/?p=12466","article_published_time":"2023-08-22T10:37:20+00:00","og_image":[{"width":2560,"height":1709,"url":"https:\/\/kibrisdakik.com\/wp-content\/uploads\/2023\/08\/calisma-ve-sosyal-guvenlik-bakani-gardiyanoglu-kt-sanayi-odasi-yetkililerini-kabul-etti-2-so-scaled-740x420.jpg","type":"image\/jpeg"}],"author":"admin","twitter_card":"summary_large_image","twitter_misc":{"Yazan:":"admin","Tahmini okuma s\u00fcresi":"1 dakika"},"schema":{"@context":"https:\/\/schema.org","@graph":[{"@type":"Article","@id":"https:\/\/kibrisdakik.com\/?p=12466#article","isPartOf":{"@id":"https:\/\/kibrisdakik.com\/?p=12466"},"author":{"name":"admin","@id":"https:\/\/kibrisdakik.com\/#\/schema\/person\/9cd9d437bbb44f72b73ba127e06d8e79"},"headline":"Gardiyano\u011flu, KTSO yetkilileriyle g\u00f6r\u00fc\u015ft\u00fc","datePublished":"2023-08-22T10:37:20+00:00","mainEntityOfPage":{"@id":"https:\/\/kibrisdakik.com\/?p=12466"},"wordCount":242,"commentCount":0,"image":{"@id":"https:\/\/kibrisdakik.com\/?p=12466#primaryimage"},"thumbnailUrl":"https:\/\/kibrisdakik.com\/wp-content\/uploads\/2023\/08\/calisma-ve-sosyal-guvenlik-bakani-gardiyanoglu-kt-sanayi-odasi-yetkililerini-kabul-etti-2-so-scaled-740x420.jpg","articleSection":["G\u00fcndem"],"inLanguage":"tr","potentialAction":[{"@type":"CommentAction","name":"Comment","target":["https:\/\/kibrisdakik.com\/?p=12466#respond"]}]},{"@type":"WebPage","@id":"https:\/\/kibrisdakik.com\/?p=12466","url":"https:\/\/kibrisdakik.com\/?p=12466","name":"Gardiyano\u011flu, KTSO yetkilileriyle g\u00f6r\u00fc\u015ft\u00fc -","isPartOf":{"@id":"https:\/\/kibrisdakik.com\/#website"},"primaryImageOfPage":{"@id":"https:\/\/kibrisdakik.com\/?p=12466#primaryimage"},"image":{"@id":"https:\/\/kibrisdakik.com\/?p=12466#primaryimage"},"thumbnailUrl":"https:\/\/kibrisdakik.com\/wp-content\/uploads\/2023\/08\/calisma-ve-sosyal-guvenlik-bakani-gardiyanoglu-kt-sanayi-odasi-yetkililerini-kabul-etti-2-so-scaled-740x420.jpg","datePublished":"2023-08-22T10:37:20+00:00","author":{"@id":"https:\/\/kibrisdakik.com\/#\/schema\/person\/9cd9d437bbb44f72b73ba127e06d8e79"},"breadcrumb":{"@id":"https:\/\/kibrisdakik.com\/?p=12466#breadcrumb"},"inLanguage":"tr","potentialAction":[{"@type":"ReadAction","target":["https:\/\/kibrisdakik.com\/?p=12466"]}]},{"@type":"ImageObject","inLanguage":"tr","@id":"https:\/\/kibrisdakik.com\/?p=12466#primaryimage","url":"https:\/\/kibrisdakik.com\/wp-content\/uploads\/2023\/08\/calisma-ve-sosyal-guvenlik-bakani-gardiyanoglu-kt-sanayi-odasi-yetkililerini-kabul-etti-2-so-scaled-740x420.jpg","contentUrl":"https:\/\/kibrisdakik.com\/wp-content\/uploads\/2023\/08\/calisma-ve-sosyal-guvenlik-bakani-gardiyanoglu-kt-sanayi-odasi-yetkililerini-kabul-etti-2-so-scaled-740x420.jpg","width":2560,"height":1709},{"@type":"BreadcrumbList","@id":"https:\/\/kibrisdakik.com\/?p=12466#breadcrumb","itemListElement":[{"@type":"ListItem","position":1,"name":"Home","item":"https:\/\/kibrisdakik.com\/"},{"@type":"ListItem","position":2,"name":"Gardiyano\u011flu, KTSO yetkilileriyle g\u00f6r\u00fc\u015ft\u00fc"}]},{"@type":"WebSite","@id":"https:\/\/kibrisdakik.com\/#website","url":"https:\/\/kibrisdakik.com\/","name":"","description":"Tam vaktinde haber","potentialAction":[{"@type":"SearchAction","target":{"@type":"EntryPoint","urlTemplate":"https:\/\/kibrisdakik.com\/?s={search_term_string}"},"query-input":{"@type":"PropertyValueSpecification","valueRequired":true,"valueName":"search_term_string"}}],"inLanguage":"tr"},{"@type":"Person","@id":"https:\/\/kibrisdakik.com\/#\/schema\/person\/9cd9d437bbb44f72b73ba127e06d8e79","name":"admin","image":{"@type":"ImageObject","inLanguage":"tr","@id":"https:\/\/secure.gravatar.com\/avatar\/ccc17943b9d660506c869530f897617f7cb1c21a4bf30023f252596d83e1f007?s=96&d=mm&r=g","url":"https:\/\/secure.gravatar.com\/avatar\/ccc17943b9d660506c869530f897617f7cb1c21a4bf30023f252596d83e1f007?s=96&d=mm&r=g","contentUrl":"https:\/\/secure.gravatar.com\/avatar\/ccc17943b9d660506c869530f897617f7cb1c21a4bf30023f252596d83e1f007?s=96&d=mm&r=g","caption":"admin"},"sameAs":["https:\/\/kibrisdakik.com"],"url":"https:\/\/kibrisdakik.com\/?author=1"}]}},"_links":{"self":[{"href":"https:\/\/kibrisdakik.com\/index.php?rest_route=\/wp\/v2\/posts\/12466","targetHints":{"allow":["GET"]}}],"collection":[{"href":"https:\/\/kibrisdakik.com\/index.php?rest_route=\/wp\/v2\/posts"}],"about":[{"href":"https:\/\/kibrisdakik.com\/index.php?rest_route=\/wp\/v2\/types\/post"}],"author":[{"embeddable":true,"href":"https:\/\/kibrisdakik.com\/index.php?rest_route=\/wp\/v2\/users\/1"}],"replies":[{"embeddable":true,"href":"https:\/\/kibrisdakik.com\/index.php?rest_route=%2Fwp%2Fv2%2Fcomments&post=12466"}],"version-history":[{"count":0,"href":"https:\/\/kibrisdakik.com\/index.php?rest_route=\/wp\/v2\/posts\/12466\/revisions"}],"wp:featuredmedia":[{"embeddable":true,"href":"https:\/\/kibrisdakik.com\/index.php?rest_route=\/wp\/v2\/media\/12467"}],"wp:attachment":[{"href":"https:\/\/kibrisdakik.com\/index.php?rest_route=%2Fwp%2Fv2%2Fmedia&parent=12466"}],"wp:term":[{"taxonomy":"category","embeddable":true,"href":"https:\/\/kibrisdakik.com\/index.php?rest_route=%2Fwp%2Fv2%2Fcategories&post=12466"},{"taxonomy":"post_tag","embeddable":true,"href":"https:\/\/kibrisdakik.com\/index.php?rest_route=%2Fwp%2Fv2%2Ftags&post=12466"}],"curies":[{"name":"wp","href":"https:\/\/api.w.org\/{rel}","templated":true}]}}