{"id":12490,"date":"2023-08-22T14:44:01","date_gmt":"2023-08-22T14:44:01","guid":{"rendered":"https:\/\/kibrisdakik.com\/index.php\/2023\/08\/22\/basbakan-ustel-kamuda-yetkili-sendikalar-ile-toplanti-yapti-47-2010-sayili-yasa-kapsamindaki-calisanlara-ek-artis-konusunda-uzlasiya-varildi\/"},"modified":"2023-08-22T14:44:01","modified_gmt":"2023-08-22T14:44:01","slug":"basbakan-ustel-kamuda-yetkili-sendikalar-ile-toplanti-yapti-47-2010-sayili-yasa-kapsamindaki-calisanlara-ek-artis-konusunda-uzlasiya-varildi","status":"publish","type":"post","link":"https:\/\/kibrisdakik.com\/?p=12490","title":{"rendered":"Ba\u015fbakan \u00dcstel, kamuda yetkili sendikalar ile toplant\u0131 yapt\u0131: 47\/2010 say\u0131l\u0131 yasa kapsam\u0131ndaki \u00e7al\u0131\u015fanlara ek art\u0131\u015f konusunda uzla\u015f\u0131ya var\u0131ld\u0131"},"content":{"rendered":"<p><\/p>\n<div>\n<div class=\"mariselle-image-container center\">\n                <img width=\"1600\" height=\"711\" class=\"lazy-image\" alt=\"\" decoding=\"async\" loading=\"lazy\" sizes=\"auto, (max-width: 1600px) 100vw, 1600px\" src=\"https:\/\/brtk.net\/wp-content\/uploads\/2023\/08\/22\/asslkdslaskda.jpg?ver=0aef1bb50160e93d20de2710ee2b1e30\" srcset=\"https:\/\/brtk.net\/wp-content\/uploads\/2023\/08\/22\/asslkdslaskda.jpg?ver=0aef1bb50160e93d20de2710ee2b1e30 1600w, https:\/\/brtk.net\/wp-content\/uploads\/2023\/08\/22\/asslkdslaskda-300x133.jpg?ver=7e234e33d92d8a99586d8c4b404634d5 300w, https:\/\/brtk.net\/wp-content\/uploads\/2023\/08\/22\/asslkdslaskda-1024x455.jpg?ver=7e234e33d92d8a99586d8c4b404634d5 1024w, https:\/\/brtk.net\/wp-content\/uploads\/2023\/08\/22\/asslkdslaskda-768x341.jpg?ver=7e234e33d92d8a99586d8c4b404634d5 768w, https:\/\/brtk.net\/wp-content\/uploads\/2023\/08\/22\/asslkdslaskda-1536x683.jpg?ver=7e234e33d92d8a99586d8c4b404634d5 1536w\"\/>                            <\/div>\n<p>Ba\u015fbakanl\u0131k, h\u00fck\u00fcmet ile kamuda yetkili sendikalar\u0131n bug\u00fcn yapt\u0131\u011f\u0131 toplant\u0131da, \u201c47\/2010 say\u0131l\u0131 yasa kapsam\u0131ndaki \u00e7al\u0131\u015fanlara ek art\u0131\u015f yap\u0131lmas\u0131 konusunda uzla\u015f\u0131ya var\u0131ld\u0131\u011f\u0131n\u0131\u201d bildirdi.<\/p>\n<p>H\u00fck\u00fcmet ile sendikalar, \u201c2024 y\u0131l\u0131nda hayat pahal\u0131l\u0131\u011f\u0131 \u00f6dene\u011finin her alt\u0131 ayda bir de\u011fil, d\u00f6rt ayda bir verilmesinin sa\u011flanmas\u0131 i\u00e7in gerekli \u00e7al\u0131\u015fmalar\u0131n ba\u015flat\u0131lmas\u0131\u201d konusunda da uzla\u015f\u0131ya vard\u0131.<\/p>\n<p>Ba\u015fbakanl\u0131k\u2019tan yap\u0131lan bas\u0131n a\u00e7\u0131klamas\u0131nda, h\u00fck\u00fcmetin, g\u00f6revi devrald\u0131\u011f\u0131 g\u00fcnden bug\u00fcne d\u00fcnyada, T\u00fcrkiye\u2019de ve \u00fclkede derinden hissedilen ekonomik dalgalanmalar\u0131n, halk\u0131n al\u0131m g\u00fcc\u00fcn\u00fc ve ya\u015fam standartlar\u0131n\u0131 etkilememesi ad\u0131na elinden gelen \u00e7abay\u0131 ortaya koydu\u011fu ve  t\u00fcm imkanlar\u0131n\u0131 halk i\u00e7in seferber etti\u011fi vurguland\u0131.<\/p>\n<p>Bu \u00e7er\u00e7evede Ba\u015fbakanl\u0131k\u2019ta bug\u00fcn Ba\u015fbakan \u00dcnal \u00dcstel ba\u015fkanl\u0131\u011f\u0131nda kamuda yetkili sendikalarla toplant\u0131 yap\u0131ld\u0131\u011f\u0131 ve \u201c47\/2010\u201d say\u0131l\u0131 yasa kapsam\u0131ndaki \u00e7al\u0131\u015fanlara ek art\u0131\u015f yap\u0131lmas\u0131 konusunun de\u011ferlendirildi\u011fi belirtilen a\u00e7\u0131klamada, \u015funlar kaydedildi:<\/p>\n<p>\u201cGer\u00e7ekle\u015ftirilen g\u00f6r\u00fc\u015fmede, 47\/2010 say\u0131l\u0131 yasa kapsam\u0131nda g\u00f6reve ba\u015flayan; Orta Okul \u00d6\u011frenimli Hizmet S\u0131n\u0131flar\u0131 ve \u0130\u015f\u00e7iler Derece IV ve III, Orta \u00d6\u011frenimli Hizmet S\u0131n\u0131flar\u0131 Derecesi IV ve III ile Y\u00fcksek \u00d6\u011frenimli Hizmet S\u0131n\u0131flar\u0131 Derecesi III. ve II. baremlerinde \u00e7al\u0131\u015fanlara ek art\u0131\u015f verilmesi konusunda,  kamuda yetkili be\u015f sendika (K\u0131br\u0131s T\u00fcrk Amme Memurlar\u0131 Sendikas\u0131, Kamu G\u00f6revlileri Sendikas\u0131, Kamu \u0130\u015f\u00e7ileri Sendikas\u0131, K\u0131br\u0131s T\u00fcrk Orta \u00d6\u011fretim \u00d6\u011fretmenler Sendikas\u0131, K\u0131br\u0131s T\u00fcrk \u00d6\u011fretmenler Sendikas\u0131) ile uzla\u015f\u0131ya var\u0131lm\u0131\u015ft\u0131r.<\/p>\n<p>Buna g\u00f6re, Maliye Bakanl\u0131\u011f\u0131\u2019n\u0131n yapaca\u011f\u0131 \u00e7al\u0131\u015fma ile 47\/2010 say\u0131l\u0131 yasa taht\u0131nda istihdam edilen kamu g\u00f6revlilerine verilen hayat pahal\u0131l\u0131\u011f\u0131 oran\u0131na ek olarak derecelerine g\u00f6re ayarlanacak \u015fekilde y\u00fczde 4 ve y\u00fczde 3.30 oran\u0131nda ek art\u0131\u015f yap\u0131lacakt\u0131r.<\/p>\n<p>Bug\u00fcn ger\u00e7ekle\u015fen g\u00f6r\u00fc\u015fmede ayn\u0131 zamanda  2024 y\u0131l\u0131nda hayat pahal\u0131l\u0131\u011f\u0131 \u00f6dene\u011finin her alt\u0131 ayda bir de\u011fil, d\u00f6rt ayda bir verilmesinin sa\u011flanmas\u0131 i\u00e7in gerekli \u00e7al\u0131\u015fmalar\u0131n ba\u015flat\u0131lmas\u0131,<\/p>\n<p>Ocak 2024\u2019te yap\u0131lacak d\u00fczenleme ile  Maliye Bakanl\u0131\u011f\u0131 taraf\u0131ndan, 47\/2010 say\u0131l\u0131 yasa taht\u0131nda istihdam edilen kamu g\u00f6revlilerinin vergi dilimlerinde ve muafiyetlerinde iyile\u015ftirilme yap\u0131lmas\u0131,<\/p>\n<p>K\u0131sa bir zaman i\u00e7erisinde Ba\u015fbakanl\u0131k\u2019a ba\u011fl\u0131 Personel Dairesi, Maliye Bakanl\u0131\u011f\u0131, Milli E\u011fitim Bakanl\u0131\u011f\u0131 ve sendika temsilcilerinden olu\u015fan bir komisyon kurulmas\u0131 ve komisyon taraf\u0131ndan 47\/2010 say\u0131l\u0131 yasa kapsam\u0131ndaki barem tablolar\u0131nda  iyile\u015ftirilme  \u00e7al\u0131\u015fmas\u0131 y\u00fcr\u00fctmesi konular\u0131nda da uzla\u015f\u0131ya var\u0131lm\u0131\u015ft\u0131r.\u201d<\/p>\n<\/p><\/div>\n","protected":false},"excerpt":{"rendered":"<p>Ba\u015fbakanl\u0131k, h\u00fck\u00fcmet ile kamuda yetkili sendikalar\u0131n bug\u00fcn yapt\u0131\u011f\u0131 toplant\u0131da, \u201c47\/2010 say\u0131l\u0131 yasa kapsam\u0131ndaki \u00e7al\u0131\u015fanlara ek art\u0131\u015f yap\u0131lmas\u0131 konusunda uzla\u015f\u0131ya var\u0131ld\u0131\u011f\u0131n\u0131\u201d bildirdi. H\u00fck\u00fcmet ile sendikalar, \u201c2024 y\u0131l\u0131nda hayat pahal\u0131l\u0131\u011f\u0131 \u00f6dene\u011finin her alt\u0131 ayda bir de\u011fil, d\u00f6rt ayda bir verilmesinin sa\u011flanmas\u0131 i\u00e7in gerekli \u00e7al\u0131\u015fmalar\u0131n ba\u015flat\u0131lmas\u0131\u201d konusunda da uzla\u015f\u0131ya vard\u0131. Ba\u015fbakanl\u0131k\u2019tan yap\u0131lan bas\u0131n a\u00e7\u0131klamas\u0131nda, h\u00fck\u00fcmetin, g\u00f6revi devrald\u0131\u011f\u0131 g\u00fcnden<\/p>\n","protected":false},"author":1,"featured_media":12491,"comment_status":"open","ping_status":"open","sticky":false,"template":"","format":"standard","meta":{"footnotes":""},"categories":[1],"tags":[],"class_list":["post-12490","post","type-post","status-publish","format-standard","has-post-thumbnail","hentry","category-gundem"],"yoast_head":"<!-- This site is optimized with the Yoast SEO plugin v27.4 - https:\/\/yoast.com\/product\/yoast-seo-wordpress\/ -->\n<title>Ba\u015fbakan \u00dcstel, kamuda yetkili sendikalar ile toplant\u0131 yapt\u0131: 47\/2010 say\u0131l\u0131 yasa kapsam\u0131ndaki \u00e7al\u0131\u015fanlara ek art\u0131\u015f konusunda uzla\u015f\u0131ya var\u0131ld\u0131 -<\/title>\n<meta name=\"robots\" content=\"index, follow, max-snippet:-1, max-image-preview:large, max-video-preview:-1\" \/>\n<link rel=\"canonical\" href=\"https:\/\/kibrisdakik.com\/?p=12490\" \/>\n<meta property=\"og:locale\" content=\"tr_TR\" \/>\n<meta property=\"og:type\" content=\"article\" \/>\n<meta property=\"og:title\" content=\"Ba\u015fbakan \u00dcstel, kamuda yetkili sendikalar ile toplant\u0131 yapt\u0131: 47\/2010 say\u0131l\u0131 yasa kapsam\u0131ndaki \u00e7al\u0131\u015fanlara ek art\u0131\u015f konusunda uzla\u015f\u0131ya var\u0131ld\u0131 -\" \/>\n<meta property=\"og:description\" content=\"Ba\u015fbakanl\u0131k, h\u00fck\u00fcmet ile kamuda yetkili sendikalar\u0131n bug\u00fcn yapt\u0131\u011f\u0131 toplant\u0131da, \u201c47\/2010 say\u0131l\u0131 yasa kapsam\u0131ndaki \u00e7al\u0131\u015fanlara ek art\u0131\u015f yap\u0131lmas\u0131 konusunda uzla\u015f\u0131ya var\u0131ld\u0131\u011f\u0131n\u0131\u201d bildirdi. H\u00fck\u00fcmet ile sendikalar, \u201c2024 y\u0131l\u0131nda hayat pahal\u0131l\u0131\u011f\u0131 \u00f6dene\u011finin her alt\u0131 ayda bir de\u011fil, d\u00f6rt ayda bir verilmesinin sa\u011flanmas\u0131 i\u00e7in gerekli \u00e7al\u0131\u015fmalar\u0131n ba\u015flat\u0131lmas\u0131\u201d konusunda da uzla\u015f\u0131ya vard\u0131. Ba\u015fbakanl\u0131k\u2019tan yap\u0131lan bas\u0131n a\u00e7\u0131klamas\u0131nda, h\u00fck\u00fcmetin, g\u00f6revi devrald\u0131\u011f\u0131 g\u00fcnden\" \/>\n<meta property=\"og:url\" content=\"https:\/\/kibrisdakik.com\/?p=12490\" \/>\n<meta property=\"article:published_time\" content=\"2023-08-22T14:44:01+00:00\" \/>\n<meta property=\"og:image\" content=\"https:\/\/kibrisdakik.com\/wp-content\/uploads\/2023\/08\/asslkdslaskda-740x420.jpg\" \/>\n\t<meta property=\"og:image:width\" content=\"1600\" \/>\n\t<meta property=\"og:image:height\" content=\"711\" \/>\n\t<meta property=\"og:image:type\" content=\"image\/jpeg\" \/>\n<meta name=\"author\" content=\"admin\" \/>\n<meta name=\"twitter:card\" content=\"summary_large_image\" \/>\n<meta name=\"twitter:label1\" content=\"Yazan:\" \/>\n\t<meta name=\"twitter:data1\" content=\"admin\" \/>\n\t<meta name=\"twitter:label2\" content=\"Tahmini okuma s\u00fcresi\" \/>\n\t<meta name=\"twitter:data2\" content=\"2 dakika\" \/>\n<script type=\"application\/ld+json\" class=\"yoast-schema-graph\">{\"@context\":\"https:\\\/\\\/schema.org\",\"@graph\":[{\"@type\":\"Article\",\"@id\":\"https:\\\/\\\/kibrisdakik.com\\\/?p=12490#article\",\"isPartOf\":{\"@id\":\"https:\\\/\\\/kibrisdakik.com\\\/?p=12490\"},\"author\":{\"name\":\"admin\",\"@id\":\"https:\\\/\\\/kibrisdakik.com\\\/#\\\/schema\\\/person\\\/9cd9d437bbb44f72b73ba127e06d8e79\"},\"headline\":\"Ba\u015fbakan \u00dcstel, kamuda yetkili sendikalar ile toplant\u0131 yapt\u0131: 47\\\/2010 say\u0131l\u0131 yasa kapsam\u0131ndaki \u00e7al\u0131\u015fanlara ek art\u0131\u015f konusunda uzla\u015f\u0131ya var\u0131ld\u0131\",\"datePublished\":\"2023-08-22T14:44:01+00:00\",\"mainEntityOfPage\":{\"@id\":\"https:\\\/\\\/kibrisdakik.com\\\/?p=12490\"},\"wordCount\":476,\"commentCount\":0,\"image\":{\"@id\":\"https:\\\/\\\/kibrisdakik.com\\\/?p=12490#primaryimage\"},\"thumbnailUrl\":\"https:\\\/\\\/kibrisdakik.com\\\/wp-content\\\/uploads\\\/2023\\\/08\\\/asslkdslaskda-740x420.jpg\",\"articleSection\":[\"G\u00fcndem\"],\"inLanguage\":\"tr\",\"potentialAction\":[{\"@type\":\"CommentAction\",\"name\":\"Comment\",\"target\":[\"https:\\\/\\\/kibrisdakik.com\\\/?p=12490#respond\"]}]},{\"@type\":\"WebPage\",\"@id\":\"https:\\\/\\\/kibrisdakik.com\\\/?p=12490\",\"url\":\"https:\\\/\\\/kibrisdakik.com\\\/?p=12490\",\"name\":\"Ba\u015fbakan \u00dcstel, kamuda yetkili sendikalar ile toplant\u0131 yapt\u0131: 47\\\/2010 say\u0131l\u0131 yasa kapsam\u0131ndaki \u00e7al\u0131\u015fanlara ek art\u0131\u015f konusunda uzla\u015f\u0131ya var\u0131ld\u0131 -\",\"isPartOf\":{\"@id\":\"https:\\\/\\\/kibrisdakik.com\\\/#website\"},\"primaryImageOfPage\":{\"@id\":\"https:\\\/\\\/kibrisdakik.com\\\/?p=12490#primaryimage\"},\"image\":{\"@id\":\"https:\\\/\\\/kibrisdakik.com\\\/?p=12490#primaryimage\"},\"thumbnailUrl\":\"https:\\\/\\\/kibrisdakik.com\\\/wp-content\\\/uploads\\\/2023\\\/08\\\/asslkdslaskda-740x420.jpg\",\"datePublished\":\"2023-08-22T14:44:01+00:00\",\"author\":{\"@id\":\"https:\\\/\\\/kibrisdakik.com\\\/#\\\/schema\\\/person\\\/9cd9d437bbb44f72b73ba127e06d8e79\"},\"breadcrumb\":{\"@id\":\"https:\\\/\\\/kibrisdakik.com\\\/?p=12490#breadcrumb\"},\"inLanguage\":\"tr\",\"potentialAction\":[{\"@type\":\"ReadAction\",\"target\":[\"https:\\\/\\\/kibrisdakik.com\\\/?p=12490\"]}]},{\"@type\":\"ImageObject\",\"inLanguage\":\"tr\",\"@id\":\"https:\\\/\\\/kibrisdakik.com\\\/?p=12490#primaryimage\",\"url\":\"https:\\\/\\\/kibrisdakik.com\\\/wp-content\\\/uploads\\\/2023\\\/08\\\/asslkdslaskda-740x420.jpg\",\"contentUrl\":\"https:\\\/\\\/kibrisdakik.com\\\/wp-content\\\/uploads\\\/2023\\\/08\\\/asslkdslaskda-740x420.jpg\",\"width\":1600,\"height\":711},{\"@type\":\"BreadcrumbList\",\"@id\":\"https:\\\/\\\/kibrisdakik.com\\\/?p=12490#breadcrumb\",\"itemListElement\":[{\"@type\":\"ListItem\",\"position\":1,\"name\":\"Home\",\"item\":\"https:\\\/\\\/kibrisdakik.com\\\/\"},{\"@type\":\"ListItem\",\"position\":2,\"name\":\"Ba\u015fbakan \u00dcstel, kamuda yetkili sendikalar ile toplant\u0131 yapt\u0131: 47\\\/2010 say\u0131l\u0131 yasa kapsam\u0131ndaki \u00e7al\u0131\u015fanlara ek art\u0131\u015f konusunda uzla\u015f\u0131ya var\u0131ld\u0131\"}]},{\"@type\":\"WebSite\",\"@id\":\"https:\\\/\\\/kibrisdakik.com\\\/#website\",\"url\":\"https:\\\/\\\/kibrisdakik.com\\\/\",\"name\":\"\",\"description\":\"Tam vaktinde haber\",\"potentialAction\":[{\"@type\":\"SearchAction\",\"target\":{\"@type\":\"EntryPoint\",\"urlTemplate\":\"https:\\\/\\\/kibrisdakik.com\\\/?s={search_term_string}\"},\"query-input\":{\"@type\":\"PropertyValueSpecification\",\"valueRequired\":true,\"valueName\":\"search_term_string\"}}],\"inLanguage\":\"tr\"},{\"@type\":\"Person\",\"@id\":\"https:\\\/\\\/kibrisdakik.com\\\/#\\\/schema\\\/person\\\/9cd9d437bbb44f72b73ba127e06d8e79\",\"name\":\"admin\",\"image\":{\"@type\":\"ImageObject\",\"inLanguage\":\"tr\",\"@id\":\"https:\\\/\\\/secure.gravatar.com\\\/avatar\\\/ccc17943b9d660506c869530f897617f7cb1c21a4bf30023f252596d83e1f007?s=96&d=mm&r=g\",\"url\":\"https:\\\/\\\/secure.gravatar.com\\\/avatar\\\/ccc17943b9d660506c869530f897617f7cb1c21a4bf30023f252596d83e1f007?s=96&d=mm&r=g\",\"contentUrl\":\"https:\\\/\\\/secure.gravatar.com\\\/avatar\\\/ccc17943b9d660506c869530f897617f7cb1c21a4bf30023f252596d83e1f007?s=96&d=mm&r=g\",\"caption\":\"admin\"},\"sameAs\":[\"https:\\\/\\\/kibrisdakik.com\"],\"url\":\"https:\\\/\\\/kibrisdakik.com\\\/?author=1\"}]}<\/script>\n<!-- \/ Yoast SEO plugin. -->","yoast_head_json":{"title":"Ba\u015fbakan \u00dcstel, kamuda yetkili sendikalar ile toplant\u0131 yapt\u0131: 47\/2010 say\u0131l\u0131 yasa kapsam\u0131ndaki \u00e7al\u0131\u015fanlara ek art\u0131\u015f konusunda uzla\u015f\u0131ya var\u0131ld\u0131 -","robots":{"index":"index","follow":"follow","max-snippet":"max-snippet:-1","max-image-preview":"max-image-preview:large","max-video-preview":"max-video-preview:-1"},"canonical":"https:\/\/kibrisdakik.com\/?p=12490","og_locale":"tr_TR","og_type":"article","og_title":"Ba\u015fbakan \u00dcstel, kamuda yetkili sendikalar ile toplant\u0131 yapt\u0131: 47\/2010 say\u0131l\u0131 yasa kapsam\u0131ndaki \u00e7al\u0131\u015fanlara ek art\u0131\u015f konusunda uzla\u015f\u0131ya var\u0131ld\u0131 -","og_description":"Ba\u015fbakanl\u0131k, h\u00fck\u00fcmet ile kamuda yetkili sendikalar\u0131n bug\u00fcn yapt\u0131\u011f\u0131 toplant\u0131da, \u201c47\/2010 say\u0131l\u0131 yasa kapsam\u0131ndaki \u00e7al\u0131\u015fanlara ek art\u0131\u015f yap\u0131lmas\u0131 konusunda uzla\u015f\u0131ya var\u0131ld\u0131\u011f\u0131n\u0131\u201d bildirdi. H\u00fck\u00fcmet ile sendikalar, \u201c2024 y\u0131l\u0131nda hayat pahal\u0131l\u0131\u011f\u0131 \u00f6dene\u011finin her alt\u0131 ayda bir de\u011fil, d\u00f6rt ayda bir verilmesinin sa\u011flanmas\u0131 i\u00e7in gerekli \u00e7al\u0131\u015fmalar\u0131n ba\u015flat\u0131lmas\u0131\u201d konusunda da uzla\u015f\u0131ya vard\u0131. Ba\u015fbakanl\u0131k\u2019tan yap\u0131lan bas\u0131n a\u00e7\u0131klamas\u0131nda, h\u00fck\u00fcmetin, g\u00f6revi devrald\u0131\u011f\u0131 g\u00fcnden","og_url":"https:\/\/kibrisdakik.com\/?p=12490","article_published_time":"2023-08-22T14:44:01+00:00","og_image":[{"width":1600,"height":711,"url":"https:\/\/kibrisdakik.com\/wp-content\/uploads\/2023\/08\/asslkdslaskda-740x420.jpg","type":"image\/jpeg"}],"author":"admin","twitter_card":"summary_large_image","twitter_misc":{"Yazan:":"admin","Tahmini okuma s\u00fcresi":"2 dakika"},"schema":{"@context":"https:\/\/schema.org","@graph":[{"@type":"Article","@id":"https:\/\/kibrisdakik.com\/?p=12490#article","isPartOf":{"@id":"https:\/\/kibrisdakik.com\/?p=12490"},"author":{"name":"admin","@id":"https:\/\/kibrisdakik.com\/#\/schema\/person\/9cd9d437bbb44f72b73ba127e06d8e79"},"headline":"Ba\u015fbakan \u00dcstel, kamuda yetkili sendikalar ile toplant\u0131 yapt\u0131: 47\/2010 say\u0131l\u0131 yasa kapsam\u0131ndaki \u00e7al\u0131\u015fanlara ek art\u0131\u015f konusunda uzla\u015f\u0131ya var\u0131ld\u0131","datePublished":"2023-08-22T14:44:01+00:00","mainEntityOfPage":{"@id":"https:\/\/kibrisdakik.com\/?p=12490"},"wordCount":476,"commentCount":0,"image":{"@id":"https:\/\/kibrisdakik.com\/?p=12490#primaryimage"},"thumbnailUrl":"https:\/\/kibrisdakik.com\/wp-content\/uploads\/2023\/08\/asslkdslaskda-740x420.jpg","articleSection":["G\u00fcndem"],"inLanguage":"tr","potentialAction":[{"@type":"CommentAction","name":"Comment","target":["https:\/\/kibrisdakik.com\/?p=12490#respond"]}]},{"@type":"WebPage","@id":"https:\/\/kibrisdakik.com\/?p=12490","url":"https:\/\/kibrisdakik.com\/?p=12490","name":"Ba\u015fbakan \u00dcstel, kamuda yetkili sendikalar ile toplant\u0131 yapt\u0131: 47\/2010 say\u0131l\u0131 yasa kapsam\u0131ndaki \u00e7al\u0131\u015fanlara ek art\u0131\u015f konusunda uzla\u015f\u0131ya var\u0131ld\u0131 -","isPartOf":{"@id":"https:\/\/kibrisdakik.com\/#website"},"primaryImageOfPage":{"@id":"https:\/\/kibrisdakik.com\/?p=12490#primaryimage"},"image":{"@id":"https:\/\/kibrisdakik.com\/?p=12490#primaryimage"},"thumbnailUrl":"https:\/\/kibrisdakik.com\/wp-content\/uploads\/2023\/08\/asslkdslaskda-740x420.jpg","datePublished":"2023-08-22T14:44:01+00:00","author":{"@id":"https:\/\/kibrisdakik.com\/#\/schema\/person\/9cd9d437bbb44f72b73ba127e06d8e79"},"breadcrumb":{"@id":"https:\/\/kibrisdakik.com\/?p=12490#breadcrumb"},"inLanguage":"tr","potentialAction":[{"@type":"ReadAction","target":["https:\/\/kibrisdakik.com\/?p=12490"]}]},{"@type":"ImageObject","inLanguage":"tr","@id":"https:\/\/kibrisdakik.com\/?p=12490#primaryimage","url":"https:\/\/kibrisdakik.com\/wp-content\/uploads\/2023\/08\/asslkdslaskda-740x420.jpg","contentUrl":"https:\/\/kibrisdakik.com\/wp-content\/uploads\/2023\/08\/asslkdslaskda-740x420.jpg","width":1600,"height":711},{"@type":"BreadcrumbList","@id":"https:\/\/kibrisdakik.com\/?p=12490#breadcrumb","itemListElement":[{"@type":"ListItem","position":1,"name":"Home","item":"https:\/\/kibrisdakik.com\/"},{"@type":"ListItem","position":2,"name":"Ba\u015fbakan \u00dcstel, kamuda yetkili sendikalar ile toplant\u0131 yapt\u0131: 47\/2010 say\u0131l\u0131 yasa kapsam\u0131ndaki \u00e7al\u0131\u015fanlara ek art\u0131\u015f konusunda uzla\u015f\u0131ya var\u0131ld\u0131"}]},{"@type":"WebSite","@id":"https:\/\/kibrisdakik.com\/#website","url":"https:\/\/kibrisdakik.com\/","name":"","description":"Tam vaktinde haber","potentialAction":[{"@type":"SearchAction","target":{"@type":"EntryPoint","urlTemplate":"https:\/\/kibrisdakik.com\/?s={search_term_string}"},"query-input":{"@type":"PropertyValueSpecification","valueRequired":true,"valueName":"search_term_string"}}],"inLanguage":"tr"},{"@type":"Person","@id":"https:\/\/kibrisdakik.com\/#\/schema\/person\/9cd9d437bbb44f72b73ba127e06d8e79","name":"admin","image":{"@type":"ImageObject","inLanguage":"tr","@id":"https:\/\/secure.gravatar.com\/avatar\/ccc17943b9d660506c869530f897617f7cb1c21a4bf30023f252596d83e1f007?s=96&d=mm&r=g","url":"https:\/\/secure.gravatar.com\/avatar\/ccc17943b9d660506c869530f897617f7cb1c21a4bf30023f252596d83e1f007?s=96&d=mm&r=g","contentUrl":"https:\/\/secure.gravatar.com\/avatar\/ccc17943b9d660506c869530f897617f7cb1c21a4bf30023f252596d83e1f007?s=96&d=mm&r=g","caption":"admin"},"sameAs":["https:\/\/kibrisdakik.com"],"url":"https:\/\/kibrisdakik.com\/?author=1"}]}},"_links":{"self":[{"href":"https:\/\/kibrisdakik.com\/index.php?rest_route=\/wp\/v2\/posts\/12490","targetHints":{"allow":["GET"]}}],"collection":[{"href":"https:\/\/kibrisdakik.com\/index.php?rest_route=\/wp\/v2\/posts"}],"about":[{"href":"https:\/\/kibrisdakik.com\/index.php?rest_route=\/wp\/v2\/types\/post"}],"author":[{"embeddable":true,"href":"https:\/\/kibrisdakik.com\/index.php?rest_route=\/wp\/v2\/users\/1"}],"replies":[{"embeddable":true,"href":"https:\/\/kibrisdakik.com\/index.php?rest_route=%2Fwp%2Fv2%2Fcomments&post=12490"}],"version-history":[{"count":0,"href":"https:\/\/kibrisdakik.com\/index.php?rest_route=\/wp\/v2\/posts\/12490\/revisions"}],"wp:featuredmedia":[{"embeddable":true,"href":"https:\/\/kibrisdakik.com\/index.php?rest_route=\/wp\/v2\/media\/12491"}],"wp:attachment":[{"href":"https:\/\/kibrisdakik.com\/index.php?rest_route=%2Fwp%2Fv2%2Fmedia&parent=12490"}],"wp:term":[{"taxonomy":"category","embeddable":true,"href":"https:\/\/kibrisdakik.com\/index.php?rest_route=%2Fwp%2Fv2%2Fcategories&post=12490"},{"taxonomy":"post_tag","embeddable":true,"href":"https:\/\/kibrisdakik.com\/index.php?rest_route=%2Fwp%2Fv2%2Ftags&post=12490"}],"curies":[{"name":"wp","href":"https:\/\/api.w.org\/{rel}","templated":true}]}}