{"id":12508,"date":"2023-08-22T19:55:57","date_gmt":"2023-08-22T19:55:57","guid":{"rendered":"https:\/\/kibrisdakik.com\/index.php\/2023\/08\/22\/icisleri-bakanligitransit-vize-uygulamasi-kktcnin-gelecegi-acisindan-onemli\/"},"modified":"2023-08-22T19:55:57","modified_gmt":"2023-08-22T19:55:57","slug":"icisleri-bakanligitransit-vize-uygulamasi-kktcnin-gelecegi-acisindan-onemli","status":"publish","type":"post","link":"https:\/\/kibrisdakik.com\/?p=12508","title":{"rendered":"\u0130\u00e7i\u015fleri Bakanl\u0131\u011f\u0131:Transit vize uygulamas\u0131 KKTC\u2019nin gelece\u011fi a\u00e7\u0131s\u0131ndan \u00f6nemli"},"content":{"rendered":"<p><\/p>\n<div>\n<div class=\"mariselle-image-container center\">\n                <img width=\"1080\" height=\"456\" class=\"lazy-image\" alt=\"\" decoding=\"async\" loading=\"lazy\" sizes=\"auto, (max-width: 1080px) 100vw, 1080px\" src=\"https:\/\/brtk.net\/wp-content\/uploads\/2023\/08\/22\/Screenshot_20230822_214052_X.jpg?ver=f1db1a80dea91bee98870a2e8c5b6a04\" srcset=\"https:\/\/brtk.net\/wp-content\/uploads\/2023\/08\/22\/Screenshot_20230822_214052_X.jpg?ver=f1db1a80dea91bee98870a2e8c5b6a04 1080w, https:\/\/brtk.net\/wp-content\/uploads\/2023\/08\/22\/Screenshot_20230822_214052_X-300x127.jpg?ver=e9b5b2233172ce8bd74a37c08de9409f 300w, https:\/\/brtk.net\/wp-content\/uploads\/2023\/08\/22\/Screenshot_20230822_214052_X-1024x432.jpg?ver=e9b5b2233172ce8bd74a37c08de9409f 1024w, https:\/\/brtk.net\/wp-content\/uploads\/2023\/08\/22\/Screenshot_20230822_214052_X-768x324.jpg?ver=e9b5b2233172ce8bd74a37c08de9409f 768w\"\/>                            <\/div>\n<p>\u0130\u00e7i\u015fleri Bakanl\u0131\u011f\u0131, transit vize uygulamas\u0131n\u0131n \u00fclkenin gelece\u011fi i\u00e7in \u00f6nemli oldu\u011funu, \u00fcniversitelerin kay\u0131tl\u0131 \u00f6\u011frencilerinin bundan etkilenmeyece\u011fini belirtti.<\/p>\n<p>Bakanl\u0131k, T\u00fcrkiye Cumhuriyeti G\u00f6\u00e7 \u0130daresi\u2019nin ald\u0131\u011f\u0131 transit vize karar\u0131 konusunda a\u00e7\u0131klama yapt\u0131.<\/p>\n<p>T\u00fcrkiye Cumhuriyeti vize rejimi gere\u011fi daha \u00f6nceden de uygulamada olan ve pandemi d\u00f6nemi ola\u011fan\u00fcst\u00fc ko\u015fullar nedeniyle yumu\u015fat\u0131lm\u0131\u015f transit vize uygulamas\u0131n\u0131n, T\u00fcrkiye Cumhuriyeti G\u00f6\u00e7 \u0130daresi\u2019nin ald\u0131\u011f\u0131 kararla yeniden uygulanmaya ba\u015fland\u0131\u011f\u0131 belirtilen a\u00e7\u0131klamada \u015funlar kaydedildi:<\/p>\n<p>\u201cT\u00fcrkiye Cumhuriyeti ile Kuzey K\u0131br\u0131s T\u00fcrk Cumhuriyeti aras\u0131ndaki devletleraras\u0131 anla\u015fmalar ve i\u015f birli\u011fi protokolleri \u00e7er\u00e7evesinde, al\u0131nan kararla halk\u0131m\u0131z\u0131n da uzun s\u00fcredir hassasiyet g\u00f6sterdi\u011fi \u00fclke g\u00fcvenli\u011fi ve kamu huzurunun korunmas\u0131 ad\u0131na transit vize uygulamas\u0131na ge\u00e7ilmesi, <a href=\"https:\/\/brtk.net\/\"\/><a href=\"https:\/\/brtk.net\/\">KKTC<\/a>\u2019nin gelece\u011fi a\u00e7\u0131s\u0131ndan \u00f6nemli bir ad\u0131md\u0131r.<\/p>\n<p><a href=\"https:\/\/brtk.net\/\"\/><a href=\"https:\/\/brtk.net\/\">KKTC<\/a> ekonomisinin geli\u015fmesinde lokomotif sekt\u00f6rlerden biri olan \u00fcniversitelerimizin kay\u0131tl\u0131 \u00f6\u011frencileri uygulamadan etkilenmeyece\u011fi gibi al\u0131nan kararlar, \u00f6\u011frenci kalitesinin artmas\u0131na ve \u00fclke itibar\u0131m\u0131z\u0131n g\u00fc\u00e7lenmesine de katk\u0131 koyacakt\u0131r. <a href=\"https:\/\/brtk.net\/\"\/><a href=\"https:\/\/brtk.net\/\">KKTC<\/a> en g\u00fcvenli ve \u00f6\u011fretim kurumlar\u0131 ile kaliteli e\u011fitim al\u0131nacak \u00fclkelerden biridir. T\u00fcrkiye Cumhuriyeti G\u00f6\u00e7 \u0130daresi\u2019nin karar\u0131 ile uygulamaya giren transit vizeye ek olarak, k\u0131sa s\u00fcre i\u00e7erisinde uygulamaya koyaca\u011f\u0131m\u0131z e-vize otomasyon sistemi ile hem \u00fclkeye giri\u015fler daha kontroll\u00fc olacak, hem de y\u00fcksek\u00f6\u011frenimde \u00f6\u011frenci kalitesi artacakt\u0131r. B\u00f6ylelikle \u00fclkemiz kazanacakt\u0131r.\u201d<\/p>\n<\/p><\/div>\n","protected":false},"excerpt":{"rendered":"<p>\u0130\u00e7i\u015fleri Bakanl\u0131\u011f\u0131, transit vize uygulamas\u0131n\u0131n \u00fclkenin gelece\u011fi i\u00e7in \u00f6nemli oldu\u011funu, \u00fcniversitelerin kay\u0131tl\u0131 \u00f6\u011frencilerinin bundan etkilenmeyece\u011fini belirtti. Bakanl\u0131k, T\u00fcrkiye Cumhuriyeti G\u00f6\u00e7 \u0130daresi\u2019nin ald\u0131\u011f\u0131 transit vize karar\u0131 konusunda a\u00e7\u0131klama yapt\u0131. T\u00fcrkiye Cumhuriyeti vize rejimi gere\u011fi daha \u00f6nceden de uygulamada olan ve pandemi d\u00f6nemi ola\u011fan\u00fcst\u00fc ko\u015fullar nedeniyle yumu\u015fat\u0131lm\u0131\u015f transit vize uygulamas\u0131n\u0131n, T\u00fcrkiye Cumhuriyeti G\u00f6\u00e7 \u0130daresi\u2019nin ald\u0131\u011f\u0131 kararla yeniden<\/p>\n","protected":false},"author":1,"featured_media":12509,"comment_status":"open","ping_status":"open","sticky":false,"template":"","format":"standard","meta":{"footnotes":""},"categories":[1],"tags":[],"class_list":["post-12508","post","type-post","status-publish","format-standard","has-post-thumbnail","hentry","category-gundem"],"yoast_head":"<!-- This site is optimized with the Yoast SEO plugin v27.4 - https:\/\/yoast.com\/product\/yoast-seo-wordpress\/ -->\n<title>\u0130\u00e7i\u015fleri Bakanl\u0131\u011f\u0131:Transit vize uygulamas\u0131 KKTC\u2019nin gelece\u011fi a\u00e7\u0131s\u0131ndan \u00f6nemli -<\/title>\n<meta name=\"robots\" content=\"index, follow, max-snippet:-1, max-image-preview:large, max-video-preview:-1\" \/>\n<link rel=\"canonical\" href=\"https:\/\/kibrisdakik.com\/?p=12508\" \/>\n<meta property=\"og:locale\" content=\"tr_TR\" \/>\n<meta property=\"og:type\" content=\"article\" \/>\n<meta property=\"og:title\" content=\"\u0130\u00e7i\u015fleri Bakanl\u0131\u011f\u0131:Transit vize uygulamas\u0131 KKTC\u2019nin gelece\u011fi a\u00e7\u0131s\u0131ndan \u00f6nemli -\" \/>\n<meta property=\"og:description\" content=\"\u0130\u00e7i\u015fleri Bakanl\u0131\u011f\u0131, transit vize uygulamas\u0131n\u0131n \u00fclkenin gelece\u011fi i\u00e7in \u00f6nemli oldu\u011funu, \u00fcniversitelerin kay\u0131tl\u0131 \u00f6\u011frencilerinin bundan etkilenmeyece\u011fini belirtti. Bakanl\u0131k, T\u00fcrkiye Cumhuriyeti G\u00f6\u00e7 \u0130daresi\u2019nin ald\u0131\u011f\u0131 transit vize karar\u0131 konusunda a\u00e7\u0131klama yapt\u0131. T\u00fcrkiye Cumhuriyeti vize rejimi gere\u011fi daha \u00f6nceden de uygulamada olan ve pandemi d\u00f6nemi ola\u011fan\u00fcst\u00fc ko\u015fullar nedeniyle yumu\u015fat\u0131lm\u0131\u015f transit vize uygulamas\u0131n\u0131n, T\u00fcrkiye Cumhuriyeti G\u00f6\u00e7 \u0130daresi\u2019nin ald\u0131\u011f\u0131 kararla yeniden\" \/>\n<meta property=\"og:url\" content=\"https:\/\/kibrisdakik.com\/?p=12508\" \/>\n<meta property=\"article:published_time\" content=\"2023-08-22T19:55:57+00:00\" \/>\n<meta property=\"og:image\" content=\"https:\/\/kibrisdakik.com\/wp-content\/uploads\/2023\/08\/Screenshot_20230822_214052_X-740x420.jpg\" \/>\n\t<meta property=\"og:image:width\" content=\"1080\" \/>\n\t<meta property=\"og:image:height\" content=\"456\" \/>\n\t<meta property=\"og:image:type\" content=\"image\/jpeg\" \/>\n<meta name=\"author\" content=\"admin\" \/>\n<meta name=\"twitter:card\" content=\"summary_large_image\" \/>\n<meta name=\"twitter:label1\" content=\"Yazan:\" \/>\n\t<meta name=\"twitter:data1\" content=\"admin\" \/>\n\t<meta name=\"twitter:label2\" content=\"Tahmini okuma s\u00fcresi\" \/>\n\t<meta name=\"twitter:data2\" content=\"1 dakika\" \/>\n<script type=\"application\/ld+json\" class=\"yoast-schema-graph\">{\"@context\":\"https:\\\/\\\/schema.org\",\"@graph\":[{\"@type\":\"Article\",\"@id\":\"https:\\\/\\\/kibrisdakik.com\\\/?p=12508#article\",\"isPartOf\":{\"@id\":\"https:\\\/\\\/kibrisdakik.com\\\/?p=12508\"},\"author\":{\"name\":\"admin\",\"@id\":\"https:\\\/\\\/kibrisdakik.com\\\/#\\\/schema\\\/person\\\/9cd9d437bbb44f72b73ba127e06d8e79\"},\"headline\":\"\u0130\u00e7i\u015fleri Bakanl\u0131\u011f\u0131:Transit vize uygulamas\u0131 KKTC\u2019nin gelece\u011fi a\u00e7\u0131s\u0131ndan \u00f6nemli\",\"datePublished\":\"2023-08-22T19:55:57+00:00\",\"mainEntityOfPage\":{\"@id\":\"https:\\\/\\\/kibrisdakik.com\\\/?p=12508\"},\"wordCount\":267,\"commentCount\":0,\"image\":{\"@id\":\"https:\\\/\\\/kibrisdakik.com\\\/?p=12508#primaryimage\"},\"thumbnailUrl\":\"https:\\\/\\\/kibrisdakik.com\\\/wp-content\\\/uploads\\\/2023\\\/08\\\/Screenshot_20230822_214052_X-740x420.jpg\",\"articleSection\":[\"G\u00fcndem\"],\"inLanguage\":\"tr\",\"potentialAction\":[{\"@type\":\"CommentAction\",\"name\":\"Comment\",\"target\":[\"https:\\\/\\\/kibrisdakik.com\\\/?p=12508#respond\"]}]},{\"@type\":\"WebPage\",\"@id\":\"https:\\\/\\\/kibrisdakik.com\\\/?p=12508\",\"url\":\"https:\\\/\\\/kibrisdakik.com\\\/?p=12508\",\"name\":\"\u0130\u00e7i\u015fleri Bakanl\u0131\u011f\u0131:Transit vize uygulamas\u0131 KKTC\u2019nin gelece\u011fi a\u00e7\u0131s\u0131ndan \u00f6nemli -\",\"isPartOf\":{\"@id\":\"https:\\\/\\\/kibrisdakik.com\\\/#website\"},\"primaryImageOfPage\":{\"@id\":\"https:\\\/\\\/kibrisdakik.com\\\/?p=12508#primaryimage\"},\"image\":{\"@id\":\"https:\\\/\\\/kibrisdakik.com\\\/?p=12508#primaryimage\"},\"thumbnailUrl\":\"https:\\\/\\\/kibrisdakik.com\\\/wp-content\\\/uploads\\\/2023\\\/08\\\/Screenshot_20230822_214052_X-740x420.jpg\",\"datePublished\":\"2023-08-22T19:55:57+00:00\",\"author\":{\"@id\":\"https:\\\/\\\/kibrisdakik.com\\\/#\\\/schema\\\/person\\\/9cd9d437bbb44f72b73ba127e06d8e79\"},\"breadcrumb\":{\"@id\":\"https:\\\/\\\/kibrisdakik.com\\\/?p=12508#breadcrumb\"},\"inLanguage\":\"tr\",\"potentialAction\":[{\"@type\":\"ReadAction\",\"target\":[\"https:\\\/\\\/kibrisdakik.com\\\/?p=12508\"]}]},{\"@type\":\"ImageObject\",\"inLanguage\":\"tr\",\"@id\":\"https:\\\/\\\/kibrisdakik.com\\\/?p=12508#primaryimage\",\"url\":\"https:\\\/\\\/kibrisdakik.com\\\/wp-content\\\/uploads\\\/2023\\\/08\\\/Screenshot_20230822_214052_X-740x420.jpg\",\"contentUrl\":\"https:\\\/\\\/kibrisdakik.com\\\/wp-content\\\/uploads\\\/2023\\\/08\\\/Screenshot_20230822_214052_X-740x420.jpg\",\"width\":1080,\"height\":456},{\"@type\":\"BreadcrumbList\",\"@id\":\"https:\\\/\\\/kibrisdakik.com\\\/?p=12508#breadcrumb\",\"itemListElement\":[{\"@type\":\"ListItem\",\"position\":1,\"name\":\"Home\",\"item\":\"https:\\\/\\\/kibrisdakik.com\\\/\"},{\"@type\":\"ListItem\",\"position\":2,\"name\":\"\u0130\u00e7i\u015fleri Bakanl\u0131\u011f\u0131:Transit vize uygulamas\u0131 KKTC\u2019nin gelece\u011fi a\u00e7\u0131s\u0131ndan \u00f6nemli\"}]},{\"@type\":\"WebSite\",\"@id\":\"https:\\\/\\\/kibrisdakik.com\\\/#website\",\"url\":\"https:\\\/\\\/kibrisdakik.com\\\/\",\"name\":\"\",\"description\":\"Tam vaktinde haber\",\"potentialAction\":[{\"@type\":\"SearchAction\",\"target\":{\"@type\":\"EntryPoint\",\"urlTemplate\":\"https:\\\/\\\/kibrisdakik.com\\\/?s={search_term_string}\"},\"query-input\":{\"@type\":\"PropertyValueSpecification\",\"valueRequired\":true,\"valueName\":\"search_term_string\"}}],\"inLanguage\":\"tr\"},{\"@type\":\"Person\",\"@id\":\"https:\\\/\\\/kibrisdakik.com\\\/#\\\/schema\\\/person\\\/9cd9d437bbb44f72b73ba127e06d8e79\",\"name\":\"admin\",\"image\":{\"@type\":\"ImageObject\",\"inLanguage\":\"tr\",\"@id\":\"https:\\\/\\\/secure.gravatar.com\\\/avatar\\\/ccc17943b9d660506c869530f897617f7cb1c21a4bf30023f252596d83e1f007?s=96&d=mm&r=g\",\"url\":\"https:\\\/\\\/secure.gravatar.com\\\/avatar\\\/ccc17943b9d660506c869530f897617f7cb1c21a4bf30023f252596d83e1f007?s=96&d=mm&r=g\",\"contentUrl\":\"https:\\\/\\\/secure.gravatar.com\\\/avatar\\\/ccc17943b9d660506c869530f897617f7cb1c21a4bf30023f252596d83e1f007?s=96&d=mm&r=g\",\"caption\":\"admin\"},\"sameAs\":[\"https:\\\/\\\/kibrisdakik.com\"],\"url\":\"https:\\\/\\\/kibrisdakik.com\\\/?author=1\"}]}<\/script>\n<!-- \/ Yoast SEO plugin. -->","yoast_head_json":{"title":"\u0130\u00e7i\u015fleri Bakanl\u0131\u011f\u0131:Transit vize uygulamas\u0131 KKTC\u2019nin gelece\u011fi a\u00e7\u0131s\u0131ndan \u00f6nemli -","robots":{"index":"index","follow":"follow","max-snippet":"max-snippet:-1","max-image-preview":"max-image-preview:large","max-video-preview":"max-video-preview:-1"},"canonical":"https:\/\/kibrisdakik.com\/?p=12508","og_locale":"tr_TR","og_type":"article","og_title":"\u0130\u00e7i\u015fleri Bakanl\u0131\u011f\u0131:Transit vize uygulamas\u0131 KKTC\u2019nin gelece\u011fi a\u00e7\u0131s\u0131ndan \u00f6nemli -","og_description":"\u0130\u00e7i\u015fleri Bakanl\u0131\u011f\u0131, transit vize uygulamas\u0131n\u0131n \u00fclkenin gelece\u011fi i\u00e7in \u00f6nemli oldu\u011funu, \u00fcniversitelerin kay\u0131tl\u0131 \u00f6\u011frencilerinin bundan etkilenmeyece\u011fini belirtti. Bakanl\u0131k, T\u00fcrkiye Cumhuriyeti G\u00f6\u00e7 \u0130daresi\u2019nin ald\u0131\u011f\u0131 transit vize karar\u0131 konusunda a\u00e7\u0131klama yapt\u0131. T\u00fcrkiye Cumhuriyeti vize rejimi gere\u011fi daha \u00f6nceden de uygulamada olan ve pandemi d\u00f6nemi ola\u011fan\u00fcst\u00fc ko\u015fullar nedeniyle yumu\u015fat\u0131lm\u0131\u015f transit vize uygulamas\u0131n\u0131n, T\u00fcrkiye Cumhuriyeti G\u00f6\u00e7 \u0130daresi\u2019nin ald\u0131\u011f\u0131 kararla yeniden","og_url":"https:\/\/kibrisdakik.com\/?p=12508","article_published_time":"2023-08-22T19:55:57+00:00","og_image":[{"width":1080,"height":456,"url":"https:\/\/kibrisdakik.com\/wp-content\/uploads\/2023\/08\/Screenshot_20230822_214052_X-740x420.jpg","type":"image\/jpeg"}],"author":"admin","twitter_card":"summary_large_image","twitter_misc":{"Yazan:":"admin","Tahmini okuma s\u00fcresi":"1 dakika"},"schema":{"@context":"https:\/\/schema.org","@graph":[{"@type":"Article","@id":"https:\/\/kibrisdakik.com\/?p=12508#article","isPartOf":{"@id":"https:\/\/kibrisdakik.com\/?p=12508"},"author":{"name":"admin","@id":"https:\/\/kibrisdakik.com\/#\/schema\/person\/9cd9d437bbb44f72b73ba127e06d8e79"},"headline":"\u0130\u00e7i\u015fleri Bakanl\u0131\u011f\u0131:Transit vize uygulamas\u0131 KKTC\u2019nin gelece\u011fi a\u00e7\u0131s\u0131ndan \u00f6nemli","datePublished":"2023-08-22T19:55:57+00:00","mainEntityOfPage":{"@id":"https:\/\/kibrisdakik.com\/?p=12508"},"wordCount":267,"commentCount":0,"image":{"@id":"https:\/\/kibrisdakik.com\/?p=12508#primaryimage"},"thumbnailUrl":"https:\/\/kibrisdakik.com\/wp-content\/uploads\/2023\/08\/Screenshot_20230822_214052_X-740x420.jpg","articleSection":["G\u00fcndem"],"inLanguage":"tr","potentialAction":[{"@type":"CommentAction","name":"Comment","target":["https:\/\/kibrisdakik.com\/?p=12508#respond"]}]},{"@type":"WebPage","@id":"https:\/\/kibrisdakik.com\/?p=12508","url":"https:\/\/kibrisdakik.com\/?p=12508","name":"\u0130\u00e7i\u015fleri Bakanl\u0131\u011f\u0131:Transit vize uygulamas\u0131 KKTC\u2019nin gelece\u011fi a\u00e7\u0131s\u0131ndan \u00f6nemli -","isPartOf":{"@id":"https:\/\/kibrisdakik.com\/#website"},"primaryImageOfPage":{"@id":"https:\/\/kibrisdakik.com\/?p=12508#primaryimage"},"image":{"@id":"https:\/\/kibrisdakik.com\/?p=12508#primaryimage"},"thumbnailUrl":"https:\/\/kibrisdakik.com\/wp-content\/uploads\/2023\/08\/Screenshot_20230822_214052_X-740x420.jpg","datePublished":"2023-08-22T19:55:57+00:00","author":{"@id":"https:\/\/kibrisdakik.com\/#\/schema\/person\/9cd9d437bbb44f72b73ba127e06d8e79"},"breadcrumb":{"@id":"https:\/\/kibrisdakik.com\/?p=12508#breadcrumb"},"inLanguage":"tr","potentialAction":[{"@type":"ReadAction","target":["https:\/\/kibrisdakik.com\/?p=12508"]}]},{"@type":"ImageObject","inLanguage":"tr","@id":"https:\/\/kibrisdakik.com\/?p=12508#primaryimage","url":"https:\/\/kibrisdakik.com\/wp-content\/uploads\/2023\/08\/Screenshot_20230822_214052_X-740x420.jpg","contentUrl":"https:\/\/kibrisdakik.com\/wp-content\/uploads\/2023\/08\/Screenshot_20230822_214052_X-740x420.jpg","width":1080,"height":456},{"@type":"BreadcrumbList","@id":"https:\/\/kibrisdakik.com\/?p=12508#breadcrumb","itemListElement":[{"@type":"ListItem","position":1,"name":"Home","item":"https:\/\/kibrisdakik.com\/"},{"@type":"ListItem","position":2,"name":"\u0130\u00e7i\u015fleri Bakanl\u0131\u011f\u0131:Transit vize uygulamas\u0131 KKTC\u2019nin gelece\u011fi a\u00e7\u0131s\u0131ndan \u00f6nemli"}]},{"@type":"WebSite","@id":"https:\/\/kibrisdakik.com\/#website","url":"https:\/\/kibrisdakik.com\/","name":"","description":"Tam vaktinde haber","potentialAction":[{"@type":"SearchAction","target":{"@type":"EntryPoint","urlTemplate":"https:\/\/kibrisdakik.com\/?s={search_term_string}"},"query-input":{"@type":"PropertyValueSpecification","valueRequired":true,"valueName":"search_term_string"}}],"inLanguage":"tr"},{"@type":"Person","@id":"https:\/\/kibrisdakik.com\/#\/schema\/person\/9cd9d437bbb44f72b73ba127e06d8e79","name":"admin","image":{"@type":"ImageObject","inLanguage":"tr","@id":"https:\/\/secure.gravatar.com\/avatar\/ccc17943b9d660506c869530f897617f7cb1c21a4bf30023f252596d83e1f007?s=96&d=mm&r=g","url":"https:\/\/secure.gravatar.com\/avatar\/ccc17943b9d660506c869530f897617f7cb1c21a4bf30023f252596d83e1f007?s=96&d=mm&r=g","contentUrl":"https:\/\/secure.gravatar.com\/avatar\/ccc17943b9d660506c869530f897617f7cb1c21a4bf30023f252596d83e1f007?s=96&d=mm&r=g","caption":"admin"},"sameAs":["https:\/\/kibrisdakik.com"],"url":"https:\/\/kibrisdakik.com\/?author=1"}]}},"_links":{"self":[{"href":"https:\/\/kibrisdakik.com\/index.php?rest_route=\/wp\/v2\/posts\/12508","targetHints":{"allow":["GET"]}}],"collection":[{"href":"https:\/\/kibrisdakik.com\/index.php?rest_route=\/wp\/v2\/posts"}],"about":[{"href":"https:\/\/kibrisdakik.com\/index.php?rest_route=\/wp\/v2\/types\/post"}],"author":[{"embeddable":true,"href":"https:\/\/kibrisdakik.com\/index.php?rest_route=\/wp\/v2\/users\/1"}],"replies":[{"embeddable":true,"href":"https:\/\/kibrisdakik.com\/index.php?rest_route=%2Fwp%2Fv2%2Fcomments&post=12508"}],"version-history":[{"count":0,"href":"https:\/\/kibrisdakik.com\/index.php?rest_route=\/wp\/v2\/posts\/12508\/revisions"}],"wp:featuredmedia":[{"embeddable":true,"href":"https:\/\/kibrisdakik.com\/index.php?rest_route=\/wp\/v2\/media\/12509"}],"wp:attachment":[{"href":"https:\/\/kibrisdakik.com\/index.php?rest_route=%2Fwp%2Fv2%2Fmedia&parent=12508"}],"wp:term":[{"taxonomy":"category","embeddable":true,"href":"https:\/\/kibrisdakik.com\/index.php?rest_route=%2Fwp%2Fv2%2Fcategories&post=12508"},{"taxonomy":"post_tag","embeddable":true,"href":"https:\/\/kibrisdakik.com\/index.php?rest_route=%2Fwp%2Fv2%2Ftags&post=12508"}],"curies":[{"name":"wp","href":"https:\/\/api.w.org\/{rel}","templated":true}]}}