{"id":12525,"date":"2023-08-23T07:12:18","date_gmt":"2023-08-23T07:12:18","guid":{"rendered":"https:\/\/kibrisdakik.com\/index.php\/2023\/08\/23\/meclis-genel-kurulu-yarin-ve-cuma-gunu-olaganustu-toplantiya-cagrildi\/"},"modified":"2023-08-23T07:12:18","modified_gmt":"2023-08-23T07:12:18","slug":"meclis-genel-kurulu-yarin-ve-cuma-gunu-olaganustu-toplantiya-cagrildi","status":"publish","type":"post","link":"https:\/\/kibrisdakik.com\/?p=12525","title":{"rendered":"Meclis Genel Kurulu yar\u0131n ve cuma g\u00fcn\u00fc ola\u011fan\u00fcst\u00fc toplant\u0131ya \u00e7a\u011fr\u0131ld\u0131"},"content":{"rendered":"<p><\/p>\n<div>\n<div class=\"mariselle-image-container none\">\n                <img width=\"929\" height=\"471\" class=\"lazy-image\" alt=\"\" decoding=\"async\" loading=\"lazy\" sizes=\"auto, (max-width: 929px) 100vw, 929px\" src=\"https:\/\/brtk.net\/wp-content\/uploads\/2023\/08\/23\/meclis-bos-detay-7-2.jpg?ver=26f52eaa4b0e321f9a1b4b5d52857297\" srcset=\"https:\/\/brtk.net\/wp-content\/uploads\/2023\/08\/23\/meclis-bos-detay-7-2.jpg?ver=26f52eaa4b0e321f9a1b4b5d52857297 929w, https:\/\/brtk.net\/wp-content\/uploads\/2023\/08\/23\/meclis-bos-detay-7-2-300x152.jpg?ver=26f52eaa4b0e321f9a1b4b5d52857297 300w, https:\/\/brtk.net\/wp-content\/uploads\/2023\/08\/23\/meclis-bos-detay-7-2-768x389.jpg?ver=929ff63144174ff74a8cc4e3e539bad6 768w\"\/>                            <\/div>\n<p style=\"font-weight: 300;\">Cumhuriyet Meclisi Genel Kurulu, yar\u0131n ve Cuma g\u00fcn\u00fc ola\u011fan\u00fcst\u00fc toplant\u0131ya \u00e7a\u011fr\u0131ld\u0131.<\/p>\n<p style=\"font-weight: 300;\"><span style=\"font-weight: 300 !important;\">Bakanlar Kurulu\u2019nun talebiyle ola\u011fan\u00fcst\u00fc toplant\u0131ya \u00e7a\u011fr\u0131lan Meclis Genel Kurulu toplant\u0131lar\u0131n\u0131n saat 10.00\u2019da ba\u015flamas\u0131 bekleniyor.<\/span><\/p>\n<p style=\"font-weight: 300;\"><span style=\"font-weight: 300 !important;\">Meclis Genel Kurulu\u2019nun ge\u00e7en \u00c7ar\u015famba g\u00fcn\u00fc <a href=\"https:\/\/brtk.net\/\">CTP<\/a>\u2019nin ve 2 ba\u011f\u0131ms\u0131z milletvekilinin talebiyle \u00e7a\u011fr\u0131ld\u0131\u011f\u0131 ola\u011fan\u00fcst\u00fc toplant\u0131, koalisyon orta\u011f\u0131 partilerin milletvekillerinin kat\u0131lmamas\u0131 nedeniyle nisap sa\u011flanamay\u0131nca yap\u0131lamam\u0131\u015ft\u0131.<\/span><\/p>\n<p style=\"font-weight: 300;\"><span style=\"font-weight: 300 !important;\">Bunun \u00fczerine ola\u011fan\u00fcst\u00fc toplant\u0131 \u00e7a\u011fr\u0131s\u0131n\u0131 yineleyen <a href=\"https:\/\/brtk.net\/\">CTP<\/a> ve 2 ba\u011f\u0131ms\u0131z milletvekilinin talebiyle, Meclis Ba\u015fkan\u0131 Zorlu T\u00f6re, Meclis Genel Kurulu\u2019nu 24 A\u011fustos Per\u015fembe g\u00fcn\u00fc ola\u011fan\u00fcst\u00fc toplant\u0131ya \u00e7a\u011f\u0131rd\u0131.<\/span><\/p>\n<p style=\"font-weight: 300;\"><span style=\"font-weight: 300 !important;\">Toplant\u0131 \u00e7a\u011fr\u0131s\u0131na g\u00f6re, bu toplant\u0131n\u0131n g\u00fcndemi \u201c\u00d6zel \u015eirketlerle Yap\u0131lan Uzun Vadeli Anla\u015fmalar ve Al\u0131nan \u0130dari Kararlar ile Kamu Kaynaklar\u0131n\u0131n T\u00fcketilmesi, \u00dclke Ekonomisinin \u00c7\u0131kmaza S\u00fcr\u00fcklenmesi ve Halk\u0131n Kar\u015f\u0131 Kar\u015f\u0131ya B\u0131rak\u0131ld\u0131\u011f\u0131 Zorluklar.\u201d<\/span><\/p>\n<p style=\"font-weight: 300;\">-25 A\u011fustos Cuma g\u00fcnk\u00fc toplant\u0131 g\u00fcndemi<\/p>\n<p style=\"font-weight: 300;\"><span style=\"font-weight: 300 !important;\">Meclis Ba\u015fkan\u0131 Zorlu T\u00f6re, Bakanlar Kurulu\u2019nun istemi \u00fczerine ise Meclis Genel Kurulu\u2019nu 25 A\u011fustos Cuma g\u00fcn\u00fc i\u00e7in de ola\u011fan\u00fcst\u00fc toplant\u0131ya \u00e7a\u011f\u0131rd\u0131.<\/span><\/p>\n<p style=\"font-weight: 300;\"><span style=\"font-weight: 300 !important;\">Toplant\u0131n\u0131n g\u00fcndeminde 11 yasa tasar\u0131s\u0131 veya \u00f6nerisi yer al\u0131yor. Tasar\u0131 ve \u00f6neriler \u015funlar:<\/span><\/p>\n<p style=\"font-weight: 300;\"><span style=\"font-weight: 300 !important;\">\u201cKamu G\u00f6revlileri (De\u011fi\u015fiklik) Yasa Tasar\u0131s\u0131; Kamu Sa\u011fl\u0131k \u00c7al\u0131\u015fanlar\u0131 (De\u011fi\u015fiklik No:2) Yasa Tasar\u0131s\u0131; Bayrak Radyo Televizyon Kurumu (De\u011fi\u015fiklik) Yasa Tasar\u0131s\u0131; Vak\u0131flar \u00d6rg\u00fct\u00fc ve Din \u0130\u015fleri Dairesi (Kurulu\u015f, G\u00f6rev ve \u00c7al\u0131\u015fma Esaslar\u0131) (De\u011fi\u015fiklik) Yasa Tasar\u0131s\u0131; Sivil Savunma Te\u015fkilat\u0131 Personel (De\u011fi\u015fiklik) Yasa Tasar\u0131s\u0131; Yatakl\u0131 Tedavi Kurumlar\u0131 Dairesi (Kurulu\u015f, G\u00f6rev ve \u00c7al\u0131\u015fma Esaslar\u0131) (De\u011fi\u015fiklik) Yasa Tasar\u0131s\u0131; Belediyeler (De\u011fi\u015fiklik) Yasa \u00d6nerisi; Belediyelerin Birle\u015ftirilmesine \u0130li\u015fkin (\u00d6zel) (De\u011fi\u015fiklik) Yasa Tasar\u0131s\u0131; Cumhuriyet Meclisi Genel Sekreterli\u011fi \u00d6rg\u00fct\u00fc (Kurulu\u015f, G\u00f6rev ve Y\u00f6netim \u0130lkeleri) (De\u011fi\u015fiklik) Yasa \u00d6nerisi; Engellileri Koruma, Rehabilite ve \u0130stihdam (De\u011fi\u015fiklik) Yasa Tasar\u0131s\u0131; Aile (Evlenme ve Bo\u015fanma) (De\u011fi\u015fiklik) Yasa \u00d6nerisi.\u201d<\/span><\/p>\n<p>TAK\/<a href=\"https:\/\/brtk.net\/\">BRT<\/a><\/p>\n<\/p><\/div>\n","protected":false},"excerpt":{"rendered":"<p>Cumhuriyet Meclisi Genel Kurulu, yar\u0131n ve Cuma g\u00fcn\u00fc ola\u011fan\u00fcst\u00fc toplant\u0131ya \u00e7a\u011fr\u0131ld\u0131. Bakanlar Kurulu\u2019nun talebiyle ola\u011fan\u00fcst\u00fc toplant\u0131ya \u00e7a\u011fr\u0131lan Meclis Genel Kurulu toplant\u0131lar\u0131n\u0131n saat 10.00\u2019da ba\u015flamas\u0131 bekleniyor. Meclis Genel Kurulu\u2019nun ge\u00e7en \u00c7ar\u015famba g\u00fcn\u00fc CTP\u2019nin ve 2 ba\u011f\u0131ms\u0131z milletvekilinin talebiyle \u00e7a\u011fr\u0131ld\u0131\u011f\u0131 ola\u011fan\u00fcst\u00fc toplant\u0131, koalisyon orta\u011f\u0131 partilerin milletvekillerinin kat\u0131lmamas\u0131 nedeniyle nisap sa\u011flanamay\u0131nca yap\u0131lamam\u0131\u015ft\u0131. Bunun \u00fczerine ola\u011fan\u00fcst\u00fc toplant\u0131 \u00e7a\u011fr\u0131s\u0131n\u0131 yineleyen<\/p>\n","protected":false},"author":1,"featured_media":12526,"comment_status":"open","ping_status":"open","sticky":false,"template":"","format":"standard","meta":{"footnotes":""},"categories":[1],"tags":[],"class_list":["post-12525","post","type-post","status-publish","format-standard","has-post-thumbnail","hentry","category-gundem"],"yoast_head":"<!-- This site is optimized with the Yoast SEO plugin v27.5 - https:\/\/yoast.com\/product\/yoast-seo-wordpress\/ -->\n<title>Meclis Genel Kurulu yar\u0131n ve cuma g\u00fcn\u00fc ola\u011fan\u00fcst\u00fc toplant\u0131ya \u00e7a\u011fr\u0131ld\u0131 -<\/title>\n<meta name=\"robots\" content=\"index, follow, max-snippet:-1, max-image-preview:large, max-video-preview:-1\" \/>\n<link rel=\"canonical\" href=\"https:\/\/kibrisdakik.com\/?p=12525\" \/>\n<meta property=\"og:locale\" content=\"tr_TR\" \/>\n<meta property=\"og:type\" content=\"article\" \/>\n<meta property=\"og:title\" content=\"Meclis Genel Kurulu yar\u0131n ve cuma g\u00fcn\u00fc ola\u011fan\u00fcst\u00fc toplant\u0131ya \u00e7a\u011fr\u0131ld\u0131 -\" \/>\n<meta property=\"og:description\" content=\"Cumhuriyet Meclisi Genel Kurulu, yar\u0131n ve Cuma g\u00fcn\u00fc ola\u011fan\u00fcst\u00fc toplant\u0131ya \u00e7a\u011fr\u0131ld\u0131. Bakanlar Kurulu\u2019nun talebiyle ola\u011fan\u00fcst\u00fc toplant\u0131ya \u00e7a\u011fr\u0131lan Meclis Genel Kurulu toplant\u0131lar\u0131n\u0131n saat 10.00\u2019da ba\u015flamas\u0131 bekleniyor. Meclis Genel Kurulu\u2019nun ge\u00e7en \u00c7ar\u015famba g\u00fcn\u00fc CTP\u2019nin ve 2 ba\u011f\u0131ms\u0131z milletvekilinin talebiyle \u00e7a\u011fr\u0131ld\u0131\u011f\u0131 ola\u011fan\u00fcst\u00fc toplant\u0131, koalisyon orta\u011f\u0131 partilerin milletvekillerinin kat\u0131lmamas\u0131 nedeniyle nisap sa\u011flanamay\u0131nca yap\u0131lamam\u0131\u015ft\u0131. Bunun \u00fczerine ola\u011fan\u00fcst\u00fc toplant\u0131 \u00e7a\u011fr\u0131s\u0131n\u0131 yineleyen\" \/>\n<meta property=\"og:url\" content=\"https:\/\/kibrisdakik.com\/?p=12525\" \/>\n<meta property=\"article:published_time\" content=\"2023-08-23T07:12:18+00:00\" \/>\n<meta property=\"og:image\" content=\"https:\/\/kibrisdakik.com\/wp-content\/uploads\/2023\/08\/meclis-bos-detay-7-2-740x420.jpg\" \/>\n\t<meta property=\"og:image:width\" content=\"929\" \/>\n\t<meta property=\"og:image:height\" content=\"471\" \/>\n\t<meta property=\"og:image:type\" content=\"image\/jpeg\" \/>\n<meta name=\"author\" content=\"admin\" \/>\n<meta name=\"twitter:card\" content=\"summary_large_image\" \/>\n<meta name=\"twitter:label1\" content=\"Yazan:\" \/>\n\t<meta name=\"twitter:data1\" content=\"admin\" \/>\n\t<meta name=\"twitter:label2\" content=\"Tahmini okuma s\u00fcresi\" \/>\n\t<meta name=\"twitter:data2\" content=\"2 dakika\" \/>\n<script type=\"application\/ld+json\" class=\"yoast-schema-graph\">{\"@context\":\"https:\\\/\\\/schema.org\",\"@graph\":[{\"@type\":\"Article\",\"@id\":\"https:\\\/\\\/kibrisdakik.com\\\/?p=12525#article\",\"isPartOf\":{\"@id\":\"https:\\\/\\\/kibrisdakik.com\\\/?p=12525\"},\"author\":{\"name\":\"admin\",\"@id\":\"https:\\\/\\\/kibrisdakik.com\\\/#\\\/schema\\\/person\\\/9cd9d437bbb44f72b73ba127e06d8e79\"},\"headline\":\"Meclis Genel Kurulu yar\u0131n ve cuma g\u00fcn\u00fc ola\u011fan\u00fcst\u00fc toplant\u0131ya \u00e7a\u011fr\u0131ld\u0131\",\"datePublished\":\"2023-08-23T07:12:18+00:00\",\"mainEntityOfPage\":{\"@id\":\"https:\\\/\\\/kibrisdakik.com\\\/?p=12525\"},\"wordCount\":386,\"commentCount\":0,\"image\":{\"@id\":\"https:\\\/\\\/kibrisdakik.com\\\/?p=12525#primaryimage\"},\"thumbnailUrl\":\"https:\\\/\\\/kibrisdakik.com\\\/wp-content\\\/uploads\\\/2023\\\/08\\\/meclis-bos-detay-7-2-740x420.jpg\",\"articleSection\":[\"G\u00fcndem\"],\"inLanguage\":\"tr\",\"potentialAction\":[{\"@type\":\"CommentAction\",\"name\":\"Comment\",\"target\":[\"https:\\\/\\\/kibrisdakik.com\\\/?p=12525#respond\"]}]},{\"@type\":\"WebPage\",\"@id\":\"https:\\\/\\\/kibrisdakik.com\\\/?p=12525\",\"url\":\"https:\\\/\\\/kibrisdakik.com\\\/?p=12525\",\"name\":\"Meclis Genel Kurulu yar\u0131n ve cuma g\u00fcn\u00fc ola\u011fan\u00fcst\u00fc toplant\u0131ya \u00e7a\u011fr\u0131ld\u0131 -\",\"isPartOf\":{\"@id\":\"https:\\\/\\\/kibrisdakik.com\\\/#website\"},\"primaryImageOfPage\":{\"@id\":\"https:\\\/\\\/kibrisdakik.com\\\/?p=12525#primaryimage\"},\"image\":{\"@id\":\"https:\\\/\\\/kibrisdakik.com\\\/?p=12525#primaryimage\"},\"thumbnailUrl\":\"https:\\\/\\\/kibrisdakik.com\\\/wp-content\\\/uploads\\\/2023\\\/08\\\/meclis-bos-detay-7-2-740x420.jpg\",\"datePublished\":\"2023-08-23T07:12:18+00:00\",\"author\":{\"@id\":\"https:\\\/\\\/kibrisdakik.com\\\/#\\\/schema\\\/person\\\/9cd9d437bbb44f72b73ba127e06d8e79\"},\"breadcrumb\":{\"@id\":\"https:\\\/\\\/kibrisdakik.com\\\/?p=12525#breadcrumb\"},\"inLanguage\":\"tr\",\"potentialAction\":[{\"@type\":\"ReadAction\",\"target\":[\"https:\\\/\\\/kibrisdakik.com\\\/?p=12525\"]}]},{\"@type\":\"ImageObject\",\"inLanguage\":\"tr\",\"@id\":\"https:\\\/\\\/kibrisdakik.com\\\/?p=12525#primaryimage\",\"url\":\"https:\\\/\\\/kibrisdakik.com\\\/wp-content\\\/uploads\\\/2023\\\/08\\\/meclis-bos-detay-7-2-740x420.jpg\",\"contentUrl\":\"https:\\\/\\\/kibrisdakik.com\\\/wp-content\\\/uploads\\\/2023\\\/08\\\/meclis-bos-detay-7-2-740x420.jpg\",\"width\":929,\"height\":471},{\"@type\":\"BreadcrumbList\",\"@id\":\"https:\\\/\\\/kibrisdakik.com\\\/?p=12525#breadcrumb\",\"itemListElement\":[{\"@type\":\"ListItem\",\"position\":1,\"name\":\"Home\",\"item\":\"https:\\\/\\\/kibrisdakik.com\\\/\"},{\"@type\":\"ListItem\",\"position\":2,\"name\":\"Meclis Genel Kurulu yar\u0131n ve cuma g\u00fcn\u00fc ola\u011fan\u00fcst\u00fc toplant\u0131ya \u00e7a\u011fr\u0131ld\u0131\"}]},{\"@type\":\"WebSite\",\"@id\":\"https:\\\/\\\/kibrisdakik.com\\\/#website\",\"url\":\"https:\\\/\\\/kibrisdakik.com\\\/\",\"name\":\"\",\"description\":\"Tam vaktinde haber\",\"potentialAction\":[{\"@type\":\"SearchAction\",\"target\":{\"@type\":\"EntryPoint\",\"urlTemplate\":\"https:\\\/\\\/kibrisdakik.com\\\/?s={search_term_string}\"},\"query-input\":{\"@type\":\"PropertyValueSpecification\",\"valueRequired\":true,\"valueName\":\"search_term_string\"}}],\"inLanguage\":\"tr\"},{\"@type\":\"Person\",\"@id\":\"https:\\\/\\\/kibrisdakik.com\\\/#\\\/schema\\\/person\\\/9cd9d437bbb44f72b73ba127e06d8e79\",\"name\":\"admin\",\"image\":{\"@type\":\"ImageObject\",\"inLanguage\":\"tr\",\"@id\":\"https:\\\/\\\/secure.gravatar.com\\\/avatar\\\/ccc17943b9d660506c869530f897617f7cb1c21a4bf30023f252596d83e1f007?s=96&d=mm&r=g\",\"url\":\"https:\\\/\\\/secure.gravatar.com\\\/avatar\\\/ccc17943b9d660506c869530f897617f7cb1c21a4bf30023f252596d83e1f007?s=96&d=mm&r=g\",\"contentUrl\":\"https:\\\/\\\/secure.gravatar.com\\\/avatar\\\/ccc17943b9d660506c869530f897617f7cb1c21a4bf30023f252596d83e1f007?s=96&d=mm&r=g\",\"caption\":\"admin\"},\"sameAs\":[\"https:\\\/\\\/kibrisdakik.com\"],\"url\":\"https:\\\/\\\/kibrisdakik.com\\\/?author=1\"}]}<\/script>\n<!-- \/ Yoast SEO plugin. -->","yoast_head_json":{"title":"Meclis Genel Kurulu yar\u0131n ve cuma g\u00fcn\u00fc ola\u011fan\u00fcst\u00fc toplant\u0131ya \u00e7a\u011fr\u0131ld\u0131 -","robots":{"index":"index","follow":"follow","max-snippet":"max-snippet:-1","max-image-preview":"max-image-preview:large","max-video-preview":"max-video-preview:-1"},"canonical":"https:\/\/kibrisdakik.com\/?p=12525","og_locale":"tr_TR","og_type":"article","og_title":"Meclis Genel Kurulu yar\u0131n ve cuma g\u00fcn\u00fc ola\u011fan\u00fcst\u00fc toplant\u0131ya \u00e7a\u011fr\u0131ld\u0131 -","og_description":"Cumhuriyet Meclisi Genel Kurulu, yar\u0131n ve Cuma g\u00fcn\u00fc ola\u011fan\u00fcst\u00fc toplant\u0131ya \u00e7a\u011fr\u0131ld\u0131. Bakanlar Kurulu\u2019nun talebiyle ola\u011fan\u00fcst\u00fc toplant\u0131ya \u00e7a\u011fr\u0131lan Meclis Genel Kurulu toplant\u0131lar\u0131n\u0131n saat 10.00\u2019da ba\u015flamas\u0131 bekleniyor. Meclis Genel Kurulu\u2019nun ge\u00e7en \u00c7ar\u015famba g\u00fcn\u00fc CTP\u2019nin ve 2 ba\u011f\u0131ms\u0131z milletvekilinin talebiyle \u00e7a\u011fr\u0131ld\u0131\u011f\u0131 ola\u011fan\u00fcst\u00fc toplant\u0131, koalisyon orta\u011f\u0131 partilerin milletvekillerinin kat\u0131lmamas\u0131 nedeniyle nisap sa\u011flanamay\u0131nca yap\u0131lamam\u0131\u015ft\u0131. Bunun \u00fczerine ola\u011fan\u00fcst\u00fc toplant\u0131 \u00e7a\u011fr\u0131s\u0131n\u0131 yineleyen","og_url":"https:\/\/kibrisdakik.com\/?p=12525","article_published_time":"2023-08-23T07:12:18+00:00","og_image":[{"width":929,"height":471,"url":"https:\/\/kibrisdakik.com\/wp-content\/uploads\/2023\/08\/meclis-bos-detay-7-2-740x420.jpg","type":"image\/jpeg"}],"author":"admin","twitter_card":"summary_large_image","twitter_misc":{"Yazan:":"admin","Tahmini okuma s\u00fcresi":"2 dakika"},"schema":{"@context":"https:\/\/schema.org","@graph":[{"@type":"Article","@id":"https:\/\/kibrisdakik.com\/?p=12525#article","isPartOf":{"@id":"https:\/\/kibrisdakik.com\/?p=12525"},"author":{"name":"admin","@id":"https:\/\/kibrisdakik.com\/#\/schema\/person\/9cd9d437bbb44f72b73ba127e06d8e79"},"headline":"Meclis Genel Kurulu yar\u0131n ve cuma g\u00fcn\u00fc ola\u011fan\u00fcst\u00fc toplant\u0131ya \u00e7a\u011fr\u0131ld\u0131","datePublished":"2023-08-23T07:12:18+00:00","mainEntityOfPage":{"@id":"https:\/\/kibrisdakik.com\/?p=12525"},"wordCount":386,"commentCount":0,"image":{"@id":"https:\/\/kibrisdakik.com\/?p=12525#primaryimage"},"thumbnailUrl":"https:\/\/kibrisdakik.com\/wp-content\/uploads\/2023\/08\/meclis-bos-detay-7-2-740x420.jpg","articleSection":["G\u00fcndem"],"inLanguage":"tr","potentialAction":[{"@type":"CommentAction","name":"Comment","target":["https:\/\/kibrisdakik.com\/?p=12525#respond"]}]},{"@type":"WebPage","@id":"https:\/\/kibrisdakik.com\/?p=12525","url":"https:\/\/kibrisdakik.com\/?p=12525","name":"Meclis Genel Kurulu yar\u0131n ve cuma g\u00fcn\u00fc ola\u011fan\u00fcst\u00fc toplant\u0131ya \u00e7a\u011fr\u0131ld\u0131 -","isPartOf":{"@id":"https:\/\/kibrisdakik.com\/#website"},"primaryImageOfPage":{"@id":"https:\/\/kibrisdakik.com\/?p=12525#primaryimage"},"image":{"@id":"https:\/\/kibrisdakik.com\/?p=12525#primaryimage"},"thumbnailUrl":"https:\/\/kibrisdakik.com\/wp-content\/uploads\/2023\/08\/meclis-bos-detay-7-2-740x420.jpg","datePublished":"2023-08-23T07:12:18+00:00","author":{"@id":"https:\/\/kibrisdakik.com\/#\/schema\/person\/9cd9d437bbb44f72b73ba127e06d8e79"},"breadcrumb":{"@id":"https:\/\/kibrisdakik.com\/?p=12525#breadcrumb"},"inLanguage":"tr","potentialAction":[{"@type":"ReadAction","target":["https:\/\/kibrisdakik.com\/?p=12525"]}]},{"@type":"ImageObject","inLanguage":"tr","@id":"https:\/\/kibrisdakik.com\/?p=12525#primaryimage","url":"https:\/\/kibrisdakik.com\/wp-content\/uploads\/2023\/08\/meclis-bos-detay-7-2-740x420.jpg","contentUrl":"https:\/\/kibrisdakik.com\/wp-content\/uploads\/2023\/08\/meclis-bos-detay-7-2-740x420.jpg","width":929,"height":471},{"@type":"BreadcrumbList","@id":"https:\/\/kibrisdakik.com\/?p=12525#breadcrumb","itemListElement":[{"@type":"ListItem","position":1,"name":"Home","item":"https:\/\/kibrisdakik.com\/"},{"@type":"ListItem","position":2,"name":"Meclis Genel Kurulu yar\u0131n ve cuma g\u00fcn\u00fc ola\u011fan\u00fcst\u00fc toplant\u0131ya \u00e7a\u011fr\u0131ld\u0131"}]},{"@type":"WebSite","@id":"https:\/\/kibrisdakik.com\/#website","url":"https:\/\/kibrisdakik.com\/","name":"","description":"Tam vaktinde haber","potentialAction":[{"@type":"SearchAction","target":{"@type":"EntryPoint","urlTemplate":"https:\/\/kibrisdakik.com\/?s={search_term_string}"},"query-input":{"@type":"PropertyValueSpecification","valueRequired":true,"valueName":"search_term_string"}}],"inLanguage":"tr"},{"@type":"Person","@id":"https:\/\/kibrisdakik.com\/#\/schema\/person\/9cd9d437bbb44f72b73ba127e06d8e79","name":"admin","image":{"@type":"ImageObject","inLanguage":"tr","@id":"https:\/\/secure.gravatar.com\/avatar\/ccc17943b9d660506c869530f897617f7cb1c21a4bf30023f252596d83e1f007?s=96&d=mm&r=g","url":"https:\/\/secure.gravatar.com\/avatar\/ccc17943b9d660506c869530f897617f7cb1c21a4bf30023f252596d83e1f007?s=96&d=mm&r=g","contentUrl":"https:\/\/secure.gravatar.com\/avatar\/ccc17943b9d660506c869530f897617f7cb1c21a4bf30023f252596d83e1f007?s=96&d=mm&r=g","caption":"admin"},"sameAs":["https:\/\/kibrisdakik.com"],"url":"https:\/\/kibrisdakik.com\/?author=1"}]}},"_links":{"self":[{"href":"https:\/\/kibrisdakik.com\/index.php?rest_route=\/wp\/v2\/posts\/12525","targetHints":{"allow":["GET"]}}],"collection":[{"href":"https:\/\/kibrisdakik.com\/index.php?rest_route=\/wp\/v2\/posts"}],"about":[{"href":"https:\/\/kibrisdakik.com\/index.php?rest_route=\/wp\/v2\/types\/post"}],"author":[{"embeddable":true,"href":"https:\/\/kibrisdakik.com\/index.php?rest_route=\/wp\/v2\/users\/1"}],"replies":[{"embeddable":true,"href":"https:\/\/kibrisdakik.com\/index.php?rest_route=%2Fwp%2Fv2%2Fcomments&post=12525"}],"version-history":[{"count":0,"href":"https:\/\/kibrisdakik.com\/index.php?rest_route=\/wp\/v2\/posts\/12525\/revisions"}],"wp:featuredmedia":[{"embeddable":true,"href":"https:\/\/kibrisdakik.com\/index.php?rest_route=\/wp\/v2\/media\/12526"}],"wp:attachment":[{"href":"https:\/\/kibrisdakik.com\/index.php?rest_route=%2Fwp%2Fv2%2Fmedia&parent=12525"}],"wp:term":[{"taxonomy":"category","embeddable":true,"href":"https:\/\/kibrisdakik.com\/index.php?rest_route=%2Fwp%2Fv2%2Fcategories&post=12525"},{"taxonomy":"post_tag","embeddable":true,"href":"https:\/\/kibrisdakik.com\/index.php?rest_route=%2Fwp%2Fv2%2Ftags&post=12525"}],"curies":[{"name":"wp","href":"https:\/\/api.w.org\/{rel}","templated":true}]}}