{"id":12549,"date":"2023-08-23T12:20:54","date_gmt":"2023-08-23T12:20:54","guid":{"rendered":"https:\/\/kibrisdakik.com\/index.php\/2023\/08\/23\/cumhurbaskani-tatar-canakkalede-devam-eden-orman-yangini-ile-ilgili-aciklama-yapti-yanginda-can-kaybi-olmamasi-en-buyuk-tesellimiz\/"},"modified":"2023-08-23T12:20:54","modified_gmt":"2023-08-23T12:20:54","slug":"cumhurbaskani-tatar-canakkalede-devam-eden-orman-yangini-ile-ilgili-aciklama-yapti-yanginda-can-kaybi-olmamasi-en-buyuk-tesellimiz","status":"publish","type":"post","link":"https:\/\/kibrisdakik.com\/?p=12549","title":{"rendered":"Cumhurba\u015fkan\u0131 Tatar, \u00c7anakkale\u2019de devam eden orman yang\u0131n\u0131 ile ilgili a\u00e7\u0131klama yapt\u0131: Yang\u0131nda can kayb\u0131 olmamas\u0131 en b\u00fcy\u00fck tesellimiz"},"content":{"rendered":"<p><\/p>\n<div>\n<div class=\"mariselle-image-container center\">\n                <img width=\"696\" height=\"408\" class=\"lazy-image\" alt=\"\" decoding=\"async\" loading=\"lazy\" sizes=\"auto, (max-width: 696px) 100vw, 696px\" src=\"https:\/\/brtk.net\/wp-content\/uploads\/2023\/01\/26\/ersin-tatar-YAZI-YAZARKEN-1536x900-1-696x408-1.jpeg?ver=bcb2bc0eaa11ae9d5c5e6d0f8a3b650b\" srcset=\"https:\/\/brtk.net\/wp-content\/uploads\/2023\/01\/26\/ersin-tatar-YAZI-YAZARKEN-1536x900-1-696x408-1.jpeg?ver=bcb2bc0eaa11ae9d5c5e6d0f8a3b650b 696w, https:\/\/brtk.net\/wp-content\/uploads\/2023\/01\/26\/ersin-tatar-YAZI-YAZARKEN-1536x900-1-696x408-1-300x176.jpeg?ver=bcb2bc0eaa11ae9d5c5e6d0f8a3b650b 300w, https:\/\/brtk.net\/wp-content\/uploads\/2023\/01\/26\/ersin-tatar-YAZI-YAZARKEN-1536x900-1-696x408-1-379x222.jpeg?ver=19b44f2ad9afc110a438b792552bd5d8 379w\"\/>                            <\/div>\n<p>Cumhurba\u015fkan\u0131 <a href=\"https:\/\/brtk.net\/\" target=\"_blank\" rel=\"noopener\">Ersin <\/a><a href=\"https:\/\/brtk.net\/\"\/><a href=\"https:\/\/brtk.net\/\">Tatar<\/a>, T\u00fcrkiye\u2019nin \u00c7anakkale ilinde d\u00fcn \u00f6\u011fle saatlerinde \u00e7\u0131kan ve devam eden orman yang\u0131n\u0131 ile ilgili yapt\u0131\u011f\u0131 a\u00e7\u0131klamada, yang\u0131n\u0131n kontrol alt\u0131na al\u0131nmas\u0131n\u0131n sevindirici oldu\u011funu belirtti.<\/p>\n<p>Cumhurba\u015fkan\u0131 <a href=\"https:\/\/brtk.net\/\"\/><a href=\"https:\/\/brtk.net\/\">Tatar<\/a>, \u00c7anakkale d\u0131\u015f\u0131nda Bilecik Osmaneli ve Bursa Yeni\u015fehir b\u00f6lgelerindeki yang\u0131nlar\u0131n da kontrol alt\u0131na al\u0131nd\u0131\u011f\u0131n\u0131 ifade ederek, yang\u0131nlarda can kayb\u0131 olmamas\u0131n\u0131n en b\u00fcy\u00fck teselli oldu\u011funu dile getirdi.<\/p>\n<p>Cumhurba\u015fkan\u0131 <a href=\"https:\/\/brtk.net\/\"\/><a href=\"https:\/\/brtk.net\/\">Tatar<\/a>, yang\u0131ndan etkilenen b\u00f6lgelerde ya\u015fam\u0131n\u0131 s\u00fcrd\u00fcren vatanda\u015flar \u00f6zelinde t\u00fcm T\u00fcrkiye Cumhuriyeti\u2019ne \u015fahs\u0131 ve Kuzey K\u0131br\u0131s T\u00fcrk Cumhuriyeti halk\u0131 olarak ge\u00e7mi\u015f olsun dileklerini iletti.<\/p>\n<\/p><\/div>\n","protected":false},"excerpt":{"rendered":"<p>Cumhurba\u015fkan\u0131 Ersin Tatar, T\u00fcrkiye\u2019nin \u00c7anakkale ilinde d\u00fcn \u00f6\u011fle saatlerinde \u00e7\u0131kan ve devam eden orman yang\u0131n\u0131 ile ilgili yapt\u0131\u011f\u0131 a\u00e7\u0131klamada, yang\u0131n\u0131n kontrol alt\u0131na al\u0131nmas\u0131n\u0131n sevindirici oldu\u011funu belirtti. Cumhurba\u015fkan\u0131 Tatar, \u00c7anakkale d\u0131\u015f\u0131nda Bilecik Osmaneli ve Bursa Yeni\u015fehir b\u00f6lgelerindeki yang\u0131nlar\u0131n da kontrol alt\u0131na al\u0131nd\u0131\u011f\u0131n\u0131 ifade ederek, yang\u0131nlarda can kayb\u0131 olmamas\u0131n\u0131n en b\u00fcy\u00fck teselli oldu\u011funu dile getirdi. Cumhurba\u015fkan\u0131 Tatar,<\/p>\n","protected":false},"author":1,"featured_media":12550,"comment_status":"open","ping_status":"open","sticky":false,"template":"","format":"standard","meta":{"footnotes":""},"categories":[1],"tags":[],"class_list":["post-12549","post","type-post","status-publish","format-standard","has-post-thumbnail","hentry","category-gundem"],"yoast_head":"<!-- This site is optimized with the Yoast SEO plugin v27.5 - https:\/\/yoast.com\/product\/yoast-seo-wordpress\/ -->\n<title>Cumhurba\u015fkan\u0131 Tatar, \u00c7anakkale\u2019de devam eden orman yang\u0131n\u0131 ile ilgili a\u00e7\u0131klama yapt\u0131: Yang\u0131nda can kayb\u0131 olmamas\u0131 en b\u00fcy\u00fck tesellimiz -<\/title>\n<meta name=\"robots\" content=\"index, follow, max-snippet:-1, max-image-preview:large, max-video-preview:-1\" \/>\n<link rel=\"canonical\" href=\"https:\/\/kibrisdakik.com\/?p=12549\" \/>\n<meta property=\"og:locale\" content=\"tr_TR\" \/>\n<meta property=\"og:type\" content=\"article\" \/>\n<meta property=\"og:title\" content=\"Cumhurba\u015fkan\u0131 Tatar, \u00c7anakkale\u2019de devam eden orman yang\u0131n\u0131 ile ilgili a\u00e7\u0131klama yapt\u0131: Yang\u0131nda can kayb\u0131 olmamas\u0131 en b\u00fcy\u00fck tesellimiz -\" \/>\n<meta property=\"og:description\" content=\"Cumhurba\u015fkan\u0131 Ersin Tatar, T\u00fcrkiye\u2019nin \u00c7anakkale ilinde d\u00fcn \u00f6\u011fle saatlerinde \u00e7\u0131kan ve devam eden orman yang\u0131n\u0131 ile ilgili yapt\u0131\u011f\u0131 a\u00e7\u0131klamada, yang\u0131n\u0131n kontrol alt\u0131na al\u0131nmas\u0131n\u0131n sevindirici oldu\u011funu belirtti. Cumhurba\u015fkan\u0131 Tatar, \u00c7anakkale d\u0131\u015f\u0131nda Bilecik Osmaneli ve Bursa Yeni\u015fehir b\u00f6lgelerindeki yang\u0131nlar\u0131n da kontrol alt\u0131na al\u0131nd\u0131\u011f\u0131n\u0131 ifade ederek, yang\u0131nlarda can kayb\u0131 olmamas\u0131n\u0131n en b\u00fcy\u00fck teselli oldu\u011funu dile getirdi. Cumhurba\u015fkan\u0131 Tatar,\" \/>\n<meta property=\"og:url\" content=\"https:\/\/kibrisdakik.com\/?p=12549\" \/>\n<meta property=\"article:published_time\" content=\"2023-08-23T12:20:54+00:00\" \/>\n<meta property=\"og:image\" content=\"https:\/\/kibrisdakik.com\/wp-content\/uploads\/2023\/08\/ersin-tatar-YAZI-YAZARKEN-1536x900-1-740x420.jpeg\" \/>\n\t<meta property=\"og:image:width\" content=\"1536\" \/>\n\t<meta property=\"og:image:height\" content=\"900\" \/>\n\t<meta property=\"og:image:type\" content=\"image\/jpeg\" \/>\n<meta name=\"author\" content=\"admin\" \/>\n<meta name=\"twitter:card\" content=\"summary_large_image\" \/>\n<meta name=\"twitter:label1\" content=\"Yazan:\" \/>\n\t<meta name=\"twitter:data1\" content=\"admin\" \/>\n\t<meta name=\"twitter:label2\" content=\"Tahmini okuma s\u00fcresi\" \/>\n\t<meta name=\"twitter:data2\" content=\"1 dakika\" \/>\n<script type=\"application\/ld+json\" class=\"yoast-schema-graph\">{\"@context\":\"https:\\\/\\\/schema.org\",\"@graph\":[{\"@type\":\"Article\",\"@id\":\"https:\\\/\\\/kibrisdakik.com\\\/?p=12549#article\",\"isPartOf\":{\"@id\":\"https:\\\/\\\/kibrisdakik.com\\\/?p=12549\"},\"author\":{\"name\":\"admin\",\"@id\":\"https:\\\/\\\/kibrisdakik.com\\\/#\\\/schema\\\/person\\\/9cd9d437bbb44f72b73ba127e06d8e79\"},\"headline\":\"Cumhurba\u015fkan\u0131 Tatar, \u00c7anakkale\u2019de devam eden orman yang\u0131n\u0131 ile ilgili a\u00e7\u0131klama yapt\u0131: Yang\u0131nda can kayb\u0131 olmamas\u0131 en b\u00fcy\u00fck tesellimiz\",\"datePublished\":\"2023-08-23T12:20:54+00:00\",\"mainEntityOfPage\":{\"@id\":\"https:\\\/\\\/kibrisdakik.com\\\/?p=12549\"},\"wordCount\":145,\"commentCount\":0,\"image\":{\"@id\":\"https:\\\/\\\/kibrisdakik.com\\\/?p=12549#primaryimage\"},\"thumbnailUrl\":\"https:\\\/\\\/kibrisdakik.com\\\/wp-content\\\/uploads\\\/2023\\\/08\\\/ersin-tatar-YAZI-YAZARKEN-1536x900-1-740x420.jpeg\",\"articleSection\":[\"G\u00fcndem\"],\"inLanguage\":\"tr\",\"potentialAction\":[{\"@type\":\"CommentAction\",\"name\":\"Comment\",\"target\":[\"https:\\\/\\\/kibrisdakik.com\\\/?p=12549#respond\"]}]},{\"@type\":\"WebPage\",\"@id\":\"https:\\\/\\\/kibrisdakik.com\\\/?p=12549\",\"url\":\"https:\\\/\\\/kibrisdakik.com\\\/?p=12549\",\"name\":\"Cumhurba\u015fkan\u0131 Tatar, \u00c7anakkale\u2019de devam eden orman yang\u0131n\u0131 ile ilgili a\u00e7\u0131klama yapt\u0131: Yang\u0131nda can kayb\u0131 olmamas\u0131 en b\u00fcy\u00fck tesellimiz -\",\"isPartOf\":{\"@id\":\"https:\\\/\\\/kibrisdakik.com\\\/#website\"},\"primaryImageOfPage\":{\"@id\":\"https:\\\/\\\/kibrisdakik.com\\\/?p=12549#primaryimage\"},\"image\":{\"@id\":\"https:\\\/\\\/kibrisdakik.com\\\/?p=12549#primaryimage\"},\"thumbnailUrl\":\"https:\\\/\\\/kibrisdakik.com\\\/wp-content\\\/uploads\\\/2023\\\/08\\\/ersin-tatar-YAZI-YAZARKEN-1536x900-1-740x420.jpeg\",\"datePublished\":\"2023-08-23T12:20:54+00:00\",\"author\":{\"@id\":\"https:\\\/\\\/kibrisdakik.com\\\/#\\\/schema\\\/person\\\/9cd9d437bbb44f72b73ba127e06d8e79\"},\"breadcrumb\":{\"@id\":\"https:\\\/\\\/kibrisdakik.com\\\/?p=12549#breadcrumb\"},\"inLanguage\":\"tr\",\"potentialAction\":[{\"@type\":\"ReadAction\",\"target\":[\"https:\\\/\\\/kibrisdakik.com\\\/?p=12549\"]}]},{\"@type\":\"ImageObject\",\"inLanguage\":\"tr\",\"@id\":\"https:\\\/\\\/kibrisdakik.com\\\/?p=12549#primaryimage\",\"url\":\"https:\\\/\\\/kibrisdakik.com\\\/wp-content\\\/uploads\\\/2023\\\/08\\\/ersin-tatar-YAZI-YAZARKEN-1536x900-1-740x420.jpeg\",\"contentUrl\":\"https:\\\/\\\/kibrisdakik.com\\\/wp-content\\\/uploads\\\/2023\\\/08\\\/ersin-tatar-YAZI-YAZARKEN-1536x900-1-740x420.jpeg\",\"width\":1536,\"height\":900},{\"@type\":\"BreadcrumbList\",\"@id\":\"https:\\\/\\\/kibrisdakik.com\\\/?p=12549#breadcrumb\",\"itemListElement\":[{\"@type\":\"ListItem\",\"position\":1,\"name\":\"Home\",\"item\":\"https:\\\/\\\/kibrisdakik.com\\\/\"},{\"@type\":\"ListItem\",\"position\":2,\"name\":\"Cumhurba\u015fkan\u0131 Tatar, \u00c7anakkale\u2019de devam eden orman yang\u0131n\u0131 ile ilgili a\u00e7\u0131klama yapt\u0131: Yang\u0131nda can kayb\u0131 olmamas\u0131 en b\u00fcy\u00fck tesellimiz\"}]},{\"@type\":\"WebSite\",\"@id\":\"https:\\\/\\\/kibrisdakik.com\\\/#website\",\"url\":\"https:\\\/\\\/kibrisdakik.com\\\/\",\"name\":\"\",\"description\":\"Tam vaktinde haber\",\"potentialAction\":[{\"@type\":\"SearchAction\",\"target\":{\"@type\":\"EntryPoint\",\"urlTemplate\":\"https:\\\/\\\/kibrisdakik.com\\\/?s={search_term_string}\"},\"query-input\":{\"@type\":\"PropertyValueSpecification\",\"valueRequired\":true,\"valueName\":\"search_term_string\"}}],\"inLanguage\":\"tr\"},{\"@type\":\"Person\",\"@id\":\"https:\\\/\\\/kibrisdakik.com\\\/#\\\/schema\\\/person\\\/9cd9d437bbb44f72b73ba127e06d8e79\",\"name\":\"admin\",\"image\":{\"@type\":\"ImageObject\",\"inLanguage\":\"tr\",\"@id\":\"https:\\\/\\\/secure.gravatar.com\\\/avatar\\\/ccc17943b9d660506c869530f897617f7cb1c21a4bf30023f252596d83e1f007?s=96&d=mm&r=g\",\"url\":\"https:\\\/\\\/secure.gravatar.com\\\/avatar\\\/ccc17943b9d660506c869530f897617f7cb1c21a4bf30023f252596d83e1f007?s=96&d=mm&r=g\",\"contentUrl\":\"https:\\\/\\\/secure.gravatar.com\\\/avatar\\\/ccc17943b9d660506c869530f897617f7cb1c21a4bf30023f252596d83e1f007?s=96&d=mm&r=g\",\"caption\":\"admin\"},\"sameAs\":[\"https:\\\/\\\/kibrisdakik.com\"],\"url\":\"https:\\\/\\\/kibrisdakik.com\\\/?author=1\"}]}<\/script>\n<!-- \/ Yoast SEO plugin. -->","yoast_head_json":{"title":"Cumhurba\u015fkan\u0131 Tatar, \u00c7anakkale\u2019de devam eden orman yang\u0131n\u0131 ile ilgili a\u00e7\u0131klama yapt\u0131: Yang\u0131nda can kayb\u0131 olmamas\u0131 en b\u00fcy\u00fck tesellimiz -","robots":{"index":"index","follow":"follow","max-snippet":"max-snippet:-1","max-image-preview":"max-image-preview:large","max-video-preview":"max-video-preview:-1"},"canonical":"https:\/\/kibrisdakik.com\/?p=12549","og_locale":"tr_TR","og_type":"article","og_title":"Cumhurba\u015fkan\u0131 Tatar, \u00c7anakkale\u2019de devam eden orman yang\u0131n\u0131 ile ilgili a\u00e7\u0131klama yapt\u0131: Yang\u0131nda can kayb\u0131 olmamas\u0131 en b\u00fcy\u00fck tesellimiz -","og_description":"Cumhurba\u015fkan\u0131 Ersin Tatar, T\u00fcrkiye\u2019nin \u00c7anakkale ilinde d\u00fcn \u00f6\u011fle saatlerinde \u00e7\u0131kan ve devam eden orman yang\u0131n\u0131 ile ilgili yapt\u0131\u011f\u0131 a\u00e7\u0131klamada, yang\u0131n\u0131n kontrol alt\u0131na al\u0131nmas\u0131n\u0131n sevindirici oldu\u011funu belirtti. Cumhurba\u015fkan\u0131 Tatar, \u00c7anakkale d\u0131\u015f\u0131nda Bilecik Osmaneli ve Bursa Yeni\u015fehir b\u00f6lgelerindeki yang\u0131nlar\u0131n da kontrol alt\u0131na al\u0131nd\u0131\u011f\u0131n\u0131 ifade ederek, yang\u0131nlarda can kayb\u0131 olmamas\u0131n\u0131n en b\u00fcy\u00fck teselli oldu\u011funu dile getirdi. Cumhurba\u015fkan\u0131 Tatar,","og_url":"https:\/\/kibrisdakik.com\/?p=12549","article_published_time":"2023-08-23T12:20:54+00:00","og_image":[{"width":1536,"height":900,"url":"https:\/\/kibrisdakik.com\/wp-content\/uploads\/2023\/08\/ersin-tatar-YAZI-YAZARKEN-1536x900-1-740x420.jpeg","type":"image\/jpeg"}],"author":"admin","twitter_card":"summary_large_image","twitter_misc":{"Yazan:":"admin","Tahmini okuma s\u00fcresi":"1 dakika"},"schema":{"@context":"https:\/\/schema.org","@graph":[{"@type":"Article","@id":"https:\/\/kibrisdakik.com\/?p=12549#article","isPartOf":{"@id":"https:\/\/kibrisdakik.com\/?p=12549"},"author":{"name":"admin","@id":"https:\/\/kibrisdakik.com\/#\/schema\/person\/9cd9d437bbb44f72b73ba127e06d8e79"},"headline":"Cumhurba\u015fkan\u0131 Tatar, \u00c7anakkale\u2019de devam eden orman yang\u0131n\u0131 ile ilgili a\u00e7\u0131klama yapt\u0131: Yang\u0131nda can kayb\u0131 olmamas\u0131 en b\u00fcy\u00fck tesellimiz","datePublished":"2023-08-23T12:20:54+00:00","mainEntityOfPage":{"@id":"https:\/\/kibrisdakik.com\/?p=12549"},"wordCount":145,"commentCount":0,"image":{"@id":"https:\/\/kibrisdakik.com\/?p=12549#primaryimage"},"thumbnailUrl":"https:\/\/kibrisdakik.com\/wp-content\/uploads\/2023\/08\/ersin-tatar-YAZI-YAZARKEN-1536x900-1-740x420.jpeg","articleSection":["G\u00fcndem"],"inLanguage":"tr","potentialAction":[{"@type":"CommentAction","name":"Comment","target":["https:\/\/kibrisdakik.com\/?p=12549#respond"]}]},{"@type":"WebPage","@id":"https:\/\/kibrisdakik.com\/?p=12549","url":"https:\/\/kibrisdakik.com\/?p=12549","name":"Cumhurba\u015fkan\u0131 Tatar, \u00c7anakkale\u2019de devam eden orman yang\u0131n\u0131 ile ilgili a\u00e7\u0131klama yapt\u0131: Yang\u0131nda can kayb\u0131 olmamas\u0131 en b\u00fcy\u00fck tesellimiz -","isPartOf":{"@id":"https:\/\/kibrisdakik.com\/#website"},"primaryImageOfPage":{"@id":"https:\/\/kibrisdakik.com\/?p=12549#primaryimage"},"image":{"@id":"https:\/\/kibrisdakik.com\/?p=12549#primaryimage"},"thumbnailUrl":"https:\/\/kibrisdakik.com\/wp-content\/uploads\/2023\/08\/ersin-tatar-YAZI-YAZARKEN-1536x900-1-740x420.jpeg","datePublished":"2023-08-23T12:20:54+00:00","author":{"@id":"https:\/\/kibrisdakik.com\/#\/schema\/person\/9cd9d437bbb44f72b73ba127e06d8e79"},"breadcrumb":{"@id":"https:\/\/kibrisdakik.com\/?p=12549#breadcrumb"},"inLanguage":"tr","potentialAction":[{"@type":"ReadAction","target":["https:\/\/kibrisdakik.com\/?p=12549"]}]},{"@type":"ImageObject","inLanguage":"tr","@id":"https:\/\/kibrisdakik.com\/?p=12549#primaryimage","url":"https:\/\/kibrisdakik.com\/wp-content\/uploads\/2023\/08\/ersin-tatar-YAZI-YAZARKEN-1536x900-1-740x420.jpeg","contentUrl":"https:\/\/kibrisdakik.com\/wp-content\/uploads\/2023\/08\/ersin-tatar-YAZI-YAZARKEN-1536x900-1-740x420.jpeg","width":1536,"height":900},{"@type":"BreadcrumbList","@id":"https:\/\/kibrisdakik.com\/?p=12549#breadcrumb","itemListElement":[{"@type":"ListItem","position":1,"name":"Home","item":"https:\/\/kibrisdakik.com\/"},{"@type":"ListItem","position":2,"name":"Cumhurba\u015fkan\u0131 Tatar, \u00c7anakkale\u2019de devam eden orman yang\u0131n\u0131 ile ilgili a\u00e7\u0131klama yapt\u0131: Yang\u0131nda can kayb\u0131 olmamas\u0131 en b\u00fcy\u00fck tesellimiz"}]},{"@type":"WebSite","@id":"https:\/\/kibrisdakik.com\/#website","url":"https:\/\/kibrisdakik.com\/","name":"","description":"Tam vaktinde haber","potentialAction":[{"@type":"SearchAction","target":{"@type":"EntryPoint","urlTemplate":"https:\/\/kibrisdakik.com\/?s={search_term_string}"},"query-input":{"@type":"PropertyValueSpecification","valueRequired":true,"valueName":"search_term_string"}}],"inLanguage":"tr"},{"@type":"Person","@id":"https:\/\/kibrisdakik.com\/#\/schema\/person\/9cd9d437bbb44f72b73ba127e06d8e79","name":"admin","image":{"@type":"ImageObject","inLanguage":"tr","@id":"https:\/\/secure.gravatar.com\/avatar\/ccc17943b9d660506c869530f897617f7cb1c21a4bf30023f252596d83e1f007?s=96&d=mm&r=g","url":"https:\/\/secure.gravatar.com\/avatar\/ccc17943b9d660506c869530f897617f7cb1c21a4bf30023f252596d83e1f007?s=96&d=mm&r=g","contentUrl":"https:\/\/secure.gravatar.com\/avatar\/ccc17943b9d660506c869530f897617f7cb1c21a4bf30023f252596d83e1f007?s=96&d=mm&r=g","caption":"admin"},"sameAs":["https:\/\/kibrisdakik.com"],"url":"https:\/\/kibrisdakik.com\/?author=1"}]}},"_links":{"self":[{"href":"https:\/\/kibrisdakik.com\/index.php?rest_route=\/wp\/v2\/posts\/12549","targetHints":{"allow":["GET"]}}],"collection":[{"href":"https:\/\/kibrisdakik.com\/index.php?rest_route=\/wp\/v2\/posts"}],"about":[{"href":"https:\/\/kibrisdakik.com\/index.php?rest_route=\/wp\/v2\/types\/post"}],"author":[{"embeddable":true,"href":"https:\/\/kibrisdakik.com\/index.php?rest_route=\/wp\/v2\/users\/1"}],"replies":[{"embeddable":true,"href":"https:\/\/kibrisdakik.com\/index.php?rest_route=%2Fwp%2Fv2%2Fcomments&post=12549"}],"version-history":[{"count":0,"href":"https:\/\/kibrisdakik.com\/index.php?rest_route=\/wp\/v2\/posts\/12549\/revisions"}],"wp:featuredmedia":[{"embeddable":true,"href":"https:\/\/kibrisdakik.com\/index.php?rest_route=\/wp\/v2\/media\/12550"}],"wp:attachment":[{"href":"https:\/\/kibrisdakik.com\/index.php?rest_route=%2Fwp%2Fv2%2Fmedia&parent=12549"}],"wp:term":[{"taxonomy":"category","embeddable":true,"href":"https:\/\/kibrisdakik.com\/index.php?rest_route=%2Fwp%2Fv2%2Fcategories&post=12549"},{"taxonomy":"post_tag","embeddable":true,"href":"https:\/\/kibrisdakik.com\/index.php?rest_route=%2Fwp%2Fv2%2Ftags&post=12549"}],"curies":[{"name":"wp","href":"https:\/\/api.w.org\/{rel}","templated":true}]}}