{"id":12578,"date":"2023-08-24T05:53:08","date_gmt":"2023-08-24T05:53:08","guid":{"rendered":"https:\/\/kibrisdakik.com\/index.php\/2023\/08\/24\/turk-kizilaydan-kktcye-mobil-ikram-arac-destegi\/"},"modified":"2023-08-24T05:53:08","modified_gmt":"2023-08-24T05:53:08","slug":"turk-kizilaydan-kktcye-mobil-ikram-arac-destegi","status":"publish","type":"post","link":"https:\/\/kibrisdakik.com\/?p=12578","title":{"rendered":"T\u00fcrk K\u0131z\u0131lay\u2019dan KKTC\u2019ye mobil ikram ara\u00e7 deste\u011fi"},"content":{"rendered":"<p><\/p>\n<div>\n<div class=\"mariselle-image-container center\">\n                <img width=\"2560\" height=\"1268\" class=\"lazy-image\" alt=\"\" decoding=\"async\" loading=\"lazy\" sizes=\"auto, (max-width: 2560px) 100vw, 2560px\" src=\"https:\/\/brtk.net\/wp-content\/uploads\/2023\/08\/24\/alskjdlajsda-scaled.jpg?ver=36c24f9fd999922052c9452ecfd85c66\" srcset=\"https:\/\/brtk.net\/wp-content\/uploads\/2023\/08\/24\/alskjdlajsda-scaled.jpg?ver=36c24f9fd999922052c9452ecfd85c66 2560w, https:\/\/brtk.net\/wp-content\/uploads\/2023\/08\/24\/alskjdlajsda-300x149.jpg?ver=36c24f9fd999922052c9452ecfd85c66 300w, https:\/\/brtk.net\/wp-content\/uploads\/2023\/08\/24\/alskjdlajsda-1024x507.jpg?ver=53901bfdf5fc371f14158c2491c998af 1024w, https:\/\/brtk.net\/wp-content\/uploads\/2023\/08\/24\/alskjdlajsda-768x380.jpg?ver=303963b850bb34eafc4bfef8ca2df2bd 768w, https:\/\/brtk.net\/wp-content\/uploads\/2023\/08\/24\/alskjdlajsda-1536x761.jpg?ver=97595ace813bb5a759d948c229338f7f 1536w, https:\/\/brtk.net\/wp-content\/uploads\/2023\/08\/24\/alskjdlajsda-2048x1014.jpg?ver=1e0298accdd21a2edbbe9edcca18b2e7 2048w, https:\/\/brtk.net\/wp-content\/uploads\/2023\/08\/24\/alskjdlajsda-895x444.jpg?ver=a4420f9325235e6844e7cd9b8c3b6d2d 895w\"\/>                            <\/div>\n<p>T\u00fcrk K\u0131z\u0131lay taraf\u0131ndan haz\u0131rlanan mobil ikram arac\u0131 Kuzey K\u0131br\u0131s T\u00fcrk K\u0131z\u0131lay\u0131 Derne\u011fine (KKTKD) t\u00f6renle teslim edildi.<\/p>\n<p>T\u00fcrkiye\u2019nin Lefko\u015fa B\u00fcy\u00fckel\u00e7ili\u011fi\u2019nde d\u00fczenlenen programa, B\u00fcy\u00fckel\u00e7i Metin Feyzio\u011flu, T\u00fcrk K\u0131z\u0131lay Genel Ba\u015fkan\u0131 Prof. Dr. Fatma Meri\u00e7 Y\u0131lmaz, KKTKD Genel Ba\u015fkan\u0131 Sezai Sezen, Genel Sekreter Hasan Karaok\u00e7u ve yetkililer kat\u0131ld\u0131.<\/p>\n<div class=\"mariselle-image-container center\">\n                <img width=\"2301\" height=\"2560\" class=\"lazy-image\" alt=\"\" decoding=\"async\" loading=\"lazy\" sizes=\"auto, (max-width: 2301px) 100vw, 2301px\" src=\"https:\/\/brtk.net\/wp-content\/uploads\/2023\/08\/24\/kizilay-arac-scaled.jpg?ver=70bc38b270568c3db4ea40555cc7192c\" srcset=\"https:\/\/brtk.net\/wp-content\/uploads\/2023\/08\/24\/kizilay-arac-scaled.jpg?ver=70bc38b270568c3db4ea40555cc7192c 2301w, https:\/\/brtk.net\/wp-content\/uploads\/2023\/08\/24\/kizilay-arac-270x300.jpg?ver=70bc38b270568c3db4ea40555cc7192c 270w, https:\/\/brtk.net\/wp-content\/uploads\/2023\/08\/24\/kizilay-arac-920x1024.jpg?ver=a939cf57cd676374d3749617bd94feaf 920w, https:\/\/brtk.net\/wp-content\/uploads\/2023\/08\/24\/kizilay-arac-768x854.jpg?ver=79dd50329c9ebb14d22bf9fe848e4d4f 768w, https:\/\/brtk.net\/wp-content\/uploads\/2023\/08\/24\/kizilay-arac-1381x1536.jpg?ver=95a142325e90a0cdd77de09c88584bf4 1381w, https:\/\/brtk.net\/wp-content\/uploads\/2023\/08\/24\/kizilay-arac-1841x2048.jpg?ver=25d625d315ba9262ff4aae056c9a2f5f 1841w\"\/>                            <\/div>\n<p>T\u00fcrk K\u0131z\u0131lay\u2019\u0131n T\u00fcrkiye\u2019de haz\u0131rlad\u0131\u011f\u0131 mobil ikram arac\u0131 KKTKD yetkililerine teslim edildi.<\/p>\n<p>Mobil ikram arac\u0131 ile ilgili g\u00f6revlilerden bilgi alan T\u00fcrkiye\u2019nin Lefko\u015fa B\u00fcy\u00fckel\u00e7isi Metin Feyzio\u011flu, arac\u0131n Kuzey K\u0131br\u0131s T\u00fcrk Cumhuriyeti\u2019ne (<a href=\"https:\/\/brtk.net\/\"\/><a href=\"https:\/\/brtk.net\/\">KKTC<\/a>) hay\u0131rl\u0131 olmas\u0131n\u0131 diledi.<\/p>\n<p>Program\u0131n ard\u0131ndan T\u00fcrk K\u0131z\u0131lay Genel Ba\u015fkan\u0131 Prof. Dr. Fatma Meri\u00e7 Y\u0131lmaz ve beraberindeki T\u00fcrk heyeti <a href=\"https:\/\/brtk.net\/\"\/><a href=\"https:\/\/brtk.net\/\">KKTC<\/a> Cumhurba\u015fkan\u0131 <a href=\"https:\/\/brtk.net\/\" target=\"_blank\" rel=\"noopener\">Ersin <\/a><a href=\"https:\/\/brtk.net\/\"\/><a href=\"https:\/\/brtk.net\/\">Tatar<\/a> taraf\u0131ndan kabul edildi.<\/p>\n<p><a href=\"https:\/\/brtk.net\/\"\/><a href=\"https:\/\/brtk.net\/\">Tatar<\/a>, kabulde yapt\u0131\u011f\u0131 konu\u015fmada, T\u00fcrk K\u0131z\u0131lay\u0131n, K\u0131br\u0131s T\u00fcrk\u00fc\u2019n\u00fcn zor g\u00fcnlerinde her zaman yan\u0131nda oldu\u011funu ifade ederek, 1974 \u00f6ncesi m\u00fccadele y\u0131llar\u0131nda, \u00e7ad\u0131rlarda ya\u015famak zorunda kalan K\u0131br\u0131s T\u00fcrkleri i\u00e7in T\u00fcrk K\u0131z\u0131lay\u0131n K\u0131br\u0131s\u2019taki K\u0131z\u0131lay ile \u00f6nemli i\u015fbirlikleri ger\u00e7ekle\u015ftirdi\u011fini kaydetti.<\/p>\n<p>T\u00fcrkiye\u2019de, 6 \u015eubat\u2019ta meydana gelen depremin b\u00fcy\u00fck bir felaket oldu\u011funu ve K\u0131z\u0131lay\u0131n \u00f6nemli \u00e7al\u0131\u015fmalarda bulundu\u011funu aktaran <a href=\"https:\/\/brtk.net\/\"\/><a href=\"https:\/\/brtk.net\/\">Tatar<\/a>, depremden dolay\u0131 hayatlar\u0131n\u0131 kaybedenlere rahmet diledi.<\/p>\n<p>Y\u0131lmaz da ziyarette yapt\u0131\u011f\u0131 konu\u015fmada g\u00f6reve geldikten sonra ilk yurt d\u0131\u015f\u0131 ziyaretlerini <a href=\"https:\/\/brtk.net\/\"\/><a href=\"https:\/\/brtk.net\/\">KKTC<\/a>\u2018ye yapt\u0131klar\u0131n\u0131 belirtti.<\/p>\n<\/p><\/div>\n","protected":false},"excerpt":{"rendered":"<p>T\u00fcrk K\u0131z\u0131lay taraf\u0131ndan haz\u0131rlanan mobil ikram arac\u0131 Kuzey K\u0131br\u0131s T\u00fcrk K\u0131z\u0131lay\u0131 Derne\u011fine (KKTKD) t\u00f6renle teslim edildi. T\u00fcrkiye\u2019nin Lefko\u015fa B\u00fcy\u00fckel\u00e7ili\u011fi\u2019nde d\u00fczenlenen programa, B\u00fcy\u00fckel\u00e7i Metin Feyzio\u011flu, T\u00fcrk K\u0131z\u0131lay Genel Ba\u015fkan\u0131 Prof. Dr. Fatma Meri\u00e7 Y\u0131lmaz, KKTKD Genel Ba\u015fkan\u0131 Sezai Sezen, Genel Sekreter Hasan Karaok\u00e7u ve yetkililer kat\u0131ld\u0131. T\u00fcrk K\u0131z\u0131lay\u2019\u0131n T\u00fcrkiye\u2019de haz\u0131rlad\u0131\u011f\u0131 mobil ikram arac\u0131 KKTKD yetkililerine teslim<\/p>\n","protected":false},"author":1,"featured_media":12579,"comment_status":"open","ping_status":"open","sticky":false,"template":"","format":"standard","meta":{"footnotes":""},"categories":[1],"tags":[],"class_list":["post-12578","post","type-post","status-publish","format-standard","has-post-thumbnail","hentry","category-gundem"],"yoast_head":"<!-- This site is optimized with the Yoast SEO plugin v27.5 - https:\/\/yoast.com\/product\/yoast-seo-wordpress\/ -->\n<title>T\u00fcrk K\u0131z\u0131lay\u2019dan KKTC\u2019ye mobil ikram ara\u00e7 deste\u011fi -<\/title>\n<meta name=\"robots\" content=\"index, follow, max-snippet:-1, max-image-preview:large, max-video-preview:-1\" \/>\n<link rel=\"canonical\" href=\"https:\/\/kibrisdakik.com\/?p=12578\" \/>\n<meta property=\"og:locale\" content=\"tr_TR\" \/>\n<meta property=\"og:type\" content=\"article\" \/>\n<meta property=\"og:title\" content=\"T\u00fcrk K\u0131z\u0131lay\u2019dan KKTC\u2019ye mobil ikram ara\u00e7 deste\u011fi -\" \/>\n<meta property=\"og:description\" content=\"T\u00fcrk K\u0131z\u0131lay taraf\u0131ndan haz\u0131rlanan mobil ikram arac\u0131 Kuzey K\u0131br\u0131s T\u00fcrk K\u0131z\u0131lay\u0131 Derne\u011fine (KKTKD) t\u00f6renle teslim edildi. T\u00fcrkiye\u2019nin Lefko\u015fa B\u00fcy\u00fckel\u00e7ili\u011fi\u2019nde d\u00fczenlenen programa, B\u00fcy\u00fckel\u00e7i Metin Feyzio\u011flu, T\u00fcrk K\u0131z\u0131lay Genel Ba\u015fkan\u0131 Prof. Dr. Fatma Meri\u00e7 Y\u0131lmaz, KKTKD Genel Ba\u015fkan\u0131 Sezai Sezen, Genel Sekreter Hasan Karaok\u00e7u ve yetkililer kat\u0131ld\u0131. T\u00fcrk K\u0131z\u0131lay\u2019\u0131n T\u00fcrkiye\u2019de haz\u0131rlad\u0131\u011f\u0131 mobil ikram arac\u0131 KKTKD yetkililerine teslim\" \/>\n<meta property=\"og:url\" content=\"https:\/\/kibrisdakik.com\/?p=12578\" \/>\n<meta property=\"article:published_time\" content=\"2023-08-24T05:53:08+00:00\" \/>\n<meta property=\"og:image\" content=\"https:\/\/kibrisdakik.com\/wp-content\/uploads\/2023\/08\/alskjdlajsda-scaled-740x420.jpg\" \/>\n\t<meta property=\"og:image:width\" content=\"2560\" \/>\n\t<meta property=\"og:image:height\" content=\"1268\" \/>\n\t<meta property=\"og:image:type\" content=\"image\/jpeg\" \/>\n<meta name=\"author\" content=\"admin\" \/>\n<meta name=\"twitter:card\" content=\"summary_large_image\" \/>\n<meta name=\"twitter:label1\" content=\"Yazan:\" \/>\n\t<meta name=\"twitter:data1\" content=\"admin\" \/>\n\t<meta name=\"twitter:label2\" content=\"Tahmini okuma s\u00fcresi\" \/>\n\t<meta name=\"twitter:data2\" content=\"1 dakika\" \/>\n<script type=\"application\/ld+json\" class=\"yoast-schema-graph\">{\"@context\":\"https:\\\/\\\/schema.org\",\"@graph\":[{\"@type\":\"Article\",\"@id\":\"https:\\\/\\\/kibrisdakik.com\\\/?p=12578#article\",\"isPartOf\":{\"@id\":\"https:\\\/\\\/kibrisdakik.com\\\/?p=12578\"},\"author\":{\"name\":\"admin\",\"@id\":\"https:\\\/\\\/kibrisdakik.com\\\/#\\\/schema\\\/person\\\/9cd9d437bbb44f72b73ba127e06d8e79\"},\"headline\":\"T\u00fcrk K\u0131z\u0131lay\u2019dan KKTC\u2019ye mobil ikram ara\u00e7 deste\u011fi\",\"datePublished\":\"2023-08-24T05:53:08+00:00\",\"mainEntityOfPage\":{\"@id\":\"https:\\\/\\\/kibrisdakik.com\\\/?p=12578\"},\"wordCount\":303,\"commentCount\":0,\"image\":{\"@id\":\"https:\\\/\\\/kibrisdakik.com\\\/?p=12578#primaryimage\"},\"thumbnailUrl\":\"https:\\\/\\\/kibrisdakik.com\\\/wp-content\\\/uploads\\\/2023\\\/08\\\/alskjdlajsda-scaled-740x420.jpg\",\"articleSection\":[\"G\u00fcndem\"],\"inLanguage\":\"tr\",\"potentialAction\":[{\"@type\":\"CommentAction\",\"name\":\"Comment\",\"target\":[\"https:\\\/\\\/kibrisdakik.com\\\/?p=12578#respond\"]}]},{\"@type\":\"WebPage\",\"@id\":\"https:\\\/\\\/kibrisdakik.com\\\/?p=12578\",\"url\":\"https:\\\/\\\/kibrisdakik.com\\\/?p=12578\",\"name\":\"T\u00fcrk K\u0131z\u0131lay\u2019dan KKTC\u2019ye mobil ikram ara\u00e7 deste\u011fi -\",\"isPartOf\":{\"@id\":\"https:\\\/\\\/kibrisdakik.com\\\/#website\"},\"primaryImageOfPage\":{\"@id\":\"https:\\\/\\\/kibrisdakik.com\\\/?p=12578#primaryimage\"},\"image\":{\"@id\":\"https:\\\/\\\/kibrisdakik.com\\\/?p=12578#primaryimage\"},\"thumbnailUrl\":\"https:\\\/\\\/kibrisdakik.com\\\/wp-content\\\/uploads\\\/2023\\\/08\\\/alskjdlajsda-scaled-740x420.jpg\",\"datePublished\":\"2023-08-24T05:53:08+00:00\",\"author\":{\"@id\":\"https:\\\/\\\/kibrisdakik.com\\\/#\\\/schema\\\/person\\\/9cd9d437bbb44f72b73ba127e06d8e79\"},\"breadcrumb\":{\"@id\":\"https:\\\/\\\/kibrisdakik.com\\\/?p=12578#breadcrumb\"},\"inLanguage\":\"tr\",\"potentialAction\":[{\"@type\":\"ReadAction\",\"target\":[\"https:\\\/\\\/kibrisdakik.com\\\/?p=12578\"]}]},{\"@type\":\"ImageObject\",\"inLanguage\":\"tr\",\"@id\":\"https:\\\/\\\/kibrisdakik.com\\\/?p=12578#primaryimage\",\"url\":\"https:\\\/\\\/kibrisdakik.com\\\/wp-content\\\/uploads\\\/2023\\\/08\\\/alskjdlajsda-scaled-740x420.jpg\",\"contentUrl\":\"https:\\\/\\\/kibrisdakik.com\\\/wp-content\\\/uploads\\\/2023\\\/08\\\/alskjdlajsda-scaled-740x420.jpg\",\"width\":2560,\"height\":1268},{\"@type\":\"BreadcrumbList\",\"@id\":\"https:\\\/\\\/kibrisdakik.com\\\/?p=12578#breadcrumb\",\"itemListElement\":[{\"@type\":\"ListItem\",\"position\":1,\"name\":\"Home\",\"item\":\"https:\\\/\\\/kibrisdakik.com\\\/\"},{\"@type\":\"ListItem\",\"position\":2,\"name\":\"T\u00fcrk K\u0131z\u0131lay\u2019dan KKTC\u2019ye mobil ikram ara\u00e7 deste\u011fi\"}]},{\"@type\":\"WebSite\",\"@id\":\"https:\\\/\\\/kibrisdakik.com\\\/#website\",\"url\":\"https:\\\/\\\/kibrisdakik.com\\\/\",\"name\":\"\",\"description\":\"Tam vaktinde haber\",\"potentialAction\":[{\"@type\":\"SearchAction\",\"target\":{\"@type\":\"EntryPoint\",\"urlTemplate\":\"https:\\\/\\\/kibrisdakik.com\\\/?s={search_term_string}\"},\"query-input\":{\"@type\":\"PropertyValueSpecification\",\"valueRequired\":true,\"valueName\":\"search_term_string\"}}],\"inLanguage\":\"tr\"},{\"@type\":\"Person\",\"@id\":\"https:\\\/\\\/kibrisdakik.com\\\/#\\\/schema\\\/person\\\/9cd9d437bbb44f72b73ba127e06d8e79\",\"name\":\"admin\",\"image\":{\"@type\":\"ImageObject\",\"inLanguage\":\"tr\",\"@id\":\"https:\\\/\\\/secure.gravatar.com\\\/avatar\\\/ccc17943b9d660506c869530f897617f7cb1c21a4bf30023f252596d83e1f007?s=96&d=mm&r=g\",\"url\":\"https:\\\/\\\/secure.gravatar.com\\\/avatar\\\/ccc17943b9d660506c869530f897617f7cb1c21a4bf30023f252596d83e1f007?s=96&d=mm&r=g\",\"contentUrl\":\"https:\\\/\\\/secure.gravatar.com\\\/avatar\\\/ccc17943b9d660506c869530f897617f7cb1c21a4bf30023f252596d83e1f007?s=96&d=mm&r=g\",\"caption\":\"admin\"},\"sameAs\":[\"https:\\\/\\\/kibrisdakik.com\"],\"url\":\"https:\\\/\\\/kibrisdakik.com\\\/?author=1\"}]}<\/script>\n<!-- \/ Yoast SEO plugin. -->","yoast_head_json":{"title":"T\u00fcrk K\u0131z\u0131lay\u2019dan KKTC\u2019ye mobil ikram ara\u00e7 deste\u011fi -","robots":{"index":"index","follow":"follow","max-snippet":"max-snippet:-1","max-image-preview":"max-image-preview:large","max-video-preview":"max-video-preview:-1"},"canonical":"https:\/\/kibrisdakik.com\/?p=12578","og_locale":"tr_TR","og_type":"article","og_title":"T\u00fcrk K\u0131z\u0131lay\u2019dan KKTC\u2019ye mobil ikram ara\u00e7 deste\u011fi -","og_description":"T\u00fcrk K\u0131z\u0131lay taraf\u0131ndan haz\u0131rlanan mobil ikram arac\u0131 Kuzey K\u0131br\u0131s T\u00fcrk K\u0131z\u0131lay\u0131 Derne\u011fine (KKTKD) t\u00f6renle teslim edildi. T\u00fcrkiye\u2019nin Lefko\u015fa B\u00fcy\u00fckel\u00e7ili\u011fi\u2019nde d\u00fczenlenen programa, B\u00fcy\u00fckel\u00e7i Metin Feyzio\u011flu, T\u00fcrk K\u0131z\u0131lay Genel Ba\u015fkan\u0131 Prof. Dr. Fatma Meri\u00e7 Y\u0131lmaz, KKTKD Genel Ba\u015fkan\u0131 Sezai Sezen, Genel Sekreter Hasan Karaok\u00e7u ve yetkililer kat\u0131ld\u0131. T\u00fcrk K\u0131z\u0131lay\u2019\u0131n T\u00fcrkiye\u2019de haz\u0131rlad\u0131\u011f\u0131 mobil ikram arac\u0131 KKTKD yetkililerine teslim","og_url":"https:\/\/kibrisdakik.com\/?p=12578","article_published_time":"2023-08-24T05:53:08+00:00","og_image":[{"width":2560,"height":1268,"url":"https:\/\/kibrisdakik.com\/wp-content\/uploads\/2023\/08\/alskjdlajsda-scaled-740x420.jpg","type":"image\/jpeg"}],"author":"admin","twitter_card":"summary_large_image","twitter_misc":{"Yazan:":"admin","Tahmini okuma s\u00fcresi":"1 dakika"},"schema":{"@context":"https:\/\/schema.org","@graph":[{"@type":"Article","@id":"https:\/\/kibrisdakik.com\/?p=12578#article","isPartOf":{"@id":"https:\/\/kibrisdakik.com\/?p=12578"},"author":{"name":"admin","@id":"https:\/\/kibrisdakik.com\/#\/schema\/person\/9cd9d437bbb44f72b73ba127e06d8e79"},"headline":"T\u00fcrk K\u0131z\u0131lay\u2019dan KKTC\u2019ye mobil ikram ara\u00e7 deste\u011fi","datePublished":"2023-08-24T05:53:08+00:00","mainEntityOfPage":{"@id":"https:\/\/kibrisdakik.com\/?p=12578"},"wordCount":303,"commentCount":0,"image":{"@id":"https:\/\/kibrisdakik.com\/?p=12578#primaryimage"},"thumbnailUrl":"https:\/\/kibrisdakik.com\/wp-content\/uploads\/2023\/08\/alskjdlajsda-scaled-740x420.jpg","articleSection":["G\u00fcndem"],"inLanguage":"tr","potentialAction":[{"@type":"CommentAction","name":"Comment","target":["https:\/\/kibrisdakik.com\/?p=12578#respond"]}]},{"@type":"WebPage","@id":"https:\/\/kibrisdakik.com\/?p=12578","url":"https:\/\/kibrisdakik.com\/?p=12578","name":"T\u00fcrk K\u0131z\u0131lay\u2019dan KKTC\u2019ye mobil ikram ara\u00e7 deste\u011fi -","isPartOf":{"@id":"https:\/\/kibrisdakik.com\/#website"},"primaryImageOfPage":{"@id":"https:\/\/kibrisdakik.com\/?p=12578#primaryimage"},"image":{"@id":"https:\/\/kibrisdakik.com\/?p=12578#primaryimage"},"thumbnailUrl":"https:\/\/kibrisdakik.com\/wp-content\/uploads\/2023\/08\/alskjdlajsda-scaled-740x420.jpg","datePublished":"2023-08-24T05:53:08+00:00","author":{"@id":"https:\/\/kibrisdakik.com\/#\/schema\/person\/9cd9d437bbb44f72b73ba127e06d8e79"},"breadcrumb":{"@id":"https:\/\/kibrisdakik.com\/?p=12578#breadcrumb"},"inLanguage":"tr","potentialAction":[{"@type":"ReadAction","target":["https:\/\/kibrisdakik.com\/?p=12578"]}]},{"@type":"ImageObject","inLanguage":"tr","@id":"https:\/\/kibrisdakik.com\/?p=12578#primaryimage","url":"https:\/\/kibrisdakik.com\/wp-content\/uploads\/2023\/08\/alskjdlajsda-scaled-740x420.jpg","contentUrl":"https:\/\/kibrisdakik.com\/wp-content\/uploads\/2023\/08\/alskjdlajsda-scaled-740x420.jpg","width":2560,"height":1268},{"@type":"BreadcrumbList","@id":"https:\/\/kibrisdakik.com\/?p=12578#breadcrumb","itemListElement":[{"@type":"ListItem","position":1,"name":"Home","item":"https:\/\/kibrisdakik.com\/"},{"@type":"ListItem","position":2,"name":"T\u00fcrk K\u0131z\u0131lay\u2019dan KKTC\u2019ye mobil ikram ara\u00e7 deste\u011fi"}]},{"@type":"WebSite","@id":"https:\/\/kibrisdakik.com\/#website","url":"https:\/\/kibrisdakik.com\/","name":"","description":"Tam vaktinde haber","potentialAction":[{"@type":"SearchAction","target":{"@type":"EntryPoint","urlTemplate":"https:\/\/kibrisdakik.com\/?s={search_term_string}"},"query-input":{"@type":"PropertyValueSpecification","valueRequired":true,"valueName":"search_term_string"}}],"inLanguage":"tr"},{"@type":"Person","@id":"https:\/\/kibrisdakik.com\/#\/schema\/person\/9cd9d437bbb44f72b73ba127e06d8e79","name":"admin","image":{"@type":"ImageObject","inLanguage":"tr","@id":"https:\/\/secure.gravatar.com\/avatar\/ccc17943b9d660506c869530f897617f7cb1c21a4bf30023f252596d83e1f007?s=96&d=mm&r=g","url":"https:\/\/secure.gravatar.com\/avatar\/ccc17943b9d660506c869530f897617f7cb1c21a4bf30023f252596d83e1f007?s=96&d=mm&r=g","contentUrl":"https:\/\/secure.gravatar.com\/avatar\/ccc17943b9d660506c869530f897617f7cb1c21a4bf30023f252596d83e1f007?s=96&d=mm&r=g","caption":"admin"},"sameAs":["https:\/\/kibrisdakik.com"],"url":"https:\/\/kibrisdakik.com\/?author=1"}]}},"_links":{"self":[{"href":"https:\/\/kibrisdakik.com\/index.php?rest_route=\/wp\/v2\/posts\/12578","targetHints":{"allow":["GET"]}}],"collection":[{"href":"https:\/\/kibrisdakik.com\/index.php?rest_route=\/wp\/v2\/posts"}],"about":[{"href":"https:\/\/kibrisdakik.com\/index.php?rest_route=\/wp\/v2\/types\/post"}],"author":[{"embeddable":true,"href":"https:\/\/kibrisdakik.com\/index.php?rest_route=\/wp\/v2\/users\/1"}],"replies":[{"embeddable":true,"href":"https:\/\/kibrisdakik.com\/index.php?rest_route=%2Fwp%2Fv2%2Fcomments&post=12578"}],"version-history":[{"count":0,"href":"https:\/\/kibrisdakik.com\/index.php?rest_route=\/wp\/v2\/posts\/12578\/revisions"}],"wp:featuredmedia":[{"embeddable":true,"href":"https:\/\/kibrisdakik.com\/index.php?rest_route=\/wp\/v2\/media\/12579"}],"wp:attachment":[{"href":"https:\/\/kibrisdakik.com\/index.php?rest_route=%2Fwp%2Fv2%2Fmedia&parent=12578"}],"wp:term":[{"taxonomy":"category","embeddable":true,"href":"https:\/\/kibrisdakik.com\/index.php?rest_route=%2Fwp%2Fv2%2Fcategories&post=12578"},{"taxonomy":"post_tag","embeddable":true,"href":"https:\/\/kibrisdakik.com\/index.php?rest_route=%2Fwp%2Fv2%2Ftags&post=12578"}],"curies":[{"name":"wp","href":"https:\/\/api.w.org\/{rel}","templated":true}]}}