{"id":12587,"date":"2023-08-24T07:55:26","date_gmt":"2023-08-24T07:55:26","guid":{"rendered":"https:\/\/kibrisdakik.com\/index.php\/2023\/08\/24\/tc-ptt-genel-mudur-yardimcisi-tezcan-posta-dairesi-muduru-baysali-ziyaret-etti\/"},"modified":"2023-08-24T07:55:26","modified_gmt":"2023-08-24T07:55:26","slug":"tc-ptt-genel-mudur-yardimcisi-tezcan-posta-dairesi-muduru-baysali-ziyaret-etti","status":"publish","type":"post","link":"https:\/\/kibrisdakik.com\/?p=12587","title":{"rendered":"TC PTT Genel M\u00fcd\u00fcr Yard\u0131mc\u0131s\u0131 Tezcan Posta Dairesi M\u00fcd\u00fcr\u00fc Baysal\u2019\u0131 ziyaret etti"},"content":{"rendered":"<p><\/p>\n<div>\n<div class=\"mariselle-image-container center\">\n                <img width=\"953\" height=\"482\" class=\"lazy-image\" alt=\"\" decoding=\"async\" loading=\"lazy\" sizes=\"auto, (max-width: 953px) 100vw, 953px\" src=\"https:\/\/brtk.net\/wp-content\/uploads\/2023\/08\/24\/35353.jpg?ver=c7f877f10199a1eb30a6fd8fcf7ea233\" srcset=\"https:\/\/brtk.net\/wp-content\/uploads\/2023\/08\/24\/35353.jpg?ver=c7f877f10199a1eb30a6fd8fcf7ea233 953w, https:\/\/brtk.net\/wp-content\/uploads\/2023\/08\/24\/35353-300x152.jpg?ver=c7f877f10199a1eb30a6fd8fcf7ea233 300w, https:\/\/brtk.net\/wp-content\/uploads\/2023\/08\/24\/35353-768x388.jpg?ver=c7f877f10199a1eb30a6fd8fcf7ea233 768w\"\/>                            <\/div>\n<p>T\u00fcrkiye Cumhuriyeti PTT A\u015e. Genel M\u00fcd\u00fcr Yard\u0131mc\u0131s\u0131 Fatih Tezcan, Posta Dairesi M\u00fcd\u00fcr\u00fc Fatma Baysal\u2019\u0131 ziyaret etti.<\/p>\n<p>Posta Dairesi\u2019nden verilen bilgiye g\u00f6re ziyarette TC PTT A\u015e. ve <a href=\"https:\/\/brtk.net\/\"\/><a href=\"https:\/\/brtk.net\/\">KKTC<\/a> Posta Dairesi olarak iki \u00fclke aras\u0131ndaki posta alt yap\u0131s\u0131n\u0131n g\u00fc\u00e7lendirilmesi ve iyile\u015ftirilmesi konusunda g\u00f6r\u00fc\u015f al\u0131\u015f veri\u015finde bulunuldu.<\/p>\n<p>Posta Dairesi M\u00fcd\u00fcr\u00fc Fatma Baysal ve TC PTT A\u015e. Genel M\u00fcd\u00fcr Yard\u0131mc\u0131s\u0131 Fatih Tezcan ile beraberindeki \u00e7al\u0131\u015fma heyeti Bay\u0131nd\u0131rl\u0131k ve Ula\u015ft\u0131rma Bakan\u0131 Erhan Ar\u0131kl\u0131\u2019y\u0131 da ziyaret ederek, yap\u0131lan \u00e7al\u0131\u015fmalar hakk\u0131nda da bilgi verdi.<\/p>\n<p>Posta Dairesi ve TC PTT A\u015e. taraf\u0131ndan kullan\u0131lan posta sistemlerinin bir birine entegrasyonlar\u0131n\u0131n tamamlanarak <a href=\"https:\/\/brtk.net\/\"\/><a href=\"https:\/\/brtk.net\/\">KKTC<\/a> Posta Dairesi taraf\u0131ndan kabul edilen Avrupa Birli\u011fi ve di\u011fer \u00fclkeler var\u0131\u015fl\u0131 posta g\u00f6nderilerinin sorunsuz bir \u015fekilde al\u0131c\u0131lar\u0131na tesliminin sa\u011flanmas\u0131 hedefleniyor.<\/p>\n<p>Ayr\u0131ca PTT AVM \u00fczerinden <a href=\"https:\/\/brtk.net\/\"\/><a href=\"https:\/\/brtk.net\/\">KKTC<\/a>\u2019de \u00fcretilen y\u00f6resel \u00fcr\u00fcnlerin sat\u0131\u015f\u0131 konusunda yap\u0131lan \u00e7al\u0131\u015fmalar\u0131n da devam etti\u011fi belirtildi.<\/p>\n<\/p><\/div>\n","protected":false},"excerpt":{"rendered":"<p>T\u00fcrkiye Cumhuriyeti PTT A\u015e. Genel M\u00fcd\u00fcr Yard\u0131mc\u0131s\u0131 Fatih Tezcan, Posta Dairesi M\u00fcd\u00fcr\u00fc Fatma Baysal\u2019\u0131 ziyaret etti. Posta Dairesi\u2019nden verilen bilgiye g\u00f6re ziyarette TC PTT A\u015e. ve KKTC Posta Dairesi olarak iki \u00fclke aras\u0131ndaki posta alt yap\u0131s\u0131n\u0131n g\u00fc\u00e7lendirilmesi ve iyile\u015ftirilmesi konusunda g\u00f6r\u00fc\u015f al\u0131\u015f veri\u015finde bulunuldu. Posta Dairesi M\u00fcd\u00fcr\u00fc Fatma Baysal ve TC PTT A\u015e. Genel M\u00fcd\u00fcr<\/p>\n","protected":false},"author":1,"featured_media":12588,"comment_status":"open","ping_status":"open","sticky":false,"template":"","format":"standard","meta":{"footnotes":""},"categories":[1],"tags":[],"class_list":["post-12587","post","type-post","status-publish","format-standard","has-post-thumbnail","hentry","category-gundem"],"yoast_head":"<!-- This site is optimized with the Yoast SEO plugin v27.4 - https:\/\/yoast.com\/product\/yoast-seo-wordpress\/ -->\n<title>TC PTT Genel M\u00fcd\u00fcr Yard\u0131mc\u0131s\u0131 Tezcan Posta Dairesi M\u00fcd\u00fcr\u00fc Baysal\u2019\u0131 ziyaret etti -<\/title>\n<meta name=\"robots\" content=\"index, follow, max-snippet:-1, max-image-preview:large, max-video-preview:-1\" \/>\n<link rel=\"canonical\" href=\"https:\/\/kibrisdakik.com\/?p=12587\" \/>\n<meta property=\"og:locale\" content=\"tr_TR\" \/>\n<meta property=\"og:type\" content=\"article\" \/>\n<meta property=\"og:title\" content=\"TC PTT Genel M\u00fcd\u00fcr Yard\u0131mc\u0131s\u0131 Tezcan Posta Dairesi M\u00fcd\u00fcr\u00fc Baysal\u2019\u0131 ziyaret etti -\" \/>\n<meta property=\"og:description\" content=\"T\u00fcrkiye Cumhuriyeti PTT A\u015e. Genel M\u00fcd\u00fcr Yard\u0131mc\u0131s\u0131 Fatih Tezcan, Posta Dairesi M\u00fcd\u00fcr\u00fc Fatma Baysal\u2019\u0131 ziyaret etti. Posta Dairesi\u2019nden verilen bilgiye g\u00f6re ziyarette TC PTT A\u015e. ve KKTC Posta Dairesi olarak iki \u00fclke aras\u0131ndaki posta alt yap\u0131s\u0131n\u0131n g\u00fc\u00e7lendirilmesi ve iyile\u015ftirilmesi konusunda g\u00f6r\u00fc\u015f al\u0131\u015f veri\u015finde bulunuldu. Posta Dairesi M\u00fcd\u00fcr\u00fc Fatma Baysal ve TC PTT A\u015e. Genel M\u00fcd\u00fcr\" \/>\n<meta property=\"og:url\" content=\"https:\/\/kibrisdakik.com\/?p=12587\" \/>\n<meta property=\"article:published_time\" content=\"2023-08-24T07:55:26+00:00\" \/>\n<meta property=\"og:image\" content=\"https:\/\/kibrisdakik.com\/wp-content\/uploads\/2023\/08\/35353-740x420.jpg\" \/>\n\t<meta property=\"og:image:width\" content=\"953\" \/>\n\t<meta property=\"og:image:height\" content=\"482\" \/>\n\t<meta property=\"og:image:type\" content=\"image\/jpeg\" \/>\n<meta name=\"author\" content=\"admin\" \/>\n<meta name=\"twitter:card\" content=\"summary_large_image\" \/>\n<meta name=\"twitter:label1\" content=\"Yazan:\" \/>\n\t<meta name=\"twitter:data1\" content=\"admin\" \/>\n\t<meta name=\"twitter:label2\" content=\"Tahmini okuma s\u00fcresi\" \/>\n\t<meta name=\"twitter:data2\" content=\"1 dakika\" \/>\n<script type=\"application\/ld+json\" class=\"yoast-schema-graph\">{\"@context\":\"https:\\\/\\\/schema.org\",\"@graph\":[{\"@type\":\"Article\",\"@id\":\"https:\\\/\\\/kibrisdakik.com\\\/?p=12587#article\",\"isPartOf\":{\"@id\":\"https:\\\/\\\/kibrisdakik.com\\\/?p=12587\"},\"author\":{\"name\":\"admin\",\"@id\":\"https:\\\/\\\/kibrisdakik.com\\\/#\\\/schema\\\/person\\\/9cd9d437bbb44f72b73ba127e06d8e79\"},\"headline\":\"TC PTT Genel M\u00fcd\u00fcr Yard\u0131mc\u0131s\u0131 Tezcan Posta Dairesi M\u00fcd\u00fcr\u00fc Baysal\u2019\u0131 ziyaret etti\",\"datePublished\":\"2023-08-24T07:55:26+00:00\",\"mainEntityOfPage\":{\"@id\":\"https:\\\/\\\/kibrisdakik.com\\\/?p=12587\"},\"wordCount\":201,\"commentCount\":0,\"image\":{\"@id\":\"https:\\\/\\\/kibrisdakik.com\\\/?p=12587#primaryimage\"},\"thumbnailUrl\":\"https:\\\/\\\/kibrisdakik.com\\\/wp-content\\\/uploads\\\/2023\\\/08\\\/35353-740x420.jpg\",\"articleSection\":[\"G\u00fcndem\"],\"inLanguage\":\"tr\",\"potentialAction\":[{\"@type\":\"CommentAction\",\"name\":\"Comment\",\"target\":[\"https:\\\/\\\/kibrisdakik.com\\\/?p=12587#respond\"]}]},{\"@type\":\"WebPage\",\"@id\":\"https:\\\/\\\/kibrisdakik.com\\\/?p=12587\",\"url\":\"https:\\\/\\\/kibrisdakik.com\\\/?p=12587\",\"name\":\"TC PTT Genel M\u00fcd\u00fcr Yard\u0131mc\u0131s\u0131 Tezcan Posta Dairesi M\u00fcd\u00fcr\u00fc Baysal\u2019\u0131 ziyaret etti -\",\"isPartOf\":{\"@id\":\"https:\\\/\\\/kibrisdakik.com\\\/#website\"},\"primaryImageOfPage\":{\"@id\":\"https:\\\/\\\/kibrisdakik.com\\\/?p=12587#primaryimage\"},\"image\":{\"@id\":\"https:\\\/\\\/kibrisdakik.com\\\/?p=12587#primaryimage\"},\"thumbnailUrl\":\"https:\\\/\\\/kibrisdakik.com\\\/wp-content\\\/uploads\\\/2023\\\/08\\\/35353-740x420.jpg\",\"datePublished\":\"2023-08-24T07:55:26+00:00\",\"author\":{\"@id\":\"https:\\\/\\\/kibrisdakik.com\\\/#\\\/schema\\\/person\\\/9cd9d437bbb44f72b73ba127e06d8e79\"},\"breadcrumb\":{\"@id\":\"https:\\\/\\\/kibrisdakik.com\\\/?p=12587#breadcrumb\"},\"inLanguage\":\"tr\",\"potentialAction\":[{\"@type\":\"ReadAction\",\"target\":[\"https:\\\/\\\/kibrisdakik.com\\\/?p=12587\"]}]},{\"@type\":\"ImageObject\",\"inLanguage\":\"tr\",\"@id\":\"https:\\\/\\\/kibrisdakik.com\\\/?p=12587#primaryimage\",\"url\":\"https:\\\/\\\/kibrisdakik.com\\\/wp-content\\\/uploads\\\/2023\\\/08\\\/35353-740x420.jpg\",\"contentUrl\":\"https:\\\/\\\/kibrisdakik.com\\\/wp-content\\\/uploads\\\/2023\\\/08\\\/35353-740x420.jpg\",\"width\":953,\"height\":482},{\"@type\":\"BreadcrumbList\",\"@id\":\"https:\\\/\\\/kibrisdakik.com\\\/?p=12587#breadcrumb\",\"itemListElement\":[{\"@type\":\"ListItem\",\"position\":1,\"name\":\"Home\",\"item\":\"https:\\\/\\\/kibrisdakik.com\\\/\"},{\"@type\":\"ListItem\",\"position\":2,\"name\":\"TC PTT Genel M\u00fcd\u00fcr Yard\u0131mc\u0131s\u0131 Tezcan Posta Dairesi M\u00fcd\u00fcr\u00fc Baysal\u2019\u0131 ziyaret etti\"}]},{\"@type\":\"WebSite\",\"@id\":\"https:\\\/\\\/kibrisdakik.com\\\/#website\",\"url\":\"https:\\\/\\\/kibrisdakik.com\\\/\",\"name\":\"\",\"description\":\"Tam vaktinde haber\",\"potentialAction\":[{\"@type\":\"SearchAction\",\"target\":{\"@type\":\"EntryPoint\",\"urlTemplate\":\"https:\\\/\\\/kibrisdakik.com\\\/?s={search_term_string}\"},\"query-input\":{\"@type\":\"PropertyValueSpecification\",\"valueRequired\":true,\"valueName\":\"search_term_string\"}}],\"inLanguage\":\"tr\"},{\"@type\":\"Person\",\"@id\":\"https:\\\/\\\/kibrisdakik.com\\\/#\\\/schema\\\/person\\\/9cd9d437bbb44f72b73ba127e06d8e79\",\"name\":\"admin\",\"image\":{\"@type\":\"ImageObject\",\"inLanguage\":\"tr\",\"@id\":\"https:\\\/\\\/secure.gravatar.com\\\/avatar\\\/ccc17943b9d660506c869530f897617f7cb1c21a4bf30023f252596d83e1f007?s=96&d=mm&r=g\",\"url\":\"https:\\\/\\\/secure.gravatar.com\\\/avatar\\\/ccc17943b9d660506c869530f897617f7cb1c21a4bf30023f252596d83e1f007?s=96&d=mm&r=g\",\"contentUrl\":\"https:\\\/\\\/secure.gravatar.com\\\/avatar\\\/ccc17943b9d660506c869530f897617f7cb1c21a4bf30023f252596d83e1f007?s=96&d=mm&r=g\",\"caption\":\"admin\"},\"sameAs\":[\"https:\\\/\\\/kibrisdakik.com\"],\"url\":\"https:\\\/\\\/kibrisdakik.com\\\/?author=1\"}]}<\/script>\n<!-- \/ Yoast SEO plugin. -->","yoast_head_json":{"title":"TC PTT Genel M\u00fcd\u00fcr Yard\u0131mc\u0131s\u0131 Tezcan Posta Dairesi M\u00fcd\u00fcr\u00fc Baysal\u2019\u0131 ziyaret etti -","robots":{"index":"index","follow":"follow","max-snippet":"max-snippet:-1","max-image-preview":"max-image-preview:large","max-video-preview":"max-video-preview:-1"},"canonical":"https:\/\/kibrisdakik.com\/?p=12587","og_locale":"tr_TR","og_type":"article","og_title":"TC PTT Genel M\u00fcd\u00fcr Yard\u0131mc\u0131s\u0131 Tezcan Posta Dairesi M\u00fcd\u00fcr\u00fc Baysal\u2019\u0131 ziyaret etti -","og_description":"T\u00fcrkiye Cumhuriyeti PTT A\u015e. Genel M\u00fcd\u00fcr Yard\u0131mc\u0131s\u0131 Fatih Tezcan, Posta Dairesi M\u00fcd\u00fcr\u00fc Fatma Baysal\u2019\u0131 ziyaret etti. Posta Dairesi\u2019nden verilen bilgiye g\u00f6re ziyarette TC PTT A\u015e. ve KKTC Posta Dairesi olarak iki \u00fclke aras\u0131ndaki posta alt yap\u0131s\u0131n\u0131n g\u00fc\u00e7lendirilmesi ve iyile\u015ftirilmesi konusunda g\u00f6r\u00fc\u015f al\u0131\u015f veri\u015finde bulunuldu. Posta Dairesi M\u00fcd\u00fcr\u00fc Fatma Baysal ve TC PTT A\u015e. Genel M\u00fcd\u00fcr","og_url":"https:\/\/kibrisdakik.com\/?p=12587","article_published_time":"2023-08-24T07:55:26+00:00","og_image":[{"width":953,"height":482,"url":"https:\/\/kibrisdakik.com\/wp-content\/uploads\/2023\/08\/35353-740x420.jpg","type":"image\/jpeg"}],"author":"admin","twitter_card":"summary_large_image","twitter_misc":{"Yazan:":"admin","Tahmini okuma s\u00fcresi":"1 dakika"},"schema":{"@context":"https:\/\/schema.org","@graph":[{"@type":"Article","@id":"https:\/\/kibrisdakik.com\/?p=12587#article","isPartOf":{"@id":"https:\/\/kibrisdakik.com\/?p=12587"},"author":{"name":"admin","@id":"https:\/\/kibrisdakik.com\/#\/schema\/person\/9cd9d437bbb44f72b73ba127e06d8e79"},"headline":"TC PTT Genel M\u00fcd\u00fcr Yard\u0131mc\u0131s\u0131 Tezcan Posta Dairesi M\u00fcd\u00fcr\u00fc Baysal\u2019\u0131 ziyaret etti","datePublished":"2023-08-24T07:55:26+00:00","mainEntityOfPage":{"@id":"https:\/\/kibrisdakik.com\/?p=12587"},"wordCount":201,"commentCount":0,"image":{"@id":"https:\/\/kibrisdakik.com\/?p=12587#primaryimage"},"thumbnailUrl":"https:\/\/kibrisdakik.com\/wp-content\/uploads\/2023\/08\/35353-740x420.jpg","articleSection":["G\u00fcndem"],"inLanguage":"tr","potentialAction":[{"@type":"CommentAction","name":"Comment","target":["https:\/\/kibrisdakik.com\/?p=12587#respond"]}]},{"@type":"WebPage","@id":"https:\/\/kibrisdakik.com\/?p=12587","url":"https:\/\/kibrisdakik.com\/?p=12587","name":"TC PTT Genel M\u00fcd\u00fcr Yard\u0131mc\u0131s\u0131 Tezcan Posta Dairesi M\u00fcd\u00fcr\u00fc Baysal\u2019\u0131 ziyaret etti -","isPartOf":{"@id":"https:\/\/kibrisdakik.com\/#website"},"primaryImageOfPage":{"@id":"https:\/\/kibrisdakik.com\/?p=12587#primaryimage"},"image":{"@id":"https:\/\/kibrisdakik.com\/?p=12587#primaryimage"},"thumbnailUrl":"https:\/\/kibrisdakik.com\/wp-content\/uploads\/2023\/08\/35353-740x420.jpg","datePublished":"2023-08-24T07:55:26+00:00","author":{"@id":"https:\/\/kibrisdakik.com\/#\/schema\/person\/9cd9d437bbb44f72b73ba127e06d8e79"},"breadcrumb":{"@id":"https:\/\/kibrisdakik.com\/?p=12587#breadcrumb"},"inLanguage":"tr","potentialAction":[{"@type":"ReadAction","target":["https:\/\/kibrisdakik.com\/?p=12587"]}]},{"@type":"ImageObject","inLanguage":"tr","@id":"https:\/\/kibrisdakik.com\/?p=12587#primaryimage","url":"https:\/\/kibrisdakik.com\/wp-content\/uploads\/2023\/08\/35353-740x420.jpg","contentUrl":"https:\/\/kibrisdakik.com\/wp-content\/uploads\/2023\/08\/35353-740x420.jpg","width":953,"height":482},{"@type":"BreadcrumbList","@id":"https:\/\/kibrisdakik.com\/?p=12587#breadcrumb","itemListElement":[{"@type":"ListItem","position":1,"name":"Home","item":"https:\/\/kibrisdakik.com\/"},{"@type":"ListItem","position":2,"name":"TC PTT Genel M\u00fcd\u00fcr Yard\u0131mc\u0131s\u0131 Tezcan Posta Dairesi M\u00fcd\u00fcr\u00fc Baysal\u2019\u0131 ziyaret etti"}]},{"@type":"WebSite","@id":"https:\/\/kibrisdakik.com\/#website","url":"https:\/\/kibrisdakik.com\/","name":"","description":"Tam vaktinde haber","potentialAction":[{"@type":"SearchAction","target":{"@type":"EntryPoint","urlTemplate":"https:\/\/kibrisdakik.com\/?s={search_term_string}"},"query-input":{"@type":"PropertyValueSpecification","valueRequired":true,"valueName":"search_term_string"}}],"inLanguage":"tr"},{"@type":"Person","@id":"https:\/\/kibrisdakik.com\/#\/schema\/person\/9cd9d437bbb44f72b73ba127e06d8e79","name":"admin","image":{"@type":"ImageObject","inLanguage":"tr","@id":"https:\/\/secure.gravatar.com\/avatar\/ccc17943b9d660506c869530f897617f7cb1c21a4bf30023f252596d83e1f007?s=96&d=mm&r=g","url":"https:\/\/secure.gravatar.com\/avatar\/ccc17943b9d660506c869530f897617f7cb1c21a4bf30023f252596d83e1f007?s=96&d=mm&r=g","contentUrl":"https:\/\/secure.gravatar.com\/avatar\/ccc17943b9d660506c869530f897617f7cb1c21a4bf30023f252596d83e1f007?s=96&d=mm&r=g","caption":"admin"},"sameAs":["https:\/\/kibrisdakik.com"],"url":"https:\/\/kibrisdakik.com\/?author=1"}]}},"_links":{"self":[{"href":"https:\/\/kibrisdakik.com\/index.php?rest_route=\/wp\/v2\/posts\/12587","targetHints":{"allow":["GET"]}}],"collection":[{"href":"https:\/\/kibrisdakik.com\/index.php?rest_route=\/wp\/v2\/posts"}],"about":[{"href":"https:\/\/kibrisdakik.com\/index.php?rest_route=\/wp\/v2\/types\/post"}],"author":[{"embeddable":true,"href":"https:\/\/kibrisdakik.com\/index.php?rest_route=\/wp\/v2\/users\/1"}],"replies":[{"embeddable":true,"href":"https:\/\/kibrisdakik.com\/index.php?rest_route=%2Fwp%2Fv2%2Fcomments&post=12587"}],"version-history":[{"count":0,"href":"https:\/\/kibrisdakik.com\/index.php?rest_route=\/wp\/v2\/posts\/12587\/revisions"}],"wp:featuredmedia":[{"embeddable":true,"href":"https:\/\/kibrisdakik.com\/index.php?rest_route=\/wp\/v2\/media\/12588"}],"wp:attachment":[{"href":"https:\/\/kibrisdakik.com\/index.php?rest_route=%2Fwp%2Fv2%2Fmedia&parent=12587"}],"wp:term":[{"taxonomy":"category","embeddable":true,"href":"https:\/\/kibrisdakik.com\/index.php?rest_route=%2Fwp%2Fv2%2Fcategories&post=12587"},{"taxonomy":"post_tag","embeddable":true,"href":"https:\/\/kibrisdakik.com\/index.php?rest_route=%2Fwp%2Fv2%2Ftags&post=12587"}],"curies":[{"name":"wp","href":"https:\/\/api.w.org\/{rel}","templated":true}]}}