{"id":12642,"date":"2023-08-24T23:22:25","date_gmt":"2023-08-24T23:22:25","guid":{"rendered":"https:\/\/kibrisdakik.com\/index.php\/2023\/08\/24\/erhurman-elestirdi-basbakan-ustel-yanitladi\/"},"modified":"2023-08-24T23:22:25","modified_gmt":"2023-08-24T23:22:25","slug":"erhurman-elestirdi-basbakan-ustel-yanitladi","status":"publish","type":"post","link":"https:\/\/kibrisdakik.com\/?p=12642","title":{"rendered":"Erh\u00fcrman ele\u015ftirdi, Ba\u015fbakan \u00dcstel yan\u0131tlad\u0131"},"content":{"rendered":"<p><\/p>\n<div>\n<div class=\"mariselle-image-container center\">\n                <img width=\"670\" height=\"310\" class=\"lazy-image\" alt=\"\" decoding=\"async\" loading=\"lazy\" sizes=\"auto, (max-width: 670px) 100vw, 670px\" src=\"https:\/\/brtk.net\/wp-content\/uploads\/2023\/08\/24\/safafafa.jpg?ver=c0b0f4e9a0f47573a0d33f434ae37b83\" srcset=\"https:\/\/brtk.net\/wp-content\/uploads\/2023\/08\/24\/safafafa.jpg?ver=c0b0f4e9a0f47573a0d33f434ae37b83 670w, https:\/\/brtk.net\/wp-content\/uploads\/2023\/08\/24\/safafafa-300x139.jpg?ver=c0b0f4e9a0f47573a0d33f434ae37b83 300w\"\/>                            <\/div>\n<p>Cumhuriyet Meclisi Genel Kurulu, Cumhuriyet\u00e7i T\u00fcrk Partisi ve 2 ba\u011f\u0131ms\u0131z milletvekilinin talebiyle ola\u011fan\u00fcst\u00fc topland\u0131.<br \/>Bilgiye sunu\u015flar\u0131n ard\u0131ndan g\u00f6r\u00fc\u015f\u00fclmesine ge\u00e7ilen \u201c\u00d6zel \u015eirketlerle Yap\u0131lan Uzun Vadeli Anla\u015fmalar ve Al\u0131nan \u0130dari Kararlar ile Kamu Kaynaklar\u0131n\u0131n T\u00fcketilmesi, \u00dclke Ekonomisinin \u00c7\u0131kmaza S\u00fcr\u00fcklenmesi ve Halk\u0131n Kar\u015f\u0131 Kar\u015f\u0131ya B\u0131rak\u0131ld\u0131\u011f\u0131 Zorluklar\u201d konusuyla ilgili ilk s\u00f6z\u00fc <a href=\"https:\/\/brtk.net\/\">CTP<\/a> Genel Ba\u015fkan\u0131 Tufan Erh\u00fcrman ald\u0131.<br \/>Tufan Erh\u00fcrman, halk\u0131n, tarihin en ciddi ekonomik krizinin i\u00e7erisinde oldu\u011funu ifade ederek, \u201cBizim al\u0131m g\u00fcc\u00fcm\u00fcz\u00fcn d\u00fc\u015fmesi piyasadaki talebi d\u00fc\u015f\u00fcrmedi\u201d dedi.<br \/>Erh\u00fcrman, Ercan Havaliman\u0131 i\u015fletmecisine yap\u0131lan 59 milyon <a href=\"https:\/\/brtk.net\/\"\/><a href=\"https:\/\/brtk.net\/\">Euro<\/a> \u00f6deme konusunda ele\u015ftirilerde bulundu ve T&amp;T ile imzalanan ek s\u00f6zle\u015fmeyle devletin 59 Milyon <a href=\"https:\/\/brtk.net\/\"\/><a href=\"https:\/\/brtk.net\/\">Euro<\/a>\u2019luk ek k\u00fclfetin alt\u0131na sokuldu\u011funu \u00f6ne s\u00fcrd\u00fci.<br \/>Yabanc\u0131lara kontrols\u00fcz mal sat\u0131\u015flar\u0131n\u0131n beraberinde getirdi\u011fi olumsuzluklar\u0131 s\u0131ralayan Erh\u00fcrman, m\u00fclkiyet s\u0131n\u0131rlamas\u0131 hakk\u0131nda somut \u00f6nerileri oldu\u011funu ve haz\u0131rlay\u0131p getireceklerini dile getirdi.<br \/>Tufan Erh\u00fcrman, Pile\u2019de bu yolun ihtiya\u00e7 oldu\u011funu, BM\u2019nin de \u00e7\u00f6z\u00fcm aray\u0131\u015flar\u0131n\u0131 ge\u00e7i\u015ftirdi\u011fini ancak hakl\u0131 olunan bu konuda yap\u0131lanlardan dolay\u0131 BM G\u00fcvenlik Konseyi\u2019nin \u201csald\u0131r\u0131 yap\u0131ld\u0131\u011f\u0131\u201d tespitinde bulundu\u011fu bas\u0131n a\u00e7\u0131klamas\u0131 yapmas\u0131na sebep olundu\u011funu belirtti.<br \/>Erh\u00fcrman\u2019\u0131 yan\u0131tlayan Ba\u015fbakan \u00dcnal \u00dcstel ise, ekonomide s\u0131k\u0131nt\u0131 oldu\u011funu ancak pandeminin ba\u015flang\u0131c\u0131ndan bu yana d\u00fcnyada s\u0131k\u0131nt\u0131lar\u0131n devam etti\u011fini s\u00f6yledi.<\/p>\n<p>\u00dclkedeki imkanlar dahilinde halk\u0131n al\u0131m g\u00fcc\u00fcn\u00fcn d\u00fc\u015fmemesi i\u00e7in \u00e7al\u0131\u015fanlara hayat pahal\u0131l\u0131\u011f\u0131 oran\u0131nda art\u0131\u015f vererek, esnafa sosyal sigorta prim deste\u011fi sa\u011flayarak, asgari \u00fccreti iki kez hayat pahal\u0131l\u0131\u011f\u0131 oran\u0131nda ayarlayarak, insanlar\u0131n rahatlamas\u0131 i\u00e7in \u00e7al\u0131\u015fma yapt\u0131klar\u0131n\u0131 kaydetti.<\/p>\n<p>\u201cYeterli mi? De\u011fil ancak mali imkanlar \u00e7er\u00e7evesinde en iyisini yapt\u0131k\u201d diyen \u00dcstel, \u201cHayat pahal\u0131l\u0131\u011f\u0131 art\u0131\u015flar\u0131nda belki tarihte ilktir y\u00fczde 200 oran\u0131nda \u00e7al\u0131\u015fanlara art\u0131\u015f yapt\u0131k\u201d \u015feklinde konu\u015ftu.<\/p>\n<p>Esnaf, sanayici ve turizmciye sosyal sigorta te\u015fvik primini, Bakanlar Kurulu\u2019nda pazartesi g\u00fcn\u00fc ge\u00e7ireceklerini ve a\u00e7\u0131klayacaklar\u0131n\u0131 kaydeden \u00dcstel, insanlar\u0131n s\u0131k\u0131nt\u0131l\u0131 g\u00fcnlerden ge\u00e7erken, daha ferah ya\u015famas\u0131 i\u00e7in bunlar\u0131 yapt\u0131klar\u0131n\u0131 vurgulad\u0131.<\/p>\n<p>Ba\u015fbakan \u00dcstel, pandemi sonras\u0131 \u00fclkeye yabanc\u0131 ak\u0131n\u0131 oldu\u011funu ancak buna seyirci kalmad\u0131klar\u0131n\u0131 ifade ederek, bir yasa yapt\u0131klar\u0131n\u0131 ve savc\u0131l\u0131ktan g\u00f6r\u00fc\u015f beklediklerini belirterek, yasa geldikten sonra <a href=\"https:\/\/brtk.net\/\">CTP<\/a>\u2019nin \u00f6nerilerini de de\u011ferlendirerek Cumhuriyet Meclisi\u2019nden s\u00fcratli \u015fekilde, gerekirse ola\u011fan\u00fcst\u00fc toplant\u0131 yaparak, ge\u00e7ireceklerini s\u00f6yledi.<\/p>\n<p>Tedbir almak i\u00e7in bir komite olu\u015fturduklar\u0131n\u0131 aktaran \u00dcstel, \u00e7arp\u0131k yap\u0131la\u015fma oldu\u011funu ve \u00fclkede toprak almak i\u00e7in yabanc\u0131 \u00fclkelerden talebin \u00e7o\u011fald\u0131\u011f\u0131n\u0131 belirtti. <\/p>\n<p>Konuyla ilgili T\u00fcrkiye\u2019de \u00e7al\u0131\u015fma yapan uzmanlar\u0131n da getirildi\u011fini dile getiren \u00dcstel, il\u00e7elerde n\u00fcfusun ne olmas\u0131 gerekti\u011fi konusu ve imar plan\u0131n\u0131n g\u00f6zden ge\u00e7irilip, \u00fclkenin korunaca\u011f\u0131n\u0131 kaydetti. \u00dcstel, komiteye, ana muhalefetten bir veya iki milletvekilini dahil ederek, \u00e7al\u0131\u015fabileceklerini ifade etti.<\/p>\n<p>Ba\u015fbakan \u00dcstel, 2012\u2019den beri havaliman\u0131n\u0131n ask\u0131da oldu\u011funun do\u011fru oldu\u011funu ancak devletin imzalanan s\u00f6zle\u015fmede taahh\u00fct ettiklerinin yerine getirilmedi\u011fini ve bug\u00fcnlere kadar gelindi\u011fini s\u00f6yledi.<\/p>\n<p>Anomalilerin \u00e7\u00f6z\u00fclmesi ve s\u00fcratli \u015fekilde Ercan Havaliman\u0131\u2019n\u0131n a\u00e7\u0131lmas\u0131 i\u00e7in \u0131srarc\u0131 olduklar\u0131n\u0131 ifade eden \u00dcstel, \u201cBize g\u00f6re \u2018yap-i\u015flet devret\u2019in sonu 2042\u2026 Bu konuda m\u00fccadele edece\u011fiz. Ama 2042\u2019ye geldi\u011fimizde yine s\u00f6zle\u015fmede belirtildi\u011fi gibi m\u00fccbir sebep olursa, o sebep sona erene kadar s\u00fcre sonunda ilave yap\u0131labilir\u201d dedi.<\/p>\n<p>Merkez Bankas\u0131\u2019na projeksiyon yapt\u0131rd\u0131klar\u0131n\u0131 dile getiren \u00dcstel, projeksiyonun, 2043\u2019e g\u00f6re yap\u0131ld\u0131\u011f\u0131n\u0131 ve hesap yap\u0131larak, 59 Milyon <a href=\"https:\/\/brtk.net\/\"\/><a href=\"https:\/\/brtk.net\/\">Euro<\/a>\u2019nun \u00f6nlerine konuldu\u011funu anlatt\u0131. \u00dcstel, mahsupla\u015farak, para vermeden, hi\u00e7bir vergi borcunu ba\u011f\u0131\u015flamadan tamamen 3 ayda bir alacaklar\u0131ndan 17 taksitte bunu uygun g\u00f6rd\u00fcklerini belirtti.<\/p>\n<p>Eski havaliman\u0131nda g\u00fcvenlik s\u0131k\u0131nt\u0131lar\u0131 oldu\u011funu, yeni havaliman\u0131yla bu s\u0131k\u0131nt\u0131lar\u0131n giderildi\u011fini aktaran \u00dcstel, \u0130ngiltere\u2019de ya\u015fayan insanlar\u0131n \u00fclkeye rahat gelebilmesi hedefinde olduklar\u0131n\u0131, bunun i\u00e7in bask\u0131 yapt\u0131klar\u0131n\u0131 ve havaliman\u0131n a\u00e7\u0131lmas\u0131n\u0131 sa\u011flad\u0131klar\u0131n\u0131 belirtti.<\/p>\n<\/p><\/div>\n","protected":false},"excerpt":{"rendered":"<p>Cumhuriyet Meclisi Genel Kurulu, Cumhuriyet\u00e7i T\u00fcrk Partisi ve 2 ba\u011f\u0131ms\u0131z milletvekilinin talebiyle ola\u011fan\u00fcst\u00fc topland\u0131.Bilgiye sunu\u015flar\u0131n ard\u0131ndan g\u00f6r\u00fc\u015f\u00fclmesine ge\u00e7ilen \u201c\u00d6zel \u015eirketlerle Yap\u0131lan Uzun Vadeli Anla\u015fmalar ve Al\u0131nan \u0130dari Kararlar ile Kamu Kaynaklar\u0131n\u0131n T\u00fcketilmesi, \u00dclke Ekonomisinin \u00c7\u0131kmaza S\u00fcr\u00fcklenmesi ve Halk\u0131n Kar\u015f\u0131 Kar\u015f\u0131ya B\u0131rak\u0131ld\u0131\u011f\u0131 Zorluklar\u201d konusuyla ilgili ilk s\u00f6z\u00fc CTP Genel Ba\u015fkan\u0131 Tufan Erh\u00fcrman ald\u0131.Tufan Erh\u00fcrman, halk\u0131n, tarihin<\/p>\n","protected":false},"author":1,"featured_media":12643,"comment_status":"open","ping_status":"open","sticky":false,"template":"","format":"standard","meta":{"footnotes":""},"categories":[1],"tags":[],"class_list":["post-12642","post","type-post","status-publish","format-standard","has-post-thumbnail","hentry","category-gundem"],"yoast_head":"<!-- This site is optimized with the Yoast SEO plugin v27.5 - https:\/\/yoast.com\/product\/yoast-seo-wordpress\/ -->\n<title>Erh\u00fcrman ele\u015ftirdi, Ba\u015fbakan \u00dcstel yan\u0131tlad\u0131 -<\/title>\n<meta name=\"robots\" content=\"index, follow, max-snippet:-1, max-image-preview:large, max-video-preview:-1\" \/>\n<link rel=\"canonical\" href=\"https:\/\/kibrisdakik.com\/?p=12642\" \/>\n<meta property=\"og:locale\" content=\"tr_TR\" \/>\n<meta property=\"og:type\" content=\"article\" \/>\n<meta property=\"og:title\" content=\"Erh\u00fcrman ele\u015ftirdi, Ba\u015fbakan \u00dcstel yan\u0131tlad\u0131 -\" \/>\n<meta property=\"og:description\" content=\"Cumhuriyet Meclisi Genel Kurulu, Cumhuriyet\u00e7i T\u00fcrk Partisi ve 2 ba\u011f\u0131ms\u0131z milletvekilinin talebiyle ola\u011fan\u00fcst\u00fc topland\u0131.Bilgiye sunu\u015flar\u0131n ard\u0131ndan g\u00f6r\u00fc\u015f\u00fclmesine ge\u00e7ilen \u201c\u00d6zel \u015eirketlerle Yap\u0131lan Uzun Vadeli Anla\u015fmalar ve Al\u0131nan \u0130dari Kararlar ile Kamu Kaynaklar\u0131n\u0131n T\u00fcketilmesi, \u00dclke Ekonomisinin \u00c7\u0131kmaza S\u00fcr\u00fcklenmesi ve Halk\u0131n Kar\u015f\u0131 Kar\u015f\u0131ya B\u0131rak\u0131ld\u0131\u011f\u0131 Zorluklar\u201d konusuyla ilgili ilk s\u00f6z\u00fc CTP Genel Ba\u015fkan\u0131 Tufan Erh\u00fcrman ald\u0131.Tufan Erh\u00fcrman, halk\u0131n, tarihin\" \/>\n<meta property=\"og:url\" content=\"https:\/\/kibrisdakik.com\/?p=12642\" \/>\n<meta property=\"article:published_time\" content=\"2023-08-24T23:22:25+00:00\" \/>\n<meta property=\"og:image\" content=\"https:\/\/kibrisdakik.com\/wp-content\/uploads\/2023\/08\/safafafa.jpg\" \/>\n\t<meta property=\"og:image:width\" content=\"670\" \/>\n\t<meta property=\"og:image:height\" content=\"310\" \/>\n\t<meta property=\"og:image:type\" content=\"image\/jpeg\" \/>\n<meta name=\"author\" content=\"admin\" \/>\n<meta name=\"twitter:card\" content=\"summary_large_image\" \/>\n<meta name=\"twitter:label1\" content=\"Yazan:\" \/>\n\t<meta name=\"twitter:data1\" content=\"admin\" \/>\n\t<meta name=\"twitter:label2\" content=\"Tahmini okuma s\u00fcresi\" \/>\n\t<meta name=\"twitter:data2\" content=\"4 dakika\" \/>\n<script type=\"application\/ld+json\" class=\"yoast-schema-graph\">{\"@context\":\"https:\\\/\\\/schema.org\",\"@graph\":[{\"@type\":\"Article\",\"@id\":\"https:\\\/\\\/kibrisdakik.com\\\/?p=12642#article\",\"isPartOf\":{\"@id\":\"https:\\\/\\\/kibrisdakik.com\\\/?p=12642\"},\"author\":{\"name\":\"admin\",\"@id\":\"https:\\\/\\\/kibrisdakik.com\\\/#\\\/schema\\\/person\\\/9cd9d437bbb44f72b73ba127e06d8e79\"},\"headline\":\"Erh\u00fcrman ele\u015ftirdi, Ba\u015fbakan \u00dcstel yan\u0131tlad\u0131\",\"datePublished\":\"2023-08-24T23:22:25+00:00\",\"mainEntityOfPage\":{\"@id\":\"https:\\\/\\\/kibrisdakik.com\\\/?p=12642\"},\"wordCount\":758,\"commentCount\":0,\"image\":{\"@id\":\"https:\\\/\\\/kibrisdakik.com\\\/?p=12642#primaryimage\"},\"thumbnailUrl\":\"https:\\\/\\\/kibrisdakik.com\\\/wp-content\\\/uploads\\\/2023\\\/08\\\/safafafa.jpg\",\"articleSection\":[\"G\u00fcndem\"],\"inLanguage\":\"tr\",\"potentialAction\":[{\"@type\":\"CommentAction\",\"name\":\"Comment\",\"target\":[\"https:\\\/\\\/kibrisdakik.com\\\/?p=12642#respond\"]}]},{\"@type\":\"WebPage\",\"@id\":\"https:\\\/\\\/kibrisdakik.com\\\/?p=12642\",\"url\":\"https:\\\/\\\/kibrisdakik.com\\\/?p=12642\",\"name\":\"Erh\u00fcrman ele\u015ftirdi, Ba\u015fbakan \u00dcstel yan\u0131tlad\u0131 -\",\"isPartOf\":{\"@id\":\"https:\\\/\\\/kibrisdakik.com\\\/#website\"},\"primaryImageOfPage\":{\"@id\":\"https:\\\/\\\/kibrisdakik.com\\\/?p=12642#primaryimage\"},\"image\":{\"@id\":\"https:\\\/\\\/kibrisdakik.com\\\/?p=12642#primaryimage\"},\"thumbnailUrl\":\"https:\\\/\\\/kibrisdakik.com\\\/wp-content\\\/uploads\\\/2023\\\/08\\\/safafafa.jpg\",\"datePublished\":\"2023-08-24T23:22:25+00:00\",\"author\":{\"@id\":\"https:\\\/\\\/kibrisdakik.com\\\/#\\\/schema\\\/person\\\/9cd9d437bbb44f72b73ba127e06d8e79\"},\"breadcrumb\":{\"@id\":\"https:\\\/\\\/kibrisdakik.com\\\/?p=12642#breadcrumb\"},\"inLanguage\":\"tr\",\"potentialAction\":[{\"@type\":\"ReadAction\",\"target\":[\"https:\\\/\\\/kibrisdakik.com\\\/?p=12642\"]}]},{\"@type\":\"ImageObject\",\"inLanguage\":\"tr\",\"@id\":\"https:\\\/\\\/kibrisdakik.com\\\/?p=12642#primaryimage\",\"url\":\"https:\\\/\\\/kibrisdakik.com\\\/wp-content\\\/uploads\\\/2023\\\/08\\\/safafafa.jpg\",\"contentUrl\":\"https:\\\/\\\/kibrisdakik.com\\\/wp-content\\\/uploads\\\/2023\\\/08\\\/safafafa.jpg\",\"width\":670,\"height\":310},{\"@type\":\"BreadcrumbList\",\"@id\":\"https:\\\/\\\/kibrisdakik.com\\\/?p=12642#breadcrumb\",\"itemListElement\":[{\"@type\":\"ListItem\",\"position\":1,\"name\":\"Home\",\"item\":\"https:\\\/\\\/kibrisdakik.com\\\/\"},{\"@type\":\"ListItem\",\"position\":2,\"name\":\"Erh\u00fcrman ele\u015ftirdi, Ba\u015fbakan \u00dcstel yan\u0131tlad\u0131\"}]},{\"@type\":\"WebSite\",\"@id\":\"https:\\\/\\\/kibrisdakik.com\\\/#website\",\"url\":\"https:\\\/\\\/kibrisdakik.com\\\/\",\"name\":\"\",\"description\":\"Tam vaktinde haber\",\"potentialAction\":[{\"@type\":\"SearchAction\",\"target\":{\"@type\":\"EntryPoint\",\"urlTemplate\":\"https:\\\/\\\/kibrisdakik.com\\\/?s={search_term_string}\"},\"query-input\":{\"@type\":\"PropertyValueSpecification\",\"valueRequired\":true,\"valueName\":\"search_term_string\"}}],\"inLanguage\":\"tr\"},{\"@type\":\"Person\",\"@id\":\"https:\\\/\\\/kibrisdakik.com\\\/#\\\/schema\\\/person\\\/9cd9d437bbb44f72b73ba127e06d8e79\",\"name\":\"admin\",\"image\":{\"@type\":\"ImageObject\",\"inLanguage\":\"tr\",\"@id\":\"https:\\\/\\\/secure.gravatar.com\\\/avatar\\\/ccc17943b9d660506c869530f897617f7cb1c21a4bf30023f252596d83e1f007?s=96&d=mm&r=g\",\"url\":\"https:\\\/\\\/secure.gravatar.com\\\/avatar\\\/ccc17943b9d660506c869530f897617f7cb1c21a4bf30023f252596d83e1f007?s=96&d=mm&r=g\",\"contentUrl\":\"https:\\\/\\\/secure.gravatar.com\\\/avatar\\\/ccc17943b9d660506c869530f897617f7cb1c21a4bf30023f252596d83e1f007?s=96&d=mm&r=g\",\"caption\":\"admin\"},\"sameAs\":[\"https:\\\/\\\/kibrisdakik.com\"],\"url\":\"https:\\\/\\\/kibrisdakik.com\\\/?author=1\"}]}<\/script>\n<!-- \/ Yoast SEO plugin. -->","yoast_head_json":{"title":"Erh\u00fcrman ele\u015ftirdi, Ba\u015fbakan \u00dcstel yan\u0131tlad\u0131 -","robots":{"index":"index","follow":"follow","max-snippet":"max-snippet:-1","max-image-preview":"max-image-preview:large","max-video-preview":"max-video-preview:-1"},"canonical":"https:\/\/kibrisdakik.com\/?p=12642","og_locale":"tr_TR","og_type":"article","og_title":"Erh\u00fcrman ele\u015ftirdi, Ba\u015fbakan \u00dcstel yan\u0131tlad\u0131 -","og_description":"Cumhuriyet Meclisi Genel Kurulu, Cumhuriyet\u00e7i T\u00fcrk Partisi ve 2 ba\u011f\u0131ms\u0131z milletvekilinin talebiyle ola\u011fan\u00fcst\u00fc topland\u0131.Bilgiye sunu\u015flar\u0131n ard\u0131ndan g\u00f6r\u00fc\u015f\u00fclmesine ge\u00e7ilen \u201c\u00d6zel \u015eirketlerle Yap\u0131lan Uzun Vadeli Anla\u015fmalar ve Al\u0131nan \u0130dari Kararlar ile Kamu Kaynaklar\u0131n\u0131n T\u00fcketilmesi, \u00dclke Ekonomisinin \u00c7\u0131kmaza S\u00fcr\u00fcklenmesi ve Halk\u0131n Kar\u015f\u0131 Kar\u015f\u0131ya B\u0131rak\u0131ld\u0131\u011f\u0131 Zorluklar\u201d konusuyla ilgili ilk s\u00f6z\u00fc CTP Genel Ba\u015fkan\u0131 Tufan Erh\u00fcrman ald\u0131.Tufan Erh\u00fcrman, halk\u0131n, tarihin","og_url":"https:\/\/kibrisdakik.com\/?p=12642","article_published_time":"2023-08-24T23:22:25+00:00","og_image":[{"width":670,"height":310,"url":"https:\/\/kibrisdakik.com\/wp-content\/uploads\/2023\/08\/safafafa.jpg","type":"image\/jpeg"}],"author":"admin","twitter_card":"summary_large_image","twitter_misc":{"Yazan:":"admin","Tahmini okuma s\u00fcresi":"4 dakika"},"schema":{"@context":"https:\/\/schema.org","@graph":[{"@type":"Article","@id":"https:\/\/kibrisdakik.com\/?p=12642#article","isPartOf":{"@id":"https:\/\/kibrisdakik.com\/?p=12642"},"author":{"name":"admin","@id":"https:\/\/kibrisdakik.com\/#\/schema\/person\/9cd9d437bbb44f72b73ba127e06d8e79"},"headline":"Erh\u00fcrman ele\u015ftirdi, Ba\u015fbakan \u00dcstel yan\u0131tlad\u0131","datePublished":"2023-08-24T23:22:25+00:00","mainEntityOfPage":{"@id":"https:\/\/kibrisdakik.com\/?p=12642"},"wordCount":758,"commentCount":0,"image":{"@id":"https:\/\/kibrisdakik.com\/?p=12642#primaryimage"},"thumbnailUrl":"https:\/\/kibrisdakik.com\/wp-content\/uploads\/2023\/08\/safafafa.jpg","articleSection":["G\u00fcndem"],"inLanguage":"tr","potentialAction":[{"@type":"CommentAction","name":"Comment","target":["https:\/\/kibrisdakik.com\/?p=12642#respond"]}]},{"@type":"WebPage","@id":"https:\/\/kibrisdakik.com\/?p=12642","url":"https:\/\/kibrisdakik.com\/?p=12642","name":"Erh\u00fcrman ele\u015ftirdi, Ba\u015fbakan \u00dcstel yan\u0131tlad\u0131 -","isPartOf":{"@id":"https:\/\/kibrisdakik.com\/#website"},"primaryImageOfPage":{"@id":"https:\/\/kibrisdakik.com\/?p=12642#primaryimage"},"image":{"@id":"https:\/\/kibrisdakik.com\/?p=12642#primaryimage"},"thumbnailUrl":"https:\/\/kibrisdakik.com\/wp-content\/uploads\/2023\/08\/safafafa.jpg","datePublished":"2023-08-24T23:22:25+00:00","author":{"@id":"https:\/\/kibrisdakik.com\/#\/schema\/person\/9cd9d437bbb44f72b73ba127e06d8e79"},"breadcrumb":{"@id":"https:\/\/kibrisdakik.com\/?p=12642#breadcrumb"},"inLanguage":"tr","potentialAction":[{"@type":"ReadAction","target":["https:\/\/kibrisdakik.com\/?p=12642"]}]},{"@type":"ImageObject","inLanguage":"tr","@id":"https:\/\/kibrisdakik.com\/?p=12642#primaryimage","url":"https:\/\/kibrisdakik.com\/wp-content\/uploads\/2023\/08\/safafafa.jpg","contentUrl":"https:\/\/kibrisdakik.com\/wp-content\/uploads\/2023\/08\/safafafa.jpg","width":670,"height":310},{"@type":"BreadcrumbList","@id":"https:\/\/kibrisdakik.com\/?p=12642#breadcrumb","itemListElement":[{"@type":"ListItem","position":1,"name":"Home","item":"https:\/\/kibrisdakik.com\/"},{"@type":"ListItem","position":2,"name":"Erh\u00fcrman ele\u015ftirdi, Ba\u015fbakan \u00dcstel yan\u0131tlad\u0131"}]},{"@type":"WebSite","@id":"https:\/\/kibrisdakik.com\/#website","url":"https:\/\/kibrisdakik.com\/","name":"","description":"Tam vaktinde haber","potentialAction":[{"@type":"SearchAction","target":{"@type":"EntryPoint","urlTemplate":"https:\/\/kibrisdakik.com\/?s={search_term_string}"},"query-input":{"@type":"PropertyValueSpecification","valueRequired":true,"valueName":"search_term_string"}}],"inLanguage":"tr"},{"@type":"Person","@id":"https:\/\/kibrisdakik.com\/#\/schema\/person\/9cd9d437bbb44f72b73ba127e06d8e79","name":"admin","image":{"@type":"ImageObject","inLanguage":"tr","@id":"https:\/\/secure.gravatar.com\/avatar\/ccc17943b9d660506c869530f897617f7cb1c21a4bf30023f252596d83e1f007?s=96&d=mm&r=g","url":"https:\/\/secure.gravatar.com\/avatar\/ccc17943b9d660506c869530f897617f7cb1c21a4bf30023f252596d83e1f007?s=96&d=mm&r=g","contentUrl":"https:\/\/secure.gravatar.com\/avatar\/ccc17943b9d660506c869530f897617f7cb1c21a4bf30023f252596d83e1f007?s=96&d=mm&r=g","caption":"admin"},"sameAs":["https:\/\/kibrisdakik.com"],"url":"https:\/\/kibrisdakik.com\/?author=1"}]}},"_links":{"self":[{"href":"https:\/\/kibrisdakik.com\/index.php?rest_route=\/wp\/v2\/posts\/12642","targetHints":{"allow":["GET"]}}],"collection":[{"href":"https:\/\/kibrisdakik.com\/index.php?rest_route=\/wp\/v2\/posts"}],"about":[{"href":"https:\/\/kibrisdakik.com\/index.php?rest_route=\/wp\/v2\/types\/post"}],"author":[{"embeddable":true,"href":"https:\/\/kibrisdakik.com\/index.php?rest_route=\/wp\/v2\/users\/1"}],"replies":[{"embeddable":true,"href":"https:\/\/kibrisdakik.com\/index.php?rest_route=%2Fwp%2Fv2%2Fcomments&post=12642"}],"version-history":[{"count":0,"href":"https:\/\/kibrisdakik.com\/index.php?rest_route=\/wp\/v2\/posts\/12642\/revisions"}],"wp:featuredmedia":[{"embeddable":true,"href":"https:\/\/kibrisdakik.com\/index.php?rest_route=\/wp\/v2\/media\/12643"}],"wp:attachment":[{"href":"https:\/\/kibrisdakik.com\/index.php?rest_route=%2Fwp%2Fv2%2Fmedia&parent=12642"}],"wp:term":[{"taxonomy":"category","embeddable":true,"href":"https:\/\/kibrisdakik.com\/index.php?rest_route=%2Fwp%2Fv2%2Fcategories&post=12642"},{"taxonomy":"post_tag","embeddable":true,"href":"https:\/\/kibrisdakik.com\/index.php?rest_route=%2Fwp%2Fv2%2Ftags&post=12642"}],"curies":[{"name":"wp","href":"https:\/\/api.w.org\/{rel}","templated":true}]}}