{"id":12669,"date":"2023-08-25T14:41:22","date_gmt":"2023-08-25T14:41:22","guid":{"rendered":"https:\/\/kibrisdakik.com\/index.php\/2023\/08\/25\/ubp-grup-baskanvekilliklerine-savasan-ve-atun-secildi\/"},"modified":"2023-08-25T14:41:22","modified_gmt":"2023-08-25T14:41:22","slug":"ubp-grup-baskanvekilliklerine-savasan-ve-atun-secildi","status":"publish","type":"post","link":"https:\/\/kibrisdakik.com\/?p=12669","title":{"rendered":"UBP Grup Ba\u015fkanvekilliklerine Sava\u015fan ve Atun se\u00e7ildi"},"content":{"rendered":"<p><\/p>\n<div>\n<div class=\"mariselle-image-container center\">\n                <img width=\"676\" height=\"381\" class=\"lazy-image\" alt=\"\" decoding=\"async\" loading=\"lazy\" sizes=\"auto, (max-width: 676px) 100vw, 676px\" src=\"https:\/\/brtk.net\/wp-content\/uploads\/2023\/08\/25\/9f460d1a-33b7-4209-880a-e2de180d10a1.jpg?ver=8daf1734e5c95d3c96b6384423855226\" srcset=\"https:\/\/brtk.net\/wp-content\/uploads\/2023\/08\/25\/9f460d1a-33b7-4209-880a-e2de180d10a1.jpg?ver=8daf1734e5c95d3c96b6384423855226 676w, https:\/\/brtk.net\/wp-content\/uploads\/2023\/08\/25\/9f460d1a-33b7-4209-880a-e2de180d10a1-300x169.jpg?ver=508ef14a38bde6d4285dee64807d8343 300w\"\/>                            <\/div>\n<p><a href=\"https:\/\/brtk.net\/\"\/><a href=\"https:\/\/brtk.net\/\"\/><a href=\"https:\/\/brtk.net\/\"\/><a href=\"https:\/\/brtk.net\/\">UBP<\/a> Grubu \u00d6zdemir Berova ile Hakan Din\u00e7y\u00fcrek\u2019in bakan olmalar\u0131ndan \u00f6t\u00fcr\u00fc bo\u015falan <a href=\"https:\/\/brtk.net\/\"\/><a href=\"https:\/\/brtk.net\/\"\/><a href=\"https:\/\/brtk.net\/\"\/><a href=\"https:\/\/brtk.net\/\">UBP<\/a> Grup Ba\u015fkanvekilliklerini se\u00e7mek \u00fczere <a href=\"https:\/\/brtk.net\/\"\/><a href=\"https:\/\/brtk.net\/\"\/><a href=\"https:\/\/brtk.net\/\"\/><a href=\"https:\/\/brtk.net\/\">UBP<\/a> Genel Ba\u015fkan\u0131, Ba\u015fbakan \u00dcnal \u00dcstel Ba\u015fkanl\u0131\u011f\u0131nda topland\u0131.<\/p>\n<p>Yap\u0131lan toplant\u0131da Lefko\u015fa Milletvekili Ahmet Sava\u015fan ile Gazima\u011fusa Milletvekili Sunat Atun oy birli\u011fi ile <a href=\"https:\/\/brtk.net\/\"\/><a href=\"https:\/\/brtk.net\/\"\/><a href=\"https:\/\/brtk.net\/\"\/><a href=\"https:\/\/brtk.net\/\">UBP<\/a> Grup Ba\u015fkanvekilleri olarak se\u00e7ildi.<\/p>\n<p>Lefko\u015fa Milletvekili Ahmet Sava\u015fan ile Gazima\u011fusa Milletvekili Sunat Atun\u2019un <a href=\"https:\/\/brtk.net\/\"\/><a href=\"https:\/\/brtk.net\/\"\/><a href=\"https:\/\/brtk.net\/\"\/><a href=\"https:\/\/brtk.net\/\">UBP<\/a> Grup Ba\u015fkanvekili oldu\u011funa y\u00f6nelik teskere Bakanlar Kurulu\u2019nun istemi \u00fczerine 25 A\u011fustos 2023 tarihinde ola\u011fan\u00fcst\u00fc toplanan Cumhuriyet Meclisi Genel Kurulunda okutularak resmile\u015fti.<\/p>\n<\/p><\/div>\n","protected":false},"excerpt":{"rendered":"<p>UBP Grubu \u00d6zdemir Berova ile Hakan Din\u00e7y\u00fcrek\u2019in bakan olmalar\u0131ndan \u00f6t\u00fcr\u00fc bo\u015falan UBP Grup Ba\u015fkanvekilliklerini se\u00e7mek \u00fczere UBP Genel Ba\u015fkan\u0131, Ba\u015fbakan \u00dcnal \u00dcstel Ba\u015fkanl\u0131\u011f\u0131nda topland\u0131. Yap\u0131lan toplant\u0131da Lefko\u015fa Milletvekili Ahmet Sava\u015fan ile Gazima\u011fusa Milletvekili Sunat Atun oy birli\u011fi ile UBP Grup Ba\u015fkanvekilleri olarak se\u00e7ildi. Lefko\u015fa Milletvekili Ahmet Sava\u015fan ile Gazima\u011fusa Milletvekili Sunat Atun\u2019un UBP Grup Ba\u015fkanvekili<\/p>\n","protected":false},"author":1,"featured_media":12670,"comment_status":"open","ping_status":"open","sticky":false,"template":"","format":"standard","meta":{"footnotes":""},"categories":[1],"tags":[],"class_list":["post-12669","post","type-post","status-publish","format-standard","has-post-thumbnail","hentry","category-gundem"],"yoast_head":"<!-- This site is optimized with the Yoast SEO plugin v27.5 - https:\/\/yoast.com\/product\/yoast-seo-wordpress\/ -->\n<title>UBP Grup Ba\u015fkanvekilliklerine Sava\u015fan ve Atun se\u00e7ildi -<\/title>\n<meta name=\"robots\" content=\"index, follow, max-snippet:-1, max-image-preview:large, max-video-preview:-1\" \/>\n<link rel=\"canonical\" href=\"https:\/\/kibrisdakik.com\/?p=12669\" \/>\n<meta property=\"og:locale\" content=\"tr_TR\" \/>\n<meta property=\"og:type\" content=\"article\" \/>\n<meta property=\"og:title\" content=\"UBP Grup Ba\u015fkanvekilliklerine Sava\u015fan ve Atun se\u00e7ildi -\" \/>\n<meta property=\"og:description\" content=\"UBP Grubu \u00d6zdemir Berova ile Hakan Din\u00e7y\u00fcrek\u2019in bakan olmalar\u0131ndan \u00f6t\u00fcr\u00fc bo\u015falan UBP Grup Ba\u015fkanvekilliklerini se\u00e7mek \u00fczere UBP Genel Ba\u015fkan\u0131, Ba\u015fbakan \u00dcnal \u00dcstel Ba\u015fkanl\u0131\u011f\u0131nda topland\u0131. Yap\u0131lan toplant\u0131da Lefko\u015fa Milletvekili Ahmet Sava\u015fan ile Gazima\u011fusa Milletvekili Sunat Atun oy birli\u011fi ile UBP Grup Ba\u015fkanvekilleri olarak se\u00e7ildi. Lefko\u015fa Milletvekili Ahmet Sava\u015fan ile Gazima\u011fusa Milletvekili Sunat Atun\u2019un UBP Grup Ba\u015fkanvekili\" \/>\n<meta property=\"og:url\" content=\"https:\/\/kibrisdakik.com\/?p=12669\" \/>\n<meta property=\"article:published_time\" content=\"2023-08-25T14:41:22+00:00\" \/>\n<meta property=\"og:image\" content=\"https:\/\/kibrisdakik.com\/wp-content\/uploads\/2023\/08\/9f460d1a-33b7-4209-880a-e2de180d10a1.jpg\" \/>\n\t<meta property=\"og:image:width\" content=\"676\" \/>\n\t<meta property=\"og:image:height\" content=\"381\" \/>\n\t<meta property=\"og:image:type\" content=\"image\/jpeg\" \/>\n<meta name=\"author\" content=\"admin\" \/>\n<meta name=\"twitter:card\" content=\"summary_large_image\" \/>\n<meta name=\"twitter:label1\" content=\"Yazan:\" \/>\n\t<meta name=\"twitter:data1\" content=\"admin\" \/>\n\t<meta name=\"twitter:label2\" content=\"Tahmini okuma s\u00fcresi\" \/>\n\t<meta name=\"twitter:data2\" content=\"1 dakika\" \/>\n<script type=\"application\/ld+json\" class=\"yoast-schema-graph\">{\"@context\":\"https:\\\/\\\/schema.org\",\"@graph\":[{\"@type\":\"Article\",\"@id\":\"https:\\\/\\\/kibrisdakik.com\\\/?p=12669#article\",\"isPartOf\":{\"@id\":\"https:\\\/\\\/kibrisdakik.com\\\/?p=12669\"},\"author\":{\"name\":\"admin\",\"@id\":\"https:\\\/\\\/kibrisdakik.com\\\/#\\\/schema\\\/person\\\/9cd9d437bbb44f72b73ba127e06d8e79\"},\"headline\":\"UBP Grup Ba\u015fkanvekilliklerine Sava\u015fan ve Atun se\u00e7ildi\",\"datePublished\":\"2023-08-25T14:41:22+00:00\",\"mainEntityOfPage\":{\"@id\":\"https:\\\/\\\/kibrisdakik.com\\\/?p=12669\"},\"wordCount\":114,\"commentCount\":0,\"image\":{\"@id\":\"https:\\\/\\\/kibrisdakik.com\\\/?p=12669#primaryimage\"},\"thumbnailUrl\":\"https:\\\/\\\/kibrisdakik.com\\\/wp-content\\\/uploads\\\/2023\\\/08\\\/9f460d1a-33b7-4209-880a-e2de180d10a1.jpg\",\"articleSection\":[\"G\u00fcndem\"],\"inLanguage\":\"tr\",\"potentialAction\":[{\"@type\":\"CommentAction\",\"name\":\"Comment\",\"target\":[\"https:\\\/\\\/kibrisdakik.com\\\/?p=12669#respond\"]}]},{\"@type\":\"WebPage\",\"@id\":\"https:\\\/\\\/kibrisdakik.com\\\/?p=12669\",\"url\":\"https:\\\/\\\/kibrisdakik.com\\\/?p=12669\",\"name\":\"UBP Grup Ba\u015fkanvekilliklerine Sava\u015fan ve Atun se\u00e7ildi -\",\"isPartOf\":{\"@id\":\"https:\\\/\\\/kibrisdakik.com\\\/#website\"},\"primaryImageOfPage\":{\"@id\":\"https:\\\/\\\/kibrisdakik.com\\\/?p=12669#primaryimage\"},\"image\":{\"@id\":\"https:\\\/\\\/kibrisdakik.com\\\/?p=12669#primaryimage\"},\"thumbnailUrl\":\"https:\\\/\\\/kibrisdakik.com\\\/wp-content\\\/uploads\\\/2023\\\/08\\\/9f460d1a-33b7-4209-880a-e2de180d10a1.jpg\",\"datePublished\":\"2023-08-25T14:41:22+00:00\",\"author\":{\"@id\":\"https:\\\/\\\/kibrisdakik.com\\\/#\\\/schema\\\/person\\\/9cd9d437bbb44f72b73ba127e06d8e79\"},\"breadcrumb\":{\"@id\":\"https:\\\/\\\/kibrisdakik.com\\\/?p=12669#breadcrumb\"},\"inLanguage\":\"tr\",\"potentialAction\":[{\"@type\":\"ReadAction\",\"target\":[\"https:\\\/\\\/kibrisdakik.com\\\/?p=12669\"]}]},{\"@type\":\"ImageObject\",\"inLanguage\":\"tr\",\"@id\":\"https:\\\/\\\/kibrisdakik.com\\\/?p=12669#primaryimage\",\"url\":\"https:\\\/\\\/kibrisdakik.com\\\/wp-content\\\/uploads\\\/2023\\\/08\\\/9f460d1a-33b7-4209-880a-e2de180d10a1.jpg\",\"contentUrl\":\"https:\\\/\\\/kibrisdakik.com\\\/wp-content\\\/uploads\\\/2023\\\/08\\\/9f460d1a-33b7-4209-880a-e2de180d10a1.jpg\",\"width\":676,\"height\":381},{\"@type\":\"BreadcrumbList\",\"@id\":\"https:\\\/\\\/kibrisdakik.com\\\/?p=12669#breadcrumb\",\"itemListElement\":[{\"@type\":\"ListItem\",\"position\":1,\"name\":\"Home\",\"item\":\"https:\\\/\\\/kibrisdakik.com\\\/\"},{\"@type\":\"ListItem\",\"position\":2,\"name\":\"UBP Grup Ba\u015fkanvekilliklerine Sava\u015fan ve Atun se\u00e7ildi\"}]},{\"@type\":\"WebSite\",\"@id\":\"https:\\\/\\\/kibrisdakik.com\\\/#website\",\"url\":\"https:\\\/\\\/kibrisdakik.com\\\/\",\"name\":\"\",\"description\":\"Tam vaktinde haber\",\"potentialAction\":[{\"@type\":\"SearchAction\",\"target\":{\"@type\":\"EntryPoint\",\"urlTemplate\":\"https:\\\/\\\/kibrisdakik.com\\\/?s={search_term_string}\"},\"query-input\":{\"@type\":\"PropertyValueSpecification\",\"valueRequired\":true,\"valueName\":\"search_term_string\"}}],\"inLanguage\":\"tr\"},{\"@type\":\"Person\",\"@id\":\"https:\\\/\\\/kibrisdakik.com\\\/#\\\/schema\\\/person\\\/9cd9d437bbb44f72b73ba127e06d8e79\",\"name\":\"admin\",\"image\":{\"@type\":\"ImageObject\",\"inLanguage\":\"tr\",\"@id\":\"https:\\\/\\\/secure.gravatar.com\\\/avatar\\\/ccc17943b9d660506c869530f897617f7cb1c21a4bf30023f252596d83e1f007?s=96&d=mm&r=g\",\"url\":\"https:\\\/\\\/secure.gravatar.com\\\/avatar\\\/ccc17943b9d660506c869530f897617f7cb1c21a4bf30023f252596d83e1f007?s=96&d=mm&r=g\",\"contentUrl\":\"https:\\\/\\\/secure.gravatar.com\\\/avatar\\\/ccc17943b9d660506c869530f897617f7cb1c21a4bf30023f252596d83e1f007?s=96&d=mm&r=g\",\"caption\":\"admin\"},\"sameAs\":[\"https:\\\/\\\/kibrisdakik.com\"],\"url\":\"https:\\\/\\\/kibrisdakik.com\\\/?author=1\"}]}<\/script>\n<!-- \/ Yoast SEO plugin. -->","yoast_head_json":{"title":"UBP Grup Ba\u015fkanvekilliklerine Sava\u015fan ve Atun se\u00e7ildi -","robots":{"index":"index","follow":"follow","max-snippet":"max-snippet:-1","max-image-preview":"max-image-preview:large","max-video-preview":"max-video-preview:-1"},"canonical":"https:\/\/kibrisdakik.com\/?p=12669","og_locale":"tr_TR","og_type":"article","og_title":"UBP Grup Ba\u015fkanvekilliklerine Sava\u015fan ve Atun se\u00e7ildi -","og_description":"UBP Grubu \u00d6zdemir Berova ile Hakan Din\u00e7y\u00fcrek\u2019in bakan olmalar\u0131ndan \u00f6t\u00fcr\u00fc bo\u015falan UBP Grup Ba\u015fkanvekilliklerini se\u00e7mek \u00fczere UBP Genel Ba\u015fkan\u0131, Ba\u015fbakan \u00dcnal \u00dcstel Ba\u015fkanl\u0131\u011f\u0131nda topland\u0131. Yap\u0131lan toplant\u0131da Lefko\u015fa Milletvekili Ahmet Sava\u015fan ile Gazima\u011fusa Milletvekili Sunat Atun oy birli\u011fi ile UBP Grup Ba\u015fkanvekilleri olarak se\u00e7ildi. Lefko\u015fa Milletvekili Ahmet Sava\u015fan ile Gazima\u011fusa Milletvekili Sunat Atun\u2019un UBP Grup Ba\u015fkanvekili","og_url":"https:\/\/kibrisdakik.com\/?p=12669","article_published_time":"2023-08-25T14:41:22+00:00","og_image":[{"width":676,"height":381,"url":"https:\/\/kibrisdakik.com\/wp-content\/uploads\/2023\/08\/9f460d1a-33b7-4209-880a-e2de180d10a1.jpg","type":"image\/jpeg"}],"author":"admin","twitter_card":"summary_large_image","twitter_misc":{"Yazan:":"admin","Tahmini okuma s\u00fcresi":"1 dakika"},"schema":{"@context":"https:\/\/schema.org","@graph":[{"@type":"Article","@id":"https:\/\/kibrisdakik.com\/?p=12669#article","isPartOf":{"@id":"https:\/\/kibrisdakik.com\/?p=12669"},"author":{"name":"admin","@id":"https:\/\/kibrisdakik.com\/#\/schema\/person\/9cd9d437bbb44f72b73ba127e06d8e79"},"headline":"UBP Grup Ba\u015fkanvekilliklerine Sava\u015fan ve Atun se\u00e7ildi","datePublished":"2023-08-25T14:41:22+00:00","mainEntityOfPage":{"@id":"https:\/\/kibrisdakik.com\/?p=12669"},"wordCount":114,"commentCount":0,"image":{"@id":"https:\/\/kibrisdakik.com\/?p=12669#primaryimage"},"thumbnailUrl":"https:\/\/kibrisdakik.com\/wp-content\/uploads\/2023\/08\/9f460d1a-33b7-4209-880a-e2de180d10a1.jpg","articleSection":["G\u00fcndem"],"inLanguage":"tr","potentialAction":[{"@type":"CommentAction","name":"Comment","target":["https:\/\/kibrisdakik.com\/?p=12669#respond"]}]},{"@type":"WebPage","@id":"https:\/\/kibrisdakik.com\/?p=12669","url":"https:\/\/kibrisdakik.com\/?p=12669","name":"UBP Grup Ba\u015fkanvekilliklerine Sava\u015fan ve Atun se\u00e7ildi -","isPartOf":{"@id":"https:\/\/kibrisdakik.com\/#website"},"primaryImageOfPage":{"@id":"https:\/\/kibrisdakik.com\/?p=12669#primaryimage"},"image":{"@id":"https:\/\/kibrisdakik.com\/?p=12669#primaryimage"},"thumbnailUrl":"https:\/\/kibrisdakik.com\/wp-content\/uploads\/2023\/08\/9f460d1a-33b7-4209-880a-e2de180d10a1.jpg","datePublished":"2023-08-25T14:41:22+00:00","author":{"@id":"https:\/\/kibrisdakik.com\/#\/schema\/person\/9cd9d437bbb44f72b73ba127e06d8e79"},"breadcrumb":{"@id":"https:\/\/kibrisdakik.com\/?p=12669#breadcrumb"},"inLanguage":"tr","potentialAction":[{"@type":"ReadAction","target":["https:\/\/kibrisdakik.com\/?p=12669"]}]},{"@type":"ImageObject","inLanguage":"tr","@id":"https:\/\/kibrisdakik.com\/?p=12669#primaryimage","url":"https:\/\/kibrisdakik.com\/wp-content\/uploads\/2023\/08\/9f460d1a-33b7-4209-880a-e2de180d10a1.jpg","contentUrl":"https:\/\/kibrisdakik.com\/wp-content\/uploads\/2023\/08\/9f460d1a-33b7-4209-880a-e2de180d10a1.jpg","width":676,"height":381},{"@type":"BreadcrumbList","@id":"https:\/\/kibrisdakik.com\/?p=12669#breadcrumb","itemListElement":[{"@type":"ListItem","position":1,"name":"Home","item":"https:\/\/kibrisdakik.com\/"},{"@type":"ListItem","position":2,"name":"UBP Grup Ba\u015fkanvekilliklerine Sava\u015fan ve Atun se\u00e7ildi"}]},{"@type":"WebSite","@id":"https:\/\/kibrisdakik.com\/#website","url":"https:\/\/kibrisdakik.com\/","name":"","description":"Tam vaktinde haber","potentialAction":[{"@type":"SearchAction","target":{"@type":"EntryPoint","urlTemplate":"https:\/\/kibrisdakik.com\/?s={search_term_string}"},"query-input":{"@type":"PropertyValueSpecification","valueRequired":true,"valueName":"search_term_string"}}],"inLanguage":"tr"},{"@type":"Person","@id":"https:\/\/kibrisdakik.com\/#\/schema\/person\/9cd9d437bbb44f72b73ba127e06d8e79","name":"admin","image":{"@type":"ImageObject","inLanguage":"tr","@id":"https:\/\/secure.gravatar.com\/avatar\/ccc17943b9d660506c869530f897617f7cb1c21a4bf30023f252596d83e1f007?s=96&d=mm&r=g","url":"https:\/\/secure.gravatar.com\/avatar\/ccc17943b9d660506c869530f897617f7cb1c21a4bf30023f252596d83e1f007?s=96&d=mm&r=g","contentUrl":"https:\/\/secure.gravatar.com\/avatar\/ccc17943b9d660506c869530f897617f7cb1c21a4bf30023f252596d83e1f007?s=96&d=mm&r=g","caption":"admin"},"sameAs":["https:\/\/kibrisdakik.com"],"url":"https:\/\/kibrisdakik.com\/?author=1"}]}},"_links":{"self":[{"href":"https:\/\/kibrisdakik.com\/index.php?rest_route=\/wp\/v2\/posts\/12669","targetHints":{"allow":["GET"]}}],"collection":[{"href":"https:\/\/kibrisdakik.com\/index.php?rest_route=\/wp\/v2\/posts"}],"about":[{"href":"https:\/\/kibrisdakik.com\/index.php?rest_route=\/wp\/v2\/types\/post"}],"author":[{"embeddable":true,"href":"https:\/\/kibrisdakik.com\/index.php?rest_route=\/wp\/v2\/users\/1"}],"replies":[{"embeddable":true,"href":"https:\/\/kibrisdakik.com\/index.php?rest_route=%2Fwp%2Fv2%2Fcomments&post=12669"}],"version-history":[{"count":0,"href":"https:\/\/kibrisdakik.com\/index.php?rest_route=\/wp\/v2\/posts\/12669\/revisions"}],"wp:featuredmedia":[{"embeddable":true,"href":"https:\/\/kibrisdakik.com\/index.php?rest_route=\/wp\/v2\/media\/12670"}],"wp:attachment":[{"href":"https:\/\/kibrisdakik.com\/index.php?rest_route=%2Fwp%2Fv2%2Fmedia&parent=12669"}],"wp:term":[{"taxonomy":"category","embeddable":true,"href":"https:\/\/kibrisdakik.com\/index.php?rest_route=%2Fwp%2Fv2%2Fcategories&post=12669"},{"taxonomy":"post_tag","embeddable":true,"href":"https:\/\/kibrisdakik.com\/index.php?rest_route=%2Fwp%2Fv2%2Ftags&post=12669"}],"curies":[{"name":"wp","href":"https:\/\/api.w.org\/{rel}","templated":true}]}}