{"id":12710,"date":"2023-08-26T11:10:50","date_gmt":"2023-08-26T11:10:50","guid":{"rendered":"https:\/\/kibrisdakik.com\/index.php\/2023\/08\/26\/manga-sikintilarin-cozulmesine-yonelik-yasa-tasarisi-meclise-gonderilecek\/"},"modified":"2023-08-26T11:10:50","modified_gmt":"2023-08-26T11:10:50","slug":"manga-sikintilarin-cozulmesine-yonelik-yasa-tasarisi-meclise-gonderilecek","status":"publish","type":"post","link":"https:\/\/kibrisdakik.com\/?p=12710","title":{"rendered":"Manga: S\u0131k\u0131nt\u0131lar\u0131n \u00e7\u00f6z\u00fclmesine y\u00f6nelik yasa tasar\u0131s\u0131 Meclis\u2019e g\u00f6nderilecek"},"content":{"rendered":"<p><\/p>\n<div>\n<p>K\u0131br\u0131s T\u00fcrk Memur Sendikas\u0131, kamuda ge\u00e7ici stat\u00fcde \u00e7al\u0131\u015fanlar\u0131n\u00a0 s\u0131k\u0131nt\u0131lar\u0131n\u0131n \u00e7\u00f6z\u00fclmesine y\u00f6nelik yasa tasar\u0131s\u0131 konusunda a\u00e7\u0131klama yapt\u0131.Sendika Ba\u015fkan\u0131 Ak\u0131n Manga, yasa tasar\u0131s\u0131n\u0131n Cumhuriyet Meclisi\u2019nin ilgili komitesinde ele al\u0131naca\u011f\u0131n\u0131 duyurdu.<\/p>\n<p>Yasa tasar\u0131s\u0131 konusunda Ba\u015fbakanl\u0131k ile yap\u0131lan \u00e7al\u0131\u015fmalar sonucunda mutabakata var\u0131ld\u0131\u011f\u0131n\u0131 belirten Ak\u0131n Manga, <a href=\"https:\/\/brtk.net\/\">UBP<\/a> Milletvekili Hasan K\u00fc\u00e7\u00fck\u2019\u00fcn, tasar\u0131y\u0131 Meclisinin ilgili Komitesine g\u00f6nderece\u011fini ifade etti.<\/p>\n<p>Manga, konu tasar\u0131n\u0131n yasala\u015fmas\u0131 ile 2014\u2019ten sonra bu stat\u00fclerde \u00e7al\u0131\u015fanlar\u0131n terfi yollar\u0131n\u0131n a\u00e7\u0131laca\u011f\u0131n\u0131, diplomalar\u0131n\u0131n de\u011ferlendirilerek barem d\u00fczenlemelerinin yap\u0131laca\u011f\u0131n\u0131 ve m\u00fcnhallere ba\u015fvuru yollar\u0131n\u0131n da a\u00e7\u0131laca\u011f\u0131n\u0131 kaydetti.<\/p>\n<\/p><\/div>\n","protected":false},"excerpt":{"rendered":"<p>K\u0131br\u0131s T\u00fcrk Memur Sendikas\u0131, kamuda ge\u00e7ici stat\u00fcde \u00e7al\u0131\u015fanlar\u0131n\u00a0 s\u0131k\u0131nt\u0131lar\u0131n\u0131n \u00e7\u00f6z\u00fclmesine y\u00f6nelik yasa tasar\u0131s\u0131 konusunda a\u00e7\u0131klama yapt\u0131.Sendika Ba\u015fkan\u0131 Ak\u0131n Manga, yasa tasar\u0131s\u0131n\u0131n Cumhuriyet Meclisi\u2019nin ilgili komitesinde ele al\u0131naca\u011f\u0131n\u0131 duyurdu. Yasa tasar\u0131s\u0131 konusunda Ba\u015fbakanl\u0131k ile yap\u0131lan \u00e7al\u0131\u015fmalar sonucunda mutabakata var\u0131ld\u0131\u011f\u0131n\u0131 belirten Ak\u0131n Manga, UBP Milletvekili Hasan K\u00fc\u00e7\u00fck\u2019\u00fcn, tasar\u0131y\u0131 Meclisinin ilgili Komitesine g\u00f6nderece\u011fini ifade etti. Manga, konu tasar\u0131n\u0131n<\/p>\n","protected":false},"author":1,"featured_media":11735,"comment_status":"open","ping_status":"open","sticky":false,"template":"","format":"standard","meta":{"footnotes":""},"categories":[1],"tags":[],"class_list":["post-12710","post","type-post","status-publish","format-standard","has-post-thumbnail","hentry","category-gundem"],"yoast_head":"<!-- This site is optimized with the Yoast SEO plugin v27.5 - https:\/\/yoast.com\/product\/yoast-seo-wordpress\/ -->\n<title>Manga: S\u0131k\u0131nt\u0131lar\u0131n \u00e7\u00f6z\u00fclmesine y\u00f6nelik yasa tasar\u0131s\u0131 Meclis\u2019e g\u00f6nderilecek -<\/title>\n<meta name=\"robots\" content=\"index, follow, max-snippet:-1, max-image-preview:large, max-video-preview:-1\" \/>\n<link rel=\"canonical\" href=\"https:\/\/kibrisdakik.com\/?p=12710\" \/>\n<meta property=\"og:locale\" content=\"tr_TR\" \/>\n<meta property=\"og:type\" content=\"article\" \/>\n<meta property=\"og:title\" content=\"Manga: S\u0131k\u0131nt\u0131lar\u0131n \u00e7\u00f6z\u00fclmesine y\u00f6nelik yasa tasar\u0131s\u0131 Meclis\u2019e g\u00f6nderilecek -\" \/>\n<meta property=\"og:description\" content=\"K\u0131br\u0131s T\u00fcrk Memur Sendikas\u0131, kamuda ge\u00e7ici stat\u00fcde \u00e7al\u0131\u015fanlar\u0131n\u00a0 s\u0131k\u0131nt\u0131lar\u0131n\u0131n \u00e7\u00f6z\u00fclmesine y\u00f6nelik yasa tasar\u0131s\u0131 konusunda a\u00e7\u0131klama yapt\u0131.Sendika Ba\u015fkan\u0131 Ak\u0131n Manga, yasa tasar\u0131s\u0131n\u0131n Cumhuriyet Meclisi\u2019nin ilgili komitesinde ele al\u0131naca\u011f\u0131n\u0131 duyurdu. Yasa tasar\u0131s\u0131 konusunda Ba\u015fbakanl\u0131k ile yap\u0131lan \u00e7al\u0131\u015fmalar sonucunda mutabakata var\u0131ld\u0131\u011f\u0131n\u0131 belirten Ak\u0131n Manga, UBP Milletvekili Hasan K\u00fc\u00e7\u00fck\u2019\u00fcn, tasar\u0131y\u0131 Meclisinin ilgili Komitesine g\u00f6nderece\u011fini ifade etti. Manga, konu tasar\u0131n\u0131n\" \/>\n<meta property=\"og:url\" content=\"https:\/\/kibrisdakik.com\/?p=12710\" \/>\n<meta property=\"article:published_time\" content=\"2023-08-26T11:10:50+00:00\" \/>\n<meta property=\"og:image\" content=\"https:\/\/kibrisdakik.com\/wp-content\/uploads\/2023\/08\/memur-sen-tc-kktc-arasinda-imzalanan-anlasmadan-memnun-h102405-89810.jpg\" \/>\n\t<meta property=\"og:image:width\" content=\"652\" \/>\n\t<meta property=\"og:image:height\" content=\"400\" \/>\n\t<meta property=\"og:image:type\" content=\"image\/jpeg\" \/>\n<meta name=\"author\" content=\"admin\" \/>\n<meta name=\"twitter:card\" content=\"summary_large_image\" \/>\n<meta name=\"twitter:label1\" content=\"Yazan:\" \/>\n\t<meta name=\"twitter:data1\" content=\"admin\" \/>\n\t<meta name=\"twitter:label2\" content=\"Tahmini okuma s\u00fcresi\" \/>\n\t<meta name=\"twitter:data2\" content=\"1 dakika\" \/>\n<script type=\"application\/ld+json\" class=\"yoast-schema-graph\">{\"@context\":\"https:\\\/\\\/schema.org\",\"@graph\":[{\"@type\":\"Article\",\"@id\":\"https:\\\/\\\/kibrisdakik.com\\\/?p=12710#article\",\"isPartOf\":{\"@id\":\"https:\\\/\\\/kibrisdakik.com\\\/?p=12710\"},\"author\":{\"name\":\"admin\",\"@id\":\"https:\\\/\\\/kibrisdakik.com\\\/#\\\/schema\\\/person\\\/9cd9d437bbb44f72b73ba127e06d8e79\"},\"headline\":\"Manga: S\u0131k\u0131nt\u0131lar\u0131n \u00e7\u00f6z\u00fclmesine y\u00f6nelik yasa tasar\u0131s\u0131 Meclis\u2019e g\u00f6nderilecek\",\"datePublished\":\"2023-08-26T11:10:50+00:00\",\"mainEntityOfPage\":{\"@id\":\"https:\\\/\\\/kibrisdakik.com\\\/?p=12710\"},\"wordCount\":154,\"commentCount\":0,\"image\":{\"@id\":\"https:\\\/\\\/kibrisdakik.com\\\/?p=12710#primaryimage\"},\"thumbnailUrl\":\"https:\\\/\\\/kibrisdakik.com\\\/wp-content\\\/uploads\\\/2023\\\/08\\\/memur-sen-tc-kktc-arasinda-imzalanan-anlasmadan-memnun-h102405-89810.jpg\",\"articleSection\":[\"G\u00fcndem\"],\"inLanguage\":\"tr\",\"potentialAction\":[{\"@type\":\"CommentAction\",\"name\":\"Comment\",\"target\":[\"https:\\\/\\\/kibrisdakik.com\\\/?p=12710#respond\"]}]},{\"@type\":\"WebPage\",\"@id\":\"https:\\\/\\\/kibrisdakik.com\\\/?p=12710\",\"url\":\"https:\\\/\\\/kibrisdakik.com\\\/?p=12710\",\"name\":\"Manga: S\u0131k\u0131nt\u0131lar\u0131n \u00e7\u00f6z\u00fclmesine y\u00f6nelik yasa tasar\u0131s\u0131 Meclis\u2019e g\u00f6nderilecek -\",\"isPartOf\":{\"@id\":\"https:\\\/\\\/kibrisdakik.com\\\/#website\"},\"primaryImageOfPage\":{\"@id\":\"https:\\\/\\\/kibrisdakik.com\\\/?p=12710#primaryimage\"},\"image\":{\"@id\":\"https:\\\/\\\/kibrisdakik.com\\\/?p=12710#primaryimage\"},\"thumbnailUrl\":\"https:\\\/\\\/kibrisdakik.com\\\/wp-content\\\/uploads\\\/2023\\\/08\\\/memur-sen-tc-kktc-arasinda-imzalanan-anlasmadan-memnun-h102405-89810.jpg\",\"datePublished\":\"2023-08-26T11:10:50+00:00\",\"author\":{\"@id\":\"https:\\\/\\\/kibrisdakik.com\\\/#\\\/schema\\\/person\\\/9cd9d437bbb44f72b73ba127e06d8e79\"},\"breadcrumb\":{\"@id\":\"https:\\\/\\\/kibrisdakik.com\\\/?p=12710#breadcrumb\"},\"inLanguage\":\"tr\",\"potentialAction\":[{\"@type\":\"ReadAction\",\"target\":[\"https:\\\/\\\/kibrisdakik.com\\\/?p=12710\"]}]},{\"@type\":\"ImageObject\",\"inLanguage\":\"tr\",\"@id\":\"https:\\\/\\\/kibrisdakik.com\\\/?p=12710#primaryimage\",\"url\":\"https:\\\/\\\/kibrisdakik.com\\\/wp-content\\\/uploads\\\/2023\\\/08\\\/memur-sen-tc-kktc-arasinda-imzalanan-anlasmadan-memnun-h102405-89810.jpg\",\"contentUrl\":\"https:\\\/\\\/kibrisdakik.com\\\/wp-content\\\/uploads\\\/2023\\\/08\\\/memur-sen-tc-kktc-arasinda-imzalanan-anlasmadan-memnun-h102405-89810.jpg\",\"width\":652,\"height\":400},{\"@type\":\"BreadcrumbList\",\"@id\":\"https:\\\/\\\/kibrisdakik.com\\\/?p=12710#breadcrumb\",\"itemListElement\":[{\"@type\":\"ListItem\",\"position\":1,\"name\":\"Home\",\"item\":\"https:\\\/\\\/kibrisdakik.com\\\/\"},{\"@type\":\"ListItem\",\"position\":2,\"name\":\"Manga: S\u0131k\u0131nt\u0131lar\u0131n \u00e7\u00f6z\u00fclmesine y\u00f6nelik yasa tasar\u0131s\u0131 Meclis\u2019e g\u00f6nderilecek\"}]},{\"@type\":\"WebSite\",\"@id\":\"https:\\\/\\\/kibrisdakik.com\\\/#website\",\"url\":\"https:\\\/\\\/kibrisdakik.com\\\/\",\"name\":\"\",\"description\":\"Tam vaktinde haber\",\"potentialAction\":[{\"@type\":\"SearchAction\",\"target\":{\"@type\":\"EntryPoint\",\"urlTemplate\":\"https:\\\/\\\/kibrisdakik.com\\\/?s={search_term_string}\"},\"query-input\":{\"@type\":\"PropertyValueSpecification\",\"valueRequired\":true,\"valueName\":\"search_term_string\"}}],\"inLanguage\":\"tr\"},{\"@type\":\"Person\",\"@id\":\"https:\\\/\\\/kibrisdakik.com\\\/#\\\/schema\\\/person\\\/9cd9d437bbb44f72b73ba127e06d8e79\",\"name\":\"admin\",\"image\":{\"@type\":\"ImageObject\",\"inLanguage\":\"tr\",\"@id\":\"https:\\\/\\\/secure.gravatar.com\\\/avatar\\\/ccc17943b9d660506c869530f897617f7cb1c21a4bf30023f252596d83e1f007?s=96&d=mm&r=g\",\"url\":\"https:\\\/\\\/secure.gravatar.com\\\/avatar\\\/ccc17943b9d660506c869530f897617f7cb1c21a4bf30023f252596d83e1f007?s=96&d=mm&r=g\",\"contentUrl\":\"https:\\\/\\\/secure.gravatar.com\\\/avatar\\\/ccc17943b9d660506c869530f897617f7cb1c21a4bf30023f252596d83e1f007?s=96&d=mm&r=g\",\"caption\":\"admin\"},\"sameAs\":[\"https:\\\/\\\/kibrisdakik.com\"],\"url\":\"https:\\\/\\\/kibrisdakik.com\\\/?author=1\"}]}<\/script>\n<!-- \/ Yoast SEO plugin. -->","yoast_head_json":{"title":"Manga: S\u0131k\u0131nt\u0131lar\u0131n \u00e7\u00f6z\u00fclmesine y\u00f6nelik yasa tasar\u0131s\u0131 Meclis\u2019e g\u00f6nderilecek -","robots":{"index":"index","follow":"follow","max-snippet":"max-snippet:-1","max-image-preview":"max-image-preview:large","max-video-preview":"max-video-preview:-1"},"canonical":"https:\/\/kibrisdakik.com\/?p=12710","og_locale":"tr_TR","og_type":"article","og_title":"Manga: S\u0131k\u0131nt\u0131lar\u0131n \u00e7\u00f6z\u00fclmesine y\u00f6nelik yasa tasar\u0131s\u0131 Meclis\u2019e g\u00f6nderilecek -","og_description":"K\u0131br\u0131s T\u00fcrk Memur Sendikas\u0131, kamuda ge\u00e7ici stat\u00fcde \u00e7al\u0131\u015fanlar\u0131n\u00a0 s\u0131k\u0131nt\u0131lar\u0131n\u0131n \u00e7\u00f6z\u00fclmesine y\u00f6nelik yasa tasar\u0131s\u0131 konusunda a\u00e7\u0131klama yapt\u0131.Sendika Ba\u015fkan\u0131 Ak\u0131n Manga, yasa tasar\u0131s\u0131n\u0131n Cumhuriyet Meclisi\u2019nin ilgili komitesinde ele al\u0131naca\u011f\u0131n\u0131 duyurdu. Yasa tasar\u0131s\u0131 konusunda Ba\u015fbakanl\u0131k ile yap\u0131lan \u00e7al\u0131\u015fmalar sonucunda mutabakata var\u0131ld\u0131\u011f\u0131n\u0131 belirten Ak\u0131n Manga, UBP Milletvekili Hasan K\u00fc\u00e7\u00fck\u2019\u00fcn, tasar\u0131y\u0131 Meclisinin ilgili Komitesine g\u00f6nderece\u011fini ifade etti. Manga, konu tasar\u0131n\u0131n","og_url":"https:\/\/kibrisdakik.com\/?p=12710","article_published_time":"2023-08-26T11:10:50+00:00","og_image":[{"width":652,"height":400,"url":"https:\/\/kibrisdakik.com\/wp-content\/uploads\/2023\/08\/memur-sen-tc-kktc-arasinda-imzalanan-anlasmadan-memnun-h102405-89810.jpg","type":"image\/jpeg"}],"author":"admin","twitter_card":"summary_large_image","twitter_misc":{"Yazan:":"admin","Tahmini okuma s\u00fcresi":"1 dakika"},"schema":{"@context":"https:\/\/schema.org","@graph":[{"@type":"Article","@id":"https:\/\/kibrisdakik.com\/?p=12710#article","isPartOf":{"@id":"https:\/\/kibrisdakik.com\/?p=12710"},"author":{"name":"admin","@id":"https:\/\/kibrisdakik.com\/#\/schema\/person\/9cd9d437bbb44f72b73ba127e06d8e79"},"headline":"Manga: S\u0131k\u0131nt\u0131lar\u0131n \u00e7\u00f6z\u00fclmesine y\u00f6nelik yasa tasar\u0131s\u0131 Meclis\u2019e g\u00f6nderilecek","datePublished":"2023-08-26T11:10:50+00:00","mainEntityOfPage":{"@id":"https:\/\/kibrisdakik.com\/?p=12710"},"wordCount":154,"commentCount":0,"image":{"@id":"https:\/\/kibrisdakik.com\/?p=12710#primaryimage"},"thumbnailUrl":"https:\/\/kibrisdakik.com\/wp-content\/uploads\/2023\/08\/memur-sen-tc-kktc-arasinda-imzalanan-anlasmadan-memnun-h102405-89810.jpg","articleSection":["G\u00fcndem"],"inLanguage":"tr","potentialAction":[{"@type":"CommentAction","name":"Comment","target":["https:\/\/kibrisdakik.com\/?p=12710#respond"]}]},{"@type":"WebPage","@id":"https:\/\/kibrisdakik.com\/?p=12710","url":"https:\/\/kibrisdakik.com\/?p=12710","name":"Manga: S\u0131k\u0131nt\u0131lar\u0131n \u00e7\u00f6z\u00fclmesine y\u00f6nelik yasa tasar\u0131s\u0131 Meclis\u2019e g\u00f6nderilecek -","isPartOf":{"@id":"https:\/\/kibrisdakik.com\/#website"},"primaryImageOfPage":{"@id":"https:\/\/kibrisdakik.com\/?p=12710#primaryimage"},"image":{"@id":"https:\/\/kibrisdakik.com\/?p=12710#primaryimage"},"thumbnailUrl":"https:\/\/kibrisdakik.com\/wp-content\/uploads\/2023\/08\/memur-sen-tc-kktc-arasinda-imzalanan-anlasmadan-memnun-h102405-89810.jpg","datePublished":"2023-08-26T11:10:50+00:00","author":{"@id":"https:\/\/kibrisdakik.com\/#\/schema\/person\/9cd9d437bbb44f72b73ba127e06d8e79"},"breadcrumb":{"@id":"https:\/\/kibrisdakik.com\/?p=12710#breadcrumb"},"inLanguage":"tr","potentialAction":[{"@type":"ReadAction","target":["https:\/\/kibrisdakik.com\/?p=12710"]}]},{"@type":"ImageObject","inLanguage":"tr","@id":"https:\/\/kibrisdakik.com\/?p=12710#primaryimage","url":"https:\/\/kibrisdakik.com\/wp-content\/uploads\/2023\/08\/memur-sen-tc-kktc-arasinda-imzalanan-anlasmadan-memnun-h102405-89810.jpg","contentUrl":"https:\/\/kibrisdakik.com\/wp-content\/uploads\/2023\/08\/memur-sen-tc-kktc-arasinda-imzalanan-anlasmadan-memnun-h102405-89810.jpg","width":652,"height":400},{"@type":"BreadcrumbList","@id":"https:\/\/kibrisdakik.com\/?p=12710#breadcrumb","itemListElement":[{"@type":"ListItem","position":1,"name":"Home","item":"https:\/\/kibrisdakik.com\/"},{"@type":"ListItem","position":2,"name":"Manga: S\u0131k\u0131nt\u0131lar\u0131n \u00e7\u00f6z\u00fclmesine y\u00f6nelik yasa tasar\u0131s\u0131 Meclis\u2019e g\u00f6nderilecek"}]},{"@type":"WebSite","@id":"https:\/\/kibrisdakik.com\/#website","url":"https:\/\/kibrisdakik.com\/","name":"","description":"Tam vaktinde haber","potentialAction":[{"@type":"SearchAction","target":{"@type":"EntryPoint","urlTemplate":"https:\/\/kibrisdakik.com\/?s={search_term_string}"},"query-input":{"@type":"PropertyValueSpecification","valueRequired":true,"valueName":"search_term_string"}}],"inLanguage":"tr"},{"@type":"Person","@id":"https:\/\/kibrisdakik.com\/#\/schema\/person\/9cd9d437bbb44f72b73ba127e06d8e79","name":"admin","image":{"@type":"ImageObject","inLanguage":"tr","@id":"https:\/\/secure.gravatar.com\/avatar\/ccc17943b9d660506c869530f897617f7cb1c21a4bf30023f252596d83e1f007?s=96&d=mm&r=g","url":"https:\/\/secure.gravatar.com\/avatar\/ccc17943b9d660506c869530f897617f7cb1c21a4bf30023f252596d83e1f007?s=96&d=mm&r=g","contentUrl":"https:\/\/secure.gravatar.com\/avatar\/ccc17943b9d660506c869530f897617f7cb1c21a4bf30023f252596d83e1f007?s=96&d=mm&r=g","caption":"admin"},"sameAs":["https:\/\/kibrisdakik.com"],"url":"https:\/\/kibrisdakik.com\/?author=1"}]}},"_links":{"self":[{"href":"https:\/\/kibrisdakik.com\/index.php?rest_route=\/wp\/v2\/posts\/12710","targetHints":{"allow":["GET"]}}],"collection":[{"href":"https:\/\/kibrisdakik.com\/index.php?rest_route=\/wp\/v2\/posts"}],"about":[{"href":"https:\/\/kibrisdakik.com\/index.php?rest_route=\/wp\/v2\/types\/post"}],"author":[{"embeddable":true,"href":"https:\/\/kibrisdakik.com\/index.php?rest_route=\/wp\/v2\/users\/1"}],"replies":[{"embeddable":true,"href":"https:\/\/kibrisdakik.com\/index.php?rest_route=%2Fwp%2Fv2%2Fcomments&post=12710"}],"version-history":[{"count":0,"href":"https:\/\/kibrisdakik.com\/index.php?rest_route=\/wp\/v2\/posts\/12710\/revisions"}],"wp:featuredmedia":[{"embeddable":true,"href":"https:\/\/kibrisdakik.com\/index.php?rest_route=\/wp\/v2\/media\/11735"}],"wp:attachment":[{"href":"https:\/\/kibrisdakik.com\/index.php?rest_route=%2Fwp%2Fv2%2Fmedia&parent=12710"}],"wp:term":[{"taxonomy":"category","embeddable":true,"href":"https:\/\/kibrisdakik.com\/index.php?rest_route=%2Fwp%2Fv2%2Fcategories&post=12710"},{"taxonomy":"post_tag","embeddable":true,"href":"https:\/\/kibrisdakik.com\/index.php?rest_route=%2Fwp%2Fv2%2Ftags&post=12710"}],"curies":[{"name":"wp","href":"https:\/\/api.w.org\/{rel}","templated":true}]}}