{"id":12753,"date":"2023-08-27T12:58:10","date_gmt":"2023-08-27T12:58:10","guid":{"rendered":"https:\/\/kibrisdakik.com\/index.php\/2023\/08\/27\/ubp-milletvekili-kucukten-cami-saldirisina-tepki\/"},"modified":"2023-08-27T12:58:10","modified_gmt":"2023-08-27T12:58:10","slug":"ubp-milletvekili-kucukten-cami-saldirisina-tepki","status":"publish","type":"post","link":"https:\/\/kibrisdakik.com\/?p=12753","title":{"rendered":"UBP Milletvekili K\u00fc\u00e7\u00fck\u2019ten cami sald\u0131r\u0131s\u0131na tepki"},"content":{"rendered":"<p><\/p>\n<div>\n<div class=\"mariselle-image-container center\">\n                <img width=\"706\" height=\"431\" class=\"lazy-image\" alt=\"\" decoding=\"async\" loading=\"lazy\" sizes=\"auto, (max-width: 706px) 100vw, 706px\" src=\"https:\/\/brtk.net\/wp-content\/uploads\/2023\/04\/19\/hasan-kucuk.jpg?ver=84d25c89fb8c712bb518313c01340d28\" srcset=\"https:\/\/brtk.net\/wp-content\/uploads\/2023\/04\/19\/hasan-kucuk.jpg?ver=84d25c89fb8c712bb518313c01340d28 706w, https:\/\/brtk.net\/wp-content\/uploads\/2023\/04\/19\/hasan-kucuk-300x183.jpg?ver=721f42228235277a3d9ea61f8cbd9a04 300w\"\/>                            <\/div>\n<p>Ulusal Birlik Partisi (<a href=\"https:\/\/brtk.net\/\">UBP<\/a>) Girne Milletvekili Hasan K\u00fc\u00e7\u00fck, Limasol\u2019da bulunan \u0130brahima\u011fa K\u00f6pr\u00fcl\u00fc Camisi\u2019ne yap\u0131lan sald\u0131r\u0131ya tepki g\u00f6sterdi.  <\/p>\n<p>\u201cHer dine mensup insanlar i\u00e7in mabetlerin kutsal oldu\u011funu\u201d belirten K\u00fc\u00e7\u00fck, \u201cyap\u0131lan bu menfur sald\u0131r\u0131n\u0131n G\u00fcney K\u0131br\u0131s\u2019ta ilk olmad\u0131\u011f\u0131n\u0131, \u00f6nlem al\u0131nmazsa son da olmayaca\u011f\u0131n\u0131\u201d s\u00f6yledi. K\u00fc\u00e7\u00fck a\u00e7\u0131klamas\u0131nda devamla \u015funlar\u0131 kaydetti:<\/p>\n<p>\u201cDini mabetler kutsal yerlerdir ve herkesin buna sayg\u0131 duymas\u0131 gerekir. Ancak g\u00f6r\u00fcyor ki G\u00fcney K\u0131br\u0131s\u2019ta bu hassasiyet bir t\u00fcrl\u00fc sa\u011flanamad\u0131. Buna da en b\u00fcy\u00fck \u00f6rnek G\u00fcney K\u0131br\u0131s\u2019\u0131n cayd\u0131r\u0131c\u0131 tedbirler almamas\u0131. Bu durumun ileride daha k\u00f6t\u00fc sonu\u00e7lar do\u011furmamas\u0131 ad\u0131na G\u00fcney K\u0131br\u0131s\u2019\u0131 sa\u011fduyuya ve yasal tedbirleri almaya davet ediyorum.\u201d<\/p>\n<\/p><\/div>\n","protected":false},"excerpt":{"rendered":"<p>Ulusal Birlik Partisi (UBP) Girne Milletvekili Hasan K\u00fc\u00e7\u00fck, Limasol\u2019da bulunan \u0130brahima\u011fa K\u00f6pr\u00fcl\u00fc Camisi\u2019ne yap\u0131lan sald\u0131r\u0131ya tepki g\u00f6sterdi. \u201cHer dine mensup insanlar i\u00e7in mabetlerin kutsal oldu\u011funu\u201d belirten K\u00fc\u00e7\u00fck, \u201cyap\u0131lan bu menfur sald\u0131r\u0131n\u0131n G\u00fcney K\u0131br\u0131s\u2019ta ilk olmad\u0131\u011f\u0131n\u0131, \u00f6nlem al\u0131nmazsa son da olmayaca\u011f\u0131n\u0131\u201d s\u00f6yledi. K\u00fc\u00e7\u00fck a\u00e7\u0131klamas\u0131nda devamla \u015funlar\u0131 kaydetti: \u201cDini mabetler kutsal yerlerdir ve herkesin buna sayg\u0131 duymas\u0131<\/p>\n","protected":false},"author":1,"featured_media":10156,"comment_status":"open","ping_status":"open","sticky":false,"template":"","format":"standard","meta":{"footnotes":""},"categories":[1],"tags":[],"class_list":["post-12753","post","type-post","status-publish","format-standard","has-post-thumbnail","hentry","category-gundem"],"yoast_head":"<!-- This site is optimized with the Yoast SEO plugin v27.5 - https:\/\/yoast.com\/product\/yoast-seo-wordpress\/ -->\n<title>UBP Milletvekili K\u00fc\u00e7\u00fck\u2019ten cami sald\u0131r\u0131s\u0131na tepki -<\/title>\n<meta name=\"robots\" content=\"index, follow, max-snippet:-1, max-image-preview:large, max-video-preview:-1\" \/>\n<link rel=\"canonical\" href=\"https:\/\/kibrisdakik.com\/?p=12753\" \/>\n<meta property=\"og:locale\" content=\"tr_TR\" \/>\n<meta property=\"og:type\" content=\"article\" \/>\n<meta property=\"og:title\" content=\"UBP Milletvekili K\u00fc\u00e7\u00fck\u2019ten cami sald\u0131r\u0131s\u0131na tepki -\" \/>\n<meta property=\"og:description\" content=\"Ulusal Birlik Partisi (UBP) Girne Milletvekili Hasan K\u00fc\u00e7\u00fck, Limasol\u2019da bulunan \u0130brahima\u011fa K\u00f6pr\u00fcl\u00fc Camisi\u2019ne yap\u0131lan sald\u0131r\u0131ya tepki g\u00f6sterdi. \u201cHer dine mensup insanlar i\u00e7in mabetlerin kutsal oldu\u011funu\u201d belirten K\u00fc\u00e7\u00fck, \u201cyap\u0131lan bu menfur sald\u0131r\u0131n\u0131n G\u00fcney K\u0131br\u0131s\u2019ta ilk olmad\u0131\u011f\u0131n\u0131, \u00f6nlem al\u0131nmazsa son da olmayaca\u011f\u0131n\u0131\u201d s\u00f6yledi. K\u00fc\u00e7\u00fck a\u00e7\u0131klamas\u0131nda devamla \u015funlar\u0131 kaydetti: \u201cDini mabetler kutsal yerlerdir ve herkesin buna sayg\u0131 duymas\u0131\" \/>\n<meta property=\"og:url\" content=\"https:\/\/kibrisdakik.com\/?p=12753\" \/>\n<meta property=\"article:published_time\" content=\"2023-08-27T12:58:10+00:00\" \/>\n<meta property=\"og:image\" content=\"https:\/\/kibrisdakik.com\/wp-content\/uploads\/2023\/07\/hasan-kucuk-706x420.jpg\" \/>\n\t<meta property=\"og:image:width\" content=\"706\" \/>\n\t<meta property=\"og:image:height\" content=\"431\" \/>\n\t<meta property=\"og:image:type\" content=\"image\/jpeg\" \/>\n<meta name=\"author\" content=\"admin\" \/>\n<meta name=\"twitter:card\" content=\"summary_large_image\" \/>\n<meta name=\"twitter:label1\" content=\"Yazan:\" \/>\n\t<meta name=\"twitter:data1\" content=\"admin\" \/>\n\t<meta name=\"twitter:label2\" content=\"Tahmini okuma s\u00fcresi\" \/>\n\t<meta name=\"twitter:data2\" content=\"1 dakika\" \/>\n<script type=\"application\/ld+json\" class=\"yoast-schema-graph\">{\"@context\":\"https:\\\/\\\/schema.org\",\"@graph\":[{\"@type\":\"Article\",\"@id\":\"https:\\\/\\\/kibrisdakik.com\\\/?p=12753#article\",\"isPartOf\":{\"@id\":\"https:\\\/\\\/kibrisdakik.com\\\/?p=12753\"},\"author\":{\"name\":\"admin\",\"@id\":\"https:\\\/\\\/kibrisdakik.com\\\/#\\\/schema\\\/person\\\/9cd9d437bbb44f72b73ba127e06d8e79\"},\"headline\":\"UBP Milletvekili K\u00fc\u00e7\u00fck\u2019ten cami sald\u0131r\u0131s\u0131na tepki\",\"datePublished\":\"2023-08-27T12:58:10+00:00\",\"mainEntityOfPage\":{\"@id\":\"https:\\\/\\\/kibrisdakik.com\\\/?p=12753\"},\"wordCount\":156,\"commentCount\":0,\"image\":{\"@id\":\"https:\\\/\\\/kibrisdakik.com\\\/?p=12753#primaryimage\"},\"thumbnailUrl\":\"https:\\\/\\\/kibrisdakik.com\\\/wp-content\\\/uploads\\\/2023\\\/07\\\/hasan-kucuk-706x420.jpg\",\"articleSection\":[\"G\u00fcndem\"],\"inLanguage\":\"tr\",\"potentialAction\":[{\"@type\":\"CommentAction\",\"name\":\"Comment\",\"target\":[\"https:\\\/\\\/kibrisdakik.com\\\/?p=12753#respond\"]}]},{\"@type\":\"WebPage\",\"@id\":\"https:\\\/\\\/kibrisdakik.com\\\/?p=12753\",\"url\":\"https:\\\/\\\/kibrisdakik.com\\\/?p=12753\",\"name\":\"UBP Milletvekili K\u00fc\u00e7\u00fck\u2019ten cami sald\u0131r\u0131s\u0131na tepki -\",\"isPartOf\":{\"@id\":\"https:\\\/\\\/kibrisdakik.com\\\/#website\"},\"primaryImageOfPage\":{\"@id\":\"https:\\\/\\\/kibrisdakik.com\\\/?p=12753#primaryimage\"},\"image\":{\"@id\":\"https:\\\/\\\/kibrisdakik.com\\\/?p=12753#primaryimage\"},\"thumbnailUrl\":\"https:\\\/\\\/kibrisdakik.com\\\/wp-content\\\/uploads\\\/2023\\\/07\\\/hasan-kucuk-706x420.jpg\",\"datePublished\":\"2023-08-27T12:58:10+00:00\",\"author\":{\"@id\":\"https:\\\/\\\/kibrisdakik.com\\\/#\\\/schema\\\/person\\\/9cd9d437bbb44f72b73ba127e06d8e79\"},\"breadcrumb\":{\"@id\":\"https:\\\/\\\/kibrisdakik.com\\\/?p=12753#breadcrumb\"},\"inLanguage\":\"tr\",\"potentialAction\":[{\"@type\":\"ReadAction\",\"target\":[\"https:\\\/\\\/kibrisdakik.com\\\/?p=12753\"]}]},{\"@type\":\"ImageObject\",\"inLanguage\":\"tr\",\"@id\":\"https:\\\/\\\/kibrisdakik.com\\\/?p=12753#primaryimage\",\"url\":\"https:\\\/\\\/kibrisdakik.com\\\/wp-content\\\/uploads\\\/2023\\\/07\\\/hasan-kucuk-706x420.jpg\",\"contentUrl\":\"https:\\\/\\\/kibrisdakik.com\\\/wp-content\\\/uploads\\\/2023\\\/07\\\/hasan-kucuk-706x420.jpg\",\"width\":706,\"height\":431},{\"@type\":\"BreadcrumbList\",\"@id\":\"https:\\\/\\\/kibrisdakik.com\\\/?p=12753#breadcrumb\",\"itemListElement\":[{\"@type\":\"ListItem\",\"position\":1,\"name\":\"Home\",\"item\":\"https:\\\/\\\/kibrisdakik.com\\\/\"},{\"@type\":\"ListItem\",\"position\":2,\"name\":\"UBP Milletvekili K\u00fc\u00e7\u00fck\u2019ten cami sald\u0131r\u0131s\u0131na tepki\"}]},{\"@type\":\"WebSite\",\"@id\":\"https:\\\/\\\/kibrisdakik.com\\\/#website\",\"url\":\"https:\\\/\\\/kibrisdakik.com\\\/\",\"name\":\"\",\"description\":\"Tam vaktinde haber\",\"potentialAction\":[{\"@type\":\"SearchAction\",\"target\":{\"@type\":\"EntryPoint\",\"urlTemplate\":\"https:\\\/\\\/kibrisdakik.com\\\/?s={search_term_string}\"},\"query-input\":{\"@type\":\"PropertyValueSpecification\",\"valueRequired\":true,\"valueName\":\"search_term_string\"}}],\"inLanguage\":\"tr\"},{\"@type\":\"Person\",\"@id\":\"https:\\\/\\\/kibrisdakik.com\\\/#\\\/schema\\\/person\\\/9cd9d437bbb44f72b73ba127e06d8e79\",\"name\":\"admin\",\"image\":{\"@type\":\"ImageObject\",\"inLanguage\":\"tr\",\"@id\":\"https:\\\/\\\/secure.gravatar.com\\\/avatar\\\/ccc17943b9d660506c869530f897617f7cb1c21a4bf30023f252596d83e1f007?s=96&d=mm&r=g\",\"url\":\"https:\\\/\\\/secure.gravatar.com\\\/avatar\\\/ccc17943b9d660506c869530f897617f7cb1c21a4bf30023f252596d83e1f007?s=96&d=mm&r=g\",\"contentUrl\":\"https:\\\/\\\/secure.gravatar.com\\\/avatar\\\/ccc17943b9d660506c869530f897617f7cb1c21a4bf30023f252596d83e1f007?s=96&d=mm&r=g\",\"caption\":\"admin\"},\"sameAs\":[\"https:\\\/\\\/kibrisdakik.com\"],\"url\":\"https:\\\/\\\/kibrisdakik.com\\\/?author=1\"}]}<\/script>\n<!-- \/ Yoast SEO plugin. -->","yoast_head_json":{"title":"UBP Milletvekili K\u00fc\u00e7\u00fck\u2019ten cami sald\u0131r\u0131s\u0131na tepki -","robots":{"index":"index","follow":"follow","max-snippet":"max-snippet:-1","max-image-preview":"max-image-preview:large","max-video-preview":"max-video-preview:-1"},"canonical":"https:\/\/kibrisdakik.com\/?p=12753","og_locale":"tr_TR","og_type":"article","og_title":"UBP Milletvekili K\u00fc\u00e7\u00fck\u2019ten cami sald\u0131r\u0131s\u0131na tepki -","og_description":"Ulusal Birlik Partisi (UBP) Girne Milletvekili Hasan K\u00fc\u00e7\u00fck, Limasol\u2019da bulunan \u0130brahima\u011fa K\u00f6pr\u00fcl\u00fc Camisi\u2019ne yap\u0131lan sald\u0131r\u0131ya tepki g\u00f6sterdi. \u201cHer dine mensup insanlar i\u00e7in mabetlerin kutsal oldu\u011funu\u201d belirten K\u00fc\u00e7\u00fck, \u201cyap\u0131lan bu menfur sald\u0131r\u0131n\u0131n G\u00fcney K\u0131br\u0131s\u2019ta ilk olmad\u0131\u011f\u0131n\u0131, \u00f6nlem al\u0131nmazsa son da olmayaca\u011f\u0131n\u0131\u201d s\u00f6yledi. K\u00fc\u00e7\u00fck a\u00e7\u0131klamas\u0131nda devamla \u015funlar\u0131 kaydetti: \u201cDini mabetler kutsal yerlerdir ve herkesin buna sayg\u0131 duymas\u0131","og_url":"https:\/\/kibrisdakik.com\/?p=12753","article_published_time":"2023-08-27T12:58:10+00:00","og_image":[{"width":706,"height":431,"url":"https:\/\/kibrisdakik.com\/wp-content\/uploads\/2023\/07\/hasan-kucuk-706x420.jpg","type":"image\/jpeg"}],"author":"admin","twitter_card":"summary_large_image","twitter_misc":{"Yazan:":"admin","Tahmini okuma s\u00fcresi":"1 dakika"},"schema":{"@context":"https:\/\/schema.org","@graph":[{"@type":"Article","@id":"https:\/\/kibrisdakik.com\/?p=12753#article","isPartOf":{"@id":"https:\/\/kibrisdakik.com\/?p=12753"},"author":{"name":"admin","@id":"https:\/\/kibrisdakik.com\/#\/schema\/person\/9cd9d437bbb44f72b73ba127e06d8e79"},"headline":"UBP Milletvekili K\u00fc\u00e7\u00fck\u2019ten cami sald\u0131r\u0131s\u0131na tepki","datePublished":"2023-08-27T12:58:10+00:00","mainEntityOfPage":{"@id":"https:\/\/kibrisdakik.com\/?p=12753"},"wordCount":156,"commentCount":0,"image":{"@id":"https:\/\/kibrisdakik.com\/?p=12753#primaryimage"},"thumbnailUrl":"https:\/\/kibrisdakik.com\/wp-content\/uploads\/2023\/07\/hasan-kucuk-706x420.jpg","articleSection":["G\u00fcndem"],"inLanguage":"tr","potentialAction":[{"@type":"CommentAction","name":"Comment","target":["https:\/\/kibrisdakik.com\/?p=12753#respond"]}]},{"@type":"WebPage","@id":"https:\/\/kibrisdakik.com\/?p=12753","url":"https:\/\/kibrisdakik.com\/?p=12753","name":"UBP Milletvekili K\u00fc\u00e7\u00fck\u2019ten cami sald\u0131r\u0131s\u0131na tepki -","isPartOf":{"@id":"https:\/\/kibrisdakik.com\/#website"},"primaryImageOfPage":{"@id":"https:\/\/kibrisdakik.com\/?p=12753#primaryimage"},"image":{"@id":"https:\/\/kibrisdakik.com\/?p=12753#primaryimage"},"thumbnailUrl":"https:\/\/kibrisdakik.com\/wp-content\/uploads\/2023\/07\/hasan-kucuk-706x420.jpg","datePublished":"2023-08-27T12:58:10+00:00","author":{"@id":"https:\/\/kibrisdakik.com\/#\/schema\/person\/9cd9d437bbb44f72b73ba127e06d8e79"},"breadcrumb":{"@id":"https:\/\/kibrisdakik.com\/?p=12753#breadcrumb"},"inLanguage":"tr","potentialAction":[{"@type":"ReadAction","target":["https:\/\/kibrisdakik.com\/?p=12753"]}]},{"@type":"ImageObject","inLanguage":"tr","@id":"https:\/\/kibrisdakik.com\/?p=12753#primaryimage","url":"https:\/\/kibrisdakik.com\/wp-content\/uploads\/2023\/07\/hasan-kucuk-706x420.jpg","contentUrl":"https:\/\/kibrisdakik.com\/wp-content\/uploads\/2023\/07\/hasan-kucuk-706x420.jpg","width":706,"height":431},{"@type":"BreadcrumbList","@id":"https:\/\/kibrisdakik.com\/?p=12753#breadcrumb","itemListElement":[{"@type":"ListItem","position":1,"name":"Home","item":"https:\/\/kibrisdakik.com\/"},{"@type":"ListItem","position":2,"name":"UBP Milletvekili K\u00fc\u00e7\u00fck\u2019ten cami sald\u0131r\u0131s\u0131na tepki"}]},{"@type":"WebSite","@id":"https:\/\/kibrisdakik.com\/#website","url":"https:\/\/kibrisdakik.com\/","name":"","description":"Tam vaktinde haber","potentialAction":[{"@type":"SearchAction","target":{"@type":"EntryPoint","urlTemplate":"https:\/\/kibrisdakik.com\/?s={search_term_string}"},"query-input":{"@type":"PropertyValueSpecification","valueRequired":true,"valueName":"search_term_string"}}],"inLanguage":"tr"},{"@type":"Person","@id":"https:\/\/kibrisdakik.com\/#\/schema\/person\/9cd9d437bbb44f72b73ba127e06d8e79","name":"admin","image":{"@type":"ImageObject","inLanguage":"tr","@id":"https:\/\/secure.gravatar.com\/avatar\/ccc17943b9d660506c869530f897617f7cb1c21a4bf30023f252596d83e1f007?s=96&d=mm&r=g","url":"https:\/\/secure.gravatar.com\/avatar\/ccc17943b9d660506c869530f897617f7cb1c21a4bf30023f252596d83e1f007?s=96&d=mm&r=g","contentUrl":"https:\/\/secure.gravatar.com\/avatar\/ccc17943b9d660506c869530f897617f7cb1c21a4bf30023f252596d83e1f007?s=96&d=mm&r=g","caption":"admin"},"sameAs":["https:\/\/kibrisdakik.com"],"url":"https:\/\/kibrisdakik.com\/?author=1"}]}},"_links":{"self":[{"href":"https:\/\/kibrisdakik.com\/index.php?rest_route=\/wp\/v2\/posts\/12753","targetHints":{"allow":["GET"]}}],"collection":[{"href":"https:\/\/kibrisdakik.com\/index.php?rest_route=\/wp\/v2\/posts"}],"about":[{"href":"https:\/\/kibrisdakik.com\/index.php?rest_route=\/wp\/v2\/types\/post"}],"author":[{"embeddable":true,"href":"https:\/\/kibrisdakik.com\/index.php?rest_route=\/wp\/v2\/users\/1"}],"replies":[{"embeddable":true,"href":"https:\/\/kibrisdakik.com\/index.php?rest_route=%2Fwp%2Fv2%2Fcomments&post=12753"}],"version-history":[{"count":0,"href":"https:\/\/kibrisdakik.com\/index.php?rest_route=\/wp\/v2\/posts\/12753\/revisions"}],"wp:featuredmedia":[{"embeddable":true,"href":"https:\/\/kibrisdakik.com\/index.php?rest_route=\/wp\/v2\/media\/10156"}],"wp:attachment":[{"href":"https:\/\/kibrisdakik.com\/index.php?rest_route=%2Fwp%2Fv2%2Fmedia&parent=12753"}],"wp:term":[{"taxonomy":"category","embeddable":true,"href":"https:\/\/kibrisdakik.com\/index.php?rest_route=%2Fwp%2Fv2%2Fcategories&post=12753"},{"taxonomy":"post_tag","embeddable":true,"href":"https:\/\/kibrisdakik.com\/index.php?rest_route=%2Fwp%2Fv2%2Ftags&post=12753"}],"curies":[{"name":"wp","href":"https:\/\/api.w.org\/{rel}","templated":true}]}}