{"id":12755,"date":"2023-08-27T13:59:02","date_gmt":"2023-08-27T13:59:02","guid":{"rendered":"https:\/\/kibrisdakik.com\/index.php\/2023\/08\/27\/ctp-magusa-ilcesi-koy-ziyaretlerine-devam-ediyor\/"},"modified":"2023-08-27T13:59:02","modified_gmt":"2023-08-27T13:59:02","slug":"ctp-magusa-ilcesi-koy-ziyaretlerine-devam-ediyor","status":"publish","type":"post","link":"https:\/\/kibrisdakik.com\/?p=12755","title":{"rendered":"CTP Ma\u011fusa \u0130l\u00e7esi k\u00f6y ziyaretlerine devam ediyor"},"content":{"rendered":"<p><\/p>\n<div>\n<div class=\"mariselle-image-container center\">\n                <img width=\"1312\" height=\"552\" class=\"lazy-image\" alt=\"\" decoding=\"async\" loading=\"lazy\" sizes=\"auto, (max-width: 1312px) 100vw, 1312px\" src=\"https:\/\/brtk.net\/wp-content\/uploads\/2023\/08\/27\/Magusa-Ilce-Gezi-CTP-3.jpeg?ver=19b921462a6e1cf0072634986da79996\" srcset=\"https:\/\/brtk.net\/wp-content\/uploads\/2023\/08\/27\/Magusa-Ilce-Gezi-CTP-3.jpeg?ver=19b921462a6e1cf0072634986da79996 1312w, https:\/\/brtk.net\/wp-content\/uploads\/2023\/08\/27\/Magusa-Ilce-Gezi-CTP-3-300x126.jpeg?ver=11e6dd5982ee9cb9210c297074d5a4fd 300w, https:\/\/brtk.net\/wp-content\/uploads\/2023\/08\/27\/Magusa-Ilce-Gezi-CTP-3-1024x431.jpeg?ver=11e6dd5982ee9cb9210c297074d5a4fd 1024w, https:\/\/brtk.net\/wp-content\/uploads\/2023\/08\/27\/Magusa-Ilce-Gezi-CTP-3-768x323.jpeg?ver=11e6dd5982ee9cb9210c297074d5a4fd 768w\"\/>                            <\/div>\n<p>Cumhuriyet\u00e7i T\u00fcrk Partisi (<a href=\"https:\/\/brtk.net\/\"\/><a href=\"https:\/\/brtk.net\/\"\/><a href=\"https:\/\/brtk.net\/\">CTP<\/a>) Ma\u011fusa \u0130l\u00e7esi\u2019nin d\u00fczenledi\u011fi k\u00f6y ziyaretleri devam ediyor.<\/p>\n<p>Partiden yap\u0131lan a\u00e7\u0131klamaya g\u00f6re, <a href=\"https:\/\/brtk.net\/\"\/><a href=\"https:\/\/brtk.net\/\"\/><a href=\"https:\/\/brtk.net\/\">CTP<\/a> Genel Sekreteri As\u0131m Akansoy, milletvekilleri \u015eifa \u00c7olako\u011flu, Erkut \u015eahali, Teberr\u00fcken Ulu\u00e7ay ve Sami \u00d6zuslu, Alani\u00e7i ve Y\u0131ld\u0131r\u0131m k\u00f6ylerini ziyaret etti.<\/p>\n<p>A\u00e7\u0131klamada, \u201cB\u00f6lge halk\u0131n\u0131n sorunlar\u0131n\u0131 dinleyen <a href=\"https:\/\/brtk.net\/\"\/><a href=\"https:\/\/brtk.net\/\"\/><a href=\"https:\/\/brtk.net\/\">CTP<\/a> heyeti, \u00e7\u00f6z\u00fcm \u00f6nerilerini de payla\u015fma f\u0131rsat\u0131 yakalad\u0131. Ba\u015fta ekonomik sorunlar olmak \u00fczere bir\u00e7ok konuyla ilgili b\u00f6lge halk\u0131yla g\u00f6r\u00fc\u015f al\u0131\u015fveri\u015finde bulunan <a href=\"https:\/\/brtk.net\/\"\/><a href=\"https:\/\/brtk.net\/\"\/><a href=\"https:\/\/brtk.net\/\">CTP<\/a> heyetinin ziyaretleri devam edecek\u201d denildi.<\/p>\n<\/p><\/div>\n","protected":false},"excerpt":{"rendered":"<p>Cumhuriyet\u00e7i T\u00fcrk Partisi (CTP) Ma\u011fusa \u0130l\u00e7esi\u2019nin d\u00fczenledi\u011fi k\u00f6y ziyaretleri devam ediyor. Partiden yap\u0131lan a\u00e7\u0131klamaya g\u00f6re, CTP Genel Sekreteri As\u0131m Akansoy, milletvekilleri \u015eifa \u00c7olako\u011flu, Erkut \u015eahali, Teberr\u00fcken Ulu\u00e7ay ve Sami \u00d6zuslu, Alani\u00e7i ve Y\u0131ld\u0131r\u0131m k\u00f6ylerini ziyaret etti. A\u00e7\u0131klamada, \u201cB\u00f6lge halk\u0131n\u0131n sorunlar\u0131n\u0131 dinleyen CTP heyeti, \u00e7\u00f6z\u00fcm \u00f6nerilerini de payla\u015fma f\u0131rsat\u0131 yakalad\u0131. Ba\u015fta ekonomik sorunlar olmak \u00fczere bir\u00e7ok<\/p>\n","protected":false},"author":1,"featured_media":12756,"comment_status":"open","ping_status":"open","sticky":false,"template":"","format":"standard","meta":{"footnotes":""},"categories":[1],"tags":[],"class_list":["post-12755","post","type-post","status-publish","format-standard","has-post-thumbnail","hentry","category-gundem"],"yoast_head":"<!-- This site is optimized with the Yoast SEO plugin v27.5 - https:\/\/yoast.com\/product\/yoast-seo-wordpress\/ -->\n<title>CTP Ma\u011fusa \u0130l\u00e7esi k\u00f6y ziyaretlerine devam ediyor -<\/title>\n<meta name=\"robots\" content=\"index, follow, max-snippet:-1, max-image-preview:large, max-video-preview:-1\" \/>\n<link rel=\"canonical\" href=\"https:\/\/kibrisdakik.com\/?p=12755\" \/>\n<meta property=\"og:locale\" content=\"tr_TR\" \/>\n<meta property=\"og:type\" content=\"article\" \/>\n<meta property=\"og:title\" content=\"CTP Ma\u011fusa \u0130l\u00e7esi k\u00f6y ziyaretlerine devam ediyor -\" \/>\n<meta property=\"og:description\" content=\"Cumhuriyet\u00e7i T\u00fcrk Partisi (CTP) Ma\u011fusa \u0130l\u00e7esi\u2019nin d\u00fczenledi\u011fi k\u00f6y ziyaretleri devam ediyor. Partiden yap\u0131lan a\u00e7\u0131klamaya g\u00f6re, CTP Genel Sekreteri As\u0131m Akansoy, milletvekilleri \u015eifa \u00c7olako\u011flu, Erkut \u015eahali, Teberr\u00fcken Ulu\u00e7ay ve Sami \u00d6zuslu, Alani\u00e7i ve Y\u0131ld\u0131r\u0131m k\u00f6ylerini ziyaret etti. A\u00e7\u0131klamada, \u201cB\u00f6lge halk\u0131n\u0131n sorunlar\u0131n\u0131 dinleyen CTP heyeti, \u00e7\u00f6z\u00fcm \u00f6nerilerini de payla\u015fma f\u0131rsat\u0131 yakalad\u0131. Ba\u015fta ekonomik sorunlar olmak \u00fczere bir\u00e7ok\" \/>\n<meta property=\"og:url\" content=\"https:\/\/kibrisdakik.com\/?p=12755\" \/>\n<meta property=\"article:published_time\" content=\"2023-08-27T13:59:02+00:00\" \/>\n<meta property=\"og:image\" content=\"https:\/\/kibrisdakik.com\/wp-content\/uploads\/2023\/08\/Magusa-Ilce-Gezi-CTP-3-740x420.jpeg\" \/>\n\t<meta property=\"og:image:width\" content=\"1312\" \/>\n\t<meta property=\"og:image:height\" content=\"552\" \/>\n\t<meta property=\"og:image:type\" content=\"image\/jpeg\" \/>\n<meta name=\"author\" content=\"admin\" \/>\n<meta name=\"twitter:card\" content=\"summary_large_image\" \/>\n<meta name=\"twitter:label1\" content=\"Yazan:\" \/>\n\t<meta name=\"twitter:data1\" content=\"admin\" \/>\n\t<meta name=\"twitter:label2\" content=\"Tahmini okuma s\u00fcresi\" \/>\n\t<meta name=\"twitter:data2\" content=\"1 dakika\" \/>\n<script type=\"application\/ld+json\" class=\"yoast-schema-graph\">{\"@context\":\"https:\\\/\\\/schema.org\",\"@graph\":[{\"@type\":\"Article\",\"@id\":\"https:\\\/\\\/kibrisdakik.com\\\/?p=12755#article\",\"isPartOf\":{\"@id\":\"https:\\\/\\\/kibrisdakik.com\\\/?p=12755\"},\"author\":{\"name\":\"admin\",\"@id\":\"https:\\\/\\\/kibrisdakik.com\\\/#\\\/schema\\\/person\\\/9cd9d437bbb44f72b73ba127e06d8e79\"},\"headline\":\"CTP Ma\u011fusa \u0130l\u00e7esi k\u00f6y ziyaretlerine devam ediyor\",\"datePublished\":\"2023-08-27T13:59:02+00:00\",\"mainEntityOfPage\":{\"@id\":\"https:\\\/\\\/kibrisdakik.com\\\/?p=12755\"},\"wordCount\":113,\"commentCount\":0,\"image\":{\"@id\":\"https:\\\/\\\/kibrisdakik.com\\\/?p=12755#primaryimage\"},\"thumbnailUrl\":\"https:\\\/\\\/kibrisdakik.com\\\/wp-content\\\/uploads\\\/2023\\\/08\\\/Magusa-Ilce-Gezi-CTP-3-740x420.jpeg\",\"articleSection\":[\"G\u00fcndem\"],\"inLanguage\":\"tr\",\"potentialAction\":[{\"@type\":\"CommentAction\",\"name\":\"Comment\",\"target\":[\"https:\\\/\\\/kibrisdakik.com\\\/?p=12755#respond\"]}]},{\"@type\":\"WebPage\",\"@id\":\"https:\\\/\\\/kibrisdakik.com\\\/?p=12755\",\"url\":\"https:\\\/\\\/kibrisdakik.com\\\/?p=12755\",\"name\":\"CTP Ma\u011fusa \u0130l\u00e7esi k\u00f6y ziyaretlerine devam ediyor -\",\"isPartOf\":{\"@id\":\"https:\\\/\\\/kibrisdakik.com\\\/#website\"},\"primaryImageOfPage\":{\"@id\":\"https:\\\/\\\/kibrisdakik.com\\\/?p=12755#primaryimage\"},\"image\":{\"@id\":\"https:\\\/\\\/kibrisdakik.com\\\/?p=12755#primaryimage\"},\"thumbnailUrl\":\"https:\\\/\\\/kibrisdakik.com\\\/wp-content\\\/uploads\\\/2023\\\/08\\\/Magusa-Ilce-Gezi-CTP-3-740x420.jpeg\",\"datePublished\":\"2023-08-27T13:59:02+00:00\",\"author\":{\"@id\":\"https:\\\/\\\/kibrisdakik.com\\\/#\\\/schema\\\/person\\\/9cd9d437bbb44f72b73ba127e06d8e79\"},\"breadcrumb\":{\"@id\":\"https:\\\/\\\/kibrisdakik.com\\\/?p=12755#breadcrumb\"},\"inLanguage\":\"tr\",\"potentialAction\":[{\"@type\":\"ReadAction\",\"target\":[\"https:\\\/\\\/kibrisdakik.com\\\/?p=12755\"]}]},{\"@type\":\"ImageObject\",\"inLanguage\":\"tr\",\"@id\":\"https:\\\/\\\/kibrisdakik.com\\\/?p=12755#primaryimage\",\"url\":\"https:\\\/\\\/kibrisdakik.com\\\/wp-content\\\/uploads\\\/2023\\\/08\\\/Magusa-Ilce-Gezi-CTP-3-740x420.jpeg\",\"contentUrl\":\"https:\\\/\\\/kibrisdakik.com\\\/wp-content\\\/uploads\\\/2023\\\/08\\\/Magusa-Ilce-Gezi-CTP-3-740x420.jpeg\",\"width\":1312,\"height\":552},{\"@type\":\"BreadcrumbList\",\"@id\":\"https:\\\/\\\/kibrisdakik.com\\\/?p=12755#breadcrumb\",\"itemListElement\":[{\"@type\":\"ListItem\",\"position\":1,\"name\":\"Home\",\"item\":\"https:\\\/\\\/kibrisdakik.com\\\/\"},{\"@type\":\"ListItem\",\"position\":2,\"name\":\"CTP Ma\u011fusa \u0130l\u00e7esi k\u00f6y ziyaretlerine devam ediyor\"}]},{\"@type\":\"WebSite\",\"@id\":\"https:\\\/\\\/kibrisdakik.com\\\/#website\",\"url\":\"https:\\\/\\\/kibrisdakik.com\\\/\",\"name\":\"\",\"description\":\"Tam vaktinde haber\",\"potentialAction\":[{\"@type\":\"SearchAction\",\"target\":{\"@type\":\"EntryPoint\",\"urlTemplate\":\"https:\\\/\\\/kibrisdakik.com\\\/?s={search_term_string}\"},\"query-input\":{\"@type\":\"PropertyValueSpecification\",\"valueRequired\":true,\"valueName\":\"search_term_string\"}}],\"inLanguage\":\"tr\"},{\"@type\":\"Person\",\"@id\":\"https:\\\/\\\/kibrisdakik.com\\\/#\\\/schema\\\/person\\\/9cd9d437bbb44f72b73ba127e06d8e79\",\"name\":\"admin\",\"image\":{\"@type\":\"ImageObject\",\"inLanguage\":\"tr\",\"@id\":\"https:\\\/\\\/secure.gravatar.com\\\/avatar\\\/ccc17943b9d660506c869530f897617f7cb1c21a4bf30023f252596d83e1f007?s=96&d=mm&r=g\",\"url\":\"https:\\\/\\\/secure.gravatar.com\\\/avatar\\\/ccc17943b9d660506c869530f897617f7cb1c21a4bf30023f252596d83e1f007?s=96&d=mm&r=g\",\"contentUrl\":\"https:\\\/\\\/secure.gravatar.com\\\/avatar\\\/ccc17943b9d660506c869530f897617f7cb1c21a4bf30023f252596d83e1f007?s=96&d=mm&r=g\",\"caption\":\"admin\"},\"sameAs\":[\"https:\\\/\\\/kibrisdakik.com\"],\"url\":\"https:\\\/\\\/kibrisdakik.com\\\/?author=1\"}]}<\/script>\n<!-- \/ Yoast SEO plugin. -->","yoast_head_json":{"title":"CTP Ma\u011fusa \u0130l\u00e7esi k\u00f6y ziyaretlerine devam ediyor -","robots":{"index":"index","follow":"follow","max-snippet":"max-snippet:-1","max-image-preview":"max-image-preview:large","max-video-preview":"max-video-preview:-1"},"canonical":"https:\/\/kibrisdakik.com\/?p=12755","og_locale":"tr_TR","og_type":"article","og_title":"CTP Ma\u011fusa \u0130l\u00e7esi k\u00f6y ziyaretlerine devam ediyor -","og_description":"Cumhuriyet\u00e7i T\u00fcrk Partisi (CTP) Ma\u011fusa \u0130l\u00e7esi\u2019nin d\u00fczenledi\u011fi k\u00f6y ziyaretleri devam ediyor. Partiden yap\u0131lan a\u00e7\u0131klamaya g\u00f6re, CTP Genel Sekreteri As\u0131m Akansoy, milletvekilleri \u015eifa \u00c7olako\u011flu, Erkut \u015eahali, Teberr\u00fcken Ulu\u00e7ay ve Sami \u00d6zuslu, Alani\u00e7i ve Y\u0131ld\u0131r\u0131m k\u00f6ylerini ziyaret etti. A\u00e7\u0131klamada, \u201cB\u00f6lge halk\u0131n\u0131n sorunlar\u0131n\u0131 dinleyen CTP heyeti, \u00e7\u00f6z\u00fcm \u00f6nerilerini de payla\u015fma f\u0131rsat\u0131 yakalad\u0131. Ba\u015fta ekonomik sorunlar olmak \u00fczere bir\u00e7ok","og_url":"https:\/\/kibrisdakik.com\/?p=12755","article_published_time":"2023-08-27T13:59:02+00:00","og_image":[{"width":1312,"height":552,"url":"https:\/\/kibrisdakik.com\/wp-content\/uploads\/2023\/08\/Magusa-Ilce-Gezi-CTP-3-740x420.jpeg","type":"image\/jpeg"}],"author":"admin","twitter_card":"summary_large_image","twitter_misc":{"Yazan:":"admin","Tahmini okuma s\u00fcresi":"1 dakika"},"schema":{"@context":"https:\/\/schema.org","@graph":[{"@type":"Article","@id":"https:\/\/kibrisdakik.com\/?p=12755#article","isPartOf":{"@id":"https:\/\/kibrisdakik.com\/?p=12755"},"author":{"name":"admin","@id":"https:\/\/kibrisdakik.com\/#\/schema\/person\/9cd9d437bbb44f72b73ba127e06d8e79"},"headline":"CTP Ma\u011fusa \u0130l\u00e7esi k\u00f6y ziyaretlerine devam ediyor","datePublished":"2023-08-27T13:59:02+00:00","mainEntityOfPage":{"@id":"https:\/\/kibrisdakik.com\/?p=12755"},"wordCount":113,"commentCount":0,"image":{"@id":"https:\/\/kibrisdakik.com\/?p=12755#primaryimage"},"thumbnailUrl":"https:\/\/kibrisdakik.com\/wp-content\/uploads\/2023\/08\/Magusa-Ilce-Gezi-CTP-3-740x420.jpeg","articleSection":["G\u00fcndem"],"inLanguage":"tr","potentialAction":[{"@type":"CommentAction","name":"Comment","target":["https:\/\/kibrisdakik.com\/?p=12755#respond"]}]},{"@type":"WebPage","@id":"https:\/\/kibrisdakik.com\/?p=12755","url":"https:\/\/kibrisdakik.com\/?p=12755","name":"CTP Ma\u011fusa \u0130l\u00e7esi k\u00f6y ziyaretlerine devam ediyor -","isPartOf":{"@id":"https:\/\/kibrisdakik.com\/#website"},"primaryImageOfPage":{"@id":"https:\/\/kibrisdakik.com\/?p=12755#primaryimage"},"image":{"@id":"https:\/\/kibrisdakik.com\/?p=12755#primaryimage"},"thumbnailUrl":"https:\/\/kibrisdakik.com\/wp-content\/uploads\/2023\/08\/Magusa-Ilce-Gezi-CTP-3-740x420.jpeg","datePublished":"2023-08-27T13:59:02+00:00","author":{"@id":"https:\/\/kibrisdakik.com\/#\/schema\/person\/9cd9d437bbb44f72b73ba127e06d8e79"},"breadcrumb":{"@id":"https:\/\/kibrisdakik.com\/?p=12755#breadcrumb"},"inLanguage":"tr","potentialAction":[{"@type":"ReadAction","target":["https:\/\/kibrisdakik.com\/?p=12755"]}]},{"@type":"ImageObject","inLanguage":"tr","@id":"https:\/\/kibrisdakik.com\/?p=12755#primaryimage","url":"https:\/\/kibrisdakik.com\/wp-content\/uploads\/2023\/08\/Magusa-Ilce-Gezi-CTP-3-740x420.jpeg","contentUrl":"https:\/\/kibrisdakik.com\/wp-content\/uploads\/2023\/08\/Magusa-Ilce-Gezi-CTP-3-740x420.jpeg","width":1312,"height":552},{"@type":"BreadcrumbList","@id":"https:\/\/kibrisdakik.com\/?p=12755#breadcrumb","itemListElement":[{"@type":"ListItem","position":1,"name":"Home","item":"https:\/\/kibrisdakik.com\/"},{"@type":"ListItem","position":2,"name":"CTP Ma\u011fusa \u0130l\u00e7esi k\u00f6y ziyaretlerine devam ediyor"}]},{"@type":"WebSite","@id":"https:\/\/kibrisdakik.com\/#website","url":"https:\/\/kibrisdakik.com\/","name":"","description":"Tam vaktinde haber","potentialAction":[{"@type":"SearchAction","target":{"@type":"EntryPoint","urlTemplate":"https:\/\/kibrisdakik.com\/?s={search_term_string}"},"query-input":{"@type":"PropertyValueSpecification","valueRequired":true,"valueName":"search_term_string"}}],"inLanguage":"tr"},{"@type":"Person","@id":"https:\/\/kibrisdakik.com\/#\/schema\/person\/9cd9d437bbb44f72b73ba127e06d8e79","name":"admin","image":{"@type":"ImageObject","inLanguage":"tr","@id":"https:\/\/secure.gravatar.com\/avatar\/ccc17943b9d660506c869530f897617f7cb1c21a4bf30023f252596d83e1f007?s=96&d=mm&r=g","url":"https:\/\/secure.gravatar.com\/avatar\/ccc17943b9d660506c869530f897617f7cb1c21a4bf30023f252596d83e1f007?s=96&d=mm&r=g","contentUrl":"https:\/\/secure.gravatar.com\/avatar\/ccc17943b9d660506c869530f897617f7cb1c21a4bf30023f252596d83e1f007?s=96&d=mm&r=g","caption":"admin"},"sameAs":["https:\/\/kibrisdakik.com"],"url":"https:\/\/kibrisdakik.com\/?author=1"}]}},"_links":{"self":[{"href":"https:\/\/kibrisdakik.com\/index.php?rest_route=\/wp\/v2\/posts\/12755","targetHints":{"allow":["GET"]}}],"collection":[{"href":"https:\/\/kibrisdakik.com\/index.php?rest_route=\/wp\/v2\/posts"}],"about":[{"href":"https:\/\/kibrisdakik.com\/index.php?rest_route=\/wp\/v2\/types\/post"}],"author":[{"embeddable":true,"href":"https:\/\/kibrisdakik.com\/index.php?rest_route=\/wp\/v2\/users\/1"}],"replies":[{"embeddable":true,"href":"https:\/\/kibrisdakik.com\/index.php?rest_route=%2Fwp%2Fv2%2Fcomments&post=12755"}],"version-history":[{"count":0,"href":"https:\/\/kibrisdakik.com\/index.php?rest_route=\/wp\/v2\/posts\/12755\/revisions"}],"wp:featuredmedia":[{"embeddable":true,"href":"https:\/\/kibrisdakik.com\/index.php?rest_route=\/wp\/v2\/media\/12756"}],"wp:attachment":[{"href":"https:\/\/kibrisdakik.com\/index.php?rest_route=%2Fwp%2Fv2%2Fmedia&parent=12755"}],"wp:term":[{"taxonomy":"category","embeddable":true,"href":"https:\/\/kibrisdakik.com\/index.php?rest_route=%2Fwp%2Fv2%2Fcategories&post=12755"},{"taxonomy":"post_tag","embeddable":true,"href":"https:\/\/kibrisdakik.com\/index.php?rest_route=%2Fwp%2Fv2%2Ftags&post=12755"}],"curies":[{"name":"wp","href":"https:\/\/api.w.org\/{rel}","templated":true}]}}