{"id":12789,"date":"2023-08-28T09:09:28","date_gmt":"2023-08-28T09:09:28","guid":{"rendered":"https:\/\/kibrisdakik.com\/index.php\/2023\/08\/28\/gecen-hafta-itfaiye-7-yangina-ve-22-olaya-mudahale-etti-192-bin-tllik-zarar-oldu\/"},"modified":"2023-08-28T09:09:28","modified_gmt":"2023-08-28T09:09:28","slug":"gecen-hafta-itfaiye-7-yangina-ve-22-olaya-mudahale-etti-192-bin-tllik-zarar-oldu","status":"publish","type":"post","link":"https:\/\/kibrisdakik.com\/?p=12789","title":{"rendered":"Ge\u00e7en hafta itfaiye, 7 yang\u0131na ve 22 olaya m\u00fcdahale etti, 192 bin TL\u2019lik zarar oldu"},"content":{"rendered":"<p><\/p>\n<div>\n<div class=\"mariselle-image-container center\">\n                <img width=\"700\" height=\"391\" class=\"lazy-image\" alt=\"\" decoding=\"async\" loading=\"lazy\" sizes=\"auto, (max-width: 700px) 100vw, 700px\" src=\"https:\/\/brtk.net\/wp-content\/uploads\/2023\/02\/13\/itfaiye-raporuuuuuuu-haftalik.jpg?ver=93a7d64e450493281921a915eceb8986\" srcset=\"https:\/\/brtk.net\/wp-content\/uploads\/2023\/02\/13\/itfaiye-raporuuuuuuu-haftalik.jpg?ver=93a7d64e450493281921a915eceb8986 700w, https:\/\/brtk.net\/wp-content\/uploads\/2023\/02\/13\/itfaiye-raporuuuuuuu-haftalik-300x168.jpg?ver=93a7d64e450493281921a915eceb8986 300w\"\/>                            <\/div>\n<p><a href=\"https:\/\/brtk.net\/\">KKTC<\/a>\u2019de ge\u00e7en hafta itfaiye, 7 yang\u0131na ve 22 olaya m\u00fcdahale etti.<\/p>\n<p>\u0130tfaiye M\u00fcd\u00fcrl\u00fc\u011f\u00fc taraf\u0131ndan yay\u0131mlanan haftal\u0131k rapora g\u00f6re, 21-27 A\u011fustos aras\u0131nda meydana gelen yang\u0131nlar sonucunda yakla\u015f\u0131k 192 bin TL\u2019lik zarar olu\u015ftu.<\/p>\n<p>Yang\u0131nlar\u0131n muhtemel sebepleri; \u201ck\u0131sa devre, bilinmeyen ki\u015fi veya ki\u015filer taraf\u0131ndan s\u00f6nmeden at\u0131lan sigara izmariti, bilinmeyen ki\u015fi veya ki\u015filer taraf\u0131ndan yakma, s\u00f6nd\u00fcr\u00fclmeden at\u0131lan sigara izmaritinin arac\u0131n \u00f6n ve alt k\u0131sm\u0131nda bulunan kartonlar\u0131 tutu\u015fturmas\u0131\u201d olarak aktar\u0131ld\u0131.<\/p>\n<p>Hususi servis olaylar\u0131 ise, \u201ca\u011fa\u00e7 \u00fczerinde mahsur kalan, beton ile demir profil aras\u0131nda ve arac\u0131n motor k\u0131sm\u0131nda s\u0131k\u0131\u015fan kedilerin kurtar\u0131lmas\u0131, bir \u015fahs\u0131n y\u00fcz\u00fck parma\u011f\u0131na s\u0131k\u0131\u015fan y\u00fcz\u00fc\u011f\u00fcn kesilerek \u00e7\u0131kar\u0131lmas\u0131, asans\u00f6rde mahsur kalan \u015fah\u0131slar\u0131n kurtar\u0131lmas\u0131, \u00f6zel g\u00f6rev, do\u011fal afet ve hayat\u0131n\u0131 kaybeden bir \u015fahs\u0131n adli soru\u015fturma ama\u00e7l\u0131 hastaneye sevkinin sa\u011flanmas\u0131\u201d olarak yer ald\u0131.<\/p>\n<\/p><\/div>\n","protected":false},"excerpt":{"rendered":"<p>KKTC\u2019de ge\u00e7en hafta itfaiye, 7 yang\u0131na ve 22 olaya m\u00fcdahale etti. \u0130tfaiye M\u00fcd\u00fcrl\u00fc\u011f\u00fc taraf\u0131ndan yay\u0131mlanan haftal\u0131k rapora g\u00f6re, 21-27 A\u011fustos aras\u0131nda meydana gelen yang\u0131nlar sonucunda yakla\u015f\u0131k 192 bin TL\u2019lik zarar olu\u015ftu. Yang\u0131nlar\u0131n muhtemel sebepleri; \u201ck\u0131sa devre, bilinmeyen ki\u015fi veya ki\u015filer taraf\u0131ndan s\u00f6nmeden at\u0131lan sigara izmariti, bilinmeyen ki\u015fi veya ki\u015filer taraf\u0131ndan yakma, s\u00f6nd\u00fcr\u00fclmeden at\u0131lan sigara izmaritinin<\/p>\n","protected":false},"author":1,"featured_media":1787,"comment_status":"open","ping_status":"open","sticky":false,"template":"","format":"standard","meta":{"footnotes":""},"categories":[1],"tags":[],"class_list":["post-12789","post","type-post","status-publish","format-standard","has-post-thumbnail","hentry","category-gundem"],"yoast_head":"<!-- This site is optimized with the Yoast SEO plugin v27.5 - https:\/\/yoast.com\/product\/yoast-seo-wordpress\/ -->\n<title>Ge\u00e7en hafta itfaiye, 7 yang\u0131na ve 22 olaya m\u00fcdahale etti, 192 bin TL\u2019lik zarar oldu -<\/title>\n<meta name=\"robots\" content=\"index, follow, max-snippet:-1, max-image-preview:large, max-video-preview:-1\" \/>\n<link rel=\"canonical\" href=\"https:\/\/kibrisdakik.com\/?p=12789\" \/>\n<meta property=\"og:locale\" content=\"tr_TR\" \/>\n<meta property=\"og:type\" content=\"article\" \/>\n<meta property=\"og:title\" content=\"Ge\u00e7en hafta itfaiye, 7 yang\u0131na ve 22 olaya m\u00fcdahale etti, 192 bin TL\u2019lik zarar oldu -\" \/>\n<meta property=\"og:description\" content=\"KKTC\u2019de ge\u00e7en hafta itfaiye, 7 yang\u0131na ve 22 olaya m\u00fcdahale etti. \u0130tfaiye M\u00fcd\u00fcrl\u00fc\u011f\u00fc taraf\u0131ndan yay\u0131mlanan haftal\u0131k rapora g\u00f6re, 21-27 A\u011fustos aras\u0131nda meydana gelen yang\u0131nlar sonucunda yakla\u015f\u0131k 192 bin TL\u2019lik zarar olu\u015ftu. Yang\u0131nlar\u0131n muhtemel sebepleri; \u201ck\u0131sa devre, bilinmeyen ki\u015fi veya ki\u015filer taraf\u0131ndan s\u00f6nmeden at\u0131lan sigara izmariti, bilinmeyen ki\u015fi veya ki\u015filer taraf\u0131ndan yakma, s\u00f6nd\u00fcr\u00fclmeden at\u0131lan sigara izmaritinin\" \/>\n<meta property=\"og:url\" content=\"https:\/\/kibrisdakik.com\/?p=12789\" \/>\n<meta property=\"article:published_time\" content=\"2023-08-28T09:09:28+00:00\" \/>\n<meta property=\"og:image\" content=\"https:\/\/kibrisdakik.com\/wp-content\/uploads\/2023\/02\/itfaiye-raporuuuuuuu-haftalik.jpg\" \/>\n\t<meta property=\"og:image:width\" content=\"700\" \/>\n\t<meta property=\"og:image:height\" content=\"391\" \/>\n\t<meta property=\"og:image:type\" content=\"image\/jpeg\" \/>\n<meta name=\"author\" content=\"admin\" \/>\n<meta name=\"twitter:card\" content=\"summary_large_image\" \/>\n<meta name=\"twitter:label1\" content=\"Yazan:\" \/>\n\t<meta name=\"twitter:data1\" content=\"admin\" \/>\n\t<meta name=\"twitter:label2\" content=\"Tahmini okuma s\u00fcresi\" \/>\n\t<meta name=\"twitter:data2\" content=\"1 dakika\" \/>\n<script type=\"application\/ld+json\" class=\"yoast-schema-graph\">{\"@context\":\"https:\\\/\\\/schema.org\",\"@graph\":[{\"@type\":\"Article\",\"@id\":\"https:\\\/\\\/kibrisdakik.com\\\/?p=12789#article\",\"isPartOf\":{\"@id\":\"https:\\\/\\\/kibrisdakik.com\\\/?p=12789\"},\"author\":{\"name\":\"admin\",\"@id\":\"https:\\\/\\\/kibrisdakik.com\\\/#\\\/schema\\\/person\\\/9cd9d437bbb44f72b73ba127e06d8e79\"},\"headline\":\"Ge\u00e7en hafta itfaiye, 7 yang\u0131na ve 22 olaya m\u00fcdahale etti, 192 bin TL\u2019lik zarar oldu\",\"datePublished\":\"2023-08-28T09:09:28+00:00\",\"mainEntityOfPage\":{\"@id\":\"https:\\\/\\\/kibrisdakik.com\\\/?p=12789\"},\"wordCount\":193,\"commentCount\":0,\"image\":{\"@id\":\"https:\\\/\\\/kibrisdakik.com\\\/?p=12789#primaryimage\"},\"thumbnailUrl\":\"https:\\\/\\\/kibrisdakik.com\\\/wp-content\\\/uploads\\\/2023\\\/02\\\/itfaiye-raporuuuuuuu-haftalik.jpg\",\"articleSection\":[\"G\u00fcndem\"],\"inLanguage\":\"tr\",\"potentialAction\":[{\"@type\":\"CommentAction\",\"name\":\"Comment\",\"target\":[\"https:\\\/\\\/kibrisdakik.com\\\/?p=12789#respond\"]}]},{\"@type\":\"WebPage\",\"@id\":\"https:\\\/\\\/kibrisdakik.com\\\/?p=12789\",\"url\":\"https:\\\/\\\/kibrisdakik.com\\\/?p=12789\",\"name\":\"Ge\u00e7en hafta itfaiye, 7 yang\u0131na ve 22 olaya m\u00fcdahale etti, 192 bin TL\u2019lik zarar oldu -\",\"isPartOf\":{\"@id\":\"https:\\\/\\\/kibrisdakik.com\\\/#website\"},\"primaryImageOfPage\":{\"@id\":\"https:\\\/\\\/kibrisdakik.com\\\/?p=12789#primaryimage\"},\"image\":{\"@id\":\"https:\\\/\\\/kibrisdakik.com\\\/?p=12789#primaryimage\"},\"thumbnailUrl\":\"https:\\\/\\\/kibrisdakik.com\\\/wp-content\\\/uploads\\\/2023\\\/02\\\/itfaiye-raporuuuuuuu-haftalik.jpg\",\"datePublished\":\"2023-08-28T09:09:28+00:00\",\"author\":{\"@id\":\"https:\\\/\\\/kibrisdakik.com\\\/#\\\/schema\\\/person\\\/9cd9d437bbb44f72b73ba127e06d8e79\"},\"breadcrumb\":{\"@id\":\"https:\\\/\\\/kibrisdakik.com\\\/?p=12789#breadcrumb\"},\"inLanguage\":\"tr\",\"potentialAction\":[{\"@type\":\"ReadAction\",\"target\":[\"https:\\\/\\\/kibrisdakik.com\\\/?p=12789\"]}]},{\"@type\":\"ImageObject\",\"inLanguage\":\"tr\",\"@id\":\"https:\\\/\\\/kibrisdakik.com\\\/?p=12789#primaryimage\",\"url\":\"https:\\\/\\\/kibrisdakik.com\\\/wp-content\\\/uploads\\\/2023\\\/02\\\/itfaiye-raporuuuuuuu-haftalik.jpg\",\"contentUrl\":\"https:\\\/\\\/kibrisdakik.com\\\/wp-content\\\/uploads\\\/2023\\\/02\\\/itfaiye-raporuuuuuuu-haftalik.jpg\",\"width\":700,\"height\":391},{\"@type\":\"BreadcrumbList\",\"@id\":\"https:\\\/\\\/kibrisdakik.com\\\/?p=12789#breadcrumb\",\"itemListElement\":[{\"@type\":\"ListItem\",\"position\":1,\"name\":\"Home\",\"item\":\"https:\\\/\\\/kibrisdakik.com\\\/\"},{\"@type\":\"ListItem\",\"position\":2,\"name\":\"Ge\u00e7en hafta itfaiye, 7 yang\u0131na ve 22 olaya m\u00fcdahale etti, 192 bin TL\u2019lik zarar oldu\"}]},{\"@type\":\"WebSite\",\"@id\":\"https:\\\/\\\/kibrisdakik.com\\\/#website\",\"url\":\"https:\\\/\\\/kibrisdakik.com\\\/\",\"name\":\"\",\"description\":\"Tam vaktinde haber\",\"potentialAction\":[{\"@type\":\"SearchAction\",\"target\":{\"@type\":\"EntryPoint\",\"urlTemplate\":\"https:\\\/\\\/kibrisdakik.com\\\/?s={search_term_string}\"},\"query-input\":{\"@type\":\"PropertyValueSpecification\",\"valueRequired\":true,\"valueName\":\"search_term_string\"}}],\"inLanguage\":\"tr\"},{\"@type\":\"Person\",\"@id\":\"https:\\\/\\\/kibrisdakik.com\\\/#\\\/schema\\\/person\\\/9cd9d437bbb44f72b73ba127e06d8e79\",\"name\":\"admin\",\"image\":{\"@type\":\"ImageObject\",\"inLanguage\":\"tr\",\"@id\":\"https:\\\/\\\/secure.gravatar.com\\\/avatar\\\/ccc17943b9d660506c869530f897617f7cb1c21a4bf30023f252596d83e1f007?s=96&d=mm&r=g\",\"url\":\"https:\\\/\\\/secure.gravatar.com\\\/avatar\\\/ccc17943b9d660506c869530f897617f7cb1c21a4bf30023f252596d83e1f007?s=96&d=mm&r=g\",\"contentUrl\":\"https:\\\/\\\/secure.gravatar.com\\\/avatar\\\/ccc17943b9d660506c869530f897617f7cb1c21a4bf30023f252596d83e1f007?s=96&d=mm&r=g\",\"caption\":\"admin\"},\"sameAs\":[\"https:\\\/\\\/kibrisdakik.com\"],\"url\":\"https:\\\/\\\/kibrisdakik.com\\\/?author=1\"}]}<\/script>\n<!-- \/ Yoast SEO plugin. -->","yoast_head_json":{"title":"Ge\u00e7en hafta itfaiye, 7 yang\u0131na ve 22 olaya m\u00fcdahale etti, 192 bin TL\u2019lik zarar oldu -","robots":{"index":"index","follow":"follow","max-snippet":"max-snippet:-1","max-image-preview":"max-image-preview:large","max-video-preview":"max-video-preview:-1"},"canonical":"https:\/\/kibrisdakik.com\/?p=12789","og_locale":"tr_TR","og_type":"article","og_title":"Ge\u00e7en hafta itfaiye, 7 yang\u0131na ve 22 olaya m\u00fcdahale etti, 192 bin TL\u2019lik zarar oldu -","og_description":"KKTC\u2019de ge\u00e7en hafta itfaiye, 7 yang\u0131na ve 22 olaya m\u00fcdahale etti. \u0130tfaiye M\u00fcd\u00fcrl\u00fc\u011f\u00fc taraf\u0131ndan yay\u0131mlanan haftal\u0131k rapora g\u00f6re, 21-27 A\u011fustos aras\u0131nda meydana gelen yang\u0131nlar sonucunda yakla\u015f\u0131k 192 bin TL\u2019lik zarar olu\u015ftu. Yang\u0131nlar\u0131n muhtemel sebepleri; \u201ck\u0131sa devre, bilinmeyen ki\u015fi veya ki\u015filer taraf\u0131ndan s\u00f6nmeden at\u0131lan sigara izmariti, bilinmeyen ki\u015fi veya ki\u015filer taraf\u0131ndan yakma, s\u00f6nd\u00fcr\u00fclmeden at\u0131lan sigara izmaritinin","og_url":"https:\/\/kibrisdakik.com\/?p=12789","article_published_time":"2023-08-28T09:09:28+00:00","og_image":[{"width":700,"height":391,"url":"https:\/\/kibrisdakik.com\/wp-content\/uploads\/2023\/02\/itfaiye-raporuuuuuuu-haftalik.jpg","type":"image\/jpeg"}],"author":"admin","twitter_card":"summary_large_image","twitter_misc":{"Yazan:":"admin","Tahmini okuma s\u00fcresi":"1 dakika"},"schema":{"@context":"https:\/\/schema.org","@graph":[{"@type":"Article","@id":"https:\/\/kibrisdakik.com\/?p=12789#article","isPartOf":{"@id":"https:\/\/kibrisdakik.com\/?p=12789"},"author":{"name":"admin","@id":"https:\/\/kibrisdakik.com\/#\/schema\/person\/9cd9d437bbb44f72b73ba127e06d8e79"},"headline":"Ge\u00e7en hafta itfaiye, 7 yang\u0131na ve 22 olaya m\u00fcdahale etti, 192 bin TL\u2019lik zarar oldu","datePublished":"2023-08-28T09:09:28+00:00","mainEntityOfPage":{"@id":"https:\/\/kibrisdakik.com\/?p=12789"},"wordCount":193,"commentCount":0,"image":{"@id":"https:\/\/kibrisdakik.com\/?p=12789#primaryimage"},"thumbnailUrl":"https:\/\/kibrisdakik.com\/wp-content\/uploads\/2023\/02\/itfaiye-raporuuuuuuu-haftalik.jpg","articleSection":["G\u00fcndem"],"inLanguage":"tr","potentialAction":[{"@type":"CommentAction","name":"Comment","target":["https:\/\/kibrisdakik.com\/?p=12789#respond"]}]},{"@type":"WebPage","@id":"https:\/\/kibrisdakik.com\/?p=12789","url":"https:\/\/kibrisdakik.com\/?p=12789","name":"Ge\u00e7en hafta itfaiye, 7 yang\u0131na ve 22 olaya m\u00fcdahale etti, 192 bin TL\u2019lik zarar oldu -","isPartOf":{"@id":"https:\/\/kibrisdakik.com\/#website"},"primaryImageOfPage":{"@id":"https:\/\/kibrisdakik.com\/?p=12789#primaryimage"},"image":{"@id":"https:\/\/kibrisdakik.com\/?p=12789#primaryimage"},"thumbnailUrl":"https:\/\/kibrisdakik.com\/wp-content\/uploads\/2023\/02\/itfaiye-raporuuuuuuu-haftalik.jpg","datePublished":"2023-08-28T09:09:28+00:00","author":{"@id":"https:\/\/kibrisdakik.com\/#\/schema\/person\/9cd9d437bbb44f72b73ba127e06d8e79"},"breadcrumb":{"@id":"https:\/\/kibrisdakik.com\/?p=12789#breadcrumb"},"inLanguage":"tr","potentialAction":[{"@type":"ReadAction","target":["https:\/\/kibrisdakik.com\/?p=12789"]}]},{"@type":"ImageObject","inLanguage":"tr","@id":"https:\/\/kibrisdakik.com\/?p=12789#primaryimage","url":"https:\/\/kibrisdakik.com\/wp-content\/uploads\/2023\/02\/itfaiye-raporuuuuuuu-haftalik.jpg","contentUrl":"https:\/\/kibrisdakik.com\/wp-content\/uploads\/2023\/02\/itfaiye-raporuuuuuuu-haftalik.jpg","width":700,"height":391},{"@type":"BreadcrumbList","@id":"https:\/\/kibrisdakik.com\/?p=12789#breadcrumb","itemListElement":[{"@type":"ListItem","position":1,"name":"Home","item":"https:\/\/kibrisdakik.com\/"},{"@type":"ListItem","position":2,"name":"Ge\u00e7en hafta itfaiye, 7 yang\u0131na ve 22 olaya m\u00fcdahale etti, 192 bin TL\u2019lik zarar oldu"}]},{"@type":"WebSite","@id":"https:\/\/kibrisdakik.com\/#website","url":"https:\/\/kibrisdakik.com\/","name":"","description":"Tam vaktinde haber","potentialAction":[{"@type":"SearchAction","target":{"@type":"EntryPoint","urlTemplate":"https:\/\/kibrisdakik.com\/?s={search_term_string}"},"query-input":{"@type":"PropertyValueSpecification","valueRequired":true,"valueName":"search_term_string"}}],"inLanguage":"tr"},{"@type":"Person","@id":"https:\/\/kibrisdakik.com\/#\/schema\/person\/9cd9d437bbb44f72b73ba127e06d8e79","name":"admin","image":{"@type":"ImageObject","inLanguage":"tr","@id":"https:\/\/secure.gravatar.com\/avatar\/ccc17943b9d660506c869530f897617f7cb1c21a4bf30023f252596d83e1f007?s=96&d=mm&r=g","url":"https:\/\/secure.gravatar.com\/avatar\/ccc17943b9d660506c869530f897617f7cb1c21a4bf30023f252596d83e1f007?s=96&d=mm&r=g","contentUrl":"https:\/\/secure.gravatar.com\/avatar\/ccc17943b9d660506c869530f897617f7cb1c21a4bf30023f252596d83e1f007?s=96&d=mm&r=g","caption":"admin"},"sameAs":["https:\/\/kibrisdakik.com"],"url":"https:\/\/kibrisdakik.com\/?author=1"}]}},"_links":{"self":[{"href":"https:\/\/kibrisdakik.com\/index.php?rest_route=\/wp\/v2\/posts\/12789","targetHints":{"allow":["GET"]}}],"collection":[{"href":"https:\/\/kibrisdakik.com\/index.php?rest_route=\/wp\/v2\/posts"}],"about":[{"href":"https:\/\/kibrisdakik.com\/index.php?rest_route=\/wp\/v2\/types\/post"}],"author":[{"embeddable":true,"href":"https:\/\/kibrisdakik.com\/index.php?rest_route=\/wp\/v2\/users\/1"}],"replies":[{"embeddable":true,"href":"https:\/\/kibrisdakik.com\/index.php?rest_route=%2Fwp%2Fv2%2Fcomments&post=12789"}],"version-history":[{"count":0,"href":"https:\/\/kibrisdakik.com\/index.php?rest_route=\/wp\/v2\/posts\/12789\/revisions"}],"wp:featuredmedia":[{"embeddable":true,"href":"https:\/\/kibrisdakik.com\/index.php?rest_route=\/wp\/v2\/media\/1787"}],"wp:attachment":[{"href":"https:\/\/kibrisdakik.com\/index.php?rest_route=%2Fwp%2Fv2%2Fmedia&parent=12789"}],"wp:term":[{"taxonomy":"category","embeddable":true,"href":"https:\/\/kibrisdakik.com\/index.php?rest_route=%2Fwp%2Fv2%2Fcategories&post=12789"},{"taxonomy":"post_tag","embeddable":true,"href":"https:\/\/kibrisdakik.com\/index.php?rest_route=%2Fwp%2Fv2%2Ftags&post=12789"}],"curies":[{"name":"wp","href":"https:\/\/api.w.org\/{rel}","templated":true}]}}