{"id":12790,"date":"2023-08-28T09:29:28","date_gmt":"2023-08-28T09:29:28","guid":{"rendered":"https:\/\/kibrisdakik.com\/index.php\/2023\/08\/28\/bmgs-yardimcisi-jenca-kibrista-jenca-bugun-cumhurbaskani-tatar-ile-gorusecek\/"},"modified":"2023-08-28T09:29:28","modified_gmt":"2023-08-28T09:29:28","slug":"bmgs-yardimcisi-jenca-kibrista-jenca-bugun-cumhurbaskani-tatar-ile-gorusecek","status":"publish","type":"post","link":"https:\/\/kibrisdakik.com\/?p=12790","title":{"rendered":"BMGS Yard\u0131mc\u0131s\u0131 Jen\u010da K\u0131br\u0131s\u2019ta\u2026 Jen\u010da, bug\u00fcn Cumhurba\u015fkan\u0131 Tatar ile g\u00f6r\u00fc\u015fecek"},"content":{"rendered":"<p><\/p>\n<div>\n<div class=\"mariselle-image-container center\">\n                <img width=\"712\" height=\"436\" class=\"lazy-image\" alt=\"\" decoding=\"async\" loading=\"lazy\" sizes=\"auto, (max-width: 712px) 100vw, 712px\" src=\"https:\/\/brtk.net\/wp-content\/uploads\/2023\/08\/28\/jenca.jpg?ver=bc0519aec052c7c0b312554bfb3f89c8\" srcset=\"https:\/\/brtk.net\/wp-content\/uploads\/2023\/08\/28\/jenca.jpg?ver=bc0519aec052c7c0b312554bfb3f89c8 712w, https:\/\/brtk.net\/wp-content\/uploads\/2023\/08\/28\/jenca-300x184.jpg?ver=526dea143083aa57959c01d75107bfa4 300w\"\/>                            <\/div>\n<p>Cumhurba\u015fkan\u0131 <a href=\"https:\/\/brtk.net\/\" target=\"_blank\" rel=\"noopener\"><a href=\"https:\/\/brtk.net\/\" target=\"_blank\" rel=\"noopener\"><a href=\"https:\/\/brtk.net\/\" target=\"_blank\" rel=\"noopener\">Ersin <\/a><a href=\"https:\/\/brtk.net\/\"\/><a href=\"https:\/\/brtk.net\/\">Tatar<\/a>, Birle\u015fmi\u015f Milletler (BM) Avrupa, Orta Asya ve Amerika\u2019dan sorumlu Genel Sekreter Yard\u0131mc\u0131s\u0131 Miroslav Jen\u010da ile bug\u00fcn biraya geliyor.<\/p>\n<p>D\u00fcn ak\u015fam saatlerinde adaya varan BM Genel Sekreter Yard\u0131mc\u0131s\u0131 Miroslav Jen\u010da, K\u0131br\u0131s\u2019taki iki g\u00fcnl\u00fck temaslar\u0131na bug\u00fcn ba\u015fl\u0131yor. Bug\u00fcnk\u00fc temaslar\u0131 kapsam\u0131nda Jen\u010da, iki liderle ayr\u0131 ayr\u0131 g\u00f6r\u00fc\u015fmelerde bulunacak.<\/p>\n<p>Rum lider Nikos Hristodulidis ile g\u00f6r\u00fc\u015fmesinin ard\u0131ndan Jen\u010da, Cumhurba\u015fkan\u0131 <a href=\"https:\/\/brtk.net\/\" target=\"_blank\" rel=\"noopener\"><a href=\"https:\/\/brtk.net\/\" target=\"_blank\" rel=\"noopener\"><a href=\"https:\/\/brtk.net\/\" target=\"_blank\" rel=\"noopener\">Ersin <\/a><a href=\"https:\/\/brtk.net\/\"\/><a href=\"https:\/\/brtk.net\/\">Tatar<\/a> ile bir araya gelecek.<\/p>\n<p>Cumhurba\u015fkanl\u0131\u011f\u0131ndan verilen bilgiye g\u00f6re, Cumhurba\u015fkan\u0131 <a href=\"https:\/\/brtk.net\/\" target=\"_blank\" rel=\"noopener\"><a href=\"https:\/\/brtk.net\/\" target=\"_blank\" rel=\"noopener\"><a href=\"https:\/\/brtk.net\/\" target=\"_blank\" rel=\"noopener\">Ersin <\/a><a href=\"https:\/\/brtk.net\/\"\/><a href=\"https:\/\/brtk.net\/\">Tatar<\/a>, bug\u00fcn saat 14.00\u2019te Miroslav Jenca\u2019y\u0131 kabul edecek. <\/p>\n<p>BM Genel Sekreteri S\u00f6zc\u00fc Yard\u0131mc\u0131s\u0131 Florencia Soto N\u0131\u00f1o\u200b, cuma g\u00fcnk\u00fc bilgilendirme toplant\u0131s\u0131nda, BM Genel Sekreter Yard\u0131mc\u0131s\u0131 Miroslav Jen\u010da\u2019n\u0131n, iki liderler ve temsilcileriyle ayr\u0131 ayr\u0131 toplant\u0131lar yapmak \u00fczere 27-29 A\u011fustos tarihlerinde K\u0131br\u0131s\u2019ta olaca\u011f\u0131n\u0131, g\u00f6r\u00fc\u015fmelerde K\u0131br\u0131s konusunda bir sonraki ad\u0131mlar\u0131n ve adada ya\u015fanan son geli\u015fmelerin ele al\u0131nmas\u0131n\u0131n beklendi\u011fini a\u00e7\u0131klam\u0131\u015ft\u0131.<\/p>\n<\/p><\/div>\n","protected":false},"excerpt":{"rendered":"<p>Cumhurba\u015fkan\u0131 Ersin Tatar, Birle\u015fmi\u015f Milletler (BM) Avrupa, Orta Asya ve Amerika\u2019dan sorumlu Genel Sekreter Yard\u0131mc\u0131s\u0131 Miroslav Jen\u010da ile bug\u00fcn biraya geliyor. D\u00fcn ak\u015fam saatlerinde adaya varan BM Genel Sekreter Yard\u0131mc\u0131s\u0131 Miroslav Jen\u010da, K\u0131br\u0131s\u2019taki iki g\u00fcnl\u00fck temaslar\u0131na bug\u00fcn ba\u015fl\u0131yor. Bug\u00fcnk\u00fc temaslar\u0131 kapsam\u0131nda Jen\u010da, iki liderle ayr\u0131 ayr\u0131 g\u00f6r\u00fc\u015fmelerde bulunacak. Rum lider Nikos Hristodulidis ile g\u00f6r\u00fc\u015fmesinin ard\u0131ndan<\/p>\n","protected":false},"author":1,"featured_media":12791,"comment_status":"open","ping_status":"open","sticky":false,"template":"","format":"standard","meta":{"footnotes":""},"categories":[1],"tags":[],"class_list":["post-12790","post","type-post","status-publish","format-standard","has-post-thumbnail","hentry","category-gundem"],"yoast_head":"<!-- This site is optimized with the Yoast SEO plugin v27.4 - https:\/\/yoast.com\/product\/yoast-seo-wordpress\/ -->\n<title>BMGS Yard\u0131mc\u0131s\u0131 Jen\u010da K\u0131br\u0131s\u2019ta\u2026 Jen\u010da, bug\u00fcn Cumhurba\u015fkan\u0131 Tatar ile g\u00f6r\u00fc\u015fecek -<\/title>\n<meta name=\"robots\" content=\"index, follow, max-snippet:-1, max-image-preview:large, max-video-preview:-1\" \/>\n<link rel=\"canonical\" href=\"https:\/\/kibrisdakik.com\/?p=12790\" \/>\n<meta property=\"og:locale\" content=\"tr_TR\" \/>\n<meta property=\"og:type\" content=\"article\" \/>\n<meta property=\"og:title\" content=\"BMGS Yard\u0131mc\u0131s\u0131 Jen\u010da K\u0131br\u0131s\u2019ta\u2026 Jen\u010da, bug\u00fcn Cumhurba\u015fkan\u0131 Tatar ile g\u00f6r\u00fc\u015fecek -\" \/>\n<meta property=\"og:description\" content=\"Cumhurba\u015fkan\u0131 Ersin Tatar, Birle\u015fmi\u015f Milletler (BM) Avrupa, Orta Asya ve Amerika\u2019dan sorumlu Genel Sekreter Yard\u0131mc\u0131s\u0131 Miroslav Jen\u010da ile bug\u00fcn biraya geliyor. D\u00fcn ak\u015fam saatlerinde adaya varan BM Genel Sekreter Yard\u0131mc\u0131s\u0131 Miroslav Jen\u010da, K\u0131br\u0131s\u2019taki iki g\u00fcnl\u00fck temaslar\u0131na bug\u00fcn ba\u015fl\u0131yor. Bug\u00fcnk\u00fc temaslar\u0131 kapsam\u0131nda Jen\u010da, iki liderle ayr\u0131 ayr\u0131 g\u00f6r\u00fc\u015fmelerde bulunacak. Rum lider Nikos Hristodulidis ile g\u00f6r\u00fc\u015fmesinin ard\u0131ndan\" \/>\n<meta property=\"og:url\" content=\"https:\/\/kibrisdakik.com\/?p=12790\" \/>\n<meta property=\"article:published_time\" content=\"2023-08-28T09:29:28+00:00\" \/>\n<meta property=\"og:image\" content=\"https:\/\/kibrisdakik.com\/wp-content\/uploads\/2023\/08\/jenca-712x420.jpg\" \/>\n\t<meta property=\"og:image:width\" content=\"712\" \/>\n\t<meta property=\"og:image:height\" content=\"436\" \/>\n\t<meta property=\"og:image:type\" content=\"image\/jpeg\" \/>\n<meta name=\"author\" content=\"admin\" \/>\n<meta name=\"twitter:card\" content=\"summary_large_image\" \/>\n<meta name=\"twitter:label1\" content=\"Yazan:\" \/>\n\t<meta name=\"twitter:data1\" content=\"admin\" \/>\n\t<meta name=\"twitter:label2\" content=\"Tahmini okuma s\u00fcresi\" \/>\n\t<meta name=\"twitter:data2\" content=\"1 dakika\" \/>\n<script type=\"application\/ld+json\" class=\"yoast-schema-graph\">{\"@context\":\"https:\\\/\\\/schema.org\",\"@graph\":[{\"@type\":\"Article\",\"@id\":\"https:\\\/\\\/kibrisdakik.com\\\/?p=12790#article\",\"isPartOf\":{\"@id\":\"https:\\\/\\\/kibrisdakik.com\\\/?p=12790\"},\"author\":{\"name\":\"admin\",\"@id\":\"https:\\\/\\\/kibrisdakik.com\\\/#\\\/schema\\\/person\\\/9cd9d437bbb44f72b73ba127e06d8e79\"},\"headline\":\"BMGS Yard\u0131mc\u0131s\u0131 Jen\u010da K\u0131br\u0131s\u2019ta\u2026 Jen\u010da, bug\u00fcn Cumhurba\u015fkan\u0131 Tatar ile g\u00f6r\u00fc\u015fecek\",\"datePublished\":\"2023-08-28T09:29:28+00:00\",\"mainEntityOfPage\":{\"@id\":\"https:\\\/\\\/kibrisdakik.com\\\/?p=12790\"},\"wordCount\":214,\"commentCount\":0,\"image\":{\"@id\":\"https:\\\/\\\/kibrisdakik.com\\\/?p=12790#primaryimage\"},\"thumbnailUrl\":\"https:\\\/\\\/kibrisdakik.com\\\/wp-content\\\/uploads\\\/2023\\\/08\\\/jenca-712x420.jpg\",\"articleSection\":[\"G\u00fcndem\"],\"inLanguage\":\"tr\",\"potentialAction\":[{\"@type\":\"CommentAction\",\"name\":\"Comment\",\"target\":[\"https:\\\/\\\/kibrisdakik.com\\\/?p=12790#respond\"]}]},{\"@type\":\"WebPage\",\"@id\":\"https:\\\/\\\/kibrisdakik.com\\\/?p=12790\",\"url\":\"https:\\\/\\\/kibrisdakik.com\\\/?p=12790\",\"name\":\"BMGS Yard\u0131mc\u0131s\u0131 Jen\u010da K\u0131br\u0131s\u2019ta\u2026 Jen\u010da, bug\u00fcn Cumhurba\u015fkan\u0131 Tatar ile g\u00f6r\u00fc\u015fecek -\",\"isPartOf\":{\"@id\":\"https:\\\/\\\/kibrisdakik.com\\\/#website\"},\"primaryImageOfPage\":{\"@id\":\"https:\\\/\\\/kibrisdakik.com\\\/?p=12790#primaryimage\"},\"image\":{\"@id\":\"https:\\\/\\\/kibrisdakik.com\\\/?p=12790#primaryimage\"},\"thumbnailUrl\":\"https:\\\/\\\/kibrisdakik.com\\\/wp-content\\\/uploads\\\/2023\\\/08\\\/jenca-712x420.jpg\",\"datePublished\":\"2023-08-28T09:29:28+00:00\",\"author\":{\"@id\":\"https:\\\/\\\/kibrisdakik.com\\\/#\\\/schema\\\/person\\\/9cd9d437bbb44f72b73ba127e06d8e79\"},\"breadcrumb\":{\"@id\":\"https:\\\/\\\/kibrisdakik.com\\\/?p=12790#breadcrumb\"},\"inLanguage\":\"tr\",\"potentialAction\":[{\"@type\":\"ReadAction\",\"target\":[\"https:\\\/\\\/kibrisdakik.com\\\/?p=12790\"]}]},{\"@type\":\"ImageObject\",\"inLanguage\":\"tr\",\"@id\":\"https:\\\/\\\/kibrisdakik.com\\\/?p=12790#primaryimage\",\"url\":\"https:\\\/\\\/kibrisdakik.com\\\/wp-content\\\/uploads\\\/2023\\\/08\\\/jenca-712x420.jpg\",\"contentUrl\":\"https:\\\/\\\/kibrisdakik.com\\\/wp-content\\\/uploads\\\/2023\\\/08\\\/jenca-712x420.jpg\",\"width\":712,\"height\":436},{\"@type\":\"BreadcrumbList\",\"@id\":\"https:\\\/\\\/kibrisdakik.com\\\/?p=12790#breadcrumb\",\"itemListElement\":[{\"@type\":\"ListItem\",\"position\":1,\"name\":\"Home\",\"item\":\"https:\\\/\\\/kibrisdakik.com\\\/\"},{\"@type\":\"ListItem\",\"position\":2,\"name\":\"BMGS Yard\u0131mc\u0131s\u0131 Jen\u010da K\u0131br\u0131s\u2019ta\u2026 Jen\u010da, bug\u00fcn Cumhurba\u015fkan\u0131 Tatar ile g\u00f6r\u00fc\u015fecek\"}]},{\"@type\":\"WebSite\",\"@id\":\"https:\\\/\\\/kibrisdakik.com\\\/#website\",\"url\":\"https:\\\/\\\/kibrisdakik.com\\\/\",\"name\":\"\",\"description\":\"Tam vaktinde haber\",\"potentialAction\":[{\"@type\":\"SearchAction\",\"target\":{\"@type\":\"EntryPoint\",\"urlTemplate\":\"https:\\\/\\\/kibrisdakik.com\\\/?s={search_term_string}\"},\"query-input\":{\"@type\":\"PropertyValueSpecification\",\"valueRequired\":true,\"valueName\":\"search_term_string\"}}],\"inLanguage\":\"tr\"},{\"@type\":\"Person\",\"@id\":\"https:\\\/\\\/kibrisdakik.com\\\/#\\\/schema\\\/person\\\/9cd9d437bbb44f72b73ba127e06d8e79\",\"name\":\"admin\",\"image\":{\"@type\":\"ImageObject\",\"inLanguage\":\"tr\",\"@id\":\"https:\\\/\\\/secure.gravatar.com\\\/avatar\\\/ccc17943b9d660506c869530f897617f7cb1c21a4bf30023f252596d83e1f007?s=96&d=mm&r=g\",\"url\":\"https:\\\/\\\/secure.gravatar.com\\\/avatar\\\/ccc17943b9d660506c869530f897617f7cb1c21a4bf30023f252596d83e1f007?s=96&d=mm&r=g\",\"contentUrl\":\"https:\\\/\\\/secure.gravatar.com\\\/avatar\\\/ccc17943b9d660506c869530f897617f7cb1c21a4bf30023f252596d83e1f007?s=96&d=mm&r=g\",\"caption\":\"admin\"},\"sameAs\":[\"https:\\\/\\\/kibrisdakik.com\"],\"url\":\"https:\\\/\\\/kibrisdakik.com\\\/?author=1\"}]}<\/script>\n<!-- \/ Yoast SEO plugin. -->","yoast_head_json":{"title":"BMGS Yard\u0131mc\u0131s\u0131 Jen\u010da K\u0131br\u0131s\u2019ta\u2026 Jen\u010da, bug\u00fcn Cumhurba\u015fkan\u0131 Tatar ile g\u00f6r\u00fc\u015fecek -","robots":{"index":"index","follow":"follow","max-snippet":"max-snippet:-1","max-image-preview":"max-image-preview:large","max-video-preview":"max-video-preview:-1"},"canonical":"https:\/\/kibrisdakik.com\/?p=12790","og_locale":"tr_TR","og_type":"article","og_title":"BMGS Yard\u0131mc\u0131s\u0131 Jen\u010da K\u0131br\u0131s\u2019ta\u2026 Jen\u010da, bug\u00fcn Cumhurba\u015fkan\u0131 Tatar ile g\u00f6r\u00fc\u015fecek -","og_description":"Cumhurba\u015fkan\u0131 Ersin Tatar, Birle\u015fmi\u015f Milletler (BM) Avrupa, Orta Asya ve Amerika\u2019dan sorumlu Genel Sekreter Yard\u0131mc\u0131s\u0131 Miroslav Jen\u010da ile bug\u00fcn biraya geliyor. D\u00fcn ak\u015fam saatlerinde adaya varan BM Genel Sekreter Yard\u0131mc\u0131s\u0131 Miroslav Jen\u010da, K\u0131br\u0131s\u2019taki iki g\u00fcnl\u00fck temaslar\u0131na bug\u00fcn ba\u015fl\u0131yor. Bug\u00fcnk\u00fc temaslar\u0131 kapsam\u0131nda Jen\u010da, iki liderle ayr\u0131 ayr\u0131 g\u00f6r\u00fc\u015fmelerde bulunacak. Rum lider Nikos Hristodulidis ile g\u00f6r\u00fc\u015fmesinin ard\u0131ndan","og_url":"https:\/\/kibrisdakik.com\/?p=12790","article_published_time":"2023-08-28T09:29:28+00:00","og_image":[{"width":712,"height":436,"url":"https:\/\/kibrisdakik.com\/wp-content\/uploads\/2023\/08\/jenca-712x420.jpg","type":"image\/jpeg"}],"author":"admin","twitter_card":"summary_large_image","twitter_misc":{"Yazan:":"admin","Tahmini okuma s\u00fcresi":"1 dakika"},"schema":{"@context":"https:\/\/schema.org","@graph":[{"@type":"Article","@id":"https:\/\/kibrisdakik.com\/?p=12790#article","isPartOf":{"@id":"https:\/\/kibrisdakik.com\/?p=12790"},"author":{"name":"admin","@id":"https:\/\/kibrisdakik.com\/#\/schema\/person\/9cd9d437bbb44f72b73ba127e06d8e79"},"headline":"BMGS Yard\u0131mc\u0131s\u0131 Jen\u010da K\u0131br\u0131s\u2019ta\u2026 Jen\u010da, bug\u00fcn Cumhurba\u015fkan\u0131 Tatar ile g\u00f6r\u00fc\u015fecek","datePublished":"2023-08-28T09:29:28+00:00","mainEntityOfPage":{"@id":"https:\/\/kibrisdakik.com\/?p=12790"},"wordCount":214,"commentCount":0,"image":{"@id":"https:\/\/kibrisdakik.com\/?p=12790#primaryimage"},"thumbnailUrl":"https:\/\/kibrisdakik.com\/wp-content\/uploads\/2023\/08\/jenca-712x420.jpg","articleSection":["G\u00fcndem"],"inLanguage":"tr","potentialAction":[{"@type":"CommentAction","name":"Comment","target":["https:\/\/kibrisdakik.com\/?p=12790#respond"]}]},{"@type":"WebPage","@id":"https:\/\/kibrisdakik.com\/?p=12790","url":"https:\/\/kibrisdakik.com\/?p=12790","name":"BMGS Yard\u0131mc\u0131s\u0131 Jen\u010da K\u0131br\u0131s\u2019ta\u2026 Jen\u010da, bug\u00fcn Cumhurba\u015fkan\u0131 Tatar ile g\u00f6r\u00fc\u015fecek -","isPartOf":{"@id":"https:\/\/kibrisdakik.com\/#website"},"primaryImageOfPage":{"@id":"https:\/\/kibrisdakik.com\/?p=12790#primaryimage"},"image":{"@id":"https:\/\/kibrisdakik.com\/?p=12790#primaryimage"},"thumbnailUrl":"https:\/\/kibrisdakik.com\/wp-content\/uploads\/2023\/08\/jenca-712x420.jpg","datePublished":"2023-08-28T09:29:28+00:00","author":{"@id":"https:\/\/kibrisdakik.com\/#\/schema\/person\/9cd9d437bbb44f72b73ba127e06d8e79"},"breadcrumb":{"@id":"https:\/\/kibrisdakik.com\/?p=12790#breadcrumb"},"inLanguage":"tr","potentialAction":[{"@type":"ReadAction","target":["https:\/\/kibrisdakik.com\/?p=12790"]}]},{"@type":"ImageObject","inLanguage":"tr","@id":"https:\/\/kibrisdakik.com\/?p=12790#primaryimage","url":"https:\/\/kibrisdakik.com\/wp-content\/uploads\/2023\/08\/jenca-712x420.jpg","contentUrl":"https:\/\/kibrisdakik.com\/wp-content\/uploads\/2023\/08\/jenca-712x420.jpg","width":712,"height":436},{"@type":"BreadcrumbList","@id":"https:\/\/kibrisdakik.com\/?p=12790#breadcrumb","itemListElement":[{"@type":"ListItem","position":1,"name":"Home","item":"https:\/\/kibrisdakik.com\/"},{"@type":"ListItem","position":2,"name":"BMGS Yard\u0131mc\u0131s\u0131 Jen\u010da K\u0131br\u0131s\u2019ta\u2026 Jen\u010da, bug\u00fcn Cumhurba\u015fkan\u0131 Tatar ile g\u00f6r\u00fc\u015fecek"}]},{"@type":"WebSite","@id":"https:\/\/kibrisdakik.com\/#website","url":"https:\/\/kibrisdakik.com\/","name":"","description":"Tam vaktinde haber","potentialAction":[{"@type":"SearchAction","target":{"@type":"EntryPoint","urlTemplate":"https:\/\/kibrisdakik.com\/?s={search_term_string}"},"query-input":{"@type":"PropertyValueSpecification","valueRequired":true,"valueName":"search_term_string"}}],"inLanguage":"tr"},{"@type":"Person","@id":"https:\/\/kibrisdakik.com\/#\/schema\/person\/9cd9d437bbb44f72b73ba127e06d8e79","name":"admin","image":{"@type":"ImageObject","inLanguage":"tr","@id":"https:\/\/secure.gravatar.com\/avatar\/ccc17943b9d660506c869530f897617f7cb1c21a4bf30023f252596d83e1f007?s=96&d=mm&r=g","url":"https:\/\/secure.gravatar.com\/avatar\/ccc17943b9d660506c869530f897617f7cb1c21a4bf30023f252596d83e1f007?s=96&d=mm&r=g","contentUrl":"https:\/\/secure.gravatar.com\/avatar\/ccc17943b9d660506c869530f897617f7cb1c21a4bf30023f252596d83e1f007?s=96&d=mm&r=g","caption":"admin"},"sameAs":["https:\/\/kibrisdakik.com"],"url":"https:\/\/kibrisdakik.com\/?author=1"}]}},"_links":{"self":[{"href":"https:\/\/kibrisdakik.com\/index.php?rest_route=\/wp\/v2\/posts\/12790","targetHints":{"allow":["GET"]}}],"collection":[{"href":"https:\/\/kibrisdakik.com\/index.php?rest_route=\/wp\/v2\/posts"}],"about":[{"href":"https:\/\/kibrisdakik.com\/index.php?rest_route=\/wp\/v2\/types\/post"}],"author":[{"embeddable":true,"href":"https:\/\/kibrisdakik.com\/index.php?rest_route=\/wp\/v2\/users\/1"}],"replies":[{"embeddable":true,"href":"https:\/\/kibrisdakik.com\/index.php?rest_route=%2Fwp%2Fv2%2Fcomments&post=12790"}],"version-history":[{"count":0,"href":"https:\/\/kibrisdakik.com\/index.php?rest_route=\/wp\/v2\/posts\/12790\/revisions"}],"wp:featuredmedia":[{"embeddable":true,"href":"https:\/\/kibrisdakik.com\/index.php?rest_route=\/wp\/v2\/media\/12791"}],"wp:attachment":[{"href":"https:\/\/kibrisdakik.com\/index.php?rest_route=%2Fwp%2Fv2%2Fmedia&parent=12790"}],"wp:term":[{"taxonomy":"category","embeddable":true,"href":"https:\/\/kibrisdakik.com\/index.php?rest_route=%2Fwp%2Fv2%2Fcategories&post=12790"},{"taxonomy":"post_tag","embeddable":true,"href":"https:\/\/kibrisdakik.com\/index.php?rest_route=%2Fwp%2Fv2%2Ftags&post=12790"}],"curies":[{"name":"wp","href":"https:\/\/api.w.org\/{rel}","templated":true}]}}