{"id":12800,"date":"2023-08-28T11:33:58","date_gmt":"2023-08-28T11:33:58","guid":{"rendered":"https:\/\/kibrisdakik.com\/index.php\/2023\/08\/28\/tore-boksor-ibrahim-mercani-kabul-etti\/"},"modified":"2023-08-28T11:33:58","modified_gmt":"2023-08-28T11:33:58","slug":"tore-boksor-ibrahim-mercani-kabul-etti","status":"publish","type":"post","link":"https:\/\/kibrisdakik.com\/?p=12800","title":{"rendered":"T\u00f6re, Boks\u00f6r \u0130brahim Mercan\u2019\u0131 kabul etti"},"content":{"rendered":"<p><\/p>\n<div>\n<div class=\"mariselle-image-container center\">\n                <img width=\"1600\" height=\"1001\" class=\"lazy-image\" alt=\"\" decoding=\"async\" loading=\"lazy\" sizes=\"auto, (max-width: 1600px) 100vw, 1600px\" src=\"https:\/\/brtk.net\/wp-content\/uploads\/2023\/08\/28\/IMG-20230828-WA0012.jpg?ver=520b991e39e57fd9f7b45c8471050682\" srcset=\"https:\/\/brtk.net\/wp-content\/uploads\/2023\/08\/28\/IMG-20230828-WA0012.jpg?ver=520b991e39e57fd9f7b45c8471050682 1600w, https:\/\/brtk.net\/wp-content\/uploads\/2023\/08\/28\/IMG-20230828-WA0012-300x188.jpg?ver=520b991e39e57fd9f7b45c8471050682 300w, https:\/\/brtk.net\/wp-content\/uploads\/2023\/08\/28\/IMG-20230828-WA0012-1024x641.jpg?ver=27ea2a01fdc7d12718d3ec328eca6d33 1024w, https:\/\/brtk.net\/wp-content\/uploads\/2023\/08\/28\/IMG-20230828-WA0012-768x480.jpg?ver=27ea2a01fdc7d12718d3ec328eca6d33 768w, https:\/\/brtk.net\/wp-content\/uploads\/2023\/08\/28\/IMG-20230828-WA0012-1536x961.jpg?ver=bc5049f00933198026f43b7f485ed526 1536w\"\/>                            <\/div>\n<p>Cumhuriyet Meclisi Ba\u015fkan\u0131 Zorlu T\u00f6re, <a href=\"https:\/\/brtk.net\/\"\/><a href=\"https:\/\/brtk.net\/\">KKTC<\/a> bayra\u011f\u0131 ile Uluslararas\u0131 m\u00fcsabakalarda m\u00fccadele ederek ba\u015far\u0131lar g\u00f6steren K\u0131br\u0131sl\u0131 T\u00fcrk boks\u00f6r \u0130brahim Mercan\u2019\u0131 kabul etti.<\/p>\n<p>Meclis \u015eeref salonunda ger\u00e7ekle\u015fen kabulde yapt\u0131\u011f\u0131 konu\u015fmada Cumhuriyet Meclisi Ba\u015fkan\u0131 Zorlu T\u00f6re, boks, ya\u011fl\u0131 g\u00fcre\u015f, ve g\u00fcre\u015f gibi sporlar\u0131n T\u00fcrk milletin tarihi spor gelenekleri oldu\u011funu ifade etti.<\/p>\n<p>Londra\u2019da K\u0131br\u0131s T\u00fcrk halk\u0131n\u0131n <a href=\"https:\/\/brtk.net\/\"\/><a href=\"https:\/\/brtk.net\/\">KKTC<\/a> bayra\u011f\u0131 ile temsil edilmesinin \u00e7ok \u00f6nemli oldu\u011funu ifade eden T\u00f6re \u0130brahim Mercan\u2019a ba\u015far\u0131lar ve<br \/>daimi \u015fampiyonluklar diledi.<\/p>\n<p> T\u00f6re \u201cKahramanl\u0131k ileri at\u0131l\u0131p  geri d\u00f6nmemektir\u201d felsefesini belirterek bu hedef do\u011frultusunda \u00e7al\u0131\u015f\u0131lmas\u0131 gerekti\u011fini vurgulad\u0131.<br \/>Ba\u015fkan T\u00f6re, Londra\u2019da ki K\u0131br\u0131sl\u0131 T\u00fcrklerin <a href=\"https:\/\/brtk.net\/\"\/><a href=\"https:\/\/brtk.net\/\">KKTC<\/a>\u2019nin ayr\u0131lmaz bir par\u00e7as\u0131 oldu\u011funu ifade etti.<\/p>\n<p>Konu\u015fmalar\u0131n ard\u0131nda Cumhuriyet Meclisi Ba\u015fkan\u0131 Zorlu T\u00f6re, boks\u00f6r \u0130brahim Mercan\u2019a \u201cbenim iki bayra\u011f\u0131m var\u201d adl\u0131 \u015fiirin yaz\u0131l\u0131 oldu\u011fun bir \u00e7er\u00e7eve ile Cumhuriyet Meclisi an\u0131 madalyas\u0131 ve Cumhuriyet Meclisi flamas\u0131 hediye etti, an\u0131 foto\u011fraf\u0131 \u00e7ektirdi.<\/p>\n<\/p><\/div>\n","protected":false},"excerpt":{"rendered":"<p>Cumhuriyet Meclisi Ba\u015fkan\u0131 Zorlu T\u00f6re, KKTC bayra\u011f\u0131 ile Uluslararas\u0131 m\u00fcsabakalarda m\u00fccadele ederek ba\u015far\u0131lar g\u00f6steren K\u0131br\u0131sl\u0131 T\u00fcrk boks\u00f6r \u0130brahim Mercan\u2019\u0131 kabul etti. Meclis \u015eeref salonunda ger\u00e7ekle\u015fen kabulde yapt\u0131\u011f\u0131 konu\u015fmada Cumhuriyet Meclisi Ba\u015fkan\u0131 Zorlu T\u00f6re, boks, ya\u011fl\u0131 g\u00fcre\u015f, ve g\u00fcre\u015f gibi sporlar\u0131n T\u00fcrk milletin tarihi spor gelenekleri oldu\u011funu ifade etti. Londra\u2019da K\u0131br\u0131s T\u00fcrk halk\u0131n\u0131n KKTC bayra\u011f\u0131 ile<\/p>\n","protected":false},"author":1,"featured_media":12801,"comment_status":"open","ping_status":"open","sticky":false,"template":"","format":"standard","meta":{"footnotes":""},"categories":[1],"tags":[],"class_list":["post-12800","post","type-post","status-publish","format-standard","has-post-thumbnail","hentry","category-gundem"],"yoast_head":"<!-- This site is optimized with the Yoast SEO plugin v27.4 - https:\/\/yoast.com\/product\/yoast-seo-wordpress\/ -->\n<title>T\u00f6re, Boks\u00f6r \u0130brahim Mercan\u2019\u0131 kabul etti -<\/title>\n<meta name=\"robots\" content=\"index, follow, max-snippet:-1, max-image-preview:large, max-video-preview:-1\" \/>\n<link rel=\"canonical\" href=\"https:\/\/kibrisdakik.com\/?p=12800\" \/>\n<meta property=\"og:locale\" content=\"tr_TR\" \/>\n<meta property=\"og:type\" content=\"article\" \/>\n<meta property=\"og:title\" content=\"T\u00f6re, Boks\u00f6r \u0130brahim Mercan\u2019\u0131 kabul etti -\" \/>\n<meta property=\"og:description\" content=\"Cumhuriyet Meclisi Ba\u015fkan\u0131 Zorlu T\u00f6re, KKTC bayra\u011f\u0131 ile Uluslararas\u0131 m\u00fcsabakalarda m\u00fccadele ederek ba\u015far\u0131lar g\u00f6steren K\u0131br\u0131sl\u0131 T\u00fcrk boks\u00f6r \u0130brahim Mercan\u2019\u0131 kabul etti. Meclis \u015eeref salonunda ger\u00e7ekle\u015fen kabulde yapt\u0131\u011f\u0131 konu\u015fmada Cumhuriyet Meclisi Ba\u015fkan\u0131 Zorlu T\u00f6re, boks, ya\u011fl\u0131 g\u00fcre\u015f, ve g\u00fcre\u015f gibi sporlar\u0131n T\u00fcrk milletin tarihi spor gelenekleri oldu\u011funu ifade etti. Londra\u2019da K\u0131br\u0131s T\u00fcrk halk\u0131n\u0131n KKTC bayra\u011f\u0131 ile\" \/>\n<meta property=\"og:url\" content=\"https:\/\/kibrisdakik.com\/?p=12800\" \/>\n<meta property=\"article:published_time\" content=\"2023-08-28T11:33:58+00:00\" \/>\n<meta property=\"og:image\" content=\"https:\/\/kibrisdakik.com\/wp-content\/uploads\/2023\/08\/IMG-20230828-WA0012-740x420.jpg\" \/>\n\t<meta property=\"og:image:width\" content=\"1600\" \/>\n\t<meta property=\"og:image:height\" content=\"1001\" \/>\n\t<meta property=\"og:image:type\" content=\"image\/jpeg\" \/>\n<meta name=\"author\" content=\"admin\" \/>\n<meta name=\"twitter:card\" content=\"summary_large_image\" \/>\n<meta name=\"twitter:label1\" content=\"Yazan:\" \/>\n\t<meta name=\"twitter:data1\" content=\"admin\" \/>\n\t<meta name=\"twitter:label2\" content=\"Tahmini okuma s\u00fcresi\" \/>\n\t<meta name=\"twitter:data2\" content=\"1 dakika\" \/>\n<script type=\"application\/ld+json\" class=\"yoast-schema-graph\">{\"@context\":\"https:\\\/\\\/schema.org\",\"@graph\":[{\"@type\":\"Article\",\"@id\":\"https:\\\/\\\/kibrisdakik.com\\\/?p=12800#article\",\"isPartOf\":{\"@id\":\"https:\\\/\\\/kibrisdakik.com\\\/?p=12800\"},\"author\":{\"name\":\"admin\",\"@id\":\"https:\\\/\\\/kibrisdakik.com\\\/#\\\/schema\\\/person\\\/9cd9d437bbb44f72b73ba127e06d8e79\"},\"headline\":\"T\u00f6re, Boks\u00f6r \u0130brahim Mercan\u2019\u0131 kabul etti\",\"datePublished\":\"2023-08-28T11:33:58+00:00\",\"mainEntityOfPage\":{\"@id\":\"https:\\\/\\\/kibrisdakik.com\\\/?p=12800\"},\"wordCount\":201,\"commentCount\":0,\"image\":{\"@id\":\"https:\\\/\\\/kibrisdakik.com\\\/?p=12800#primaryimage\"},\"thumbnailUrl\":\"https:\\\/\\\/kibrisdakik.com\\\/wp-content\\\/uploads\\\/2023\\\/08\\\/IMG-20230828-WA0012-740x420.jpg\",\"articleSection\":[\"G\u00fcndem\"],\"inLanguage\":\"tr\",\"potentialAction\":[{\"@type\":\"CommentAction\",\"name\":\"Comment\",\"target\":[\"https:\\\/\\\/kibrisdakik.com\\\/?p=12800#respond\"]}]},{\"@type\":\"WebPage\",\"@id\":\"https:\\\/\\\/kibrisdakik.com\\\/?p=12800\",\"url\":\"https:\\\/\\\/kibrisdakik.com\\\/?p=12800\",\"name\":\"T\u00f6re, Boks\u00f6r \u0130brahim Mercan\u2019\u0131 kabul etti -\",\"isPartOf\":{\"@id\":\"https:\\\/\\\/kibrisdakik.com\\\/#website\"},\"primaryImageOfPage\":{\"@id\":\"https:\\\/\\\/kibrisdakik.com\\\/?p=12800#primaryimage\"},\"image\":{\"@id\":\"https:\\\/\\\/kibrisdakik.com\\\/?p=12800#primaryimage\"},\"thumbnailUrl\":\"https:\\\/\\\/kibrisdakik.com\\\/wp-content\\\/uploads\\\/2023\\\/08\\\/IMG-20230828-WA0012-740x420.jpg\",\"datePublished\":\"2023-08-28T11:33:58+00:00\",\"author\":{\"@id\":\"https:\\\/\\\/kibrisdakik.com\\\/#\\\/schema\\\/person\\\/9cd9d437bbb44f72b73ba127e06d8e79\"},\"breadcrumb\":{\"@id\":\"https:\\\/\\\/kibrisdakik.com\\\/?p=12800#breadcrumb\"},\"inLanguage\":\"tr\",\"potentialAction\":[{\"@type\":\"ReadAction\",\"target\":[\"https:\\\/\\\/kibrisdakik.com\\\/?p=12800\"]}]},{\"@type\":\"ImageObject\",\"inLanguage\":\"tr\",\"@id\":\"https:\\\/\\\/kibrisdakik.com\\\/?p=12800#primaryimage\",\"url\":\"https:\\\/\\\/kibrisdakik.com\\\/wp-content\\\/uploads\\\/2023\\\/08\\\/IMG-20230828-WA0012-740x420.jpg\",\"contentUrl\":\"https:\\\/\\\/kibrisdakik.com\\\/wp-content\\\/uploads\\\/2023\\\/08\\\/IMG-20230828-WA0012-740x420.jpg\",\"width\":1600,\"height\":1001},{\"@type\":\"BreadcrumbList\",\"@id\":\"https:\\\/\\\/kibrisdakik.com\\\/?p=12800#breadcrumb\",\"itemListElement\":[{\"@type\":\"ListItem\",\"position\":1,\"name\":\"Home\",\"item\":\"https:\\\/\\\/kibrisdakik.com\\\/\"},{\"@type\":\"ListItem\",\"position\":2,\"name\":\"T\u00f6re, Boks\u00f6r \u0130brahim Mercan\u2019\u0131 kabul etti\"}]},{\"@type\":\"WebSite\",\"@id\":\"https:\\\/\\\/kibrisdakik.com\\\/#website\",\"url\":\"https:\\\/\\\/kibrisdakik.com\\\/\",\"name\":\"\",\"description\":\"Tam vaktinde haber\",\"potentialAction\":[{\"@type\":\"SearchAction\",\"target\":{\"@type\":\"EntryPoint\",\"urlTemplate\":\"https:\\\/\\\/kibrisdakik.com\\\/?s={search_term_string}\"},\"query-input\":{\"@type\":\"PropertyValueSpecification\",\"valueRequired\":true,\"valueName\":\"search_term_string\"}}],\"inLanguage\":\"tr\"},{\"@type\":\"Person\",\"@id\":\"https:\\\/\\\/kibrisdakik.com\\\/#\\\/schema\\\/person\\\/9cd9d437bbb44f72b73ba127e06d8e79\",\"name\":\"admin\",\"image\":{\"@type\":\"ImageObject\",\"inLanguage\":\"tr\",\"@id\":\"https:\\\/\\\/secure.gravatar.com\\\/avatar\\\/ccc17943b9d660506c869530f897617f7cb1c21a4bf30023f252596d83e1f007?s=96&d=mm&r=g\",\"url\":\"https:\\\/\\\/secure.gravatar.com\\\/avatar\\\/ccc17943b9d660506c869530f897617f7cb1c21a4bf30023f252596d83e1f007?s=96&d=mm&r=g\",\"contentUrl\":\"https:\\\/\\\/secure.gravatar.com\\\/avatar\\\/ccc17943b9d660506c869530f897617f7cb1c21a4bf30023f252596d83e1f007?s=96&d=mm&r=g\",\"caption\":\"admin\"},\"sameAs\":[\"https:\\\/\\\/kibrisdakik.com\"],\"url\":\"https:\\\/\\\/kibrisdakik.com\\\/?author=1\"}]}<\/script>\n<!-- \/ Yoast SEO plugin. -->","yoast_head_json":{"title":"T\u00f6re, Boks\u00f6r \u0130brahim Mercan\u2019\u0131 kabul etti -","robots":{"index":"index","follow":"follow","max-snippet":"max-snippet:-1","max-image-preview":"max-image-preview:large","max-video-preview":"max-video-preview:-1"},"canonical":"https:\/\/kibrisdakik.com\/?p=12800","og_locale":"tr_TR","og_type":"article","og_title":"T\u00f6re, Boks\u00f6r \u0130brahim Mercan\u2019\u0131 kabul etti -","og_description":"Cumhuriyet Meclisi Ba\u015fkan\u0131 Zorlu T\u00f6re, KKTC bayra\u011f\u0131 ile Uluslararas\u0131 m\u00fcsabakalarda m\u00fccadele ederek ba\u015far\u0131lar g\u00f6steren K\u0131br\u0131sl\u0131 T\u00fcrk boks\u00f6r \u0130brahim Mercan\u2019\u0131 kabul etti. Meclis \u015eeref salonunda ger\u00e7ekle\u015fen kabulde yapt\u0131\u011f\u0131 konu\u015fmada Cumhuriyet Meclisi Ba\u015fkan\u0131 Zorlu T\u00f6re, boks, ya\u011fl\u0131 g\u00fcre\u015f, ve g\u00fcre\u015f gibi sporlar\u0131n T\u00fcrk milletin tarihi spor gelenekleri oldu\u011funu ifade etti. Londra\u2019da K\u0131br\u0131s T\u00fcrk halk\u0131n\u0131n KKTC bayra\u011f\u0131 ile","og_url":"https:\/\/kibrisdakik.com\/?p=12800","article_published_time":"2023-08-28T11:33:58+00:00","og_image":[{"width":1600,"height":1001,"url":"https:\/\/kibrisdakik.com\/wp-content\/uploads\/2023\/08\/IMG-20230828-WA0012-740x420.jpg","type":"image\/jpeg"}],"author":"admin","twitter_card":"summary_large_image","twitter_misc":{"Yazan:":"admin","Tahmini okuma s\u00fcresi":"1 dakika"},"schema":{"@context":"https:\/\/schema.org","@graph":[{"@type":"Article","@id":"https:\/\/kibrisdakik.com\/?p=12800#article","isPartOf":{"@id":"https:\/\/kibrisdakik.com\/?p=12800"},"author":{"name":"admin","@id":"https:\/\/kibrisdakik.com\/#\/schema\/person\/9cd9d437bbb44f72b73ba127e06d8e79"},"headline":"T\u00f6re, Boks\u00f6r \u0130brahim Mercan\u2019\u0131 kabul etti","datePublished":"2023-08-28T11:33:58+00:00","mainEntityOfPage":{"@id":"https:\/\/kibrisdakik.com\/?p=12800"},"wordCount":201,"commentCount":0,"image":{"@id":"https:\/\/kibrisdakik.com\/?p=12800#primaryimage"},"thumbnailUrl":"https:\/\/kibrisdakik.com\/wp-content\/uploads\/2023\/08\/IMG-20230828-WA0012-740x420.jpg","articleSection":["G\u00fcndem"],"inLanguage":"tr","potentialAction":[{"@type":"CommentAction","name":"Comment","target":["https:\/\/kibrisdakik.com\/?p=12800#respond"]}]},{"@type":"WebPage","@id":"https:\/\/kibrisdakik.com\/?p=12800","url":"https:\/\/kibrisdakik.com\/?p=12800","name":"T\u00f6re, Boks\u00f6r \u0130brahim Mercan\u2019\u0131 kabul etti -","isPartOf":{"@id":"https:\/\/kibrisdakik.com\/#website"},"primaryImageOfPage":{"@id":"https:\/\/kibrisdakik.com\/?p=12800#primaryimage"},"image":{"@id":"https:\/\/kibrisdakik.com\/?p=12800#primaryimage"},"thumbnailUrl":"https:\/\/kibrisdakik.com\/wp-content\/uploads\/2023\/08\/IMG-20230828-WA0012-740x420.jpg","datePublished":"2023-08-28T11:33:58+00:00","author":{"@id":"https:\/\/kibrisdakik.com\/#\/schema\/person\/9cd9d437bbb44f72b73ba127e06d8e79"},"breadcrumb":{"@id":"https:\/\/kibrisdakik.com\/?p=12800#breadcrumb"},"inLanguage":"tr","potentialAction":[{"@type":"ReadAction","target":["https:\/\/kibrisdakik.com\/?p=12800"]}]},{"@type":"ImageObject","inLanguage":"tr","@id":"https:\/\/kibrisdakik.com\/?p=12800#primaryimage","url":"https:\/\/kibrisdakik.com\/wp-content\/uploads\/2023\/08\/IMG-20230828-WA0012-740x420.jpg","contentUrl":"https:\/\/kibrisdakik.com\/wp-content\/uploads\/2023\/08\/IMG-20230828-WA0012-740x420.jpg","width":1600,"height":1001},{"@type":"BreadcrumbList","@id":"https:\/\/kibrisdakik.com\/?p=12800#breadcrumb","itemListElement":[{"@type":"ListItem","position":1,"name":"Home","item":"https:\/\/kibrisdakik.com\/"},{"@type":"ListItem","position":2,"name":"T\u00f6re, Boks\u00f6r \u0130brahim Mercan\u2019\u0131 kabul etti"}]},{"@type":"WebSite","@id":"https:\/\/kibrisdakik.com\/#website","url":"https:\/\/kibrisdakik.com\/","name":"","description":"Tam vaktinde haber","potentialAction":[{"@type":"SearchAction","target":{"@type":"EntryPoint","urlTemplate":"https:\/\/kibrisdakik.com\/?s={search_term_string}"},"query-input":{"@type":"PropertyValueSpecification","valueRequired":true,"valueName":"search_term_string"}}],"inLanguage":"tr"},{"@type":"Person","@id":"https:\/\/kibrisdakik.com\/#\/schema\/person\/9cd9d437bbb44f72b73ba127e06d8e79","name":"admin","image":{"@type":"ImageObject","inLanguage":"tr","@id":"https:\/\/secure.gravatar.com\/avatar\/ccc17943b9d660506c869530f897617f7cb1c21a4bf30023f252596d83e1f007?s=96&d=mm&r=g","url":"https:\/\/secure.gravatar.com\/avatar\/ccc17943b9d660506c869530f897617f7cb1c21a4bf30023f252596d83e1f007?s=96&d=mm&r=g","contentUrl":"https:\/\/secure.gravatar.com\/avatar\/ccc17943b9d660506c869530f897617f7cb1c21a4bf30023f252596d83e1f007?s=96&d=mm&r=g","caption":"admin"},"sameAs":["https:\/\/kibrisdakik.com"],"url":"https:\/\/kibrisdakik.com\/?author=1"}]}},"_links":{"self":[{"href":"https:\/\/kibrisdakik.com\/index.php?rest_route=\/wp\/v2\/posts\/12800","targetHints":{"allow":["GET"]}}],"collection":[{"href":"https:\/\/kibrisdakik.com\/index.php?rest_route=\/wp\/v2\/posts"}],"about":[{"href":"https:\/\/kibrisdakik.com\/index.php?rest_route=\/wp\/v2\/types\/post"}],"author":[{"embeddable":true,"href":"https:\/\/kibrisdakik.com\/index.php?rest_route=\/wp\/v2\/users\/1"}],"replies":[{"embeddable":true,"href":"https:\/\/kibrisdakik.com\/index.php?rest_route=%2Fwp%2Fv2%2Fcomments&post=12800"}],"version-history":[{"count":0,"href":"https:\/\/kibrisdakik.com\/index.php?rest_route=\/wp\/v2\/posts\/12800\/revisions"}],"wp:featuredmedia":[{"embeddable":true,"href":"https:\/\/kibrisdakik.com\/index.php?rest_route=\/wp\/v2\/media\/12801"}],"wp:attachment":[{"href":"https:\/\/kibrisdakik.com\/index.php?rest_route=%2Fwp%2Fv2%2Fmedia&parent=12800"}],"wp:term":[{"taxonomy":"category","embeddable":true,"href":"https:\/\/kibrisdakik.com\/index.php?rest_route=%2Fwp%2Fv2%2Fcategories&post=12800"},{"taxonomy":"post_tag","embeddable":true,"href":"https:\/\/kibrisdakik.com\/index.php?rest_route=%2Fwp%2Fv2%2Ftags&post=12800"}],"curies":[{"name":"wp","href":"https:\/\/api.w.org\/{rel}","templated":true}]}}