{"id":12838,"date":"2023-08-29T05:59:29","date_gmt":"2023-08-29T05:59:29","guid":{"rendered":"https:\/\/kibrisdakik.com\/index.php\/2023\/08\/29\/basbakan-ustel-ankarada-tc-cumhurbaskani-yardimcisi-yilmaz-ile-buyuk-bir-tesisin-acilisina-katilacak\/"},"modified":"2023-08-29T05:59:29","modified_gmt":"2023-08-29T05:59:29","slug":"basbakan-ustel-ankarada-tc-cumhurbaskani-yardimcisi-yilmaz-ile-buyuk-bir-tesisin-acilisina-katilacak","status":"publish","type":"post","link":"https:\/\/kibrisdakik.com\/?p=12838","title":{"rendered":"Ba\u015fbakan \u00dcstel, Ankara\u2019da TC Cumhurba\u015fkan\u0131 Yard\u0131mc\u0131s\u0131 Y\u0131lmaz ile b\u00fcy\u00fck bir tesisin a\u00e7\u0131l\u0131\u015f\u0131na kat\u0131lacak"},"content":{"rendered":"<p><\/p>\n<div>\n<div class=\"mariselle-image-container center\">\n                <img width=\"945\" height=\"532\" class=\"lazy-image\" alt=\"\" decoding=\"async\" loading=\"lazy\" sizes=\"auto, (max-width: 945px) 100vw, 945px\" src=\"https:\/\/brtk.net\/wp-content\/uploads\/2023\/05\/28\/unal-ustel-65555.jpg?ver=02d0fc029a153ef7425b5251c0cc59e5\" srcset=\"https:\/\/brtk.net\/wp-content\/uploads\/2023\/05\/28\/unal-ustel-65555.jpg?ver=02d0fc029a153ef7425b5251c0cc59e5 945w, https:\/\/brtk.net\/wp-content\/uploads\/2023\/05\/28\/unal-ustel-65555-300x169.jpg?ver=3596b6968822ed8164885cb4310ded14 300w, https:\/\/brtk.net\/wp-content\/uploads\/2023\/05\/28\/unal-ustel-65555-768x432.jpg?ver=3596b6968822ed8164885cb4310ded14 768w\"\/>                            <\/div>\n<p>Ba\u015fbakan \u00dcnal \u00dcstel d\u00fcn ak\u015fam Ankara\u2019ya gitti.<\/p>\n<p>Ba\u015fbakanl\u0131ktan yap\u0131lan a\u00e7\u0131klamaya g\u00f6re Ba\u015fbakan \u00dcnal \u00dcstel, T\u00fcrkiye Cumhurba\u015fkan\u0131 Yard\u0131mc\u0131s\u0131 Cevdet Y\u0131lmaz\u2019la a\u00e7\u0131l\u0131\u015f\u0131n\u0131 birlikte ger\u00e7ekle\u015ftirecekleri a\u00e7\u0131l\u0131\u015f i\u00e7in Ankara\u2019ya gitti\u2026<br \/>\u00dcstel ve Y\u0131lmaz, Ankara Polatl\u0131\u2019daki b\u00fcy\u00fck bir teknoloji \u00fcretim tesisinin a\u00e7\u0131l\u0131\u015f t\u00f6renine kat\u0131lacak.<\/p>\n<\/p><\/div>\n","protected":false},"excerpt":{"rendered":"<p>Ba\u015fbakan \u00dcnal \u00dcstel d\u00fcn ak\u015fam Ankara\u2019ya gitti. Ba\u015fbakanl\u0131ktan yap\u0131lan a\u00e7\u0131klamaya g\u00f6re Ba\u015fbakan \u00dcnal \u00dcstel, T\u00fcrkiye Cumhurba\u015fkan\u0131 Yard\u0131mc\u0131s\u0131 Cevdet Y\u0131lmaz\u2019la a\u00e7\u0131l\u0131\u015f\u0131n\u0131 birlikte ger\u00e7ekle\u015ftirecekleri a\u00e7\u0131l\u0131\u015f i\u00e7in Ankara\u2019ya gitti\u2026\u00dcstel ve Y\u0131lmaz, Ankara Polatl\u0131\u2019daki b\u00fcy\u00fck bir teknoloji \u00fcretim tesisinin a\u00e7\u0131l\u0131\u015f t\u00f6renine kat\u0131lacak.<\/p>\n","protected":false},"author":1,"featured_media":12839,"comment_status":"open","ping_status":"open","sticky":false,"template":"","format":"standard","meta":{"footnotes":""},"categories":[1],"tags":[],"class_list":["post-12838","post","type-post","status-publish","format-standard","has-post-thumbnail","hentry","category-gundem"],"yoast_head":"<!-- This site is optimized with the Yoast SEO plugin v28.4 - https:\/\/yoast.com\/product\/yoast-seo-wordpress\/ -->\n<title>Ba\u015fbakan \u00dcstel, Ankara\u2019da TC Cumhurba\u015fkan\u0131 Yard\u0131mc\u0131s\u0131 Y\u0131lmaz ile b\u00fcy\u00fck bir tesisin a\u00e7\u0131l\u0131\u015f\u0131na kat\u0131lacak -<\/title>\n<meta name=\"robots\" content=\"index, follow, max-snippet:-1, max-image-preview:large, max-video-preview:-1\" \/>\n<link rel=\"canonical\" href=\"https:\/\/kibrisdakik.com\/?p=12838\" \/>\n<meta property=\"og:locale\" content=\"tr_TR\" \/>\n<meta property=\"og:type\" content=\"article\" \/>\n<meta property=\"og:title\" content=\"Ba\u015fbakan \u00dcstel, Ankara\u2019da TC Cumhurba\u015fkan\u0131 Yard\u0131mc\u0131s\u0131 Y\u0131lmaz ile b\u00fcy\u00fck bir tesisin a\u00e7\u0131l\u0131\u015f\u0131na kat\u0131lacak -\" \/>\n<meta property=\"og:description\" content=\"Ba\u015fbakan \u00dcnal \u00dcstel d\u00fcn ak\u015fam Ankara\u2019ya gitti. Ba\u015fbakanl\u0131ktan yap\u0131lan a\u00e7\u0131klamaya g\u00f6re Ba\u015fbakan \u00dcnal \u00dcstel, T\u00fcrkiye Cumhurba\u015fkan\u0131 Yard\u0131mc\u0131s\u0131 Cevdet Y\u0131lmaz\u2019la a\u00e7\u0131l\u0131\u015f\u0131n\u0131 birlikte ger\u00e7ekle\u015ftirecekleri a\u00e7\u0131l\u0131\u015f i\u00e7in Ankara\u2019ya gitti\u2026\u00dcstel ve Y\u0131lmaz, Ankara Polatl\u0131\u2019daki b\u00fcy\u00fck bir teknoloji \u00fcretim tesisinin a\u00e7\u0131l\u0131\u015f t\u00f6renine kat\u0131lacak.\" \/>\n<meta property=\"og:url\" content=\"https:\/\/kibrisdakik.com\/?p=12838\" \/>\n<meta property=\"article:published_time\" content=\"2023-08-29T05:59:29+00:00\" \/>\n<meta property=\"og:image\" content=\"https:\/\/kibrisdakik.com\/wp-content\/uploads\/2023\/08\/unal-ustel-65555-740x420.jpg\" \/>\n\t<meta property=\"og:image:width\" content=\"945\" \/>\n\t<meta property=\"og:image:height\" content=\"532\" \/>\n\t<meta property=\"og:image:type\" content=\"image\/jpeg\" \/>\n<meta name=\"author\" content=\"admin\" \/>\n<meta name=\"twitter:card\" content=\"summary_large_image\" \/>\n<meta name=\"twitter:label1\" content=\"Yazan:\" \/>\n\t<meta name=\"twitter:data1\" content=\"admin\" \/>\n<script type=\"application\/ld+json\" class=\"yoast-schema-graph\">{\"@context\":\"https:\\\/\\\/schema.org\",\"@graph\":[{\"@type\":\"Article\",\"@id\":\"https:\\\/\\\/kibrisdakik.com\\\/?p=12838#article\",\"isPartOf\":{\"@id\":\"https:\\\/\\\/kibrisdakik.com\\\/?p=12838\"},\"author\":{\"name\":\"admin\",\"@id\":\"https:\\\/\\\/kibrisdakik.com\\\/#\\\/schema\\\/person\\\/9cd9d437bbb44f72b73ba127e06d8e79\"},\"headline\":\"Ba\u015fbakan \u00dcstel, Ankara\u2019da TC Cumhurba\u015fkan\u0131 Yard\u0131mc\u0131s\u0131 Y\u0131lmaz ile b\u00fcy\u00fck bir tesisin a\u00e7\u0131l\u0131\u015f\u0131na kat\u0131lacak\",\"datePublished\":\"2023-08-29T05:59:29+00:00\",\"mainEntityOfPage\":{\"@id\":\"https:\\\/\\\/kibrisdakik.com\\\/?p=12838\"},\"wordCount\":93,\"commentCount\":0,\"publisher\":{\"@id\":\"https:\\\/\\\/kibrisdakik.com\\\/#organization\"},\"image\":{\"@id\":\"https:\\\/\\\/kibrisdakik.com\\\/?p=12838#primaryimage\"},\"thumbnailUrl\":\"https:\\\/\\\/kibrisdakik.com\\\/wp-content\\\/uploads\\\/2023\\\/08\\\/unal-ustel-65555-740x420.jpg\",\"articleSection\":[\"G\u00fcndem\"],\"inLanguage\":\"tr\",\"potentialAction\":[{\"@type\":\"CommentAction\",\"name\":\"Comment\",\"target\":[\"https:\\\/\\\/kibrisdakik.com\\\/?p=12838#respond\"]}]},{\"@type\":\"WebPage\",\"@id\":\"https:\\\/\\\/kibrisdakik.com\\\/?p=12838\",\"url\":\"https:\\\/\\\/kibrisdakik.com\\\/?p=12838\",\"name\":\"Ba\u015fbakan \u00dcstel, Ankara\u2019da TC Cumhurba\u015fkan\u0131 Yard\u0131mc\u0131s\u0131 Y\u0131lmaz ile b\u00fcy\u00fck bir tesisin a\u00e7\u0131l\u0131\u015f\u0131na kat\u0131lacak -\",\"isPartOf\":{\"@id\":\"https:\\\/\\\/kibrisdakik.com\\\/#website\"},\"primaryImageOfPage\":{\"@id\":\"https:\\\/\\\/kibrisdakik.com\\\/?p=12838#primaryimage\"},\"image\":{\"@id\":\"https:\\\/\\\/kibrisdakik.com\\\/?p=12838#primaryimage\"},\"thumbnailUrl\":\"https:\\\/\\\/kibrisdakik.com\\\/wp-content\\\/uploads\\\/2023\\\/08\\\/unal-ustel-65555-740x420.jpg\",\"datePublished\":\"2023-08-29T05:59:29+00:00\",\"breadcrumb\":{\"@id\":\"https:\\\/\\\/kibrisdakik.com\\\/?p=12838#breadcrumb\"},\"inLanguage\":\"tr\",\"potentialAction\":[{\"@type\":\"ReadAction\",\"target\":[\"https:\\\/\\\/kibrisdakik.com\\\/?p=12838\"]}]},{\"@type\":\"ImageObject\",\"inLanguage\":\"tr\",\"@id\":\"https:\\\/\\\/kibrisdakik.com\\\/?p=12838#primaryimage\",\"url\":\"https:\\\/\\\/kibrisdakik.com\\\/wp-content\\\/uploads\\\/2023\\\/08\\\/unal-ustel-65555-740x420.jpg\",\"contentUrl\":\"https:\\\/\\\/kibrisdakik.com\\\/wp-content\\\/uploads\\\/2023\\\/08\\\/unal-ustel-65555-740x420.jpg\",\"width\":945,\"height\":532},{\"@type\":\"BreadcrumbList\",\"@id\":\"https:\\\/\\\/kibrisdakik.com\\\/?p=12838#breadcrumb\",\"itemListElement\":[{\"@type\":\"ListItem\",\"position\":1,\"name\":\"Home\",\"item\":\"https:\\\/\\\/kibrisdakik.com\\\/\"},{\"@type\":\"ListItem\",\"position\":2,\"name\":\"Ba\u015fbakan \u00dcstel, Ankara\u2019da TC Cumhurba\u015fkan\u0131 Yard\u0131mc\u0131s\u0131 Y\u0131lmaz ile b\u00fcy\u00fck bir tesisin a\u00e7\u0131l\u0131\u015f\u0131na kat\u0131lacak\"}]},{\"@type\":\"WebSite\",\"@id\":\"https:\\\/\\\/kibrisdakik.com\\\/#website\",\"url\":\"https:\\\/\\\/kibrisdakik.com\\\/\",\"name\":\"K\u0131br\u0131s Dakik\",\"description\":\"Tam vaktinde haber\",\"publisher\":{\"@id\":\"https:\\\/\\\/kibrisdakik.com\\\/#organization\"},\"potentialAction\":[{\"@type\":\"SearchAction\",\"target\":{\"@type\":\"EntryPoint\",\"urlTemplate\":\"https:\\\/\\\/kibrisdakik.com\\\/?s={search_term_string}\"},\"query-input\":{\"@type\":\"PropertyValueSpecification\",\"valueRequired\":true,\"valueName\":\"search_term_string\"}}],\"inLanguage\":\"tr\"},{\"@type\":\"Organization\",\"@id\":\"https:\\\/\\\/kibrisdakik.com\\\/#organization\",\"name\":\"K\u0131br\u0131s Dakik\",\"url\":\"https:\\\/\\\/kibrisdakik.com\\\/\",\"logo\":{\"@type\":\"ImageObject\",\"inLanguage\":\"tr\",\"@id\":\"https:\\\/\\\/kibrisdakik.com\\\/#\\\/schema\\\/logo\\\/image\\\/\",\"url\":\"https:\\\/\\\/kibrisdakik.com\\\/wp-content\\\/uploads\\\/2025\\\/10\\\/cropped-WhatsApp-Image-2025-10-02-at-12.58.31.jpeg\",\"contentUrl\":\"https:\\\/\\\/kibrisdakik.com\\\/wp-content\\\/uploads\\\/2025\\\/10\\\/cropped-WhatsApp-Image-2025-10-02-at-12.58.31.jpeg\",\"width\":1237,\"height\":190,\"caption\":\"K\u0131br\u0131s Dakik\"},\"image\":{\"@id\":\"https:\\\/\\\/kibrisdakik.com\\\/#\\\/schema\\\/logo\\\/image\\\/\"}},{\"@type\":\"Person\",\"@id\":\"https:\\\/\\\/kibrisdakik.com\\\/#\\\/schema\\\/person\\\/9cd9d437bbb44f72b73ba127e06d8e79\",\"name\":\"admin\",\"image\":{\"@type\":\"ImageObject\",\"inLanguage\":\"tr\",\"@id\":\"https:\\\/\\\/secure.gravatar.com\\\/avatar\\\/ccc17943b9d660506c869530f897617f7cb1c21a4bf30023f252596d83e1f007?s=96&d=mm&r=g\",\"url\":\"https:\\\/\\\/secure.gravatar.com\\\/avatar\\\/ccc17943b9d660506c869530f897617f7cb1c21a4bf30023f252596d83e1f007?s=96&d=mm&r=g\",\"contentUrl\":\"https:\\\/\\\/secure.gravatar.com\\\/avatar\\\/ccc17943b9d660506c869530f897617f7cb1c21a4bf30023f252596d83e1f007?s=96&d=mm&r=g\",\"caption\":\"admin\"},\"sameAs\":[\"https:\\\/\\\/kibrisdakik.com\"],\"url\":\"https:\\\/\\\/kibrisdakik.com\\\/?author=1\"}]}<\/script>\n<!-- \/ Yoast SEO plugin. -->","yoast_head_json":{"title":"Ba\u015fbakan \u00dcstel, Ankara\u2019da TC Cumhurba\u015fkan\u0131 Yard\u0131mc\u0131s\u0131 Y\u0131lmaz ile b\u00fcy\u00fck bir tesisin a\u00e7\u0131l\u0131\u015f\u0131na kat\u0131lacak -","robots":{"index":"index","follow":"follow","max-snippet":"max-snippet:-1","max-image-preview":"max-image-preview:large","max-video-preview":"max-video-preview:-1"},"canonical":"https:\/\/kibrisdakik.com\/?p=12838","og_locale":"tr_TR","og_type":"article","og_title":"Ba\u015fbakan \u00dcstel, Ankara\u2019da TC Cumhurba\u015fkan\u0131 Yard\u0131mc\u0131s\u0131 Y\u0131lmaz ile b\u00fcy\u00fck bir tesisin a\u00e7\u0131l\u0131\u015f\u0131na kat\u0131lacak -","og_description":"Ba\u015fbakan \u00dcnal \u00dcstel d\u00fcn ak\u015fam Ankara\u2019ya gitti. Ba\u015fbakanl\u0131ktan yap\u0131lan a\u00e7\u0131klamaya g\u00f6re Ba\u015fbakan \u00dcnal \u00dcstel, T\u00fcrkiye Cumhurba\u015fkan\u0131 Yard\u0131mc\u0131s\u0131 Cevdet Y\u0131lmaz\u2019la a\u00e7\u0131l\u0131\u015f\u0131n\u0131 birlikte ger\u00e7ekle\u015ftirecekleri a\u00e7\u0131l\u0131\u015f i\u00e7in Ankara\u2019ya gitti\u2026\u00dcstel ve Y\u0131lmaz, Ankara Polatl\u0131\u2019daki b\u00fcy\u00fck bir teknoloji \u00fcretim tesisinin a\u00e7\u0131l\u0131\u015f t\u00f6renine kat\u0131lacak.","og_url":"https:\/\/kibrisdakik.com\/?p=12838","article_published_time":"2023-08-29T05:59:29+00:00","og_image":[{"width":945,"height":532,"url":"https:\/\/kibrisdakik.com\/wp-content\/uploads\/2023\/08\/unal-ustel-65555-740x420.jpg","type":"image\/jpeg"}],"author":"admin","twitter_card":"summary_large_image","twitter_misc":{"Yazan:":"admin"},"schema":{"@context":"https:\/\/schema.org","@graph":[{"@type":"Article","@id":"https:\/\/kibrisdakik.com\/?p=12838#article","isPartOf":{"@id":"https:\/\/kibrisdakik.com\/?p=12838"},"author":{"name":"admin","@id":"https:\/\/kibrisdakik.com\/#\/schema\/person\/9cd9d437bbb44f72b73ba127e06d8e79"},"headline":"Ba\u015fbakan \u00dcstel, Ankara\u2019da TC Cumhurba\u015fkan\u0131 Yard\u0131mc\u0131s\u0131 Y\u0131lmaz ile b\u00fcy\u00fck bir tesisin a\u00e7\u0131l\u0131\u015f\u0131na kat\u0131lacak","datePublished":"2023-08-29T05:59:29+00:00","mainEntityOfPage":{"@id":"https:\/\/kibrisdakik.com\/?p=12838"},"wordCount":93,"commentCount":0,"publisher":{"@id":"https:\/\/kibrisdakik.com\/#organization"},"image":{"@id":"https:\/\/kibrisdakik.com\/?p=12838#primaryimage"},"thumbnailUrl":"https:\/\/kibrisdakik.com\/wp-content\/uploads\/2023\/08\/unal-ustel-65555-740x420.jpg","articleSection":["G\u00fcndem"],"inLanguage":"tr","potentialAction":[{"@type":"CommentAction","name":"Comment","target":["https:\/\/kibrisdakik.com\/?p=12838#respond"]}]},{"@type":"WebPage","@id":"https:\/\/kibrisdakik.com\/?p=12838","url":"https:\/\/kibrisdakik.com\/?p=12838","name":"Ba\u015fbakan \u00dcstel, Ankara\u2019da TC Cumhurba\u015fkan\u0131 Yard\u0131mc\u0131s\u0131 Y\u0131lmaz ile b\u00fcy\u00fck bir tesisin a\u00e7\u0131l\u0131\u015f\u0131na kat\u0131lacak -","isPartOf":{"@id":"https:\/\/kibrisdakik.com\/#website"},"primaryImageOfPage":{"@id":"https:\/\/kibrisdakik.com\/?p=12838#primaryimage"},"image":{"@id":"https:\/\/kibrisdakik.com\/?p=12838#primaryimage"},"thumbnailUrl":"https:\/\/kibrisdakik.com\/wp-content\/uploads\/2023\/08\/unal-ustel-65555-740x420.jpg","datePublished":"2023-08-29T05:59:29+00:00","breadcrumb":{"@id":"https:\/\/kibrisdakik.com\/?p=12838#breadcrumb"},"inLanguage":"tr","potentialAction":[{"@type":"ReadAction","target":["https:\/\/kibrisdakik.com\/?p=12838"]}]},{"@type":"ImageObject","inLanguage":"tr","@id":"https:\/\/kibrisdakik.com\/?p=12838#primaryimage","url":"https:\/\/kibrisdakik.com\/wp-content\/uploads\/2023\/08\/unal-ustel-65555-740x420.jpg","contentUrl":"https:\/\/kibrisdakik.com\/wp-content\/uploads\/2023\/08\/unal-ustel-65555-740x420.jpg","width":945,"height":532},{"@type":"BreadcrumbList","@id":"https:\/\/kibrisdakik.com\/?p=12838#breadcrumb","itemListElement":[{"@type":"ListItem","position":1,"name":"Home","item":"https:\/\/kibrisdakik.com\/"},{"@type":"ListItem","position":2,"name":"Ba\u015fbakan \u00dcstel, Ankara\u2019da TC Cumhurba\u015fkan\u0131 Yard\u0131mc\u0131s\u0131 Y\u0131lmaz ile b\u00fcy\u00fck bir tesisin a\u00e7\u0131l\u0131\u015f\u0131na kat\u0131lacak"}]},{"@type":"WebSite","@id":"https:\/\/kibrisdakik.com\/#website","url":"https:\/\/kibrisdakik.com\/","name":"K\u0131br\u0131s Dakik","description":"Tam vaktinde haber","publisher":{"@id":"https:\/\/kibrisdakik.com\/#organization"},"potentialAction":[{"@type":"SearchAction","target":{"@type":"EntryPoint","urlTemplate":"https:\/\/kibrisdakik.com\/?s={search_term_string}"},"query-input":{"@type":"PropertyValueSpecification","valueRequired":true,"valueName":"search_term_string"}}],"inLanguage":"tr"},{"@type":"Organization","@id":"https:\/\/kibrisdakik.com\/#organization","name":"K\u0131br\u0131s Dakik","url":"https:\/\/kibrisdakik.com\/","logo":{"@type":"ImageObject","inLanguage":"tr","@id":"https:\/\/kibrisdakik.com\/#\/schema\/logo\/image\/","url":"https:\/\/kibrisdakik.com\/wp-content\/uploads\/2025\/10\/cropped-WhatsApp-Image-2025-10-02-at-12.58.31.jpeg","contentUrl":"https:\/\/kibrisdakik.com\/wp-content\/uploads\/2025\/10\/cropped-WhatsApp-Image-2025-10-02-at-12.58.31.jpeg","width":1237,"height":190,"caption":"K\u0131br\u0131s Dakik"},"image":{"@id":"https:\/\/kibrisdakik.com\/#\/schema\/logo\/image\/"}},{"@type":"Person","@id":"https:\/\/kibrisdakik.com\/#\/schema\/person\/9cd9d437bbb44f72b73ba127e06d8e79","name":"admin","image":{"@type":"ImageObject","inLanguage":"tr","@id":"https:\/\/secure.gravatar.com\/avatar\/ccc17943b9d660506c869530f897617f7cb1c21a4bf30023f252596d83e1f007?s=96&d=mm&r=g","url":"https:\/\/secure.gravatar.com\/avatar\/ccc17943b9d660506c869530f897617f7cb1c21a4bf30023f252596d83e1f007?s=96&d=mm&r=g","contentUrl":"https:\/\/secure.gravatar.com\/avatar\/ccc17943b9d660506c869530f897617f7cb1c21a4bf30023f252596d83e1f007?s=96&d=mm&r=g","caption":"admin"},"sameAs":["https:\/\/kibrisdakik.com"],"url":"https:\/\/kibrisdakik.com\/?author=1"}]}},"_links":{"self":[{"href":"https:\/\/kibrisdakik.com\/index.php?rest_route=\/wp\/v2\/posts\/12838","targetHints":{"allow":["GET"]}}],"collection":[{"href":"https:\/\/kibrisdakik.com\/index.php?rest_route=\/wp\/v2\/posts"}],"about":[{"href":"https:\/\/kibrisdakik.com\/index.php?rest_route=\/wp\/v2\/types\/post"}],"author":[{"embeddable":true,"href":"https:\/\/kibrisdakik.com\/index.php?rest_route=\/wp\/v2\/users\/1"}],"replies":[{"embeddable":true,"href":"https:\/\/kibrisdakik.com\/index.php?rest_route=%2Fwp%2Fv2%2Fcomments&post=12838"}],"version-history":[{"count":0,"href":"https:\/\/kibrisdakik.com\/index.php?rest_route=\/wp\/v2\/posts\/12838\/revisions"}],"wp:featuredmedia":[{"embeddable":true,"href":"https:\/\/kibrisdakik.com\/index.php?rest_route=\/wp\/v2\/media\/12839"}],"wp:attachment":[{"href":"https:\/\/kibrisdakik.com\/index.php?rest_route=%2Fwp%2Fv2%2Fmedia&parent=12838"}],"wp:term":[{"taxonomy":"category","embeddable":true,"href":"https:\/\/kibrisdakik.com\/index.php?rest_route=%2Fwp%2Fv2%2Fcategories&post=12838"},{"taxonomy":"post_tag","embeddable":true,"href":"https:\/\/kibrisdakik.com\/index.php?rest_route=%2Fwp%2Fv2%2Ftags&post=12838"}],"curies":[{"name":"wp","href":"https:\/\/api.w.org\/{rel}","templated":true}]}}