{"id":12854,"date":"2023-08-29T12:06:26","date_gmt":"2023-08-29T12:06:26","guid":{"rendered":"https:\/\/kibrisdakik.com\/index.php\/2023\/08\/29\/gardiyanoglu4-ay-gibi-kisa-surede-kacak-is-gucunu-sifirlama-noktasina-getirmek-icin-ciddi-bir-siyasi-irademiz-var\/"},"modified":"2023-08-29T12:06:26","modified_gmt":"2023-08-29T12:06:26","slug":"gardiyanoglu4-ay-gibi-kisa-surede-kacak-is-gucunu-sifirlama-noktasina-getirmek-icin-ciddi-bir-siyasi-irademiz-var","status":"publish","type":"post","link":"https:\/\/kibrisdakik.com\/?p=12854","title":{"rendered":"Gardiyano\u011flu:4 ay gibi k\u0131sa s\u00fcrede ka\u00e7ak i\u015f g\u00fcc\u00fcn\u00fc s\u0131f\u0131rlama noktas\u0131na getirmek i\u00e7in ciddi bir siyasi irademiz var"},"content":{"rendered":"<p><\/p>\n<div>\n<div class=\"mariselle-image-container center\">\n                <img width=\"2560\" height=\"1624\" class=\"lazy-image\" alt=\"\" decoding=\"async\" loading=\"lazy\" sizes=\"auto, (max-width: 2560px) 100vw, 2560px\" src=\"https:\/\/brtk.net\/wp-content\/uploads\/2023\/08\/29\/gardiyanoglu-kabul-scaled.jpg?ver=753428443f7f728e5e3c91a42d47a327\" srcset=\"https:\/\/brtk.net\/wp-content\/uploads\/2023\/08\/29\/gardiyanoglu-kabul-scaled.jpg?ver=753428443f7f728e5e3c91a42d47a327 2560w, https:\/\/brtk.net\/wp-content\/uploads\/2023\/08\/29\/gardiyanoglu-kabul-300x190.jpg?ver=753428443f7f728e5e3c91a42d47a327 300w, https:\/\/brtk.net\/wp-content\/uploads\/2023\/08\/29\/gardiyanoglu-kabul-1024x649.jpg?ver=59c8a277d32c56e1adb05a3e331d929b 1024w, https:\/\/brtk.net\/wp-content\/uploads\/2023\/08\/29\/gardiyanoglu-kabul-768x487.jpg?ver=bb1337e8384a6163d8372f32b58a2f1c 768w, https:\/\/brtk.net\/wp-content\/uploads\/2023\/08\/29\/gardiyanoglu-kabul-1536x974.jpg?ver=da01695a348c0b7a7cdfa2c8f9c6d078 1536w, https:\/\/brtk.net\/wp-content\/uploads\/2023\/08\/29\/gardiyanoglu-kabul-2048x1299.jpg?ver=00ea424670f1bad27a43b38683175a99 2048w, https:\/\/brtk.net\/wp-content\/uploads\/2023\/08\/29\/gardiyanoglu-kabul-566x360.jpg?ver=3e006229fa67690dcb1833a4d336e7b1 566w\"\/>                            <\/div>\n<p>\u00c7al\u0131\u015fma ve Sosyal G\u00fcvenlik Bakan\u0131 Sad\u0131k Gardiyano\u011flu, \u00fclkenin en b\u00fcy\u00fck sorunlar\u0131ndan biri olan ka\u00e7ak i\u015f g\u00fcc\u00fcn\u00fc \u00f6nlemek i\u00e7in m\u00fccadele ba\u015flatt\u0131klar\u0131n\u0131 kaydederek, \u201c4 ay gibi k\u0131sa s\u00fcrede ka\u00e7ak i\u015f g\u00fcc\u00fcn\u00fc s\u0131f\u0131rlama noktas\u0131na getirmek i\u00e7in ciddi bir siyasi irademiz var\u201d dedi. <\/p>\n<p>Bakan Gardiyano\u011flu, Turgay Deniz ba\u015fkanl\u0131\u011f\u0131ndaki K\u0131br\u0131s T\u00fcrk Ticaret Odas\u0131 heyetini kabul\u00fcnde \u00e7al\u0131\u015fma ya\u015fam\u0131yla ilgili a\u00e7\u0131klamalarda bulundu.  <\/p>\n<p>Ka\u00e7ak i\u015f g\u00fcc\u00fcn\u00fcn \u00f6n\u00fcne ge\u00e7mek i\u00e7in bir kurul olu\u015fturulmas\u0131 talimat\u0131 verdi\u011fini a\u00e7\u0131klayan Gardiyano\u011flu, \u00c7al\u0131\u015fma Bakanl\u0131\u011f\u0131 M\u00fcste\u015far\u0131 ba\u015fkanl\u0131\u011f\u0131nda toplanacak kurulda, K\u0131br\u0131s T\u00fcrk Sanayi Odas\u0131, K\u0131br\u0131s T\u00fcrk Ticaret Odas\u0131, K\u0131br\u0131s T\u00fcrk M\u00fcteahhitler Birli\u011fi ve Polis Genel M\u00fcd\u00fcrl\u00fc\u011f\u00fc\u2019nden birer temsilci olaca\u011f\u0131n\u0131 s\u00f6yledi. <\/p>\n<p>\u00c7al\u0131\u015fma Bakan\u0131 Gardiyano\u011flu, \u201cBu kurul, \u00fclkeye gelecek i\u015f\u00e7iler i\u00e7in standartlar\u0131 belirleyecek. Bakanl\u0131\u011f\u0131m\u0131za g\u00fcnl\u00fck onlarca \u00f6n izin talebi geliyor. Bu konudaki s\u00fczge\u00e7lerin art\u0131r\u0131lmas\u0131 gerek\u2026\u201d dedi. <\/p>\n<p>Gen\u00e7 i\u015f insanlar\u0131na y\u00f6nelik \u00f6zel te\u015fvik haz\u0131rlanmas\u0131 i\u00e7in talimat verdi\u011fini de a\u00e7\u0131klayan Bakan Sad\u0131k Gardiyano\u011flu, \u00f6zellikle 25-35 ya\u015f aras\u0131ndaki gen\u00e7 i\u015f insanlar\u0131 i\u00e7in paket haz\u0131rl\u0131\u011f\u0131 i\u00e7inde olduklar\u0131n\u0131 kaydetti. <\/p>\n<p>-\u201c\u0130\u015f yerlerine te\u015fvik birimleri eyl\u00fcl ay\u0131nda ba\u015fl\u0131yor\u201d <\/p>\n<p>Ba\u015fbakan \u00dcnal \u00dcstel\u2019in talimat\u0131yla eyl\u00fcl ay\u0131ndan ba\u015flayarak 10 ay s\u00fcreyle sekt\u00f6rlere te\u015fvik primleri vermeye devam edeceklerini kaydeden Gardiyano\u011flu, istihdam\u0131 koruma, kay\u0131t d\u0131\u015f\u0131l\u0131\u011f\u0131n \u00f6n\u00fcne ge\u00e7me, i\u015f ya\u015fam\u0131n\u0131 bir nebze de olsa rahatlatabilme hedeflerine dikkat \u00e7ekti.<\/p>\n<p>K\u0131br\u0131s T\u00fcrk Ticaret Odas\u0131\u2019n\u0131n bakanl\u0131\u011f\u0131n en b\u00fcy\u00fck payda\u015flar\u0131ndan biri oldu\u011funu s\u00f6yleyen \u00c7al\u0131\u015fma ve Sosyal G\u00fcvenlik Bakan\u0131 Sad\u0131k Gardiyano\u011flu, bakanl\u0131\u011f\u0131n Ticaret Odas\u0131 ile y\u00fcr\u00fcyecek daha \u00e7ok yolu oldu\u011funu belirtti.<\/p>\n<p>Gardiyano\u011flu, \u201cBirlikte bir\u00e7ok \u015feyi ba\u015faraca\u011f\u0131m\u0131za inan\u0131yorum, ka\u00e7ak i\u015f g\u00fcc\u00fcn\u00fcn ve ka\u00e7ak ekonomin \u00f6n\u00fcne ge\u00e7ece\u011fiz, rekabet edilebilirli\u011fin kriterlerini yeniden belirleyece\u011fiz\u2026 \u00c7al\u0131\u015fma hayat\u0131n\u0131n yan\u0131 s\u0131ra Ticaret Odas\u0131 ile bir\u00e7ok sosyal sorumluluk projesine imza ataca\u011f\u0131m\u0131za inan\u0131yorum\u201d dedi.<\/p>\n<p>\u0130lk s\u00f6z\u00fc alan K\u0131br\u0131s T\u00fcrk Ticaret Odas\u0131 Ba\u015fkan\u0131 Turgay Deniz, Gardiyano\u011flu\u2019na g\u00f6revinde ba\u015far\u0131 diledi.<\/p>\n<p>H\u00fck\u00fcmetin Sosyal Sigorta i\u015fveren prim deste\u011finin kendileri i\u00e7in \u00e7ok anlaml\u0131 oldu\u011funu kaydeden Deniz, prim deste\u011fi alan i\u015fletmelerin i\u015f\u00e7i \u00e7\u0131karamad\u0131\u011f\u0131n\u0131, bunun da istihdam\u0131 korudu\u011funu s\u00f6yledi.<\/p>\n<p>Bu uygulaman\u0131n kay\u0131t d\u0131\u015f\u0131l\u0131\u011f\u0131n \u00f6n\u00fcne ge\u00e7mesi i\u00e7in de \u00f6nemli oldu\u011funu kaydeden Turgay Deniz, prim deste\u011finden yararlanacak i\u015fletmelerin t\u00fcm yat\u0131r\u0131mlar\u0131n\u0131 eksiksiz yat\u0131rmak zorunda oldu\u011funu an\u0131msatt\u0131.<\/p>\n<p>Deniz, i\u015f d\u00fcnyas\u0131 olarak bu deste\u011fin eyl\u00fcl ay\u0131ndan itibaren yeniden verilecek olmas\u0131n\u0131 memnuniyetle kar\u015f\u0131lad\u0131klar\u0131n\u0131 ifade ederek, Ticaret Odas\u0131\u2019n\u0131n \u00e7al\u0131\u015fma ko\u015fullar\u0131n\u0131n iyile\u015ftirilmesi, \u00e7al\u0131\u015fma bar\u0131\u015f\u0131n\u0131n sa\u011flanmas\u0131 ve \u00f6zellikle i\u015fsiz <a href=\"https:\/\/brtk.net\/\">KKTC<\/a> vatanda\u015flar\u0131n\u0131n reel sekt\u00f6re kazand\u0131r\u0131lmas\u0131 konusunda i\u015f birli\u011fine haz\u0131r oldu\u011funu vurgulad\u0131.<\/p>\n<\/p><\/div>\n","protected":false},"excerpt":{"rendered":"<p>\u00c7al\u0131\u015fma ve Sosyal G\u00fcvenlik Bakan\u0131 Sad\u0131k Gardiyano\u011flu, \u00fclkenin en b\u00fcy\u00fck sorunlar\u0131ndan biri olan ka\u00e7ak i\u015f g\u00fcc\u00fcn\u00fc \u00f6nlemek i\u00e7in m\u00fccadele ba\u015flatt\u0131klar\u0131n\u0131 kaydederek, \u201c4 ay gibi k\u0131sa s\u00fcrede ka\u00e7ak i\u015f g\u00fcc\u00fcn\u00fc s\u0131f\u0131rlama noktas\u0131na getirmek i\u00e7in ciddi bir siyasi irademiz var\u201d dedi. Bakan Gardiyano\u011flu, Turgay Deniz ba\u015fkanl\u0131\u011f\u0131ndaki K\u0131br\u0131s T\u00fcrk Ticaret Odas\u0131 heyetini kabul\u00fcnde \u00e7al\u0131\u015fma ya\u015fam\u0131yla ilgili a\u00e7\u0131klamalarda bulundu.<\/p>\n","protected":false},"author":1,"featured_media":12855,"comment_status":"open","ping_status":"open","sticky":false,"template":"","format":"standard","meta":{"footnotes":""},"categories":[1],"tags":[],"class_list":["post-12854","post","type-post","status-publish","format-standard","has-post-thumbnail","hentry","category-gundem"],"yoast_head":"<!-- This site is optimized with the Yoast SEO plugin v27.5 - https:\/\/yoast.com\/product\/yoast-seo-wordpress\/ -->\n<title>Gardiyano\u011flu:4 ay gibi k\u0131sa s\u00fcrede ka\u00e7ak i\u015f g\u00fcc\u00fcn\u00fc s\u0131f\u0131rlama noktas\u0131na getirmek i\u00e7in ciddi bir siyasi irademiz var -<\/title>\n<meta name=\"robots\" content=\"index, follow, max-snippet:-1, max-image-preview:large, max-video-preview:-1\" \/>\n<link rel=\"canonical\" href=\"https:\/\/kibrisdakik.com\/?p=12854\" \/>\n<meta property=\"og:locale\" content=\"tr_TR\" \/>\n<meta property=\"og:type\" content=\"article\" \/>\n<meta property=\"og:title\" content=\"Gardiyano\u011flu:4 ay gibi k\u0131sa s\u00fcrede ka\u00e7ak i\u015f g\u00fcc\u00fcn\u00fc s\u0131f\u0131rlama noktas\u0131na getirmek i\u00e7in ciddi bir siyasi irademiz var -\" \/>\n<meta property=\"og:description\" content=\"\u00c7al\u0131\u015fma ve Sosyal G\u00fcvenlik Bakan\u0131 Sad\u0131k Gardiyano\u011flu, \u00fclkenin en b\u00fcy\u00fck sorunlar\u0131ndan biri olan ka\u00e7ak i\u015f g\u00fcc\u00fcn\u00fc \u00f6nlemek i\u00e7in m\u00fccadele ba\u015flatt\u0131klar\u0131n\u0131 kaydederek, \u201c4 ay gibi k\u0131sa s\u00fcrede ka\u00e7ak i\u015f g\u00fcc\u00fcn\u00fc s\u0131f\u0131rlama noktas\u0131na getirmek i\u00e7in ciddi bir siyasi irademiz var\u201d dedi. Bakan Gardiyano\u011flu, Turgay Deniz ba\u015fkanl\u0131\u011f\u0131ndaki K\u0131br\u0131s T\u00fcrk Ticaret Odas\u0131 heyetini kabul\u00fcnde \u00e7al\u0131\u015fma ya\u015fam\u0131yla ilgili a\u00e7\u0131klamalarda bulundu.\" \/>\n<meta property=\"og:url\" content=\"https:\/\/kibrisdakik.com\/?p=12854\" \/>\n<meta property=\"article:published_time\" content=\"2023-08-29T12:06:26+00:00\" \/>\n<meta property=\"og:image\" content=\"https:\/\/kibrisdakik.com\/wp-content\/uploads\/2023\/08\/gardiyanoglu-kabul-scaled-740x420.jpg\" \/>\n\t<meta property=\"og:image:width\" content=\"2560\" \/>\n\t<meta property=\"og:image:height\" content=\"1624\" \/>\n\t<meta property=\"og:image:type\" content=\"image\/jpeg\" \/>\n<meta name=\"author\" content=\"admin\" \/>\n<meta name=\"twitter:card\" content=\"summary_large_image\" \/>\n<meta name=\"twitter:label1\" content=\"Yazan:\" \/>\n\t<meta name=\"twitter:data1\" content=\"admin\" \/>\n\t<meta name=\"twitter:label2\" content=\"Tahmini okuma s\u00fcresi\" \/>\n\t<meta name=\"twitter:data2\" content=\"3 dakika\" \/>\n<script type=\"application\/ld+json\" class=\"yoast-schema-graph\">{\"@context\":\"https:\\\/\\\/schema.org\",\"@graph\":[{\"@type\":\"Article\",\"@id\":\"https:\\\/\\\/kibrisdakik.com\\\/?p=12854#article\",\"isPartOf\":{\"@id\":\"https:\\\/\\\/kibrisdakik.com\\\/?p=12854\"},\"author\":{\"name\":\"admin\",\"@id\":\"https:\\\/\\\/kibrisdakik.com\\\/#\\\/schema\\\/person\\\/9cd9d437bbb44f72b73ba127e06d8e79\"},\"headline\":\"Gardiyano\u011flu:4 ay gibi k\u0131sa s\u00fcrede ka\u00e7ak i\u015f g\u00fcc\u00fcn\u00fc s\u0131f\u0131rlama noktas\u0131na getirmek i\u00e7in ciddi bir siyasi irademiz var\",\"datePublished\":\"2023-08-29T12:06:26+00:00\",\"mainEntityOfPage\":{\"@id\":\"https:\\\/\\\/kibrisdakik.com\\\/?p=12854\"},\"wordCount\":600,\"commentCount\":0,\"image\":{\"@id\":\"https:\\\/\\\/kibrisdakik.com\\\/?p=12854#primaryimage\"},\"thumbnailUrl\":\"https:\\\/\\\/kibrisdakik.com\\\/wp-content\\\/uploads\\\/2023\\\/08\\\/gardiyanoglu-kabul-scaled-740x420.jpg\",\"articleSection\":[\"G\u00fcndem\"],\"inLanguage\":\"tr\",\"potentialAction\":[{\"@type\":\"CommentAction\",\"name\":\"Comment\",\"target\":[\"https:\\\/\\\/kibrisdakik.com\\\/?p=12854#respond\"]}]},{\"@type\":\"WebPage\",\"@id\":\"https:\\\/\\\/kibrisdakik.com\\\/?p=12854\",\"url\":\"https:\\\/\\\/kibrisdakik.com\\\/?p=12854\",\"name\":\"Gardiyano\u011flu:4 ay gibi k\u0131sa s\u00fcrede ka\u00e7ak i\u015f g\u00fcc\u00fcn\u00fc s\u0131f\u0131rlama noktas\u0131na getirmek i\u00e7in ciddi bir siyasi irademiz var -\",\"isPartOf\":{\"@id\":\"https:\\\/\\\/kibrisdakik.com\\\/#website\"},\"primaryImageOfPage\":{\"@id\":\"https:\\\/\\\/kibrisdakik.com\\\/?p=12854#primaryimage\"},\"image\":{\"@id\":\"https:\\\/\\\/kibrisdakik.com\\\/?p=12854#primaryimage\"},\"thumbnailUrl\":\"https:\\\/\\\/kibrisdakik.com\\\/wp-content\\\/uploads\\\/2023\\\/08\\\/gardiyanoglu-kabul-scaled-740x420.jpg\",\"datePublished\":\"2023-08-29T12:06:26+00:00\",\"author\":{\"@id\":\"https:\\\/\\\/kibrisdakik.com\\\/#\\\/schema\\\/person\\\/9cd9d437bbb44f72b73ba127e06d8e79\"},\"breadcrumb\":{\"@id\":\"https:\\\/\\\/kibrisdakik.com\\\/?p=12854#breadcrumb\"},\"inLanguage\":\"tr\",\"potentialAction\":[{\"@type\":\"ReadAction\",\"target\":[\"https:\\\/\\\/kibrisdakik.com\\\/?p=12854\"]}]},{\"@type\":\"ImageObject\",\"inLanguage\":\"tr\",\"@id\":\"https:\\\/\\\/kibrisdakik.com\\\/?p=12854#primaryimage\",\"url\":\"https:\\\/\\\/kibrisdakik.com\\\/wp-content\\\/uploads\\\/2023\\\/08\\\/gardiyanoglu-kabul-scaled-740x420.jpg\",\"contentUrl\":\"https:\\\/\\\/kibrisdakik.com\\\/wp-content\\\/uploads\\\/2023\\\/08\\\/gardiyanoglu-kabul-scaled-740x420.jpg\",\"width\":2560,\"height\":1624},{\"@type\":\"BreadcrumbList\",\"@id\":\"https:\\\/\\\/kibrisdakik.com\\\/?p=12854#breadcrumb\",\"itemListElement\":[{\"@type\":\"ListItem\",\"position\":1,\"name\":\"Home\",\"item\":\"https:\\\/\\\/kibrisdakik.com\\\/\"},{\"@type\":\"ListItem\",\"position\":2,\"name\":\"Gardiyano\u011flu:4 ay gibi k\u0131sa s\u00fcrede ka\u00e7ak i\u015f g\u00fcc\u00fcn\u00fc s\u0131f\u0131rlama noktas\u0131na getirmek i\u00e7in ciddi bir siyasi irademiz var\"}]},{\"@type\":\"WebSite\",\"@id\":\"https:\\\/\\\/kibrisdakik.com\\\/#website\",\"url\":\"https:\\\/\\\/kibrisdakik.com\\\/\",\"name\":\"\",\"description\":\"Tam vaktinde haber\",\"potentialAction\":[{\"@type\":\"SearchAction\",\"target\":{\"@type\":\"EntryPoint\",\"urlTemplate\":\"https:\\\/\\\/kibrisdakik.com\\\/?s={search_term_string}\"},\"query-input\":{\"@type\":\"PropertyValueSpecification\",\"valueRequired\":true,\"valueName\":\"search_term_string\"}}],\"inLanguage\":\"tr\"},{\"@type\":\"Person\",\"@id\":\"https:\\\/\\\/kibrisdakik.com\\\/#\\\/schema\\\/person\\\/9cd9d437bbb44f72b73ba127e06d8e79\",\"name\":\"admin\",\"image\":{\"@type\":\"ImageObject\",\"inLanguage\":\"tr\",\"@id\":\"https:\\\/\\\/secure.gravatar.com\\\/avatar\\\/ccc17943b9d660506c869530f897617f7cb1c21a4bf30023f252596d83e1f007?s=96&d=mm&r=g\",\"url\":\"https:\\\/\\\/secure.gravatar.com\\\/avatar\\\/ccc17943b9d660506c869530f897617f7cb1c21a4bf30023f252596d83e1f007?s=96&d=mm&r=g\",\"contentUrl\":\"https:\\\/\\\/secure.gravatar.com\\\/avatar\\\/ccc17943b9d660506c869530f897617f7cb1c21a4bf30023f252596d83e1f007?s=96&d=mm&r=g\",\"caption\":\"admin\"},\"sameAs\":[\"https:\\\/\\\/kibrisdakik.com\"],\"url\":\"https:\\\/\\\/kibrisdakik.com\\\/?author=1\"}]}<\/script>\n<!-- \/ Yoast SEO plugin. -->","yoast_head_json":{"title":"Gardiyano\u011flu:4 ay gibi k\u0131sa s\u00fcrede ka\u00e7ak i\u015f g\u00fcc\u00fcn\u00fc s\u0131f\u0131rlama noktas\u0131na getirmek i\u00e7in ciddi bir siyasi irademiz var -","robots":{"index":"index","follow":"follow","max-snippet":"max-snippet:-1","max-image-preview":"max-image-preview:large","max-video-preview":"max-video-preview:-1"},"canonical":"https:\/\/kibrisdakik.com\/?p=12854","og_locale":"tr_TR","og_type":"article","og_title":"Gardiyano\u011flu:4 ay gibi k\u0131sa s\u00fcrede ka\u00e7ak i\u015f g\u00fcc\u00fcn\u00fc s\u0131f\u0131rlama noktas\u0131na getirmek i\u00e7in ciddi bir siyasi irademiz var -","og_description":"\u00c7al\u0131\u015fma ve Sosyal G\u00fcvenlik Bakan\u0131 Sad\u0131k Gardiyano\u011flu, \u00fclkenin en b\u00fcy\u00fck sorunlar\u0131ndan biri olan ka\u00e7ak i\u015f g\u00fcc\u00fcn\u00fc \u00f6nlemek i\u00e7in m\u00fccadele ba\u015flatt\u0131klar\u0131n\u0131 kaydederek, \u201c4 ay gibi k\u0131sa s\u00fcrede ka\u00e7ak i\u015f g\u00fcc\u00fcn\u00fc s\u0131f\u0131rlama noktas\u0131na getirmek i\u00e7in ciddi bir siyasi irademiz var\u201d dedi. Bakan Gardiyano\u011flu, Turgay Deniz ba\u015fkanl\u0131\u011f\u0131ndaki K\u0131br\u0131s T\u00fcrk Ticaret Odas\u0131 heyetini kabul\u00fcnde \u00e7al\u0131\u015fma ya\u015fam\u0131yla ilgili a\u00e7\u0131klamalarda bulundu.","og_url":"https:\/\/kibrisdakik.com\/?p=12854","article_published_time":"2023-08-29T12:06:26+00:00","og_image":[{"width":2560,"height":1624,"url":"https:\/\/kibrisdakik.com\/wp-content\/uploads\/2023\/08\/gardiyanoglu-kabul-scaled-740x420.jpg","type":"image\/jpeg"}],"author":"admin","twitter_card":"summary_large_image","twitter_misc":{"Yazan:":"admin","Tahmini okuma s\u00fcresi":"3 dakika"},"schema":{"@context":"https:\/\/schema.org","@graph":[{"@type":"Article","@id":"https:\/\/kibrisdakik.com\/?p=12854#article","isPartOf":{"@id":"https:\/\/kibrisdakik.com\/?p=12854"},"author":{"name":"admin","@id":"https:\/\/kibrisdakik.com\/#\/schema\/person\/9cd9d437bbb44f72b73ba127e06d8e79"},"headline":"Gardiyano\u011flu:4 ay gibi k\u0131sa s\u00fcrede ka\u00e7ak i\u015f g\u00fcc\u00fcn\u00fc s\u0131f\u0131rlama noktas\u0131na getirmek i\u00e7in ciddi bir siyasi irademiz var","datePublished":"2023-08-29T12:06:26+00:00","mainEntityOfPage":{"@id":"https:\/\/kibrisdakik.com\/?p=12854"},"wordCount":600,"commentCount":0,"image":{"@id":"https:\/\/kibrisdakik.com\/?p=12854#primaryimage"},"thumbnailUrl":"https:\/\/kibrisdakik.com\/wp-content\/uploads\/2023\/08\/gardiyanoglu-kabul-scaled-740x420.jpg","articleSection":["G\u00fcndem"],"inLanguage":"tr","potentialAction":[{"@type":"CommentAction","name":"Comment","target":["https:\/\/kibrisdakik.com\/?p=12854#respond"]}]},{"@type":"WebPage","@id":"https:\/\/kibrisdakik.com\/?p=12854","url":"https:\/\/kibrisdakik.com\/?p=12854","name":"Gardiyano\u011flu:4 ay gibi k\u0131sa s\u00fcrede ka\u00e7ak i\u015f g\u00fcc\u00fcn\u00fc s\u0131f\u0131rlama noktas\u0131na getirmek i\u00e7in ciddi bir siyasi irademiz var -","isPartOf":{"@id":"https:\/\/kibrisdakik.com\/#website"},"primaryImageOfPage":{"@id":"https:\/\/kibrisdakik.com\/?p=12854#primaryimage"},"image":{"@id":"https:\/\/kibrisdakik.com\/?p=12854#primaryimage"},"thumbnailUrl":"https:\/\/kibrisdakik.com\/wp-content\/uploads\/2023\/08\/gardiyanoglu-kabul-scaled-740x420.jpg","datePublished":"2023-08-29T12:06:26+00:00","author":{"@id":"https:\/\/kibrisdakik.com\/#\/schema\/person\/9cd9d437bbb44f72b73ba127e06d8e79"},"breadcrumb":{"@id":"https:\/\/kibrisdakik.com\/?p=12854#breadcrumb"},"inLanguage":"tr","potentialAction":[{"@type":"ReadAction","target":["https:\/\/kibrisdakik.com\/?p=12854"]}]},{"@type":"ImageObject","inLanguage":"tr","@id":"https:\/\/kibrisdakik.com\/?p=12854#primaryimage","url":"https:\/\/kibrisdakik.com\/wp-content\/uploads\/2023\/08\/gardiyanoglu-kabul-scaled-740x420.jpg","contentUrl":"https:\/\/kibrisdakik.com\/wp-content\/uploads\/2023\/08\/gardiyanoglu-kabul-scaled-740x420.jpg","width":2560,"height":1624},{"@type":"BreadcrumbList","@id":"https:\/\/kibrisdakik.com\/?p=12854#breadcrumb","itemListElement":[{"@type":"ListItem","position":1,"name":"Home","item":"https:\/\/kibrisdakik.com\/"},{"@type":"ListItem","position":2,"name":"Gardiyano\u011flu:4 ay gibi k\u0131sa s\u00fcrede ka\u00e7ak i\u015f g\u00fcc\u00fcn\u00fc s\u0131f\u0131rlama noktas\u0131na getirmek i\u00e7in ciddi bir siyasi irademiz var"}]},{"@type":"WebSite","@id":"https:\/\/kibrisdakik.com\/#website","url":"https:\/\/kibrisdakik.com\/","name":"","description":"Tam vaktinde haber","potentialAction":[{"@type":"SearchAction","target":{"@type":"EntryPoint","urlTemplate":"https:\/\/kibrisdakik.com\/?s={search_term_string}"},"query-input":{"@type":"PropertyValueSpecification","valueRequired":true,"valueName":"search_term_string"}}],"inLanguage":"tr"},{"@type":"Person","@id":"https:\/\/kibrisdakik.com\/#\/schema\/person\/9cd9d437bbb44f72b73ba127e06d8e79","name":"admin","image":{"@type":"ImageObject","inLanguage":"tr","@id":"https:\/\/secure.gravatar.com\/avatar\/ccc17943b9d660506c869530f897617f7cb1c21a4bf30023f252596d83e1f007?s=96&d=mm&r=g","url":"https:\/\/secure.gravatar.com\/avatar\/ccc17943b9d660506c869530f897617f7cb1c21a4bf30023f252596d83e1f007?s=96&d=mm&r=g","contentUrl":"https:\/\/secure.gravatar.com\/avatar\/ccc17943b9d660506c869530f897617f7cb1c21a4bf30023f252596d83e1f007?s=96&d=mm&r=g","caption":"admin"},"sameAs":["https:\/\/kibrisdakik.com"],"url":"https:\/\/kibrisdakik.com\/?author=1"}]}},"_links":{"self":[{"href":"https:\/\/kibrisdakik.com\/index.php?rest_route=\/wp\/v2\/posts\/12854","targetHints":{"allow":["GET"]}}],"collection":[{"href":"https:\/\/kibrisdakik.com\/index.php?rest_route=\/wp\/v2\/posts"}],"about":[{"href":"https:\/\/kibrisdakik.com\/index.php?rest_route=\/wp\/v2\/types\/post"}],"author":[{"embeddable":true,"href":"https:\/\/kibrisdakik.com\/index.php?rest_route=\/wp\/v2\/users\/1"}],"replies":[{"embeddable":true,"href":"https:\/\/kibrisdakik.com\/index.php?rest_route=%2Fwp%2Fv2%2Fcomments&post=12854"}],"version-history":[{"count":0,"href":"https:\/\/kibrisdakik.com\/index.php?rest_route=\/wp\/v2\/posts\/12854\/revisions"}],"wp:featuredmedia":[{"embeddable":true,"href":"https:\/\/kibrisdakik.com\/index.php?rest_route=\/wp\/v2\/media\/12855"}],"wp:attachment":[{"href":"https:\/\/kibrisdakik.com\/index.php?rest_route=%2Fwp%2Fv2%2Fmedia&parent=12854"}],"wp:term":[{"taxonomy":"category","embeddable":true,"href":"https:\/\/kibrisdakik.com\/index.php?rest_route=%2Fwp%2Fv2%2Fcategories&post=12854"},{"taxonomy":"post_tag","embeddable":true,"href":"https:\/\/kibrisdakik.com\/index.php?rest_route=%2Fwp%2Fv2%2Ftags&post=12854"}],"curies":[{"name":"wp","href":"https:\/\/api.w.org\/{rel}","templated":true}]}}