{"id":12885,"date":"2023-08-29T18:13:38","date_gmt":"2023-08-29T18:13:38","guid":{"rendered":"https:\/\/kibrisdakik.com\/index.php\/2023\/08\/29\/finansal-eylem-dernegi-siyasal-partiler-degisiklik-yasasinin-iptal-edilmesi-icin-anayasa-mahkemesine-basvurdu\/"},"modified":"2023-08-29T18:13:38","modified_gmt":"2023-08-29T18:13:38","slug":"finansal-eylem-dernegi-siyasal-partiler-degisiklik-yasasinin-iptal-edilmesi-icin-anayasa-mahkemesine-basvurdu","status":"publish","type":"post","link":"https:\/\/kibrisdakik.com\/?p=12885","title":{"rendered":"Finansal Eylem Derne\u011fi, Siyasal Partiler (De\u011fi\u015fiklik) Yasas\u0131\u2019n\u0131n iptal edilmesi i\u00e7in Anayasa Mahkemesi\u2019ne ba\u015fvurdu"},"content":{"rendered":"<p><\/p>\n<div>\n<div class=\"mariselle-image-container center\">\n                <img width=\"1600\" height=\"1200\" class=\"lazy-image\" alt=\"\" decoding=\"async\" loading=\"lazy\" sizes=\"auto, (max-width: 1600px) 100vw, 1600px\" src=\"https:\/\/brtk.net\/wp-content\/uploads\/2023\/08\/29\/fed-siyasi-partiler-yasasi.jpeg?ver=b0adb3e47859e5ba74da51ea96e1c0f0\" srcset=\"https:\/\/brtk.net\/wp-content\/uploads\/2023\/08\/29\/fed-siyasi-partiler-yasasi.jpeg?ver=b0adb3e47859e5ba74da51ea96e1c0f0 1600w, https:\/\/brtk.net\/wp-content\/uploads\/2023\/08\/29\/fed-siyasi-partiler-yasasi-300x225.jpeg?ver=b36859980e0cdbfc987fe5753a25300c 300w, https:\/\/brtk.net\/wp-content\/uploads\/2023\/08\/29\/fed-siyasi-partiler-yasasi-1024x768.jpeg?ver=b36859980e0cdbfc987fe5753a25300c 1024w, https:\/\/brtk.net\/wp-content\/uploads\/2023\/08\/29\/fed-siyasi-partiler-yasasi-768x576.jpeg?ver=b36859980e0cdbfc987fe5753a25300c 768w, https:\/\/brtk.net\/wp-content\/uploads\/2023\/08\/29\/fed-siyasi-partiler-yasasi-1536x1152.jpeg?ver=61260e7001e3cb30214a70c494c06e05 1536w\"\/>                            <\/div>\n<p>Finansal Eylem Derne\u011fi, 33\/2023 say\u0131l\u0131 Siyasal Partiler (De\u011fi\u015fiklik) Yasas\u0131\u2019n\u0131n iptal edilmesi i\u00e7in bug\u00fcn Anayasa Mahkemesi\u2019nde dava a\u00e7t\u0131\u011f\u0131n\u0131 duyurdu.<\/p>\n<p>Finansal Eylem Derne\u011fi taraf\u0131ndan yap\u0131lan yaz\u0131l\u0131 a\u00e7\u0131klamada, Derne\u011fin \u00fclke genelinde kayna\u011f\u0131 belirsiz mali kaynaklarla ve kay\u0131t d\u0131\u015f\u0131l\u0131kla m\u00fccadele etmek amac\u0131yla k\u0131sa s\u00fcre \u00f6nce kuruldu\u011fu hat\u0131rlat\u0131larak, Siyasal Partiler (De\u011fi\u015fiklik) Yasas\u0131 ile Finansal Eylem Derne\u011fi\u2019nin kayna\u011f\u0131 belirsiz mali kaynaklarla ve kay\u0131t d\u0131\u015f\u0131l\u0131kla m\u00fccadele etmesinin \u00f6n\u00fcne engel koyuldu\u011funu, yasayla Anayasa\u2019n\u0131n pek \u00e7ok maddesinin ihlal edildi\u011fini, evrensel hukuk team\u00fcllerinin ve Anayasa\u2019n\u0131n \u00e7izdi\u011fi s\u0131n\u0131rlar\u0131n d\u0131\u015f\u0131na \u00e7\u0131k\u0131ld\u0131\u011f\u0131 savunuld\u0131.<\/p>\n<p>\u201cFinansal Eylem Derne\u011fi, hesaplar\u0131n\u0131 vermemi\u015f, hesaplar\u0131n\u0131 verememi\u015f ve\/veya hesaplar\u0131 denetlenmemi\u015f siyasal partilere belirli bir d\u00f6nem i\u00e7in olsa dahi, \u00f6zel bir af getirilecek \u015fekilde yasa yap\u0131ld\u0131\u011f\u0131n\u0131, s\u00f6z konusu af yasas\u0131n\u0131n Anayasa\u2019daki hukukun \u00fcst\u00fcnl\u00fc\u011f\u00fc yan\u0131nda, e\u015fitlik ilkesine ve sair Anayasa maddelerine ayk\u0131r\u0131 oldu\u011funu savunarak, yasan\u0131n iptal edilmesi i\u00e7in Anayasa Mahkemesi\u2019ne ba\u015fvurdu\u201d denilen a\u00e7\u0131klamada, bahse konu yasa ile siyasal partilerin mali denetimleri sonucu ortaya \u00e7\u0131kmas\u0131 muhtemel ve potansiyel a\u011f\u0131r su\u00e7lar\u0131n, partiler taraf\u0131ndan \u201ck\u0131smen\u201d i\u015flenmesi durumunda basit bir kabahat seviyesine indirildi\u011fi kaydedildi.<\/p>\n<p>Yasan\u0131n belirli bir s\u00fcre i\u00e7in de olsa kay\u0131t d\u0131\u015f\u0131l\u0131\u011f\u0131 me\u015frula\u015ft\u0131raca\u011f\u0131n\u0131n \u00f6ne s\u00fcr\u00fcld\u00fc\u011f\u00fc a\u00e7\u0131klamada, buna \u00f6rnek olarak eski <a href=\"https:\/\/brtk.net\/\">UBP<\/a> Genel Ba\u015fkan\u0131 H\u00fcseyin \u00d6zg\u00fcrg\u00fcn\u2019\u00fcn hesab\u0131nda bulunan para g\u00f6sterildi ve bu yasayla, bu paran\u0131n kayna\u011f\u0131n\u0131n denetlenmesinin de m\u00fcmk\u00fcn olmayaca\u011f\u0131 savunuldu.<\/p>\n<p>Dernek, 33\/2023 say\u0131l\u0131 Siyasal Partiler (De\u011fi\u015fiklik) Yasas\u0131 ile Finansal Eylem Derne\u011fi\u2019nin kayna\u011f\u0131 belirsiz mali kaynaklarla ve kay\u0131t d\u0131\u015f\u0131l\u0131kla m\u00fccadele etmesinin \u00f6n\u00fcne engel koyuldu\u011funu, yasayla Anayasa\u2019n\u0131n pek \u00e7ok maddesinin ihlal edildi\u011fini, evrensel hukuk team\u00fcllerinin ve Anayasa\u2019n\u0131n \u00e7izdi\u011fi s\u0131n\u0131rlar\u0131n d\u0131\u015f\u0131na \u00e7\u0131k\u0131larak yasa yap\u0131ld\u0131\u011f\u0131n\u0131 da iddia etti.TAK<\/p>\n<\/p><\/div>\n","protected":false},"excerpt":{"rendered":"<p>Finansal Eylem Derne\u011fi, 33\/2023 say\u0131l\u0131 Siyasal Partiler (De\u011fi\u015fiklik) Yasas\u0131\u2019n\u0131n iptal edilmesi i\u00e7in bug\u00fcn Anayasa Mahkemesi\u2019nde dava a\u00e7t\u0131\u011f\u0131n\u0131 duyurdu. Finansal Eylem Derne\u011fi taraf\u0131ndan yap\u0131lan yaz\u0131l\u0131 a\u00e7\u0131klamada, Derne\u011fin \u00fclke genelinde kayna\u011f\u0131 belirsiz mali kaynaklarla ve kay\u0131t d\u0131\u015f\u0131l\u0131kla m\u00fccadele etmek amac\u0131yla k\u0131sa s\u00fcre \u00f6nce kuruldu\u011fu hat\u0131rlat\u0131larak, Siyasal Partiler (De\u011fi\u015fiklik) Yasas\u0131 ile Finansal Eylem Derne\u011fi\u2019nin kayna\u011f\u0131 belirsiz mali kaynaklarla<\/p>\n","protected":false},"author":1,"featured_media":12886,"comment_status":"open","ping_status":"open","sticky":false,"template":"","format":"standard","meta":{"footnotes":""},"categories":[1],"tags":[],"class_list":["post-12885","post","type-post","status-publish","format-standard","has-post-thumbnail","hentry","category-gundem"],"yoast_head":"<!-- This site is optimized with the Yoast SEO plugin v27.5 - https:\/\/yoast.com\/product\/yoast-seo-wordpress\/ -->\n<title>Finansal Eylem Derne\u011fi, Siyasal Partiler (De\u011fi\u015fiklik) Yasas\u0131\u2019n\u0131n iptal edilmesi i\u00e7in Anayasa Mahkemesi\u2019ne ba\u015fvurdu -<\/title>\n<meta name=\"robots\" content=\"index, follow, max-snippet:-1, max-image-preview:large, max-video-preview:-1\" \/>\n<link rel=\"canonical\" href=\"https:\/\/kibrisdakik.com\/?p=12885\" \/>\n<meta property=\"og:locale\" content=\"tr_TR\" \/>\n<meta property=\"og:type\" content=\"article\" \/>\n<meta property=\"og:title\" content=\"Finansal Eylem Derne\u011fi, Siyasal Partiler (De\u011fi\u015fiklik) Yasas\u0131\u2019n\u0131n iptal edilmesi i\u00e7in Anayasa Mahkemesi\u2019ne ba\u015fvurdu -\" \/>\n<meta property=\"og:description\" content=\"Finansal Eylem Derne\u011fi, 33\/2023 say\u0131l\u0131 Siyasal Partiler (De\u011fi\u015fiklik) Yasas\u0131\u2019n\u0131n iptal edilmesi i\u00e7in bug\u00fcn Anayasa Mahkemesi\u2019nde dava a\u00e7t\u0131\u011f\u0131n\u0131 duyurdu. Finansal Eylem Derne\u011fi taraf\u0131ndan yap\u0131lan yaz\u0131l\u0131 a\u00e7\u0131klamada, Derne\u011fin \u00fclke genelinde kayna\u011f\u0131 belirsiz mali kaynaklarla ve kay\u0131t d\u0131\u015f\u0131l\u0131kla m\u00fccadele etmek amac\u0131yla k\u0131sa s\u00fcre \u00f6nce kuruldu\u011fu hat\u0131rlat\u0131larak, Siyasal Partiler (De\u011fi\u015fiklik) Yasas\u0131 ile Finansal Eylem Derne\u011fi\u2019nin kayna\u011f\u0131 belirsiz mali kaynaklarla\" \/>\n<meta property=\"og:url\" content=\"https:\/\/kibrisdakik.com\/?p=12885\" \/>\n<meta property=\"article:published_time\" content=\"2023-08-29T18:13:38+00:00\" \/>\n<meta property=\"og:image\" content=\"https:\/\/kibrisdakik.com\/wp-content\/uploads\/2023\/08\/fed-siyasi-partiler-yasasi-740x420.jpeg\" \/>\n\t<meta property=\"og:image:width\" content=\"1600\" \/>\n\t<meta property=\"og:image:height\" content=\"1200\" \/>\n\t<meta property=\"og:image:type\" content=\"image\/jpeg\" \/>\n<meta name=\"author\" content=\"admin\" \/>\n<meta name=\"twitter:card\" content=\"summary_large_image\" \/>\n<meta name=\"twitter:label1\" content=\"Yazan:\" \/>\n\t<meta name=\"twitter:data1\" content=\"admin\" \/>\n\t<meta name=\"twitter:label2\" content=\"Tahmini okuma s\u00fcresi\" \/>\n\t<meta name=\"twitter:data2\" content=\"2 dakika\" \/>\n<script type=\"application\/ld+json\" class=\"yoast-schema-graph\">{\"@context\":\"https:\\\/\\\/schema.org\",\"@graph\":[{\"@type\":\"Article\",\"@id\":\"https:\\\/\\\/kibrisdakik.com\\\/?p=12885#article\",\"isPartOf\":{\"@id\":\"https:\\\/\\\/kibrisdakik.com\\\/?p=12885\"},\"author\":{\"name\":\"admin\",\"@id\":\"https:\\\/\\\/kibrisdakik.com\\\/#\\\/schema\\\/person\\\/9cd9d437bbb44f72b73ba127e06d8e79\"},\"headline\":\"Finansal Eylem Derne\u011fi, Siyasal Partiler (De\u011fi\u015fiklik) Yasas\u0131\u2019n\u0131n iptal edilmesi i\u00e7in Anayasa Mahkemesi\u2019ne ba\u015fvurdu\",\"datePublished\":\"2023-08-29T18:13:38+00:00\",\"mainEntityOfPage\":{\"@id\":\"https:\\\/\\\/kibrisdakik.com\\\/?p=12885\"},\"wordCount\":387,\"commentCount\":0,\"image\":{\"@id\":\"https:\\\/\\\/kibrisdakik.com\\\/?p=12885#primaryimage\"},\"thumbnailUrl\":\"https:\\\/\\\/kibrisdakik.com\\\/wp-content\\\/uploads\\\/2023\\\/08\\\/fed-siyasi-partiler-yasasi-740x420.jpeg\",\"articleSection\":[\"G\u00fcndem\"],\"inLanguage\":\"tr\",\"potentialAction\":[{\"@type\":\"CommentAction\",\"name\":\"Comment\",\"target\":[\"https:\\\/\\\/kibrisdakik.com\\\/?p=12885#respond\"]}]},{\"@type\":\"WebPage\",\"@id\":\"https:\\\/\\\/kibrisdakik.com\\\/?p=12885\",\"url\":\"https:\\\/\\\/kibrisdakik.com\\\/?p=12885\",\"name\":\"Finansal Eylem Derne\u011fi, Siyasal Partiler (De\u011fi\u015fiklik) Yasas\u0131\u2019n\u0131n iptal edilmesi i\u00e7in Anayasa Mahkemesi\u2019ne ba\u015fvurdu -\",\"isPartOf\":{\"@id\":\"https:\\\/\\\/kibrisdakik.com\\\/#website\"},\"primaryImageOfPage\":{\"@id\":\"https:\\\/\\\/kibrisdakik.com\\\/?p=12885#primaryimage\"},\"image\":{\"@id\":\"https:\\\/\\\/kibrisdakik.com\\\/?p=12885#primaryimage\"},\"thumbnailUrl\":\"https:\\\/\\\/kibrisdakik.com\\\/wp-content\\\/uploads\\\/2023\\\/08\\\/fed-siyasi-partiler-yasasi-740x420.jpeg\",\"datePublished\":\"2023-08-29T18:13:38+00:00\",\"author\":{\"@id\":\"https:\\\/\\\/kibrisdakik.com\\\/#\\\/schema\\\/person\\\/9cd9d437bbb44f72b73ba127e06d8e79\"},\"breadcrumb\":{\"@id\":\"https:\\\/\\\/kibrisdakik.com\\\/?p=12885#breadcrumb\"},\"inLanguage\":\"tr\",\"potentialAction\":[{\"@type\":\"ReadAction\",\"target\":[\"https:\\\/\\\/kibrisdakik.com\\\/?p=12885\"]}]},{\"@type\":\"ImageObject\",\"inLanguage\":\"tr\",\"@id\":\"https:\\\/\\\/kibrisdakik.com\\\/?p=12885#primaryimage\",\"url\":\"https:\\\/\\\/kibrisdakik.com\\\/wp-content\\\/uploads\\\/2023\\\/08\\\/fed-siyasi-partiler-yasasi-740x420.jpeg\",\"contentUrl\":\"https:\\\/\\\/kibrisdakik.com\\\/wp-content\\\/uploads\\\/2023\\\/08\\\/fed-siyasi-partiler-yasasi-740x420.jpeg\",\"width\":1600,\"height\":1200},{\"@type\":\"BreadcrumbList\",\"@id\":\"https:\\\/\\\/kibrisdakik.com\\\/?p=12885#breadcrumb\",\"itemListElement\":[{\"@type\":\"ListItem\",\"position\":1,\"name\":\"Home\",\"item\":\"https:\\\/\\\/kibrisdakik.com\\\/\"},{\"@type\":\"ListItem\",\"position\":2,\"name\":\"Finansal Eylem Derne\u011fi, Siyasal Partiler (De\u011fi\u015fiklik) Yasas\u0131\u2019n\u0131n iptal edilmesi i\u00e7in Anayasa Mahkemesi\u2019ne ba\u015fvurdu\"}]},{\"@type\":\"WebSite\",\"@id\":\"https:\\\/\\\/kibrisdakik.com\\\/#website\",\"url\":\"https:\\\/\\\/kibrisdakik.com\\\/\",\"name\":\"\",\"description\":\"Tam vaktinde haber\",\"potentialAction\":[{\"@type\":\"SearchAction\",\"target\":{\"@type\":\"EntryPoint\",\"urlTemplate\":\"https:\\\/\\\/kibrisdakik.com\\\/?s={search_term_string}\"},\"query-input\":{\"@type\":\"PropertyValueSpecification\",\"valueRequired\":true,\"valueName\":\"search_term_string\"}}],\"inLanguage\":\"tr\"},{\"@type\":\"Person\",\"@id\":\"https:\\\/\\\/kibrisdakik.com\\\/#\\\/schema\\\/person\\\/9cd9d437bbb44f72b73ba127e06d8e79\",\"name\":\"admin\",\"image\":{\"@type\":\"ImageObject\",\"inLanguage\":\"tr\",\"@id\":\"https:\\\/\\\/secure.gravatar.com\\\/avatar\\\/ccc17943b9d660506c869530f897617f7cb1c21a4bf30023f252596d83e1f007?s=96&d=mm&r=g\",\"url\":\"https:\\\/\\\/secure.gravatar.com\\\/avatar\\\/ccc17943b9d660506c869530f897617f7cb1c21a4bf30023f252596d83e1f007?s=96&d=mm&r=g\",\"contentUrl\":\"https:\\\/\\\/secure.gravatar.com\\\/avatar\\\/ccc17943b9d660506c869530f897617f7cb1c21a4bf30023f252596d83e1f007?s=96&d=mm&r=g\",\"caption\":\"admin\"},\"sameAs\":[\"https:\\\/\\\/kibrisdakik.com\"],\"url\":\"https:\\\/\\\/kibrisdakik.com\\\/?author=1\"}]}<\/script>\n<!-- \/ Yoast SEO plugin. -->","yoast_head_json":{"title":"Finansal Eylem Derne\u011fi, Siyasal Partiler (De\u011fi\u015fiklik) Yasas\u0131\u2019n\u0131n iptal edilmesi i\u00e7in Anayasa Mahkemesi\u2019ne ba\u015fvurdu -","robots":{"index":"index","follow":"follow","max-snippet":"max-snippet:-1","max-image-preview":"max-image-preview:large","max-video-preview":"max-video-preview:-1"},"canonical":"https:\/\/kibrisdakik.com\/?p=12885","og_locale":"tr_TR","og_type":"article","og_title":"Finansal Eylem Derne\u011fi, Siyasal Partiler (De\u011fi\u015fiklik) Yasas\u0131\u2019n\u0131n iptal edilmesi i\u00e7in Anayasa Mahkemesi\u2019ne ba\u015fvurdu -","og_description":"Finansal Eylem Derne\u011fi, 33\/2023 say\u0131l\u0131 Siyasal Partiler (De\u011fi\u015fiklik) Yasas\u0131\u2019n\u0131n iptal edilmesi i\u00e7in bug\u00fcn Anayasa Mahkemesi\u2019nde dava a\u00e7t\u0131\u011f\u0131n\u0131 duyurdu. Finansal Eylem Derne\u011fi taraf\u0131ndan yap\u0131lan yaz\u0131l\u0131 a\u00e7\u0131klamada, Derne\u011fin \u00fclke genelinde kayna\u011f\u0131 belirsiz mali kaynaklarla ve kay\u0131t d\u0131\u015f\u0131l\u0131kla m\u00fccadele etmek amac\u0131yla k\u0131sa s\u00fcre \u00f6nce kuruldu\u011fu hat\u0131rlat\u0131larak, Siyasal Partiler (De\u011fi\u015fiklik) Yasas\u0131 ile Finansal Eylem Derne\u011fi\u2019nin kayna\u011f\u0131 belirsiz mali kaynaklarla","og_url":"https:\/\/kibrisdakik.com\/?p=12885","article_published_time":"2023-08-29T18:13:38+00:00","og_image":[{"width":1600,"height":1200,"url":"https:\/\/kibrisdakik.com\/wp-content\/uploads\/2023\/08\/fed-siyasi-partiler-yasasi-740x420.jpeg","type":"image\/jpeg"}],"author":"admin","twitter_card":"summary_large_image","twitter_misc":{"Yazan:":"admin","Tahmini okuma s\u00fcresi":"2 dakika"},"schema":{"@context":"https:\/\/schema.org","@graph":[{"@type":"Article","@id":"https:\/\/kibrisdakik.com\/?p=12885#article","isPartOf":{"@id":"https:\/\/kibrisdakik.com\/?p=12885"},"author":{"name":"admin","@id":"https:\/\/kibrisdakik.com\/#\/schema\/person\/9cd9d437bbb44f72b73ba127e06d8e79"},"headline":"Finansal Eylem Derne\u011fi, Siyasal Partiler (De\u011fi\u015fiklik) Yasas\u0131\u2019n\u0131n iptal edilmesi i\u00e7in Anayasa Mahkemesi\u2019ne ba\u015fvurdu","datePublished":"2023-08-29T18:13:38+00:00","mainEntityOfPage":{"@id":"https:\/\/kibrisdakik.com\/?p=12885"},"wordCount":387,"commentCount":0,"image":{"@id":"https:\/\/kibrisdakik.com\/?p=12885#primaryimage"},"thumbnailUrl":"https:\/\/kibrisdakik.com\/wp-content\/uploads\/2023\/08\/fed-siyasi-partiler-yasasi-740x420.jpeg","articleSection":["G\u00fcndem"],"inLanguage":"tr","potentialAction":[{"@type":"CommentAction","name":"Comment","target":["https:\/\/kibrisdakik.com\/?p=12885#respond"]}]},{"@type":"WebPage","@id":"https:\/\/kibrisdakik.com\/?p=12885","url":"https:\/\/kibrisdakik.com\/?p=12885","name":"Finansal Eylem Derne\u011fi, Siyasal Partiler (De\u011fi\u015fiklik) Yasas\u0131\u2019n\u0131n iptal edilmesi i\u00e7in Anayasa Mahkemesi\u2019ne ba\u015fvurdu -","isPartOf":{"@id":"https:\/\/kibrisdakik.com\/#website"},"primaryImageOfPage":{"@id":"https:\/\/kibrisdakik.com\/?p=12885#primaryimage"},"image":{"@id":"https:\/\/kibrisdakik.com\/?p=12885#primaryimage"},"thumbnailUrl":"https:\/\/kibrisdakik.com\/wp-content\/uploads\/2023\/08\/fed-siyasi-partiler-yasasi-740x420.jpeg","datePublished":"2023-08-29T18:13:38+00:00","author":{"@id":"https:\/\/kibrisdakik.com\/#\/schema\/person\/9cd9d437bbb44f72b73ba127e06d8e79"},"breadcrumb":{"@id":"https:\/\/kibrisdakik.com\/?p=12885#breadcrumb"},"inLanguage":"tr","potentialAction":[{"@type":"ReadAction","target":["https:\/\/kibrisdakik.com\/?p=12885"]}]},{"@type":"ImageObject","inLanguage":"tr","@id":"https:\/\/kibrisdakik.com\/?p=12885#primaryimage","url":"https:\/\/kibrisdakik.com\/wp-content\/uploads\/2023\/08\/fed-siyasi-partiler-yasasi-740x420.jpeg","contentUrl":"https:\/\/kibrisdakik.com\/wp-content\/uploads\/2023\/08\/fed-siyasi-partiler-yasasi-740x420.jpeg","width":1600,"height":1200},{"@type":"BreadcrumbList","@id":"https:\/\/kibrisdakik.com\/?p=12885#breadcrumb","itemListElement":[{"@type":"ListItem","position":1,"name":"Home","item":"https:\/\/kibrisdakik.com\/"},{"@type":"ListItem","position":2,"name":"Finansal Eylem Derne\u011fi, Siyasal Partiler (De\u011fi\u015fiklik) Yasas\u0131\u2019n\u0131n iptal edilmesi i\u00e7in Anayasa Mahkemesi\u2019ne ba\u015fvurdu"}]},{"@type":"WebSite","@id":"https:\/\/kibrisdakik.com\/#website","url":"https:\/\/kibrisdakik.com\/","name":"","description":"Tam vaktinde haber","potentialAction":[{"@type":"SearchAction","target":{"@type":"EntryPoint","urlTemplate":"https:\/\/kibrisdakik.com\/?s={search_term_string}"},"query-input":{"@type":"PropertyValueSpecification","valueRequired":true,"valueName":"search_term_string"}}],"inLanguage":"tr"},{"@type":"Person","@id":"https:\/\/kibrisdakik.com\/#\/schema\/person\/9cd9d437bbb44f72b73ba127e06d8e79","name":"admin","image":{"@type":"ImageObject","inLanguage":"tr","@id":"https:\/\/secure.gravatar.com\/avatar\/ccc17943b9d660506c869530f897617f7cb1c21a4bf30023f252596d83e1f007?s=96&d=mm&r=g","url":"https:\/\/secure.gravatar.com\/avatar\/ccc17943b9d660506c869530f897617f7cb1c21a4bf30023f252596d83e1f007?s=96&d=mm&r=g","contentUrl":"https:\/\/secure.gravatar.com\/avatar\/ccc17943b9d660506c869530f897617f7cb1c21a4bf30023f252596d83e1f007?s=96&d=mm&r=g","caption":"admin"},"sameAs":["https:\/\/kibrisdakik.com"],"url":"https:\/\/kibrisdakik.com\/?author=1"}]}},"_links":{"self":[{"href":"https:\/\/kibrisdakik.com\/index.php?rest_route=\/wp\/v2\/posts\/12885","targetHints":{"allow":["GET"]}}],"collection":[{"href":"https:\/\/kibrisdakik.com\/index.php?rest_route=\/wp\/v2\/posts"}],"about":[{"href":"https:\/\/kibrisdakik.com\/index.php?rest_route=\/wp\/v2\/types\/post"}],"author":[{"embeddable":true,"href":"https:\/\/kibrisdakik.com\/index.php?rest_route=\/wp\/v2\/users\/1"}],"replies":[{"embeddable":true,"href":"https:\/\/kibrisdakik.com\/index.php?rest_route=%2Fwp%2Fv2%2Fcomments&post=12885"}],"version-history":[{"count":0,"href":"https:\/\/kibrisdakik.com\/index.php?rest_route=\/wp\/v2\/posts\/12885\/revisions"}],"wp:featuredmedia":[{"embeddable":true,"href":"https:\/\/kibrisdakik.com\/index.php?rest_route=\/wp\/v2\/media\/12886"}],"wp:attachment":[{"href":"https:\/\/kibrisdakik.com\/index.php?rest_route=%2Fwp%2Fv2%2Fmedia&parent=12885"}],"wp:term":[{"taxonomy":"category","embeddable":true,"href":"https:\/\/kibrisdakik.com\/index.php?rest_route=%2Fwp%2Fv2%2Fcategories&post=12885"},{"taxonomy":"post_tag","embeddable":true,"href":"https:\/\/kibrisdakik.com\/index.php?rest_route=%2Fwp%2Fv2%2Ftags&post=12885"}],"curies":[{"name":"wp","href":"https:\/\/api.w.org\/{rel}","templated":true}]}}