{"id":12901,"date":"2023-08-30T05:26:03","date_gmt":"2023-08-30T05:26:03","guid":{"rendered":"https:\/\/kibrisdakik.com\/index.php\/2023\/08\/30\/bayrak-fm-yaz-konseri-zahra-sokakta-gerceklestirildi-fikri-karayel-sarkilariyla-costurdu\/"},"modified":"2023-08-30T05:26:03","modified_gmt":"2023-08-30T05:26:03","slug":"bayrak-fm-yaz-konseri-zahra-sokakta-gerceklestirildi-fikri-karayel-sarkilariyla-costurdu","status":"publish","type":"post","link":"https:\/\/kibrisdakik.com\/?p=12901","title":{"rendered":"\u201cBayrak FM Yaz Konseri\u201d Zahra Sokak\u2019ta ger\u00e7ekle\u015ftirildi.. Fikri Karayel \u015fark\u0131lar\u0131yla co\u015fturdu"},"content":{"rendered":"<p><\/p>\n<div>\n<p>\u0130lki 2017 y\u0131l\u0131nda ger\u00e7ekle\u015fen Bayrak FM Yaz Konseri, bu y\u0131l Bayrak Radyo Televizyon Kurumu\u2019nun 60\u2019\u0131nc\u0131 y\u0131l etkinlikleri kapsam\u0131nda Lefko\u015fa Zahra Sokak\u2019ta ger\u00e7ekle\u015ftirildi.<\/p>\n<div class=\"mariselle-image-container center\">\n                <img width=\"901\" height=\"901\" class=\"lazy-image\" alt=\"\" decoding=\"async\" loading=\"lazy\" sizes=\"auto, (max-width: 901px) 100vw, 901px\" src=\"https:\/\/brtk.net\/wp-content\/uploads\/2023\/08\/30\/FB_IMG_1693370467647.jpg?ver=ca851ca32132816f6fa11a74eafd0b33\" srcset=\"https:\/\/brtk.net\/wp-content\/uploads\/2023\/08\/30\/FB_IMG_1693370467647.jpg?ver=ca851ca32132816f6fa11a74eafd0b33 901w, https:\/\/brtk.net\/wp-content\/uploads\/2023\/08\/30\/FB_IMG_1693370467647-300x300.jpg?ver=ca851ca32132816f6fa11a74eafd0b33 300w, https:\/\/brtk.net\/wp-content\/uploads\/2023\/08\/30\/FB_IMG_1693370467647-150x150.jpg?ver=ca851ca32132816f6fa11a74eafd0b33 150w, https:\/\/brtk.net\/wp-content\/uploads\/2023\/08\/30\/FB_IMG_1693370467647-768x768.jpg?ver=20d5ab81e47c3f9dc249e7dc3fbbf76c 768w, https:\/\/brtk.net\/wp-content\/uploads\/2023\/08\/30\/FB_IMG_1693370467647-800x800.jpg?ver=20d5ab81e47c3f9dc249e7dc3fbbf76c 800w\"\/>                            <\/div>\n<div class=\"mariselle-image-container center\">\n                <img width=\"1080\" height=\"1249\" class=\"lazy-image\" alt=\"\" decoding=\"async\" loading=\"lazy\" sizes=\"auto, (max-width: 1080px) 100vw, 1080px\" src=\"https:\/\/brtk.net\/wp-content\/uploads\/2023\/08\/30\/Screenshot_20230830_074555_Facebook.jpg?ver=89f1d60a17bf1c33180a6d6e049bf952\" srcset=\"https:\/\/brtk.net\/wp-content\/uploads\/2023\/08\/30\/Screenshot_20230830_074555_Facebook.jpg?ver=89f1d60a17bf1c33180a6d6e049bf952 1080w, https:\/\/brtk.net\/wp-content\/uploads\/2023\/08\/30\/Screenshot_20230830_074555_Facebook-259x300.jpg?ver=ecba7f7bc78a2175894e424cb95f134a 259w, https:\/\/brtk.net\/wp-content\/uploads\/2023\/08\/30\/Screenshot_20230830_074555_Facebook-885x1024.jpg?ver=ecba7f7bc78a2175894e424cb95f134a 885w, https:\/\/brtk.net\/wp-content\/uploads\/2023\/08\/30\/Screenshot_20230830_074555_Facebook-768x888.jpg?ver=ecba7f7bc78a2175894e424cb95f134a 768w\"\/>                            <\/div>\n<p>Kuruldu\u011fu g\u00fcnden bu yana K\u0131br\u0131sl\u0131 sanat\u00e7\u0131lara verdi\u011fi deste\u011fi s\u00fcrd\u00fcren Bayram FM, yaz konseri i\u00e7in bu y\u0131l Fikri Karayel\u2019i a\u011f\u0131rlad\u0131.<\/p>\n<div class=\"mariselle-image-container center\">\n                <img width=\"1080\" height=\"810\" class=\"lazy-image\" alt=\"\" decoding=\"async\" loading=\"lazy\" sizes=\"auto, (max-width: 1080px) 100vw, 1080px\" src=\"https:\/\/brtk.net\/wp-content\/uploads\/2023\/08\/30\/FB_IMG_1693370625988.jpg?ver=09b648dce2e10349cb80efafaf2be7b3\" srcset=\"https:\/\/brtk.net\/wp-content\/uploads\/2023\/08\/30\/FB_IMG_1693370625988.jpg?ver=09b648dce2e10349cb80efafaf2be7b3 1080w, https:\/\/brtk.net\/wp-content\/uploads\/2023\/08\/30\/FB_IMG_1693370625988-300x225.jpg?ver=09b648dce2e10349cb80efafaf2be7b3 300w, https:\/\/brtk.net\/wp-content\/uploads\/2023\/08\/30\/FB_IMG_1693370625988-1024x768.jpg?ver=073dbfc94988ded2572d3fe23313614c 1024w, https:\/\/brtk.net\/wp-content\/uploads\/2023\/08\/30\/FB_IMG_1693370625988-768x576.jpg?ver=073dbfc94988ded2572d3fe23313614c 768w\"\/>                            <\/div>\n<p>Ba\u015fbakan Yard\u0131mc\u0131l\u0131\u011f\u0131, Turizm, K\u00fclt\u00fcr, Gen\u00e7lik ve \u00c7evre Bakanl\u0131\u011f\u0131 himayelerinde ger\u00e7ekle\u015ftirilen gecede, Fikri Karayel \u015fark\u0131lar\u0131 ve sahne performans\u0131yla izleyenleri adeta b\u00fcy\u00fcledi. <\/p>\n<div class=\"mariselle-image-container center\">\n                <img width=\"1079\" height=\"1198\" class=\"lazy-image\" alt=\"\" decoding=\"async\" loading=\"lazy\" sizes=\"auto, (max-width: 1079px) 100vw, 1079px\" src=\"https:\/\/brtk.net\/wp-content\/uploads\/2023\/08\/30\/Screenshot_20230830_074725_Facebook.jpg?ver=77225937711ba75095e31e7683e00168\" srcset=\"https:\/\/brtk.net\/wp-content\/uploads\/2023\/08\/30\/Screenshot_20230830_074725_Facebook.jpg?ver=77225937711ba75095e31e7683e00168 1079w, https:\/\/brtk.net\/wp-content\/uploads\/2023\/08\/30\/Screenshot_20230830_074725_Facebook-270x300.jpg?ver=a21ae2364d09dfeb44347d0026935770 270w, https:\/\/brtk.net\/wp-content\/uploads\/2023\/08\/30\/Screenshot_20230830_074725_Facebook-922x1024.jpg?ver=a21ae2364d09dfeb44347d0026935770 922w, https:\/\/brtk.net\/wp-content\/uploads\/2023\/08\/30\/Screenshot_20230830_074725_Facebook-768x853.jpg?ver=a21ae2364d09dfeb44347d0026935770 768w\"\/>                            <\/div>\n<p>Gecede ayr\u0131ca, Avrupa ve D\u00fcnya \u015fampiyonlar\u0131 Nev Gen\u00e7ler Fitness, performanslar\u0131 ile izleyenlerden tam not al\u0131rken, 90\u2019lardan bug\u00fcne mixleriyle Dj Serdar Eren de \u00e7ald\u0131\u011f\u0131 par\u00e7alarla izleyenleri co\u015fturdu. <\/p>\n<div class=\"mariselle-image-container center\">\n                <img width=\"1079\" height=\"840\" class=\"lazy-image\" alt=\"\" decoding=\"async\" loading=\"lazy\" sizes=\"auto, (max-width: 1079px) 100vw, 1079px\" src=\"https:\/\/brtk.net\/wp-content\/uploads\/2023\/08\/30\/Screenshot_20230830_074302_Facebook.jpg?ver=51e699c55f74de1218ad5aae0bd324e8\" srcset=\"https:\/\/brtk.net\/wp-content\/uploads\/2023\/08\/30\/Screenshot_20230830_074302_Facebook.jpg?ver=51e699c55f74de1218ad5aae0bd324e8 1079w, https:\/\/brtk.net\/wp-content\/uploads\/2023\/08\/30\/Screenshot_20230830_074302_Facebook-300x234.jpg?ver=8c6069867cbeaf7b35bebf97f00ea20b 300w, https:\/\/brtk.net\/wp-content\/uploads\/2023\/08\/30\/Screenshot_20230830_074302_Facebook-1024x797.jpg?ver=8c6069867cbeaf7b35bebf97f00ea20b 1024w, https:\/\/brtk.net\/wp-content\/uploads\/2023\/08\/30\/Screenshot_20230830_074302_Facebook-768x598.jpg?ver=8c6069867cbeaf7b35bebf97f00ea20b 768w, https:\/\/brtk.net\/wp-content\/uploads\/2023\/08\/30\/Screenshot_20230830_074302_Facebook-130x100.jpg?ver=f9965d8eefdd08e9fb7721b8473a30b2 130w\"\/>                            <\/div>\n<p>Sunuculu\u011funu Bayrak FM programc\u0131lar\u0131ndan Cihan \u00c7ayan ve \u015eirin Mur\u00e7ak\u2019\u0131n yapt\u0131\u011f\u0131 gecede, Bayrak Radyo Televizyon M\u00fcd\u00fcr\u00fc Meryem \u00d6zkurt, <a href=\"https:\/\/brtk.net\/\">BRT<\/a>\u2019nin 60\u2019\u0131nc\u0131 y\u0131l\u0131n\u0131 kutlaman\u0131n gururu i\u00e7eresinde oldu\u011funu kaydetti.  <\/p>\n<div class=\"mariselle-image-container center\">\n                <img width=\"1080\" height=\"810\" class=\"lazy-image\" alt=\"\" decoding=\"async\" loading=\"lazy\" sizes=\"auto, (max-width: 1080px) 100vw, 1080px\" src=\"https:\/\/brtk.net\/wp-content\/uploads\/2023\/08\/30\/FB_IMG_1693370519461.jpg?ver=6294deb8d844040410d3e61e360187c4\" srcset=\"https:\/\/brtk.net\/wp-content\/uploads\/2023\/08\/30\/FB_IMG_1693370519461.jpg?ver=6294deb8d844040410d3e61e360187c4 1080w, https:\/\/brtk.net\/wp-content\/uploads\/2023\/08\/30\/FB_IMG_1693370519461-300x225.jpg?ver=98fc52594cecd9282ca27f6dce4f7978 300w, https:\/\/brtk.net\/wp-content\/uploads\/2023\/08\/30\/FB_IMG_1693370519461-1024x768.jpg?ver=98fc52594cecd9282ca27f6dce4f7978 1024w, https:\/\/brtk.net\/wp-content\/uploads\/2023\/08\/30\/FB_IMG_1693370519461-768x576.jpg?ver=98fc52594cecd9282ca27f6dce4f7978 768w\"\/>                            <\/div>\n<p>\u00d6zkurt \u201c2017\u2019den beridir Bayrak FM konserleri geleneksel olarak her y\u0131l yap\u0131l\u0131yor.  Bu y\u0131l Bayrak radyosunun 60\u2019\u0131nc\u0131 kurulu\u015f y\u0131ld\u00f6n\u00fcm\u00fc. Ben katk\u0131 koyan herkese te\u015fekk\u00fcr ediyorum.\u201d dedi. <\/p>\n<div class=\"mariselle-image-container center\">\n                <img width=\"1080\" height=\"1080\" class=\"lazy-image\" alt=\"\" decoding=\"async\" loading=\"lazy\" sizes=\"auto, (max-width: 1080px) 100vw, 1080px\" src=\"https:\/\/brtk.net\/wp-content\/uploads\/2023\/08\/30\/FB_IMG_1693370476371.jpg?ver=b1690f7efe59742e108728f3c8c0b065\" srcset=\"https:\/\/brtk.net\/wp-content\/uploads\/2023\/08\/30\/FB_IMG_1693370476371.jpg?ver=b1690f7efe59742e108728f3c8c0b065 1080w, https:\/\/brtk.net\/wp-content\/uploads\/2023\/08\/30\/FB_IMG_1693370476371-300x300.jpg?ver=83dee3283c7c8cd698b2c38a9e31d2e1 300w, https:\/\/brtk.net\/wp-content\/uploads\/2023\/08\/30\/FB_IMG_1693370476371-1024x1024.jpg?ver=83dee3283c7c8cd698b2c38a9e31d2e1 1024w, https:\/\/brtk.net\/wp-content\/uploads\/2023\/08\/30\/FB_IMG_1693370476371-150x150.jpg?ver=83dee3283c7c8cd698b2c38a9e31d2e1 150w, https:\/\/brtk.net\/wp-content\/uploads\/2023\/08\/30\/FB_IMG_1693370476371-768x768.jpg?ver=83dee3283c7c8cd698b2c38a9e31d2e1 768w, https:\/\/brtk.net\/wp-content\/uploads\/2023\/08\/30\/FB_IMG_1693370476371-800x800.jpg?ver=e764f1aa2f844f81e25b5ed28fc1322c 800w\"\/>                            <\/div>\n<p>Gecede Bayrak FM programc\u0131lar\u0131 da haz\u0131r bulundu.<\/p>\n<div class=\"mariselle-image-container center\">\n                <img width=\"1080\" height=\"810\" class=\"lazy-image\" alt=\"\" decoding=\"async\" loading=\"lazy\" sizes=\"auto, (max-width: 1080px) 100vw, 1080px\" src=\"https:\/\/brtk.net\/wp-content\/uploads\/2023\/08\/30\/FB_IMG_1693370541064.jpg?ver=c6e1a8d6eb61ac721809822a658b63a6\" srcset=\"https:\/\/brtk.net\/wp-content\/uploads\/2023\/08\/30\/FB_IMG_1693370541064.jpg?ver=c6e1a8d6eb61ac721809822a658b63a6 1080w, https:\/\/brtk.net\/wp-content\/uploads\/2023\/08\/30\/FB_IMG_1693370541064-300x225.jpg?ver=69379b50bbf0866d7fe37423baef70ec 300w, https:\/\/brtk.net\/wp-content\/uploads\/2023\/08\/30\/FB_IMG_1693370541064-1024x768.jpg?ver=69379b50bbf0866d7fe37423baef70ec 1024w, https:\/\/brtk.net\/wp-content\/uploads\/2023\/08\/30\/FB_IMG_1693370541064-768x576.jpg?ver=69379b50bbf0866d7fe37423baef70ec 768w\"\/>                            <\/div>\n<div class=\"mariselle-image-container center\">\n                <img width=\"720\" height=\"1600\" class=\"lazy-image\" alt=\"\" decoding=\"async\" loading=\"lazy\" sizes=\"auto, (max-width: 720px) 100vw, 720px\" src=\"https:\/\/brtk.net\/wp-content\/uploads\/2023\/08\/30\/IMG-20230829-WA0051.jpg?ver=cd164bf87a951dadc6cf117823bfeda2\" srcset=\"https:\/\/brtk.net\/wp-content\/uploads\/2023\/08\/30\/IMG-20230829-WA0051.jpg?ver=cd164bf87a951dadc6cf117823bfeda2 720w, https:\/\/brtk.net\/wp-content\/uploads\/2023\/08\/30\/IMG-20230829-WA0051-135x300.jpg?ver=cd164bf87a951dadc6cf117823bfeda2 135w, https:\/\/brtk.net\/wp-content\/uploads\/2023\/08\/30\/IMG-20230829-WA0051-461x1024.jpg?ver=cd164bf87a951dadc6cf117823bfeda2 461w, https:\/\/brtk.net\/wp-content\/uploads\/2023\/08\/30\/IMG-20230829-WA0051-691x1536.jpg?ver=cae2009c7dd9a41ef98481e47a726894 691w\"\/>                            <\/div>\n<\/p><\/div>\n","protected":false},"excerpt":{"rendered":"<p>\u0130lki 2017 y\u0131l\u0131nda ger\u00e7ekle\u015fen Bayrak FM Yaz Konseri, bu y\u0131l Bayrak Radyo Televizyon Kurumu\u2019nun 60\u2019\u0131nc\u0131 y\u0131l etkinlikleri kapsam\u0131nda Lefko\u015fa Zahra Sokak\u2019ta ger\u00e7ekle\u015ftirildi. Kuruldu\u011fu g\u00fcnden bu yana K\u0131br\u0131sl\u0131 sanat\u00e7\u0131lara verdi\u011fi deste\u011fi s\u00fcrd\u00fcren Bayram FM, yaz konseri i\u00e7in bu y\u0131l Fikri Karayel\u2019i a\u011f\u0131rlad\u0131. Ba\u015fbakan Yard\u0131mc\u0131l\u0131\u011f\u0131, Turizm, K\u00fclt\u00fcr, Gen\u00e7lik ve \u00c7evre Bakanl\u0131\u011f\u0131 himayelerinde ger\u00e7ekle\u015ftirilen gecede, Fikri Karayel \u015fark\u0131lar\u0131<\/p>\n","protected":false},"author":1,"featured_media":12902,"comment_status":"open","ping_status":"open","sticky":false,"template":"","format":"standard","meta":{"footnotes":""},"categories":[1],"tags":[],"class_list":["post-12901","post","type-post","status-publish","format-standard","has-post-thumbnail","hentry","category-gundem"],"yoast_head":"<!-- This site is optimized with the Yoast SEO plugin v27.5 - https:\/\/yoast.com\/product\/yoast-seo-wordpress\/ -->\n<title>\u201cBayrak FM Yaz Konseri\u201d Zahra Sokak\u2019ta ger\u00e7ekle\u015ftirildi.. Fikri Karayel \u015fark\u0131lar\u0131yla co\u015fturdu -<\/title>\n<meta name=\"robots\" content=\"index, follow, max-snippet:-1, max-image-preview:large, max-video-preview:-1\" \/>\n<link rel=\"canonical\" href=\"https:\/\/kibrisdakik.com\/?p=12901\" \/>\n<meta property=\"og:locale\" content=\"tr_TR\" \/>\n<meta property=\"og:type\" content=\"article\" \/>\n<meta property=\"og:title\" content=\"\u201cBayrak FM Yaz Konseri\u201d Zahra Sokak\u2019ta ger\u00e7ekle\u015ftirildi.. Fikri Karayel \u015fark\u0131lar\u0131yla co\u015fturdu -\" \/>\n<meta property=\"og:description\" content=\"\u0130lki 2017 y\u0131l\u0131nda ger\u00e7ekle\u015fen Bayrak FM Yaz Konseri, bu y\u0131l Bayrak Radyo Televizyon Kurumu\u2019nun 60\u2019\u0131nc\u0131 y\u0131l etkinlikleri kapsam\u0131nda Lefko\u015fa Zahra Sokak\u2019ta ger\u00e7ekle\u015ftirildi. Kuruldu\u011fu g\u00fcnden bu yana K\u0131br\u0131sl\u0131 sanat\u00e7\u0131lara verdi\u011fi deste\u011fi s\u00fcrd\u00fcren Bayram FM, yaz konseri i\u00e7in bu y\u0131l Fikri Karayel\u2019i a\u011f\u0131rlad\u0131. Ba\u015fbakan Yard\u0131mc\u0131l\u0131\u011f\u0131, Turizm, K\u00fclt\u00fcr, Gen\u00e7lik ve \u00c7evre Bakanl\u0131\u011f\u0131 himayelerinde ger\u00e7ekle\u015ftirilen gecede, Fikri Karayel \u015fark\u0131lar\u0131\" \/>\n<meta property=\"og:url\" content=\"https:\/\/kibrisdakik.com\/?p=12901\" \/>\n<meta property=\"article:published_time\" content=\"2023-08-30T05:26:03+00:00\" \/>\n<meta property=\"og:image\" content=\"https:\/\/kibrisdakik.com\/wp-content\/uploads\/2023\/08\/InShot_20230830_075132850-scaled-740x420.jpg\" \/>\n\t<meta property=\"og:image:width\" content=\"2560\" \/>\n\t<meta property=\"og:image:height\" content=\"1439\" \/>\n\t<meta property=\"og:image:type\" content=\"image\/jpeg\" \/>\n<meta name=\"author\" content=\"admin\" \/>\n<meta name=\"twitter:card\" content=\"summary_large_image\" \/>\n<meta name=\"twitter:label1\" content=\"Yazan:\" \/>\n\t<meta name=\"twitter:data1\" content=\"admin\" \/>\n\t<meta name=\"twitter:label2\" content=\"Tahmini okuma s\u00fcresi\" \/>\n\t<meta name=\"twitter:data2\" content=\"1 dakika\" \/>\n<script type=\"application\/ld+json\" class=\"yoast-schema-graph\">{\"@context\":\"https:\\\/\\\/schema.org\",\"@graph\":[{\"@type\":\"Article\",\"@id\":\"https:\\\/\\\/kibrisdakik.com\\\/?p=12901#article\",\"isPartOf\":{\"@id\":\"https:\\\/\\\/kibrisdakik.com\\\/?p=12901\"},\"author\":{\"name\":\"admin\",\"@id\":\"https:\\\/\\\/kibrisdakik.com\\\/#\\\/schema\\\/person\\\/9cd9d437bbb44f72b73ba127e06d8e79\"},\"headline\":\"\u201cBayrak FM Yaz Konseri\u201d Zahra Sokak\u2019ta ger\u00e7ekle\u015ftirildi.. Fikri Karayel \u015fark\u0131lar\u0131yla co\u015fturdu\",\"datePublished\":\"2023-08-30T05:26:03+00:00\",\"mainEntityOfPage\":{\"@id\":\"https:\\\/\\\/kibrisdakik.com\\\/?p=12901\"},\"wordCount\":228,\"commentCount\":0,\"image\":{\"@id\":\"https:\\\/\\\/kibrisdakik.com\\\/?p=12901#primaryimage\"},\"thumbnailUrl\":\"https:\\\/\\\/kibrisdakik.com\\\/wp-content\\\/uploads\\\/2023\\\/08\\\/InShot_20230830_075132850-scaled-740x420.jpg\",\"articleSection\":[\"G\u00fcndem\"],\"inLanguage\":\"tr\",\"potentialAction\":[{\"@type\":\"CommentAction\",\"name\":\"Comment\",\"target\":[\"https:\\\/\\\/kibrisdakik.com\\\/?p=12901#respond\"]}]},{\"@type\":\"WebPage\",\"@id\":\"https:\\\/\\\/kibrisdakik.com\\\/?p=12901\",\"url\":\"https:\\\/\\\/kibrisdakik.com\\\/?p=12901\",\"name\":\"\u201cBayrak FM Yaz Konseri\u201d Zahra Sokak\u2019ta ger\u00e7ekle\u015ftirildi.. Fikri Karayel \u015fark\u0131lar\u0131yla co\u015fturdu -\",\"isPartOf\":{\"@id\":\"https:\\\/\\\/kibrisdakik.com\\\/#website\"},\"primaryImageOfPage\":{\"@id\":\"https:\\\/\\\/kibrisdakik.com\\\/?p=12901#primaryimage\"},\"image\":{\"@id\":\"https:\\\/\\\/kibrisdakik.com\\\/?p=12901#primaryimage\"},\"thumbnailUrl\":\"https:\\\/\\\/kibrisdakik.com\\\/wp-content\\\/uploads\\\/2023\\\/08\\\/InShot_20230830_075132850-scaled-740x420.jpg\",\"datePublished\":\"2023-08-30T05:26:03+00:00\",\"author\":{\"@id\":\"https:\\\/\\\/kibrisdakik.com\\\/#\\\/schema\\\/person\\\/9cd9d437bbb44f72b73ba127e06d8e79\"},\"breadcrumb\":{\"@id\":\"https:\\\/\\\/kibrisdakik.com\\\/?p=12901#breadcrumb\"},\"inLanguage\":\"tr\",\"potentialAction\":[{\"@type\":\"ReadAction\",\"target\":[\"https:\\\/\\\/kibrisdakik.com\\\/?p=12901\"]}]},{\"@type\":\"ImageObject\",\"inLanguage\":\"tr\",\"@id\":\"https:\\\/\\\/kibrisdakik.com\\\/?p=12901#primaryimage\",\"url\":\"https:\\\/\\\/kibrisdakik.com\\\/wp-content\\\/uploads\\\/2023\\\/08\\\/InShot_20230830_075132850-scaled-740x420.jpg\",\"contentUrl\":\"https:\\\/\\\/kibrisdakik.com\\\/wp-content\\\/uploads\\\/2023\\\/08\\\/InShot_20230830_075132850-scaled-740x420.jpg\",\"width\":2560,\"height\":1439},{\"@type\":\"BreadcrumbList\",\"@id\":\"https:\\\/\\\/kibrisdakik.com\\\/?p=12901#breadcrumb\",\"itemListElement\":[{\"@type\":\"ListItem\",\"position\":1,\"name\":\"Home\",\"item\":\"https:\\\/\\\/kibrisdakik.com\\\/\"},{\"@type\":\"ListItem\",\"position\":2,\"name\":\"\u201cBayrak FM Yaz Konseri\u201d Zahra Sokak\u2019ta ger\u00e7ekle\u015ftirildi.. Fikri Karayel \u015fark\u0131lar\u0131yla co\u015fturdu\"}]},{\"@type\":\"WebSite\",\"@id\":\"https:\\\/\\\/kibrisdakik.com\\\/#website\",\"url\":\"https:\\\/\\\/kibrisdakik.com\\\/\",\"name\":\"\",\"description\":\"Tam vaktinde haber\",\"potentialAction\":[{\"@type\":\"SearchAction\",\"target\":{\"@type\":\"EntryPoint\",\"urlTemplate\":\"https:\\\/\\\/kibrisdakik.com\\\/?s={search_term_string}\"},\"query-input\":{\"@type\":\"PropertyValueSpecification\",\"valueRequired\":true,\"valueName\":\"search_term_string\"}}],\"inLanguage\":\"tr\"},{\"@type\":\"Person\",\"@id\":\"https:\\\/\\\/kibrisdakik.com\\\/#\\\/schema\\\/person\\\/9cd9d437bbb44f72b73ba127e06d8e79\",\"name\":\"admin\",\"image\":{\"@type\":\"ImageObject\",\"inLanguage\":\"tr\",\"@id\":\"https:\\\/\\\/secure.gravatar.com\\\/avatar\\\/ccc17943b9d660506c869530f897617f7cb1c21a4bf30023f252596d83e1f007?s=96&d=mm&r=g\",\"url\":\"https:\\\/\\\/secure.gravatar.com\\\/avatar\\\/ccc17943b9d660506c869530f897617f7cb1c21a4bf30023f252596d83e1f007?s=96&d=mm&r=g\",\"contentUrl\":\"https:\\\/\\\/secure.gravatar.com\\\/avatar\\\/ccc17943b9d660506c869530f897617f7cb1c21a4bf30023f252596d83e1f007?s=96&d=mm&r=g\",\"caption\":\"admin\"},\"sameAs\":[\"https:\\\/\\\/kibrisdakik.com\"],\"url\":\"https:\\\/\\\/kibrisdakik.com\\\/?author=1\"}]}<\/script>\n<!-- \/ Yoast SEO plugin. -->","yoast_head_json":{"title":"\u201cBayrak FM Yaz Konseri\u201d Zahra Sokak\u2019ta ger\u00e7ekle\u015ftirildi.. Fikri Karayel \u015fark\u0131lar\u0131yla co\u015fturdu -","robots":{"index":"index","follow":"follow","max-snippet":"max-snippet:-1","max-image-preview":"max-image-preview:large","max-video-preview":"max-video-preview:-1"},"canonical":"https:\/\/kibrisdakik.com\/?p=12901","og_locale":"tr_TR","og_type":"article","og_title":"\u201cBayrak FM Yaz Konseri\u201d Zahra Sokak\u2019ta ger\u00e7ekle\u015ftirildi.. Fikri Karayel \u015fark\u0131lar\u0131yla co\u015fturdu -","og_description":"\u0130lki 2017 y\u0131l\u0131nda ger\u00e7ekle\u015fen Bayrak FM Yaz Konseri, bu y\u0131l Bayrak Radyo Televizyon Kurumu\u2019nun 60\u2019\u0131nc\u0131 y\u0131l etkinlikleri kapsam\u0131nda Lefko\u015fa Zahra Sokak\u2019ta ger\u00e7ekle\u015ftirildi. Kuruldu\u011fu g\u00fcnden bu yana K\u0131br\u0131sl\u0131 sanat\u00e7\u0131lara verdi\u011fi deste\u011fi s\u00fcrd\u00fcren Bayram FM, yaz konseri i\u00e7in bu y\u0131l Fikri Karayel\u2019i a\u011f\u0131rlad\u0131. Ba\u015fbakan Yard\u0131mc\u0131l\u0131\u011f\u0131, Turizm, K\u00fclt\u00fcr, Gen\u00e7lik ve \u00c7evre Bakanl\u0131\u011f\u0131 himayelerinde ger\u00e7ekle\u015ftirilen gecede, Fikri Karayel \u015fark\u0131lar\u0131","og_url":"https:\/\/kibrisdakik.com\/?p=12901","article_published_time":"2023-08-30T05:26:03+00:00","og_image":[{"width":2560,"height":1439,"url":"https:\/\/kibrisdakik.com\/wp-content\/uploads\/2023\/08\/InShot_20230830_075132850-scaled-740x420.jpg","type":"image\/jpeg"}],"author":"admin","twitter_card":"summary_large_image","twitter_misc":{"Yazan:":"admin","Tahmini okuma s\u00fcresi":"1 dakika"},"schema":{"@context":"https:\/\/schema.org","@graph":[{"@type":"Article","@id":"https:\/\/kibrisdakik.com\/?p=12901#article","isPartOf":{"@id":"https:\/\/kibrisdakik.com\/?p=12901"},"author":{"name":"admin","@id":"https:\/\/kibrisdakik.com\/#\/schema\/person\/9cd9d437bbb44f72b73ba127e06d8e79"},"headline":"\u201cBayrak FM Yaz Konseri\u201d Zahra Sokak\u2019ta ger\u00e7ekle\u015ftirildi.. Fikri Karayel \u015fark\u0131lar\u0131yla co\u015fturdu","datePublished":"2023-08-30T05:26:03+00:00","mainEntityOfPage":{"@id":"https:\/\/kibrisdakik.com\/?p=12901"},"wordCount":228,"commentCount":0,"image":{"@id":"https:\/\/kibrisdakik.com\/?p=12901#primaryimage"},"thumbnailUrl":"https:\/\/kibrisdakik.com\/wp-content\/uploads\/2023\/08\/InShot_20230830_075132850-scaled-740x420.jpg","articleSection":["G\u00fcndem"],"inLanguage":"tr","potentialAction":[{"@type":"CommentAction","name":"Comment","target":["https:\/\/kibrisdakik.com\/?p=12901#respond"]}]},{"@type":"WebPage","@id":"https:\/\/kibrisdakik.com\/?p=12901","url":"https:\/\/kibrisdakik.com\/?p=12901","name":"\u201cBayrak FM Yaz Konseri\u201d Zahra Sokak\u2019ta ger\u00e7ekle\u015ftirildi.. Fikri Karayel \u015fark\u0131lar\u0131yla co\u015fturdu -","isPartOf":{"@id":"https:\/\/kibrisdakik.com\/#website"},"primaryImageOfPage":{"@id":"https:\/\/kibrisdakik.com\/?p=12901#primaryimage"},"image":{"@id":"https:\/\/kibrisdakik.com\/?p=12901#primaryimage"},"thumbnailUrl":"https:\/\/kibrisdakik.com\/wp-content\/uploads\/2023\/08\/InShot_20230830_075132850-scaled-740x420.jpg","datePublished":"2023-08-30T05:26:03+00:00","author":{"@id":"https:\/\/kibrisdakik.com\/#\/schema\/person\/9cd9d437bbb44f72b73ba127e06d8e79"},"breadcrumb":{"@id":"https:\/\/kibrisdakik.com\/?p=12901#breadcrumb"},"inLanguage":"tr","potentialAction":[{"@type":"ReadAction","target":["https:\/\/kibrisdakik.com\/?p=12901"]}]},{"@type":"ImageObject","inLanguage":"tr","@id":"https:\/\/kibrisdakik.com\/?p=12901#primaryimage","url":"https:\/\/kibrisdakik.com\/wp-content\/uploads\/2023\/08\/InShot_20230830_075132850-scaled-740x420.jpg","contentUrl":"https:\/\/kibrisdakik.com\/wp-content\/uploads\/2023\/08\/InShot_20230830_075132850-scaled-740x420.jpg","width":2560,"height":1439},{"@type":"BreadcrumbList","@id":"https:\/\/kibrisdakik.com\/?p=12901#breadcrumb","itemListElement":[{"@type":"ListItem","position":1,"name":"Home","item":"https:\/\/kibrisdakik.com\/"},{"@type":"ListItem","position":2,"name":"\u201cBayrak FM Yaz Konseri\u201d Zahra Sokak\u2019ta ger\u00e7ekle\u015ftirildi.. Fikri Karayel \u015fark\u0131lar\u0131yla co\u015fturdu"}]},{"@type":"WebSite","@id":"https:\/\/kibrisdakik.com\/#website","url":"https:\/\/kibrisdakik.com\/","name":"","description":"Tam vaktinde haber","potentialAction":[{"@type":"SearchAction","target":{"@type":"EntryPoint","urlTemplate":"https:\/\/kibrisdakik.com\/?s={search_term_string}"},"query-input":{"@type":"PropertyValueSpecification","valueRequired":true,"valueName":"search_term_string"}}],"inLanguage":"tr"},{"@type":"Person","@id":"https:\/\/kibrisdakik.com\/#\/schema\/person\/9cd9d437bbb44f72b73ba127e06d8e79","name":"admin","image":{"@type":"ImageObject","inLanguage":"tr","@id":"https:\/\/secure.gravatar.com\/avatar\/ccc17943b9d660506c869530f897617f7cb1c21a4bf30023f252596d83e1f007?s=96&d=mm&r=g","url":"https:\/\/secure.gravatar.com\/avatar\/ccc17943b9d660506c869530f897617f7cb1c21a4bf30023f252596d83e1f007?s=96&d=mm&r=g","contentUrl":"https:\/\/secure.gravatar.com\/avatar\/ccc17943b9d660506c869530f897617f7cb1c21a4bf30023f252596d83e1f007?s=96&d=mm&r=g","caption":"admin"},"sameAs":["https:\/\/kibrisdakik.com"],"url":"https:\/\/kibrisdakik.com\/?author=1"}]}},"_links":{"self":[{"href":"https:\/\/kibrisdakik.com\/index.php?rest_route=\/wp\/v2\/posts\/12901","targetHints":{"allow":["GET"]}}],"collection":[{"href":"https:\/\/kibrisdakik.com\/index.php?rest_route=\/wp\/v2\/posts"}],"about":[{"href":"https:\/\/kibrisdakik.com\/index.php?rest_route=\/wp\/v2\/types\/post"}],"author":[{"embeddable":true,"href":"https:\/\/kibrisdakik.com\/index.php?rest_route=\/wp\/v2\/users\/1"}],"replies":[{"embeddable":true,"href":"https:\/\/kibrisdakik.com\/index.php?rest_route=%2Fwp%2Fv2%2Fcomments&post=12901"}],"version-history":[{"count":0,"href":"https:\/\/kibrisdakik.com\/index.php?rest_route=\/wp\/v2\/posts\/12901\/revisions"}],"wp:featuredmedia":[{"embeddable":true,"href":"https:\/\/kibrisdakik.com\/index.php?rest_route=\/wp\/v2\/media\/12902"}],"wp:attachment":[{"href":"https:\/\/kibrisdakik.com\/index.php?rest_route=%2Fwp%2Fv2%2Fmedia&parent=12901"}],"wp:term":[{"taxonomy":"category","embeddable":true,"href":"https:\/\/kibrisdakik.com\/index.php?rest_route=%2Fwp%2Fv2%2Fcategories&post=12901"},{"taxonomy":"post_tag","embeddable":true,"href":"https:\/\/kibrisdakik.com\/index.php?rest_route=%2Fwp%2Fv2%2Ftags&post=12901"}],"curies":[{"name":"wp","href":"https:\/\/api.w.org\/{rel}","templated":true}]}}