{"id":12907,"date":"2023-08-30T09:31:03","date_gmt":"2023-08-30T09:31:03","guid":{"rendered":"https:\/\/kibrisdakik.com\/index.php\/2023\/08\/30\/30-agustos-zafer-bayrami-dolayisiyla-ataturk-anitindan-toren-duzenlendi\/"},"modified":"2023-08-30T09:31:03","modified_gmt":"2023-08-30T09:31:03","slug":"30-agustos-zafer-bayrami-dolayisiyla-ataturk-anitindan-toren-duzenlendi","status":"publish","type":"post","link":"https:\/\/kibrisdakik.com\/?p=12907","title":{"rendered":"30 A\u011fustos Zafer Bayram\u0131 dolay\u0131s\u0131yla Atat\u00fcrk An\u0131t\u0131\u2019ndan t\u00f6ren d\u00fczenlendi"},"content":{"rendered":"<p><\/p>\n<div>\n<div class=\"mariselle-image-container center\">\n                <img width=\"1024\" height=\"682\" class=\"lazy-image\" alt=\"\" decoding=\"async\" loading=\"lazy\" sizes=\"auto, (max-width: 1024px) 100vw, 1024px\" src=\"https:\/\/brtk.net\/wp-content\/uploads\/2023\/08\/30\/asdaa.jpg?ver=5f10ba5c2f1d086578c062b51f4e4a7c\" srcset=\"https:\/\/brtk.net\/wp-content\/uploads\/2023\/08\/30\/asdaa.jpg?ver=5f10ba5c2f1d086578c062b51f4e4a7c 1024w, https:\/\/brtk.net\/wp-content\/uploads\/2023\/08\/30\/asdaa-300x200.jpg?ver=5f10ba5c2f1d086578c062b51f4e4a7c 300w, https:\/\/brtk.net\/wp-content\/uploads\/2023\/08\/30\/asdaa-768x512.jpg?ver=8f11b81ce1726df008c9009ca3c7ab73 768w\"\/>                            <\/div>\n<p>30 A\u011fustos Zafer Bayram\u0131 kutlamalar\u0131 dolay\u0131s\u0131yla Lefko\u015fa Atat\u00fcrk An\u0131t\u0131\u2019nda t\u00f6ren d\u00fczenlendi.<\/p>\n<p>T\u00f6rene Cumhurba\u015fkan\u0131 <a href=\"https:\/\/brtk.net\/\" target=\"_blank\" rel=\"noopener\"><a href=\"https:\/\/brtk.net\/\" target=\"_blank\" rel=\"noopener\">Ersin <\/a><a href=\"https:\/\/brtk.net\/\">Tatar<\/a>\u2019\u0131n yan\u0131 s\u0131ra, Cumhuriyet Meclisi Ba\u015fkan\u0131 Zorlu T\u00f6re, Ba\u015fbakan \u00dcnal \u00dcstel, Y\u00fcksek Mahkeme Ba\u015fkan\u0131 Narin F. \u015eefik, 2. Cumhurba\u015fkan\u0131 Mehmet Ali Talat, TC Lefko\u015fa B\u00fcy\u00fckel\u00e7isi Metin Feyzio\u011flu, KTBK Komutan\u0131 T\u00fcmgeneral Sebahattin K\u0131l\u0131n\u00e7, GKK Komutan\u0131 Vekili T\u00fcmgeneral Kadir Bayrakl\u0131, baz\u0131 bakanlar, sivil ve askeri yetkililer, kurum, kurulu\u015f dernek ve okul temsilcileri kat\u0131ld\u0131.<\/p>\n<p>T\u00f6ren protokol s\u0131ras\u0131na g\u00f6re \u00e7elenklerin an\u0131ta sunulmas\u0131yla ba\u015flad\u0131; sayg\u0131 duru\u015fu ve \u0130stikl\u00e2l Mar\u015f\u0131 e\u015fli\u011finde bayraklar\u0131n g\u00f6ndere \u00e7ekilmesinin ard\u0131ndan an\u0131t \u00f6zel defterinin imzalanmas\u0131yla sona erdi.<\/p>\n<p>Cumhurba\u015fkan\u0131 <a href=\"https:\/\/brtk.net\/\" target=\"_blank\" rel=\"noopener\"><a href=\"https:\/\/brtk.net\/\" target=\"_blank\" rel=\"noopener\">Ersin <\/a><a href=\"https:\/\/brtk.net\/\">Tatar<\/a> \u00f6zel deftere \u015funlar\u0131 kaydetti:<\/p>\n<p>\u201c<em>Aziz Atat\u00fcrk; Ba\u015fkomutanl\u0131\u011f\u0131n\u0131zda y\u00fcce milletimiz ve kahraman ordumuzun azim ve kararl\u0131l\u0131kla vatan\u0131n istikl\u00e2l ve istikbali i\u00e7in 26 A\u011fustos 1922\u2019de ba\u015flayan B\u00fcy\u00fck Taarruz ve 30 A\u011fustos 1922\u2019de kazan\u0131lan Ba\u015fkomutanl\u0131k Meydan Muharebesi Zaferi\u2019nin y\u00fczbirinci y\u0131l d\u00f6n\u00fcm\u00fcn\u00fc anmak i\u00e7in manevi huzurunuzda bulunman\u0131n onur, gurur ve heyecan\u0131n\u0131 ya\u015f\u0131yoruz.<\/em><\/p>\n<p>\u015eanl\u0131 tarihimizdeki B\u00fcy\u00fck Taarruz gerek Kurtulu\u015f Sava\u015f\u0131\u2019n\u0131n ba\u015far\u0131ya ula\u015ft\u0131r\u0131larak T\u00fcrkiye Cumhuriyeti\u2019nin temellerinin at\u0131ld\u0131\u011f\u0131 gerekse T\u00fcrk Milletinin tutsakl\u0131\u011f\u0131 asla kabul etmeyece\u011fini yeniden t\u00fcm d\u00fcnyaya g\u00f6sterdi\u011fi b\u00fcy\u00fck bir zaferdir.<\/p>\n<p>B\u00fcy\u00fck Taarruz ve Ba\u015fkomutanl\u0131k Meydan Muharebesi\u2019ne Ada\u2019n\u0131n \u0130ngiliz S\u00f6m\u00fcrge \u0130daresi alt\u0131nda oldu\u011fu bir d\u00f6nemde K\u0131br\u0131s T\u00fcrkleri gerek fiilen kat\u0131l\u0131m sa\u011flam\u0131\u015f, kat\u0131l\u0131m sa\u011flayamayanlar ise bulunduklar\u0131 yerden maddi ve manevi desteklerini y\u00fcrekten ula\u015ft\u0131rm\u0131\u015flard\u0131r.<\/p>\n<p>K\u0131br\u0131s T\u00fcrkleri, B\u00fcy\u00fck Taarruz, Ba\u015fkomutanl\u0131k Meydan Muharebesi ve Kurtulu\u015f Sava\u015f\u0131\u2019ndan ald\u0131klar\u0131 ilham ve g\u00fc\u00e7le varolu\u015f ve \u00f6zg\u00fcrl\u00fck m\u00fccadelesini zaferle neticelendirerek <a href=\"https:\/\/brtk.net\/\">KKTC<\/a>\u2019yi kurmu\u015ftur. K\u0131br\u0131s T\u00fcrk halk\u0131 anavatan\u0131 T\u00fcrkiye Cumhuriyeti ile birlikte tam bir uyum ve yak\u0131n i\u015f birli\u011fi i\u00e7erisinde y\u00fcr\u00fcmeye devam edecek, devletinden ve egemenli\u011finden asla vazge\u00e7meyecektir.<\/p>\n<p>Malazgirt Zaferinden \u0130stanbul\u2019un fethine, K\u0131br\u0131s\u2019\u0131n fethinden \u00c7anakkale Zaferine, B\u00fcy\u00fck Taarruzdan Ba\u015fkomutanl\u0131k Meydan Muharebesine, Kurtulu\u015f Sava\u015f\u0131\u2019ndan T\u00fcrkiye Cumhuriyeti\u2019nin kurulu\u015funa giden s\u00fcre\u00e7te, vatan\u0131n istikl\u00e2l ve istikbali u\u011fruna \u015fehit d\u00fc\u015fenleri ve ebediyete intikal eden gazilerimizi rahmetle an\u0131yoruz.<\/p>\n<p>Aziz Ata\u2019m; Zat-\u0131 Alilerinizin aziz \u015fehit ve kahraman gazilerimizin bizlere emaneti olan vatan\u0131m\u0131za her daim azim ve kararl\u0131l\u0131kla sahip \u00e7\u0131kmay\u0131 s\u00fcrd\u00fcrece\u011fimize manevi huzurlar\u0131n\u0131zda s\u00f6z veriyorum\u201d<\/p>\n<p>T\u00fcrkiye\u2019nin Lefko\u015fa B\u00fcy\u00fckel\u00e7isi Metin Feyzio\u011flu \u00f6zel deftere \u015funlar\u0131 yazd\u0131:<\/p>\n<p>\u201c<em>Bug\u00fcn \u015fanl\u0131 ordumuzun 26 A\u011fustos 1922\u2019de ba\u015flatt\u0131\u011f\u0131 B\u00fcy\u00fck Taarruzu 30 A\u011fustos 1922\u2019de Dumlup\u0131nar\u2019da zafere kavu\u015fturmas\u0131n\u0131n hakl\u0131 onurunu bir kez daha ya\u015f\u0131yoruz.<\/em><\/p>\n<p>A\u011fustos ay\u0131 tarihimizde zaferler ay\u0131 olarak ayr\u0131 bir \u00f6neme sahiptir. 1071\u2019de Malzgirt\u2019te nas\u0131l Anadolu\u2019nun kap\u0131lar\u0131 milletimize a\u00e7\u0131ld\u0131ysa, 1922\u2019de Dumlup\u0131nar\u2019da bu y\u0131l 100. y\u0131l\u0131n\u0131 kutlad\u0131\u011f\u0131m\u0131z Cumhuriyetimizin kurulu\u015funa giden yol a\u00e7\u0131lm\u0131\u015ft\u0131r.<\/p>\n<p>Sevr Anla\u015fmas\u0131n\u0131n da talihsiz bir A\u011fustos g\u00fcn\u00fc imzaland\u0131\u011f\u0131n\u0131 da asla unutmayacak olan milletimiz, bu \u015fanl\u0131 zaferle \u015fehitlerimizin kanlar\u0131yla sulanan Anadolu topraklar\u0131ndan s\u00f6k\u00fcl\u00fcp at\u0131lamayaca\u011f\u0131n\u0131 ve vatan\u0131 \u00fczerinde asla boyunduruk kabul etmeyece\u011fini t\u00fcm d\u00fcnyaya ispat etmi\u015ftir. Yeni Sevr giri\u015fimleri kar\u015f\u0131s\u0131nda da duru\u015fumuz ve kararl\u0131l\u0131\u011f\u0131m\u0131z ayn\u0131 olmu\u015ftur ve olmaya devam edecektir.<\/p>\n<p>Ne tesad\u00fcft\u00fcr ki, bu cennet Ada\u2019n\u0131n kap\u0131lar\u0131 da T\u00fcrk Milletine 1571\u2019in A\u011fustos ay\u0131nda a\u00e7\u0131lm\u0131\u015f, 1974\u2019\u00fcn A\u011fustos ay\u0131nda Mehmet\u00e7i\u011fimiz ve M\u00fccahidimiz bu kere K\u0131br\u0131s T\u00fcrk\u00fc\u2019n\u00fcn vatan\u0131ndan kopar\u0131lamayaca\u011f\u0131n\u0131 t\u00fcm d\u00fcnyaya kan\u0131tlam\u0131\u015ft\u0131r.<\/p>\n<p>30 A\u011fustos Ba\u015fkomutanl\u0131k Meydan Muharebesi Zaferi\u2019nin 101. Y\u0131l\u0131nda ba\u015fta Gazi Mustafa Kemal Atat\u00fcrk ve silah arkada\u015flar\u0131 olmak \u00fczere kahraman askerlerimizi bu vesileyle ba\u015fta Say\u0131n Denkta\u015f ve Say\u0131n K\u00fc\u00e7\u00fck olmak \u00fczere K\u0131br\u0131s T\u00fcrk Milli M\u00fccadele kahramanlar\u0131n\u0131 bir kez daha minnetle yad ediyor, t\u00fcm \u015fehitlerimiz ile ebediyete intikal etmi\u015f gazilerimize Allah\u2019tan rahmet, hayattaki gazilerimize sa\u011fl\u0131kl\u0131 ve uzun \u00f6m\u00fcrler diliyorum.\u201d<\/p>\n<p>K\u0131br\u0131s T\u00fcrk Bar\u0131\u015f Kuvvetleri Komutan\u0131 T\u00fcmgeneral Sabahattin K\u0131l\u0131n\u00e7 da \u00f6zel deftere \u015funlar\u0131 yazd\u0131:<\/p>\n<p>\u201c<em>Ebedi Ba\u015fkomutan Gazi Mustafa Kemal Atat\u00fcrk; g\u00fcc\u00fcn\u00fc asil T\u00fcrk Milletinin sevgi ve g\u00fcveninden alan mazisi \u015fan, \u015feref ve zaferlerle dolu kahraman T\u00fcrk Silahl\u0131 Kuvvetleri, cesaret ve kahramanl\u0131\u011f\u0131n\u0131n destanla\u015ft\u0131\u011f\u0131, vatan\u0131n savunulmas\u0131 ve milletin ba\u011f\u0131ms\u0131zl\u0131\u011f\u0131 u\u011frundaki azim ve kararl\u0131l\u0131\u011f\u0131n\u0131n abidele\u015fti\u011fi 30 A\u011fustos Zaferinin 101. y\u0131l d\u00f6n\u00fcm\u00fcn\u00fc <a href=\"https:\/\/brtk.net\/\">KKTC<\/a>\u2019de bir kez daha gururla ve heyecanla kutlaman\u0131n mutlulu\u011fu i\u00e7indeyiz.<\/em><\/p>\n<p>Sahip oldu\u011fu binlerce y\u0131ll\u0131k tecr\u00fcbe ve geleneksel disiplin anlay\u0131\u015f\u0131 ile \u00e7a\u011f\u0131n gerektirdi\u011fi bilgi ve teknolojiyi birle\u015ftiren TSK, teknolojik geli\u015fmelere ayak uydurabilen, akl\u0131 ve bilimi rehber edinmi\u015f, milli ve manevi vas\u0131flar ile mesleki de\u011ferlere y\u00fcksek disiplin ve vazife anlay\u0131\u015f\u0131na sahip, kendisini \u00fclkesine, milletine ve bayra\u011f\u0131na adam\u0131\u015f personeli ile d\u00fcnya ordular\u0131 aras\u0131ndaki se\u00e7kin ve sayg\u0131n konumunu korumaya ve aziz milletimizin gurur kayna\u011f\u0131 olmaya devam edecektir.<\/p>\n<p>Kahraman T\u00fcrk Ordusu Anavatandaki kurtulu\u015f m\u00fccadelesinde oldu\u011fu gibi K\u0131br\u0131s\u2019ta da haks\u0131zl\u0131\u011fa ve zulme maruz kalan K\u0131br\u0131s T\u00fcrk\u00fc\u2019n\u00fcn hukukunu korumak \u00fczere Mutlu bar\u0131\u015f harek\u00e2t\u0131n\u0131 ger\u00e7ekle\u015ftirmi\u015ftir. KTBK Komutanl\u0131\u011f\u0131 kahraman T\u00fcrk Ordusu\u2019nun bir par\u00e7as\u0131 olarak bundan sonra da \u2018\u00d6l\u00fcrsem \u015fehit kal\u0131rsam gazi\u2019 \u015fiar\u0131 ile K\u0131br\u0131s T\u00fcrk\u00fc\u2019n\u00fcn hak ve menfaatlerini koruma azim ve kararl\u0131l\u0131\u011f\u0131ndad\u0131r.<\/p>\n<p>Bu tarihi g\u00fcn vesilesiyle aziz hat\u0131ran\u0131z \u00f6n\u00fcnde sayg\u0131 ile e\u011filirken, \u015fanl\u0131 tarihimiz boyunca bu topraklar\u0131 bize vatan yapan asil milletimizin egemenlik ve ba\u011f\u0131ms\u0131zl\u0131\u011f\u0131 i\u00e7in canlar\u0131n\u0131 feda eden aziz \u015fehitlerimiz ve ebediyete intikal eden gazilerimizi bir kez daha sayg\u0131 ve \u015f\u00fckranla an\u0131yoruz. Ruhunuz \u015fad olsun\u201d.<\/p>\n<\/p><\/div>\n","protected":false},"excerpt":{"rendered":"<p>30 A\u011fustos Zafer Bayram\u0131 kutlamalar\u0131 dolay\u0131s\u0131yla Lefko\u015fa Atat\u00fcrk An\u0131t\u0131\u2019nda t\u00f6ren d\u00fczenlendi. T\u00f6rene Cumhurba\u015fkan\u0131 Ersin Tatar\u2019\u0131n yan\u0131 s\u0131ra, Cumhuriyet Meclisi Ba\u015fkan\u0131 Zorlu T\u00f6re, Ba\u015fbakan \u00dcnal \u00dcstel, Y\u00fcksek Mahkeme Ba\u015fkan\u0131 Narin F. \u015eefik, 2. Cumhurba\u015fkan\u0131 Mehmet Ali Talat, TC Lefko\u015fa B\u00fcy\u00fckel\u00e7isi Metin Feyzio\u011flu, KTBK Komutan\u0131 T\u00fcmgeneral Sebahattin K\u0131l\u0131n\u00e7, GKK Komutan\u0131 Vekili T\u00fcmgeneral Kadir Bayrakl\u0131, baz\u0131 bakanlar, sivil<\/p>\n","protected":false},"author":1,"featured_media":12908,"comment_status":"open","ping_status":"open","sticky":false,"template":"","format":"standard","meta":{"footnotes":""},"categories":[1],"tags":[],"class_list":["post-12907","post","type-post","status-publish","format-standard","has-post-thumbnail","hentry","category-gundem"],"yoast_head":"<!-- This site is optimized with the Yoast SEO plugin v27.4 - https:\/\/yoast.com\/product\/yoast-seo-wordpress\/ -->\n<title>30 A\u011fustos Zafer Bayram\u0131 dolay\u0131s\u0131yla Atat\u00fcrk An\u0131t\u0131\u2019ndan t\u00f6ren d\u00fczenlendi -<\/title>\n<meta name=\"robots\" content=\"index, follow, max-snippet:-1, max-image-preview:large, max-video-preview:-1\" \/>\n<link rel=\"canonical\" href=\"https:\/\/kibrisdakik.com\/?p=12907\" \/>\n<meta property=\"og:locale\" content=\"tr_TR\" \/>\n<meta property=\"og:type\" content=\"article\" \/>\n<meta property=\"og:title\" content=\"30 A\u011fustos Zafer Bayram\u0131 dolay\u0131s\u0131yla Atat\u00fcrk An\u0131t\u0131\u2019ndan t\u00f6ren d\u00fczenlendi -\" \/>\n<meta property=\"og:description\" content=\"30 A\u011fustos Zafer Bayram\u0131 kutlamalar\u0131 dolay\u0131s\u0131yla Lefko\u015fa Atat\u00fcrk An\u0131t\u0131\u2019nda t\u00f6ren d\u00fczenlendi. T\u00f6rene Cumhurba\u015fkan\u0131 Ersin Tatar\u2019\u0131n yan\u0131 s\u0131ra, Cumhuriyet Meclisi Ba\u015fkan\u0131 Zorlu T\u00f6re, Ba\u015fbakan \u00dcnal \u00dcstel, Y\u00fcksek Mahkeme Ba\u015fkan\u0131 Narin F. \u015eefik, 2. Cumhurba\u015fkan\u0131 Mehmet Ali Talat, TC Lefko\u015fa B\u00fcy\u00fckel\u00e7isi Metin Feyzio\u011flu, KTBK Komutan\u0131 T\u00fcmgeneral Sebahattin K\u0131l\u0131n\u00e7, GKK Komutan\u0131 Vekili T\u00fcmgeneral Kadir Bayrakl\u0131, baz\u0131 bakanlar, sivil\" \/>\n<meta property=\"og:url\" content=\"https:\/\/kibrisdakik.com\/?p=12907\" \/>\n<meta property=\"article:published_time\" content=\"2023-08-30T09:31:03+00:00\" \/>\n<meta property=\"og:image\" content=\"https:\/\/kibrisdakik.com\/wp-content\/uploads\/2023\/08\/asdaa-740x420.jpg\" \/>\n\t<meta property=\"og:image:width\" content=\"1024\" \/>\n\t<meta property=\"og:image:height\" content=\"682\" \/>\n\t<meta property=\"og:image:type\" content=\"image\/jpeg\" \/>\n<meta name=\"author\" content=\"admin\" \/>\n<meta name=\"twitter:card\" content=\"summary_large_image\" \/>\n<meta name=\"twitter:label1\" content=\"Yazan:\" \/>\n\t<meta name=\"twitter:data1\" content=\"admin\" \/>\n\t<meta name=\"twitter:label2\" content=\"Tahmini okuma s\u00fcresi\" \/>\n\t<meta name=\"twitter:data2\" content=\"5 dakika\" \/>\n<script type=\"application\/ld+json\" class=\"yoast-schema-graph\">{\"@context\":\"https:\\\/\\\/schema.org\",\"@graph\":[{\"@type\":\"Article\",\"@id\":\"https:\\\/\\\/kibrisdakik.com\\\/?p=12907#article\",\"isPartOf\":{\"@id\":\"https:\\\/\\\/kibrisdakik.com\\\/?p=12907\"},\"author\":{\"name\":\"admin\",\"@id\":\"https:\\\/\\\/kibrisdakik.com\\\/#\\\/schema\\\/person\\\/9cd9d437bbb44f72b73ba127e06d8e79\"},\"headline\":\"30 A\u011fustos Zafer Bayram\u0131 dolay\u0131s\u0131yla Atat\u00fcrk An\u0131t\u0131\u2019ndan t\u00f6ren d\u00fczenlendi\",\"datePublished\":\"2023-08-30T09:31:03+00:00\",\"mainEntityOfPage\":{\"@id\":\"https:\\\/\\\/kibrisdakik.com\\\/?p=12907\"},\"wordCount\":1105,\"commentCount\":0,\"image\":{\"@id\":\"https:\\\/\\\/kibrisdakik.com\\\/?p=12907#primaryimage\"},\"thumbnailUrl\":\"https:\\\/\\\/kibrisdakik.com\\\/wp-content\\\/uploads\\\/2023\\\/08\\\/asdaa-740x420.jpg\",\"articleSection\":[\"G\u00fcndem\"],\"inLanguage\":\"tr\",\"potentialAction\":[{\"@type\":\"CommentAction\",\"name\":\"Comment\",\"target\":[\"https:\\\/\\\/kibrisdakik.com\\\/?p=12907#respond\"]}]},{\"@type\":\"WebPage\",\"@id\":\"https:\\\/\\\/kibrisdakik.com\\\/?p=12907\",\"url\":\"https:\\\/\\\/kibrisdakik.com\\\/?p=12907\",\"name\":\"30 A\u011fustos Zafer Bayram\u0131 dolay\u0131s\u0131yla Atat\u00fcrk An\u0131t\u0131\u2019ndan t\u00f6ren d\u00fczenlendi -\",\"isPartOf\":{\"@id\":\"https:\\\/\\\/kibrisdakik.com\\\/#website\"},\"primaryImageOfPage\":{\"@id\":\"https:\\\/\\\/kibrisdakik.com\\\/?p=12907#primaryimage\"},\"image\":{\"@id\":\"https:\\\/\\\/kibrisdakik.com\\\/?p=12907#primaryimage\"},\"thumbnailUrl\":\"https:\\\/\\\/kibrisdakik.com\\\/wp-content\\\/uploads\\\/2023\\\/08\\\/asdaa-740x420.jpg\",\"datePublished\":\"2023-08-30T09:31:03+00:00\",\"author\":{\"@id\":\"https:\\\/\\\/kibrisdakik.com\\\/#\\\/schema\\\/person\\\/9cd9d437bbb44f72b73ba127e06d8e79\"},\"breadcrumb\":{\"@id\":\"https:\\\/\\\/kibrisdakik.com\\\/?p=12907#breadcrumb\"},\"inLanguage\":\"tr\",\"potentialAction\":[{\"@type\":\"ReadAction\",\"target\":[\"https:\\\/\\\/kibrisdakik.com\\\/?p=12907\"]}]},{\"@type\":\"ImageObject\",\"inLanguage\":\"tr\",\"@id\":\"https:\\\/\\\/kibrisdakik.com\\\/?p=12907#primaryimage\",\"url\":\"https:\\\/\\\/kibrisdakik.com\\\/wp-content\\\/uploads\\\/2023\\\/08\\\/asdaa-740x420.jpg\",\"contentUrl\":\"https:\\\/\\\/kibrisdakik.com\\\/wp-content\\\/uploads\\\/2023\\\/08\\\/asdaa-740x420.jpg\",\"width\":1024,\"height\":682},{\"@type\":\"BreadcrumbList\",\"@id\":\"https:\\\/\\\/kibrisdakik.com\\\/?p=12907#breadcrumb\",\"itemListElement\":[{\"@type\":\"ListItem\",\"position\":1,\"name\":\"Home\",\"item\":\"https:\\\/\\\/kibrisdakik.com\\\/\"},{\"@type\":\"ListItem\",\"position\":2,\"name\":\"30 A\u011fustos Zafer Bayram\u0131 dolay\u0131s\u0131yla Atat\u00fcrk An\u0131t\u0131\u2019ndan t\u00f6ren d\u00fczenlendi\"}]},{\"@type\":\"WebSite\",\"@id\":\"https:\\\/\\\/kibrisdakik.com\\\/#website\",\"url\":\"https:\\\/\\\/kibrisdakik.com\\\/\",\"name\":\"\",\"description\":\"Tam vaktinde haber\",\"potentialAction\":[{\"@type\":\"SearchAction\",\"target\":{\"@type\":\"EntryPoint\",\"urlTemplate\":\"https:\\\/\\\/kibrisdakik.com\\\/?s={search_term_string}\"},\"query-input\":{\"@type\":\"PropertyValueSpecification\",\"valueRequired\":true,\"valueName\":\"search_term_string\"}}],\"inLanguage\":\"tr\"},{\"@type\":\"Person\",\"@id\":\"https:\\\/\\\/kibrisdakik.com\\\/#\\\/schema\\\/person\\\/9cd9d437bbb44f72b73ba127e06d8e79\",\"name\":\"admin\",\"image\":{\"@type\":\"ImageObject\",\"inLanguage\":\"tr\",\"@id\":\"https:\\\/\\\/secure.gravatar.com\\\/avatar\\\/ccc17943b9d660506c869530f897617f7cb1c21a4bf30023f252596d83e1f007?s=96&d=mm&r=g\",\"url\":\"https:\\\/\\\/secure.gravatar.com\\\/avatar\\\/ccc17943b9d660506c869530f897617f7cb1c21a4bf30023f252596d83e1f007?s=96&d=mm&r=g\",\"contentUrl\":\"https:\\\/\\\/secure.gravatar.com\\\/avatar\\\/ccc17943b9d660506c869530f897617f7cb1c21a4bf30023f252596d83e1f007?s=96&d=mm&r=g\",\"caption\":\"admin\"},\"sameAs\":[\"https:\\\/\\\/kibrisdakik.com\"],\"url\":\"https:\\\/\\\/kibrisdakik.com\\\/?author=1\"}]}<\/script>\n<!-- \/ Yoast SEO plugin. -->","yoast_head_json":{"title":"30 A\u011fustos Zafer Bayram\u0131 dolay\u0131s\u0131yla Atat\u00fcrk An\u0131t\u0131\u2019ndan t\u00f6ren d\u00fczenlendi -","robots":{"index":"index","follow":"follow","max-snippet":"max-snippet:-1","max-image-preview":"max-image-preview:large","max-video-preview":"max-video-preview:-1"},"canonical":"https:\/\/kibrisdakik.com\/?p=12907","og_locale":"tr_TR","og_type":"article","og_title":"30 A\u011fustos Zafer Bayram\u0131 dolay\u0131s\u0131yla Atat\u00fcrk An\u0131t\u0131\u2019ndan t\u00f6ren d\u00fczenlendi -","og_description":"30 A\u011fustos Zafer Bayram\u0131 kutlamalar\u0131 dolay\u0131s\u0131yla Lefko\u015fa Atat\u00fcrk An\u0131t\u0131\u2019nda t\u00f6ren d\u00fczenlendi. T\u00f6rene Cumhurba\u015fkan\u0131 Ersin Tatar\u2019\u0131n yan\u0131 s\u0131ra, Cumhuriyet Meclisi Ba\u015fkan\u0131 Zorlu T\u00f6re, Ba\u015fbakan \u00dcnal \u00dcstel, Y\u00fcksek Mahkeme Ba\u015fkan\u0131 Narin F. \u015eefik, 2. Cumhurba\u015fkan\u0131 Mehmet Ali Talat, TC Lefko\u015fa B\u00fcy\u00fckel\u00e7isi Metin Feyzio\u011flu, KTBK Komutan\u0131 T\u00fcmgeneral Sebahattin K\u0131l\u0131n\u00e7, GKK Komutan\u0131 Vekili T\u00fcmgeneral Kadir Bayrakl\u0131, baz\u0131 bakanlar, sivil","og_url":"https:\/\/kibrisdakik.com\/?p=12907","article_published_time":"2023-08-30T09:31:03+00:00","og_image":[{"width":1024,"height":682,"url":"https:\/\/kibrisdakik.com\/wp-content\/uploads\/2023\/08\/asdaa-740x420.jpg","type":"image\/jpeg"}],"author":"admin","twitter_card":"summary_large_image","twitter_misc":{"Yazan:":"admin","Tahmini okuma s\u00fcresi":"5 dakika"},"schema":{"@context":"https:\/\/schema.org","@graph":[{"@type":"Article","@id":"https:\/\/kibrisdakik.com\/?p=12907#article","isPartOf":{"@id":"https:\/\/kibrisdakik.com\/?p=12907"},"author":{"name":"admin","@id":"https:\/\/kibrisdakik.com\/#\/schema\/person\/9cd9d437bbb44f72b73ba127e06d8e79"},"headline":"30 A\u011fustos Zafer Bayram\u0131 dolay\u0131s\u0131yla Atat\u00fcrk An\u0131t\u0131\u2019ndan t\u00f6ren d\u00fczenlendi","datePublished":"2023-08-30T09:31:03+00:00","mainEntityOfPage":{"@id":"https:\/\/kibrisdakik.com\/?p=12907"},"wordCount":1105,"commentCount":0,"image":{"@id":"https:\/\/kibrisdakik.com\/?p=12907#primaryimage"},"thumbnailUrl":"https:\/\/kibrisdakik.com\/wp-content\/uploads\/2023\/08\/asdaa-740x420.jpg","articleSection":["G\u00fcndem"],"inLanguage":"tr","potentialAction":[{"@type":"CommentAction","name":"Comment","target":["https:\/\/kibrisdakik.com\/?p=12907#respond"]}]},{"@type":"WebPage","@id":"https:\/\/kibrisdakik.com\/?p=12907","url":"https:\/\/kibrisdakik.com\/?p=12907","name":"30 A\u011fustos Zafer Bayram\u0131 dolay\u0131s\u0131yla Atat\u00fcrk An\u0131t\u0131\u2019ndan t\u00f6ren d\u00fczenlendi -","isPartOf":{"@id":"https:\/\/kibrisdakik.com\/#website"},"primaryImageOfPage":{"@id":"https:\/\/kibrisdakik.com\/?p=12907#primaryimage"},"image":{"@id":"https:\/\/kibrisdakik.com\/?p=12907#primaryimage"},"thumbnailUrl":"https:\/\/kibrisdakik.com\/wp-content\/uploads\/2023\/08\/asdaa-740x420.jpg","datePublished":"2023-08-30T09:31:03+00:00","author":{"@id":"https:\/\/kibrisdakik.com\/#\/schema\/person\/9cd9d437bbb44f72b73ba127e06d8e79"},"breadcrumb":{"@id":"https:\/\/kibrisdakik.com\/?p=12907#breadcrumb"},"inLanguage":"tr","potentialAction":[{"@type":"ReadAction","target":["https:\/\/kibrisdakik.com\/?p=12907"]}]},{"@type":"ImageObject","inLanguage":"tr","@id":"https:\/\/kibrisdakik.com\/?p=12907#primaryimage","url":"https:\/\/kibrisdakik.com\/wp-content\/uploads\/2023\/08\/asdaa-740x420.jpg","contentUrl":"https:\/\/kibrisdakik.com\/wp-content\/uploads\/2023\/08\/asdaa-740x420.jpg","width":1024,"height":682},{"@type":"BreadcrumbList","@id":"https:\/\/kibrisdakik.com\/?p=12907#breadcrumb","itemListElement":[{"@type":"ListItem","position":1,"name":"Home","item":"https:\/\/kibrisdakik.com\/"},{"@type":"ListItem","position":2,"name":"30 A\u011fustos Zafer Bayram\u0131 dolay\u0131s\u0131yla Atat\u00fcrk An\u0131t\u0131\u2019ndan t\u00f6ren d\u00fczenlendi"}]},{"@type":"WebSite","@id":"https:\/\/kibrisdakik.com\/#website","url":"https:\/\/kibrisdakik.com\/","name":"","description":"Tam vaktinde haber","potentialAction":[{"@type":"SearchAction","target":{"@type":"EntryPoint","urlTemplate":"https:\/\/kibrisdakik.com\/?s={search_term_string}"},"query-input":{"@type":"PropertyValueSpecification","valueRequired":true,"valueName":"search_term_string"}}],"inLanguage":"tr"},{"@type":"Person","@id":"https:\/\/kibrisdakik.com\/#\/schema\/person\/9cd9d437bbb44f72b73ba127e06d8e79","name":"admin","image":{"@type":"ImageObject","inLanguage":"tr","@id":"https:\/\/secure.gravatar.com\/avatar\/ccc17943b9d660506c869530f897617f7cb1c21a4bf30023f252596d83e1f007?s=96&d=mm&r=g","url":"https:\/\/secure.gravatar.com\/avatar\/ccc17943b9d660506c869530f897617f7cb1c21a4bf30023f252596d83e1f007?s=96&d=mm&r=g","contentUrl":"https:\/\/secure.gravatar.com\/avatar\/ccc17943b9d660506c869530f897617f7cb1c21a4bf30023f252596d83e1f007?s=96&d=mm&r=g","caption":"admin"},"sameAs":["https:\/\/kibrisdakik.com"],"url":"https:\/\/kibrisdakik.com\/?author=1"}]}},"_links":{"self":[{"href":"https:\/\/kibrisdakik.com\/index.php?rest_route=\/wp\/v2\/posts\/12907","targetHints":{"allow":["GET"]}}],"collection":[{"href":"https:\/\/kibrisdakik.com\/index.php?rest_route=\/wp\/v2\/posts"}],"about":[{"href":"https:\/\/kibrisdakik.com\/index.php?rest_route=\/wp\/v2\/types\/post"}],"author":[{"embeddable":true,"href":"https:\/\/kibrisdakik.com\/index.php?rest_route=\/wp\/v2\/users\/1"}],"replies":[{"embeddable":true,"href":"https:\/\/kibrisdakik.com\/index.php?rest_route=%2Fwp%2Fv2%2Fcomments&post=12907"}],"version-history":[{"count":0,"href":"https:\/\/kibrisdakik.com\/index.php?rest_route=\/wp\/v2\/posts\/12907\/revisions"}],"wp:featuredmedia":[{"embeddable":true,"href":"https:\/\/kibrisdakik.com\/index.php?rest_route=\/wp\/v2\/media\/12908"}],"wp:attachment":[{"href":"https:\/\/kibrisdakik.com\/index.php?rest_route=%2Fwp%2Fv2%2Fmedia&parent=12907"}],"wp:term":[{"taxonomy":"category","embeddable":true,"href":"https:\/\/kibrisdakik.com\/index.php?rest_route=%2Fwp%2Fv2%2Fcategories&post=12907"},{"taxonomy":"post_tag","embeddable":true,"href":"https:\/\/kibrisdakik.com\/index.php?rest_route=%2Fwp%2Fv2%2Ftags&post=12907"}],"curies":[{"name":"wp","href":"https:\/\/api.w.org\/{rel}","templated":true}]}}