{"id":12913,"date":"2023-08-30T11:32:21","date_gmt":"2023-08-30T11:32:21","guid":{"rendered":"https:\/\/kibrisdakik.com\/index.php\/2023\/08\/30\/30-agustos-coskusu-iskelede-yasandi\/"},"modified":"2023-08-30T11:32:21","modified_gmt":"2023-08-30T11:32:21","slug":"30-agustos-coskusu-iskelede-yasandi","status":"publish","type":"post","link":"https:\/\/kibrisdakik.com\/?p=12913","title":{"rendered":"30 A\u011fustos co\u015fkusu \u0130skele\u2019de ya\u015fand\u0131"},"content":{"rendered":"<p><\/p>\n<div>\n<div class=\"mariselle-image-container center\">\n                <img width=\"1600\" height=\"721\" class=\"lazy-image\" alt=\"\" decoding=\"async\" loading=\"lazy\" sizes=\"auto, (max-width: 1600px) 100vw, 1600px\" src=\"https:\/\/brtk.net\/wp-content\/uploads\/2023\/08\/30\/isl30.jpg?ver=a7baf6d0e90b3b834cd48710e4312de9\" srcset=\"https:\/\/brtk.net\/wp-content\/uploads\/2023\/08\/30\/isl30.jpg?ver=a7baf6d0e90b3b834cd48710e4312de9 1600w, https:\/\/brtk.net\/wp-content\/uploads\/2023\/08\/30\/isl30-300x135.jpg?ver=a7baf6d0e90b3b834cd48710e4312de9 300w, https:\/\/brtk.net\/wp-content\/uploads\/2023\/08\/30\/isl30-1024x461.jpg?ver=a7baf6d0e90b3b834cd48710e4312de9 1024w, https:\/\/brtk.net\/wp-content\/uploads\/2023\/08\/30\/isl30-768x346.jpg?ver=a7baf6d0e90b3b834cd48710e4312de9 768w, https:\/\/brtk.net\/wp-content\/uploads\/2023\/08\/30\/isl30-1536x692.jpg?ver=48289ca70f03a69fc808814a739a9fff 1536w\"\/>                            <\/div>\n<p>30 A\u011fustos Zafer Bayram\u0131n\u0131n 101. Y\u0131ld\u00f6n\u00fcm\u00fc t\u00fcm b\u00f6lgelerde oldu\u011fu gibi \u0130skele\u2019de de d\u00fczenlenen t\u00f6renle kutland\u0131.<\/p>\n<p>\u0130skele\u2019de kutlamalar\u0131n adresi \u0130skele Ecevit Meydan\u0131 oldu.<\/p>\n<p>30 A\u011fustos Zafer Bayram\u0131\u2019n\u0131n 101. Y\u0131ld\u00f6n\u00fcm\u00fc nedeniyle \u0130skele\u2019de d\u00fczenlenen t\u00f6ren \u00e7elenklerin Atat\u00fcrk an\u0131t\u0131na konulmas\u0131yla ba\u015flad\u0131.<br \/>Daha sonra sayg\u0131 duru\u015funda bulunuldu ve \u0130stiklal mar\u015f\u0131 e\u015fli\u011finde bayraklar g\u00f6ndere \u00e7ekildi.<\/p>\n<div class=\"mariselle-image-container center\">\n                <img width=\"1600\" height=\"721\" class=\"lazy-image\" alt=\"\" decoding=\"async\" loading=\"lazy\" sizes=\"auto, (max-width: 1600px) 100vw, 1600px\" src=\"https:\/\/brtk.net\/wp-content\/uploads\/2023\/08\/30\/isl33.jpg?ver=cc406a15c4363fd2e84c7e7cd007bd62\" srcset=\"https:\/\/brtk.net\/wp-content\/uploads\/2023\/08\/30\/isl33.jpg?ver=cc406a15c4363fd2e84c7e7cd007bd62 1600w, https:\/\/brtk.net\/wp-content\/uploads\/2023\/08\/30\/isl33-300x135.jpg?ver=cc406a15c4363fd2e84c7e7cd007bd62 300w, https:\/\/brtk.net\/wp-content\/uploads\/2023\/08\/30\/isl33-1024x461.jpg?ver=cc406a15c4363fd2e84c7e7cd007bd62 1024w, https:\/\/brtk.net\/wp-content\/uploads\/2023\/08\/30\/isl33-768x346.jpg?ver=cc406a15c4363fd2e84c7e7cd007bd62 768w, https:\/\/brtk.net\/wp-content\/uploads\/2023\/08\/30\/isl33-1536x692.jpg?ver=8f6428efa9a49f7d7d80823d675f390b 1536w\"\/>                            <\/div>\n<p>Protokole dahil zevat\u0131n t\u00f6ren birlikleri ve halk\u0131n bayram\u0131n\u0131 kutlamas\u0131n\u0131n ard\u0131ndan g\u00fcn\u00fcn anlam ve \u00f6nemine ili\u015fkin konu\u015fmay\u0131 Hava Savunma Te\u011fmen Tu\u011fay Avc\u0131 yapt\u0131.<\/p>\n<p>Milli egemenlik, milli \u015fuur ve tam ba\u011f\u0131ms\u0131zl\u0131k esas\u0131na dayanan Atat\u00fcrk ilkelerinin bug\u00fcne kadar oldu\u011fu gibi gelecek de de T\u00fcrk Silahl\u0131 Kuvvetlerinin rehberi olmaya devam edece\u011fini vurgulayan Te\u011fmen Avc\u0131, bundan 101 y\u0131l \u00f6nce 30 A\u011fustos tarihinde \u015fanl\u0131 bir destan yaz\u0131ld\u0131\u011f\u0131n\u0131 anlatt\u0131.<\/p>\n<p>B\u00f6lge okul \u00f6\u011frencilerinin okuduklar\u0131 \u015fiirlerle devam eden \u0130skele\u2019deki t\u00f6ren, t\u00f6ren ge\u00e7i\u015fi ile son buldu.<\/p>\n<\/p><\/div>\n","protected":false},"excerpt":{"rendered":"<p>30 A\u011fustos Zafer Bayram\u0131n\u0131n 101. Y\u0131ld\u00f6n\u00fcm\u00fc t\u00fcm b\u00f6lgelerde oldu\u011fu gibi \u0130skele\u2019de de d\u00fczenlenen t\u00f6renle kutland\u0131. \u0130skele\u2019de kutlamalar\u0131n adresi \u0130skele Ecevit Meydan\u0131 oldu. 30 A\u011fustos Zafer Bayram\u0131\u2019n\u0131n 101. Y\u0131ld\u00f6n\u00fcm\u00fc nedeniyle \u0130skele\u2019de d\u00fczenlenen t\u00f6ren \u00e7elenklerin Atat\u00fcrk an\u0131t\u0131na konulmas\u0131yla ba\u015flad\u0131.Daha sonra sayg\u0131 duru\u015funda bulunuldu ve \u0130stiklal mar\u015f\u0131 e\u015fli\u011finde bayraklar g\u00f6ndere \u00e7ekildi. Protokole dahil zevat\u0131n t\u00f6ren birlikleri ve halk\u0131n<\/p>\n","protected":false},"author":1,"featured_media":12914,"comment_status":"open","ping_status":"open","sticky":false,"template":"","format":"standard","meta":{"footnotes":""},"categories":[1],"tags":[],"class_list":["post-12913","post","type-post","status-publish","format-standard","has-post-thumbnail","hentry","category-gundem"],"yoast_head":"<!-- This site is optimized with the Yoast SEO plugin v27.4 - https:\/\/yoast.com\/product\/yoast-seo-wordpress\/ -->\n<title>30 A\u011fustos co\u015fkusu \u0130skele\u2019de ya\u015fand\u0131 -<\/title>\n<meta name=\"robots\" content=\"index, follow, max-snippet:-1, max-image-preview:large, max-video-preview:-1\" \/>\n<link rel=\"canonical\" href=\"https:\/\/kibrisdakik.com\/?p=12913\" \/>\n<meta property=\"og:locale\" content=\"tr_TR\" \/>\n<meta property=\"og:type\" content=\"article\" \/>\n<meta property=\"og:title\" content=\"30 A\u011fustos co\u015fkusu \u0130skele\u2019de ya\u015fand\u0131 -\" \/>\n<meta property=\"og:description\" content=\"30 A\u011fustos Zafer Bayram\u0131n\u0131n 101. Y\u0131ld\u00f6n\u00fcm\u00fc t\u00fcm b\u00f6lgelerde oldu\u011fu gibi \u0130skele\u2019de de d\u00fczenlenen t\u00f6renle kutland\u0131. \u0130skele\u2019de kutlamalar\u0131n adresi \u0130skele Ecevit Meydan\u0131 oldu. 30 A\u011fustos Zafer Bayram\u0131\u2019n\u0131n 101. Y\u0131ld\u00f6n\u00fcm\u00fc nedeniyle \u0130skele\u2019de d\u00fczenlenen t\u00f6ren \u00e7elenklerin Atat\u00fcrk an\u0131t\u0131na konulmas\u0131yla ba\u015flad\u0131.Daha sonra sayg\u0131 duru\u015funda bulunuldu ve \u0130stiklal mar\u015f\u0131 e\u015fli\u011finde bayraklar g\u00f6ndere \u00e7ekildi. Protokole dahil zevat\u0131n t\u00f6ren birlikleri ve halk\u0131n\" \/>\n<meta property=\"og:url\" content=\"https:\/\/kibrisdakik.com\/?p=12913\" \/>\n<meta property=\"article:published_time\" content=\"2023-08-30T11:32:21+00:00\" \/>\n<meta property=\"og:image\" content=\"https:\/\/kibrisdakik.com\/wp-content\/uploads\/2023\/08\/isl30-740x420.jpg\" \/>\n\t<meta property=\"og:image:width\" content=\"1600\" \/>\n\t<meta property=\"og:image:height\" content=\"721\" \/>\n\t<meta property=\"og:image:type\" content=\"image\/jpeg\" \/>\n<meta name=\"author\" content=\"admin\" \/>\n<meta name=\"twitter:card\" content=\"summary_large_image\" \/>\n<meta name=\"twitter:label1\" content=\"Yazan:\" \/>\n\t<meta name=\"twitter:data1\" content=\"admin\" \/>\n\t<meta name=\"twitter:label2\" content=\"Tahmini okuma s\u00fcresi\" \/>\n\t<meta name=\"twitter:data2\" content=\"1 dakika\" \/>\n<script type=\"application\/ld+json\" class=\"yoast-schema-graph\">{\"@context\":\"https:\\\/\\\/schema.org\",\"@graph\":[{\"@type\":\"Article\",\"@id\":\"https:\\\/\\\/kibrisdakik.com\\\/?p=12913#article\",\"isPartOf\":{\"@id\":\"https:\\\/\\\/kibrisdakik.com\\\/?p=12913\"},\"author\":{\"name\":\"admin\",\"@id\":\"https:\\\/\\\/kibrisdakik.com\\\/#\\\/schema\\\/person\\\/9cd9d437bbb44f72b73ba127e06d8e79\"},\"headline\":\"30 A\u011fustos co\u015fkusu \u0130skele\u2019de ya\u015fand\u0131\",\"datePublished\":\"2023-08-30T11:32:21+00:00\",\"mainEntityOfPage\":{\"@id\":\"https:\\\/\\\/kibrisdakik.com\\\/?p=12913\"},\"wordCount\":192,\"commentCount\":0,\"image\":{\"@id\":\"https:\\\/\\\/kibrisdakik.com\\\/?p=12913#primaryimage\"},\"thumbnailUrl\":\"https:\\\/\\\/kibrisdakik.com\\\/wp-content\\\/uploads\\\/2023\\\/08\\\/isl30-740x420.jpg\",\"articleSection\":[\"G\u00fcndem\"],\"inLanguage\":\"tr\",\"potentialAction\":[{\"@type\":\"CommentAction\",\"name\":\"Comment\",\"target\":[\"https:\\\/\\\/kibrisdakik.com\\\/?p=12913#respond\"]}]},{\"@type\":\"WebPage\",\"@id\":\"https:\\\/\\\/kibrisdakik.com\\\/?p=12913\",\"url\":\"https:\\\/\\\/kibrisdakik.com\\\/?p=12913\",\"name\":\"30 A\u011fustos co\u015fkusu \u0130skele\u2019de ya\u015fand\u0131 -\",\"isPartOf\":{\"@id\":\"https:\\\/\\\/kibrisdakik.com\\\/#website\"},\"primaryImageOfPage\":{\"@id\":\"https:\\\/\\\/kibrisdakik.com\\\/?p=12913#primaryimage\"},\"image\":{\"@id\":\"https:\\\/\\\/kibrisdakik.com\\\/?p=12913#primaryimage\"},\"thumbnailUrl\":\"https:\\\/\\\/kibrisdakik.com\\\/wp-content\\\/uploads\\\/2023\\\/08\\\/isl30-740x420.jpg\",\"datePublished\":\"2023-08-30T11:32:21+00:00\",\"author\":{\"@id\":\"https:\\\/\\\/kibrisdakik.com\\\/#\\\/schema\\\/person\\\/9cd9d437bbb44f72b73ba127e06d8e79\"},\"breadcrumb\":{\"@id\":\"https:\\\/\\\/kibrisdakik.com\\\/?p=12913#breadcrumb\"},\"inLanguage\":\"tr\",\"potentialAction\":[{\"@type\":\"ReadAction\",\"target\":[\"https:\\\/\\\/kibrisdakik.com\\\/?p=12913\"]}]},{\"@type\":\"ImageObject\",\"inLanguage\":\"tr\",\"@id\":\"https:\\\/\\\/kibrisdakik.com\\\/?p=12913#primaryimage\",\"url\":\"https:\\\/\\\/kibrisdakik.com\\\/wp-content\\\/uploads\\\/2023\\\/08\\\/isl30-740x420.jpg\",\"contentUrl\":\"https:\\\/\\\/kibrisdakik.com\\\/wp-content\\\/uploads\\\/2023\\\/08\\\/isl30-740x420.jpg\",\"width\":1600,\"height\":721},{\"@type\":\"BreadcrumbList\",\"@id\":\"https:\\\/\\\/kibrisdakik.com\\\/?p=12913#breadcrumb\",\"itemListElement\":[{\"@type\":\"ListItem\",\"position\":1,\"name\":\"Home\",\"item\":\"https:\\\/\\\/kibrisdakik.com\\\/\"},{\"@type\":\"ListItem\",\"position\":2,\"name\":\"30 A\u011fustos co\u015fkusu \u0130skele\u2019de ya\u015fand\u0131\"}]},{\"@type\":\"WebSite\",\"@id\":\"https:\\\/\\\/kibrisdakik.com\\\/#website\",\"url\":\"https:\\\/\\\/kibrisdakik.com\\\/\",\"name\":\"\",\"description\":\"Tam vaktinde haber\",\"potentialAction\":[{\"@type\":\"SearchAction\",\"target\":{\"@type\":\"EntryPoint\",\"urlTemplate\":\"https:\\\/\\\/kibrisdakik.com\\\/?s={search_term_string}\"},\"query-input\":{\"@type\":\"PropertyValueSpecification\",\"valueRequired\":true,\"valueName\":\"search_term_string\"}}],\"inLanguage\":\"tr\"},{\"@type\":\"Person\",\"@id\":\"https:\\\/\\\/kibrisdakik.com\\\/#\\\/schema\\\/person\\\/9cd9d437bbb44f72b73ba127e06d8e79\",\"name\":\"admin\",\"image\":{\"@type\":\"ImageObject\",\"inLanguage\":\"tr\",\"@id\":\"https:\\\/\\\/secure.gravatar.com\\\/avatar\\\/ccc17943b9d660506c869530f897617f7cb1c21a4bf30023f252596d83e1f007?s=96&d=mm&r=g\",\"url\":\"https:\\\/\\\/secure.gravatar.com\\\/avatar\\\/ccc17943b9d660506c869530f897617f7cb1c21a4bf30023f252596d83e1f007?s=96&d=mm&r=g\",\"contentUrl\":\"https:\\\/\\\/secure.gravatar.com\\\/avatar\\\/ccc17943b9d660506c869530f897617f7cb1c21a4bf30023f252596d83e1f007?s=96&d=mm&r=g\",\"caption\":\"admin\"},\"sameAs\":[\"https:\\\/\\\/kibrisdakik.com\"],\"url\":\"https:\\\/\\\/kibrisdakik.com\\\/?author=1\"}]}<\/script>\n<!-- \/ Yoast SEO plugin. -->","yoast_head_json":{"title":"30 A\u011fustos co\u015fkusu \u0130skele\u2019de ya\u015fand\u0131 -","robots":{"index":"index","follow":"follow","max-snippet":"max-snippet:-1","max-image-preview":"max-image-preview:large","max-video-preview":"max-video-preview:-1"},"canonical":"https:\/\/kibrisdakik.com\/?p=12913","og_locale":"tr_TR","og_type":"article","og_title":"30 A\u011fustos co\u015fkusu \u0130skele\u2019de ya\u015fand\u0131 -","og_description":"30 A\u011fustos Zafer Bayram\u0131n\u0131n 101. Y\u0131ld\u00f6n\u00fcm\u00fc t\u00fcm b\u00f6lgelerde oldu\u011fu gibi \u0130skele\u2019de de d\u00fczenlenen t\u00f6renle kutland\u0131. \u0130skele\u2019de kutlamalar\u0131n adresi \u0130skele Ecevit Meydan\u0131 oldu. 30 A\u011fustos Zafer Bayram\u0131\u2019n\u0131n 101. Y\u0131ld\u00f6n\u00fcm\u00fc nedeniyle \u0130skele\u2019de d\u00fczenlenen t\u00f6ren \u00e7elenklerin Atat\u00fcrk an\u0131t\u0131na konulmas\u0131yla ba\u015flad\u0131.Daha sonra sayg\u0131 duru\u015funda bulunuldu ve \u0130stiklal mar\u015f\u0131 e\u015fli\u011finde bayraklar g\u00f6ndere \u00e7ekildi. Protokole dahil zevat\u0131n t\u00f6ren birlikleri ve halk\u0131n","og_url":"https:\/\/kibrisdakik.com\/?p=12913","article_published_time":"2023-08-30T11:32:21+00:00","og_image":[{"width":1600,"height":721,"url":"https:\/\/kibrisdakik.com\/wp-content\/uploads\/2023\/08\/isl30-740x420.jpg","type":"image\/jpeg"}],"author":"admin","twitter_card":"summary_large_image","twitter_misc":{"Yazan:":"admin","Tahmini okuma s\u00fcresi":"1 dakika"},"schema":{"@context":"https:\/\/schema.org","@graph":[{"@type":"Article","@id":"https:\/\/kibrisdakik.com\/?p=12913#article","isPartOf":{"@id":"https:\/\/kibrisdakik.com\/?p=12913"},"author":{"name":"admin","@id":"https:\/\/kibrisdakik.com\/#\/schema\/person\/9cd9d437bbb44f72b73ba127e06d8e79"},"headline":"30 A\u011fustos co\u015fkusu \u0130skele\u2019de ya\u015fand\u0131","datePublished":"2023-08-30T11:32:21+00:00","mainEntityOfPage":{"@id":"https:\/\/kibrisdakik.com\/?p=12913"},"wordCount":192,"commentCount":0,"image":{"@id":"https:\/\/kibrisdakik.com\/?p=12913#primaryimage"},"thumbnailUrl":"https:\/\/kibrisdakik.com\/wp-content\/uploads\/2023\/08\/isl30-740x420.jpg","articleSection":["G\u00fcndem"],"inLanguage":"tr","potentialAction":[{"@type":"CommentAction","name":"Comment","target":["https:\/\/kibrisdakik.com\/?p=12913#respond"]}]},{"@type":"WebPage","@id":"https:\/\/kibrisdakik.com\/?p=12913","url":"https:\/\/kibrisdakik.com\/?p=12913","name":"30 A\u011fustos co\u015fkusu \u0130skele\u2019de ya\u015fand\u0131 -","isPartOf":{"@id":"https:\/\/kibrisdakik.com\/#website"},"primaryImageOfPage":{"@id":"https:\/\/kibrisdakik.com\/?p=12913#primaryimage"},"image":{"@id":"https:\/\/kibrisdakik.com\/?p=12913#primaryimage"},"thumbnailUrl":"https:\/\/kibrisdakik.com\/wp-content\/uploads\/2023\/08\/isl30-740x420.jpg","datePublished":"2023-08-30T11:32:21+00:00","author":{"@id":"https:\/\/kibrisdakik.com\/#\/schema\/person\/9cd9d437bbb44f72b73ba127e06d8e79"},"breadcrumb":{"@id":"https:\/\/kibrisdakik.com\/?p=12913#breadcrumb"},"inLanguage":"tr","potentialAction":[{"@type":"ReadAction","target":["https:\/\/kibrisdakik.com\/?p=12913"]}]},{"@type":"ImageObject","inLanguage":"tr","@id":"https:\/\/kibrisdakik.com\/?p=12913#primaryimage","url":"https:\/\/kibrisdakik.com\/wp-content\/uploads\/2023\/08\/isl30-740x420.jpg","contentUrl":"https:\/\/kibrisdakik.com\/wp-content\/uploads\/2023\/08\/isl30-740x420.jpg","width":1600,"height":721},{"@type":"BreadcrumbList","@id":"https:\/\/kibrisdakik.com\/?p=12913#breadcrumb","itemListElement":[{"@type":"ListItem","position":1,"name":"Home","item":"https:\/\/kibrisdakik.com\/"},{"@type":"ListItem","position":2,"name":"30 A\u011fustos co\u015fkusu \u0130skele\u2019de ya\u015fand\u0131"}]},{"@type":"WebSite","@id":"https:\/\/kibrisdakik.com\/#website","url":"https:\/\/kibrisdakik.com\/","name":"","description":"Tam vaktinde haber","potentialAction":[{"@type":"SearchAction","target":{"@type":"EntryPoint","urlTemplate":"https:\/\/kibrisdakik.com\/?s={search_term_string}"},"query-input":{"@type":"PropertyValueSpecification","valueRequired":true,"valueName":"search_term_string"}}],"inLanguage":"tr"},{"@type":"Person","@id":"https:\/\/kibrisdakik.com\/#\/schema\/person\/9cd9d437bbb44f72b73ba127e06d8e79","name":"admin","image":{"@type":"ImageObject","inLanguage":"tr","@id":"https:\/\/secure.gravatar.com\/avatar\/ccc17943b9d660506c869530f897617f7cb1c21a4bf30023f252596d83e1f007?s=96&d=mm&r=g","url":"https:\/\/secure.gravatar.com\/avatar\/ccc17943b9d660506c869530f897617f7cb1c21a4bf30023f252596d83e1f007?s=96&d=mm&r=g","contentUrl":"https:\/\/secure.gravatar.com\/avatar\/ccc17943b9d660506c869530f897617f7cb1c21a4bf30023f252596d83e1f007?s=96&d=mm&r=g","caption":"admin"},"sameAs":["https:\/\/kibrisdakik.com"],"url":"https:\/\/kibrisdakik.com\/?author=1"}]}},"_links":{"self":[{"href":"https:\/\/kibrisdakik.com\/index.php?rest_route=\/wp\/v2\/posts\/12913","targetHints":{"allow":["GET"]}}],"collection":[{"href":"https:\/\/kibrisdakik.com\/index.php?rest_route=\/wp\/v2\/posts"}],"about":[{"href":"https:\/\/kibrisdakik.com\/index.php?rest_route=\/wp\/v2\/types\/post"}],"author":[{"embeddable":true,"href":"https:\/\/kibrisdakik.com\/index.php?rest_route=\/wp\/v2\/users\/1"}],"replies":[{"embeddable":true,"href":"https:\/\/kibrisdakik.com\/index.php?rest_route=%2Fwp%2Fv2%2Fcomments&post=12913"}],"version-history":[{"count":0,"href":"https:\/\/kibrisdakik.com\/index.php?rest_route=\/wp\/v2\/posts\/12913\/revisions"}],"wp:featuredmedia":[{"embeddable":true,"href":"https:\/\/kibrisdakik.com\/index.php?rest_route=\/wp\/v2\/media\/12914"}],"wp:attachment":[{"href":"https:\/\/kibrisdakik.com\/index.php?rest_route=%2Fwp%2Fv2%2Fmedia&parent=12913"}],"wp:term":[{"taxonomy":"category","embeddable":true,"href":"https:\/\/kibrisdakik.com\/index.php?rest_route=%2Fwp%2Fv2%2Fcategories&post=12913"},{"taxonomy":"post_tag","embeddable":true,"href":"https:\/\/kibrisdakik.com\/index.php?rest_route=%2Fwp%2Fv2%2Ftags&post=12913"}],"curies":[{"name":"wp","href":"https:\/\/api.w.org\/{rel}","templated":true}]}}