{"id":12974,"date":"2023-08-31T13:43:48","date_gmt":"2023-08-31T13:43:48","guid":{"rendered":"https:\/\/kibrisdakik.com\/index.php\/2023\/08\/31\/cumhurbaskani-tatar-yenicami-baskan-ve-yoneticilerini-kabul-etti\/"},"modified":"2023-08-31T13:43:48","modified_gmt":"2023-08-31T13:43:48","slug":"cumhurbaskani-tatar-yenicami-baskan-ve-yoneticilerini-kabul-etti","status":"publish","type":"post","link":"https:\/\/kibrisdakik.com\/?p=12974","title":{"rendered":"Cumhurba\u015fkan\u0131 Tatar, Yenicami ba\u015fkan ve y\u00f6neticilerini kabul etti"},"content":{"rendered":"<p> <br \/>\n<\/p>\n<div>\n<div class=\"mariselle-image-container center\">\n                <img width=\"1600\" height=\"1066\" class=\"lazy-image\" alt=\"\" decoding=\"async\" loading=\"lazy\" sizes=\"auto, (max-width: 1600px) 100vw, 1600px\" src=\"https:\/\/brtk.net\/wp-content\/uploads\/2023\/08\/31\/tatar-yenicami.jpg?ver=a7a0824a5183ea5a6d3993f6d9e7017d\" srcset=\"https:\/\/brtk.net\/wp-content\/uploads\/2023\/08\/31\/tatar-yenicami.jpg?ver=a7a0824a5183ea5a6d3993f6d9e7017d 1600w, https:\/\/brtk.net\/wp-content\/uploads\/2023\/08\/31\/tatar-yenicami-300x200.jpg?ver=4a818121ac09331f422428a6a6ff41d8 300w, https:\/\/brtk.net\/wp-content\/uploads\/2023\/08\/31\/tatar-yenicami-1024x682.jpg?ver=4a818121ac09331f422428a6a6ff41d8 1024w, https:\/\/brtk.net\/wp-content\/uploads\/2023\/08\/31\/tatar-yenicami-768x512.jpg?ver=4a818121ac09331f422428a6a6ff41d8 768w, https:\/\/brtk.net\/wp-content\/uploads\/2023\/08\/31\/tatar-yenicami-1536x1023.jpg?ver=bb760a734428b6ec4e4a9aae19fc40aa 1536w\"\/>                            <\/div>\n<p>Cumhurba\u015fkan\u0131 <a href=\"https:\/\/brtk.net\/\" target=\"_blank\" rel=\"noopener\">Ersin <\/a><a href=\"https:\/\/brtk.net\/\"\/><a href=\"https:\/\/brtk.net\/\">Tatar<\/a>, Yenicami A\u011fdelen Kul\u00fcb\u00fc Ba\u015fkan\u0131 Ahmet Gen\u00e7osman ve beraberindeki heyeti kabul etti.<\/p>\n<p>Cumhurba\u015fkanl\u0131\u011f\u0131ndan yap\u0131lan a\u00e7\u0131klamaya g\u00f6re, Cumhurba\u015fkan\u0131 <a href=\"https:\/\/brtk.net\/\"\/><a href=\"https:\/\/brtk.net\/\">Tatar<\/a> kabul yapt\u0131\u011f\u0131 konu\u015fmada, Yenicami A\u011fdelen Kul\u00fcb\u00fc yeni y\u00f6netim kurulu ba\u015fkan\u0131 ve \u00fcyelerine hay\u0131rl\u0131s\u0131 olsun diyerek \u00e7al\u0131\u015fmalar\u0131nda ba\u015far\u0131lar diledi.<\/p>\n<p>Yenicami Ba\u015fkan\u0131 Ahmet Gen\u00e7osman, ge\u00e7mi\u015fte Yenicami A\u011fdelen Kul\u00fcb\u00fc ba\u015fkanl\u0131\u011f\u0131 yapm\u0131\u015f Cumhurba\u015fkan\u0131 <a href=\"https:\/\/brtk.net\/\"\/><a href=\"https:\/\/brtk.net\/\">Tatar<\/a>\u2019a verdi\u011fi hizmetlerden dolay\u0131 te\u015fekk\u00fcr plaketi takdim etti.<\/p>\n<\/p><\/div>\n<p><br \/>\n<br \/><a href=\"https:\/\/brtk.net\/cumhurbaskani-tatar-yenicami-baskan-ve-yoneticilerini-kabul-etti\/\"> <\/a><\/p>\n","protected":false},"excerpt":{"rendered":"<p>Cumhurba\u015fkan\u0131 Ersin Tatar, Yenicami A\u011fdelen Kul\u00fcb\u00fc Ba\u015fkan\u0131 Ahmet Gen\u00e7osman ve beraberindeki heyeti kabul etti. Cumhurba\u015fkanl\u0131\u011f\u0131ndan yap\u0131lan a\u00e7\u0131klamaya g\u00f6re, Cumhurba\u015fkan\u0131 Tatar kabul yapt\u0131\u011f\u0131 konu\u015fmada, Yenicami A\u011fdelen Kul\u00fcb\u00fc yeni y\u00f6netim kurulu ba\u015fkan\u0131 ve \u00fcyelerine hay\u0131rl\u0131s\u0131 olsun diyerek \u00e7al\u0131\u015fmalar\u0131nda ba\u015far\u0131lar diledi. Yenicami Ba\u015fkan\u0131 Ahmet Gen\u00e7osman, ge\u00e7mi\u015fte Yenicami A\u011fdelen Kul\u00fcb\u00fc ba\u015fkanl\u0131\u011f\u0131 yapm\u0131\u015f Cumhurba\u015fkan\u0131 Tatar\u2019a verdi\u011fi hizmetlerden dolay\u0131 te\u015fekk\u00fcr plaketi<\/p>\n","protected":false},"author":1,"featured_media":12975,"comment_status":"open","ping_status":"open","sticky":false,"template":"","format":"standard","meta":{"footnotes":""},"categories":[85],"tags":[],"class_list":["post-12974","post","type-post","status-publish","format-standard","has-post-thumbnail","hentry","category-spor"],"yoast_head":"<!-- This site is optimized with the Yoast SEO plugin v27.5 - https:\/\/yoast.com\/product\/yoast-seo-wordpress\/ -->\n<title>Cumhurba\u015fkan\u0131 Tatar, Yenicami ba\u015fkan ve y\u00f6neticilerini kabul etti -<\/title>\n<meta name=\"robots\" content=\"index, follow, max-snippet:-1, max-image-preview:large, max-video-preview:-1\" \/>\n<link rel=\"canonical\" href=\"https:\/\/kibrisdakik.com\/?p=12974\" \/>\n<meta property=\"og:locale\" content=\"tr_TR\" \/>\n<meta property=\"og:type\" content=\"article\" \/>\n<meta property=\"og:title\" content=\"Cumhurba\u015fkan\u0131 Tatar, Yenicami ba\u015fkan ve y\u00f6neticilerini kabul etti -\" \/>\n<meta property=\"og:description\" content=\"Cumhurba\u015fkan\u0131 Ersin Tatar, Yenicami A\u011fdelen Kul\u00fcb\u00fc Ba\u015fkan\u0131 Ahmet Gen\u00e7osman ve beraberindeki heyeti kabul etti. Cumhurba\u015fkanl\u0131\u011f\u0131ndan yap\u0131lan a\u00e7\u0131klamaya g\u00f6re, Cumhurba\u015fkan\u0131 Tatar kabul yapt\u0131\u011f\u0131 konu\u015fmada, Yenicami A\u011fdelen Kul\u00fcb\u00fc yeni y\u00f6netim kurulu ba\u015fkan\u0131 ve \u00fcyelerine hay\u0131rl\u0131s\u0131 olsun diyerek \u00e7al\u0131\u015fmalar\u0131nda ba\u015far\u0131lar diledi. Yenicami Ba\u015fkan\u0131 Ahmet Gen\u00e7osman, ge\u00e7mi\u015fte Yenicami A\u011fdelen Kul\u00fcb\u00fc ba\u015fkanl\u0131\u011f\u0131 yapm\u0131\u015f Cumhurba\u015fkan\u0131 Tatar\u2019a verdi\u011fi hizmetlerden dolay\u0131 te\u015fekk\u00fcr plaketi\" \/>\n<meta property=\"og:url\" content=\"https:\/\/kibrisdakik.com\/?p=12974\" \/>\n<meta property=\"article:published_time\" content=\"2023-08-31T13:43:48+00:00\" \/>\n<meta property=\"og:image\" content=\"https:\/\/kibrisdakik.com\/wp-content\/uploads\/2023\/08\/tatar-yenicami-740x420.jpg\" \/>\n\t<meta property=\"og:image:width\" content=\"1600\" \/>\n\t<meta property=\"og:image:height\" content=\"1066\" \/>\n\t<meta property=\"og:image:type\" content=\"image\/jpeg\" \/>\n<meta name=\"author\" content=\"admin\" \/>\n<meta name=\"twitter:card\" content=\"summary_large_image\" \/>\n<meta name=\"twitter:label1\" content=\"Yazan:\" \/>\n\t<meta name=\"twitter:data1\" content=\"admin\" \/>\n<script type=\"application\/ld+json\" class=\"yoast-schema-graph\">{\"@context\":\"https:\\\/\\\/schema.org\",\"@graph\":[{\"@type\":\"Article\",\"@id\":\"https:\\\/\\\/kibrisdakik.com\\\/?p=12974#article\",\"isPartOf\":{\"@id\":\"https:\\\/\\\/kibrisdakik.com\\\/?p=12974\"},\"author\":{\"name\":\"admin\",\"@id\":\"https:\\\/\\\/kibrisdakik.com\\\/#\\\/schema\\\/person\\\/9cd9d437bbb44f72b73ba127e06d8e79\"},\"headline\":\"Cumhurba\u015fkan\u0131 Tatar, Yenicami ba\u015fkan ve y\u00f6neticilerini kabul etti\",\"datePublished\":\"2023-08-31T13:43:48+00:00\",\"mainEntityOfPage\":{\"@id\":\"https:\\\/\\\/kibrisdakik.com\\\/?p=12974\"},\"wordCount\":104,\"commentCount\":0,\"image\":{\"@id\":\"https:\\\/\\\/kibrisdakik.com\\\/?p=12974#primaryimage\"},\"thumbnailUrl\":\"https:\\\/\\\/kibrisdakik.com\\\/wp-content\\\/uploads\\\/2023\\\/08\\\/tatar-yenicami-740x420.jpg\",\"articleSection\":[\"Spor\"],\"inLanguage\":\"tr\",\"potentialAction\":[{\"@type\":\"CommentAction\",\"name\":\"Comment\",\"target\":[\"https:\\\/\\\/kibrisdakik.com\\\/?p=12974#respond\"]}]},{\"@type\":\"WebPage\",\"@id\":\"https:\\\/\\\/kibrisdakik.com\\\/?p=12974\",\"url\":\"https:\\\/\\\/kibrisdakik.com\\\/?p=12974\",\"name\":\"Cumhurba\u015fkan\u0131 Tatar, Yenicami ba\u015fkan ve y\u00f6neticilerini kabul etti -\",\"isPartOf\":{\"@id\":\"https:\\\/\\\/kibrisdakik.com\\\/#website\"},\"primaryImageOfPage\":{\"@id\":\"https:\\\/\\\/kibrisdakik.com\\\/?p=12974#primaryimage\"},\"image\":{\"@id\":\"https:\\\/\\\/kibrisdakik.com\\\/?p=12974#primaryimage\"},\"thumbnailUrl\":\"https:\\\/\\\/kibrisdakik.com\\\/wp-content\\\/uploads\\\/2023\\\/08\\\/tatar-yenicami-740x420.jpg\",\"datePublished\":\"2023-08-31T13:43:48+00:00\",\"author\":{\"@id\":\"https:\\\/\\\/kibrisdakik.com\\\/#\\\/schema\\\/person\\\/9cd9d437bbb44f72b73ba127e06d8e79\"},\"breadcrumb\":{\"@id\":\"https:\\\/\\\/kibrisdakik.com\\\/?p=12974#breadcrumb\"},\"inLanguage\":\"tr\",\"potentialAction\":[{\"@type\":\"ReadAction\",\"target\":[\"https:\\\/\\\/kibrisdakik.com\\\/?p=12974\"]}]},{\"@type\":\"ImageObject\",\"inLanguage\":\"tr\",\"@id\":\"https:\\\/\\\/kibrisdakik.com\\\/?p=12974#primaryimage\",\"url\":\"https:\\\/\\\/kibrisdakik.com\\\/wp-content\\\/uploads\\\/2023\\\/08\\\/tatar-yenicami-740x420.jpg\",\"contentUrl\":\"https:\\\/\\\/kibrisdakik.com\\\/wp-content\\\/uploads\\\/2023\\\/08\\\/tatar-yenicami-740x420.jpg\",\"width\":1600,\"height\":1066},{\"@type\":\"BreadcrumbList\",\"@id\":\"https:\\\/\\\/kibrisdakik.com\\\/?p=12974#breadcrumb\",\"itemListElement\":[{\"@type\":\"ListItem\",\"position\":1,\"name\":\"Home\",\"item\":\"https:\\\/\\\/kibrisdakik.com\\\/\"},{\"@type\":\"ListItem\",\"position\":2,\"name\":\"Cumhurba\u015fkan\u0131 Tatar, Yenicami ba\u015fkan ve y\u00f6neticilerini kabul etti\"}]},{\"@type\":\"WebSite\",\"@id\":\"https:\\\/\\\/kibrisdakik.com\\\/#website\",\"url\":\"https:\\\/\\\/kibrisdakik.com\\\/\",\"name\":\"\",\"description\":\"Tam vaktinde haber\",\"potentialAction\":[{\"@type\":\"SearchAction\",\"target\":{\"@type\":\"EntryPoint\",\"urlTemplate\":\"https:\\\/\\\/kibrisdakik.com\\\/?s={search_term_string}\"},\"query-input\":{\"@type\":\"PropertyValueSpecification\",\"valueRequired\":true,\"valueName\":\"search_term_string\"}}],\"inLanguage\":\"tr\"},{\"@type\":\"Person\",\"@id\":\"https:\\\/\\\/kibrisdakik.com\\\/#\\\/schema\\\/person\\\/9cd9d437bbb44f72b73ba127e06d8e79\",\"name\":\"admin\",\"image\":{\"@type\":\"ImageObject\",\"inLanguage\":\"tr\",\"@id\":\"https:\\\/\\\/secure.gravatar.com\\\/avatar\\\/ccc17943b9d660506c869530f897617f7cb1c21a4bf30023f252596d83e1f007?s=96&d=mm&r=g\",\"url\":\"https:\\\/\\\/secure.gravatar.com\\\/avatar\\\/ccc17943b9d660506c869530f897617f7cb1c21a4bf30023f252596d83e1f007?s=96&d=mm&r=g\",\"contentUrl\":\"https:\\\/\\\/secure.gravatar.com\\\/avatar\\\/ccc17943b9d660506c869530f897617f7cb1c21a4bf30023f252596d83e1f007?s=96&d=mm&r=g\",\"caption\":\"admin\"},\"sameAs\":[\"https:\\\/\\\/kibrisdakik.com\"],\"url\":\"https:\\\/\\\/kibrisdakik.com\\\/?author=1\"}]}<\/script>\n<!-- \/ Yoast SEO plugin. -->","yoast_head_json":{"title":"Cumhurba\u015fkan\u0131 Tatar, Yenicami ba\u015fkan ve y\u00f6neticilerini kabul etti -","robots":{"index":"index","follow":"follow","max-snippet":"max-snippet:-1","max-image-preview":"max-image-preview:large","max-video-preview":"max-video-preview:-1"},"canonical":"https:\/\/kibrisdakik.com\/?p=12974","og_locale":"tr_TR","og_type":"article","og_title":"Cumhurba\u015fkan\u0131 Tatar, Yenicami ba\u015fkan ve y\u00f6neticilerini kabul etti -","og_description":"Cumhurba\u015fkan\u0131 Ersin Tatar, Yenicami A\u011fdelen Kul\u00fcb\u00fc Ba\u015fkan\u0131 Ahmet Gen\u00e7osman ve beraberindeki heyeti kabul etti. Cumhurba\u015fkanl\u0131\u011f\u0131ndan yap\u0131lan a\u00e7\u0131klamaya g\u00f6re, Cumhurba\u015fkan\u0131 Tatar kabul yapt\u0131\u011f\u0131 konu\u015fmada, Yenicami A\u011fdelen Kul\u00fcb\u00fc yeni y\u00f6netim kurulu ba\u015fkan\u0131 ve \u00fcyelerine hay\u0131rl\u0131s\u0131 olsun diyerek \u00e7al\u0131\u015fmalar\u0131nda ba\u015far\u0131lar diledi. Yenicami Ba\u015fkan\u0131 Ahmet Gen\u00e7osman, ge\u00e7mi\u015fte Yenicami A\u011fdelen Kul\u00fcb\u00fc ba\u015fkanl\u0131\u011f\u0131 yapm\u0131\u015f Cumhurba\u015fkan\u0131 Tatar\u2019a verdi\u011fi hizmetlerden dolay\u0131 te\u015fekk\u00fcr plaketi","og_url":"https:\/\/kibrisdakik.com\/?p=12974","article_published_time":"2023-08-31T13:43:48+00:00","og_image":[{"width":1600,"height":1066,"url":"https:\/\/kibrisdakik.com\/wp-content\/uploads\/2023\/08\/tatar-yenicami-740x420.jpg","type":"image\/jpeg"}],"author":"admin","twitter_card":"summary_large_image","twitter_misc":{"Yazan:":"admin"},"schema":{"@context":"https:\/\/schema.org","@graph":[{"@type":"Article","@id":"https:\/\/kibrisdakik.com\/?p=12974#article","isPartOf":{"@id":"https:\/\/kibrisdakik.com\/?p=12974"},"author":{"name":"admin","@id":"https:\/\/kibrisdakik.com\/#\/schema\/person\/9cd9d437bbb44f72b73ba127e06d8e79"},"headline":"Cumhurba\u015fkan\u0131 Tatar, Yenicami ba\u015fkan ve y\u00f6neticilerini kabul etti","datePublished":"2023-08-31T13:43:48+00:00","mainEntityOfPage":{"@id":"https:\/\/kibrisdakik.com\/?p=12974"},"wordCount":104,"commentCount":0,"image":{"@id":"https:\/\/kibrisdakik.com\/?p=12974#primaryimage"},"thumbnailUrl":"https:\/\/kibrisdakik.com\/wp-content\/uploads\/2023\/08\/tatar-yenicami-740x420.jpg","articleSection":["Spor"],"inLanguage":"tr","potentialAction":[{"@type":"CommentAction","name":"Comment","target":["https:\/\/kibrisdakik.com\/?p=12974#respond"]}]},{"@type":"WebPage","@id":"https:\/\/kibrisdakik.com\/?p=12974","url":"https:\/\/kibrisdakik.com\/?p=12974","name":"Cumhurba\u015fkan\u0131 Tatar, Yenicami ba\u015fkan ve y\u00f6neticilerini kabul etti -","isPartOf":{"@id":"https:\/\/kibrisdakik.com\/#website"},"primaryImageOfPage":{"@id":"https:\/\/kibrisdakik.com\/?p=12974#primaryimage"},"image":{"@id":"https:\/\/kibrisdakik.com\/?p=12974#primaryimage"},"thumbnailUrl":"https:\/\/kibrisdakik.com\/wp-content\/uploads\/2023\/08\/tatar-yenicami-740x420.jpg","datePublished":"2023-08-31T13:43:48+00:00","author":{"@id":"https:\/\/kibrisdakik.com\/#\/schema\/person\/9cd9d437bbb44f72b73ba127e06d8e79"},"breadcrumb":{"@id":"https:\/\/kibrisdakik.com\/?p=12974#breadcrumb"},"inLanguage":"tr","potentialAction":[{"@type":"ReadAction","target":["https:\/\/kibrisdakik.com\/?p=12974"]}]},{"@type":"ImageObject","inLanguage":"tr","@id":"https:\/\/kibrisdakik.com\/?p=12974#primaryimage","url":"https:\/\/kibrisdakik.com\/wp-content\/uploads\/2023\/08\/tatar-yenicami-740x420.jpg","contentUrl":"https:\/\/kibrisdakik.com\/wp-content\/uploads\/2023\/08\/tatar-yenicami-740x420.jpg","width":1600,"height":1066},{"@type":"BreadcrumbList","@id":"https:\/\/kibrisdakik.com\/?p=12974#breadcrumb","itemListElement":[{"@type":"ListItem","position":1,"name":"Home","item":"https:\/\/kibrisdakik.com\/"},{"@type":"ListItem","position":2,"name":"Cumhurba\u015fkan\u0131 Tatar, Yenicami ba\u015fkan ve y\u00f6neticilerini kabul etti"}]},{"@type":"WebSite","@id":"https:\/\/kibrisdakik.com\/#website","url":"https:\/\/kibrisdakik.com\/","name":"","description":"Tam vaktinde haber","potentialAction":[{"@type":"SearchAction","target":{"@type":"EntryPoint","urlTemplate":"https:\/\/kibrisdakik.com\/?s={search_term_string}"},"query-input":{"@type":"PropertyValueSpecification","valueRequired":true,"valueName":"search_term_string"}}],"inLanguage":"tr"},{"@type":"Person","@id":"https:\/\/kibrisdakik.com\/#\/schema\/person\/9cd9d437bbb44f72b73ba127e06d8e79","name":"admin","image":{"@type":"ImageObject","inLanguage":"tr","@id":"https:\/\/secure.gravatar.com\/avatar\/ccc17943b9d660506c869530f897617f7cb1c21a4bf30023f252596d83e1f007?s=96&d=mm&r=g","url":"https:\/\/secure.gravatar.com\/avatar\/ccc17943b9d660506c869530f897617f7cb1c21a4bf30023f252596d83e1f007?s=96&d=mm&r=g","contentUrl":"https:\/\/secure.gravatar.com\/avatar\/ccc17943b9d660506c869530f897617f7cb1c21a4bf30023f252596d83e1f007?s=96&d=mm&r=g","caption":"admin"},"sameAs":["https:\/\/kibrisdakik.com"],"url":"https:\/\/kibrisdakik.com\/?author=1"}]}},"_links":{"self":[{"href":"https:\/\/kibrisdakik.com\/index.php?rest_route=\/wp\/v2\/posts\/12974","targetHints":{"allow":["GET"]}}],"collection":[{"href":"https:\/\/kibrisdakik.com\/index.php?rest_route=\/wp\/v2\/posts"}],"about":[{"href":"https:\/\/kibrisdakik.com\/index.php?rest_route=\/wp\/v2\/types\/post"}],"author":[{"embeddable":true,"href":"https:\/\/kibrisdakik.com\/index.php?rest_route=\/wp\/v2\/users\/1"}],"replies":[{"embeddable":true,"href":"https:\/\/kibrisdakik.com\/index.php?rest_route=%2Fwp%2Fv2%2Fcomments&post=12974"}],"version-history":[{"count":0,"href":"https:\/\/kibrisdakik.com\/index.php?rest_route=\/wp\/v2\/posts\/12974\/revisions"}],"wp:featuredmedia":[{"embeddable":true,"href":"https:\/\/kibrisdakik.com\/index.php?rest_route=\/wp\/v2\/media\/12975"}],"wp:attachment":[{"href":"https:\/\/kibrisdakik.com\/index.php?rest_route=%2Fwp%2Fv2%2Fmedia&parent=12974"}],"wp:term":[{"taxonomy":"category","embeddable":true,"href":"https:\/\/kibrisdakik.com\/index.php?rest_route=%2Fwp%2Fv2%2Fcategories&post=12974"},{"taxonomy":"post_tag","embeddable":true,"href":"https:\/\/kibrisdakik.com\/index.php?rest_route=%2Fwp%2Fv2%2Ftags&post=12974"}],"curies":[{"name":"wp","href":"https:\/\/api.w.org\/{rel}","templated":true}]}}