{"id":13003,"date":"2023-08-31T18:19:02","date_gmt":"2023-08-31T18:19:02","guid":{"rendered":"https:\/\/kibrisdakik.com\/index.php\/2023\/08\/31\/fidan-lavrov-ile-ortak-basin-toplantisinda-konustu-bolgemizde-kalici-baris-ve-istikrarin-tesis-edilmesini-istiyoruz\/"},"modified":"2023-08-31T18:19:02","modified_gmt":"2023-08-31T18:19:02","slug":"fidan-lavrov-ile-ortak-basin-toplantisinda-konustu-bolgemizde-kalici-baris-ve-istikrarin-tesis-edilmesini-istiyoruz","status":"publish","type":"post","link":"https:\/\/kibrisdakik.com\/?p=13003","title":{"rendered":"Fidan, Lavrov ile ortak bas\u0131n toplant\u0131s\u0131nda konu\u015ftu: \u201cB\u00f6lgemizde kal\u0131c\u0131 bar\u0131\u015f ve istikrar\u0131n tesis edilmesini istiyoruz\u201d"},"content":{"rendered":"<p><\/p>\n<div>\n<div class=\"mariselle-image-container center\">\n                <img width=\"1920\" height=\"1079\" class=\"lazy-image\" alt=\"\" decoding=\"async\" loading=\"lazy\" sizes=\"auto, (max-width: 1920px) 100vw, 1920px\" src=\"https:\/\/brtk.net\/wp-content\/uploads\/2023\/08\/31\/1075085152-0-281-2175-1504-1920x0-80-0-0-826b84fc15d1ab44509048a872524d68.jpg?ver=44918b1d394aa3f33e32418554164d05\" srcset=\"https:\/\/brtk.net\/wp-content\/uploads\/2023\/08\/31\/1075085152-0-281-2175-1504-1920x0-80-0-0-826b84fc15d1ab44509048a872524d68.jpg?ver=44918b1d394aa3f33e32418554164d05 1920w, https:\/\/brtk.net\/wp-content\/uploads\/2023\/08\/31\/1075085152-0-281-2175-1504-1920x0-80-0-0-826b84fc15d1ab44509048a872524d68-300x169.jpg?ver=44918b1d394aa3f33e32418554164d05 300w, https:\/\/brtk.net\/wp-content\/uploads\/2023\/08\/31\/1075085152-0-281-2175-1504-1920x0-80-0-0-826b84fc15d1ab44509048a872524d68-1024x575.jpg?ver=44918b1d394aa3f33e32418554164d05 1024w, https:\/\/brtk.net\/wp-content\/uploads\/2023\/08\/31\/1075085152-0-281-2175-1504-1920x0-80-0-0-826b84fc15d1ab44509048a872524d68-768x432.jpg?ver=49bf7d1eeea566b213e761f8387c728c 768w, https:\/\/brtk.net\/wp-content\/uploads\/2023\/08\/31\/1075085152-0-281-2175-1504-1920x0-80-0-0-826b84fc15d1ab44509048a872524d68-1536x863.jpg?ver=49bf7d1eeea566b213e761f8387c728c 1536w\"\/>                            <\/div>\n<p>\nTC  D\u0131\u015fi\u015fleri Bakan\u0131 Hakan Fidan, T\u00fcrkiye\u2019nin, Rusya ile Ukrayna aras\u0131ndaki sava\u015f\u0131n diplomatik yollarla sona erdirilmesi hedefinden hi\u00e7 vazge\u00e7medi\u011fini belirterek, \u201cB\u00f6lgemizde kal\u0131c\u0131 bar\u0131\u015f ve istikrar\u0131n tesis edilmesini istiyoruz. Bu beklentilerimizi Say\u0131n Lavrov ile olan g\u00f6r\u00fc\u015fmemizde yineledim. Elimizden gelen deste\u011fi vermeye haz\u0131r oldu\u011fumuzu teyit ettim.\u201d dedi.<\/p>\n<p>Bakan Fidan, Rusya D\u0131\u015fi\u015fleri Bakan\u0131 Sergey Lavrov ile Moskova\u2019da yapt\u0131\u011f\u0131 g\u00f6r\u00fc\u015fmenin ard\u0131ndan d\u00fczenlenen ortak bas\u0131n toplant\u0131s\u0131nda konu\u015ftu.<\/p>\n<p>Fidan, Kahramanmara\u015f merkezli 6 \u015eubat\u2019taki depremlerin ard\u0131ndan g\u00f6sterdikleri dayan\u0131\u015fma ve T\u00fcrkiye\u2019deki orman yang\u0131lar\u0131yla m\u00fccadele i\u00e7in g\u00f6nderdikleri 2 yang\u0131n s\u00f6nd\u00fcrme u\u00e7a\u011f\u0131 i\u00e7in Rusya\u2019ya \u015f\u00fckranlar\u0131n\u0131 sundu\u011funu belirtti.<\/p>\n<p>Ankara ile Moskova aras\u0131ndaki ili\u015fkilerin k\u00f6kl\u00fc bir ge\u00e7mi\u015fi oldu\u011funu vurgulayan Fidan, T\u00fcrkiye ile Rusya\u2019n\u0131n b\u00f6lgede birbirini en iyi tan\u0131yan iki \u00fclke oldu\u011funu, ikili ve b\u00f6lgesel meselelerde de daima temas halinde olduklar\u0131n\u0131 s\u00f6yledi.<\/p>\n<p>Fidan, iki \u00fclke aras\u0131nda yap\u0131lan g\u00f6r\u00fc\u015fmelerde ortak g\u00fcndemlerini etrafl\u0131ca ele ald\u0131klar\u0131n\u0131 anlatarak, T\u00fcrkiye ile Rusya aras\u0131ndaki diyalo\u011fun b\u00f6lge a\u00e7\u0131s\u0131ndan olduk\u00e7a kritik \u00f6nem ta\u015f\u0131d\u0131\u011f\u0131na i\u015faret etti. Fidan, Ankara ile Moskova aras\u0131nda samimiyete dayanan g\u00fc\u00e7l\u00fc ileti\u015fim kanallar\u0131n\u0131n mevcut oldu\u011funu dile getirdi.<\/p>\n<p>Rusya ile Ukrayna aras\u0131ndaki \u00e7at\u0131\u015fmalar\u0131n diplomatik yollarla sona erdirilmesi hedefinden hi\u00e7 vazge\u00e7mediklerini vurgulayan Fidan, \u201cB\u00f6lgemizde kal\u0131c\u0131 bar\u0131\u015f ve istikrar\u0131n tesis edilmesini istiyoruz. Bu beklentilerimizi Say\u0131n Lavrov ile olan g\u00f6r\u00fc\u015fmemizde yineledim. Elimizden gelen deste\u011fi vermeye haz\u0131r oldu\u011fumuzu teyit ettim.\u201d ifadelerini kulland\u0131.<\/p>\n<p>Bakan Fidan, T\u00fcrkiye\u2019nin Rusya ile Ukrayna aras\u0131nda daha \u00f6nce do\u011frudan m\u00fczakerelere ev sahipli\u011fi yapt\u0131\u011f\u0131n\u0131, gerekli \u015fartlar olu\u015ftu\u011funda kolayla\u015ft\u0131r\u0131c\u0131 veya arabulucu rol\u00fcn\u00fc s\u00fcrd\u00fcrmeye devam etti\u011fini mevkida\u015f\u0131na s\u00f6yledi\u011fini, Kiev\u2019e 25 A\u011fustos\u2019ta yapt\u0131\u011f\u0131 ziyaretteki temaslar\u0131nda da benzer mesajlar\u0131 payla\u015ft\u0131\u011f\u0131n\u0131 belirtti.<\/p>\n<p>\u2013 \u201cTer\u00f6rle m\u00fccadelede iki \u00fclkenin birlikte \u00e7al\u0131\u015fmas\u0131n\u0131n \u00f6nemini vurgulad\u0131k\u201d<\/p>\n<p>Cumhurba\u015fkan\u0131 Recep Tayyip Erdo\u011fan ile Rusya Devlet Ba\u015fkan\u0131 Vladimir Putin\u2019in yak\u0131n zamanda So\u00e7i\u2019de bir araya gelece\u011fini s\u00f6yleyen Fidan, bu g\u00f6r\u00fc\u015fmede iki liderin T\u00fcrkiye-Rusya aras\u0131ndaki ikili ili\u015fkiler ve b\u00f6lgesel g\u00fcndemlerinde bekleyen konular\u0131 etrafl\u0131ca de\u011ferlendireceklerini ifade etti.<\/p>\n<p>Fidan, bug\u00fcnk\u00fc Moskova ziyaretinin de Erdo\u011fan ile Putin aras\u0131ndaki g\u00f6r\u00fc\u015fmeye haz\u0131rl\u0131k niteli\u011finde oldu\u011funu kaydetti.<\/p>\n<p>Mevkida\u015f\u0131yla yapt\u0131klar\u0131 g\u00f6r\u00fc\u015fmede ekonomiden enerjiye, turizmden konsolosluk ili\u015fkilerine kadar genel bir de\u011ferlendirme yapt\u0131klar\u0131n\u0131, K\u0131r\u0131m <a href=\"https:\/\/brtk.net\/\">Tatar<\/a> T\u00fcrklerinin durumunu da g\u00fcndeme getirdi\u011fini belirten Fidan, \u201c\u00dclkemizin ulusal ve uluslararas\u0131 y\u00fck\u00fcml\u00fcl\u00fckleri dahilinde i\u015fbirli\u011fimizi ilerletmek i\u00e7in neler yapabilece\u011fimizi ele ald\u0131k. Ter\u00f6rle m\u00fccadelede iki \u00fclkenin birlikte \u00e7al\u0131\u015fmas\u0131n\u0131n \u00f6nemini vurgulad\u0131k.\u201d diye konu\u015ftu.<\/p>\n<p>Bakan Fidan, Lavrov ile b\u00f6lgesel ve uluslararas\u0131 meseleleri de ele ald\u0131klar\u0131n\u0131 dile getirerek, \u201c\u00dclkelerimiz a\u00e7\u0131s\u0131ndan \u00f6nem ta\u015f\u0131yan \u00f6zellikle Suriye, Orta Asya, Afrika, Kafkasya ve bu co\u011frafyalardaki geli\u015fmelere dair perspektiflerimizi kar\u015f\u0131la\u015ft\u0131rd\u0131k.\u201d dedi.<\/p>\n<p>Gelecek d\u00f6nemlerde de Lavrov ile isti\u015farelere devam edeceklerini s\u00f6yleyen Fidan, yar\u0131n da Rusya Savunma Bakan\u0131 Sergey \u015eoygu ile g\u00f6r\u00fc\u015fece\u011fini aktard\u0131.<\/p>\n<p>AA muhabirinin Karadeniz Tah\u0131l Giri\u015fimi\u2019nin yeniden canland\u0131r\u0131lmas\u0131na ili\u015fkin T\u00fcrkiye\u2019nin y\u00fcr\u00fctt\u00fc\u011f\u00fc \u00e7abalara ili\u015fkin sorusunu da yan\u0131tlayan Fidan, ba\u015fta Cumhurba\u015fkan\u0131 Erdo\u011fan olmak \u00fczere Ankara\u2019n\u0131n bu konuda t\u00fcm muhataplar\u0131yla temaslarda bulundu\u011funu belirtti.<\/p>\n<p>Fidan, giri\u015fimin yeniden canland\u0131r\u0131lmas\u0131 konusuna y\u00f6nelik ciddi ad\u0131mlar\u0131n at\u0131lmas\u0131 i\u00e7in olu\u015fabilecek f\u0131rsatlara dikkatlice bak\u0131lmakta oldu\u011funu ve \u00f6zellikle Birle\u015fmi\u015f Milletlerin (BM) bu konuda \u00f6nemli faaliyetlerde bulundu\u011funu dile getirerek, \u201cSay\u0131n (BM Genel Sekreteri Antonio) Guterres ve onun ekibiyle bizim arkada\u015flar\u0131m\u0131z yo\u011fun bir temas halinde. \u00d6zellikle Rusya\u2019n\u0131n pozisyonunu ve taleplerini daha iyi anlamaya ve kar\u015f\u0131lamaya \u00e7al\u0131\u015fan bir s\u00fcre\u00e7 var \u015fu anda.\u201d diye konu\u015ftu.<\/p>\n<p>D\u0131\u015fi\u015fleri Bakan\u0131 Fidan, giri\u015fimin daha \u00f6nceki s\u00fcrecinde ilk uygulama d\u00f6neminde ortaya \u00e7\u0131kan aksakl\u0131klar\u0131n, al\u0131nan derslerin bu d\u00f6nemde tekrar etmemesi i\u00e7in neler yap\u0131labilece\u011fi konusunda y\u00fcr\u00fct\u00fclen \u00e7al\u0131\u015fmalar oldu\u011funu belirtti.<\/p>\n<\/p><\/div>\n","protected":false},"excerpt":{"rendered":"<p>TC D\u0131\u015fi\u015fleri Bakan\u0131 Hakan Fidan, T\u00fcrkiye\u2019nin, Rusya ile Ukrayna aras\u0131ndaki sava\u015f\u0131n diplomatik yollarla sona erdirilmesi hedefinden hi\u00e7 vazge\u00e7medi\u011fini belirterek, \u201cB\u00f6lgemizde kal\u0131c\u0131 bar\u0131\u015f ve istikrar\u0131n tesis edilmesini istiyoruz. Bu beklentilerimizi Say\u0131n Lavrov ile olan g\u00f6r\u00fc\u015fmemizde yineledim. Elimizden gelen deste\u011fi vermeye haz\u0131r oldu\u011fumuzu teyit ettim.\u201d dedi. Bakan Fidan, Rusya D\u0131\u015fi\u015fleri Bakan\u0131 Sergey Lavrov ile Moskova\u2019da yapt\u0131\u011f\u0131 g\u00f6r\u00fc\u015fmenin<\/p>\n","protected":false},"author":1,"featured_media":13004,"comment_status":"open","ping_status":"open","sticky":false,"template":"","format":"standard","meta":{"footnotes":""},"categories":[1],"tags":[],"class_list":["post-13003","post","type-post","status-publish","format-standard","has-post-thumbnail","hentry","category-gundem"],"yoast_head":"<!-- This site is optimized with the Yoast SEO plugin v27.4 - https:\/\/yoast.com\/product\/yoast-seo-wordpress\/ -->\n<title>Fidan, Lavrov ile ortak bas\u0131n toplant\u0131s\u0131nda konu\u015ftu: \u201cB\u00f6lgemizde kal\u0131c\u0131 bar\u0131\u015f ve istikrar\u0131n tesis edilmesini istiyoruz\u201d -<\/title>\n<meta name=\"robots\" content=\"index, follow, max-snippet:-1, max-image-preview:large, max-video-preview:-1\" \/>\n<link rel=\"canonical\" href=\"https:\/\/kibrisdakik.com\/?p=13003\" \/>\n<meta property=\"og:locale\" content=\"tr_TR\" \/>\n<meta property=\"og:type\" content=\"article\" \/>\n<meta property=\"og:title\" content=\"Fidan, Lavrov ile ortak bas\u0131n toplant\u0131s\u0131nda konu\u015ftu: \u201cB\u00f6lgemizde kal\u0131c\u0131 bar\u0131\u015f ve istikrar\u0131n tesis edilmesini istiyoruz\u201d -\" \/>\n<meta property=\"og:description\" content=\"TC D\u0131\u015fi\u015fleri Bakan\u0131 Hakan Fidan, T\u00fcrkiye\u2019nin, Rusya ile Ukrayna aras\u0131ndaki sava\u015f\u0131n diplomatik yollarla sona erdirilmesi hedefinden hi\u00e7 vazge\u00e7medi\u011fini belirterek, \u201cB\u00f6lgemizde kal\u0131c\u0131 bar\u0131\u015f ve istikrar\u0131n tesis edilmesini istiyoruz. Bu beklentilerimizi Say\u0131n Lavrov ile olan g\u00f6r\u00fc\u015fmemizde yineledim. Elimizden gelen deste\u011fi vermeye haz\u0131r oldu\u011fumuzu teyit ettim.\u201d dedi. Bakan Fidan, Rusya D\u0131\u015fi\u015fleri Bakan\u0131 Sergey Lavrov ile Moskova\u2019da yapt\u0131\u011f\u0131 g\u00f6r\u00fc\u015fmenin\" \/>\n<meta property=\"og:url\" content=\"https:\/\/kibrisdakik.com\/?p=13003\" \/>\n<meta property=\"article:published_time\" content=\"2023-08-31T18:19:02+00:00\" \/>\n<meta property=\"og:image\" content=\"https:\/\/kibrisdakik.com\/wp-content\/uploads\/2023\/08\/1075085152-0-281-2175-1504-1920x0-80-0-0-826b84fc15d1ab44509048a872524d68-740x420.jpg\" \/>\n\t<meta property=\"og:image:width\" content=\"1920\" \/>\n\t<meta property=\"og:image:height\" content=\"1079\" \/>\n\t<meta property=\"og:image:type\" content=\"image\/jpeg\" \/>\n<meta name=\"author\" content=\"admin\" \/>\n<meta name=\"twitter:card\" content=\"summary_large_image\" \/>\n<meta name=\"twitter:label1\" content=\"Yazan:\" \/>\n\t<meta name=\"twitter:data1\" content=\"admin\" \/>\n\t<meta name=\"twitter:label2\" content=\"Tahmini okuma s\u00fcresi\" \/>\n\t<meta name=\"twitter:data2\" content=\"4 dakika\" \/>\n<script type=\"application\/ld+json\" class=\"yoast-schema-graph\">{\"@context\":\"https:\\\/\\\/schema.org\",\"@graph\":[{\"@type\":\"Article\",\"@id\":\"https:\\\/\\\/kibrisdakik.com\\\/?p=13003#article\",\"isPartOf\":{\"@id\":\"https:\\\/\\\/kibrisdakik.com\\\/?p=13003\"},\"author\":{\"name\":\"admin\",\"@id\":\"https:\\\/\\\/kibrisdakik.com\\\/#\\\/schema\\\/person\\\/9cd9d437bbb44f72b73ba127e06d8e79\"},\"headline\":\"Fidan, Lavrov ile ortak bas\u0131n toplant\u0131s\u0131nda konu\u015ftu: \u201cB\u00f6lgemizde kal\u0131c\u0131 bar\u0131\u015f ve istikrar\u0131n tesis edilmesini istiyoruz\u201d\",\"datePublished\":\"2023-08-31T18:19:02+00:00\",\"mainEntityOfPage\":{\"@id\":\"https:\\\/\\\/kibrisdakik.com\\\/?p=13003\"},\"wordCount\":790,\"commentCount\":0,\"image\":{\"@id\":\"https:\\\/\\\/kibrisdakik.com\\\/?p=13003#primaryimage\"},\"thumbnailUrl\":\"https:\\\/\\\/kibrisdakik.com\\\/wp-content\\\/uploads\\\/2023\\\/08\\\/1075085152-0-281-2175-1504-1920x0-80-0-0-826b84fc15d1ab44509048a872524d68-740x420.jpg\",\"articleSection\":[\"G\u00fcndem\"],\"inLanguage\":\"tr\",\"potentialAction\":[{\"@type\":\"CommentAction\",\"name\":\"Comment\",\"target\":[\"https:\\\/\\\/kibrisdakik.com\\\/?p=13003#respond\"]}]},{\"@type\":\"WebPage\",\"@id\":\"https:\\\/\\\/kibrisdakik.com\\\/?p=13003\",\"url\":\"https:\\\/\\\/kibrisdakik.com\\\/?p=13003\",\"name\":\"Fidan, Lavrov ile ortak bas\u0131n toplant\u0131s\u0131nda konu\u015ftu: \u201cB\u00f6lgemizde kal\u0131c\u0131 bar\u0131\u015f ve istikrar\u0131n tesis edilmesini istiyoruz\u201d -\",\"isPartOf\":{\"@id\":\"https:\\\/\\\/kibrisdakik.com\\\/#website\"},\"primaryImageOfPage\":{\"@id\":\"https:\\\/\\\/kibrisdakik.com\\\/?p=13003#primaryimage\"},\"image\":{\"@id\":\"https:\\\/\\\/kibrisdakik.com\\\/?p=13003#primaryimage\"},\"thumbnailUrl\":\"https:\\\/\\\/kibrisdakik.com\\\/wp-content\\\/uploads\\\/2023\\\/08\\\/1075085152-0-281-2175-1504-1920x0-80-0-0-826b84fc15d1ab44509048a872524d68-740x420.jpg\",\"datePublished\":\"2023-08-31T18:19:02+00:00\",\"author\":{\"@id\":\"https:\\\/\\\/kibrisdakik.com\\\/#\\\/schema\\\/person\\\/9cd9d437bbb44f72b73ba127e06d8e79\"},\"breadcrumb\":{\"@id\":\"https:\\\/\\\/kibrisdakik.com\\\/?p=13003#breadcrumb\"},\"inLanguage\":\"tr\",\"potentialAction\":[{\"@type\":\"ReadAction\",\"target\":[\"https:\\\/\\\/kibrisdakik.com\\\/?p=13003\"]}]},{\"@type\":\"ImageObject\",\"inLanguage\":\"tr\",\"@id\":\"https:\\\/\\\/kibrisdakik.com\\\/?p=13003#primaryimage\",\"url\":\"https:\\\/\\\/kibrisdakik.com\\\/wp-content\\\/uploads\\\/2023\\\/08\\\/1075085152-0-281-2175-1504-1920x0-80-0-0-826b84fc15d1ab44509048a872524d68-740x420.jpg\",\"contentUrl\":\"https:\\\/\\\/kibrisdakik.com\\\/wp-content\\\/uploads\\\/2023\\\/08\\\/1075085152-0-281-2175-1504-1920x0-80-0-0-826b84fc15d1ab44509048a872524d68-740x420.jpg\",\"width\":1920,\"height\":1079},{\"@type\":\"BreadcrumbList\",\"@id\":\"https:\\\/\\\/kibrisdakik.com\\\/?p=13003#breadcrumb\",\"itemListElement\":[{\"@type\":\"ListItem\",\"position\":1,\"name\":\"Home\",\"item\":\"https:\\\/\\\/kibrisdakik.com\\\/\"},{\"@type\":\"ListItem\",\"position\":2,\"name\":\"Fidan, Lavrov ile ortak bas\u0131n toplant\u0131s\u0131nda konu\u015ftu: \u201cB\u00f6lgemizde kal\u0131c\u0131 bar\u0131\u015f ve istikrar\u0131n tesis edilmesini istiyoruz\u201d\"}]},{\"@type\":\"WebSite\",\"@id\":\"https:\\\/\\\/kibrisdakik.com\\\/#website\",\"url\":\"https:\\\/\\\/kibrisdakik.com\\\/\",\"name\":\"\",\"description\":\"Tam vaktinde haber\",\"potentialAction\":[{\"@type\":\"SearchAction\",\"target\":{\"@type\":\"EntryPoint\",\"urlTemplate\":\"https:\\\/\\\/kibrisdakik.com\\\/?s={search_term_string}\"},\"query-input\":{\"@type\":\"PropertyValueSpecification\",\"valueRequired\":true,\"valueName\":\"search_term_string\"}}],\"inLanguage\":\"tr\"},{\"@type\":\"Person\",\"@id\":\"https:\\\/\\\/kibrisdakik.com\\\/#\\\/schema\\\/person\\\/9cd9d437bbb44f72b73ba127e06d8e79\",\"name\":\"admin\",\"image\":{\"@type\":\"ImageObject\",\"inLanguage\":\"tr\",\"@id\":\"https:\\\/\\\/secure.gravatar.com\\\/avatar\\\/ccc17943b9d660506c869530f897617f7cb1c21a4bf30023f252596d83e1f007?s=96&d=mm&r=g\",\"url\":\"https:\\\/\\\/secure.gravatar.com\\\/avatar\\\/ccc17943b9d660506c869530f897617f7cb1c21a4bf30023f252596d83e1f007?s=96&d=mm&r=g\",\"contentUrl\":\"https:\\\/\\\/secure.gravatar.com\\\/avatar\\\/ccc17943b9d660506c869530f897617f7cb1c21a4bf30023f252596d83e1f007?s=96&d=mm&r=g\",\"caption\":\"admin\"},\"sameAs\":[\"https:\\\/\\\/kibrisdakik.com\"],\"url\":\"https:\\\/\\\/kibrisdakik.com\\\/?author=1\"}]}<\/script>\n<!-- \/ Yoast SEO plugin. -->","yoast_head_json":{"title":"Fidan, Lavrov ile ortak bas\u0131n toplant\u0131s\u0131nda konu\u015ftu: \u201cB\u00f6lgemizde kal\u0131c\u0131 bar\u0131\u015f ve istikrar\u0131n tesis edilmesini istiyoruz\u201d -","robots":{"index":"index","follow":"follow","max-snippet":"max-snippet:-1","max-image-preview":"max-image-preview:large","max-video-preview":"max-video-preview:-1"},"canonical":"https:\/\/kibrisdakik.com\/?p=13003","og_locale":"tr_TR","og_type":"article","og_title":"Fidan, Lavrov ile ortak bas\u0131n toplant\u0131s\u0131nda konu\u015ftu: \u201cB\u00f6lgemizde kal\u0131c\u0131 bar\u0131\u015f ve istikrar\u0131n tesis edilmesini istiyoruz\u201d -","og_description":"TC D\u0131\u015fi\u015fleri Bakan\u0131 Hakan Fidan, T\u00fcrkiye\u2019nin, Rusya ile Ukrayna aras\u0131ndaki sava\u015f\u0131n diplomatik yollarla sona erdirilmesi hedefinden hi\u00e7 vazge\u00e7medi\u011fini belirterek, \u201cB\u00f6lgemizde kal\u0131c\u0131 bar\u0131\u015f ve istikrar\u0131n tesis edilmesini istiyoruz. Bu beklentilerimizi Say\u0131n Lavrov ile olan g\u00f6r\u00fc\u015fmemizde yineledim. Elimizden gelen deste\u011fi vermeye haz\u0131r oldu\u011fumuzu teyit ettim.\u201d dedi. Bakan Fidan, Rusya D\u0131\u015fi\u015fleri Bakan\u0131 Sergey Lavrov ile Moskova\u2019da yapt\u0131\u011f\u0131 g\u00f6r\u00fc\u015fmenin","og_url":"https:\/\/kibrisdakik.com\/?p=13003","article_published_time":"2023-08-31T18:19:02+00:00","og_image":[{"width":1920,"height":1079,"url":"https:\/\/kibrisdakik.com\/wp-content\/uploads\/2023\/08\/1075085152-0-281-2175-1504-1920x0-80-0-0-826b84fc15d1ab44509048a872524d68-740x420.jpg","type":"image\/jpeg"}],"author":"admin","twitter_card":"summary_large_image","twitter_misc":{"Yazan:":"admin","Tahmini okuma s\u00fcresi":"4 dakika"},"schema":{"@context":"https:\/\/schema.org","@graph":[{"@type":"Article","@id":"https:\/\/kibrisdakik.com\/?p=13003#article","isPartOf":{"@id":"https:\/\/kibrisdakik.com\/?p=13003"},"author":{"name":"admin","@id":"https:\/\/kibrisdakik.com\/#\/schema\/person\/9cd9d437bbb44f72b73ba127e06d8e79"},"headline":"Fidan, Lavrov ile ortak bas\u0131n toplant\u0131s\u0131nda konu\u015ftu: \u201cB\u00f6lgemizde kal\u0131c\u0131 bar\u0131\u015f ve istikrar\u0131n tesis edilmesini istiyoruz\u201d","datePublished":"2023-08-31T18:19:02+00:00","mainEntityOfPage":{"@id":"https:\/\/kibrisdakik.com\/?p=13003"},"wordCount":790,"commentCount":0,"image":{"@id":"https:\/\/kibrisdakik.com\/?p=13003#primaryimage"},"thumbnailUrl":"https:\/\/kibrisdakik.com\/wp-content\/uploads\/2023\/08\/1075085152-0-281-2175-1504-1920x0-80-0-0-826b84fc15d1ab44509048a872524d68-740x420.jpg","articleSection":["G\u00fcndem"],"inLanguage":"tr","potentialAction":[{"@type":"CommentAction","name":"Comment","target":["https:\/\/kibrisdakik.com\/?p=13003#respond"]}]},{"@type":"WebPage","@id":"https:\/\/kibrisdakik.com\/?p=13003","url":"https:\/\/kibrisdakik.com\/?p=13003","name":"Fidan, Lavrov ile ortak bas\u0131n toplant\u0131s\u0131nda konu\u015ftu: \u201cB\u00f6lgemizde kal\u0131c\u0131 bar\u0131\u015f ve istikrar\u0131n tesis edilmesini istiyoruz\u201d -","isPartOf":{"@id":"https:\/\/kibrisdakik.com\/#website"},"primaryImageOfPage":{"@id":"https:\/\/kibrisdakik.com\/?p=13003#primaryimage"},"image":{"@id":"https:\/\/kibrisdakik.com\/?p=13003#primaryimage"},"thumbnailUrl":"https:\/\/kibrisdakik.com\/wp-content\/uploads\/2023\/08\/1075085152-0-281-2175-1504-1920x0-80-0-0-826b84fc15d1ab44509048a872524d68-740x420.jpg","datePublished":"2023-08-31T18:19:02+00:00","author":{"@id":"https:\/\/kibrisdakik.com\/#\/schema\/person\/9cd9d437bbb44f72b73ba127e06d8e79"},"breadcrumb":{"@id":"https:\/\/kibrisdakik.com\/?p=13003#breadcrumb"},"inLanguage":"tr","potentialAction":[{"@type":"ReadAction","target":["https:\/\/kibrisdakik.com\/?p=13003"]}]},{"@type":"ImageObject","inLanguage":"tr","@id":"https:\/\/kibrisdakik.com\/?p=13003#primaryimage","url":"https:\/\/kibrisdakik.com\/wp-content\/uploads\/2023\/08\/1075085152-0-281-2175-1504-1920x0-80-0-0-826b84fc15d1ab44509048a872524d68-740x420.jpg","contentUrl":"https:\/\/kibrisdakik.com\/wp-content\/uploads\/2023\/08\/1075085152-0-281-2175-1504-1920x0-80-0-0-826b84fc15d1ab44509048a872524d68-740x420.jpg","width":1920,"height":1079},{"@type":"BreadcrumbList","@id":"https:\/\/kibrisdakik.com\/?p=13003#breadcrumb","itemListElement":[{"@type":"ListItem","position":1,"name":"Home","item":"https:\/\/kibrisdakik.com\/"},{"@type":"ListItem","position":2,"name":"Fidan, Lavrov ile ortak bas\u0131n toplant\u0131s\u0131nda konu\u015ftu: \u201cB\u00f6lgemizde kal\u0131c\u0131 bar\u0131\u015f ve istikrar\u0131n tesis edilmesini istiyoruz\u201d"}]},{"@type":"WebSite","@id":"https:\/\/kibrisdakik.com\/#website","url":"https:\/\/kibrisdakik.com\/","name":"","description":"Tam vaktinde haber","potentialAction":[{"@type":"SearchAction","target":{"@type":"EntryPoint","urlTemplate":"https:\/\/kibrisdakik.com\/?s={search_term_string}"},"query-input":{"@type":"PropertyValueSpecification","valueRequired":true,"valueName":"search_term_string"}}],"inLanguage":"tr"},{"@type":"Person","@id":"https:\/\/kibrisdakik.com\/#\/schema\/person\/9cd9d437bbb44f72b73ba127e06d8e79","name":"admin","image":{"@type":"ImageObject","inLanguage":"tr","@id":"https:\/\/secure.gravatar.com\/avatar\/ccc17943b9d660506c869530f897617f7cb1c21a4bf30023f252596d83e1f007?s=96&d=mm&r=g","url":"https:\/\/secure.gravatar.com\/avatar\/ccc17943b9d660506c869530f897617f7cb1c21a4bf30023f252596d83e1f007?s=96&d=mm&r=g","contentUrl":"https:\/\/secure.gravatar.com\/avatar\/ccc17943b9d660506c869530f897617f7cb1c21a4bf30023f252596d83e1f007?s=96&d=mm&r=g","caption":"admin"},"sameAs":["https:\/\/kibrisdakik.com"],"url":"https:\/\/kibrisdakik.com\/?author=1"}]}},"_links":{"self":[{"href":"https:\/\/kibrisdakik.com\/index.php?rest_route=\/wp\/v2\/posts\/13003","targetHints":{"allow":["GET"]}}],"collection":[{"href":"https:\/\/kibrisdakik.com\/index.php?rest_route=\/wp\/v2\/posts"}],"about":[{"href":"https:\/\/kibrisdakik.com\/index.php?rest_route=\/wp\/v2\/types\/post"}],"author":[{"embeddable":true,"href":"https:\/\/kibrisdakik.com\/index.php?rest_route=\/wp\/v2\/users\/1"}],"replies":[{"embeddable":true,"href":"https:\/\/kibrisdakik.com\/index.php?rest_route=%2Fwp%2Fv2%2Fcomments&post=13003"}],"version-history":[{"count":0,"href":"https:\/\/kibrisdakik.com\/index.php?rest_route=\/wp\/v2\/posts\/13003\/revisions"}],"wp:featuredmedia":[{"embeddable":true,"href":"https:\/\/kibrisdakik.com\/index.php?rest_route=\/wp\/v2\/media\/13004"}],"wp:attachment":[{"href":"https:\/\/kibrisdakik.com\/index.php?rest_route=%2Fwp%2Fv2%2Fmedia&parent=13003"}],"wp:term":[{"taxonomy":"category","embeddable":true,"href":"https:\/\/kibrisdakik.com\/index.php?rest_route=%2Fwp%2Fv2%2Fcategories&post=13003"},{"taxonomy":"post_tag","embeddable":true,"href":"https:\/\/kibrisdakik.com\/index.php?rest_route=%2Fwp%2Fv2%2Ftags&post=13003"}],"curies":[{"name":"wp","href":"https:\/\/api.w.org\/{rel}","templated":true}]}}