{"id":13035,"date":"2023-09-01T13:49:20","date_gmt":"2023-09-01T13:49:20","guid":{"rendered":"https:\/\/kibrisdakik.com\/index.php\/2023\/09\/01\/hava-serinliyor-pazar-ve-pazartesi-gunleri-yer-yer-saganak-veya-gok-gurultulu-yagmur-bekleniyor\/"},"modified":"2023-09-01T13:49:20","modified_gmt":"2023-09-01T13:49:20","slug":"hava-serinliyor-pazar-ve-pazartesi-gunleri-yer-yer-saganak-veya-gok-gurultulu-yagmur-bekleniyor","status":"publish","type":"post","link":"https:\/\/kibrisdakik.com\/?p=13035","title":{"rendered":"Hava serinliyor\u2026 Pazar ve pazartesi g\u00fcnleri yer yer sa\u011fanak veya g\u00f6k g\u00fcr\u00fclt\u00fcl\u00fc ya\u011fmur bekleniyor"},"content":{"rendered":"<p><\/p>\n<div>\n<div class=\"mariselle-image-container center\">\n                <img width=\"650\" height=\"360\" class=\"lazy-image\" alt=\"\" decoding=\"async\" loading=\"lazy\" sizes=\"auto, (max-width: 650px) 100vw, 650px\" src=\"https:\/\/brtk.net\/wp-content\/uploads\/2023\/09\/01\/hava-durumu-parcali-bulutlu13.jpg?ver=165faf331a11de565b58199b75742a2f\" srcset=\"https:\/\/brtk.net\/wp-content\/uploads\/2023\/09\/01\/hava-durumu-parcali-bulutlu13.jpg?ver=165faf331a11de565b58199b75742a2f 650w, https:\/\/brtk.net\/wp-content\/uploads\/2023\/09\/01\/hava-durumu-parcali-bulutlu13-300x166.jpg?ver=f96da15e9a396a4eef61f0f825f14393 300w\"\/>                            <\/div>\n<p>Hava serinliyor. Pazar ve pazartesi g\u00fcnleri yer yer sa\u011fanak veya g\u00f6k g\u00fcr\u00fclt\u00fcl\u00fc ya\u011fmur bekleniyor.<\/p>\n<p>Meteoroloji Dairesi\u2019nin 02 \u2013 08 Eyl\u00fcl tarihlerini kapsayan hava tahmin raporuna g\u00f6re, b\u00f6lge genellikle al\u00e7ak bas\u0131n\u00e7 sistemiyle s\u0131cak ve nispeten nemli, ya\u011f\u0131\u015fl\u0131 g\u00fcnlerde \u00fcst atmosferdeki serin ve nemli hava k\u00fctlesinin etkisi alt\u0131nda kalacak. <\/p>\n<p>Hava periyot boyunca genellikle a\u00e7\u0131k ve az bulutlu ge\u00e7ecek ancak pazar ve pazartesi g\u00fcnleri yer yer sa\u011fanak veya g\u00f6k g\u00fcr\u00fclt\u00fcl\u00fc sa\u011fanak ya\u011fmur bekleniyor.<\/p>\n<p>En y\u00fcksek hava s\u0131cakl\u0131\u011f\u0131 i\u00e7 kesimlerde 35 \u2013 38 derece, sahillerde 31 \u2013 34 derece dolaylar\u0131nda olacak. R\u00fczgar, G\u00fcney ve Bat\u0131 y\u00f6nlerden orta kuvvette, ya\u011f\u0131\u015fl\u0131 g\u00fcnlerde yer yer kuvvetli esecek.<\/p>\n<\/p><\/div>\n","protected":false},"excerpt":{"rendered":"<p>Hava serinliyor. Pazar ve pazartesi g\u00fcnleri yer yer sa\u011fanak veya g\u00f6k g\u00fcr\u00fclt\u00fcl\u00fc ya\u011fmur bekleniyor. Meteoroloji Dairesi\u2019nin 02 \u2013 08 Eyl\u00fcl tarihlerini kapsayan hava tahmin raporuna g\u00f6re, b\u00f6lge genellikle al\u00e7ak bas\u0131n\u00e7 sistemiyle s\u0131cak ve nispeten nemli, ya\u011f\u0131\u015fl\u0131 g\u00fcnlerde \u00fcst atmosferdeki serin ve nemli hava k\u00fctlesinin etkisi alt\u0131nda kalacak. Hava periyot boyunca genellikle a\u00e7\u0131k ve az bulutlu<\/p>\n","protected":false},"author":1,"featured_media":13036,"comment_status":"open","ping_status":"open","sticky":false,"template":"","format":"standard","meta":{"footnotes":""},"categories":[1],"tags":[],"class_list":["post-13035","post","type-post","status-publish","format-standard","has-post-thumbnail","hentry","category-gundem"],"yoast_head":"<!-- This site is optimized with the Yoast SEO plugin v27.4 - https:\/\/yoast.com\/product\/yoast-seo-wordpress\/ -->\n<title>Hava serinliyor\u2026 Pazar ve pazartesi g\u00fcnleri yer yer sa\u011fanak veya g\u00f6k g\u00fcr\u00fclt\u00fcl\u00fc ya\u011fmur bekleniyor -<\/title>\n<meta name=\"robots\" content=\"index, follow, max-snippet:-1, max-image-preview:large, max-video-preview:-1\" \/>\n<link rel=\"canonical\" href=\"https:\/\/kibrisdakik.com\/?p=13035\" \/>\n<meta property=\"og:locale\" content=\"tr_TR\" \/>\n<meta property=\"og:type\" content=\"article\" \/>\n<meta property=\"og:title\" content=\"Hava serinliyor\u2026 Pazar ve pazartesi g\u00fcnleri yer yer sa\u011fanak veya g\u00f6k g\u00fcr\u00fclt\u00fcl\u00fc ya\u011fmur bekleniyor -\" \/>\n<meta property=\"og:description\" content=\"Hava serinliyor. Pazar ve pazartesi g\u00fcnleri yer yer sa\u011fanak veya g\u00f6k g\u00fcr\u00fclt\u00fcl\u00fc ya\u011fmur bekleniyor. Meteoroloji Dairesi\u2019nin 02 \u2013 08 Eyl\u00fcl tarihlerini kapsayan hava tahmin raporuna g\u00f6re, b\u00f6lge genellikle al\u00e7ak bas\u0131n\u00e7 sistemiyle s\u0131cak ve nispeten nemli, ya\u011f\u0131\u015fl\u0131 g\u00fcnlerde \u00fcst atmosferdeki serin ve nemli hava k\u00fctlesinin etkisi alt\u0131nda kalacak. Hava periyot boyunca genellikle a\u00e7\u0131k ve az bulutlu\" \/>\n<meta property=\"og:url\" content=\"https:\/\/kibrisdakik.com\/?p=13035\" \/>\n<meta property=\"article:published_time\" content=\"2023-09-01T13:49:20+00:00\" \/>\n<meta property=\"og:image\" content=\"https:\/\/kibrisdakik.com\/wp-content\/uploads\/2023\/09\/hava-durumu-parcali-bulutlu13.jpg\" \/>\n\t<meta property=\"og:image:width\" content=\"650\" \/>\n\t<meta property=\"og:image:height\" content=\"360\" \/>\n\t<meta property=\"og:image:type\" content=\"image\/jpeg\" \/>\n<meta name=\"author\" content=\"admin\" \/>\n<meta name=\"twitter:card\" content=\"summary_large_image\" \/>\n<meta name=\"twitter:label1\" content=\"Yazan:\" \/>\n\t<meta name=\"twitter:data1\" content=\"admin\" \/>\n\t<meta name=\"twitter:label2\" content=\"Tahmini okuma s\u00fcresi\" \/>\n\t<meta name=\"twitter:data2\" content=\"1 dakika\" \/>\n<script type=\"application\/ld+json\" class=\"yoast-schema-graph\">{\"@context\":\"https:\\\/\\\/schema.org\",\"@graph\":[{\"@type\":\"Article\",\"@id\":\"https:\\\/\\\/kibrisdakik.com\\\/?p=13035#article\",\"isPartOf\":{\"@id\":\"https:\\\/\\\/kibrisdakik.com\\\/?p=13035\"},\"author\":{\"name\":\"admin\",\"@id\":\"https:\\\/\\\/kibrisdakik.com\\\/#\\\/schema\\\/person\\\/9cd9d437bbb44f72b73ba127e06d8e79\"},\"headline\":\"Hava serinliyor\u2026 Pazar ve pazartesi g\u00fcnleri yer yer sa\u011fanak veya g\u00f6k g\u00fcr\u00fclt\u00fcl\u00fc ya\u011fmur bekleniyor\",\"datePublished\":\"2023-09-01T13:49:20+00:00\",\"mainEntityOfPage\":{\"@id\":\"https:\\\/\\\/kibrisdakik.com\\\/?p=13035\"},\"wordCount\":148,\"commentCount\":0,\"image\":{\"@id\":\"https:\\\/\\\/kibrisdakik.com\\\/?p=13035#primaryimage\"},\"thumbnailUrl\":\"https:\\\/\\\/kibrisdakik.com\\\/wp-content\\\/uploads\\\/2023\\\/09\\\/hava-durumu-parcali-bulutlu13.jpg\",\"articleSection\":[\"G\u00fcndem\"],\"inLanguage\":\"tr\",\"potentialAction\":[{\"@type\":\"CommentAction\",\"name\":\"Comment\",\"target\":[\"https:\\\/\\\/kibrisdakik.com\\\/?p=13035#respond\"]}]},{\"@type\":\"WebPage\",\"@id\":\"https:\\\/\\\/kibrisdakik.com\\\/?p=13035\",\"url\":\"https:\\\/\\\/kibrisdakik.com\\\/?p=13035\",\"name\":\"Hava serinliyor\u2026 Pazar ve pazartesi g\u00fcnleri yer yer sa\u011fanak veya g\u00f6k g\u00fcr\u00fclt\u00fcl\u00fc ya\u011fmur bekleniyor -\",\"isPartOf\":{\"@id\":\"https:\\\/\\\/kibrisdakik.com\\\/#website\"},\"primaryImageOfPage\":{\"@id\":\"https:\\\/\\\/kibrisdakik.com\\\/?p=13035#primaryimage\"},\"image\":{\"@id\":\"https:\\\/\\\/kibrisdakik.com\\\/?p=13035#primaryimage\"},\"thumbnailUrl\":\"https:\\\/\\\/kibrisdakik.com\\\/wp-content\\\/uploads\\\/2023\\\/09\\\/hava-durumu-parcali-bulutlu13.jpg\",\"datePublished\":\"2023-09-01T13:49:20+00:00\",\"author\":{\"@id\":\"https:\\\/\\\/kibrisdakik.com\\\/#\\\/schema\\\/person\\\/9cd9d437bbb44f72b73ba127e06d8e79\"},\"breadcrumb\":{\"@id\":\"https:\\\/\\\/kibrisdakik.com\\\/?p=13035#breadcrumb\"},\"inLanguage\":\"tr\",\"potentialAction\":[{\"@type\":\"ReadAction\",\"target\":[\"https:\\\/\\\/kibrisdakik.com\\\/?p=13035\"]}]},{\"@type\":\"ImageObject\",\"inLanguage\":\"tr\",\"@id\":\"https:\\\/\\\/kibrisdakik.com\\\/?p=13035#primaryimage\",\"url\":\"https:\\\/\\\/kibrisdakik.com\\\/wp-content\\\/uploads\\\/2023\\\/09\\\/hava-durumu-parcali-bulutlu13.jpg\",\"contentUrl\":\"https:\\\/\\\/kibrisdakik.com\\\/wp-content\\\/uploads\\\/2023\\\/09\\\/hava-durumu-parcali-bulutlu13.jpg\",\"width\":650,\"height\":360},{\"@type\":\"BreadcrumbList\",\"@id\":\"https:\\\/\\\/kibrisdakik.com\\\/?p=13035#breadcrumb\",\"itemListElement\":[{\"@type\":\"ListItem\",\"position\":1,\"name\":\"Home\",\"item\":\"https:\\\/\\\/kibrisdakik.com\\\/\"},{\"@type\":\"ListItem\",\"position\":2,\"name\":\"Hava serinliyor\u2026 Pazar ve pazartesi g\u00fcnleri yer yer sa\u011fanak veya g\u00f6k g\u00fcr\u00fclt\u00fcl\u00fc ya\u011fmur bekleniyor\"}]},{\"@type\":\"WebSite\",\"@id\":\"https:\\\/\\\/kibrisdakik.com\\\/#website\",\"url\":\"https:\\\/\\\/kibrisdakik.com\\\/\",\"name\":\"\",\"description\":\"Tam vaktinde haber\",\"potentialAction\":[{\"@type\":\"SearchAction\",\"target\":{\"@type\":\"EntryPoint\",\"urlTemplate\":\"https:\\\/\\\/kibrisdakik.com\\\/?s={search_term_string}\"},\"query-input\":{\"@type\":\"PropertyValueSpecification\",\"valueRequired\":true,\"valueName\":\"search_term_string\"}}],\"inLanguage\":\"tr\"},{\"@type\":\"Person\",\"@id\":\"https:\\\/\\\/kibrisdakik.com\\\/#\\\/schema\\\/person\\\/9cd9d437bbb44f72b73ba127e06d8e79\",\"name\":\"admin\",\"image\":{\"@type\":\"ImageObject\",\"inLanguage\":\"tr\",\"@id\":\"https:\\\/\\\/secure.gravatar.com\\\/avatar\\\/ccc17943b9d660506c869530f897617f7cb1c21a4bf30023f252596d83e1f007?s=96&d=mm&r=g\",\"url\":\"https:\\\/\\\/secure.gravatar.com\\\/avatar\\\/ccc17943b9d660506c869530f897617f7cb1c21a4bf30023f252596d83e1f007?s=96&d=mm&r=g\",\"contentUrl\":\"https:\\\/\\\/secure.gravatar.com\\\/avatar\\\/ccc17943b9d660506c869530f897617f7cb1c21a4bf30023f252596d83e1f007?s=96&d=mm&r=g\",\"caption\":\"admin\"},\"sameAs\":[\"https:\\\/\\\/kibrisdakik.com\"],\"url\":\"https:\\\/\\\/kibrisdakik.com\\\/?author=1\"}]}<\/script>\n<!-- \/ Yoast SEO plugin. -->","yoast_head_json":{"title":"Hava serinliyor\u2026 Pazar ve pazartesi g\u00fcnleri yer yer sa\u011fanak veya g\u00f6k g\u00fcr\u00fclt\u00fcl\u00fc ya\u011fmur bekleniyor -","robots":{"index":"index","follow":"follow","max-snippet":"max-snippet:-1","max-image-preview":"max-image-preview:large","max-video-preview":"max-video-preview:-1"},"canonical":"https:\/\/kibrisdakik.com\/?p=13035","og_locale":"tr_TR","og_type":"article","og_title":"Hava serinliyor\u2026 Pazar ve pazartesi g\u00fcnleri yer yer sa\u011fanak veya g\u00f6k g\u00fcr\u00fclt\u00fcl\u00fc ya\u011fmur bekleniyor -","og_description":"Hava serinliyor. Pazar ve pazartesi g\u00fcnleri yer yer sa\u011fanak veya g\u00f6k g\u00fcr\u00fclt\u00fcl\u00fc ya\u011fmur bekleniyor. Meteoroloji Dairesi\u2019nin 02 \u2013 08 Eyl\u00fcl tarihlerini kapsayan hava tahmin raporuna g\u00f6re, b\u00f6lge genellikle al\u00e7ak bas\u0131n\u00e7 sistemiyle s\u0131cak ve nispeten nemli, ya\u011f\u0131\u015fl\u0131 g\u00fcnlerde \u00fcst atmosferdeki serin ve nemli hava k\u00fctlesinin etkisi alt\u0131nda kalacak. Hava periyot boyunca genellikle a\u00e7\u0131k ve az bulutlu","og_url":"https:\/\/kibrisdakik.com\/?p=13035","article_published_time":"2023-09-01T13:49:20+00:00","og_image":[{"width":650,"height":360,"url":"https:\/\/kibrisdakik.com\/wp-content\/uploads\/2023\/09\/hava-durumu-parcali-bulutlu13.jpg","type":"image\/jpeg"}],"author":"admin","twitter_card":"summary_large_image","twitter_misc":{"Yazan:":"admin","Tahmini okuma s\u00fcresi":"1 dakika"},"schema":{"@context":"https:\/\/schema.org","@graph":[{"@type":"Article","@id":"https:\/\/kibrisdakik.com\/?p=13035#article","isPartOf":{"@id":"https:\/\/kibrisdakik.com\/?p=13035"},"author":{"name":"admin","@id":"https:\/\/kibrisdakik.com\/#\/schema\/person\/9cd9d437bbb44f72b73ba127e06d8e79"},"headline":"Hava serinliyor\u2026 Pazar ve pazartesi g\u00fcnleri yer yer sa\u011fanak veya g\u00f6k g\u00fcr\u00fclt\u00fcl\u00fc ya\u011fmur bekleniyor","datePublished":"2023-09-01T13:49:20+00:00","mainEntityOfPage":{"@id":"https:\/\/kibrisdakik.com\/?p=13035"},"wordCount":148,"commentCount":0,"image":{"@id":"https:\/\/kibrisdakik.com\/?p=13035#primaryimage"},"thumbnailUrl":"https:\/\/kibrisdakik.com\/wp-content\/uploads\/2023\/09\/hava-durumu-parcali-bulutlu13.jpg","articleSection":["G\u00fcndem"],"inLanguage":"tr","potentialAction":[{"@type":"CommentAction","name":"Comment","target":["https:\/\/kibrisdakik.com\/?p=13035#respond"]}]},{"@type":"WebPage","@id":"https:\/\/kibrisdakik.com\/?p=13035","url":"https:\/\/kibrisdakik.com\/?p=13035","name":"Hava serinliyor\u2026 Pazar ve pazartesi g\u00fcnleri yer yer sa\u011fanak veya g\u00f6k g\u00fcr\u00fclt\u00fcl\u00fc ya\u011fmur bekleniyor -","isPartOf":{"@id":"https:\/\/kibrisdakik.com\/#website"},"primaryImageOfPage":{"@id":"https:\/\/kibrisdakik.com\/?p=13035#primaryimage"},"image":{"@id":"https:\/\/kibrisdakik.com\/?p=13035#primaryimage"},"thumbnailUrl":"https:\/\/kibrisdakik.com\/wp-content\/uploads\/2023\/09\/hava-durumu-parcali-bulutlu13.jpg","datePublished":"2023-09-01T13:49:20+00:00","author":{"@id":"https:\/\/kibrisdakik.com\/#\/schema\/person\/9cd9d437bbb44f72b73ba127e06d8e79"},"breadcrumb":{"@id":"https:\/\/kibrisdakik.com\/?p=13035#breadcrumb"},"inLanguage":"tr","potentialAction":[{"@type":"ReadAction","target":["https:\/\/kibrisdakik.com\/?p=13035"]}]},{"@type":"ImageObject","inLanguage":"tr","@id":"https:\/\/kibrisdakik.com\/?p=13035#primaryimage","url":"https:\/\/kibrisdakik.com\/wp-content\/uploads\/2023\/09\/hava-durumu-parcali-bulutlu13.jpg","contentUrl":"https:\/\/kibrisdakik.com\/wp-content\/uploads\/2023\/09\/hava-durumu-parcali-bulutlu13.jpg","width":650,"height":360},{"@type":"BreadcrumbList","@id":"https:\/\/kibrisdakik.com\/?p=13035#breadcrumb","itemListElement":[{"@type":"ListItem","position":1,"name":"Home","item":"https:\/\/kibrisdakik.com\/"},{"@type":"ListItem","position":2,"name":"Hava serinliyor\u2026 Pazar ve pazartesi g\u00fcnleri yer yer sa\u011fanak veya g\u00f6k g\u00fcr\u00fclt\u00fcl\u00fc ya\u011fmur bekleniyor"}]},{"@type":"WebSite","@id":"https:\/\/kibrisdakik.com\/#website","url":"https:\/\/kibrisdakik.com\/","name":"","description":"Tam vaktinde haber","potentialAction":[{"@type":"SearchAction","target":{"@type":"EntryPoint","urlTemplate":"https:\/\/kibrisdakik.com\/?s={search_term_string}"},"query-input":{"@type":"PropertyValueSpecification","valueRequired":true,"valueName":"search_term_string"}}],"inLanguage":"tr"},{"@type":"Person","@id":"https:\/\/kibrisdakik.com\/#\/schema\/person\/9cd9d437bbb44f72b73ba127e06d8e79","name":"admin","image":{"@type":"ImageObject","inLanguage":"tr","@id":"https:\/\/secure.gravatar.com\/avatar\/ccc17943b9d660506c869530f897617f7cb1c21a4bf30023f252596d83e1f007?s=96&d=mm&r=g","url":"https:\/\/secure.gravatar.com\/avatar\/ccc17943b9d660506c869530f897617f7cb1c21a4bf30023f252596d83e1f007?s=96&d=mm&r=g","contentUrl":"https:\/\/secure.gravatar.com\/avatar\/ccc17943b9d660506c869530f897617f7cb1c21a4bf30023f252596d83e1f007?s=96&d=mm&r=g","caption":"admin"},"sameAs":["https:\/\/kibrisdakik.com"],"url":"https:\/\/kibrisdakik.com\/?author=1"}]}},"_links":{"self":[{"href":"https:\/\/kibrisdakik.com\/index.php?rest_route=\/wp\/v2\/posts\/13035","targetHints":{"allow":["GET"]}}],"collection":[{"href":"https:\/\/kibrisdakik.com\/index.php?rest_route=\/wp\/v2\/posts"}],"about":[{"href":"https:\/\/kibrisdakik.com\/index.php?rest_route=\/wp\/v2\/types\/post"}],"author":[{"embeddable":true,"href":"https:\/\/kibrisdakik.com\/index.php?rest_route=\/wp\/v2\/users\/1"}],"replies":[{"embeddable":true,"href":"https:\/\/kibrisdakik.com\/index.php?rest_route=%2Fwp%2Fv2%2Fcomments&post=13035"}],"version-history":[{"count":0,"href":"https:\/\/kibrisdakik.com\/index.php?rest_route=\/wp\/v2\/posts\/13035\/revisions"}],"wp:featuredmedia":[{"embeddable":true,"href":"https:\/\/kibrisdakik.com\/index.php?rest_route=\/wp\/v2\/media\/13036"}],"wp:attachment":[{"href":"https:\/\/kibrisdakik.com\/index.php?rest_route=%2Fwp%2Fv2%2Fmedia&parent=13035"}],"wp:term":[{"taxonomy":"category","embeddable":true,"href":"https:\/\/kibrisdakik.com\/index.php?rest_route=%2Fwp%2Fv2%2Fcategories&post=13035"},{"taxonomy":"post_tag","embeddable":true,"href":"https:\/\/kibrisdakik.com\/index.php?rest_route=%2Fwp%2Fv2%2Ftags&post=13035"}],"curies":[{"name":"wp","href":"https:\/\/api.w.org\/{rel}","templated":true}]}}