{"id":13043,"date":"2023-09-01T15:53:40","date_gmt":"2023-09-01T15:53:40","guid":{"rendered":"https:\/\/kibrisdakik.com\/index.php\/2023\/09\/01\/saglik-bakani-dincyurekacil-ihtiyaclari-karsilayacak-ilaclarin-temini-icin-hizli-adimlar-atiyoruz\/"},"modified":"2023-09-01T15:53:40","modified_gmt":"2023-09-01T15:53:40","slug":"saglik-bakani-dincyurekacil-ihtiyaclari-karsilayacak-ilaclarin-temini-icin-hizli-adimlar-atiyoruz","status":"publish","type":"post","link":"https:\/\/kibrisdakik.com\/?p=13043","title":{"rendered":"Sa\u011fl\u0131k Bakan\u0131 Din\u00e7y\u00fcrek:Acil ihtiya\u00e7lar\u0131 kar\u015f\u0131layacak ila\u00e7lar\u0131n temini i\u00e7in h\u0131zl\u0131 ad\u0131mlar at\u0131yoruz"},"content":{"rendered":"<p><\/p>\n<div>\n<div class=\"mariselle-image-container center\">\n                <img width=\"720\" height=\"405\" class=\"lazy-image\" alt=\"\" decoding=\"async\" loading=\"lazy\" sizes=\"auto, (max-width: 720px) 100vw, 720px\" src=\"https:\/\/brtk.net\/wp-content\/uploads\/2023\/08\/15\/hakan-dincyurek1.jpg?ver=ed78182930999048702a1316f92fab51\" srcset=\"https:\/\/brtk.net\/wp-content\/uploads\/2023\/08\/15\/hakan-dincyurek1.jpg?ver=ed78182930999048702a1316f92fab51 720w, https:\/\/brtk.net\/wp-content\/uploads\/2023\/08\/15\/hakan-dincyurek1-300x169.jpg?ver=ed78182930999048702a1316f92fab51 300w\"\/>                            <\/div>\n<p>Sa\u011fl\u0131k Bakan\u0131 Hakan Din\u00e7y\u00fcrek, <a href=\"https:\/\/brtk.net\/\">BRT<\/a>\u2019ye a\u00e7\u0131klamalarda bulundu ve sa\u011fl\u0131k konusundaki hedeflerini aktard\u0131.<\/p>\n<p>\u0130la\u00e7 temini konusunda ya\u015fanan s\u0131k\u0131nt\u0131lara de\u011finen Bakan Din\u00e7y\u00fcrek, g\u00f6reve geldi\u011fi g\u00fcn \u00fclkede ila\u00e7 s\u0131k\u0131nt\u0131s\u0131n\u0131n oldu\u011funu, \u015fu an da k\u0131smen devam etti\u011fini belirtti.<\/p>\n<p>Din\u00e7y\u00fcrek, \u201c\u0130lk etapta bitmi\u015f b\u00fct\u00e7emiz \u00fczerinden Maliye\u2019nin de deste\u011fiyle 20 milyon TL, art\u0131 5 milyon TL de Sa\u011fl\u0131k Fonu\u2019ndan kanalize ederek 25 milyon TL\u2019lik acil ila\u00e7 al\u0131m\u0131 i\u015flemini ger\u00e7ekle\u015ftirdik. 2- 3 g\u00fcn ile 10 g\u00fcn aras\u0131nda peyderpey sipari\u015f verdi\u011fimiz ila\u00e7lar\u0131n tamam\u0131 elimizde olacak \u015fekildedir\u201d dedi.<\/p>\n<p>An itibar\u0131yla Maliye Bakanl\u0131\u011f\u0131 ile yapt\u0131klar\u0131 temaslarda ek kaynak konusunu ara\u015ft\u0131rd\u0131klar\u0131n\u0131 kaydeden Din\u00e7y\u00fcrek, tekrar ba\u015fka bir kaynak daha yaratarak, k\u0131sa d\u00f6nemde acil ihtiya\u00e7lar\u0131 kar\u015f\u0131layacak ila\u00e7lar\u0131n temini konusunda h\u0131zl\u0131 ad\u0131mlar att\u0131klar\u0131n\u0131 vurgulad\u0131.<br \/>Bakan Din\u00e7y\u00fcrek, bunlar\u0131n k\u0131sa d\u00f6nemde yap\u0131lan i\u015fler oldu\u011funu, orta ve uzun vadeli i\u015fler olarak da do\u011fru ila\u00e7 ihtiyac\u0131 planlamas\u0131n\u0131n yap\u0131ld\u0131\u011f\u0131n\u0131 anlatt\u0131.<\/p>\n<p>Sa\u011fl\u0131k Bakan\u0131 Din\u00e7y\u00fcrek, Anavatan T\u00fcrkiye ile de temin edilemeyen ila\u00e7lar ile ilgili temaslar\u0131n\u0131n oldu\u011funu kaydetti.<\/p>\n<p>Sistemin do\u011fru oturtulmas\u0131n\u0131n \u00f6nemine i\u015faret eden Hakan Din\u00e7y\u00fcrek, bunun i\u00e7in de ila\u00e7 takip sistemini devreye sokmak i\u00e7in \u00e7al\u0131\u015fmalar\u0131n h\u0131zland\u0131r\u0131ld\u0131\u011f\u0131n\u0131 s\u00f6yledi.<\/p>\n<p>Din\u00e7y\u00fcrek, bunun Anavatan T\u00fcrkiye ile y\u00fcr\u00fct\u00fclen ve devlet kapsam\u0131nda bir proje oldu\u011funu ifade etti.<\/p>\n<p>Din\u00e7y\u00fcrek, \u201cAdaya gelen t\u00fcm ila\u00e7lar\u0131n, gerek kamuda gerek \u00f6zel sekt\u00f6rde t\u00fcm ila\u00e7lar\u0131n adaya giri\u015finden itibaren son kullan\u0131c\u0131ya kadar takip edilece\u011fi bir sistemle ila\u00e7lar\u0131n en etkin bir \u015fekilde ger\u00e7ekten ihtiyac\u0131 olan hastalara kullan\u0131lmas\u0131 konusunda ad\u0131mlar ataca\u011f\u0131z\u201d dedi.<\/p>\n<p>Sa\u011fl\u0131k Bakan\u0131 Din\u00e7y\u00fcrek, Devlet hastanelerinde kalan hastalara verilen yemek \u00fccretlerine y\u00f6nelik kamuoyundaki tart\u0131\u015fmalara da yan\u0131t verdi.<br \/>G\u00f6reve geldi\u011fi g\u00fcnden itibaren konu ile ilgili \u00e7\u0131kan haberleri dikkate alarak \u00fczerinde \u00e7al\u0131\u015ft\u0131klar\u0131n\u0131 ve ilgili payda\u015flarla konu\u015ftuklar\u0131n\u0131 anlatan Din\u00e7y\u00fcrek, ilgili \u015firketlerle yapt\u0131klar\u0131 g\u00f6r\u00fc\u015fmelerin iyi niyet \u00e7er\u00e7evesinde ge\u00e7ti\u011fini anlatt\u0131.<\/p>\n<p>Din\u00e7y\u00fcrek, \u201c\u0130lk g\u00fcnden itibaren konuyu dikkate ald\u0131k ve \u00fczerinde \u00e7al\u0131\u015ft\u0131k. G\u00fcn\u00fcn sonunda Merkezi \u0130hale Komisyonu s\u00fcresi biten ve herhangi bir ihale kapsam\u0131nda olmadan hizmetin aksamamas\u0131 i\u00e7in devam eden bir yemek al\u0131m\u0131 s\u00f6zkonusuydu. Nisan ay\u0131nda ihale bitti. Yeni ihalenin sonlanmas\u0131 Haziran ay\u0131 sonlar\u0131na do\u011fru denk geldi. Aradaki bo\u015flukta zaten ilgili firmalar yemek tedarikine devam ediyordu. Dolay\u0131s\u0131 ile biran \u00f6nce ihaleyi sonland\u0131rma \u00e7abas\u0131 i\u00e7indeydik ki bu bo\u015fluk d\u00f6nemi en k\u0131sa s\u00fcrede sonland\u0131r\u0131ls\u0131n. Bu neyi yaratt\u0131. \u0130halede \u015fartnamaede var olan asgari \u00fccretteki art\u0131\u015f\u0131n yemek fiyatlar\u0131na yans\u0131ma noktas\u0131nda ilgili firmalar bunu dikkate ald\u0131lar. Ve ilk a\u00e7\u0131klanan y\u00fczde 15 olabilir diye\u201d \u015feklinde konu\u015ftu.<\/p>\n<p>\u0130hale d\u00f6neminin ba\u015f\u0131nda a\u00e7\u0131klanan hayat pahal\u0131l\u0131\u011f\u0131n\u0131 da dikkate alarak bir fiyat belirlendi\u011fini kaydeden Din\u00e7y\u00fcrek, e\u011fer ihale Temmuz ay\u0131 i\u00e7erisinde sonlansayd\u0131, fiyatta da hi\u00e7bir anomali ortaya \u00e7\u0131kma \u015fans\u0131 olmayaca\u011f\u0131n\u0131 ifade etti.<br \/>Konuyu firmalarla oturup konu\u015ftuklar\u0131n\u0131 kaydeden Din\u00e7y\u00fcrek, iyi niyet \u00e7er\u00e7evesinde yap\u0131lan g\u00f6r\u00fc\u015fmeler neticesinde yap\u0131lacak ek bir anla\u015fma ile \u201crejim 1\u201d denilen ara \u00f6\u011f\u00fcn yemeklerinin y\u0131l sonuna kadar tamamen \u00fccretsiz verilece\u011fi konusunda mutabakat sa\u011fland\u0131\u011f\u0131n\u0131 s\u00f6yledi.<\/p>\n<p>Bakan Din\u00e7y\u00fcrek, ilgili firmalar\u0131n ayr\u0131ca her fatura d\u00f6neminde fatura \u00fczerinden y\u00fczde 15 indirim yapacaklar\u0131 konusunda kendileriyle uzla\u015ft\u0131klar\u0131n\u0131 da kaydetti.<\/p>\n<\/p><\/div>\n","protected":false},"excerpt":{"rendered":"<p>Sa\u011fl\u0131k Bakan\u0131 Hakan Din\u00e7y\u00fcrek, BRT\u2019ye a\u00e7\u0131klamalarda bulundu ve sa\u011fl\u0131k konusundaki hedeflerini aktard\u0131. \u0130la\u00e7 temini konusunda ya\u015fanan s\u0131k\u0131nt\u0131lara de\u011finen Bakan Din\u00e7y\u00fcrek, g\u00f6reve geldi\u011fi g\u00fcn \u00fclkede ila\u00e7 s\u0131k\u0131nt\u0131s\u0131n\u0131n oldu\u011funu, \u015fu an da k\u0131smen devam etti\u011fini belirtti. Din\u00e7y\u00fcrek, \u201c\u0130lk etapta bitmi\u015f b\u00fct\u00e7emiz \u00fczerinden Maliye\u2019nin de deste\u011fiyle 20 milyon TL, art\u0131 5 milyon TL de Sa\u011fl\u0131k Fonu\u2019ndan kanalize ederek<\/p>\n","protected":false},"author":1,"featured_media":13044,"comment_status":"open","ping_status":"open","sticky":false,"template":"","format":"standard","meta":{"footnotes":""},"categories":[1],"tags":[],"class_list":["post-13043","post","type-post","status-publish","format-standard","has-post-thumbnail","hentry","category-gundem"],"yoast_head":"<!-- This site is optimized with the Yoast SEO plugin v27.5 - https:\/\/yoast.com\/product\/yoast-seo-wordpress\/ -->\n<title>Sa\u011fl\u0131k Bakan\u0131 Din\u00e7y\u00fcrek:Acil ihtiya\u00e7lar\u0131 kar\u015f\u0131layacak ila\u00e7lar\u0131n temini i\u00e7in h\u0131zl\u0131 ad\u0131mlar at\u0131yoruz -<\/title>\n<meta name=\"robots\" content=\"index, follow, max-snippet:-1, max-image-preview:large, max-video-preview:-1\" \/>\n<link rel=\"canonical\" href=\"https:\/\/kibrisdakik.com\/?p=13043\" \/>\n<meta property=\"og:locale\" content=\"tr_TR\" \/>\n<meta property=\"og:type\" content=\"article\" \/>\n<meta property=\"og:title\" content=\"Sa\u011fl\u0131k Bakan\u0131 Din\u00e7y\u00fcrek:Acil ihtiya\u00e7lar\u0131 kar\u015f\u0131layacak ila\u00e7lar\u0131n temini i\u00e7in h\u0131zl\u0131 ad\u0131mlar at\u0131yoruz -\" \/>\n<meta property=\"og:description\" content=\"Sa\u011fl\u0131k Bakan\u0131 Hakan Din\u00e7y\u00fcrek, BRT\u2019ye a\u00e7\u0131klamalarda bulundu ve sa\u011fl\u0131k konusundaki hedeflerini aktard\u0131. \u0130la\u00e7 temini konusunda ya\u015fanan s\u0131k\u0131nt\u0131lara de\u011finen Bakan Din\u00e7y\u00fcrek, g\u00f6reve geldi\u011fi g\u00fcn \u00fclkede ila\u00e7 s\u0131k\u0131nt\u0131s\u0131n\u0131n oldu\u011funu, \u015fu an da k\u0131smen devam etti\u011fini belirtti. Din\u00e7y\u00fcrek, \u201c\u0130lk etapta bitmi\u015f b\u00fct\u00e7emiz \u00fczerinden Maliye\u2019nin de deste\u011fiyle 20 milyon TL, art\u0131 5 milyon TL de Sa\u011fl\u0131k Fonu\u2019ndan kanalize ederek\" \/>\n<meta property=\"og:url\" content=\"https:\/\/kibrisdakik.com\/?p=13043\" \/>\n<meta property=\"article:published_time\" content=\"2023-09-01T15:53:40+00:00\" \/>\n<meta property=\"og:image\" content=\"https:\/\/kibrisdakik.com\/wp-content\/uploads\/2023\/09\/hakan-dincyurek1.jpg\" \/>\n\t<meta property=\"og:image:width\" content=\"720\" \/>\n\t<meta property=\"og:image:height\" content=\"405\" \/>\n\t<meta property=\"og:image:type\" content=\"image\/jpeg\" \/>\n<meta name=\"author\" content=\"admin\" \/>\n<meta name=\"twitter:card\" content=\"summary_large_image\" \/>\n<meta name=\"twitter:label1\" content=\"Yazan:\" \/>\n\t<meta name=\"twitter:data1\" content=\"admin\" \/>\n\t<meta name=\"twitter:label2\" content=\"Tahmini okuma s\u00fcresi\" \/>\n\t<meta name=\"twitter:data2\" content=\"3 dakika\" \/>\n<script type=\"application\/ld+json\" class=\"yoast-schema-graph\">{\"@context\":\"https:\\\/\\\/schema.org\",\"@graph\":[{\"@type\":\"Article\",\"@id\":\"https:\\\/\\\/kibrisdakik.com\\\/?p=13043#article\",\"isPartOf\":{\"@id\":\"https:\\\/\\\/kibrisdakik.com\\\/?p=13043\"},\"author\":{\"name\":\"admin\",\"@id\":\"https:\\\/\\\/kibrisdakik.com\\\/#\\\/schema\\\/person\\\/9cd9d437bbb44f72b73ba127e06d8e79\"},\"headline\":\"Sa\u011fl\u0131k Bakan\u0131 Din\u00e7y\u00fcrek:Acil ihtiya\u00e7lar\u0131 kar\u015f\u0131layacak ila\u00e7lar\u0131n temini i\u00e7in h\u0131zl\u0131 ad\u0131mlar at\u0131yoruz\",\"datePublished\":\"2023-09-01T15:53:40+00:00\",\"mainEntityOfPage\":{\"@id\":\"https:\\\/\\\/kibrisdakik.com\\\/?p=13043\"},\"wordCount\":681,\"commentCount\":0,\"image\":{\"@id\":\"https:\\\/\\\/kibrisdakik.com\\\/?p=13043#primaryimage\"},\"thumbnailUrl\":\"https:\\\/\\\/kibrisdakik.com\\\/wp-content\\\/uploads\\\/2023\\\/09\\\/hakan-dincyurek1.jpg\",\"articleSection\":[\"G\u00fcndem\"],\"inLanguage\":\"tr\",\"potentialAction\":[{\"@type\":\"CommentAction\",\"name\":\"Comment\",\"target\":[\"https:\\\/\\\/kibrisdakik.com\\\/?p=13043#respond\"]}]},{\"@type\":\"WebPage\",\"@id\":\"https:\\\/\\\/kibrisdakik.com\\\/?p=13043\",\"url\":\"https:\\\/\\\/kibrisdakik.com\\\/?p=13043\",\"name\":\"Sa\u011fl\u0131k Bakan\u0131 Din\u00e7y\u00fcrek:Acil ihtiya\u00e7lar\u0131 kar\u015f\u0131layacak ila\u00e7lar\u0131n temini i\u00e7in h\u0131zl\u0131 ad\u0131mlar at\u0131yoruz -\",\"isPartOf\":{\"@id\":\"https:\\\/\\\/kibrisdakik.com\\\/#website\"},\"primaryImageOfPage\":{\"@id\":\"https:\\\/\\\/kibrisdakik.com\\\/?p=13043#primaryimage\"},\"image\":{\"@id\":\"https:\\\/\\\/kibrisdakik.com\\\/?p=13043#primaryimage\"},\"thumbnailUrl\":\"https:\\\/\\\/kibrisdakik.com\\\/wp-content\\\/uploads\\\/2023\\\/09\\\/hakan-dincyurek1.jpg\",\"datePublished\":\"2023-09-01T15:53:40+00:00\",\"author\":{\"@id\":\"https:\\\/\\\/kibrisdakik.com\\\/#\\\/schema\\\/person\\\/9cd9d437bbb44f72b73ba127e06d8e79\"},\"breadcrumb\":{\"@id\":\"https:\\\/\\\/kibrisdakik.com\\\/?p=13043#breadcrumb\"},\"inLanguage\":\"tr\",\"potentialAction\":[{\"@type\":\"ReadAction\",\"target\":[\"https:\\\/\\\/kibrisdakik.com\\\/?p=13043\"]}]},{\"@type\":\"ImageObject\",\"inLanguage\":\"tr\",\"@id\":\"https:\\\/\\\/kibrisdakik.com\\\/?p=13043#primaryimage\",\"url\":\"https:\\\/\\\/kibrisdakik.com\\\/wp-content\\\/uploads\\\/2023\\\/09\\\/hakan-dincyurek1.jpg\",\"contentUrl\":\"https:\\\/\\\/kibrisdakik.com\\\/wp-content\\\/uploads\\\/2023\\\/09\\\/hakan-dincyurek1.jpg\",\"width\":720,\"height\":405},{\"@type\":\"BreadcrumbList\",\"@id\":\"https:\\\/\\\/kibrisdakik.com\\\/?p=13043#breadcrumb\",\"itemListElement\":[{\"@type\":\"ListItem\",\"position\":1,\"name\":\"Home\",\"item\":\"https:\\\/\\\/kibrisdakik.com\\\/\"},{\"@type\":\"ListItem\",\"position\":2,\"name\":\"Sa\u011fl\u0131k Bakan\u0131 Din\u00e7y\u00fcrek:Acil ihtiya\u00e7lar\u0131 kar\u015f\u0131layacak ila\u00e7lar\u0131n temini i\u00e7in h\u0131zl\u0131 ad\u0131mlar at\u0131yoruz\"}]},{\"@type\":\"WebSite\",\"@id\":\"https:\\\/\\\/kibrisdakik.com\\\/#website\",\"url\":\"https:\\\/\\\/kibrisdakik.com\\\/\",\"name\":\"\",\"description\":\"Tam vaktinde haber\",\"potentialAction\":[{\"@type\":\"SearchAction\",\"target\":{\"@type\":\"EntryPoint\",\"urlTemplate\":\"https:\\\/\\\/kibrisdakik.com\\\/?s={search_term_string}\"},\"query-input\":{\"@type\":\"PropertyValueSpecification\",\"valueRequired\":true,\"valueName\":\"search_term_string\"}}],\"inLanguage\":\"tr\"},{\"@type\":\"Person\",\"@id\":\"https:\\\/\\\/kibrisdakik.com\\\/#\\\/schema\\\/person\\\/9cd9d437bbb44f72b73ba127e06d8e79\",\"name\":\"admin\",\"image\":{\"@type\":\"ImageObject\",\"inLanguage\":\"tr\",\"@id\":\"https:\\\/\\\/secure.gravatar.com\\\/avatar\\\/ccc17943b9d660506c869530f897617f7cb1c21a4bf30023f252596d83e1f007?s=96&d=mm&r=g\",\"url\":\"https:\\\/\\\/secure.gravatar.com\\\/avatar\\\/ccc17943b9d660506c869530f897617f7cb1c21a4bf30023f252596d83e1f007?s=96&d=mm&r=g\",\"contentUrl\":\"https:\\\/\\\/secure.gravatar.com\\\/avatar\\\/ccc17943b9d660506c869530f897617f7cb1c21a4bf30023f252596d83e1f007?s=96&d=mm&r=g\",\"caption\":\"admin\"},\"sameAs\":[\"https:\\\/\\\/kibrisdakik.com\"],\"url\":\"https:\\\/\\\/kibrisdakik.com\\\/?author=1\"}]}<\/script>\n<!-- \/ Yoast SEO plugin. -->","yoast_head_json":{"title":"Sa\u011fl\u0131k Bakan\u0131 Din\u00e7y\u00fcrek:Acil ihtiya\u00e7lar\u0131 kar\u015f\u0131layacak ila\u00e7lar\u0131n temini i\u00e7in h\u0131zl\u0131 ad\u0131mlar at\u0131yoruz -","robots":{"index":"index","follow":"follow","max-snippet":"max-snippet:-1","max-image-preview":"max-image-preview:large","max-video-preview":"max-video-preview:-1"},"canonical":"https:\/\/kibrisdakik.com\/?p=13043","og_locale":"tr_TR","og_type":"article","og_title":"Sa\u011fl\u0131k Bakan\u0131 Din\u00e7y\u00fcrek:Acil ihtiya\u00e7lar\u0131 kar\u015f\u0131layacak ila\u00e7lar\u0131n temini i\u00e7in h\u0131zl\u0131 ad\u0131mlar at\u0131yoruz -","og_description":"Sa\u011fl\u0131k Bakan\u0131 Hakan Din\u00e7y\u00fcrek, BRT\u2019ye a\u00e7\u0131klamalarda bulundu ve sa\u011fl\u0131k konusundaki hedeflerini aktard\u0131. \u0130la\u00e7 temini konusunda ya\u015fanan s\u0131k\u0131nt\u0131lara de\u011finen Bakan Din\u00e7y\u00fcrek, g\u00f6reve geldi\u011fi g\u00fcn \u00fclkede ila\u00e7 s\u0131k\u0131nt\u0131s\u0131n\u0131n oldu\u011funu, \u015fu an da k\u0131smen devam etti\u011fini belirtti. Din\u00e7y\u00fcrek, \u201c\u0130lk etapta bitmi\u015f b\u00fct\u00e7emiz \u00fczerinden Maliye\u2019nin de deste\u011fiyle 20 milyon TL, art\u0131 5 milyon TL de Sa\u011fl\u0131k Fonu\u2019ndan kanalize ederek","og_url":"https:\/\/kibrisdakik.com\/?p=13043","article_published_time":"2023-09-01T15:53:40+00:00","og_image":[{"width":720,"height":405,"url":"https:\/\/kibrisdakik.com\/wp-content\/uploads\/2023\/09\/hakan-dincyurek1.jpg","type":"image\/jpeg"}],"author":"admin","twitter_card":"summary_large_image","twitter_misc":{"Yazan:":"admin","Tahmini okuma s\u00fcresi":"3 dakika"},"schema":{"@context":"https:\/\/schema.org","@graph":[{"@type":"Article","@id":"https:\/\/kibrisdakik.com\/?p=13043#article","isPartOf":{"@id":"https:\/\/kibrisdakik.com\/?p=13043"},"author":{"name":"admin","@id":"https:\/\/kibrisdakik.com\/#\/schema\/person\/9cd9d437bbb44f72b73ba127e06d8e79"},"headline":"Sa\u011fl\u0131k Bakan\u0131 Din\u00e7y\u00fcrek:Acil ihtiya\u00e7lar\u0131 kar\u015f\u0131layacak ila\u00e7lar\u0131n temini i\u00e7in h\u0131zl\u0131 ad\u0131mlar at\u0131yoruz","datePublished":"2023-09-01T15:53:40+00:00","mainEntityOfPage":{"@id":"https:\/\/kibrisdakik.com\/?p=13043"},"wordCount":681,"commentCount":0,"image":{"@id":"https:\/\/kibrisdakik.com\/?p=13043#primaryimage"},"thumbnailUrl":"https:\/\/kibrisdakik.com\/wp-content\/uploads\/2023\/09\/hakan-dincyurek1.jpg","articleSection":["G\u00fcndem"],"inLanguage":"tr","potentialAction":[{"@type":"CommentAction","name":"Comment","target":["https:\/\/kibrisdakik.com\/?p=13043#respond"]}]},{"@type":"WebPage","@id":"https:\/\/kibrisdakik.com\/?p=13043","url":"https:\/\/kibrisdakik.com\/?p=13043","name":"Sa\u011fl\u0131k Bakan\u0131 Din\u00e7y\u00fcrek:Acil ihtiya\u00e7lar\u0131 kar\u015f\u0131layacak ila\u00e7lar\u0131n temini i\u00e7in h\u0131zl\u0131 ad\u0131mlar at\u0131yoruz -","isPartOf":{"@id":"https:\/\/kibrisdakik.com\/#website"},"primaryImageOfPage":{"@id":"https:\/\/kibrisdakik.com\/?p=13043#primaryimage"},"image":{"@id":"https:\/\/kibrisdakik.com\/?p=13043#primaryimage"},"thumbnailUrl":"https:\/\/kibrisdakik.com\/wp-content\/uploads\/2023\/09\/hakan-dincyurek1.jpg","datePublished":"2023-09-01T15:53:40+00:00","author":{"@id":"https:\/\/kibrisdakik.com\/#\/schema\/person\/9cd9d437bbb44f72b73ba127e06d8e79"},"breadcrumb":{"@id":"https:\/\/kibrisdakik.com\/?p=13043#breadcrumb"},"inLanguage":"tr","potentialAction":[{"@type":"ReadAction","target":["https:\/\/kibrisdakik.com\/?p=13043"]}]},{"@type":"ImageObject","inLanguage":"tr","@id":"https:\/\/kibrisdakik.com\/?p=13043#primaryimage","url":"https:\/\/kibrisdakik.com\/wp-content\/uploads\/2023\/09\/hakan-dincyurek1.jpg","contentUrl":"https:\/\/kibrisdakik.com\/wp-content\/uploads\/2023\/09\/hakan-dincyurek1.jpg","width":720,"height":405},{"@type":"BreadcrumbList","@id":"https:\/\/kibrisdakik.com\/?p=13043#breadcrumb","itemListElement":[{"@type":"ListItem","position":1,"name":"Home","item":"https:\/\/kibrisdakik.com\/"},{"@type":"ListItem","position":2,"name":"Sa\u011fl\u0131k Bakan\u0131 Din\u00e7y\u00fcrek:Acil ihtiya\u00e7lar\u0131 kar\u015f\u0131layacak ila\u00e7lar\u0131n temini i\u00e7in h\u0131zl\u0131 ad\u0131mlar at\u0131yoruz"}]},{"@type":"WebSite","@id":"https:\/\/kibrisdakik.com\/#website","url":"https:\/\/kibrisdakik.com\/","name":"","description":"Tam vaktinde haber","potentialAction":[{"@type":"SearchAction","target":{"@type":"EntryPoint","urlTemplate":"https:\/\/kibrisdakik.com\/?s={search_term_string}"},"query-input":{"@type":"PropertyValueSpecification","valueRequired":true,"valueName":"search_term_string"}}],"inLanguage":"tr"},{"@type":"Person","@id":"https:\/\/kibrisdakik.com\/#\/schema\/person\/9cd9d437bbb44f72b73ba127e06d8e79","name":"admin","image":{"@type":"ImageObject","inLanguage":"tr","@id":"https:\/\/secure.gravatar.com\/avatar\/ccc17943b9d660506c869530f897617f7cb1c21a4bf30023f252596d83e1f007?s=96&d=mm&r=g","url":"https:\/\/secure.gravatar.com\/avatar\/ccc17943b9d660506c869530f897617f7cb1c21a4bf30023f252596d83e1f007?s=96&d=mm&r=g","contentUrl":"https:\/\/secure.gravatar.com\/avatar\/ccc17943b9d660506c869530f897617f7cb1c21a4bf30023f252596d83e1f007?s=96&d=mm&r=g","caption":"admin"},"sameAs":["https:\/\/kibrisdakik.com"],"url":"https:\/\/kibrisdakik.com\/?author=1"}]}},"_links":{"self":[{"href":"https:\/\/kibrisdakik.com\/index.php?rest_route=\/wp\/v2\/posts\/13043","targetHints":{"allow":["GET"]}}],"collection":[{"href":"https:\/\/kibrisdakik.com\/index.php?rest_route=\/wp\/v2\/posts"}],"about":[{"href":"https:\/\/kibrisdakik.com\/index.php?rest_route=\/wp\/v2\/types\/post"}],"author":[{"embeddable":true,"href":"https:\/\/kibrisdakik.com\/index.php?rest_route=\/wp\/v2\/users\/1"}],"replies":[{"embeddable":true,"href":"https:\/\/kibrisdakik.com\/index.php?rest_route=%2Fwp%2Fv2%2Fcomments&post=13043"}],"version-history":[{"count":0,"href":"https:\/\/kibrisdakik.com\/index.php?rest_route=\/wp\/v2\/posts\/13043\/revisions"}],"wp:featuredmedia":[{"embeddable":true,"href":"https:\/\/kibrisdakik.com\/index.php?rest_route=\/wp\/v2\/media\/13044"}],"wp:attachment":[{"href":"https:\/\/kibrisdakik.com\/index.php?rest_route=%2Fwp%2Fv2%2Fmedia&parent=13043"}],"wp:term":[{"taxonomy":"category","embeddable":true,"href":"https:\/\/kibrisdakik.com\/index.php?rest_route=%2Fwp%2Fv2%2Fcategories&post=13043"},{"taxonomy":"post_tag","embeddable":true,"href":"https:\/\/kibrisdakik.com\/index.php?rest_route=%2Fwp%2Fv2%2Ftags&post=13043"}],"curies":[{"name":"wp","href":"https:\/\/api.w.org\/{rel}","templated":true}]}}