{"id":13065,"date":"2023-09-01T19:23:34","date_gmt":"2023-09-01T19:23:34","guid":{"rendered":"https:\/\/kibrisdakik.com\/index.php\/2023\/09\/01\/turkiye-italya-karsilasacak\/"},"modified":"2023-09-01T19:23:34","modified_gmt":"2023-09-01T19:23:34","slug":"turkiye-italya-karsilasacak","status":"publish","type":"post","link":"https:\/\/kibrisdakik.com\/?p=13065","title":{"rendered":"T\u00fcrkiye \u2013 \u0130talya kar\u015f\u0131la\u015facak"},"content":{"rendered":"<p> <br \/>\n<\/p>\n<div>\n<div class=\"mariselle-image-container center\">\n                <img width=\"1024\" height=\"626\" class=\"lazy-image\" alt=\"\" decoding=\"async\" loading=\"lazy\" sizes=\"auto, (max-width: 1024px) 100vw, 1024px\" src=\"https:\/\/brtk.net\/wp-content\/uploads\/2023\/09\/01\/VOL.jpg?ver=20cb37732edbe85f6c46c26b911a995c\" srcset=\"https:\/\/brtk.net\/wp-content\/uploads\/2023\/09\/01\/VOL.jpg?ver=20cb37732edbe85f6c46c26b911a995c 1024w, https:\/\/brtk.net\/wp-content\/uploads\/2023\/09\/01\/VOL-300x183.jpg?ver=20cb37732edbe85f6c46c26b911a995c 300w, https:\/\/brtk.net\/wp-content\/uploads\/2023\/09\/01\/VOL-768x470.jpg?ver=20cb37732edbe85f6c46c26b911a995c 768w\"\/>                            <\/div>\n<p>T\u00fcrkiye A Milli Kad\u0131n Voleybol Tak\u0131m\u0131, 2023 CEV Avrupa \u015eampiyonas\u0131 yar\u0131 finalinde bug\u00fcn son \u015fampiyon \u0130talya ile kar\u015f\u0131la\u015facak.<br \/>Ma\u00e7 saat 18.00\u2019den itibaren TRT 1\u2019den naklen yay\u0131nlanacak.<\/p>\n<p>Yar\u0131 finalin di\u011fer ma\u00e7\u0131 S\u0131rbistan ile Hollanda aras\u0131nda.<br \/>\u00d6te yandan, T\u00fcrkiye A Milli Erkek Voleybol Tak\u0131m\u0131, CEV Avrupa \u015eampiyonas\u0131 D Grubu\u2019ndaki 2. ma\u00e7\u0131nda bug\u00fcn Romanya ile kar\u015f\u0131la\u015facak.<\/p>\n<\/p><\/div>\n<p><br \/>\n<br \/><a href=\"https:\/\/brtk.net\/turkiye-italya-karsilasacak\/\"> <\/a><\/p>\n","protected":false},"excerpt":{"rendered":"<p>T\u00fcrkiye A Milli Kad\u0131n Voleybol Tak\u0131m\u0131, 2023 CEV Avrupa \u015eampiyonas\u0131 yar\u0131 finalinde bug\u00fcn son \u015fampiyon \u0130talya ile kar\u015f\u0131la\u015facak.Ma\u00e7 saat 18.00\u2019den itibaren TRT 1\u2019den naklen yay\u0131nlanacak. Yar\u0131 finalin di\u011fer ma\u00e7\u0131 S\u0131rbistan ile Hollanda aras\u0131nda.\u00d6te yandan, T\u00fcrkiye A Milli Erkek Voleybol Tak\u0131m\u0131, CEV Avrupa \u015eampiyonas\u0131 D Grubu\u2019ndaki 2. ma\u00e7\u0131nda bug\u00fcn Romanya ile kar\u015f\u0131la\u015facak.<\/p>\n","protected":false},"author":1,"featured_media":13066,"comment_status":"open","ping_status":"open","sticky":false,"template":"","format":"standard","meta":{"footnotes":""},"categories":[85],"tags":[],"class_list":["post-13065","post","type-post","status-publish","format-standard","has-post-thumbnail","hentry","category-spor"],"yoast_head":"<!-- This site is optimized with the Yoast SEO plugin v27.4 - https:\/\/yoast.com\/product\/yoast-seo-wordpress\/ -->\n<title>T\u00fcrkiye \u2013 \u0130talya kar\u015f\u0131la\u015facak -<\/title>\n<meta name=\"robots\" content=\"index, follow, max-snippet:-1, max-image-preview:large, max-video-preview:-1\" \/>\n<link rel=\"canonical\" href=\"https:\/\/kibrisdakik.com\/?p=13065\" \/>\n<meta property=\"og:locale\" content=\"tr_TR\" \/>\n<meta property=\"og:type\" content=\"article\" \/>\n<meta property=\"og:title\" content=\"T\u00fcrkiye \u2013 \u0130talya kar\u015f\u0131la\u015facak -\" \/>\n<meta property=\"og:description\" content=\"T\u00fcrkiye A Milli Kad\u0131n Voleybol Tak\u0131m\u0131, 2023 CEV Avrupa \u015eampiyonas\u0131 yar\u0131 finalinde bug\u00fcn son \u015fampiyon \u0130talya ile kar\u015f\u0131la\u015facak.Ma\u00e7 saat 18.00\u2019den itibaren TRT 1\u2019den naklen yay\u0131nlanacak. Yar\u0131 finalin di\u011fer ma\u00e7\u0131 S\u0131rbistan ile Hollanda aras\u0131nda.\u00d6te yandan, T\u00fcrkiye A Milli Erkek Voleybol Tak\u0131m\u0131, CEV Avrupa \u015eampiyonas\u0131 D Grubu\u2019ndaki 2. ma\u00e7\u0131nda bug\u00fcn Romanya ile kar\u015f\u0131la\u015facak.\" \/>\n<meta property=\"og:url\" content=\"https:\/\/kibrisdakik.com\/?p=13065\" \/>\n<meta property=\"article:published_time\" content=\"2023-09-01T19:23:34+00:00\" \/>\n<meta property=\"og:image\" content=\"https:\/\/kibrisdakik.com\/wp-content\/uploads\/2023\/09\/VOL-740x420.jpg\" \/>\n\t<meta property=\"og:image:width\" content=\"1024\" \/>\n\t<meta property=\"og:image:height\" content=\"626\" \/>\n\t<meta property=\"og:image:type\" content=\"image\/jpeg\" \/>\n<meta name=\"author\" content=\"admin\" \/>\n<meta name=\"twitter:card\" content=\"summary_large_image\" \/>\n<meta name=\"twitter:label1\" content=\"Yazan:\" \/>\n\t<meta name=\"twitter:data1\" content=\"admin\" \/>\n<script type=\"application\/ld+json\" class=\"yoast-schema-graph\">{\"@context\":\"https:\\\/\\\/schema.org\",\"@graph\":[{\"@type\":\"Article\",\"@id\":\"https:\\\/\\\/kibrisdakik.com\\\/?p=13065#article\",\"isPartOf\":{\"@id\":\"https:\\\/\\\/kibrisdakik.com\\\/?p=13065\"},\"author\":{\"name\":\"admin\",\"@id\":\"https:\\\/\\\/kibrisdakik.com\\\/#\\\/schema\\\/person\\\/9cd9d437bbb44f72b73ba127e06d8e79\"},\"headline\":\"T\u00fcrkiye \u2013 \u0130talya kar\u015f\u0131la\u015facak\",\"datePublished\":\"2023-09-01T19:23:34+00:00\",\"mainEntityOfPage\":{\"@id\":\"https:\\\/\\\/kibrisdakik.com\\\/?p=13065\"},\"wordCount\":76,\"commentCount\":0,\"image\":{\"@id\":\"https:\\\/\\\/kibrisdakik.com\\\/?p=13065#primaryimage\"},\"thumbnailUrl\":\"https:\\\/\\\/kibrisdakik.com\\\/wp-content\\\/uploads\\\/2023\\\/09\\\/VOL-740x420.jpg\",\"articleSection\":[\"Spor\"],\"inLanguage\":\"tr\",\"potentialAction\":[{\"@type\":\"CommentAction\",\"name\":\"Comment\",\"target\":[\"https:\\\/\\\/kibrisdakik.com\\\/?p=13065#respond\"]}]},{\"@type\":\"WebPage\",\"@id\":\"https:\\\/\\\/kibrisdakik.com\\\/?p=13065\",\"url\":\"https:\\\/\\\/kibrisdakik.com\\\/?p=13065\",\"name\":\"T\u00fcrkiye \u2013 \u0130talya kar\u015f\u0131la\u015facak -\",\"isPartOf\":{\"@id\":\"https:\\\/\\\/kibrisdakik.com\\\/#website\"},\"primaryImageOfPage\":{\"@id\":\"https:\\\/\\\/kibrisdakik.com\\\/?p=13065#primaryimage\"},\"image\":{\"@id\":\"https:\\\/\\\/kibrisdakik.com\\\/?p=13065#primaryimage\"},\"thumbnailUrl\":\"https:\\\/\\\/kibrisdakik.com\\\/wp-content\\\/uploads\\\/2023\\\/09\\\/VOL-740x420.jpg\",\"datePublished\":\"2023-09-01T19:23:34+00:00\",\"author\":{\"@id\":\"https:\\\/\\\/kibrisdakik.com\\\/#\\\/schema\\\/person\\\/9cd9d437bbb44f72b73ba127e06d8e79\"},\"breadcrumb\":{\"@id\":\"https:\\\/\\\/kibrisdakik.com\\\/?p=13065#breadcrumb\"},\"inLanguage\":\"tr\",\"potentialAction\":[{\"@type\":\"ReadAction\",\"target\":[\"https:\\\/\\\/kibrisdakik.com\\\/?p=13065\"]}]},{\"@type\":\"ImageObject\",\"inLanguage\":\"tr\",\"@id\":\"https:\\\/\\\/kibrisdakik.com\\\/?p=13065#primaryimage\",\"url\":\"https:\\\/\\\/kibrisdakik.com\\\/wp-content\\\/uploads\\\/2023\\\/09\\\/VOL-740x420.jpg\",\"contentUrl\":\"https:\\\/\\\/kibrisdakik.com\\\/wp-content\\\/uploads\\\/2023\\\/09\\\/VOL-740x420.jpg\",\"width\":1024,\"height\":626},{\"@type\":\"BreadcrumbList\",\"@id\":\"https:\\\/\\\/kibrisdakik.com\\\/?p=13065#breadcrumb\",\"itemListElement\":[{\"@type\":\"ListItem\",\"position\":1,\"name\":\"Home\",\"item\":\"https:\\\/\\\/kibrisdakik.com\\\/\"},{\"@type\":\"ListItem\",\"position\":2,\"name\":\"T\u00fcrkiye \u2013 \u0130talya kar\u015f\u0131la\u015facak\"}]},{\"@type\":\"WebSite\",\"@id\":\"https:\\\/\\\/kibrisdakik.com\\\/#website\",\"url\":\"https:\\\/\\\/kibrisdakik.com\\\/\",\"name\":\"\",\"description\":\"Tam vaktinde haber\",\"potentialAction\":[{\"@type\":\"SearchAction\",\"target\":{\"@type\":\"EntryPoint\",\"urlTemplate\":\"https:\\\/\\\/kibrisdakik.com\\\/?s={search_term_string}\"},\"query-input\":{\"@type\":\"PropertyValueSpecification\",\"valueRequired\":true,\"valueName\":\"search_term_string\"}}],\"inLanguage\":\"tr\"},{\"@type\":\"Person\",\"@id\":\"https:\\\/\\\/kibrisdakik.com\\\/#\\\/schema\\\/person\\\/9cd9d437bbb44f72b73ba127e06d8e79\",\"name\":\"admin\",\"image\":{\"@type\":\"ImageObject\",\"inLanguage\":\"tr\",\"@id\":\"https:\\\/\\\/secure.gravatar.com\\\/avatar\\\/ccc17943b9d660506c869530f897617f7cb1c21a4bf30023f252596d83e1f007?s=96&d=mm&r=g\",\"url\":\"https:\\\/\\\/secure.gravatar.com\\\/avatar\\\/ccc17943b9d660506c869530f897617f7cb1c21a4bf30023f252596d83e1f007?s=96&d=mm&r=g\",\"contentUrl\":\"https:\\\/\\\/secure.gravatar.com\\\/avatar\\\/ccc17943b9d660506c869530f897617f7cb1c21a4bf30023f252596d83e1f007?s=96&d=mm&r=g\",\"caption\":\"admin\"},\"sameAs\":[\"https:\\\/\\\/kibrisdakik.com\"],\"url\":\"https:\\\/\\\/kibrisdakik.com\\\/?author=1\"}]}<\/script>\n<!-- \/ Yoast SEO plugin. -->","yoast_head_json":{"title":"T\u00fcrkiye \u2013 \u0130talya kar\u015f\u0131la\u015facak -","robots":{"index":"index","follow":"follow","max-snippet":"max-snippet:-1","max-image-preview":"max-image-preview:large","max-video-preview":"max-video-preview:-1"},"canonical":"https:\/\/kibrisdakik.com\/?p=13065","og_locale":"tr_TR","og_type":"article","og_title":"T\u00fcrkiye \u2013 \u0130talya kar\u015f\u0131la\u015facak -","og_description":"T\u00fcrkiye A Milli Kad\u0131n Voleybol Tak\u0131m\u0131, 2023 CEV Avrupa \u015eampiyonas\u0131 yar\u0131 finalinde bug\u00fcn son \u015fampiyon \u0130talya ile kar\u015f\u0131la\u015facak.Ma\u00e7 saat 18.00\u2019den itibaren TRT 1\u2019den naklen yay\u0131nlanacak. Yar\u0131 finalin di\u011fer ma\u00e7\u0131 S\u0131rbistan ile Hollanda aras\u0131nda.\u00d6te yandan, T\u00fcrkiye A Milli Erkek Voleybol Tak\u0131m\u0131, CEV Avrupa \u015eampiyonas\u0131 D Grubu\u2019ndaki 2. ma\u00e7\u0131nda bug\u00fcn Romanya ile kar\u015f\u0131la\u015facak.","og_url":"https:\/\/kibrisdakik.com\/?p=13065","article_published_time":"2023-09-01T19:23:34+00:00","og_image":[{"width":1024,"height":626,"url":"https:\/\/kibrisdakik.com\/wp-content\/uploads\/2023\/09\/VOL-740x420.jpg","type":"image\/jpeg"}],"author":"admin","twitter_card":"summary_large_image","twitter_misc":{"Yazan:":"admin"},"schema":{"@context":"https:\/\/schema.org","@graph":[{"@type":"Article","@id":"https:\/\/kibrisdakik.com\/?p=13065#article","isPartOf":{"@id":"https:\/\/kibrisdakik.com\/?p=13065"},"author":{"name":"admin","@id":"https:\/\/kibrisdakik.com\/#\/schema\/person\/9cd9d437bbb44f72b73ba127e06d8e79"},"headline":"T\u00fcrkiye \u2013 \u0130talya kar\u015f\u0131la\u015facak","datePublished":"2023-09-01T19:23:34+00:00","mainEntityOfPage":{"@id":"https:\/\/kibrisdakik.com\/?p=13065"},"wordCount":76,"commentCount":0,"image":{"@id":"https:\/\/kibrisdakik.com\/?p=13065#primaryimage"},"thumbnailUrl":"https:\/\/kibrisdakik.com\/wp-content\/uploads\/2023\/09\/VOL-740x420.jpg","articleSection":["Spor"],"inLanguage":"tr","potentialAction":[{"@type":"CommentAction","name":"Comment","target":["https:\/\/kibrisdakik.com\/?p=13065#respond"]}]},{"@type":"WebPage","@id":"https:\/\/kibrisdakik.com\/?p=13065","url":"https:\/\/kibrisdakik.com\/?p=13065","name":"T\u00fcrkiye \u2013 \u0130talya kar\u015f\u0131la\u015facak -","isPartOf":{"@id":"https:\/\/kibrisdakik.com\/#website"},"primaryImageOfPage":{"@id":"https:\/\/kibrisdakik.com\/?p=13065#primaryimage"},"image":{"@id":"https:\/\/kibrisdakik.com\/?p=13065#primaryimage"},"thumbnailUrl":"https:\/\/kibrisdakik.com\/wp-content\/uploads\/2023\/09\/VOL-740x420.jpg","datePublished":"2023-09-01T19:23:34+00:00","author":{"@id":"https:\/\/kibrisdakik.com\/#\/schema\/person\/9cd9d437bbb44f72b73ba127e06d8e79"},"breadcrumb":{"@id":"https:\/\/kibrisdakik.com\/?p=13065#breadcrumb"},"inLanguage":"tr","potentialAction":[{"@type":"ReadAction","target":["https:\/\/kibrisdakik.com\/?p=13065"]}]},{"@type":"ImageObject","inLanguage":"tr","@id":"https:\/\/kibrisdakik.com\/?p=13065#primaryimage","url":"https:\/\/kibrisdakik.com\/wp-content\/uploads\/2023\/09\/VOL-740x420.jpg","contentUrl":"https:\/\/kibrisdakik.com\/wp-content\/uploads\/2023\/09\/VOL-740x420.jpg","width":1024,"height":626},{"@type":"BreadcrumbList","@id":"https:\/\/kibrisdakik.com\/?p=13065#breadcrumb","itemListElement":[{"@type":"ListItem","position":1,"name":"Home","item":"https:\/\/kibrisdakik.com\/"},{"@type":"ListItem","position":2,"name":"T\u00fcrkiye \u2013 \u0130talya kar\u015f\u0131la\u015facak"}]},{"@type":"WebSite","@id":"https:\/\/kibrisdakik.com\/#website","url":"https:\/\/kibrisdakik.com\/","name":"","description":"Tam vaktinde haber","potentialAction":[{"@type":"SearchAction","target":{"@type":"EntryPoint","urlTemplate":"https:\/\/kibrisdakik.com\/?s={search_term_string}"},"query-input":{"@type":"PropertyValueSpecification","valueRequired":true,"valueName":"search_term_string"}}],"inLanguage":"tr"},{"@type":"Person","@id":"https:\/\/kibrisdakik.com\/#\/schema\/person\/9cd9d437bbb44f72b73ba127e06d8e79","name":"admin","image":{"@type":"ImageObject","inLanguage":"tr","@id":"https:\/\/secure.gravatar.com\/avatar\/ccc17943b9d660506c869530f897617f7cb1c21a4bf30023f252596d83e1f007?s=96&d=mm&r=g","url":"https:\/\/secure.gravatar.com\/avatar\/ccc17943b9d660506c869530f897617f7cb1c21a4bf30023f252596d83e1f007?s=96&d=mm&r=g","contentUrl":"https:\/\/secure.gravatar.com\/avatar\/ccc17943b9d660506c869530f897617f7cb1c21a4bf30023f252596d83e1f007?s=96&d=mm&r=g","caption":"admin"},"sameAs":["https:\/\/kibrisdakik.com"],"url":"https:\/\/kibrisdakik.com\/?author=1"}]}},"_links":{"self":[{"href":"https:\/\/kibrisdakik.com\/index.php?rest_route=\/wp\/v2\/posts\/13065","targetHints":{"allow":["GET"]}}],"collection":[{"href":"https:\/\/kibrisdakik.com\/index.php?rest_route=\/wp\/v2\/posts"}],"about":[{"href":"https:\/\/kibrisdakik.com\/index.php?rest_route=\/wp\/v2\/types\/post"}],"author":[{"embeddable":true,"href":"https:\/\/kibrisdakik.com\/index.php?rest_route=\/wp\/v2\/users\/1"}],"replies":[{"embeddable":true,"href":"https:\/\/kibrisdakik.com\/index.php?rest_route=%2Fwp%2Fv2%2Fcomments&post=13065"}],"version-history":[{"count":0,"href":"https:\/\/kibrisdakik.com\/index.php?rest_route=\/wp\/v2\/posts\/13065\/revisions"}],"wp:featuredmedia":[{"embeddable":true,"href":"https:\/\/kibrisdakik.com\/index.php?rest_route=\/wp\/v2\/media\/13066"}],"wp:attachment":[{"href":"https:\/\/kibrisdakik.com\/index.php?rest_route=%2Fwp%2Fv2%2Fmedia&parent=13065"}],"wp:term":[{"taxonomy":"category","embeddable":true,"href":"https:\/\/kibrisdakik.com\/index.php?rest_route=%2Fwp%2Fv2%2Fcategories&post=13065"},{"taxonomy":"post_tag","embeddable":true,"href":"https:\/\/kibrisdakik.com\/index.php?rest_route=%2Fwp%2Fv2%2Ftags&post=13065"}],"curies":[{"name":"wp","href":"https:\/\/api.w.org\/{rel}","templated":true}]}}