{"id":13073,"date":"2023-09-01T23:13:04","date_gmt":"2023-09-01T23:13:04","guid":{"rendered":"https:\/\/kibrisdakik.com\/index.php\/2023\/09\/01\/gardiyanogluhedefimiz-bircok-issiz-gencimizi-meslek-sahibi-yaparken-ara-eleman-acigini-da-kapatmak\/"},"modified":"2023-09-01T23:13:04","modified_gmt":"2023-09-01T23:13:04","slug":"gardiyanogluhedefimiz-bircok-issiz-gencimizi-meslek-sahibi-yaparken-ara-eleman-acigini-da-kapatmak","status":"publish","type":"post","link":"https:\/\/kibrisdakik.com\/?p=13073","title":{"rendered":"Gardiyano\u011flu:Hedefimiz bir\u00e7ok i\u015fsiz gencimizi meslek sahibi yaparken, ara eleman a\u00e7\u0131\u011f\u0131n\u0131 da kapatmak"},"content":{"rendered":"<p><\/p>\n<div>\n<div class=\"mariselle-image-container center\">\n                <img width=\"2560\" height=\"1571\" class=\"lazy-image\" alt=\"\" decoding=\"async\" loading=\"lazy\" sizes=\"auto, (max-width: 2560px) 100vw, 2560px\" src=\"https:\/\/brtk.net\/wp-content\/uploads\/2023\/09\/01\/gardiyanoglu-esnaf-1-scaled.jpg?ver=f3a339d37b72d78fe4c42ff7151ebd07\" srcset=\"https:\/\/brtk.net\/wp-content\/uploads\/2023\/09\/01\/gardiyanoglu-esnaf-1-scaled.jpg?ver=f3a339d37b72d78fe4c42ff7151ebd07 2560w, https:\/\/brtk.net\/wp-content\/uploads\/2023\/09\/01\/gardiyanoglu-esnaf-1-300x184.jpg?ver=f3a339d37b72d78fe4c42ff7151ebd07 300w, https:\/\/brtk.net\/wp-content\/uploads\/2023\/09\/01\/gardiyanoglu-esnaf-1-1024x628.jpg?ver=88b0a82e4ab60da236f43e5fe0ccdbde 1024w, https:\/\/brtk.net\/wp-content\/uploads\/2023\/09\/01\/gardiyanoglu-esnaf-1-768x471.jpg?ver=88b0a82e4ab60da236f43e5fe0ccdbde 768w, https:\/\/brtk.net\/wp-content\/uploads\/2023\/09\/01\/gardiyanoglu-esnaf-1-1536x943.jpg?ver=e0355cbe016d3e5cfaf306ca4aaa8167 1536w, https:\/\/brtk.net\/wp-content\/uploads\/2023\/09\/01\/gardiyanoglu-esnaf-1-2048x1257.jpg?ver=e3608a0223d22d3c173806164b571cc6 2048w\"\/>                            <\/div>\n<p>\n\u00c7al\u0131\u015fma ve Sosyal G\u00fcvenlik Bakan\u0131 Sad\u0131k Gardiyano\u011flu, Esnaf ve Sanatkarlar Merkez Birli\u011fi ve Kredi Kefalet Merkez Kooperatifi Y\u00f6netim Kurulu \u00fcyelerini kabul etti.<\/p>\n<p>Esnaf ve Sanatkarlar Merkez Birli\u011fi Ba\u015fkan\u0131 Kemal Altuncuo\u011flu Bakan Gardiyano\u011flu\u2019nun i\u015f hayat\u0131n\u0131n i\u00e7inden gelen biri olarak esnaf\u0131n sorunlar\u0131n\u0131 yak\u0131ndan bildi\u011fini belirterek,  bu sorunlar\u0131 \u00e7\u00f6z\u00fcme kavu\u015fturaca\u011f\u0131na inan\u00e7 belirtti ve Bakan Gardiyano\u011flu\u2019na g\u00f6revinde ba\u015far\u0131lar diledi.<\/p>\n<p>Bakanl\u0131k\u2019tan yap\u0131lan yaz\u0131l\u0131 a\u00e7\u0131klamaya g\u00f6re, Bakan Gardiyano\u011flu da \u00e7al\u0131\u015fma hayat\u0131n\u0131 y\u00f6neten bir bakanl\u0131k olarak her konuda birlik ile temas halinde olacaklar\u0131n\u0131 kaydetti.<\/p>\n<p>\u00dclkedeki ara eleman s\u0131k\u0131nt\u0131s\u0131na de\u011finen Bakan Gardiyano\u011flu, hayata ge\u00e7irilmeye haz\u0131rlan\u0131lan projeden bahsetti. Gardiyano\u011flu \u00e7\u0131rakl\u0131k e\u011fitimini tamamlay\u0131p ilgili i\u015f yerlerine istihdam edilecek olan ki\u015filerin sosyal sigorta ve ihtiyat sand\u0131\u011f\u0131 yat\u0131r\u0131mlar\u0131 ile maa\u015flar\u0131n\u0131n belli bir b\u00f6l\u00fcm\u00fcn\u00fcn bakanl\u0131k taraf\u0131ndan kar\u015f\u0131lanmas\u0131 y\u00f6n\u00fcnde bir bir proje \u00fczerinde \u00e7al\u0131\u015ft\u0131klar\u0131n\u0131 s\u00f6yledi. <\/p>\n<p>Gardiyano\u011flu \u201cBir\u00e7ok sekt\u00f6rde ciddi anlamda eleman s\u0131k\u0131nt\u0131s\u0131 ya\u015fan\u0131yor. \u00dclkemizde nitelikli gen\u00e7lerimiz var. Sadece y\u00f6nlendirmeye ihtiya\u00e7 var. Tak\u0131m ruhu i\u00e7inde ara eleman a\u00e7\u0131\u011f\u0131n\u0131n kapat\u0131lmas\u0131 i\u00e7in \u00e7al\u0131\u015fmalar\u0131 ba\u015flatt\u0131k.  D\u00fc\u015f\u00fcncemiz bir\u00e7ok i\u015fsiz gencimizi meslek sahibi yaparken,  di\u011fer yandan da ara eleman a\u00e7\u0131\u011f\u0131n\u0131 kapatmak.\u201d \u015feklinde konu\u015ftu.<\/p>\n<p>-\u201c Esnafa sunulan kredi miktarlar\u0131 daha da y\u00fckseltilmeli\u201d<\/p>\n<p>Pandemi ve Rusya-Ukrayna sava\u015f\u0131 sonras\u0131 ya\u015fanan zor s\u00fcre\u00e7te d\u00fc\u015f\u00fck faizli ve uzun vadeli verilen kredilerin esnafa  can suyu oldu\u011funu da belirten Gardiyano\u011flu, kooperatiflerden esnafa sunulan kedilerin miktarlar\u0131n\u0131n daha da y\u00fckseltilmesi gerekti\u011fini belirtti.<\/p>\n<\/p><\/div>\n","protected":false},"excerpt":{"rendered":"<p>\u00c7al\u0131\u015fma ve Sosyal G\u00fcvenlik Bakan\u0131 Sad\u0131k Gardiyano\u011flu, Esnaf ve Sanatkarlar Merkez Birli\u011fi ve Kredi Kefalet Merkez Kooperatifi Y\u00f6netim Kurulu \u00fcyelerini kabul etti. Esnaf ve Sanatkarlar Merkez Birli\u011fi Ba\u015fkan\u0131 Kemal Altuncuo\u011flu Bakan Gardiyano\u011flu\u2019nun i\u015f hayat\u0131n\u0131n i\u00e7inden gelen biri olarak esnaf\u0131n sorunlar\u0131n\u0131 yak\u0131ndan bildi\u011fini belirterek, bu sorunlar\u0131 \u00e7\u00f6z\u00fcme kavu\u015fturaca\u011f\u0131na inan\u00e7 belirtti ve Bakan Gardiyano\u011flu\u2019na g\u00f6revinde ba\u015far\u0131lar diledi.<\/p>\n","protected":false},"author":1,"featured_media":13074,"comment_status":"open","ping_status":"open","sticky":false,"template":"","format":"standard","meta":{"footnotes":""},"categories":[1],"tags":[],"class_list":["post-13073","post","type-post","status-publish","format-standard","has-post-thumbnail","hentry","category-gundem"],"yoast_head":"<!-- This site is optimized with the Yoast SEO plugin v27.4 - https:\/\/yoast.com\/product\/yoast-seo-wordpress\/ -->\n<title>Gardiyano\u011flu:Hedefimiz bir\u00e7ok i\u015fsiz gencimizi meslek sahibi yaparken, ara eleman a\u00e7\u0131\u011f\u0131n\u0131 da kapatmak -<\/title>\n<meta name=\"robots\" content=\"index, follow, max-snippet:-1, max-image-preview:large, max-video-preview:-1\" \/>\n<link rel=\"canonical\" href=\"https:\/\/kibrisdakik.com\/?p=13073\" \/>\n<meta property=\"og:locale\" content=\"tr_TR\" \/>\n<meta property=\"og:type\" content=\"article\" \/>\n<meta property=\"og:title\" content=\"Gardiyano\u011flu:Hedefimiz bir\u00e7ok i\u015fsiz gencimizi meslek sahibi yaparken, ara eleman a\u00e7\u0131\u011f\u0131n\u0131 da kapatmak -\" \/>\n<meta property=\"og:description\" content=\"\u00c7al\u0131\u015fma ve Sosyal G\u00fcvenlik Bakan\u0131 Sad\u0131k Gardiyano\u011flu, Esnaf ve Sanatkarlar Merkez Birli\u011fi ve Kredi Kefalet Merkez Kooperatifi Y\u00f6netim Kurulu \u00fcyelerini kabul etti. Esnaf ve Sanatkarlar Merkez Birli\u011fi Ba\u015fkan\u0131 Kemal Altuncuo\u011flu Bakan Gardiyano\u011flu\u2019nun i\u015f hayat\u0131n\u0131n i\u00e7inden gelen biri olarak esnaf\u0131n sorunlar\u0131n\u0131 yak\u0131ndan bildi\u011fini belirterek, bu sorunlar\u0131 \u00e7\u00f6z\u00fcme kavu\u015fturaca\u011f\u0131na inan\u00e7 belirtti ve Bakan Gardiyano\u011flu\u2019na g\u00f6revinde ba\u015far\u0131lar diledi.\" \/>\n<meta property=\"og:url\" content=\"https:\/\/kibrisdakik.com\/?p=13073\" \/>\n<meta property=\"article:published_time\" content=\"2023-09-01T23:13:04+00:00\" \/>\n<meta property=\"og:image\" content=\"https:\/\/kibrisdakik.com\/wp-content\/uploads\/2023\/09\/gardiyanoglu-esnaf-1-scaled-740x420.jpg\" \/>\n\t<meta property=\"og:image:width\" content=\"2560\" \/>\n\t<meta property=\"og:image:height\" content=\"1571\" \/>\n\t<meta property=\"og:image:type\" content=\"image\/jpeg\" \/>\n<meta name=\"author\" content=\"admin\" \/>\n<meta name=\"twitter:card\" content=\"summary_large_image\" \/>\n<meta name=\"twitter:label1\" content=\"Yazan:\" \/>\n\t<meta name=\"twitter:data1\" content=\"admin\" \/>\n\t<meta name=\"twitter:label2\" content=\"Tahmini okuma s\u00fcresi\" \/>\n\t<meta name=\"twitter:data2\" content=\"2 dakika\" \/>\n<script type=\"application\/ld+json\" class=\"yoast-schema-graph\">{\"@context\":\"https:\\\/\\\/schema.org\",\"@graph\":[{\"@type\":\"Article\",\"@id\":\"https:\\\/\\\/kibrisdakik.com\\\/?p=13073#article\",\"isPartOf\":{\"@id\":\"https:\\\/\\\/kibrisdakik.com\\\/?p=13073\"},\"author\":{\"name\":\"admin\",\"@id\":\"https:\\\/\\\/kibrisdakik.com\\\/#\\\/schema\\\/person\\\/9cd9d437bbb44f72b73ba127e06d8e79\"},\"headline\":\"Gardiyano\u011flu:Hedefimiz bir\u00e7ok i\u015fsiz gencimizi meslek sahibi yaparken, ara eleman a\u00e7\u0131\u011f\u0131n\u0131 da kapatmak\",\"datePublished\":\"2023-09-01T23:13:04+00:00\",\"mainEntityOfPage\":{\"@id\":\"https:\\\/\\\/kibrisdakik.com\\\/?p=13073\"},\"wordCount\":326,\"commentCount\":0,\"image\":{\"@id\":\"https:\\\/\\\/kibrisdakik.com\\\/?p=13073#primaryimage\"},\"thumbnailUrl\":\"https:\\\/\\\/kibrisdakik.com\\\/wp-content\\\/uploads\\\/2023\\\/09\\\/gardiyanoglu-esnaf-1-scaled-740x420.jpg\",\"articleSection\":[\"G\u00fcndem\"],\"inLanguage\":\"tr\",\"potentialAction\":[{\"@type\":\"CommentAction\",\"name\":\"Comment\",\"target\":[\"https:\\\/\\\/kibrisdakik.com\\\/?p=13073#respond\"]}]},{\"@type\":\"WebPage\",\"@id\":\"https:\\\/\\\/kibrisdakik.com\\\/?p=13073\",\"url\":\"https:\\\/\\\/kibrisdakik.com\\\/?p=13073\",\"name\":\"Gardiyano\u011flu:Hedefimiz bir\u00e7ok i\u015fsiz gencimizi meslek sahibi yaparken, ara eleman a\u00e7\u0131\u011f\u0131n\u0131 da kapatmak -\",\"isPartOf\":{\"@id\":\"https:\\\/\\\/kibrisdakik.com\\\/#website\"},\"primaryImageOfPage\":{\"@id\":\"https:\\\/\\\/kibrisdakik.com\\\/?p=13073#primaryimage\"},\"image\":{\"@id\":\"https:\\\/\\\/kibrisdakik.com\\\/?p=13073#primaryimage\"},\"thumbnailUrl\":\"https:\\\/\\\/kibrisdakik.com\\\/wp-content\\\/uploads\\\/2023\\\/09\\\/gardiyanoglu-esnaf-1-scaled-740x420.jpg\",\"datePublished\":\"2023-09-01T23:13:04+00:00\",\"author\":{\"@id\":\"https:\\\/\\\/kibrisdakik.com\\\/#\\\/schema\\\/person\\\/9cd9d437bbb44f72b73ba127e06d8e79\"},\"breadcrumb\":{\"@id\":\"https:\\\/\\\/kibrisdakik.com\\\/?p=13073#breadcrumb\"},\"inLanguage\":\"tr\",\"potentialAction\":[{\"@type\":\"ReadAction\",\"target\":[\"https:\\\/\\\/kibrisdakik.com\\\/?p=13073\"]}]},{\"@type\":\"ImageObject\",\"inLanguage\":\"tr\",\"@id\":\"https:\\\/\\\/kibrisdakik.com\\\/?p=13073#primaryimage\",\"url\":\"https:\\\/\\\/kibrisdakik.com\\\/wp-content\\\/uploads\\\/2023\\\/09\\\/gardiyanoglu-esnaf-1-scaled-740x420.jpg\",\"contentUrl\":\"https:\\\/\\\/kibrisdakik.com\\\/wp-content\\\/uploads\\\/2023\\\/09\\\/gardiyanoglu-esnaf-1-scaled-740x420.jpg\",\"width\":2560,\"height\":1571},{\"@type\":\"BreadcrumbList\",\"@id\":\"https:\\\/\\\/kibrisdakik.com\\\/?p=13073#breadcrumb\",\"itemListElement\":[{\"@type\":\"ListItem\",\"position\":1,\"name\":\"Home\",\"item\":\"https:\\\/\\\/kibrisdakik.com\\\/\"},{\"@type\":\"ListItem\",\"position\":2,\"name\":\"Gardiyano\u011flu:Hedefimiz bir\u00e7ok i\u015fsiz gencimizi meslek sahibi yaparken, ara eleman a\u00e7\u0131\u011f\u0131n\u0131 da kapatmak\"}]},{\"@type\":\"WebSite\",\"@id\":\"https:\\\/\\\/kibrisdakik.com\\\/#website\",\"url\":\"https:\\\/\\\/kibrisdakik.com\\\/\",\"name\":\"\",\"description\":\"Tam vaktinde haber\",\"potentialAction\":[{\"@type\":\"SearchAction\",\"target\":{\"@type\":\"EntryPoint\",\"urlTemplate\":\"https:\\\/\\\/kibrisdakik.com\\\/?s={search_term_string}\"},\"query-input\":{\"@type\":\"PropertyValueSpecification\",\"valueRequired\":true,\"valueName\":\"search_term_string\"}}],\"inLanguage\":\"tr\"},{\"@type\":\"Person\",\"@id\":\"https:\\\/\\\/kibrisdakik.com\\\/#\\\/schema\\\/person\\\/9cd9d437bbb44f72b73ba127e06d8e79\",\"name\":\"admin\",\"image\":{\"@type\":\"ImageObject\",\"inLanguage\":\"tr\",\"@id\":\"https:\\\/\\\/secure.gravatar.com\\\/avatar\\\/ccc17943b9d660506c869530f897617f7cb1c21a4bf30023f252596d83e1f007?s=96&d=mm&r=g\",\"url\":\"https:\\\/\\\/secure.gravatar.com\\\/avatar\\\/ccc17943b9d660506c869530f897617f7cb1c21a4bf30023f252596d83e1f007?s=96&d=mm&r=g\",\"contentUrl\":\"https:\\\/\\\/secure.gravatar.com\\\/avatar\\\/ccc17943b9d660506c869530f897617f7cb1c21a4bf30023f252596d83e1f007?s=96&d=mm&r=g\",\"caption\":\"admin\"},\"sameAs\":[\"https:\\\/\\\/kibrisdakik.com\"],\"url\":\"https:\\\/\\\/kibrisdakik.com\\\/?author=1\"}]}<\/script>\n<!-- \/ Yoast SEO plugin. -->","yoast_head_json":{"title":"Gardiyano\u011flu:Hedefimiz bir\u00e7ok i\u015fsiz gencimizi meslek sahibi yaparken, ara eleman a\u00e7\u0131\u011f\u0131n\u0131 da kapatmak -","robots":{"index":"index","follow":"follow","max-snippet":"max-snippet:-1","max-image-preview":"max-image-preview:large","max-video-preview":"max-video-preview:-1"},"canonical":"https:\/\/kibrisdakik.com\/?p=13073","og_locale":"tr_TR","og_type":"article","og_title":"Gardiyano\u011flu:Hedefimiz bir\u00e7ok i\u015fsiz gencimizi meslek sahibi yaparken, ara eleman a\u00e7\u0131\u011f\u0131n\u0131 da kapatmak -","og_description":"\u00c7al\u0131\u015fma ve Sosyal G\u00fcvenlik Bakan\u0131 Sad\u0131k Gardiyano\u011flu, Esnaf ve Sanatkarlar Merkez Birli\u011fi ve Kredi Kefalet Merkez Kooperatifi Y\u00f6netim Kurulu \u00fcyelerini kabul etti. Esnaf ve Sanatkarlar Merkez Birli\u011fi Ba\u015fkan\u0131 Kemal Altuncuo\u011flu Bakan Gardiyano\u011flu\u2019nun i\u015f hayat\u0131n\u0131n i\u00e7inden gelen biri olarak esnaf\u0131n sorunlar\u0131n\u0131 yak\u0131ndan bildi\u011fini belirterek, bu sorunlar\u0131 \u00e7\u00f6z\u00fcme kavu\u015fturaca\u011f\u0131na inan\u00e7 belirtti ve Bakan Gardiyano\u011flu\u2019na g\u00f6revinde ba\u015far\u0131lar diledi.","og_url":"https:\/\/kibrisdakik.com\/?p=13073","article_published_time":"2023-09-01T23:13:04+00:00","og_image":[{"width":2560,"height":1571,"url":"https:\/\/kibrisdakik.com\/wp-content\/uploads\/2023\/09\/gardiyanoglu-esnaf-1-scaled-740x420.jpg","type":"image\/jpeg"}],"author":"admin","twitter_card":"summary_large_image","twitter_misc":{"Yazan:":"admin","Tahmini okuma s\u00fcresi":"2 dakika"},"schema":{"@context":"https:\/\/schema.org","@graph":[{"@type":"Article","@id":"https:\/\/kibrisdakik.com\/?p=13073#article","isPartOf":{"@id":"https:\/\/kibrisdakik.com\/?p=13073"},"author":{"name":"admin","@id":"https:\/\/kibrisdakik.com\/#\/schema\/person\/9cd9d437bbb44f72b73ba127e06d8e79"},"headline":"Gardiyano\u011flu:Hedefimiz bir\u00e7ok i\u015fsiz gencimizi meslek sahibi yaparken, ara eleman a\u00e7\u0131\u011f\u0131n\u0131 da kapatmak","datePublished":"2023-09-01T23:13:04+00:00","mainEntityOfPage":{"@id":"https:\/\/kibrisdakik.com\/?p=13073"},"wordCount":326,"commentCount":0,"image":{"@id":"https:\/\/kibrisdakik.com\/?p=13073#primaryimage"},"thumbnailUrl":"https:\/\/kibrisdakik.com\/wp-content\/uploads\/2023\/09\/gardiyanoglu-esnaf-1-scaled-740x420.jpg","articleSection":["G\u00fcndem"],"inLanguage":"tr","potentialAction":[{"@type":"CommentAction","name":"Comment","target":["https:\/\/kibrisdakik.com\/?p=13073#respond"]}]},{"@type":"WebPage","@id":"https:\/\/kibrisdakik.com\/?p=13073","url":"https:\/\/kibrisdakik.com\/?p=13073","name":"Gardiyano\u011flu:Hedefimiz bir\u00e7ok i\u015fsiz gencimizi meslek sahibi yaparken, ara eleman a\u00e7\u0131\u011f\u0131n\u0131 da kapatmak -","isPartOf":{"@id":"https:\/\/kibrisdakik.com\/#website"},"primaryImageOfPage":{"@id":"https:\/\/kibrisdakik.com\/?p=13073#primaryimage"},"image":{"@id":"https:\/\/kibrisdakik.com\/?p=13073#primaryimage"},"thumbnailUrl":"https:\/\/kibrisdakik.com\/wp-content\/uploads\/2023\/09\/gardiyanoglu-esnaf-1-scaled-740x420.jpg","datePublished":"2023-09-01T23:13:04+00:00","author":{"@id":"https:\/\/kibrisdakik.com\/#\/schema\/person\/9cd9d437bbb44f72b73ba127e06d8e79"},"breadcrumb":{"@id":"https:\/\/kibrisdakik.com\/?p=13073#breadcrumb"},"inLanguage":"tr","potentialAction":[{"@type":"ReadAction","target":["https:\/\/kibrisdakik.com\/?p=13073"]}]},{"@type":"ImageObject","inLanguage":"tr","@id":"https:\/\/kibrisdakik.com\/?p=13073#primaryimage","url":"https:\/\/kibrisdakik.com\/wp-content\/uploads\/2023\/09\/gardiyanoglu-esnaf-1-scaled-740x420.jpg","contentUrl":"https:\/\/kibrisdakik.com\/wp-content\/uploads\/2023\/09\/gardiyanoglu-esnaf-1-scaled-740x420.jpg","width":2560,"height":1571},{"@type":"BreadcrumbList","@id":"https:\/\/kibrisdakik.com\/?p=13073#breadcrumb","itemListElement":[{"@type":"ListItem","position":1,"name":"Home","item":"https:\/\/kibrisdakik.com\/"},{"@type":"ListItem","position":2,"name":"Gardiyano\u011flu:Hedefimiz bir\u00e7ok i\u015fsiz gencimizi meslek sahibi yaparken, ara eleman a\u00e7\u0131\u011f\u0131n\u0131 da kapatmak"}]},{"@type":"WebSite","@id":"https:\/\/kibrisdakik.com\/#website","url":"https:\/\/kibrisdakik.com\/","name":"","description":"Tam vaktinde haber","potentialAction":[{"@type":"SearchAction","target":{"@type":"EntryPoint","urlTemplate":"https:\/\/kibrisdakik.com\/?s={search_term_string}"},"query-input":{"@type":"PropertyValueSpecification","valueRequired":true,"valueName":"search_term_string"}}],"inLanguage":"tr"},{"@type":"Person","@id":"https:\/\/kibrisdakik.com\/#\/schema\/person\/9cd9d437bbb44f72b73ba127e06d8e79","name":"admin","image":{"@type":"ImageObject","inLanguage":"tr","@id":"https:\/\/secure.gravatar.com\/avatar\/ccc17943b9d660506c869530f897617f7cb1c21a4bf30023f252596d83e1f007?s=96&d=mm&r=g","url":"https:\/\/secure.gravatar.com\/avatar\/ccc17943b9d660506c869530f897617f7cb1c21a4bf30023f252596d83e1f007?s=96&d=mm&r=g","contentUrl":"https:\/\/secure.gravatar.com\/avatar\/ccc17943b9d660506c869530f897617f7cb1c21a4bf30023f252596d83e1f007?s=96&d=mm&r=g","caption":"admin"},"sameAs":["https:\/\/kibrisdakik.com"],"url":"https:\/\/kibrisdakik.com\/?author=1"}]}},"_links":{"self":[{"href":"https:\/\/kibrisdakik.com\/index.php?rest_route=\/wp\/v2\/posts\/13073","targetHints":{"allow":["GET"]}}],"collection":[{"href":"https:\/\/kibrisdakik.com\/index.php?rest_route=\/wp\/v2\/posts"}],"about":[{"href":"https:\/\/kibrisdakik.com\/index.php?rest_route=\/wp\/v2\/types\/post"}],"author":[{"embeddable":true,"href":"https:\/\/kibrisdakik.com\/index.php?rest_route=\/wp\/v2\/users\/1"}],"replies":[{"embeddable":true,"href":"https:\/\/kibrisdakik.com\/index.php?rest_route=%2Fwp%2Fv2%2Fcomments&post=13073"}],"version-history":[{"count":0,"href":"https:\/\/kibrisdakik.com\/index.php?rest_route=\/wp\/v2\/posts\/13073\/revisions"}],"wp:featuredmedia":[{"embeddable":true,"href":"https:\/\/kibrisdakik.com\/index.php?rest_route=\/wp\/v2\/media\/13074"}],"wp:attachment":[{"href":"https:\/\/kibrisdakik.com\/index.php?rest_route=%2Fwp%2Fv2%2Fmedia&parent=13073"}],"wp:term":[{"taxonomy":"category","embeddable":true,"href":"https:\/\/kibrisdakik.com\/index.php?rest_route=%2Fwp%2Fv2%2Fcategories&post=13073"},{"taxonomy":"post_tag","embeddable":true,"href":"https:\/\/kibrisdakik.com\/index.php?rest_route=%2Fwp%2Fv2%2Ftags&post=13073"}],"curies":[{"name":"wp","href":"https:\/\/api.w.org\/{rel}","templated":true}]}}