{"id":13111,"date":"2023-09-02T19:49:44","date_gmt":"2023-09-02T19:49:44","guid":{"rendered":"https:\/\/kibrisdakik.com\/index.php\/2023\/09\/02\/sanayicilerimizin-ihracata-yonelik-yatirimlarinin-artmasi-gurur-verici\/"},"modified":"2023-09-02T19:49:44","modified_gmt":"2023-09-02T19:49:44","slug":"sanayicilerimizin-ihracata-yonelik-yatirimlarinin-artmasi-gurur-verici","status":"publish","type":"post","link":"https:\/\/kibrisdakik.com\/?p=13111","title":{"rendered":"\u201cSanayicilerimizin ihracata y\u00f6nelik yat\u0131r\u0131mlar\u0131n\u0131n artmas\u0131 gurur verici\u201d"},"content":{"rendered":"<p><\/p>\n<div>\n<div class=\"mariselle-image-container center\">\n                <img width=\"1600\" height=\"1066\" class=\"lazy-image\" alt=\"\" decoding=\"async\" loading=\"lazy\" sizes=\"auto, (max-width: 1600px) 100vw, 1600px\" src=\"https:\/\/brtk.net\/wp-content\/uploads\/2023\/09\/02\/sanayi-ziyaret-8-.jpg?ver=4eb74a407a33c17975f8483d0ba2abbf\" srcset=\"https:\/\/brtk.net\/wp-content\/uploads\/2023\/09\/02\/sanayi-ziyaret-8-.jpg?ver=4eb74a407a33c17975f8483d0ba2abbf 1600w, https:\/\/brtk.net\/wp-content\/uploads\/2023\/09\/02\/sanayi-ziyaret-8--300x200.jpg?ver=4eb74a407a33c17975f8483d0ba2abbf 300w, https:\/\/brtk.net\/wp-content\/uploads\/2023\/09\/02\/sanayi-ziyaret-8--1024x682.jpg?ver=4eb74a407a33c17975f8483d0ba2abbf 1024w, https:\/\/brtk.net\/wp-content\/uploads\/2023\/09\/02\/sanayi-ziyaret-8--768x512.jpg?ver=4eb74a407a33c17975f8483d0ba2abbf 768w, https:\/\/brtk.net\/wp-content\/uploads\/2023\/09\/02\/sanayi-ziyaret-8--1536x1023.jpg?ver=4a269a28a6ecbc59fbf46a4cf85ef32f 1536w\"\/>                            <\/div>\n<p>Cumhurba\u015fkan\u0131 <a href=\"https:\/\/brtk.net\/\" target=\"_blank\" rel=\"noopener\"><a href=\"https:\/\/brtk.net\/\" target=\"_blank\" rel=\"noopener\">Ersin <\/a><a href=\"https:\/\/brtk.net\/\"\/><a href=\"https:\/\/brtk.net\/\"\/><a href=\"https:\/\/brtk.net\/\"\/><a href=\"https:\/\/brtk.net\/\"\/><a href=\"https:\/\/brtk.net\/\">Tatar<\/a>, Lefko\u015fa Sanayi B\u00f6lgesi\u2019nde bulunan al\u00fcminyum, reklam, araba yedek par\u00e7a, torna i\u015fletmeleri ve \u00fcretim tesislerini ziyaret etti.<\/p>\n<p>Ediz Metal Direkt\u00f6r\u00fc ve Al\u00fcminyum Do\u011framac\u0131lar\u0131 Birli\u011fi Ba\u015fkan\u0131 Ediz Ta\u015fk\u0131n\u00e7ay\u2019a yap\u0131lan ziyarette konu\u015fan Cumhurba\u015fkan\u0131 <a href=\"https:\/\/brtk.net\/\" target=\"_blank\" rel=\"noopener\"><a href=\"https:\/\/brtk.net\/\" target=\"_blank\" rel=\"noopener\">Ersin <\/a><a href=\"https:\/\/brtk.net\/\"\/><a href=\"https:\/\/brtk.net\/\"\/><a href=\"https:\/\/brtk.net\/\"\/><a href=\"https:\/\/brtk.net\/\"\/><a href=\"https:\/\/brtk.net\/\">Tatar<\/a>, yerli sanayinin, al\u00fcminyum do\u011frama sekt\u00f6r\u00fcne malzeme \u00fcretmesi ve al\u00fcminyum profil kullan\u0131lan \u00fcr\u00fcnlerin ihracat\u0131n\u0131n ger\u00e7ekle\u015ftirilmesinin gurur verici oldu\u011funa dikkat \u00e7ekti.<\/p>\n<p>Cumhurba\u015fkan\u0131 <a href=\"https:\/\/brtk.net\/\"\/><a href=\"https:\/\/brtk.net\/\"\/><a href=\"https:\/\/brtk.net\/\"\/><a href=\"https:\/\/brtk.net\/\"\/><a href=\"https:\/\/brtk.net\/\">Tatar<\/a>, Al\u00fcminyum Do\u011framac\u0131lar\u0131 Birli\u011fi\u2019nin yapt\u0131\u011f\u0131 \u00e7al\u0131\u015fmalara ba\u011fl\u0131 olarak yap\u0131lan yat\u0131r\u0131mlarda ve kalitede art\u0131\u015f oldu\u011funu s\u00f6yledi.<\/p>\n<p>Al\u00fcminyum Do\u011framac\u0131lar Birli\u011fi Ba\u015fkan\u0131 Ediz Ta\u015fk\u0131n\u00e7ay da, \u00fclkedeki \u00fcretim at\u00f6lyelerinin, b\u00fcy\u00fcyerek geli\u015fti\u011fini belirterek, d\u00fcnya markalar\u0131n\u0131n \u00fclkemizde \u00fcretildi\u011fini g\u00f6rmekten mutluluk duydu\u011funu ifade etti.<\/p>\n<p>Cumhurba\u015fkan\u0131 <a href=\"https:\/\/brtk.net\/\"\/><a href=\"https:\/\/brtk.net\/\"\/><a href=\"https:\/\/brtk.net\/\"\/><a href=\"https:\/\/brtk.net\/\"\/><a href=\"https:\/\/brtk.net\/\">Tatar<\/a>, ayr\u0131ca Alu Work Al\u00fcminyum Profil \u00dcretim Tesisine ger\u00e7ekle\u015ftirdi\u011fi ziyarette yapt\u0131\u011f\u0131 konu\u015fmada, in\u015faat sekt\u00f6r\u00fcnde kullan\u0131lan \u00f6nemli bir malzeme olan al\u00fcminyum profil ve buna ba\u011fl\u0131 \u00fcr\u00fcnlerin <a href=\"https:\/\/brtk.net\/\">KKTC<\/a>\u2019de \u00fcretilmesinin yan\u0131 s\u0131ra yurtd\u0131\u015f\u0131na ve Ye\u015fil Hat T\u00fcz\u00fc\u011f\u00fc ile G\u00fcney K\u0131br\u0131s\u2019a ihra\u00e7 edilmesinin \u00f6nemine vurgu yapt\u0131.<\/p>\n<p>Cumhurba\u015fkan\u0131 <a href=\"https:\/\/brtk.net\/\"\/><a href=\"https:\/\/brtk.net\/\"\/><a href=\"https:\/\/brtk.net\/\"\/><a href=\"https:\/\/brtk.net\/\"\/><a href=\"https:\/\/brtk.net\/\">Tatar<\/a>, yerli \u00fcretimin, istihdam ve \u00fclke ekonomisine katk\u0131da bulundu\u011funu belirterek, \u00fclkedeki yat\u0131r\u0131mc\u0131lar ve i\u015f insanlar\u0131n\u0131n artmas\u0131yla d\u00fcnya ile entegre olundu\u011funa vurgu yapt\u0131.<\/p>\n<p>Alu Work Direkt\u00f6r\u00fc Mehmet \u015eaho\u011flular\u0131 da konu\u015fmas\u0131nda \u00fcretim tesisi hakk\u0131nda bilgi vererek, 23 bin metrekare bir alanda y\u00fczde 75\u2019i i\u00e7 piyasa ve y\u00fczde 25\u2019ide yurt d\u0131\u015f\u0131na ihra\u00e7 olmak \u00fczere al\u00fcminyum do\u011frama, mobilya, perde, du\u015fa kabin, perde ve g\u00fcne\u015f paneli sekt\u00f6r\u00fclerine al\u00fcminyum profil sa\u011flad\u0131klar\u0131n\u0131, \u00fcretmeye ve yat\u0131r\u0131m yapmaya devam edeceklerini kaydetti.<\/p>\n<p>Cumhurba\u015fkan\u0131 <a href=\"https:\/\/brtk.net\/\"\/><a href=\"https:\/\/brtk.net\/\"\/><a href=\"https:\/\/brtk.net\/\"\/><a href=\"https:\/\/brtk.net\/\"\/><a href=\"https:\/\/brtk.net\/\">Tatar<\/a>, Tanman Reklamc\u0131l\u0131k Direkt\u00f6r\u00fc H\u00fcseyin Tanman\u2019a ger\u00e7ekle\u015ftirdi\u011fi ziyarette reklamc\u0131l\u0131k alan\u0131ndaki geli\u015fmeleri, \u00d6z-\u0130\u015f Torna \u015eirketi yetkilileri Yurtda\u015f Mutluel ve Erta\u015f Mutluel ile g\u00f6r\u00fc\u015fmesinde tornac\u0131l\u0131k sekt\u00f6r\u00fc ve Bozbey Araba Yedek Par\u00e7a yetkilisi \u0130brahim Karademir ger\u00e7ekle\u015ftirdi\u011fi ziyarette ise sekt\u00f6rle ilgili mevcut durumu ve ekonomik geli\u015fmelerle ilgili g\u00f6r\u00fc\u015f al\u0131\u015fveri\u015finde bulundu.<\/p>\n<\/p><\/div>\n","protected":false},"excerpt":{"rendered":"<p>Cumhurba\u015fkan\u0131 Ersin Tatar, Lefko\u015fa Sanayi B\u00f6lgesi\u2019nde bulunan al\u00fcminyum, reklam, araba yedek par\u00e7a, torna i\u015fletmeleri ve \u00fcretim tesislerini ziyaret etti. Ediz Metal Direkt\u00f6r\u00fc ve Al\u00fcminyum Do\u011framac\u0131lar\u0131 Birli\u011fi Ba\u015fkan\u0131 Ediz Ta\u015fk\u0131n\u00e7ay\u2019a yap\u0131lan ziyarette konu\u015fan Cumhurba\u015fkan\u0131 Ersin Tatar, yerli sanayinin, al\u00fcminyum do\u011frama sekt\u00f6r\u00fcne malzeme \u00fcretmesi ve al\u00fcminyum profil kullan\u0131lan \u00fcr\u00fcnlerin ihracat\u0131n\u0131n ger\u00e7ekle\u015ftirilmesinin gurur verici oldu\u011funa dikkat \u00e7ekti. Cumhurba\u015fkan\u0131<\/p>\n","protected":false},"author":1,"featured_media":13112,"comment_status":"open","ping_status":"open","sticky":false,"template":"","format":"standard","meta":{"footnotes":""},"categories":[1],"tags":[],"class_list":["post-13111","post","type-post","status-publish","format-standard","has-post-thumbnail","hentry","category-gundem"],"yoast_head":"<!-- This site is optimized with the Yoast SEO plugin v27.4 - https:\/\/yoast.com\/product\/yoast-seo-wordpress\/ -->\n<title>\u201cSanayicilerimizin ihracata y\u00f6nelik yat\u0131r\u0131mlar\u0131n\u0131n artmas\u0131 gurur verici\u201d -<\/title>\n<meta name=\"robots\" content=\"index, follow, max-snippet:-1, max-image-preview:large, max-video-preview:-1\" \/>\n<link rel=\"canonical\" href=\"https:\/\/kibrisdakik.com\/?p=13111\" \/>\n<meta property=\"og:locale\" content=\"tr_TR\" \/>\n<meta property=\"og:type\" content=\"article\" \/>\n<meta property=\"og:title\" content=\"\u201cSanayicilerimizin ihracata y\u00f6nelik yat\u0131r\u0131mlar\u0131n\u0131n artmas\u0131 gurur verici\u201d -\" \/>\n<meta property=\"og:description\" content=\"Cumhurba\u015fkan\u0131 Ersin Tatar, Lefko\u015fa Sanayi B\u00f6lgesi\u2019nde bulunan al\u00fcminyum, reklam, araba yedek par\u00e7a, torna i\u015fletmeleri ve \u00fcretim tesislerini ziyaret etti. Ediz Metal Direkt\u00f6r\u00fc ve Al\u00fcminyum Do\u011framac\u0131lar\u0131 Birli\u011fi Ba\u015fkan\u0131 Ediz Ta\u015fk\u0131n\u00e7ay\u2019a yap\u0131lan ziyarette konu\u015fan Cumhurba\u015fkan\u0131 Ersin Tatar, yerli sanayinin, al\u00fcminyum do\u011frama sekt\u00f6r\u00fcne malzeme \u00fcretmesi ve al\u00fcminyum profil kullan\u0131lan \u00fcr\u00fcnlerin ihracat\u0131n\u0131n ger\u00e7ekle\u015ftirilmesinin gurur verici oldu\u011funa dikkat \u00e7ekti. Cumhurba\u015fkan\u0131\" \/>\n<meta property=\"og:url\" content=\"https:\/\/kibrisdakik.com\/?p=13111\" \/>\n<meta property=\"article:published_time\" content=\"2023-09-02T19:49:44+00:00\" \/>\n<meta property=\"og:image\" content=\"https:\/\/kibrisdakik.com\/wp-content\/uploads\/2023\/09\/sanayi-ziyaret-8--740x420.jpg\" \/>\n\t<meta property=\"og:image:width\" content=\"1600\" \/>\n\t<meta property=\"og:image:height\" content=\"1066\" \/>\n\t<meta property=\"og:image:type\" content=\"image\/jpeg\" \/>\n<meta name=\"author\" content=\"admin\" \/>\n<meta name=\"twitter:card\" content=\"summary_large_image\" \/>\n<meta name=\"twitter:label1\" content=\"Yazan:\" \/>\n\t<meta name=\"twitter:data1\" content=\"admin\" \/>\n\t<meta name=\"twitter:label2\" content=\"Tahmini okuma s\u00fcresi\" \/>\n\t<meta name=\"twitter:data2\" content=\"2 dakika\" \/>\n<script type=\"application\/ld+json\" class=\"yoast-schema-graph\">{\"@context\":\"https:\\\/\\\/schema.org\",\"@graph\":[{\"@type\":\"Article\",\"@id\":\"https:\\\/\\\/kibrisdakik.com\\\/?p=13111#article\",\"isPartOf\":{\"@id\":\"https:\\\/\\\/kibrisdakik.com\\\/?p=13111\"},\"author\":{\"name\":\"admin\",\"@id\":\"https:\\\/\\\/kibrisdakik.com\\\/#\\\/schema\\\/person\\\/9cd9d437bbb44f72b73ba127e06d8e79\"},\"headline\":\"\u201cSanayicilerimizin ihracata y\u00f6nelik yat\u0131r\u0131mlar\u0131n\u0131n artmas\u0131 gurur verici\u201d\",\"datePublished\":\"2023-09-02T19:49:44+00:00\",\"mainEntityOfPage\":{\"@id\":\"https:\\\/\\\/kibrisdakik.com\\\/?p=13111\"},\"wordCount\":411,\"commentCount\":0,\"image\":{\"@id\":\"https:\\\/\\\/kibrisdakik.com\\\/?p=13111#primaryimage\"},\"thumbnailUrl\":\"https:\\\/\\\/kibrisdakik.com\\\/wp-content\\\/uploads\\\/2023\\\/09\\\/sanayi-ziyaret-8--740x420.jpg\",\"articleSection\":[\"G\u00fcndem\"],\"inLanguage\":\"tr\",\"potentialAction\":[{\"@type\":\"CommentAction\",\"name\":\"Comment\",\"target\":[\"https:\\\/\\\/kibrisdakik.com\\\/?p=13111#respond\"]}]},{\"@type\":\"WebPage\",\"@id\":\"https:\\\/\\\/kibrisdakik.com\\\/?p=13111\",\"url\":\"https:\\\/\\\/kibrisdakik.com\\\/?p=13111\",\"name\":\"\u201cSanayicilerimizin ihracata y\u00f6nelik yat\u0131r\u0131mlar\u0131n\u0131n artmas\u0131 gurur verici\u201d -\",\"isPartOf\":{\"@id\":\"https:\\\/\\\/kibrisdakik.com\\\/#website\"},\"primaryImageOfPage\":{\"@id\":\"https:\\\/\\\/kibrisdakik.com\\\/?p=13111#primaryimage\"},\"image\":{\"@id\":\"https:\\\/\\\/kibrisdakik.com\\\/?p=13111#primaryimage\"},\"thumbnailUrl\":\"https:\\\/\\\/kibrisdakik.com\\\/wp-content\\\/uploads\\\/2023\\\/09\\\/sanayi-ziyaret-8--740x420.jpg\",\"datePublished\":\"2023-09-02T19:49:44+00:00\",\"author\":{\"@id\":\"https:\\\/\\\/kibrisdakik.com\\\/#\\\/schema\\\/person\\\/9cd9d437bbb44f72b73ba127e06d8e79\"},\"breadcrumb\":{\"@id\":\"https:\\\/\\\/kibrisdakik.com\\\/?p=13111#breadcrumb\"},\"inLanguage\":\"tr\",\"potentialAction\":[{\"@type\":\"ReadAction\",\"target\":[\"https:\\\/\\\/kibrisdakik.com\\\/?p=13111\"]}]},{\"@type\":\"ImageObject\",\"inLanguage\":\"tr\",\"@id\":\"https:\\\/\\\/kibrisdakik.com\\\/?p=13111#primaryimage\",\"url\":\"https:\\\/\\\/kibrisdakik.com\\\/wp-content\\\/uploads\\\/2023\\\/09\\\/sanayi-ziyaret-8--740x420.jpg\",\"contentUrl\":\"https:\\\/\\\/kibrisdakik.com\\\/wp-content\\\/uploads\\\/2023\\\/09\\\/sanayi-ziyaret-8--740x420.jpg\",\"width\":1600,\"height\":1066},{\"@type\":\"BreadcrumbList\",\"@id\":\"https:\\\/\\\/kibrisdakik.com\\\/?p=13111#breadcrumb\",\"itemListElement\":[{\"@type\":\"ListItem\",\"position\":1,\"name\":\"Home\",\"item\":\"https:\\\/\\\/kibrisdakik.com\\\/\"},{\"@type\":\"ListItem\",\"position\":2,\"name\":\"\u201cSanayicilerimizin ihracata y\u00f6nelik yat\u0131r\u0131mlar\u0131n\u0131n artmas\u0131 gurur verici\u201d\"}]},{\"@type\":\"WebSite\",\"@id\":\"https:\\\/\\\/kibrisdakik.com\\\/#website\",\"url\":\"https:\\\/\\\/kibrisdakik.com\\\/\",\"name\":\"\",\"description\":\"Tam vaktinde haber\",\"potentialAction\":[{\"@type\":\"SearchAction\",\"target\":{\"@type\":\"EntryPoint\",\"urlTemplate\":\"https:\\\/\\\/kibrisdakik.com\\\/?s={search_term_string}\"},\"query-input\":{\"@type\":\"PropertyValueSpecification\",\"valueRequired\":true,\"valueName\":\"search_term_string\"}}],\"inLanguage\":\"tr\"},{\"@type\":\"Person\",\"@id\":\"https:\\\/\\\/kibrisdakik.com\\\/#\\\/schema\\\/person\\\/9cd9d437bbb44f72b73ba127e06d8e79\",\"name\":\"admin\",\"image\":{\"@type\":\"ImageObject\",\"inLanguage\":\"tr\",\"@id\":\"https:\\\/\\\/secure.gravatar.com\\\/avatar\\\/ccc17943b9d660506c869530f897617f7cb1c21a4bf30023f252596d83e1f007?s=96&d=mm&r=g\",\"url\":\"https:\\\/\\\/secure.gravatar.com\\\/avatar\\\/ccc17943b9d660506c869530f897617f7cb1c21a4bf30023f252596d83e1f007?s=96&d=mm&r=g\",\"contentUrl\":\"https:\\\/\\\/secure.gravatar.com\\\/avatar\\\/ccc17943b9d660506c869530f897617f7cb1c21a4bf30023f252596d83e1f007?s=96&d=mm&r=g\",\"caption\":\"admin\"},\"sameAs\":[\"https:\\\/\\\/kibrisdakik.com\"],\"url\":\"https:\\\/\\\/kibrisdakik.com\\\/?author=1\"}]}<\/script>\n<!-- \/ Yoast SEO plugin. -->","yoast_head_json":{"title":"\u201cSanayicilerimizin ihracata y\u00f6nelik yat\u0131r\u0131mlar\u0131n\u0131n artmas\u0131 gurur verici\u201d -","robots":{"index":"index","follow":"follow","max-snippet":"max-snippet:-1","max-image-preview":"max-image-preview:large","max-video-preview":"max-video-preview:-1"},"canonical":"https:\/\/kibrisdakik.com\/?p=13111","og_locale":"tr_TR","og_type":"article","og_title":"\u201cSanayicilerimizin ihracata y\u00f6nelik yat\u0131r\u0131mlar\u0131n\u0131n artmas\u0131 gurur verici\u201d -","og_description":"Cumhurba\u015fkan\u0131 Ersin Tatar, Lefko\u015fa Sanayi B\u00f6lgesi\u2019nde bulunan al\u00fcminyum, reklam, araba yedek par\u00e7a, torna i\u015fletmeleri ve \u00fcretim tesislerini ziyaret etti. Ediz Metal Direkt\u00f6r\u00fc ve Al\u00fcminyum Do\u011framac\u0131lar\u0131 Birli\u011fi Ba\u015fkan\u0131 Ediz Ta\u015fk\u0131n\u00e7ay\u2019a yap\u0131lan ziyarette konu\u015fan Cumhurba\u015fkan\u0131 Ersin Tatar, yerli sanayinin, al\u00fcminyum do\u011frama sekt\u00f6r\u00fcne malzeme \u00fcretmesi ve al\u00fcminyum profil kullan\u0131lan \u00fcr\u00fcnlerin ihracat\u0131n\u0131n ger\u00e7ekle\u015ftirilmesinin gurur verici oldu\u011funa dikkat \u00e7ekti. Cumhurba\u015fkan\u0131","og_url":"https:\/\/kibrisdakik.com\/?p=13111","article_published_time":"2023-09-02T19:49:44+00:00","og_image":[{"width":1600,"height":1066,"url":"https:\/\/kibrisdakik.com\/wp-content\/uploads\/2023\/09\/sanayi-ziyaret-8--740x420.jpg","type":"image\/jpeg"}],"author":"admin","twitter_card":"summary_large_image","twitter_misc":{"Yazan:":"admin","Tahmini okuma s\u00fcresi":"2 dakika"},"schema":{"@context":"https:\/\/schema.org","@graph":[{"@type":"Article","@id":"https:\/\/kibrisdakik.com\/?p=13111#article","isPartOf":{"@id":"https:\/\/kibrisdakik.com\/?p=13111"},"author":{"name":"admin","@id":"https:\/\/kibrisdakik.com\/#\/schema\/person\/9cd9d437bbb44f72b73ba127e06d8e79"},"headline":"\u201cSanayicilerimizin ihracata y\u00f6nelik yat\u0131r\u0131mlar\u0131n\u0131n artmas\u0131 gurur verici\u201d","datePublished":"2023-09-02T19:49:44+00:00","mainEntityOfPage":{"@id":"https:\/\/kibrisdakik.com\/?p=13111"},"wordCount":411,"commentCount":0,"image":{"@id":"https:\/\/kibrisdakik.com\/?p=13111#primaryimage"},"thumbnailUrl":"https:\/\/kibrisdakik.com\/wp-content\/uploads\/2023\/09\/sanayi-ziyaret-8--740x420.jpg","articleSection":["G\u00fcndem"],"inLanguage":"tr","potentialAction":[{"@type":"CommentAction","name":"Comment","target":["https:\/\/kibrisdakik.com\/?p=13111#respond"]}]},{"@type":"WebPage","@id":"https:\/\/kibrisdakik.com\/?p=13111","url":"https:\/\/kibrisdakik.com\/?p=13111","name":"\u201cSanayicilerimizin ihracata y\u00f6nelik yat\u0131r\u0131mlar\u0131n\u0131n artmas\u0131 gurur verici\u201d -","isPartOf":{"@id":"https:\/\/kibrisdakik.com\/#website"},"primaryImageOfPage":{"@id":"https:\/\/kibrisdakik.com\/?p=13111#primaryimage"},"image":{"@id":"https:\/\/kibrisdakik.com\/?p=13111#primaryimage"},"thumbnailUrl":"https:\/\/kibrisdakik.com\/wp-content\/uploads\/2023\/09\/sanayi-ziyaret-8--740x420.jpg","datePublished":"2023-09-02T19:49:44+00:00","author":{"@id":"https:\/\/kibrisdakik.com\/#\/schema\/person\/9cd9d437bbb44f72b73ba127e06d8e79"},"breadcrumb":{"@id":"https:\/\/kibrisdakik.com\/?p=13111#breadcrumb"},"inLanguage":"tr","potentialAction":[{"@type":"ReadAction","target":["https:\/\/kibrisdakik.com\/?p=13111"]}]},{"@type":"ImageObject","inLanguage":"tr","@id":"https:\/\/kibrisdakik.com\/?p=13111#primaryimage","url":"https:\/\/kibrisdakik.com\/wp-content\/uploads\/2023\/09\/sanayi-ziyaret-8--740x420.jpg","contentUrl":"https:\/\/kibrisdakik.com\/wp-content\/uploads\/2023\/09\/sanayi-ziyaret-8--740x420.jpg","width":1600,"height":1066},{"@type":"BreadcrumbList","@id":"https:\/\/kibrisdakik.com\/?p=13111#breadcrumb","itemListElement":[{"@type":"ListItem","position":1,"name":"Home","item":"https:\/\/kibrisdakik.com\/"},{"@type":"ListItem","position":2,"name":"\u201cSanayicilerimizin ihracata y\u00f6nelik yat\u0131r\u0131mlar\u0131n\u0131n artmas\u0131 gurur verici\u201d"}]},{"@type":"WebSite","@id":"https:\/\/kibrisdakik.com\/#website","url":"https:\/\/kibrisdakik.com\/","name":"","description":"Tam vaktinde haber","potentialAction":[{"@type":"SearchAction","target":{"@type":"EntryPoint","urlTemplate":"https:\/\/kibrisdakik.com\/?s={search_term_string}"},"query-input":{"@type":"PropertyValueSpecification","valueRequired":true,"valueName":"search_term_string"}}],"inLanguage":"tr"},{"@type":"Person","@id":"https:\/\/kibrisdakik.com\/#\/schema\/person\/9cd9d437bbb44f72b73ba127e06d8e79","name":"admin","image":{"@type":"ImageObject","inLanguage":"tr","@id":"https:\/\/secure.gravatar.com\/avatar\/ccc17943b9d660506c869530f897617f7cb1c21a4bf30023f252596d83e1f007?s=96&d=mm&r=g","url":"https:\/\/secure.gravatar.com\/avatar\/ccc17943b9d660506c869530f897617f7cb1c21a4bf30023f252596d83e1f007?s=96&d=mm&r=g","contentUrl":"https:\/\/secure.gravatar.com\/avatar\/ccc17943b9d660506c869530f897617f7cb1c21a4bf30023f252596d83e1f007?s=96&d=mm&r=g","caption":"admin"},"sameAs":["https:\/\/kibrisdakik.com"],"url":"https:\/\/kibrisdakik.com\/?author=1"}]}},"_links":{"self":[{"href":"https:\/\/kibrisdakik.com\/index.php?rest_route=\/wp\/v2\/posts\/13111","targetHints":{"allow":["GET"]}}],"collection":[{"href":"https:\/\/kibrisdakik.com\/index.php?rest_route=\/wp\/v2\/posts"}],"about":[{"href":"https:\/\/kibrisdakik.com\/index.php?rest_route=\/wp\/v2\/types\/post"}],"author":[{"embeddable":true,"href":"https:\/\/kibrisdakik.com\/index.php?rest_route=\/wp\/v2\/users\/1"}],"replies":[{"embeddable":true,"href":"https:\/\/kibrisdakik.com\/index.php?rest_route=%2Fwp%2Fv2%2Fcomments&post=13111"}],"version-history":[{"count":0,"href":"https:\/\/kibrisdakik.com\/index.php?rest_route=\/wp\/v2\/posts\/13111\/revisions"}],"wp:featuredmedia":[{"embeddable":true,"href":"https:\/\/kibrisdakik.com\/index.php?rest_route=\/wp\/v2\/media\/13112"}],"wp:attachment":[{"href":"https:\/\/kibrisdakik.com\/index.php?rest_route=%2Fwp%2Fv2%2Fmedia&parent=13111"}],"wp:term":[{"taxonomy":"category","embeddable":true,"href":"https:\/\/kibrisdakik.com\/index.php?rest_route=%2Fwp%2Fv2%2Fcategories&post=13111"},{"taxonomy":"post_tag","embeddable":true,"href":"https:\/\/kibrisdakik.com\/index.php?rest_route=%2Fwp%2Fv2%2Ftags&post=13111"}],"curies":[{"name":"wp","href":"https:\/\/api.w.org\/{rel}","templated":true}]}}