{"id":13142,"date":"2023-09-03T16:15:23","date_gmt":"2023-09-03T16:15:23","guid":{"rendered":"https:\/\/kibrisdakik.com\/index.php\/2023\/09\/03\/ozersaydan-aciklama\/"},"modified":"2023-09-03T16:15:23","modified_gmt":"2023-09-03T16:15:23","slug":"ozersaydan-aciklama","status":"publish","type":"post","link":"https:\/\/kibrisdakik.com\/?p=13142","title":{"rendered":"\u00d6zersay\u2019dan a\u00e7\u0131klama"},"content":{"rendered":"<p><\/p>\n<div>\n<div class=\"mariselle-image-container center\">\n                <img width=\"1654\" height=\"1076\" class=\"lazy-image\" alt=\"\" decoding=\"async\" loading=\"lazy\" sizes=\"auto, (max-width: 1654px) 100vw, 1654px\" src=\"https:\/\/brtk.net\/wp-content\/uploads\/2023\/07\/21\/kudret-ozersay5.jpg?ver=ab5d646b823a5367561c855a8f6e1569\" srcset=\"https:\/\/brtk.net\/wp-content\/uploads\/2023\/07\/21\/kudret-ozersay5.jpg?ver=ab5d646b823a5367561c855a8f6e1569 1654w, https:\/\/brtk.net\/wp-content\/uploads\/2023\/07\/21\/kudret-ozersay5-300x195.jpg?ver=9e46f6603f3f439974f7460b77251106 300w, https:\/\/brtk.net\/wp-content\/uploads\/2023\/07\/21\/kudret-ozersay5-1024x666.jpg?ver=9e46f6603f3f439974f7460b77251106 1024w, https:\/\/brtk.net\/wp-content\/uploads\/2023\/07\/21\/kudret-ozersay5-768x500.jpg?ver=9e46f6603f3f439974f7460b77251106 768w, https:\/\/brtk.net\/wp-content\/uploads\/2023\/07\/21\/kudret-ozersay5-1536x999.jpg?ver=e1cd5a2317d694a7b1be5080ec0c2cc4 1536w\"\/>                            <\/div>\n<p>Halk\u0131n Partisi (HP) Genel Ba\u015fkan\u0131 Kudret \u00d6zersay, <a href=\"https:\/\/brtk.net\/\">UBP<\/a>-DP-YDP h\u00fck\u00fcmetinin ara se\u00e7im arifesinde onlarca ki\u015fiyi s\u0131navs\u0131z ve m\u00fcnhalsiz olarak, ge\u00e7ici i\u015f\u00e7i ad\u0131 alt\u0131nda partizanca i\u015fe ald\u0131\u011f\u0131n\u0131 savundu.<\/p>\n<p>Bu ama\u00e7la koalisyonun orta\u011f\u0131 \u00fc\u00e7 siyasi parti aras\u0131nda say\u0131 pazarl\u0131klar\u0131 yap\u0131ld\u0131\u011f\u0131n\u0131 ileri s\u00fcren \u00d6zersay, son yap\u0131lan Elektrik Kurumu s\u0131nav\u0131n\u0131n \u00f6nce iptal edildi\u011fini, daha sonra da \u201c\u015faibeli\u201d olarak niteledi\u011fi bir s\u0131nav\u0131n yap\u0131lmas\u0131yla yine partizanca i\u015fe al\u0131mlar yap\u0131ld\u0131\u011f\u0131n\u0131 savundu.<\/p>\n<p>Partililere \u00c7al\u0131\u015fma Dairesi\u2019nde i\u015fsizlik kayd\u0131 yapt\u0131rt\u0131larak yeni bir ge\u00e7ici i\u015f\u00e7i al\u0131m hamlesi yap\u0131ld\u0131\u011f\u0131n\u0131 ileri s\u00fcren \u00d6zersay, \u201cBu \u015fekilde haks\u0131z ve f\u0131rsat e\u015fitli\u011fini yerle bir eden istihdamlarla binlerce gencimize b\u00fcy\u00fck bir haks\u0131zl\u0131k yap\u0131l\u0131yor, devlet adeta \u00e7\u00f6kertiliyor\u201d dedi.<\/p>\n<p>-\u201cMuhalefet \u00fclkenin avu\u00e7lar\u0131m\u0131z aras\u0131ndan kay\u0131p gitmesine seyirci kal\u0131yor\u201d<\/p>\n<p>\u00d6zersay yapt\u0131\u011f\u0131 yaz\u0131l\u0131 a\u00e7\u0131klamada, \u201cMeclis\u2019te kalmay\u0131 tercih eden muhalefet ise bu h\u00fck\u00fcmetin sona ermesi i\u00e7in bir ad\u0131m atmak yerine \u00fclkenin avu\u00e7lar\u0131m\u0131z\u0131n aras\u0131ndan kay\u0131p gitmesine maalesef seyirci kal\u0131yor\u201d ifadelerini kulland\u0131.<\/p>\n<p>HP lideri a\u00e7\u0131klamas\u0131nda \u201cHerkesin anlamas\u0131 gereken bir \u015fey var, bu h\u00fck\u00fcmetin devam\u0131na m\u00fcsaade edersek \u00f6n\u00fcm\u00fczdeki 3-4 y\u0131l i\u00e7erisinde ta\u015f ta\u015f \u00fcst\u00fcnde kalmayacak, ortada Devlet diye bir \u015fey b\u0131rakmayacaklar, o zaman da \u00fclke y\u00f6netimine talip olman\u0131n anlam\u0131 kalmayacak, \u00e7\u00fcnk\u00fc ortada y\u00f6netecek bir devlet kalmayacak. Meclis\u2019te oturup kalan, bu h\u00fck\u00fcmetin istifa ettirilmesi i\u00e7in o koltuklardan kalkma ya da varsa ba\u015fka bir yoldan bu h\u00fck\u00fcmeti istifaya zorlama y\u00f6n\u00fcnde karar almayan <a href=\"https:\/\/brtk.net\/\">CTP<\/a>\u2019nin bu a\u00e7\u0131dan s\u0131rt\u0131nda b\u00fcy\u00fck bir sorumluluk vard\u0131r\u201d ifadelerini kulland\u0131.<\/p>\n<p>\u00d6zersay a\u00e7\u0131klamas\u0131nda ayr\u0131ca \u201cEn ac\u0131 olan da devleti sevdi\u011fini, devlete inand\u0131\u011f\u0131n\u0131 s\u00f6yleyenlerin devletin i\u00e7ini bo\u015faltmak adeta insanlar\u0131 devletten so\u011futmak i\u00e7in ellerinden geleni yap\u0131yor olduklar\u0131n\u0131 g\u00f6rmektir ve bu en yaman \u00e7eli\u015fkidir\u201d dedi.<\/p>\n<p>-Yanda\u015flar\u0131na liste verdiler<\/p>\n<p>\u00d6zersay a\u00e7\u0131klamas\u0131nda \u201cKendi partililerine \u00c7al\u0131\u015fma Dairesi\u2019ne gidip i\u015fsizlik kayd\u0131 yapt\u0131rmaya y\u00f6nlendiriyor ve insanlar\u0131n eline i\u015fe ba\u015flayabilmeleri i\u00e7in hangi belgeleri almalar\u0131 gerekti\u011fini belirten listeler veriyorlar\u201d ifadelerini kulland\u0131.<\/p>\n<p>\u00dclkede ba\u015fvurabilecek durumda olan herkesin haberdar olmas\u0131n\u0131 sa\u011flayacak \u015fekilde duyuru yap\u0131lmas\u0131 yerine duyurusuz, m\u00fcnhalsiz ve s\u0131navs\u0131z \u015fekilde yeni bir partizanca i\u015fe al\u0131m dalgas\u0131 ba\u015flat\u0131lmak \u00fczere olundu\u011funu iddia eden HP lideri \u00d6zersay \u201c\u00c7al\u0131\u015fma Dairesinin farkl\u0131 b\u00f6lgelerindeki birimlerine ba\u015fvurular patlam\u0131\u015f durumda, liyakatle de\u011fil kendilerine ve partilerine olan sadakatle istihdam yapmaya devam ediyorlar. Bu t\u00fcrden yakla\u015f\u0131mlar zaten \u00e7ok y\u0131pranm\u0131\u015f olan kamu b\u00fcrokrasisini tamamen bitirecek, bu kafayla devlet diye bir yap\u0131 b\u0131rakmayacaklar\u2026 Bu \u00fclkede ya\u015fayan di\u011fer gen\u00e7ler bu memleketin evlad\u0131 de\u011fil mi? F\u0131rsat e\u015fitli\u011fi sa\u011flay\u0131p s\u0131navla herkese bu \u015fans\u0131 tan\u0131mak gerekirken bu partizanca yakla\u015f\u0131mlarla bu \u00fclkeye en b\u00fcy\u00fck k\u00f6t\u00fcl\u00fck yap\u0131l\u0131yor ve \u00fclkenin gen\u00e7lerini kendi \u00fclkelerinden so\u011futuyorlar\u201d dedi.<\/p>\n<p>-\u201cAra se\u00e7imden \u00f6nce de b\u00f6yle yapm\u0131\u015flard\u0131\u201d<\/p>\n<p>\u00d6zersay \u201cBu gayrime\u015fru h\u00fck\u00fcmet ara se\u00e7imden \u00f6nce de se\u00e7im yasaklar\u0131n\u0131n s\u00fcresini <a href=\"https:\/\/brtk.net\/\">CTP<\/a> ile birlikte k\u0131saltt\u0131ktan sonra bunu da f\u0131rsat bilerek hemen se\u00e7im \u00f6ncesinde partizanca s\u0131navs\u0131z ve m\u00fcnhalsiz istihdamlar yapm\u0131\u015ft\u0131. Hatta <a href=\"https:\/\/brtk.net\/\">UBP<\/a>, DP ve YDP rakamlar\u0131 kendi aralar\u0131nda payla\u015fm\u0131\u015flard\u0131. Devleti ger\u00e7ekten seven ve savunan kimse bunu bu \u00fclkeye, bu devlete yapmaz. O nedenle bu \u00fclkeye, bu devlete ger\u00e7ekten inan\u0131yorlar m\u0131, ger\u00e7ekten sahip mi \u00e7\u0131k\u0131yorlar yoksa bu devlet bizim partimizindir diyerek parti devleti mi yaratmaya \u00e7al\u0131\u015f\u0131yorlar herkes bunu \u00e7ok iyi d\u00fc\u015f\u00fcnmelidir\u201d ifadelerini kulland\u0131.<\/p>\n<p>-\u201cEngelli bireylerin a\u011fz\u0131na bir parmak bal s\u00fcrd\u00fcler ama\u2026\u201d<\/p>\n<p>\u00d6zersay \u201cGayrime\u015fru h\u00fck\u00fcmetin birinci kurulu\u015f y\u0131ld\u00f6n\u00fcm\u00fc nedeniyle d\u00fczenlenen bas\u0131n toplant\u0131s\u0131nda y\u0131l sonuna kadar 50 engelli bireyin devlette istihdam edilece\u011fi a\u00e7\u0131klanm\u0131\u015f ve \u00fclkemizdeki engelli bireylerin a\u011fz\u0131na bir parmak bal s\u00fcr\u00fclm\u00fc\u015ft\u00fc. Sonradan bu konuda engelli dernekleriyle isti\u015fare edilmedi\u011fi, Ba\u015fbakanl\u0131\u011f\u0131n \u00c7al\u0131\u015fma Dairesi\u2019nden herhangi bir kay\u0131tl\u0131 engelli listesi konusunda liste istemedi\u011fi ve kendi bildikleri gibi muhtemelen de belirli kriterlere g\u00f6re de\u011fil yine partizanca istihdam yapma yoluna gidecekleri yani mevcut haks\u0131zl\u0131klara yeni haks\u0131zl\u0131klar ekleyecekleri ortaya \u00e7\u0131kt\u0131.\u201d ifadelerini kulland\u0131.<\/p>\n<p>\u00d6zersay \u201cEngelliler konusundaki a\u00e7\u0131klama muhtemelen o d\u00f6nemde se\u00e7im \u00f6ncesinde yapacaklar\u0131 s\u0131navs\u0131z ve partizanca istihdamlara gelecek tepkileri yat\u0131\u015ft\u0131rmak i\u00e7in yap\u0131lm\u0131\u015ft\u0131 ve e\u011fer bu 50 ki\u015filik istihdam\u0131 yapacaklarsa da yine adil yapmayacaklar, bunu da yine yanda\u015f istihdam\u0131na d\u00f6n\u00fc\u015ft\u00fcrecekler\u201d dedi.<\/p>\n<p>\u201cKIB-TEK s\u0131nav\u0131na da \u015faibe kar\u0131\u015ft\u0131rd\u0131lar\u201d<\/p>\n<p>\u00d6zersay a\u00e7\u0131klamas\u0131nda son d\u00f6nemde Elektrik Kurumu s\u0131nav\u0131n\u0131n \u00f6nce \u015faibe iddialar\u0131 nedeniyle iptal edildi\u011fini savunarak,  HP Enerji Komitesi Ba\u015fkan\u0131 ve MYO \u00dcyesi Yusuf Avc\u0131o\u011flu\u2019nun son yap\u0131lan s\u0131nav\u0131 \u201c\u015faibeli\u201d olarak de\u011ferlendiren a\u00e7\u0131klamalar\u0131 bulundu\u011funu da belirtti.<\/p>\n<\/p><\/div>\n","protected":false},"excerpt":{"rendered":"<p>Halk\u0131n Partisi (HP) Genel Ba\u015fkan\u0131 Kudret \u00d6zersay, UBP-DP-YDP h\u00fck\u00fcmetinin ara se\u00e7im arifesinde onlarca ki\u015fiyi s\u0131navs\u0131z ve m\u00fcnhalsiz olarak, ge\u00e7ici i\u015f\u00e7i ad\u0131 alt\u0131nda partizanca i\u015fe ald\u0131\u011f\u0131n\u0131 savundu. Bu ama\u00e7la koalisyonun orta\u011f\u0131 \u00fc\u00e7 siyasi parti aras\u0131nda say\u0131 pazarl\u0131klar\u0131 yap\u0131ld\u0131\u011f\u0131n\u0131 ileri s\u00fcren \u00d6zersay, son yap\u0131lan Elektrik Kurumu s\u0131nav\u0131n\u0131n \u00f6nce iptal edildi\u011fini, daha sonra da \u201c\u015faibeli\u201d olarak niteledi\u011fi bir<\/p>\n","protected":false},"author":1,"featured_media":13143,"comment_status":"open","ping_status":"open","sticky":false,"template":"","format":"standard","meta":{"footnotes":""},"categories":[1],"tags":[],"class_list":["post-13142","post","type-post","status-publish","format-standard","has-post-thumbnail","hentry","category-gundem"],"yoast_head":"<!-- This site is optimized with the Yoast SEO plugin v27.4 - https:\/\/yoast.com\/product\/yoast-seo-wordpress\/ -->\n<title>\u00d6zersay\u2019dan a\u00e7\u0131klama -<\/title>\n<meta name=\"robots\" content=\"index, follow, max-snippet:-1, max-image-preview:large, max-video-preview:-1\" \/>\n<link rel=\"canonical\" href=\"https:\/\/kibrisdakik.com\/?p=13142\" \/>\n<meta property=\"og:locale\" content=\"tr_TR\" \/>\n<meta property=\"og:type\" content=\"article\" \/>\n<meta property=\"og:title\" content=\"\u00d6zersay\u2019dan a\u00e7\u0131klama -\" \/>\n<meta property=\"og:description\" content=\"Halk\u0131n Partisi (HP) Genel Ba\u015fkan\u0131 Kudret \u00d6zersay, UBP-DP-YDP h\u00fck\u00fcmetinin ara se\u00e7im arifesinde onlarca ki\u015fiyi s\u0131navs\u0131z ve m\u00fcnhalsiz olarak, ge\u00e7ici i\u015f\u00e7i ad\u0131 alt\u0131nda partizanca i\u015fe ald\u0131\u011f\u0131n\u0131 savundu. Bu ama\u00e7la koalisyonun orta\u011f\u0131 \u00fc\u00e7 siyasi parti aras\u0131nda say\u0131 pazarl\u0131klar\u0131 yap\u0131ld\u0131\u011f\u0131n\u0131 ileri s\u00fcren \u00d6zersay, son yap\u0131lan Elektrik Kurumu s\u0131nav\u0131n\u0131n \u00f6nce iptal edildi\u011fini, daha sonra da \u201c\u015faibeli\u201d olarak niteledi\u011fi bir\" \/>\n<meta property=\"og:url\" content=\"https:\/\/kibrisdakik.com\/?p=13142\" \/>\n<meta property=\"article:published_time\" content=\"2023-09-03T16:15:23+00:00\" \/>\n<meta property=\"og:image\" content=\"https:\/\/kibrisdakik.com\/wp-content\/uploads\/2023\/09\/kudret-ozersay5-740x420.jpg\" \/>\n\t<meta property=\"og:image:width\" content=\"1654\" \/>\n\t<meta property=\"og:image:height\" content=\"1076\" \/>\n\t<meta property=\"og:image:type\" content=\"image\/jpeg\" \/>\n<meta name=\"author\" content=\"admin\" \/>\n<meta name=\"twitter:card\" content=\"summary_large_image\" \/>\n<meta name=\"twitter:label1\" content=\"Yazan:\" \/>\n\t<meta name=\"twitter:data1\" content=\"admin\" \/>\n\t<meta name=\"twitter:label2\" content=\"Tahmini okuma s\u00fcresi\" \/>\n\t<meta name=\"twitter:data2\" content=\"4 dakika\" \/>\n<script type=\"application\/ld+json\" class=\"yoast-schema-graph\">{\"@context\":\"https:\\\/\\\/schema.org\",\"@graph\":[{\"@type\":\"Article\",\"@id\":\"https:\\\/\\\/kibrisdakik.com\\\/?p=13142#article\",\"isPartOf\":{\"@id\":\"https:\\\/\\\/kibrisdakik.com\\\/?p=13142\"},\"author\":{\"name\":\"admin\",\"@id\":\"https:\\\/\\\/kibrisdakik.com\\\/#\\\/schema\\\/person\\\/9cd9d437bbb44f72b73ba127e06d8e79\"},\"headline\":\"\u00d6zersay\u2019dan a\u00e7\u0131klama\",\"datePublished\":\"2023-09-03T16:15:23+00:00\",\"mainEntityOfPage\":{\"@id\":\"https:\\\/\\\/kibrisdakik.com\\\/?p=13142\"},\"wordCount\":901,\"commentCount\":0,\"image\":{\"@id\":\"https:\\\/\\\/kibrisdakik.com\\\/?p=13142#primaryimage\"},\"thumbnailUrl\":\"https:\\\/\\\/kibrisdakik.com\\\/wp-content\\\/uploads\\\/2023\\\/09\\\/kudret-ozersay5-740x420.jpg\",\"articleSection\":[\"G\u00fcndem\"],\"inLanguage\":\"tr\",\"potentialAction\":[{\"@type\":\"CommentAction\",\"name\":\"Comment\",\"target\":[\"https:\\\/\\\/kibrisdakik.com\\\/?p=13142#respond\"]}]},{\"@type\":\"WebPage\",\"@id\":\"https:\\\/\\\/kibrisdakik.com\\\/?p=13142\",\"url\":\"https:\\\/\\\/kibrisdakik.com\\\/?p=13142\",\"name\":\"\u00d6zersay\u2019dan a\u00e7\u0131klama -\",\"isPartOf\":{\"@id\":\"https:\\\/\\\/kibrisdakik.com\\\/#website\"},\"primaryImageOfPage\":{\"@id\":\"https:\\\/\\\/kibrisdakik.com\\\/?p=13142#primaryimage\"},\"image\":{\"@id\":\"https:\\\/\\\/kibrisdakik.com\\\/?p=13142#primaryimage\"},\"thumbnailUrl\":\"https:\\\/\\\/kibrisdakik.com\\\/wp-content\\\/uploads\\\/2023\\\/09\\\/kudret-ozersay5-740x420.jpg\",\"datePublished\":\"2023-09-03T16:15:23+00:00\",\"author\":{\"@id\":\"https:\\\/\\\/kibrisdakik.com\\\/#\\\/schema\\\/person\\\/9cd9d437bbb44f72b73ba127e06d8e79\"},\"breadcrumb\":{\"@id\":\"https:\\\/\\\/kibrisdakik.com\\\/?p=13142#breadcrumb\"},\"inLanguage\":\"tr\",\"potentialAction\":[{\"@type\":\"ReadAction\",\"target\":[\"https:\\\/\\\/kibrisdakik.com\\\/?p=13142\"]}]},{\"@type\":\"ImageObject\",\"inLanguage\":\"tr\",\"@id\":\"https:\\\/\\\/kibrisdakik.com\\\/?p=13142#primaryimage\",\"url\":\"https:\\\/\\\/kibrisdakik.com\\\/wp-content\\\/uploads\\\/2023\\\/09\\\/kudret-ozersay5-740x420.jpg\",\"contentUrl\":\"https:\\\/\\\/kibrisdakik.com\\\/wp-content\\\/uploads\\\/2023\\\/09\\\/kudret-ozersay5-740x420.jpg\",\"width\":1654,\"height\":1076},{\"@type\":\"BreadcrumbList\",\"@id\":\"https:\\\/\\\/kibrisdakik.com\\\/?p=13142#breadcrumb\",\"itemListElement\":[{\"@type\":\"ListItem\",\"position\":1,\"name\":\"Home\",\"item\":\"https:\\\/\\\/kibrisdakik.com\\\/\"},{\"@type\":\"ListItem\",\"position\":2,\"name\":\"\u00d6zersay\u2019dan a\u00e7\u0131klama\"}]},{\"@type\":\"WebSite\",\"@id\":\"https:\\\/\\\/kibrisdakik.com\\\/#website\",\"url\":\"https:\\\/\\\/kibrisdakik.com\\\/\",\"name\":\"\",\"description\":\"Tam vaktinde haber\",\"potentialAction\":[{\"@type\":\"SearchAction\",\"target\":{\"@type\":\"EntryPoint\",\"urlTemplate\":\"https:\\\/\\\/kibrisdakik.com\\\/?s={search_term_string}\"},\"query-input\":{\"@type\":\"PropertyValueSpecification\",\"valueRequired\":true,\"valueName\":\"search_term_string\"}}],\"inLanguage\":\"tr\"},{\"@type\":\"Person\",\"@id\":\"https:\\\/\\\/kibrisdakik.com\\\/#\\\/schema\\\/person\\\/9cd9d437bbb44f72b73ba127e06d8e79\",\"name\":\"admin\",\"image\":{\"@type\":\"ImageObject\",\"inLanguage\":\"tr\",\"@id\":\"https:\\\/\\\/secure.gravatar.com\\\/avatar\\\/ccc17943b9d660506c869530f897617f7cb1c21a4bf30023f252596d83e1f007?s=96&d=mm&r=g\",\"url\":\"https:\\\/\\\/secure.gravatar.com\\\/avatar\\\/ccc17943b9d660506c869530f897617f7cb1c21a4bf30023f252596d83e1f007?s=96&d=mm&r=g\",\"contentUrl\":\"https:\\\/\\\/secure.gravatar.com\\\/avatar\\\/ccc17943b9d660506c869530f897617f7cb1c21a4bf30023f252596d83e1f007?s=96&d=mm&r=g\",\"caption\":\"admin\"},\"sameAs\":[\"https:\\\/\\\/kibrisdakik.com\"],\"url\":\"https:\\\/\\\/kibrisdakik.com\\\/?author=1\"}]}<\/script>\n<!-- \/ Yoast SEO plugin. -->","yoast_head_json":{"title":"\u00d6zersay\u2019dan a\u00e7\u0131klama -","robots":{"index":"index","follow":"follow","max-snippet":"max-snippet:-1","max-image-preview":"max-image-preview:large","max-video-preview":"max-video-preview:-1"},"canonical":"https:\/\/kibrisdakik.com\/?p=13142","og_locale":"tr_TR","og_type":"article","og_title":"\u00d6zersay\u2019dan a\u00e7\u0131klama -","og_description":"Halk\u0131n Partisi (HP) Genel Ba\u015fkan\u0131 Kudret \u00d6zersay, UBP-DP-YDP h\u00fck\u00fcmetinin ara se\u00e7im arifesinde onlarca ki\u015fiyi s\u0131navs\u0131z ve m\u00fcnhalsiz olarak, ge\u00e7ici i\u015f\u00e7i ad\u0131 alt\u0131nda partizanca i\u015fe ald\u0131\u011f\u0131n\u0131 savundu. Bu ama\u00e7la koalisyonun orta\u011f\u0131 \u00fc\u00e7 siyasi parti aras\u0131nda say\u0131 pazarl\u0131klar\u0131 yap\u0131ld\u0131\u011f\u0131n\u0131 ileri s\u00fcren \u00d6zersay, son yap\u0131lan Elektrik Kurumu s\u0131nav\u0131n\u0131n \u00f6nce iptal edildi\u011fini, daha sonra da \u201c\u015faibeli\u201d olarak niteledi\u011fi bir","og_url":"https:\/\/kibrisdakik.com\/?p=13142","article_published_time":"2023-09-03T16:15:23+00:00","og_image":[{"width":1654,"height":1076,"url":"https:\/\/kibrisdakik.com\/wp-content\/uploads\/2023\/09\/kudret-ozersay5-740x420.jpg","type":"image\/jpeg"}],"author":"admin","twitter_card":"summary_large_image","twitter_misc":{"Yazan:":"admin","Tahmini okuma s\u00fcresi":"4 dakika"},"schema":{"@context":"https:\/\/schema.org","@graph":[{"@type":"Article","@id":"https:\/\/kibrisdakik.com\/?p=13142#article","isPartOf":{"@id":"https:\/\/kibrisdakik.com\/?p=13142"},"author":{"name":"admin","@id":"https:\/\/kibrisdakik.com\/#\/schema\/person\/9cd9d437bbb44f72b73ba127e06d8e79"},"headline":"\u00d6zersay\u2019dan a\u00e7\u0131klama","datePublished":"2023-09-03T16:15:23+00:00","mainEntityOfPage":{"@id":"https:\/\/kibrisdakik.com\/?p=13142"},"wordCount":901,"commentCount":0,"image":{"@id":"https:\/\/kibrisdakik.com\/?p=13142#primaryimage"},"thumbnailUrl":"https:\/\/kibrisdakik.com\/wp-content\/uploads\/2023\/09\/kudret-ozersay5-740x420.jpg","articleSection":["G\u00fcndem"],"inLanguage":"tr","potentialAction":[{"@type":"CommentAction","name":"Comment","target":["https:\/\/kibrisdakik.com\/?p=13142#respond"]}]},{"@type":"WebPage","@id":"https:\/\/kibrisdakik.com\/?p=13142","url":"https:\/\/kibrisdakik.com\/?p=13142","name":"\u00d6zersay\u2019dan a\u00e7\u0131klama -","isPartOf":{"@id":"https:\/\/kibrisdakik.com\/#website"},"primaryImageOfPage":{"@id":"https:\/\/kibrisdakik.com\/?p=13142#primaryimage"},"image":{"@id":"https:\/\/kibrisdakik.com\/?p=13142#primaryimage"},"thumbnailUrl":"https:\/\/kibrisdakik.com\/wp-content\/uploads\/2023\/09\/kudret-ozersay5-740x420.jpg","datePublished":"2023-09-03T16:15:23+00:00","author":{"@id":"https:\/\/kibrisdakik.com\/#\/schema\/person\/9cd9d437bbb44f72b73ba127e06d8e79"},"breadcrumb":{"@id":"https:\/\/kibrisdakik.com\/?p=13142#breadcrumb"},"inLanguage":"tr","potentialAction":[{"@type":"ReadAction","target":["https:\/\/kibrisdakik.com\/?p=13142"]}]},{"@type":"ImageObject","inLanguage":"tr","@id":"https:\/\/kibrisdakik.com\/?p=13142#primaryimage","url":"https:\/\/kibrisdakik.com\/wp-content\/uploads\/2023\/09\/kudret-ozersay5-740x420.jpg","contentUrl":"https:\/\/kibrisdakik.com\/wp-content\/uploads\/2023\/09\/kudret-ozersay5-740x420.jpg","width":1654,"height":1076},{"@type":"BreadcrumbList","@id":"https:\/\/kibrisdakik.com\/?p=13142#breadcrumb","itemListElement":[{"@type":"ListItem","position":1,"name":"Home","item":"https:\/\/kibrisdakik.com\/"},{"@type":"ListItem","position":2,"name":"\u00d6zersay\u2019dan a\u00e7\u0131klama"}]},{"@type":"WebSite","@id":"https:\/\/kibrisdakik.com\/#website","url":"https:\/\/kibrisdakik.com\/","name":"","description":"Tam vaktinde haber","potentialAction":[{"@type":"SearchAction","target":{"@type":"EntryPoint","urlTemplate":"https:\/\/kibrisdakik.com\/?s={search_term_string}"},"query-input":{"@type":"PropertyValueSpecification","valueRequired":true,"valueName":"search_term_string"}}],"inLanguage":"tr"},{"@type":"Person","@id":"https:\/\/kibrisdakik.com\/#\/schema\/person\/9cd9d437bbb44f72b73ba127e06d8e79","name":"admin","image":{"@type":"ImageObject","inLanguage":"tr","@id":"https:\/\/secure.gravatar.com\/avatar\/ccc17943b9d660506c869530f897617f7cb1c21a4bf30023f252596d83e1f007?s=96&d=mm&r=g","url":"https:\/\/secure.gravatar.com\/avatar\/ccc17943b9d660506c869530f897617f7cb1c21a4bf30023f252596d83e1f007?s=96&d=mm&r=g","contentUrl":"https:\/\/secure.gravatar.com\/avatar\/ccc17943b9d660506c869530f897617f7cb1c21a4bf30023f252596d83e1f007?s=96&d=mm&r=g","caption":"admin"},"sameAs":["https:\/\/kibrisdakik.com"],"url":"https:\/\/kibrisdakik.com\/?author=1"}]}},"_links":{"self":[{"href":"https:\/\/kibrisdakik.com\/index.php?rest_route=\/wp\/v2\/posts\/13142","targetHints":{"allow":["GET"]}}],"collection":[{"href":"https:\/\/kibrisdakik.com\/index.php?rest_route=\/wp\/v2\/posts"}],"about":[{"href":"https:\/\/kibrisdakik.com\/index.php?rest_route=\/wp\/v2\/types\/post"}],"author":[{"embeddable":true,"href":"https:\/\/kibrisdakik.com\/index.php?rest_route=\/wp\/v2\/users\/1"}],"replies":[{"embeddable":true,"href":"https:\/\/kibrisdakik.com\/index.php?rest_route=%2Fwp%2Fv2%2Fcomments&post=13142"}],"version-history":[{"count":0,"href":"https:\/\/kibrisdakik.com\/index.php?rest_route=\/wp\/v2\/posts\/13142\/revisions"}],"wp:featuredmedia":[{"embeddable":true,"href":"https:\/\/kibrisdakik.com\/index.php?rest_route=\/wp\/v2\/media\/13143"}],"wp:attachment":[{"href":"https:\/\/kibrisdakik.com\/index.php?rest_route=%2Fwp%2Fv2%2Fmedia&parent=13142"}],"wp:term":[{"taxonomy":"category","embeddable":true,"href":"https:\/\/kibrisdakik.com\/index.php?rest_route=%2Fwp%2Fv2%2Fcategories&post=13142"},{"taxonomy":"post_tag","embeddable":true,"href":"https:\/\/kibrisdakik.com\/index.php?rest_route=%2Fwp%2Fv2%2Ftags&post=13142"}],"curies":[{"name":"wp","href":"https:\/\/api.w.org\/{rel}","templated":true}]}}