{"id":13158,"date":"2023-09-04T07:12:54","date_gmt":"2023-09-04T07:12:54","guid":{"rendered":"https:\/\/kibrisdakik.com\/index.php\/2023\/09\/04\/turkiyede-en-yuksek-agustos-ayi-ihracati-yapildi\/"},"modified":"2023-09-04T07:12:54","modified_gmt":"2023-09-04T07:12:54","slug":"turkiyede-en-yuksek-agustos-ayi-ihracati-yapildi","status":"publish","type":"post","link":"https:\/\/kibrisdakik.com\/?p=13158","title":{"rendered":"T\u00fcrkiye\u2019de en y\u00fcksek a\u011fustos ay\u0131 ihracat\u0131 yap\u0131ld\u0131"},"content":{"rendered":"<p><\/p>\n<div>\n<div class=\"mariselle-image-container center\">\n                <img width=\"1280\" height=\"720\" class=\"lazy-image\" alt=\"\" decoding=\"async\" loading=\"lazy\" sizes=\"auto, (max-width: 1280px) 100vw, 1280px\" src=\"https:\/\/brtk.net\/wp-content\/uploads\/2023\/09\/04\/ihracat-aa-1886863.jpg?ver=c0082c79837294b29c99037e81291449\" srcset=\"https:\/\/brtk.net\/wp-content\/uploads\/2023\/09\/04\/ihracat-aa-1886863.jpg?ver=c0082c79837294b29c99037e81291449 1280w, https:\/\/brtk.net\/wp-content\/uploads\/2023\/09\/04\/ihracat-aa-1886863-300x169.jpg?ver=ad656dbaa03be72a5d460af5042ee5d6 300w, https:\/\/brtk.net\/wp-content\/uploads\/2023\/09\/04\/ihracat-aa-1886863-1024x576.jpg?ver=ad656dbaa03be72a5d460af5042ee5d6 1024w, https:\/\/brtk.net\/wp-content\/uploads\/2023\/09\/04\/ihracat-aa-1886863-768x432.jpg?ver=ad656dbaa03be72a5d460af5042ee5d6 768w\"\/>                            <\/div>\n<p>T\u00fcrkiye\u2019de A\u011fustos ay\u0131nda ihracat y\u00fczde 1,6 oran\u0131nda art\u0131\u015fla 21 milyar 619 milyon <a href=\"https:\/\/brtk.net\/\"\/><a href=\"https:\/\/brtk.net\/\"\/><a href=\"https:\/\/brtk.net\/\"\/><a href=\"https:\/\/brtk.net\/\"\/><a href=\"https:\/\/brtk.net\/\"\/><a href=\"https:\/\/brtk.net\/\"\/><a href=\"https:\/\/brtk.net\/\"\/><a href=\"https:\/\/brtk.net\/\"\/><a href=\"https:\/\/brtk.net\/\"\/><a href=\"https:\/\/brtk.net\/\"\/><a href=\"https:\/\/brtk.net\/\"\/><a href=\"https:\/\/brtk.net\/\"\/><a href=\"https:\/\/brtk.net\/\"\/><a href=\"https:\/\/brtk.net\/\"\/><a href=\"https:\/\/brtk.net\/\"\/><a href=\"https:\/\/brtk.net\/\"\/><a href=\"https:\/\/brtk.net\/\"\/><a href=\"https:\/\/brtk.net\/\">dolar<\/a> seviyesine y\u00fckseldi. B\u00f6ylelikle en y\u00fcksek a\u011fustos ay\u0131 ihracat de\u011ferine ula\u015f\u0131ld\u0131.<\/p>\n<p>TC Ticaret Bakan\u0131 \u00d6mer Bolat, sosyal medya hesab\u0131ndan a\u011fustos ay\u0131 ihracat rakamlar\u0131na ili\u015fkin a\u00e7\u0131klama yapt\u0131. <\/p>\n<p>Bolat, deprem felaketine ve k\u00fcresel ekonomideki yava\u015flamaya ra\u011fmen ihracat\u0131n dayan\u0131kl\u0131 seyrini s\u00fcrd\u00fcrd\u00fc\u011f\u00fcn\u00fc a\u00e7\u0131klad\u0131. <\/p>\n<p>Bakan Bolat, a\u011fustos ay\u0131nda ihracat\u0131n y\u00fczde 1,6 oran\u0131nda art\u0131\u015fla 21 milyar 619 milyon <a href=\"https:\/\/brtk.net\/\"\/><a href=\"https:\/\/brtk.net\/\"\/><a href=\"https:\/\/brtk.net\/\"\/><a href=\"https:\/\/brtk.net\/\"\/><a href=\"https:\/\/brtk.net\/\"\/><a href=\"https:\/\/brtk.net\/\"\/><a href=\"https:\/\/brtk.net\/\"\/><a href=\"https:\/\/brtk.net\/\"\/><a href=\"https:\/\/brtk.net\/\"\/><a href=\"https:\/\/brtk.net\/\"\/><a href=\"https:\/\/brtk.net\/\"\/><a href=\"https:\/\/brtk.net\/\"\/><a href=\"https:\/\/brtk.net\/\"\/><a href=\"https:\/\/brtk.net\/\"\/><a href=\"https:\/\/brtk.net\/\"\/><a href=\"https:\/\/brtk.net\/\"\/><a href=\"https:\/\/brtk.net\/\"\/><a href=\"https:\/\/brtk.net\/\">dolar<\/a> seviyesine y\u00fckseldi\u011fini, b\u00f6ylelikle en y\u00fcksek a\u011fustos ay\u0131 ihracat de\u011ferine ula\u015f\u0131ld\u0131\u011f\u0131n\u0131 duyurdu. <\/p>\n<p>En fazla ihracat yap\u0131lan \u00fclkeler ise 1,8 milyar <a href=\"https:\/\/brtk.net\/\"\/><a href=\"https:\/\/brtk.net\/\"\/><a href=\"https:\/\/brtk.net\/\"\/><a href=\"https:\/\/brtk.net\/\"\/><a href=\"https:\/\/brtk.net\/\"\/><a href=\"https:\/\/brtk.net\/\"\/><a href=\"https:\/\/brtk.net\/\"\/><a href=\"https:\/\/brtk.net\/\"\/><a href=\"https:\/\/brtk.net\/\"\/><a href=\"https:\/\/brtk.net\/\"\/><a href=\"https:\/\/brtk.net\/\"\/><a href=\"https:\/\/brtk.net\/\"\/><a href=\"https:\/\/brtk.net\/\"\/><a href=\"https:\/\/brtk.net\/\"\/><a href=\"https:\/\/brtk.net\/\"\/><a href=\"https:\/\/brtk.net\/\"\/><a href=\"https:\/\/brtk.net\/\"\/><a href=\"https:\/\/brtk.net\/\">dolar<\/a> ile Almanya, 1,3 milyar <a href=\"https:\/\/brtk.net\/\"\/><a href=\"https:\/\/brtk.net\/\"\/><a href=\"https:\/\/brtk.net\/\"\/><a href=\"https:\/\/brtk.net\/\"\/><a href=\"https:\/\/brtk.net\/\"\/><a href=\"https:\/\/brtk.net\/\"\/><a href=\"https:\/\/brtk.net\/\"\/><a href=\"https:\/\/brtk.net\/\"\/><a href=\"https:\/\/brtk.net\/\"\/><a href=\"https:\/\/brtk.net\/\"\/><a href=\"https:\/\/brtk.net\/\"\/><a href=\"https:\/\/brtk.net\/\"\/><a href=\"https:\/\/brtk.net\/\"\/><a href=\"https:\/\/brtk.net\/\"\/><a href=\"https:\/\/brtk.net\/\"\/><a href=\"https:\/\/brtk.net\/\"\/><a href=\"https:\/\/brtk.net\/\"\/><a href=\"https:\/\/brtk.net\/\">dolar<\/a> ile ABD, 1,1 milyar <a href=\"https:\/\/brtk.net\/\"\/><a href=\"https:\/\/brtk.net\/\"\/><a href=\"https:\/\/brtk.net\/\"\/><a href=\"https:\/\/brtk.net\/\"\/><a href=\"https:\/\/brtk.net\/\"\/><a href=\"https:\/\/brtk.net\/\"\/><a href=\"https:\/\/brtk.net\/\"\/><a href=\"https:\/\/brtk.net\/\"\/><a href=\"https:\/\/brtk.net\/\"\/><a href=\"https:\/\/brtk.net\/\"\/><a href=\"https:\/\/brtk.net\/\"\/><a href=\"https:\/\/brtk.net\/\"\/><a href=\"https:\/\/brtk.net\/\"\/><a href=\"https:\/\/brtk.net\/\"\/><a href=\"https:\/\/brtk.net\/\"\/><a href=\"https:\/\/brtk.net\/\"\/><a href=\"https:\/\/brtk.net\/\"\/><a href=\"https:\/\/brtk.net\/\">dolar<\/a> ile Irak oldu. <\/p>\n<p><strong>12 ayl\u0131k ihracat y\u00fczde 1,2 artt\u0131<\/strong><strong\/><\/p>\n<p>Ticaret Bakanl\u0131\u011f\u0131ndan ihracat rakamlar\u0131na ili\u015fkin yap\u0131lan a\u00e7\u0131klamada da y\u00fczde a\u011fustos ay\u0131 ihracat\u0131yla \u00f6nemli sekt\u00f6rlerde 8 ayl\u0131k performans g\u00fcc\u00fcn\u00fcn korundu\u011fu bilgisi verildi.<\/p>\n<p>\u201cOcak-a\u011fustos d\u00f6neminde ihracat\u0131m\u0131z 6 \u015eubat tarihinde \u00fclkemizde ya\u015fanan b\u00fcy\u00fck deprem felaketine ra\u011fmen, d\u00fcnya ekonomisinde durgun bir seyir izleyen \u00fcretim ile ticaret hacmine ve ayr\u0131ca d\u00fcnya ticaret fiyatlar\u0131 ile emtia fiyatlar\u0131ndaki ciddi d\u00fc\u015f\u00fc\u015fe ra\u011fmen ge\u00e7ti\u011fimiz y\u0131lki seviyesine yak\u0131n 164 milyar 907 milyon <a href=\"https:\/\/brtk.net\/\"\/><a href=\"https:\/\/brtk.net\/\"\/><a href=\"https:\/\/brtk.net\/\"\/><a href=\"https:\/\/brtk.net\/\"\/><a href=\"https:\/\/brtk.net\/\"\/><a href=\"https:\/\/brtk.net\/\"\/><a href=\"https:\/\/brtk.net\/\"\/><a href=\"https:\/\/brtk.net\/\"\/><a href=\"https:\/\/brtk.net\/\"\/><a href=\"https:\/\/brtk.net\/\"\/><a href=\"https:\/\/brtk.net\/\"\/><a href=\"https:\/\/brtk.net\/\"\/><a href=\"https:\/\/brtk.net\/\"\/><a href=\"https:\/\/brtk.net\/\"\/><a href=\"https:\/\/brtk.net\/\"\/><a href=\"https:\/\/brtk.net\/\"\/><a href=\"https:\/\/brtk.net\/\"\/><a href=\"https:\/\/brtk.net\/\">dolar<\/a> olarak ger\u00e7ekle\u015fmi\u015ftir. A\u011fustos ay\u0131 itibar\u0131yla son 12 ayl\u0131k ihracat ise y\u00fczde 1,2 oran\u0131nda art\u0131\u015f ile 253 milyar 574 milyon <a href=\"https:\/\/brtk.net\/\"\/><a href=\"https:\/\/brtk.net\/\"\/><a href=\"https:\/\/brtk.net\/\"\/><a href=\"https:\/\/brtk.net\/\"\/><a href=\"https:\/\/brtk.net\/\"\/><a href=\"https:\/\/brtk.net\/\"\/><a href=\"https:\/\/brtk.net\/\"\/><a href=\"https:\/\/brtk.net\/\"\/><a href=\"https:\/\/brtk.net\/\"\/><a href=\"https:\/\/brtk.net\/\"\/><a href=\"https:\/\/brtk.net\/\"\/><a href=\"https:\/\/brtk.net\/\"\/><a href=\"https:\/\/brtk.net\/\"\/><a href=\"https:\/\/brtk.net\/\"\/><a href=\"https:\/\/brtk.net\/\"\/><a href=\"https:\/\/brtk.net\/\"\/><a href=\"https:\/\/brtk.net\/\"\/><a href=\"https:\/\/brtk.net\/\">dolar<\/a> olarak ger\u00e7ekle\u015fmi\u015ftir.\u201d<\/p>\n<p>T\u00fcrkiye\u2019nin G20 \u00fclkeleri aras\u0131nda ikinci \u00e7eyrekte mal ihracat\u0131n\u0131 art\u0131ran 3 \u00fclkeden biri oldu\u011funa dikkat \u00e7ekilen a\u00e7\u0131klamada, \u00fclkenin y\u00fczde 2,3 art\u0131\u015fla, Fransa\u2019n\u0131n ard\u0131ndan ikinci \u00e7eyrekte ihracat\u0131n\u0131 art\u0131ran ikinci \u00fclke konumunda oldu\u011fu anlat\u0131ld\u0131.<\/p>\n<p><strong>Motorlu kara ta\u015f\u0131tlar\u0131 ihracat\u0131 y\u00fczde 19,4 artt\u0131<\/strong><\/p>\n<p>Ocak-a\u011fustos d\u00f6neminde ge\u00e7en y\u0131l\u0131n ayn\u0131 d\u00f6nemine g\u00f6re, motorlu kara ta\u015f\u0131tlar\u0131 ihracat\u0131 y\u00fczde 19,4 artarak 19 milyar 890 milyon <a href=\"https:\/\/brtk.net\/\"\/><a href=\"https:\/\/brtk.net\/\"\/><a href=\"https:\/\/brtk.net\/\"\/><a href=\"https:\/\/brtk.net\/\"\/><a href=\"https:\/\/brtk.net\/\"\/><a href=\"https:\/\/brtk.net\/\"\/><a href=\"https:\/\/brtk.net\/\"\/><a href=\"https:\/\/brtk.net\/\"\/><a href=\"https:\/\/brtk.net\/\"\/><a href=\"https:\/\/brtk.net\/\"\/><a href=\"https:\/\/brtk.net\/\"\/><a href=\"https:\/\/brtk.net\/\"\/><a href=\"https:\/\/brtk.net\/\"\/><a href=\"https:\/\/brtk.net\/\"\/><a href=\"https:\/\/brtk.net\/\"\/><a href=\"https:\/\/brtk.net\/\"\/><a href=\"https:\/\/brtk.net\/\"\/><a href=\"https:\/\/brtk.net\/\">dolar<\/a>, kazan ve makine ihracat\u0131 y\u00fczde 16,1 artarak 16 milyar 571 milyon <a href=\"https:\/\/brtk.net\/\"\/><a href=\"https:\/\/brtk.net\/\"\/><a href=\"https:\/\/brtk.net\/\"\/><a href=\"https:\/\/brtk.net\/\"\/><a href=\"https:\/\/brtk.net\/\"\/><a href=\"https:\/\/brtk.net\/\"\/><a href=\"https:\/\/brtk.net\/\"\/><a href=\"https:\/\/brtk.net\/\"\/><a href=\"https:\/\/brtk.net\/\"\/><a href=\"https:\/\/brtk.net\/\"\/><a href=\"https:\/\/brtk.net\/\"\/><a href=\"https:\/\/brtk.net\/\"\/><a href=\"https:\/\/brtk.net\/\"\/><a href=\"https:\/\/brtk.net\/\"\/><a href=\"https:\/\/brtk.net\/\"\/><a href=\"https:\/\/brtk.net\/\"\/><a href=\"https:\/\/brtk.net\/\"\/><a href=\"https:\/\/brtk.net\/\">dolar<\/a>, elektrikli makina ve cihaz ihracat\u0131 ise y\u00fczde 16,9 artarak 9 milyar 983 milyon <a href=\"https:\/\/brtk.net\/\"\/><a href=\"https:\/\/brtk.net\/\"\/><a href=\"https:\/\/brtk.net\/\"\/><a href=\"https:\/\/brtk.net\/\"\/><a href=\"https:\/\/brtk.net\/\"\/><a href=\"https:\/\/brtk.net\/\"\/><a href=\"https:\/\/brtk.net\/\"\/><a href=\"https:\/\/brtk.net\/\"\/><a href=\"https:\/\/brtk.net\/\"\/><a href=\"https:\/\/brtk.net\/\"\/><a href=\"https:\/\/brtk.net\/\"\/><a href=\"https:\/\/brtk.net\/\"\/><a href=\"https:\/\/brtk.net\/\"\/><a href=\"https:\/\/brtk.net\/\"\/><a href=\"https:\/\/brtk.net\/\"\/><a href=\"https:\/\/brtk.net\/\"\/><a href=\"https:\/\/brtk.net\/\"\/><a href=\"https:\/\/brtk.net\/\">dolar<\/a> oldu. <\/p>\n<p>A\u00e7\u0131klama, \u201cKaydedilen bu ba\u015far\u0131da, kararl\u0131l\u0131kla uygulanan ihracata dayal\u0131 b\u00fcy\u00fcme modeli, ihracat\u00e7\u0131lar\u0131m\u0131z\u0131n fedakar \u00e7al\u0131\u015fmalar\u0131, Ticaret Bakanl\u0131\u011f\u0131m\u0131z, Eximbank ve Merkez Bankam\u0131z\u0131n ihracata ilk haz\u0131rl\u0131ktan, pazarlama kabiliyetlerinin geli\u015ftirilmesine, d\u0131\u015f pazarda tutunup markala\u015fmadan, y\u00fcksek katma de\u011ferli \u00fcr\u00fcn ihracat\u0131na kadar katk\u0131lar\u0131n\u0131n \u00f6nemli rol\u00fc olmu\u015ftur. \u00d6nemli bir di\u011fer geli\u015fme ise katma de\u011ferli ihracattaki art\u0131\u015ft\u0131r. Bu kapsamda 2022 y\u0131l\u0131nda y\u00fczde 36,9 olan orta-y\u00fcksek ve y\u00fcksek teknolojili \u00fcr\u00fcn ihracat\u0131n\u0131n imalat i\u00e7indeki pay\u0131, bu y\u0131l\u0131n 8 ay\u0131nda y\u00fczde 40,6\u2019a y\u00fckselmi\u015ftir. Bakanl\u0131k olarak depremin ihracat\u0131m\u0131z \u00fczerindeki etkisini \u00f6l\u00e7meye y\u00f6nelik \u00e7al\u0131\u015fmalar\u0131m\u0131z\u0131 y\u00fcr\u00fct\u00fcyoruz. Depremin ilk etkisi ile 2023 y\u0131l\u0131 \u015fubat ay\u0131nda ihracat\u0131m\u0131z y\u00fczde 6,7 daralm\u0131\u015ft\u0131. Deprem b\u00f6lgesindeki illerimize daha yo\u011fun bir \u015fekilde olmak \u00fczere, deprem hari\u00e7 illerimizde de ihracat\u0131n dolayl\u0131 olarak etkilendi\u011fi g\u00f6zlenmektedir\u201d s\u00f6zlerine yer verildi.<\/p>\n<p><strong>\u0130thalat y\u00fczde 6,3 azald\u0131<\/strong><\/p>\n<p>A\u011fustosta ithalat\u0131n y\u00fczde 6,3 azal\u0131\u015fla 30 milyar 494 milyon <a href=\"https:\/\/brtk.net\/\"\/><a href=\"https:\/\/brtk.net\/\"\/><a href=\"https:\/\/brtk.net\/\"\/><a href=\"https:\/\/brtk.net\/\"\/><a href=\"https:\/\/brtk.net\/\"\/><a href=\"https:\/\/brtk.net\/\"\/><a href=\"https:\/\/brtk.net\/\"\/><a href=\"https:\/\/brtk.net\/\"\/><a href=\"https:\/\/brtk.net\/\"\/><a href=\"https:\/\/brtk.net\/\"\/><a href=\"https:\/\/brtk.net\/\"\/><a href=\"https:\/\/brtk.net\/\"\/><a href=\"https:\/\/brtk.net\/\"\/><a href=\"https:\/\/brtk.net\/\"\/><a href=\"https:\/\/brtk.net\/\"\/><a href=\"https:\/\/brtk.net\/\"\/><a href=\"https:\/\/brtk.net\/\"\/><a href=\"https:\/\/brtk.net\/\">dolar<\/a> oldu\u011fu bilgisi verilen a\u00e7\u0131klamada, \u201cOcak-a\u011fustos d\u00f6nemde ise ithalat toplam\u0131, bir \u00f6nceki y\u0131l\u0131n ayn\u0131 d\u00f6nemine g\u00f6re y\u00fczde 3,5 art\u0131\u015fla 247 milyar 321 milyon <a href=\"https:\/\/brtk.net\/\"\/><a href=\"https:\/\/brtk.net\/\"\/><a href=\"https:\/\/brtk.net\/\"\/><a href=\"https:\/\/brtk.net\/\"\/><a href=\"https:\/\/brtk.net\/\"\/><a href=\"https:\/\/brtk.net\/\"\/><a href=\"https:\/\/brtk.net\/\"\/><a href=\"https:\/\/brtk.net\/\"\/><a href=\"https:\/\/brtk.net\/\"\/><a href=\"https:\/\/brtk.net\/\"\/><a href=\"https:\/\/brtk.net\/\"\/><a href=\"https:\/\/brtk.net\/\"\/><a href=\"https:\/\/brtk.net\/\"\/><a href=\"https:\/\/brtk.net\/\"\/><a href=\"https:\/\/brtk.net\/\"\/><a href=\"https:\/\/brtk.net\/\"\/><a href=\"https:\/\/brtk.net\/\"\/><a href=\"https:\/\/brtk.net\/\">dolar<\/a> olarak ger\u00e7ekle\u015fmi\u015ftir. \u0130thalattaki d\u00f6nemsel art\u0131\u015f, \u00f6nemli oranda i\u015flenmemi\u015f alt\u0131n ithalat\u0131ndan kaynaklanmakta olup, nitekim bu d\u00f6nemde i\u015flenmemi\u015f alt\u0131n ithalat\u0131 13,5 milyar <a href=\"https:\/\/brtk.net\/\"\/><a href=\"https:\/\/brtk.net\/\"\/><a href=\"https:\/\/brtk.net\/\"\/><a href=\"https:\/\/brtk.net\/\"\/><a href=\"https:\/\/brtk.net\/\"\/><a href=\"https:\/\/brtk.net\/\"\/><a href=\"https:\/\/brtk.net\/\"\/><a href=\"https:\/\/brtk.net\/\"\/><a href=\"https:\/\/brtk.net\/\"\/><a href=\"https:\/\/brtk.net\/\"\/><a href=\"https:\/\/brtk.net\/\"\/><a href=\"https:\/\/brtk.net\/\"\/><a href=\"https:\/\/brtk.net\/\"\/><a href=\"https:\/\/brtk.net\/\"\/><a href=\"https:\/\/brtk.net\/\"\/><a href=\"https:\/\/brtk.net\/\"\/><a href=\"https:\/\/brtk.net\/\"\/><a href=\"https:\/\/brtk.net\/\">dolar<\/a> art\u0131\u015fla 8 ayda toplam 22 milyar 776 milyon <a href=\"https:\/\/brtk.net\/\"\/><a href=\"https:\/\/brtk.net\/\"\/><a href=\"https:\/\/brtk.net\/\"\/><a href=\"https:\/\/brtk.net\/\"\/><a href=\"https:\/\/brtk.net\/\"\/><a href=\"https:\/\/brtk.net\/\"\/><a href=\"https:\/\/brtk.net\/\"\/><a href=\"https:\/\/brtk.net\/\"\/><a href=\"https:\/\/brtk.net\/\"\/><a href=\"https:\/\/brtk.net\/\"\/><a href=\"https:\/\/brtk.net\/\"\/><a href=\"https:\/\/brtk.net\/\"\/><a href=\"https:\/\/brtk.net\/\"\/><a href=\"https:\/\/brtk.net\/\"\/><a href=\"https:\/\/brtk.net\/\"\/><a href=\"https:\/\/brtk.net\/\"\/><a href=\"https:\/\/brtk.net\/\"\/><a href=\"https:\/\/brtk.net\/\">dolar<\/a> olarak ger\u00e7ekle\u015fmi\u015ftir. Bu kapsamda alt\u0131n hari\u00e7 ithalat, ocak-a\u011fustos d\u00f6neminde y\u00fczde 2,3 gerilemeyle 224 milyar 545 milyon <a href=\"https:\/\/brtk.net\/\"\/><a href=\"https:\/\/brtk.net\/\"\/><a href=\"https:\/\/brtk.net\/\"\/><a href=\"https:\/\/brtk.net\/\"\/><a href=\"https:\/\/brtk.net\/\"\/><a href=\"https:\/\/brtk.net\/\"\/><a href=\"https:\/\/brtk.net\/\"\/><a href=\"https:\/\/brtk.net\/\"\/><a href=\"https:\/\/brtk.net\/\"\/><a href=\"https:\/\/brtk.net\/\"\/><a href=\"https:\/\/brtk.net\/\"\/><a href=\"https:\/\/brtk.net\/\"\/><a href=\"https:\/\/brtk.net\/\"\/><a href=\"https:\/\/brtk.net\/\"\/><a href=\"https:\/\/brtk.net\/\"\/><a href=\"https:\/\/brtk.net\/\"\/><a href=\"https:\/\/brtk.net\/\"\/><a href=\"https:\/\/brtk.net\/\">dolar<\/a> olarak ger\u00e7ekle\u015fmi\u015ftir. 2022 y\u0131l\u0131nda ithalattaki art\u0131\u015f\u0131n temel belirleyicisi olan enerji ithalat\u0131 ise bu d\u00f6nemde y\u00fczde 27,8 gerilemeyle 46 milyar 418 milyon <a href=\"https:\/\/brtk.net\/\"\/><a href=\"https:\/\/brtk.net\/\"\/><a href=\"https:\/\/brtk.net\/\"\/><a href=\"https:\/\/brtk.net\/\"\/><a href=\"https:\/\/brtk.net\/\"\/><a href=\"https:\/\/brtk.net\/\"\/><a href=\"https:\/\/brtk.net\/\"\/><a href=\"https:\/\/brtk.net\/\"\/><a href=\"https:\/\/brtk.net\/\"\/><a href=\"https:\/\/brtk.net\/\"\/><a href=\"https:\/\/brtk.net\/\"\/><a href=\"https:\/\/brtk.net\/\"\/><a href=\"https:\/\/brtk.net\/\"\/><a href=\"https:\/\/brtk.net\/\"\/><a href=\"https:\/\/brtk.net\/\"\/><a href=\"https:\/\/brtk.net\/\"\/><a href=\"https:\/\/brtk.net\/\"\/><a href=\"https:\/\/brtk.net\/\">dolar<\/a> olarak ger\u00e7ekle\u015fmi\u015ftir. T\u00fcrk liras\u0131yla yap\u0131lan ithalattaki art\u0131\u015f oran\u0131 da dikkat \u00e7eken bir di\u011fer \u00f6nemli geli\u015fme olarak g\u00f6zlenmektedir. Ocak-a\u011fustos d\u00f6neminde T\u00fcrk liras\u0131 ile ithalat\u0131m\u0131z y\u00fczde 150,8 artarak 361 milyar 585 milyon lira olarak ger\u00e7ekle\u015fmi\u015ftir. Bu art\u0131\u015f \u00f6demeler dengesinin finansman\u0131 a\u00e7\u0131s\u0131ndan olumlu bir geli\u015fmedir\u201d denildi.<\/p>\n<p><strong>D\u0131\u015f ticaret a\u00e7\u0131\u011f\u0131 a\u011fustosta bir \u00f6nceki aya k\u0131yasla y\u00fczde 27,4, ge\u00e7en y\u0131l\u0131n ayn\u0131 ay\u0131na g\u00f6re y\u00fczde 21,2 azalarak 8 milyar 875 milyon <a href=\"https:\/\/brtk.net\/\"\/><a href=\"https:\/\/brtk.net\/\"\/><a href=\"https:\/\/brtk.net\/\"\/><a href=\"https:\/\/brtk.net\/\"\/><a href=\"https:\/\/brtk.net\/\"\/><a href=\"https:\/\/brtk.net\/\"\/><a href=\"https:\/\/brtk.net\/\"\/><a href=\"https:\/\/brtk.net\/\"\/><a href=\"https:\/\/brtk.net\/\"\/><a href=\"https:\/\/brtk.net\/\"\/><a href=\"https:\/\/brtk.net\/\"\/><a href=\"https:\/\/brtk.net\/\"\/><a href=\"https:\/\/brtk.net\/\"\/><a href=\"https:\/\/brtk.net\/\"\/><a href=\"https:\/\/brtk.net\/\"\/><a href=\"https:\/\/brtk.net\/\"\/><a href=\"https:\/\/brtk.net\/\"\/><a href=\"https:\/\/brtk.net\/\">dolar<\/a> oldu.<\/strong><\/p>\n<p>Alt\u0131n hari\u00e7 tutuldu\u011funda ise d\u0131\u015f ticaret a\u00e7\u0131\u011f\u0131nda, temmuz ay\u0131na g\u00f6re y\u00fczde 41,9, 2022 y\u0131l\u0131n\u0131n a\u011fustos ay\u0131na g\u00f6re y\u00fczde 37,1 gerileme g\u00f6zlendi.<\/p>\n<p>\u0130hracat\u00e7\u0131lara Eximbank vas\u0131tas\u0131yla 2022 y\u0131l\u0131nda 45 milyar <a href=\"https:\/\/brtk.net\/\"\/><a href=\"https:\/\/brtk.net\/\"\/><a href=\"https:\/\/brtk.net\/\"\/><a href=\"https:\/\/brtk.net\/\"\/><a href=\"https:\/\/brtk.net\/\"\/><a href=\"https:\/\/brtk.net\/\"\/><a href=\"https:\/\/brtk.net\/\"\/><a href=\"https:\/\/brtk.net\/\"\/><a href=\"https:\/\/brtk.net\/\"\/><a href=\"https:\/\/brtk.net\/\"\/><a href=\"https:\/\/brtk.net\/\"\/><a href=\"https:\/\/brtk.net\/\"\/><a href=\"https:\/\/brtk.net\/\"\/><a href=\"https:\/\/brtk.net\/\"\/><a href=\"https:\/\/brtk.net\/\"\/><a href=\"https:\/\/brtk.net\/\"\/><a href=\"https:\/\/brtk.net\/\"\/><a href=\"https:\/\/brtk.net\/\">dolar<\/a>, 2023 y\u0131l\u0131 8 ay\u0131nda toplam 25,8 milyar <a href=\"https:\/\/brtk.net\/\"\/><a href=\"https:\/\/brtk.net\/\"\/><a href=\"https:\/\/brtk.net\/\"\/><a href=\"https:\/\/brtk.net\/\"\/><a href=\"https:\/\/brtk.net\/\"\/><a href=\"https:\/\/brtk.net\/\"\/><a href=\"https:\/\/brtk.net\/\"\/><a href=\"https:\/\/brtk.net\/\"\/><a href=\"https:\/\/brtk.net\/\"\/><a href=\"https:\/\/brtk.net\/\"\/><a href=\"https:\/\/brtk.net\/\"\/><a href=\"https:\/\/brtk.net\/\"\/><a href=\"https:\/\/brtk.net\/\"\/><a href=\"https:\/\/brtk.net\/\"\/><a href=\"https:\/\/brtk.net\/\"\/><a href=\"https:\/\/brtk.net\/\"\/><a href=\"https:\/\/brtk.net\/\"\/><a href=\"https:\/\/brtk.net\/\">dolar<\/a> destek sa\u011fland\u0131\u011f\u0131 bilgisi verilen a\u00e7\u0131klamada, \u015funlar anlat\u0131ld\u0131:<\/p>\n<p>\u201cEximbank\u2019\u0131n sermayesi yak\u0131n zamanda 6,8 milyar lira art\u0131r\u0131lm\u0131\u015f ve toplam sermaye 20,6 milyar liraya \u00e7\u0131km\u0131\u015ft\u0131r. Bu 6,8 milyar liral\u0131k art\u0131\u015f\u0131n krediye \u00e7arpan etkisi en az 70 milyar liral\u0131k bir kaynak olmu\u015f ve ihracat\u00e7\u0131lar\u0131m\u0131za daha fazla kredi verme imkan\u0131 sa\u011flanm\u0131\u015ft\u0131r. Bakanl\u0131\u011f\u0131m\u0131z\u0131n sa\u011flam\u0131\u015f oldu\u011fu desteklerin yan\u0131 s\u0131ra Merkez Bankam\u0131z\u0131n ihracat\u00e7\u0131lar\u0131m\u0131z\u0131n finansmana eri\u015fimini kolayla\u015ft\u0131rmak amac\u0131yla son d\u00f6nemde ald\u0131\u011f\u0131 kararlar\u0131n ihracat\u0131m\u0131za olumlu yans\u0131yaca\u011f\u0131 de\u011ferlendirilmektedir. \u00d6n\u00fcm\u00fczdeki s\u00fcre\u00e7te, ticaret diplomasimizi g\u00fc\u00e7lendirme, ihracat\u0131m\u0131z\u0131n menzilini ve hacmini b\u00fcy\u00fctme ve \u00fclkemizi yat\u0131r\u0131mlarda cazibe merkezi yapma hedeflerimiz do\u011frultusundaki \u00e7al\u0131\u015fmalar karal\u0131l\u0131kla s\u00fcrd\u00fcr\u00fcl\u00fcp, bu nihai hedefler do\u011frultusunda \u00fcretim, yat\u0131r\u0131m ve ihracata y\u00f6nelik desteklerin etkin ve verimli bir \u015fekilde sunulmas\u0131 amac\u0131yla \u00e7al\u0131\u015fmalara devam edilecektir.\u201d<\/p>\n<\/p><\/div>\n","protected":false},"excerpt":{"rendered":"<p>T\u00fcrkiye\u2019de A\u011fustos ay\u0131nda ihracat y\u00fczde 1,6 oran\u0131nda art\u0131\u015fla 21 milyar 619 milyon dolar seviyesine y\u00fckseldi. B\u00f6ylelikle en y\u00fcksek a\u011fustos ay\u0131 ihracat de\u011ferine ula\u015f\u0131ld\u0131. TC Ticaret Bakan\u0131 \u00d6mer Bolat, sosyal medya hesab\u0131ndan a\u011fustos ay\u0131 ihracat rakamlar\u0131na ili\u015fkin a\u00e7\u0131klama yapt\u0131. Bolat, deprem felaketine ve k\u00fcresel ekonomideki yava\u015flamaya ra\u011fmen ihracat\u0131n dayan\u0131kl\u0131 seyrini s\u00fcrd\u00fcrd\u00fc\u011f\u00fcn\u00fc a\u00e7\u0131klad\u0131. Bakan Bolat, a\u011fustos ay\u0131nda<\/p>\n","protected":false},"author":1,"featured_media":13159,"comment_status":"open","ping_status":"open","sticky":false,"template":"","format":"standard","meta":{"footnotes":""},"categories":[86],"tags":[],"class_list":["post-13158","post","type-post","status-publish","format-standard","has-post-thumbnail","hentry","category-turkiye"],"yoast_head":"<!-- This site is optimized with the Yoast SEO plugin v27.4 - https:\/\/yoast.com\/product\/yoast-seo-wordpress\/ -->\n<title>T\u00fcrkiye\u2019de en y\u00fcksek a\u011fustos ay\u0131 ihracat\u0131 yap\u0131ld\u0131 -<\/title>\n<meta name=\"robots\" content=\"index, follow, max-snippet:-1, max-image-preview:large, max-video-preview:-1\" \/>\n<link rel=\"canonical\" href=\"https:\/\/kibrisdakik.com\/?p=13158\" \/>\n<meta property=\"og:locale\" content=\"tr_TR\" \/>\n<meta property=\"og:type\" content=\"article\" \/>\n<meta property=\"og:title\" content=\"T\u00fcrkiye\u2019de en y\u00fcksek a\u011fustos ay\u0131 ihracat\u0131 yap\u0131ld\u0131 -\" \/>\n<meta property=\"og:description\" content=\"T\u00fcrkiye\u2019de A\u011fustos ay\u0131nda ihracat y\u00fczde 1,6 oran\u0131nda art\u0131\u015fla 21 milyar 619 milyon dolar seviyesine y\u00fckseldi. B\u00f6ylelikle en y\u00fcksek a\u011fustos ay\u0131 ihracat de\u011ferine ula\u015f\u0131ld\u0131. TC Ticaret Bakan\u0131 \u00d6mer Bolat, sosyal medya hesab\u0131ndan a\u011fustos ay\u0131 ihracat rakamlar\u0131na ili\u015fkin a\u00e7\u0131klama yapt\u0131. Bolat, deprem felaketine ve k\u00fcresel ekonomideki yava\u015flamaya ra\u011fmen ihracat\u0131n dayan\u0131kl\u0131 seyrini s\u00fcrd\u00fcrd\u00fc\u011f\u00fcn\u00fc a\u00e7\u0131klad\u0131. Bakan Bolat, a\u011fustos ay\u0131nda\" \/>\n<meta property=\"og:url\" content=\"https:\/\/kibrisdakik.com\/?p=13158\" \/>\n<meta property=\"article:published_time\" content=\"2023-09-04T07:12:54+00:00\" \/>\n<meta property=\"og:image\" content=\"https:\/\/kibrisdakik.com\/wp-content\/uploads\/2023\/09\/ihracat-aa-1886863-740x420.jpg\" \/>\n\t<meta property=\"og:image:width\" content=\"1280\" \/>\n\t<meta property=\"og:image:height\" content=\"720\" \/>\n\t<meta property=\"og:image:type\" content=\"image\/jpeg\" \/>\n<meta name=\"author\" content=\"admin\" \/>\n<meta name=\"twitter:card\" content=\"summary_large_image\" \/>\n<meta name=\"twitter:label1\" content=\"Yazan:\" \/>\n\t<meta name=\"twitter:data1\" content=\"admin\" \/>\n\t<meta name=\"twitter:label2\" content=\"Tahmini okuma s\u00fcresi\" \/>\n\t<meta name=\"twitter:data2\" content=\"5 dakika\" \/>\n<script type=\"application\/ld+json\" class=\"yoast-schema-graph\">{\"@context\":\"https:\\\/\\\/schema.org\",\"@graph\":[{\"@type\":\"Article\",\"@id\":\"https:\\\/\\\/kibrisdakik.com\\\/?p=13158#article\",\"isPartOf\":{\"@id\":\"https:\\\/\\\/kibrisdakik.com\\\/?p=13158\"},\"author\":{\"name\":\"admin\",\"@id\":\"https:\\\/\\\/kibrisdakik.com\\\/#\\\/schema\\\/person\\\/9cd9d437bbb44f72b73ba127e06d8e79\"},\"headline\":\"T\u00fcrkiye\u2019de en y\u00fcksek a\u011fustos ay\u0131 ihracat\u0131 yap\u0131ld\u0131\",\"datePublished\":\"2023-09-04T07:12:54+00:00\",\"mainEntityOfPage\":{\"@id\":\"https:\\\/\\\/kibrisdakik.com\\\/?p=13158\"},\"wordCount\":989,\"commentCount\":0,\"image\":{\"@id\":\"https:\\\/\\\/kibrisdakik.com\\\/?p=13158#primaryimage\"},\"thumbnailUrl\":\"https:\\\/\\\/kibrisdakik.com\\\/wp-content\\\/uploads\\\/2023\\\/09\\\/ihracat-aa-1886863-740x420.jpg\",\"articleSection\":[\"T\u00fcrkiye\"],\"inLanguage\":\"tr\",\"potentialAction\":[{\"@type\":\"CommentAction\",\"name\":\"Comment\",\"target\":[\"https:\\\/\\\/kibrisdakik.com\\\/?p=13158#respond\"]}]},{\"@type\":\"WebPage\",\"@id\":\"https:\\\/\\\/kibrisdakik.com\\\/?p=13158\",\"url\":\"https:\\\/\\\/kibrisdakik.com\\\/?p=13158\",\"name\":\"T\u00fcrkiye\u2019de en y\u00fcksek a\u011fustos ay\u0131 ihracat\u0131 yap\u0131ld\u0131 -\",\"isPartOf\":{\"@id\":\"https:\\\/\\\/kibrisdakik.com\\\/#website\"},\"primaryImageOfPage\":{\"@id\":\"https:\\\/\\\/kibrisdakik.com\\\/?p=13158#primaryimage\"},\"image\":{\"@id\":\"https:\\\/\\\/kibrisdakik.com\\\/?p=13158#primaryimage\"},\"thumbnailUrl\":\"https:\\\/\\\/kibrisdakik.com\\\/wp-content\\\/uploads\\\/2023\\\/09\\\/ihracat-aa-1886863-740x420.jpg\",\"datePublished\":\"2023-09-04T07:12:54+00:00\",\"author\":{\"@id\":\"https:\\\/\\\/kibrisdakik.com\\\/#\\\/schema\\\/person\\\/9cd9d437bbb44f72b73ba127e06d8e79\"},\"breadcrumb\":{\"@id\":\"https:\\\/\\\/kibrisdakik.com\\\/?p=13158#breadcrumb\"},\"inLanguage\":\"tr\",\"potentialAction\":[{\"@type\":\"ReadAction\",\"target\":[\"https:\\\/\\\/kibrisdakik.com\\\/?p=13158\"]}]},{\"@type\":\"ImageObject\",\"inLanguage\":\"tr\",\"@id\":\"https:\\\/\\\/kibrisdakik.com\\\/?p=13158#primaryimage\",\"url\":\"https:\\\/\\\/kibrisdakik.com\\\/wp-content\\\/uploads\\\/2023\\\/09\\\/ihracat-aa-1886863-740x420.jpg\",\"contentUrl\":\"https:\\\/\\\/kibrisdakik.com\\\/wp-content\\\/uploads\\\/2023\\\/09\\\/ihracat-aa-1886863-740x420.jpg\",\"width\":1280,\"height\":720},{\"@type\":\"BreadcrumbList\",\"@id\":\"https:\\\/\\\/kibrisdakik.com\\\/?p=13158#breadcrumb\",\"itemListElement\":[{\"@type\":\"ListItem\",\"position\":1,\"name\":\"Home\",\"item\":\"https:\\\/\\\/kibrisdakik.com\\\/\"},{\"@type\":\"ListItem\",\"position\":2,\"name\":\"T\u00fcrkiye\u2019de en y\u00fcksek a\u011fustos ay\u0131 ihracat\u0131 yap\u0131ld\u0131\"}]},{\"@type\":\"WebSite\",\"@id\":\"https:\\\/\\\/kibrisdakik.com\\\/#website\",\"url\":\"https:\\\/\\\/kibrisdakik.com\\\/\",\"name\":\"\",\"description\":\"Tam vaktinde haber\",\"potentialAction\":[{\"@type\":\"SearchAction\",\"target\":{\"@type\":\"EntryPoint\",\"urlTemplate\":\"https:\\\/\\\/kibrisdakik.com\\\/?s={search_term_string}\"},\"query-input\":{\"@type\":\"PropertyValueSpecification\",\"valueRequired\":true,\"valueName\":\"search_term_string\"}}],\"inLanguage\":\"tr\"},{\"@type\":\"Person\",\"@id\":\"https:\\\/\\\/kibrisdakik.com\\\/#\\\/schema\\\/person\\\/9cd9d437bbb44f72b73ba127e06d8e79\",\"name\":\"admin\",\"image\":{\"@type\":\"ImageObject\",\"inLanguage\":\"tr\",\"@id\":\"https:\\\/\\\/secure.gravatar.com\\\/avatar\\\/ccc17943b9d660506c869530f897617f7cb1c21a4bf30023f252596d83e1f007?s=96&d=mm&r=g\",\"url\":\"https:\\\/\\\/secure.gravatar.com\\\/avatar\\\/ccc17943b9d660506c869530f897617f7cb1c21a4bf30023f252596d83e1f007?s=96&d=mm&r=g\",\"contentUrl\":\"https:\\\/\\\/secure.gravatar.com\\\/avatar\\\/ccc17943b9d660506c869530f897617f7cb1c21a4bf30023f252596d83e1f007?s=96&d=mm&r=g\",\"caption\":\"admin\"},\"sameAs\":[\"https:\\\/\\\/kibrisdakik.com\"],\"url\":\"https:\\\/\\\/kibrisdakik.com\\\/?author=1\"}]}<\/script>\n<!-- \/ Yoast SEO plugin. -->","yoast_head_json":{"title":"T\u00fcrkiye\u2019de en y\u00fcksek a\u011fustos ay\u0131 ihracat\u0131 yap\u0131ld\u0131 -","robots":{"index":"index","follow":"follow","max-snippet":"max-snippet:-1","max-image-preview":"max-image-preview:large","max-video-preview":"max-video-preview:-1"},"canonical":"https:\/\/kibrisdakik.com\/?p=13158","og_locale":"tr_TR","og_type":"article","og_title":"T\u00fcrkiye\u2019de en y\u00fcksek a\u011fustos ay\u0131 ihracat\u0131 yap\u0131ld\u0131 -","og_description":"T\u00fcrkiye\u2019de A\u011fustos ay\u0131nda ihracat y\u00fczde 1,6 oran\u0131nda art\u0131\u015fla 21 milyar 619 milyon dolar seviyesine y\u00fckseldi. B\u00f6ylelikle en y\u00fcksek a\u011fustos ay\u0131 ihracat de\u011ferine ula\u015f\u0131ld\u0131. TC Ticaret Bakan\u0131 \u00d6mer Bolat, sosyal medya hesab\u0131ndan a\u011fustos ay\u0131 ihracat rakamlar\u0131na ili\u015fkin a\u00e7\u0131klama yapt\u0131. Bolat, deprem felaketine ve k\u00fcresel ekonomideki yava\u015flamaya ra\u011fmen ihracat\u0131n dayan\u0131kl\u0131 seyrini s\u00fcrd\u00fcrd\u00fc\u011f\u00fcn\u00fc a\u00e7\u0131klad\u0131. Bakan Bolat, a\u011fustos ay\u0131nda","og_url":"https:\/\/kibrisdakik.com\/?p=13158","article_published_time":"2023-09-04T07:12:54+00:00","og_image":[{"width":1280,"height":720,"url":"https:\/\/kibrisdakik.com\/wp-content\/uploads\/2023\/09\/ihracat-aa-1886863-740x420.jpg","type":"image\/jpeg"}],"author":"admin","twitter_card":"summary_large_image","twitter_misc":{"Yazan:":"admin","Tahmini okuma s\u00fcresi":"5 dakika"},"schema":{"@context":"https:\/\/schema.org","@graph":[{"@type":"Article","@id":"https:\/\/kibrisdakik.com\/?p=13158#article","isPartOf":{"@id":"https:\/\/kibrisdakik.com\/?p=13158"},"author":{"name":"admin","@id":"https:\/\/kibrisdakik.com\/#\/schema\/person\/9cd9d437bbb44f72b73ba127e06d8e79"},"headline":"T\u00fcrkiye\u2019de en y\u00fcksek a\u011fustos ay\u0131 ihracat\u0131 yap\u0131ld\u0131","datePublished":"2023-09-04T07:12:54+00:00","mainEntityOfPage":{"@id":"https:\/\/kibrisdakik.com\/?p=13158"},"wordCount":989,"commentCount":0,"image":{"@id":"https:\/\/kibrisdakik.com\/?p=13158#primaryimage"},"thumbnailUrl":"https:\/\/kibrisdakik.com\/wp-content\/uploads\/2023\/09\/ihracat-aa-1886863-740x420.jpg","articleSection":["T\u00fcrkiye"],"inLanguage":"tr","potentialAction":[{"@type":"CommentAction","name":"Comment","target":["https:\/\/kibrisdakik.com\/?p=13158#respond"]}]},{"@type":"WebPage","@id":"https:\/\/kibrisdakik.com\/?p=13158","url":"https:\/\/kibrisdakik.com\/?p=13158","name":"T\u00fcrkiye\u2019de en y\u00fcksek a\u011fustos ay\u0131 ihracat\u0131 yap\u0131ld\u0131 -","isPartOf":{"@id":"https:\/\/kibrisdakik.com\/#website"},"primaryImageOfPage":{"@id":"https:\/\/kibrisdakik.com\/?p=13158#primaryimage"},"image":{"@id":"https:\/\/kibrisdakik.com\/?p=13158#primaryimage"},"thumbnailUrl":"https:\/\/kibrisdakik.com\/wp-content\/uploads\/2023\/09\/ihracat-aa-1886863-740x420.jpg","datePublished":"2023-09-04T07:12:54+00:00","author":{"@id":"https:\/\/kibrisdakik.com\/#\/schema\/person\/9cd9d437bbb44f72b73ba127e06d8e79"},"breadcrumb":{"@id":"https:\/\/kibrisdakik.com\/?p=13158#breadcrumb"},"inLanguage":"tr","potentialAction":[{"@type":"ReadAction","target":["https:\/\/kibrisdakik.com\/?p=13158"]}]},{"@type":"ImageObject","inLanguage":"tr","@id":"https:\/\/kibrisdakik.com\/?p=13158#primaryimage","url":"https:\/\/kibrisdakik.com\/wp-content\/uploads\/2023\/09\/ihracat-aa-1886863-740x420.jpg","contentUrl":"https:\/\/kibrisdakik.com\/wp-content\/uploads\/2023\/09\/ihracat-aa-1886863-740x420.jpg","width":1280,"height":720},{"@type":"BreadcrumbList","@id":"https:\/\/kibrisdakik.com\/?p=13158#breadcrumb","itemListElement":[{"@type":"ListItem","position":1,"name":"Home","item":"https:\/\/kibrisdakik.com\/"},{"@type":"ListItem","position":2,"name":"T\u00fcrkiye\u2019de en y\u00fcksek a\u011fustos ay\u0131 ihracat\u0131 yap\u0131ld\u0131"}]},{"@type":"WebSite","@id":"https:\/\/kibrisdakik.com\/#website","url":"https:\/\/kibrisdakik.com\/","name":"","description":"Tam vaktinde haber","potentialAction":[{"@type":"SearchAction","target":{"@type":"EntryPoint","urlTemplate":"https:\/\/kibrisdakik.com\/?s={search_term_string}"},"query-input":{"@type":"PropertyValueSpecification","valueRequired":true,"valueName":"search_term_string"}}],"inLanguage":"tr"},{"@type":"Person","@id":"https:\/\/kibrisdakik.com\/#\/schema\/person\/9cd9d437bbb44f72b73ba127e06d8e79","name":"admin","image":{"@type":"ImageObject","inLanguage":"tr","@id":"https:\/\/secure.gravatar.com\/avatar\/ccc17943b9d660506c869530f897617f7cb1c21a4bf30023f252596d83e1f007?s=96&d=mm&r=g","url":"https:\/\/secure.gravatar.com\/avatar\/ccc17943b9d660506c869530f897617f7cb1c21a4bf30023f252596d83e1f007?s=96&d=mm&r=g","contentUrl":"https:\/\/secure.gravatar.com\/avatar\/ccc17943b9d660506c869530f897617f7cb1c21a4bf30023f252596d83e1f007?s=96&d=mm&r=g","caption":"admin"},"sameAs":["https:\/\/kibrisdakik.com"],"url":"https:\/\/kibrisdakik.com\/?author=1"}]}},"_links":{"self":[{"href":"https:\/\/kibrisdakik.com\/index.php?rest_route=\/wp\/v2\/posts\/13158","targetHints":{"allow":["GET"]}}],"collection":[{"href":"https:\/\/kibrisdakik.com\/index.php?rest_route=\/wp\/v2\/posts"}],"about":[{"href":"https:\/\/kibrisdakik.com\/index.php?rest_route=\/wp\/v2\/types\/post"}],"author":[{"embeddable":true,"href":"https:\/\/kibrisdakik.com\/index.php?rest_route=\/wp\/v2\/users\/1"}],"replies":[{"embeddable":true,"href":"https:\/\/kibrisdakik.com\/index.php?rest_route=%2Fwp%2Fv2%2Fcomments&post=13158"}],"version-history":[{"count":0,"href":"https:\/\/kibrisdakik.com\/index.php?rest_route=\/wp\/v2\/posts\/13158\/revisions"}],"wp:featuredmedia":[{"embeddable":true,"href":"https:\/\/kibrisdakik.com\/index.php?rest_route=\/wp\/v2\/media\/13159"}],"wp:attachment":[{"href":"https:\/\/kibrisdakik.com\/index.php?rest_route=%2Fwp%2Fv2%2Fmedia&parent=13158"}],"wp:term":[{"taxonomy":"category","embeddable":true,"href":"https:\/\/kibrisdakik.com\/index.php?rest_route=%2Fwp%2Fv2%2Fcategories&post=13158"},{"taxonomy":"post_tag","embeddable":true,"href":"https:\/\/kibrisdakik.com\/index.php?rest_route=%2Fwp%2Fv2%2Ftags&post=13158"}],"curies":[{"name":"wp","href":"https:\/\/api.w.org\/{rel}","templated":true}]}}