{"id":13160,"date":"2023-09-04T07:33:38","date_gmt":"2023-09-04T07:33:38","guid":{"rendered":"https:\/\/kibrisdakik.com\/index.php\/2023\/09\/04\/sehir-plancilari-odasi-alagadi-ozel-cevre-koruma-bolgesinde-imar-yasasi-kurallarina-aykiri-islem-yapildiginin-tespit-edildigi-acikladi\/"},"modified":"2023-09-04T07:33:38","modified_gmt":"2023-09-04T07:33:38","slug":"sehir-plancilari-odasi-alagadi-ozel-cevre-koruma-bolgesinde-imar-yasasi-kurallarina-aykiri-islem-yapildiginin-tespit-edildigi-acikladi","status":"publish","type":"post","link":"https:\/\/kibrisdakik.com\/?p=13160","title":{"rendered":"\u015eehir Planc\u0131lar\u0131 Odas\u0131 Alagadi \u00d6zel \u00c7evre Koruma b\u00f6lgesinde \u0130mar Yasas\u0131 kurallar\u0131na ayk\u0131r\u0131 i\u015flem yap\u0131ld\u0131\u011f\u0131n\u0131n tespit edildi\u011fi a\u00e7\u0131klad\u0131"},"content":{"rendered":"<p><\/p>\n<div>\n<div class=\"mariselle-image-container center\">\n                <img width=\"2048\" height=\"1532\" class=\"lazy-image\" alt=\"\" decoding=\"async\" loading=\"lazy\" sizes=\"auto, (max-width: 2048px) 100vw, 2048px\" src=\"https:\/\/brtk.net\/wp-content\/uploads\/2023\/09\/04\/asdasda22311.jpeg?ver=530d268ae3ad512fe2c4381024543d9e\" srcset=\"https:\/\/brtk.net\/wp-content\/uploads\/2023\/09\/04\/asdasda22311.jpeg?ver=530d268ae3ad512fe2c4381024543d9e 2048w, https:\/\/brtk.net\/wp-content\/uploads\/2023\/09\/04\/asdasda22311-300x224.jpeg?ver=874e5afb99b53acdf72c26957dc811ac 300w, https:\/\/brtk.net\/wp-content\/uploads\/2023\/09\/04\/asdasda22311-1024x766.jpeg?ver=874e5afb99b53acdf72c26957dc811ac 1024w, https:\/\/brtk.net\/wp-content\/uploads\/2023\/09\/04\/asdasda22311-768x575.jpeg?ver=5d64a1eab607c9b36f0c924f244ba4f2 768w, https:\/\/brtk.net\/wp-content\/uploads\/2023\/09\/04\/asdasda22311-1536x1149.jpeg?ver=4242d4bdb8fa4c023f5502f04e82b0d1 1536w\"\/>                            <\/div>\n<p>KTMMOB \u015eehir Planc\u0131lar\u0131 Odas\u0131, Alagadi \u00d6zel \u00c7evre Koruma b\u00f6lgesinde \u0130mar Yasas\u0131 kurallar\u0131na uygunsuz \u015fekilde planlama onay yenilemesi yap\u0131ld\u0131\u011f\u0131n\u0131n tespit edildi\u011fini belirterek, g\u00f6revi k\u00f6t\u00fcye kullananlar hakk\u0131nda yasal i\u015flem ba\u015flatacaklar\u0131n\u0131 a\u00e7\u0131klad\u0131.<\/p>\n<p>Yap\u0131lan yaz\u0131l\u0131 a\u00e7\u0131klamada, Alagadi \u00d6zel \u00c7evre Koruma B\u00f6lgesinde planlama onay\u0131 yenilemesinin usuls\u00fcz oldu\u011funu tespit ettikleri in\u015faat\u0131n \u00c7atalk\u00f6y Esentepe Belediyesi taraf\u0131ndan ge\u00e7en hafta m\u00fch\u00fcrlendi\u011fi an\u0131msat\u0131ld\u0131.<\/p>\n<p>S\u00f6z konusu geli\u015fme ile ilgili planlama onay yenilemesinin \u0130mar Yasas\u0131\u2019nda belirtilen ko\u015fullara g\u00f6re yap\u0131lmad\u0131\u011f\u0131 belirtilen a\u00e7\u0131klamada, ayr\u0131ca yeterli yolu olmayan parsellere planlama onay ve ruhsat\u0131 verildi\u011fi ifade edildi.<\/p>\n<p>A\u00e7\u0131klamada, m\u00fch\u00fcrlenen in\u015faata yak\u0131n b\u00f6lgede \u00fc\u00e7 tane daha planlama onay\u0131 usuls\u00fcz yenilenen in\u015faat oldu\u011funu ve bu in\u015faatlara imar yasas\u0131 kurallar\u0131na uygunsuz \u015fekilde planlama onay yenilemesi yap\u0131ld\u0131\u011f\u0131n\u0131 tespit ettikleri yer ald\u0131.<\/p>\n<p>A\u00e7\u0131klamada \u015fu ifadelere yer verildi:<\/p>\n<p>\u201cBilgi edinme yasas\u0131 alt\u0131nda edindi\u011fimiz onay dosyalar\u0131ndaki detaylar incelendi\u011fi zaman s\u00f6z konusu geli\u015fmelerin planlama onay yenilemesinde <a href=\"https:\/\/brtk.net\/\">KKTC<\/a> \u00c7evre Koruma Dairesi Ekolojik Etki De\u011ferleme raporlar\u0131 almad\u0131klar\u0131 a\u00e7\u0131k bir \u015fekilde ortadad\u0131r.<\/p>\n<p>\u0130mar Yasas\u0131na ayk\u0131r\u0131 usuls\u00fcz planlama onay\u0131 vermek, yetersiz yolu olan parsellere ruhsat kesmek gibi konularla g\u00f6revi k\u00f6t\u00fcye kullananlar hakk\u0131nda yasal i\u015flem ba\u015flataca\u011f\u0131m\u0131z\u0131 halk\u0131m\u0131za duyurmay\u0131 bir bor\u00e7 biliriz.\u201d TAK<\/p>\n<\/p><\/div>\n","protected":false},"excerpt":{"rendered":"<p>KTMMOB \u015eehir Planc\u0131lar\u0131 Odas\u0131, Alagadi \u00d6zel \u00c7evre Koruma b\u00f6lgesinde \u0130mar Yasas\u0131 kurallar\u0131na uygunsuz \u015fekilde planlama onay yenilemesi yap\u0131ld\u0131\u011f\u0131n\u0131n tespit edildi\u011fini belirterek, g\u00f6revi k\u00f6t\u00fcye kullananlar hakk\u0131nda yasal i\u015flem ba\u015flatacaklar\u0131n\u0131 a\u00e7\u0131klad\u0131. Yap\u0131lan yaz\u0131l\u0131 a\u00e7\u0131klamada, Alagadi \u00d6zel \u00c7evre Koruma B\u00f6lgesinde planlama onay\u0131 yenilemesinin usuls\u00fcz oldu\u011funu tespit ettikleri in\u015faat\u0131n \u00c7atalk\u00f6y Esentepe Belediyesi taraf\u0131ndan ge\u00e7en hafta m\u00fch\u00fcrlendi\u011fi an\u0131msat\u0131ld\u0131. S\u00f6z konusu<\/p>\n","protected":false},"author":1,"featured_media":13161,"comment_status":"open","ping_status":"open","sticky":false,"template":"","format":"standard","meta":{"footnotes":""},"categories":[1],"tags":[],"class_list":["post-13160","post","type-post","status-publish","format-standard","has-post-thumbnail","hentry","category-gundem"],"yoast_head":"<!-- This site is optimized with the Yoast SEO plugin v27.4 - https:\/\/yoast.com\/product\/yoast-seo-wordpress\/ -->\n<title>\u015eehir Planc\u0131lar\u0131 Odas\u0131 Alagadi \u00d6zel \u00c7evre Koruma b\u00f6lgesinde \u0130mar Yasas\u0131 kurallar\u0131na ayk\u0131r\u0131 i\u015flem yap\u0131ld\u0131\u011f\u0131n\u0131n tespit edildi\u011fi a\u00e7\u0131klad\u0131 -<\/title>\n<meta name=\"robots\" content=\"index, follow, max-snippet:-1, max-image-preview:large, max-video-preview:-1\" \/>\n<link rel=\"canonical\" href=\"https:\/\/kibrisdakik.com\/?p=13160\" \/>\n<meta property=\"og:locale\" content=\"tr_TR\" \/>\n<meta property=\"og:type\" content=\"article\" \/>\n<meta property=\"og:title\" content=\"\u015eehir Planc\u0131lar\u0131 Odas\u0131 Alagadi \u00d6zel \u00c7evre Koruma b\u00f6lgesinde \u0130mar Yasas\u0131 kurallar\u0131na ayk\u0131r\u0131 i\u015flem yap\u0131ld\u0131\u011f\u0131n\u0131n tespit edildi\u011fi a\u00e7\u0131klad\u0131 -\" \/>\n<meta property=\"og:description\" content=\"KTMMOB \u015eehir Planc\u0131lar\u0131 Odas\u0131, Alagadi \u00d6zel \u00c7evre Koruma b\u00f6lgesinde \u0130mar Yasas\u0131 kurallar\u0131na uygunsuz \u015fekilde planlama onay yenilemesi yap\u0131ld\u0131\u011f\u0131n\u0131n tespit edildi\u011fini belirterek, g\u00f6revi k\u00f6t\u00fcye kullananlar hakk\u0131nda yasal i\u015flem ba\u015flatacaklar\u0131n\u0131 a\u00e7\u0131klad\u0131. Yap\u0131lan yaz\u0131l\u0131 a\u00e7\u0131klamada, Alagadi \u00d6zel \u00c7evre Koruma B\u00f6lgesinde planlama onay\u0131 yenilemesinin usuls\u00fcz oldu\u011funu tespit ettikleri in\u015faat\u0131n \u00c7atalk\u00f6y Esentepe Belediyesi taraf\u0131ndan ge\u00e7en hafta m\u00fch\u00fcrlendi\u011fi an\u0131msat\u0131ld\u0131. S\u00f6z konusu\" \/>\n<meta property=\"og:url\" content=\"https:\/\/kibrisdakik.com\/?p=13160\" \/>\n<meta property=\"article:published_time\" content=\"2023-09-04T07:33:38+00:00\" \/>\n<meta property=\"og:image\" content=\"https:\/\/kibrisdakik.com\/wp-content\/uploads\/2023\/09\/asdasda22311-740x420.jpeg\" \/>\n\t<meta property=\"og:image:width\" content=\"2048\" \/>\n\t<meta property=\"og:image:height\" content=\"1532\" \/>\n\t<meta property=\"og:image:type\" content=\"image\/jpeg\" \/>\n<meta name=\"author\" content=\"admin\" \/>\n<meta name=\"twitter:card\" content=\"summary_large_image\" \/>\n<meta name=\"twitter:label1\" content=\"Yazan:\" \/>\n\t<meta name=\"twitter:data1\" content=\"admin\" \/>\n\t<meta name=\"twitter:label2\" content=\"Tahmini okuma s\u00fcresi\" \/>\n\t<meta name=\"twitter:data2\" content=\"1 dakika\" \/>\n<script type=\"application\/ld+json\" class=\"yoast-schema-graph\">{\"@context\":\"https:\\\/\\\/schema.org\",\"@graph\":[{\"@type\":\"Article\",\"@id\":\"https:\\\/\\\/kibrisdakik.com\\\/?p=13160#article\",\"isPartOf\":{\"@id\":\"https:\\\/\\\/kibrisdakik.com\\\/?p=13160\"},\"author\":{\"name\":\"admin\",\"@id\":\"https:\\\/\\\/kibrisdakik.com\\\/#\\\/schema\\\/person\\\/9cd9d437bbb44f72b73ba127e06d8e79\"},\"headline\":\"\u015eehir Planc\u0131lar\u0131 Odas\u0131 Alagadi \u00d6zel \u00c7evre Koruma b\u00f6lgesinde \u0130mar Yasas\u0131 kurallar\u0131na ayk\u0131r\u0131 i\u015flem yap\u0131ld\u0131\u011f\u0131n\u0131n tespit edildi\u011fi a\u00e7\u0131klad\u0131\",\"datePublished\":\"2023-09-04T07:33:38+00:00\",\"mainEntityOfPage\":{\"@id\":\"https:\\\/\\\/kibrisdakik.com\\\/?p=13160\"},\"wordCount\":276,\"commentCount\":0,\"image\":{\"@id\":\"https:\\\/\\\/kibrisdakik.com\\\/?p=13160#primaryimage\"},\"thumbnailUrl\":\"https:\\\/\\\/kibrisdakik.com\\\/wp-content\\\/uploads\\\/2023\\\/09\\\/asdasda22311-740x420.jpeg\",\"articleSection\":[\"G\u00fcndem\"],\"inLanguage\":\"tr\",\"potentialAction\":[{\"@type\":\"CommentAction\",\"name\":\"Comment\",\"target\":[\"https:\\\/\\\/kibrisdakik.com\\\/?p=13160#respond\"]}]},{\"@type\":\"WebPage\",\"@id\":\"https:\\\/\\\/kibrisdakik.com\\\/?p=13160\",\"url\":\"https:\\\/\\\/kibrisdakik.com\\\/?p=13160\",\"name\":\"\u015eehir Planc\u0131lar\u0131 Odas\u0131 Alagadi \u00d6zel \u00c7evre Koruma b\u00f6lgesinde \u0130mar Yasas\u0131 kurallar\u0131na ayk\u0131r\u0131 i\u015flem yap\u0131ld\u0131\u011f\u0131n\u0131n tespit edildi\u011fi a\u00e7\u0131klad\u0131 -\",\"isPartOf\":{\"@id\":\"https:\\\/\\\/kibrisdakik.com\\\/#website\"},\"primaryImageOfPage\":{\"@id\":\"https:\\\/\\\/kibrisdakik.com\\\/?p=13160#primaryimage\"},\"image\":{\"@id\":\"https:\\\/\\\/kibrisdakik.com\\\/?p=13160#primaryimage\"},\"thumbnailUrl\":\"https:\\\/\\\/kibrisdakik.com\\\/wp-content\\\/uploads\\\/2023\\\/09\\\/asdasda22311-740x420.jpeg\",\"datePublished\":\"2023-09-04T07:33:38+00:00\",\"author\":{\"@id\":\"https:\\\/\\\/kibrisdakik.com\\\/#\\\/schema\\\/person\\\/9cd9d437bbb44f72b73ba127e06d8e79\"},\"breadcrumb\":{\"@id\":\"https:\\\/\\\/kibrisdakik.com\\\/?p=13160#breadcrumb\"},\"inLanguage\":\"tr\",\"potentialAction\":[{\"@type\":\"ReadAction\",\"target\":[\"https:\\\/\\\/kibrisdakik.com\\\/?p=13160\"]}]},{\"@type\":\"ImageObject\",\"inLanguage\":\"tr\",\"@id\":\"https:\\\/\\\/kibrisdakik.com\\\/?p=13160#primaryimage\",\"url\":\"https:\\\/\\\/kibrisdakik.com\\\/wp-content\\\/uploads\\\/2023\\\/09\\\/asdasda22311-740x420.jpeg\",\"contentUrl\":\"https:\\\/\\\/kibrisdakik.com\\\/wp-content\\\/uploads\\\/2023\\\/09\\\/asdasda22311-740x420.jpeg\",\"width\":2048,\"height\":1532},{\"@type\":\"BreadcrumbList\",\"@id\":\"https:\\\/\\\/kibrisdakik.com\\\/?p=13160#breadcrumb\",\"itemListElement\":[{\"@type\":\"ListItem\",\"position\":1,\"name\":\"Home\",\"item\":\"https:\\\/\\\/kibrisdakik.com\\\/\"},{\"@type\":\"ListItem\",\"position\":2,\"name\":\"\u015eehir Planc\u0131lar\u0131 Odas\u0131 Alagadi \u00d6zel \u00c7evre Koruma b\u00f6lgesinde \u0130mar Yasas\u0131 kurallar\u0131na ayk\u0131r\u0131 i\u015flem yap\u0131ld\u0131\u011f\u0131n\u0131n tespit edildi\u011fi a\u00e7\u0131klad\u0131\"}]},{\"@type\":\"WebSite\",\"@id\":\"https:\\\/\\\/kibrisdakik.com\\\/#website\",\"url\":\"https:\\\/\\\/kibrisdakik.com\\\/\",\"name\":\"\",\"description\":\"Tam vaktinde haber\",\"potentialAction\":[{\"@type\":\"SearchAction\",\"target\":{\"@type\":\"EntryPoint\",\"urlTemplate\":\"https:\\\/\\\/kibrisdakik.com\\\/?s={search_term_string}\"},\"query-input\":{\"@type\":\"PropertyValueSpecification\",\"valueRequired\":true,\"valueName\":\"search_term_string\"}}],\"inLanguage\":\"tr\"},{\"@type\":\"Person\",\"@id\":\"https:\\\/\\\/kibrisdakik.com\\\/#\\\/schema\\\/person\\\/9cd9d437bbb44f72b73ba127e06d8e79\",\"name\":\"admin\",\"image\":{\"@type\":\"ImageObject\",\"inLanguage\":\"tr\",\"@id\":\"https:\\\/\\\/secure.gravatar.com\\\/avatar\\\/ccc17943b9d660506c869530f897617f7cb1c21a4bf30023f252596d83e1f007?s=96&d=mm&r=g\",\"url\":\"https:\\\/\\\/secure.gravatar.com\\\/avatar\\\/ccc17943b9d660506c869530f897617f7cb1c21a4bf30023f252596d83e1f007?s=96&d=mm&r=g\",\"contentUrl\":\"https:\\\/\\\/secure.gravatar.com\\\/avatar\\\/ccc17943b9d660506c869530f897617f7cb1c21a4bf30023f252596d83e1f007?s=96&d=mm&r=g\",\"caption\":\"admin\"},\"sameAs\":[\"https:\\\/\\\/kibrisdakik.com\"],\"url\":\"https:\\\/\\\/kibrisdakik.com\\\/?author=1\"}]}<\/script>\n<!-- \/ Yoast SEO plugin. -->","yoast_head_json":{"title":"\u015eehir Planc\u0131lar\u0131 Odas\u0131 Alagadi \u00d6zel \u00c7evre Koruma b\u00f6lgesinde \u0130mar Yasas\u0131 kurallar\u0131na ayk\u0131r\u0131 i\u015flem yap\u0131ld\u0131\u011f\u0131n\u0131n tespit edildi\u011fi a\u00e7\u0131klad\u0131 -","robots":{"index":"index","follow":"follow","max-snippet":"max-snippet:-1","max-image-preview":"max-image-preview:large","max-video-preview":"max-video-preview:-1"},"canonical":"https:\/\/kibrisdakik.com\/?p=13160","og_locale":"tr_TR","og_type":"article","og_title":"\u015eehir Planc\u0131lar\u0131 Odas\u0131 Alagadi \u00d6zel \u00c7evre Koruma b\u00f6lgesinde \u0130mar Yasas\u0131 kurallar\u0131na ayk\u0131r\u0131 i\u015flem yap\u0131ld\u0131\u011f\u0131n\u0131n tespit edildi\u011fi a\u00e7\u0131klad\u0131 -","og_description":"KTMMOB \u015eehir Planc\u0131lar\u0131 Odas\u0131, Alagadi \u00d6zel \u00c7evre Koruma b\u00f6lgesinde \u0130mar Yasas\u0131 kurallar\u0131na uygunsuz \u015fekilde planlama onay yenilemesi yap\u0131ld\u0131\u011f\u0131n\u0131n tespit edildi\u011fini belirterek, g\u00f6revi k\u00f6t\u00fcye kullananlar hakk\u0131nda yasal i\u015flem ba\u015flatacaklar\u0131n\u0131 a\u00e7\u0131klad\u0131. Yap\u0131lan yaz\u0131l\u0131 a\u00e7\u0131klamada, Alagadi \u00d6zel \u00c7evre Koruma B\u00f6lgesinde planlama onay\u0131 yenilemesinin usuls\u00fcz oldu\u011funu tespit ettikleri in\u015faat\u0131n \u00c7atalk\u00f6y Esentepe Belediyesi taraf\u0131ndan ge\u00e7en hafta m\u00fch\u00fcrlendi\u011fi an\u0131msat\u0131ld\u0131. S\u00f6z konusu","og_url":"https:\/\/kibrisdakik.com\/?p=13160","article_published_time":"2023-09-04T07:33:38+00:00","og_image":[{"width":2048,"height":1532,"url":"https:\/\/kibrisdakik.com\/wp-content\/uploads\/2023\/09\/asdasda22311-740x420.jpeg","type":"image\/jpeg"}],"author":"admin","twitter_card":"summary_large_image","twitter_misc":{"Yazan:":"admin","Tahmini okuma s\u00fcresi":"1 dakika"},"schema":{"@context":"https:\/\/schema.org","@graph":[{"@type":"Article","@id":"https:\/\/kibrisdakik.com\/?p=13160#article","isPartOf":{"@id":"https:\/\/kibrisdakik.com\/?p=13160"},"author":{"name":"admin","@id":"https:\/\/kibrisdakik.com\/#\/schema\/person\/9cd9d437bbb44f72b73ba127e06d8e79"},"headline":"\u015eehir Planc\u0131lar\u0131 Odas\u0131 Alagadi \u00d6zel \u00c7evre Koruma b\u00f6lgesinde \u0130mar Yasas\u0131 kurallar\u0131na ayk\u0131r\u0131 i\u015flem yap\u0131ld\u0131\u011f\u0131n\u0131n tespit edildi\u011fi a\u00e7\u0131klad\u0131","datePublished":"2023-09-04T07:33:38+00:00","mainEntityOfPage":{"@id":"https:\/\/kibrisdakik.com\/?p=13160"},"wordCount":276,"commentCount":0,"image":{"@id":"https:\/\/kibrisdakik.com\/?p=13160#primaryimage"},"thumbnailUrl":"https:\/\/kibrisdakik.com\/wp-content\/uploads\/2023\/09\/asdasda22311-740x420.jpeg","articleSection":["G\u00fcndem"],"inLanguage":"tr","potentialAction":[{"@type":"CommentAction","name":"Comment","target":["https:\/\/kibrisdakik.com\/?p=13160#respond"]}]},{"@type":"WebPage","@id":"https:\/\/kibrisdakik.com\/?p=13160","url":"https:\/\/kibrisdakik.com\/?p=13160","name":"\u015eehir Planc\u0131lar\u0131 Odas\u0131 Alagadi \u00d6zel \u00c7evre Koruma b\u00f6lgesinde \u0130mar Yasas\u0131 kurallar\u0131na ayk\u0131r\u0131 i\u015flem yap\u0131ld\u0131\u011f\u0131n\u0131n tespit edildi\u011fi a\u00e7\u0131klad\u0131 -","isPartOf":{"@id":"https:\/\/kibrisdakik.com\/#website"},"primaryImageOfPage":{"@id":"https:\/\/kibrisdakik.com\/?p=13160#primaryimage"},"image":{"@id":"https:\/\/kibrisdakik.com\/?p=13160#primaryimage"},"thumbnailUrl":"https:\/\/kibrisdakik.com\/wp-content\/uploads\/2023\/09\/asdasda22311-740x420.jpeg","datePublished":"2023-09-04T07:33:38+00:00","author":{"@id":"https:\/\/kibrisdakik.com\/#\/schema\/person\/9cd9d437bbb44f72b73ba127e06d8e79"},"breadcrumb":{"@id":"https:\/\/kibrisdakik.com\/?p=13160#breadcrumb"},"inLanguage":"tr","potentialAction":[{"@type":"ReadAction","target":["https:\/\/kibrisdakik.com\/?p=13160"]}]},{"@type":"ImageObject","inLanguage":"tr","@id":"https:\/\/kibrisdakik.com\/?p=13160#primaryimage","url":"https:\/\/kibrisdakik.com\/wp-content\/uploads\/2023\/09\/asdasda22311-740x420.jpeg","contentUrl":"https:\/\/kibrisdakik.com\/wp-content\/uploads\/2023\/09\/asdasda22311-740x420.jpeg","width":2048,"height":1532},{"@type":"BreadcrumbList","@id":"https:\/\/kibrisdakik.com\/?p=13160#breadcrumb","itemListElement":[{"@type":"ListItem","position":1,"name":"Home","item":"https:\/\/kibrisdakik.com\/"},{"@type":"ListItem","position":2,"name":"\u015eehir Planc\u0131lar\u0131 Odas\u0131 Alagadi \u00d6zel \u00c7evre Koruma b\u00f6lgesinde \u0130mar Yasas\u0131 kurallar\u0131na ayk\u0131r\u0131 i\u015flem yap\u0131ld\u0131\u011f\u0131n\u0131n tespit edildi\u011fi a\u00e7\u0131klad\u0131"}]},{"@type":"WebSite","@id":"https:\/\/kibrisdakik.com\/#website","url":"https:\/\/kibrisdakik.com\/","name":"","description":"Tam vaktinde haber","potentialAction":[{"@type":"SearchAction","target":{"@type":"EntryPoint","urlTemplate":"https:\/\/kibrisdakik.com\/?s={search_term_string}"},"query-input":{"@type":"PropertyValueSpecification","valueRequired":true,"valueName":"search_term_string"}}],"inLanguage":"tr"},{"@type":"Person","@id":"https:\/\/kibrisdakik.com\/#\/schema\/person\/9cd9d437bbb44f72b73ba127e06d8e79","name":"admin","image":{"@type":"ImageObject","inLanguage":"tr","@id":"https:\/\/secure.gravatar.com\/avatar\/ccc17943b9d660506c869530f897617f7cb1c21a4bf30023f252596d83e1f007?s=96&d=mm&r=g","url":"https:\/\/secure.gravatar.com\/avatar\/ccc17943b9d660506c869530f897617f7cb1c21a4bf30023f252596d83e1f007?s=96&d=mm&r=g","contentUrl":"https:\/\/secure.gravatar.com\/avatar\/ccc17943b9d660506c869530f897617f7cb1c21a4bf30023f252596d83e1f007?s=96&d=mm&r=g","caption":"admin"},"sameAs":["https:\/\/kibrisdakik.com"],"url":"https:\/\/kibrisdakik.com\/?author=1"}]}},"_links":{"self":[{"href":"https:\/\/kibrisdakik.com\/index.php?rest_route=\/wp\/v2\/posts\/13160","targetHints":{"allow":["GET"]}}],"collection":[{"href":"https:\/\/kibrisdakik.com\/index.php?rest_route=\/wp\/v2\/posts"}],"about":[{"href":"https:\/\/kibrisdakik.com\/index.php?rest_route=\/wp\/v2\/types\/post"}],"author":[{"embeddable":true,"href":"https:\/\/kibrisdakik.com\/index.php?rest_route=\/wp\/v2\/users\/1"}],"replies":[{"embeddable":true,"href":"https:\/\/kibrisdakik.com\/index.php?rest_route=%2Fwp%2Fv2%2Fcomments&post=13160"}],"version-history":[{"count":0,"href":"https:\/\/kibrisdakik.com\/index.php?rest_route=\/wp\/v2\/posts\/13160\/revisions"}],"wp:featuredmedia":[{"embeddable":true,"href":"https:\/\/kibrisdakik.com\/index.php?rest_route=\/wp\/v2\/media\/13161"}],"wp:attachment":[{"href":"https:\/\/kibrisdakik.com\/index.php?rest_route=%2Fwp%2Fv2%2Fmedia&parent=13160"}],"wp:term":[{"taxonomy":"category","embeddable":true,"href":"https:\/\/kibrisdakik.com\/index.php?rest_route=%2Fwp%2Fv2%2Fcategories&post=13160"},{"taxonomy":"post_tag","embeddable":true,"href":"https:\/\/kibrisdakik.com\/index.php?rest_route=%2Fwp%2Fv2%2Ftags&post=13160"}],"curies":[{"name":"wp","href":"https:\/\/api.w.org\/{rel}","templated":true}]}}