{"id":13169,"date":"2023-09-04T09:42:21","date_gmt":"2023-09-04T09:42:21","guid":{"rendered":"https:\/\/kibrisdakik.com\/index.php\/2023\/09\/04\/cumhuriyet-meclisi-baskani-tore-voleybolda-avrupa-sampiyonu-olan-turkiye-a-milli-kadin-voleybol-takimini-kutladi\/"},"modified":"2023-09-04T09:42:21","modified_gmt":"2023-09-04T09:42:21","slug":"cumhuriyet-meclisi-baskani-tore-voleybolda-avrupa-sampiyonu-olan-turkiye-a-milli-kadin-voleybol-takimini-kutladi","status":"publish","type":"post","link":"https:\/\/kibrisdakik.com\/?p=13169","title":{"rendered":"Cumhuriyet Meclisi Ba\u015fkan\u0131 T\u00f6re, Voleybolda Avrupa \u015eampiyonu olan T\u00fcrkiye A Milli Kad\u0131n Voleybol Tak\u0131m\u0131n\u0131 kutlad\u0131"},"content":{"rendered":"<p><\/p>\n<div>\n<div class=\"mariselle-image-container center\">\n                <img width=\"1600\" height=\"731\" class=\"lazy-image\" alt=\"\" decoding=\"async\" loading=\"lazy\" sizes=\"auto, (max-width: 1600px) 100vw, 1600px\" src=\"https:\/\/brtk.net\/wp-content\/uploads\/2023\/01\/05\/zorlu-toreeeeeeeeeeeeeeeeeeeeeeeee.jpeg?ver=d38763a40a18e63383b65a22a6626dfb\" srcset=\"https:\/\/brtk.net\/wp-content\/uploads\/2023\/01\/05\/zorlu-toreeeeeeeeeeeeeeeeeeeeeeeee.jpeg?ver=d38763a40a18e63383b65a22a6626dfb 1600w, https:\/\/brtk.net\/wp-content\/uploads\/2023\/01\/05\/zorlu-toreeeeeeeeeeeeeeeeeeeeeeeee-300x137.jpeg?ver=d38763a40a18e63383b65a22a6626dfb 300w, https:\/\/brtk.net\/wp-content\/uploads\/2023\/01\/05\/zorlu-toreeeeeeeeeeeeeeeeeeeeeeeee-1024x468.jpeg?ver=6988c3e1b0a5c0b7441bb3f6ad6ee474 1024w, https:\/\/brtk.net\/wp-content\/uploads\/2023\/01\/05\/zorlu-toreeeeeeeeeeeeeeeeeeeeeeeee-768x351.jpeg?ver=6988c3e1b0a5c0b7441bb3f6ad6ee474 768w, https:\/\/brtk.net\/wp-content\/uploads\/2023\/01\/05\/zorlu-toreeeeeeeeeeeeeeeeeeeeeeeee-1536x702.jpeg?ver=ff23e5a2052fce07f19722a9503d79a2 1536w\"\/>                            <\/div>\n<p>Cumhuriyet Meclisi Ba\u015fkan\u0131 Zorlu T\u00f6re, Voleybolda Avrupa \u015eampiyonu olan T\u00fcrkiye A Milli Kad\u0131n Voleybol Tak\u0131m\u0131n\u0131 kutlad\u0131. <\/p>\n<p>T\u00f6re, yay\u0131mlad\u0131\u011f\u0131 mesajda \u015funlar\u0131 kaydetti. <\/p>\n<p>\u201cT\u00fcrkiye A Milli Kad\u0131n Voleybol Tak\u0131m\u0131m\u0131z\u0131n heyacanl\u0131 ve \u00e7eki\u015fmeli ge\u00e7en final m\u00fccadelesi sonras\u0131nda Avrupa \u015eampiyonu olmas\u0131n\u0131n gurur ve mutlulu\u011funu ya\u015f\u0131yoruz. <\/p>\n<p>Sporcular\u0131m\u0131z verdikleri m\u00fccadele ile T\u00fcrk kad\u0131n\u0131n\u0131n m\u00fccadeleci ruhunu t\u00fcm d\u00fcnyaya g\u00f6stermi\u015flerdir. <\/p>\n<p>B\u00f6yle b\u00fcy\u00fck bir ba\u015far\u0131n\u0131n Anavatan\u0131m\u0131zma Cumhuriyetin 100.y\u0131l\u0131nda ger\u00e7ekle\u015fmesi ise ayr\u0131ca b\u00fcy\u00fck bir anlam ve \u00f6nem ta\u015f\u0131maktad\u0131r. <\/p>\n<p>Elde edilen \u015fampiyonluk, K\u0131br\u0131s T\u00fcrk halk\u0131na da b\u00fcy\u00fck bir gurur ve co\u015fku ya\u015fatm\u0131\u015ft\u0131r. <\/p>\n<p>T\u00fcrk milletine tarihi bir zafer ya\u015fatan Filelin Sultanlar\u0131n\u0131 kutluyor, ba\u015far\u0131lar\u0131n\u0131n devam\u0131n\u0131 diliyorum.\u201d<\/p>\n<\/p><\/div>\n","protected":false},"excerpt":{"rendered":"<p>Cumhuriyet Meclisi Ba\u015fkan\u0131 Zorlu T\u00f6re, Voleybolda Avrupa \u015eampiyonu olan T\u00fcrkiye A Milli Kad\u0131n Voleybol Tak\u0131m\u0131n\u0131 kutlad\u0131. T\u00f6re, yay\u0131mlad\u0131\u011f\u0131 mesajda \u015funlar\u0131 kaydetti. \u201cT\u00fcrkiye A Milli Kad\u0131n Voleybol Tak\u0131m\u0131m\u0131z\u0131n heyacanl\u0131 ve \u00e7eki\u015fmeli ge\u00e7en final m\u00fccadelesi sonras\u0131nda Avrupa \u015eampiyonu olmas\u0131n\u0131n gurur ve mutlulu\u011funu ya\u015f\u0131yoruz. Sporcular\u0131m\u0131z verdikleri m\u00fccadele ile T\u00fcrk kad\u0131n\u0131n\u0131n m\u00fccadeleci ruhunu t\u00fcm d\u00fcnyaya g\u00f6stermi\u015flerdir. B\u00f6yle b\u00fcy\u00fck bir<\/p>\n","protected":false},"author":1,"featured_media":13170,"comment_status":"open","ping_status":"open","sticky":false,"template":"","format":"standard","meta":{"footnotes":""},"categories":[1],"tags":[],"class_list":["post-13169","post","type-post","status-publish","format-standard","has-post-thumbnail","hentry","category-gundem"],"yoast_head":"<!-- This site is optimized with the Yoast SEO plugin v27.5 - https:\/\/yoast.com\/product\/yoast-seo-wordpress\/ -->\n<title>Cumhuriyet Meclisi Ba\u015fkan\u0131 T\u00f6re, Voleybolda Avrupa \u015eampiyonu olan T\u00fcrkiye A Milli Kad\u0131n Voleybol Tak\u0131m\u0131n\u0131 kutlad\u0131 -<\/title>\n<meta name=\"robots\" content=\"index, follow, max-snippet:-1, max-image-preview:large, max-video-preview:-1\" \/>\n<link rel=\"canonical\" href=\"https:\/\/kibrisdakik.com\/?p=13169\" \/>\n<meta property=\"og:locale\" content=\"tr_TR\" \/>\n<meta property=\"og:type\" content=\"article\" \/>\n<meta property=\"og:title\" content=\"Cumhuriyet Meclisi Ba\u015fkan\u0131 T\u00f6re, Voleybolda Avrupa \u015eampiyonu olan T\u00fcrkiye A Milli Kad\u0131n Voleybol Tak\u0131m\u0131n\u0131 kutlad\u0131 -\" \/>\n<meta property=\"og:description\" content=\"Cumhuriyet Meclisi Ba\u015fkan\u0131 Zorlu T\u00f6re, Voleybolda Avrupa \u015eampiyonu olan T\u00fcrkiye A Milli Kad\u0131n Voleybol Tak\u0131m\u0131n\u0131 kutlad\u0131. T\u00f6re, yay\u0131mlad\u0131\u011f\u0131 mesajda \u015funlar\u0131 kaydetti. \u201cT\u00fcrkiye A Milli Kad\u0131n Voleybol Tak\u0131m\u0131m\u0131z\u0131n heyacanl\u0131 ve \u00e7eki\u015fmeli ge\u00e7en final m\u00fccadelesi sonras\u0131nda Avrupa \u015eampiyonu olmas\u0131n\u0131n gurur ve mutlulu\u011funu ya\u015f\u0131yoruz. Sporcular\u0131m\u0131z verdikleri m\u00fccadele ile T\u00fcrk kad\u0131n\u0131n\u0131n m\u00fccadeleci ruhunu t\u00fcm d\u00fcnyaya g\u00f6stermi\u015flerdir. B\u00f6yle b\u00fcy\u00fck bir\" \/>\n<meta property=\"og:url\" content=\"https:\/\/kibrisdakik.com\/?p=13169\" \/>\n<meta property=\"article:published_time\" content=\"2023-09-04T09:42:21+00:00\" \/>\n<meta property=\"og:image\" content=\"https:\/\/kibrisdakik.com\/wp-content\/uploads\/2023\/09\/zorlu-toreeeeeeeeeeeeeeeeeeeeeeeee-740x420.jpeg\" \/>\n\t<meta property=\"og:image:width\" content=\"1600\" \/>\n\t<meta property=\"og:image:height\" content=\"731\" \/>\n\t<meta property=\"og:image:type\" content=\"image\/jpeg\" \/>\n<meta name=\"author\" content=\"admin\" \/>\n<meta name=\"twitter:card\" content=\"summary_large_image\" \/>\n<meta name=\"twitter:label1\" content=\"Yazan:\" \/>\n\t<meta name=\"twitter:data1\" content=\"admin\" \/>\n\t<meta name=\"twitter:label2\" content=\"Tahmini okuma s\u00fcresi\" \/>\n\t<meta name=\"twitter:data2\" content=\"1 dakika\" \/>\n<script type=\"application\/ld+json\" class=\"yoast-schema-graph\">{\"@context\":\"https:\\\/\\\/schema.org\",\"@graph\":[{\"@type\":\"Article\",\"@id\":\"https:\\\/\\\/kibrisdakik.com\\\/?p=13169#article\",\"isPartOf\":{\"@id\":\"https:\\\/\\\/kibrisdakik.com\\\/?p=13169\"},\"author\":{\"name\":\"admin\",\"@id\":\"https:\\\/\\\/kibrisdakik.com\\\/#\\\/schema\\\/person\\\/9cd9d437bbb44f72b73ba127e06d8e79\"},\"headline\":\"Cumhuriyet Meclisi Ba\u015fkan\u0131 T\u00f6re, Voleybolda Avrupa \u015eampiyonu olan T\u00fcrkiye A Milli Kad\u0131n Voleybol Tak\u0131m\u0131n\u0131 kutlad\u0131\",\"datePublished\":\"2023-09-04T09:42:21+00:00\",\"mainEntityOfPage\":{\"@id\":\"https:\\\/\\\/kibrisdakik.com\\\/?p=13169\"},\"wordCount\":183,\"commentCount\":0,\"image\":{\"@id\":\"https:\\\/\\\/kibrisdakik.com\\\/?p=13169#primaryimage\"},\"thumbnailUrl\":\"https:\\\/\\\/kibrisdakik.com\\\/wp-content\\\/uploads\\\/2023\\\/09\\\/zorlu-toreeeeeeeeeeeeeeeeeeeeeeeee-740x420.jpeg\",\"articleSection\":[\"G\u00fcndem\"],\"inLanguage\":\"tr\",\"potentialAction\":[{\"@type\":\"CommentAction\",\"name\":\"Comment\",\"target\":[\"https:\\\/\\\/kibrisdakik.com\\\/?p=13169#respond\"]}]},{\"@type\":\"WebPage\",\"@id\":\"https:\\\/\\\/kibrisdakik.com\\\/?p=13169\",\"url\":\"https:\\\/\\\/kibrisdakik.com\\\/?p=13169\",\"name\":\"Cumhuriyet Meclisi Ba\u015fkan\u0131 T\u00f6re, Voleybolda Avrupa \u015eampiyonu olan T\u00fcrkiye A Milli Kad\u0131n Voleybol Tak\u0131m\u0131n\u0131 kutlad\u0131 -\",\"isPartOf\":{\"@id\":\"https:\\\/\\\/kibrisdakik.com\\\/#website\"},\"primaryImageOfPage\":{\"@id\":\"https:\\\/\\\/kibrisdakik.com\\\/?p=13169#primaryimage\"},\"image\":{\"@id\":\"https:\\\/\\\/kibrisdakik.com\\\/?p=13169#primaryimage\"},\"thumbnailUrl\":\"https:\\\/\\\/kibrisdakik.com\\\/wp-content\\\/uploads\\\/2023\\\/09\\\/zorlu-toreeeeeeeeeeeeeeeeeeeeeeeee-740x420.jpeg\",\"datePublished\":\"2023-09-04T09:42:21+00:00\",\"author\":{\"@id\":\"https:\\\/\\\/kibrisdakik.com\\\/#\\\/schema\\\/person\\\/9cd9d437bbb44f72b73ba127e06d8e79\"},\"breadcrumb\":{\"@id\":\"https:\\\/\\\/kibrisdakik.com\\\/?p=13169#breadcrumb\"},\"inLanguage\":\"tr\",\"potentialAction\":[{\"@type\":\"ReadAction\",\"target\":[\"https:\\\/\\\/kibrisdakik.com\\\/?p=13169\"]}]},{\"@type\":\"ImageObject\",\"inLanguage\":\"tr\",\"@id\":\"https:\\\/\\\/kibrisdakik.com\\\/?p=13169#primaryimage\",\"url\":\"https:\\\/\\\/kibrisdakik.com\\\/wp-content\\\/uploads\\\/2023\\\/09\\\/zorlu-toreeeeeeeeeeeeeeeeeeeeeeeee-740x420.jpeg\",\"contentUrl\":\"https:\\\/\\\/kibrisdakik.com\\\/wp-content\\\/uploads\\\/2023\\\/09\\\/zorlu-toreeeeeeeeeeeeeeeeeeeeeeeee-740x420.jpeg\",\"width\":1600,\"height\":731},{\"@type\":\"BreadcrumbList\",\"@id\":\"https:\\\/\\\/kibrisdakik.com\\\/?p=13169#breadcrumb\",\"itemListElement\":[{\"@type\":\"ListItem\",\"position\":1,\"name\":\"Home\",\"item\":\"https:\\\/\\\/kibrisdakik.com\\\/\"},{\"@type\":\"ListItem\",\"position\":2,\"name\":\"Cumhuriyet Meclisi Ba\u015fkan\u0131 T\u00f6re, Voleybolda Avrupa \u015eampiyonu olan T\u00fcrkiye A Milli Kad\u0131n Voleybol Tak\u0131m\u0131n\u0131 kutlad\u0131\"}]},{\"@type\":\"WebSite\",\"@id\":\"https:\\\/\\\/kibrisdakik.com\\\/#website\",\"url\":\"https:\\\/\\\/kibrisdakik.com\\\/\",\"name\":\"\",\"description\":\"Tam vaktinde haber\",\"potentialAction\":[{\"@type\":\"SearchAction\",\"target\":{\"@type\":\"EntryPoint\",\"urlTemplate\":\"https:\\\/\\\/kibrisdakik.com\\\/?s={search_term_string}\"},\"query-input\":{\"@type\":\"PropertyValueSpecification\",\"valueRequired\":true,\"valueName\":\"search_term_string\"}}],\"inLanguage\":\"tr\"},{\"@type\":\"Person\",\"@id\":\"https:\\\/\\\/kibrisdakik.com\\\/#\\\/schema\\\/person\\\/9cd9d437bbb44f72b73ba127e06d8e79\",\"name\":\"admin\",\"image\":{\"@type\":\"ImageObject\",\"inLanguage\":\"tr\",\"@id\":\"https:\\\/\\\/secure.gravatar.com\\\/avatar\\\/ccc17943b9d660506c869530f897617f7cb1c21a4bf30023f252596d83e1f007?s=96&d=mm&r=g\",\"url\":\"https:\\\/\\\/secure.gravatar.com\\\/avatar\\\/ccc17943b9d660506c869530f897617f7cb1c21a4bf30023f252596d83e1f007?s=96&d=mm&r=g\",\"contentUrl\":\"https:\\\/\\\/secure.gravatar.com\\\/avatar\\\/ccc17943b9d660506c869530f897617f7cb1c21a4bf30023f252596d83e1f007?s=96&d=mm&r=g\",\"caption\":\"admin\"},\"sameAs\":[\"https:\\\/\\\/kibrisdakik.com\"],\"url\":\"https:\\\/\\\/kibrisdakik.com\\\/?author=1\"}]}<\/script>\n<!-- \/ Yoast SEO plugin. -->","yoast_head_json":{"title":"Cumhuriyet Meclisi Ba\u015fkan\u0131 T\u00f6re, Voleybolda Avrupa \u015eampiyonu olan T\u00fcrkiye A Milli Kad\u0131n Voleybol Tak\u0131m\u0131n\u0131 kutlad\u0131 -","robots":{"index":"index","follow":"follow","max-snippet":"max-snippet:-1","max-image-preview":"max-image-preview:large","max-video-preview":"max-video-preview:-1"},"canonical":"https:\/\/kibrisdakik.com\/?p=13169","og_locale":"tr_TR","og_type":"article","og_title":"Cumhuriyet Meclisi Ba\u015fkan\u0131 T\u00f6re, Voleybolda Avrupa \u015eampiyonu olan T\u00fcrkiye A Milli Kad\u0131n Voleybol Tak\u0131m\u0131n\u0131 kutlad\u0131 -","og_description":"Cumhuriyet Meclisi Ba\u015fkan\u0131 Zorlu T\u00f6re, Voleybolda Avrupa \u015eampiyonu olan T\u00fcrkiye A Milli Kad\u0131n Voleybol Tak\u0131m\u0131n\u0131 kutlad\u0131. T\u00f6re, yay\u0131mlad\u0131\u011f\u0131 mesajda \u015funlar\u0131 kaydetti. \u201cT\u00fcrkiye A Milli Kad\u0131n Voleybol Tak\u0131m\u0131m\u0131z\u0131n heyacanl\u0131 ve \u00e7eki\u015fmeli ge\u00e7en final m\u00fccadelesi sonras\u0131nda Avrupa \u015eampiyonu olmas\u0131n\u0131n gurur ve mutlulu\u011funu ya\u015f\u0131yoruz. Sporcular\u0131m\u0131z verdikleri m\u00fccadele ile T\u00fcrk kad\u0131n\u0131n\u0131n m\u00fccadeleci ruhunu t\u00fcm d\u00fcnyaya g\u00f6stermi\u015flerdir. B\u00f6yle b\u00fcy\u00fck bir","og_url":"https:\/\/kibrisdakik.com\/?p=13169","article_published_time":"2023-09-04T09:42:21+00:00","og_image":[{"width":1600,"height":731,"url":"https:\/\/kibrisdakik.com\/wp-content\/uploads\/2023\/09\/zorlu-toreeeeeeeeeeeeeeeeeeeeeeeee-740x420.jpeg","type":"image\/jpeg"}],"author":"admin","twitter_card":"summary_large_image","twitter_misc":{"Yazan:":"admin","Tahmini okuma s\u00fcresi":"1 dakika"},"schema":{"@context":"https:\/\/schema.org","@graph":[{"@type":"Article","@id":"https:\/\/kibrisdakik.com\/?p=13169#article","isPartOf":{"@id":"https:\/\/kibrisdakik.com\/?p=13169"},"author":{"name":"admin","@id":"https:\/\/kibrisdakik.com\/#\/schema\/person\/9cd9d437bbb44f72b73ba127e06d8e79"},"headline":"Cumhuriyet Meclisi Ba\u015fkan\u0131 T\u00f6re, Voleybolda Avrupa \u015eampiyonu olan T\u00fcrkiye A Milli Kad\u0131n Voleybol Tak\u0131m\u0131n\u0131 kutlad\u0131","datePublished":"2023-09-04T09:42:21+00:00","mainEntityOfPage":{"@id":"https:\/\/kibrisdakik.com\/?p=13169"},"wordCount":183,"commentCount":0,"image":{"@id":"https:\/\/kibrisdakik.com\/?p=13169#primaryimage"},"thumbnailUrl":"https:\/\/kibrisdakik.com\/wp-content\/uploads\/2023\/09\/zorlu-toreeeeeeeeeeeeeeeeeeeeeeeee-740x420.jpeg","articleSection":["G\u00fcndem"],"inLanguage":"tr","potentialAction":[{"@type":"CommentAction","name":"Comment","target":["https:\/\/kibrisdakik.com\/?p=13169#respond"]}]},{"@type":"WebPage","@id":"https:\/\/kibrisdakik.com\/?p=13169","url":"https:\/\/kibrisdakik.com\/?p=13169","name":"Cumhuriyet Meclisi Ba\u015fkan\u0131 T\u00f6re, Voleybolda Avrupa \u015eampiyonu olan T\u00fcrkiye A Milli Kad\u0131n Voleybol Tak\u0131m\u0131n\u0131 kutlad\u0131 -","isPartOf":{"@id":"https:\/\/kibrisdakik.com\/#website"},"primaryImageOfPage":{"@id":"https:\/\/kibrisdakik.com\/?p=13169#primaryimage"},"image":{"@id":"https:\/\/kibrisdakik.com\/?p=13169#primaryimage"},"thumbnailUrl":"https:\/\/kibrisdakik.com\/wp-content\/uploads\/2023\/09\/zorlu-toreeeeeeeeeeeeeeeeeeeeeeeee-740x420.jpeg","datePublished":"2023-09-04T09:42:21+00:00","author":{"@id":"https:\/\/kibrisdakik.com\/#\/schema\/person\/9cd9d437bbb44f72b73ba127e06d8e79"},"breadcrumb":{"@id":"https:\/\/kibrisdakik.com\/?p=13169#breadcrumb"},"inLanguage":"tr","potentialAction":[{"@type":"ReadAction","target":["https:\/\/kibrisdakik.com\/?p=13169"]}]},{"@type":"ImageObject","inLanguage":"tr","@id":"https:\/\/kibrisdakik.com\/?p=13169#primaryimage","url":"https:\/\/kibrisdakik.com\/wp-content\/uploads\/2023\/09\/zorlu-toreeeeeeeeeeeeeeeeeeeeeeeee-740x420.jpeg","contentUrl":"https:\/\/kibrisdakik.com\/wp-content\/uploads\/2023\/09\/zorlu-toreeeeeeeeeeeeeeeeeeeeeeeee-740x420.jpeg","width":1600,"height":731},{"@type":"BreadcrumbList","@id":"https:\/\/kibrisdakik.com\/?p=13169#breadcrumb","itemListElement":[{"@type":"ListItem","position":1,"name":"Home","item":"https:\/\/kibrisdakik.com\/"},{"@type":"ListItem","position":2,"name":"Cumhuriyet Meclisi Ba\u015fkan\u0131 T\u00f6re, Voleybolda Avrupa \u015eampiyonu olan T\u00fcrkiye A Milli Kad\u0131n Voleybol Tak\u0131m\u0131n\u0131 kutlad\u0131"}]},{"@type":"WebSite","@id":"https:\/\/kibrisdakik.com\/#website","url":"https:\/\/kibrisdakik.com\/","name":"","description":"Tam vaktinde haber","potentialAction":[{"@type":"SearchAction","target":{"@type":"EntryPoint","urlTemplate":"https:\/\/kibrisdakik.com\/?s={search_term_string}"},"query-input":{"@type":"PropertyValueSpecification","valueRequired":true,"valueName":"search_term_string"}}],"inLanguage":"tr"},{"@type":"Person","@id":"https:\/\/kibrisdakik.com\/#\/schema\/person\/9cd9d437bbb44f72b73ba127e06d8e79","name":"admin","image":{"@type":"ImageObject","inLanguage":"tr","@id":"https:\/\/secure.gravatar.com\/avatar\/ccc17943b9d660506c869530f897617f7cb1c21a4bf30023f252596d83e1f007?s=96&d=mm&r=g","url":"https:\/\/secure.gravatar.com\/avatar\/ccc17943b9d660506c869530f897617f7cb1c21a4bf30023f252596d83e1f007?s=96&d=mm&r=g","contentUrl":"https:\/\/secure.gravatar.com\/avatar\/ccc17943b9d660506c869530f897617f7cb1c21a4bf30023f252596d83e1f007?s=96&d=mm&r=g","caption":"admin"},"sameAs":["https:\/\/kibrisdakik.com"],"url":"https:\/\/kibrisdakik.com\/?author=1"}]}},"_links":{"self":[{"href":"https:\/\/kibrisdakik.com\/index.php?rest_route=\/wp\/v2\/posts\/13169","targetHints":{"allow":["GET"]}}],"collection":[{"href":"https:\/\/kibrisdakik.com\/index.php?rest_route=\/wp\/v2\/posts"}],"about":[{"href":"https:\/\/kibrisdakik.com\/index.php?rest_route=\/wp\/v2\/types\/post"}],"author":[{"embeddable":true,"href":"https:\/\/kibrisdakik.com\/index.php?rest_route=\/wp\/v2\/users\/1"}],"replies":[{"embeddable":true,"href":"https:\/\/kibrisdakik.com\/index.php?rest_route=%2Fwp%2Fv2%2Fcomments&post=13169"}],"version-history":[{"count":0,"href":"https:\/\/kibrisdakik.com\/index.php?rest_route=\/wp\/v2\/posts\/13169\/revisions"}],"wp:featuredmedia":[{"embeddable":true,"href":"https:\/\/kibrisdakik.com\/index.php?rest_route=\/wp\/v2\/media\/13170"}],"wp:attachment":[{"href":"https:\/\/kibrisdakik.com\/index.php?rest_route=%2Fwp%2Fv2%2Fmedia&parent=13169"}],"wp:term":[{"taxonomy":"category","embeddable":true,"href":"https:\/\/kibrisdakik.com\/index.php?rest_route=%2Fwp%2Fv2%2Fcategories&post=13169"},{"taxonomy":"post_tag","embeddable":true,"href":"https:\/\/kibrisdakik.com\/index.php?rest_route=%2Fwp%2Fv2%2Ftags&post=13169"}],"curies":[{"name":"wp","href":"https:\/\/api.w.org\/{rel}","templated":true}]}}