{"id":13180,"date":"2023-09-04T11:43:57","date_gmt":"2023-09-04T11:43:57","guid":{"rendered":"https:\/\/kibrisdakik.com\/index.php\/2023\/09\/04\/genclik-dairesi-kultur-gezisi-duzenledi\/"},"modified":"2023-09-04T11:43:57","modified_gmt":"2023-09-04T11:43:57","slug":"genclik-dairesi-kultur-gezisi-duzenledi","status":"publish","type":"post","link":"https:\/\/kibrisdakik.com\/?p=13180","title":{"rendered":"Gen\u00e7lik Dairesi k\u00fclt\u00fcr gezisi d\u00fczenledi"},"content":{"rendered":"<p><\/p>\n<div>\n<div class=\"mariselle-image-container none\">\n                <img width=\"929\" height=\"523\" class=\"lazy-image\" alt=\"\" decoding=\"async\" loading=\"lazy\" sizes=\"auto, (max-width: 929px) 100vw, 929px\" src=\"https:\/\/brtk.net\/wp-content\/uploads\/2023\/09\/04\/genclik-dairesi-2-.jpg?ver=cb48a9d1f9596cab7d3f72764e03ae95\" srcset=\"https:\/\/brtk.net\/wp-content\/uploads\/2023\/09\/04\/genclik-dairesi-2-.jpg?ver=cb48a9d1f9596cab7d3f72764e03ae95 929w, https:\/\/brtk.net\/wp-content\/uploads\/2023\/09\/04\/genclik-dairesi-2--300x169.jpg?ver=85b9f8015eb33357f63bf08d205477dd 300w, https:\/\/brtk.net\/wp-content\/uploads\/2023\/09\/04\/genclik-dairesi-2--768x432.jpg?ver=85b9f8015eb33357f63bf08d205477dd 768w\"\/>                            <\/div>\n<p>Ba\u015fbakan Yard\u0131mc\u0131l\u0131\u011f\u0131, Turizm, K\u00fclt\u00fcr, Gen\u00e7lik ve \u00c7evre Bakanl\u0131\u011f\u0131na ba\u011fl\u0131 Gen\u00e7lik Dairesi M\u00fcd\u00fcrl\u00fc\u011f\u00fc, \u201c\u00dclkemi Tan\u0131yorum Projesi\u201d kapsam\u0131nda Gen\u00e7lik Dairesi\u2019ne ba\u011fl\u0131 Akdo\u011fan ve Pa\u015fak\u00f6y Gen\u00e7lik Merkezlerinde bulunan gen\u00e7lere y\u00f6nelik Dipkarpaz b\u00f6lgesinde k\u00fclt\u00fcr gezisi d\u00fczenledi.<\/p>\n<p>Gen\u00e7lik Dairesi Bas\u0131n B\u00fcrosu\u2019ndan verilen bilgiye g\u00f6re, gen\u00e7ler gezide, Karpaz b\u00f6lgesini tan\u0131ma f\u0131rsat\u0131 bulurken, Gen\u00e7lik Dairesi\u2019ne ba\u011fl\u0131 Dipkarpaz Gen\u00e7lik Merkezi\u2019ni de ziyaret ederek, oradaki \u00e7al\u0131\u015fmalar\u0131 merkez sorumlusundan dinledi.<\/p>\n<p>Gen\u00e7lik Dairesi M\u00fcd\u00fcr\u00fc Hakan \u00d6zsayg\u0131n, belli periyotlarda \u201c\u00dclkemi Tan\u0131yorum Projesi\u201dni ger\u00e7ekle\u015ftirdiklerini ifade ederek, gen\u00e7lere ya\u015fad\u0131klar\u0131 b\u00f6lgenin uza\u011f\u0131nda \u00fclke genelindeki tarihi ve k\u00fclt\u00fcrel alanlar\u0131 g\u00f6rme ve tan\u0131ma f\u0131rsat\u0131 yaratt\u0131klar\u0131n\u0131 kaydetti.\u00a0<\/p>\n<p>TAK\/<a href=\"https:\/\/brtk.net\/\">BRT<\/a><\/p>\n<\/p><\/div>\n","protected":false},"excerpt":{"rendered":"<p>Ba\u015fbakan Yard\u0131mc\u0131l\u0131\u011f\u0131, Turizm, K\u00fclt\u00fcr, Gen\u00e7lik ve \u00c7evre Bakanl\u0131\u011f\u0131na ba\u011fl\u0131 Gen\u00e7lik Dairesi M\u00fcd\u00fcrl\u00fc\u011f\u00fc, \u201c\u00dclkemi Tan\u0131yorum Projesi\u201d kapsam\u0131nda Gen\u00e7lik Dairesi\u2019ne ba\u011fl\u0131 Akdo\u011fan ve Pa\u015fak\u00f6y Gen\u00e7lik Merkezlerinde bulunan gen\u00e7lere y\u00f6nelik Dipkarpaz b\u00f6lgesinde k\u00fclt\u00fcr gezisi d\u00fczenledi. Gen\u00e7lik Dairesi Bas\u0131n B\u00fcrosu\u2019ndan verilen bilgiye g\u00f6re, gen\u00e7ler gezide, Karpaz b\u00f6lgesini tan\u0131ma f\u0131rsat\u0131 bulurken, Gen\u00e7lik Dairesi\u2019ne ba\u011fl\u0131 Dipkarpaz Gen\u00e7lik Merkezi\u2019ni de ziyaret ederek,<\/p>\n","protected":false},"author":1,"featured_media":13181,"comment_status":"open","ping_status":"open","sticky":false,"template":"","format":"standard","meta":{"footnotes":""},"categories":[1],"tags":[],"class_list":["post-13180","post","type-post","status-publish","format-standard","has-post-thumbnail","hentry","category-gundem"],"yoast_head":"<!-- This site is optimized with the Yoast SEO plugin v27.4 - https:\/\/yoast.com\/product\/yoast-seo-wordpress\/ -->\n<title>Gen\u00e7lik Dairesi k\u00fclt\u00fcr gezisi d\u00fczenledi -<\/title>\n<meta name=\"robots\" content=\"index, follow, max-snippet:-1, max-image-preview:large, max-video-preview:-1\" \/>\n<link rel=\"canonical\" href=\"https:\/\/kibrisdakik.com\/?p=13180\" \/>\n<meta property=\"og:locale\" content=\"tr_TR\" \/>\n<meta property=\"og:type\" content=\"article\" \/>\n<meta property=\"og:title\" content=\"Gen\u00e7lik Dairesi k\u00fclt\u00fcr gezisi d\u00fczenledi -\" \/>\n<meta property=\"og:description\" content=\"Ba\u015fbakan Yard\u0131mc\u0131l\u0131\u011f\u0131, Turizm, K\u00fclt\u00fcr, Gen\u00e7lik ve \u00c7evre Bakanl\u0131\u011f\u0131na ba\u011fl\u0131 Gen\u00e7lik Dairesi M\u00fcd\u00fcrl\u00fc\u011f\u00fc, \u201c\u00dclkemi Tan\u0131yorum Projesi\u201d kapsam\u0131nda Gen\u00e7lik Dairesi\u2019ne ba\u011fl\u0131 Akdo\u011fan ve Pa\u015fak\u00f6y Gen\u00e7lik Merkezlerinde bulunan gen\u00e7lere y\u00f6nelik Dipkarpaz b\u00f6lgesinde k\u00fclt\u00fcr gezisi d\u00fczenledi. Gen\u00e7lik Dairesi Bas\u0131n B\u00fcrosu\u2019ndan verilen bilgiye g\u00f6re, gen\u00e7ler gezide, Karpaz b\u00f6lgesini tan\u0131ma f\u0131rsat\u0131 bulurken, Gen\u00e7lik Dairesi\u2019ne ba\u011fl\u0131 Dipkarpaz Gen\u00e7lik Merkezi\u2019ni de ziyaret ederek,\" \/>\n<meta property=\"og:url\" content=\"https:\/\/kibrisdakik.com\/?p=13180\" \/>\n<meta property=\"article:published_time\" content=\"2023-09-04T11:43:57+00:00\" \/>\n<meta property=\"og:image\" content=\"https:\/\/kibrisdakik.com\/wp-content\/uploads\/2023\/09\/genclik-dairesi-2--740x420.jpg\" \/>\n\t<meta property=\"og:image:width\" content=\"929\" \/>\n\t<meta property=\"og:image:height\" content=\"523\" \/>\n\t<meta property=\"og:image:type\" content=\"image\/jpeg\" \/>\n<meta name=\"author\" content=\"admin\" \/>\n<meta name=\"twitter:card\" content=\"summary_large_image\" \/>\n<meta name=\"twitter:label1\" content=\"Yazan:\" \/>\n\t<meta name=\"twitter:data1\" content=\"admin\" \/>\n\t<meta name=\"twitter:label2\" content=\"Tahmini okuma s\u00fcresi\" \/>\n\t<meta name=\"twitter:data2\" content=\"1 dakika\" \/>\n<script type=\"application\/ld+json\" class=\"yoast-schema-graph\">{\"@context\":\"https:\\\/\\\/schema.org\",\"@graph\":[{\"@type\":\"Article\",\"@id\":\"https:\\\/\\\/kibrisdakik.com\\\/?p=13180#article\",\"isPartOf\":{\"@id\":\"https:\\\/\\\/kibrisdakik.com\\\/?p=13180\"},\"author\":{\"name\":\"admin\",\"@id\":\"https:\\\/\\\/kibrisdakik.com\\\/#\\\/schema\\\/person\\\/9cd9d437bbb44f72b73ba127e06d8e79\"},\"headline\":\"Gen\u00e7lik Dairesi k\u00fclt\u00fcr gezisi d\u00fczenledi\",\"datePublished\":\"2023-09-04T11:43:57+00:00\",\"mainEntityOfPage\":{\"@id\":\"https:\\\/\\\/kibrisdakik.com\\\/?p=13180\"},\"wordCount\":161,\"commentCount\":0,\"image\":{\"@id\":\"https:\\\/\\\/kibrisdakik.com\\\/?p=13180#primaryimage\"},\"thumbnailUrl\":\"https:\\\/\\\/kibrisdakik.com\\\/wp-content\\\/uploads\\\/2023\\\/09\\\/genclik-dairesi-2--740x420.jpg\",\"articleSection\":[\"G\u00fcndem\"],\"inLanguage\":\"tr\",\"potentialAction\":[{\"@type\":\"CommentAction\",\"name\":\"Comment\",\"target\":[\"https:\\\/\\\/kibrisdakik.com\\\/?p=13180#respond\"]}]},{\"@type\":\"WebPage\",\"@id\":\"https:\\\/\\\/kibrisdakik.com\\\/?p=13180\",\"url\":\"https:\\\/\\\/kibrisdakik.com\\\/?p=13180\",\"name\":\"Gen\u00e7lik Dairesi k\u00fclt\u00fcr gezisi d\u00fczenledi -\",\"isPartOf\":{\"@id\":\"https:\\\/\\\/kibrisdakik.com\\\/#website\"},\"primaryImageOfPage\":{\"@id\":\"https:\\\/\\\/kibrisdakik.com\\\/?p=13180#primaryimage\"},\"image\":{\"@id\":\"https:\\\/\\\/kibrisdakik.com\\\/?p=13180#primaryimage\"},\"thumbnailUrl\":\"https:\\\/\\\/kibrisdakik.com\\\/wp-content\\\/uploads\\\/2023\\\/09\\\/genclik-dairesi-2--740x420.jpg\",\"datePublished\":\"2023-09-04T11:43:57+00:00\",\"author\":{\"@id\":\"https:\\\/\\\/kibrisdakik.com\\\/#\\\/schema\\\/person\\\/9cd9d437bbb44f72b73ba127e06d8e79\"},\"breadcrumb\":{\"@id\":\"https:\\\/\\\/kibrisdakik.com\\\/?p=13180#breadcrumb\"},\"inLanguage\":\"tr\",\"potentialAction\":[{\"@type\":\"ReadAction\",\"target\":[\"https:\\\/\\\/kibrisdakik.com\\\/?p=13180\"]}]},{\"@type\":\"ImageObject\",\"inLanguage\":\"tr\",\"@id\":\"https:\\\/\\\/kibrisdakik.com\\\/?p=13180#primaryimage\",\"url\":\"https:\\\/\\\/kibrisdakik.com\\\/wp-content\\\/uploads\\\/2023\\\/09\\\/genclik-dairesi-2--740x420.jpg\",\"contentUrl\":\"https:\\\/\\\/kibrisdakik.com\\\/wp-content\\\/uploads\\\/2023\\\/09\\\/genclik-dairesi-2--740x420.jpg\",\"width\":929,\"height\":523},{\"@type\":\"BreadcrumbList\",\"@id\":\"https:\\\/\\\/kibrisdakik.com\\\/?p=13180#breadcrumb\",\"itemListElement\":[{\"@type\":\"ListItem\",\"position\":1,\"name\":\"Home\",\"item\":\"https:\\\/\\\/kibrisdakik.com\\\/\"},{\"@type\":\"ListItem\",\"position\":2,\"name\":\"Gen\u00e7lik Dairesi k\u00fclt\u00fcr gezisi d\u00fczenledi\"}]},{\"@type\":\"WebSite\",\"@id\":\"https:\\\/\\\/kibrisdakik.com\\\/#website\",\"url\":\"https:\\\/\\\/kibrisdakik.com\\\/\",\"name\":\"\",\"description\":\"Tam vaktinde haber\",\"potentialAction\":[{\"@type\":\"SearchAction\",\"target\":{\"@type\":\"EntryPoint\",\"urlTemplate\":\"https:\\\/\\\/kibrisdakik.com\\\/?s={search_term_string}\"},\"query-input\":{\"@type\":\"PropertyValueSpecification\",\"valueRequired\":true,\"valueName\":\"search_term_string\"}}],\"inLanguage\":\"tr\"},{\"@type\":\"Person\",\"@id\":\"https:\\\/\\\/kibrisdakik.com\\\/#\\\/schema\\\/person\\\/9cd9d437bbb44f72b73ba127e06d8e79\",\"name\":\"admin\",\"image\":{\"@type\":\"ImageObject\",\"inLanguage\":\"tr\",\"@id\":\"https:\\\/\\\/secure.gravatar.com\\\/avatar\\\/ccc17943b9d660506c869530f897617f7cb1c21a4bf30023f252596d83e1f007?s=96&d=mm&r=g\",\"url\":\"https:\\\/\\\/secure.gravatar.com\\\/avatar\\\/ccc17943b9d660506c869530f897617f7cb1c21a4bf30023f252596d83e1f007?s=96&d=mm&r=g\",\"contentUrl\":\"https:\\\/\\\/secure.gravatar.com\\\/avatar\\\/ccc17943b9d660506c869530f897617f7cb1c21a4bf30023f252596d83e1f007?s=96&d=mm&r=g\",\"caption\":\"admin\"},\"sameAs\":[\"https:\\\/\\\/kibrisdakik.com\"],\"url\":\"https:\\\/\\\/kibrisdakik.com\\\/?author=1\"}]}<\/script>\n<!-- \/ Yoast SEO plugin. -->","yoast_head_json":{"title":"Gen\u00e7lik Dairesi k\u00fclt\u00fcr gezisi d\u00fczenledi -","robots":{"index":"index","follow":"follow","max-snippet":"max-snippet:-1","max-image-preview":"max-image-preview:large","max-video-preview":"max-video-preview:-1"},"canonical":"https:\/\/kibrisdakik.com\/?p=13180","og_locale":"tr_TR","og_type":"article","og_title":"Gen\u00e7lik Dairesi k\u00fclt\u00fcr gezisi d\u00fczenledi -","og_description":"Ba\u015fbakan Yard\u0131mc\u0131l\u0131\u011f\u0131, Turizm, K\u00fclt\u00fcr, Gen\u00e7lik ve \u00c7evre Bakanl\u0131\u011f\u0131na ba\u011fl\u0131 Gen\u00e7lik Dairesi M\u00fcd\u00fcrl\u00fc\u011f\u00fc, \u201c\u00dclkemi Tan\u0131yorum Projesi\u201d kapsam\u0131nda Gen\u00e7lik Dairesi\u2019ne ba\u011fl\u0131 Akdo\u011fan ve Pa\u015fak\u00f6y Gen\u00e7lik Merkezlerinde bulunan gen\u00e7lere y\u00f6nelik Dipkarpaz b\u00f6lgesinde k\u00fclt\u00fcr gezisi d\u00fczenledi. Gen\u00e7lik Dairesi Bas\u0131n B\u00fcrosu\u2019ndan verilen bilgiye g\u00f6re, gen\u00e7ler gezide, Karpaz b\u00f6lgesini tan\u0131ma f\u0131rsat\u0131 bulurken, Gen\u00e7lik Dairesi\u2019ne ba\u011fl\u0131 Dipkarpaz Gen\u00e7lik Merkezi\u2019ni de ziyaret ederek,","og_url":"https:\/\/kibrisdakik.com\/?p=13180","article_published_time":"2023-09-04T11:43:57+00:00","og_image":[{"width":929,"height":523,"url":"https:\/\/kibrisdakik.com\/wp-content\/uploads\/2023\/09\/genclik-dairesi-2--740x420.jpg","type":"image\/jpeg"}],"author":"admin","twitter_card":"summary_large_image","twitter_misc":{"Yazan:":"admin","Tahmini okuma s\u00fcresi":"1 dakika"},"schema":{"@context":"https:\/\/schema.org","@graph":[{"@type":"Article","@id":"https:\/\/kibrisdakik.com\/?p=13180#article","isPartOf":{"@id":"https:\/\/kibrisdakik.com\/?p=13180"},"author":{"name":"admin","@id":"https:\/\/kibrisdakik.com\/#\/schema\/person\/9cd9d437bbb44f72b73ba127e06d8e79"},"headline":"Gen\u00e7lik Dairesi k\u00fclt\u00fcr gezisi d\u00fczenledi","datePublished":"2023-09-04T11:43:57+00:00","mainEntityOfPage":{"@id":"https:\/\/kibrisdakik.com\/?p=13180"},"wordCount":161,"commentCount":0,"image":{"@id":"https:\/\/kibrisdakik.com\/?p=13180#primaryimage"},"thumbnailUrl":"https:\/\/kibrisdakik.com\/wp-content\/uploads\/2023\/09\/genclik-dairesi-2--740x420.jpg","articleSection":["G\u00fcndem"],"inLanguage":"tr","potentialAction":[{"@type":"CommentAction","name":"Comment","target":["https:\/\/kibrisdakik.com\/?p=13180#respond"]}]},{"@type":"WebPage","@id":"https:\/\/kibrisdakik.com\/?p=13180","url":"https:\/\/kibrisdakik.com\/?p=13180","name":"Gen\u00e7lik Dairesi k\u00fclt\u00fcr gezisi d\u00fczenledi -","isPartOf":{"@id":"https:\/\/kibrisdakik.com\/#website"},"primaryImageOfPage":{"@id":"https:\/\/kibrisdakik.com\/?p=13180#primaryimage"},"image":{"@id":"https:\/\/kibrisdakik.com\/?p=13180#primaryimage"},"thumbnailUrl":"https:\/\/kibrisdakik.com\/wp-content\/uploads\/2023\/09\/genclik-dairesi-2--740x420.jpg","datePublished":"2023-09-04T11:43:57+00:00","author":{"@id":"https:\/\/kibrisdakik.com\/#\/schema\/person\/9cd9d437bbb44f72b73ba127e06d8e79"},"breadcrumb":{"@id":"https:\/\/kibrisdakik.com\/?p=13180#breadcrumb"},"inLanguage":"tr","potentialAction":[{"@type":"ReadAction","target":["https:\/\/kibrisdakik.com\/?p=13180"]}]},{"@type":"ImageObject","inLanguage":"tr","@id":"https:\/\/kibrisdakik.com\/?p=13180#primaryimage","url":"https:\/\/kibrisdakik.com\/wp-content\/uploads\/2023\/09\/genclik-dairesi-2--740x420.jpg","contentUrl":"https:\/\/kibrisdakik.com\/wp-content\/uploads\/2023\/09\/genclik-dairesi-2--740x420.jpg","width":929,"height":523},{"@type":"BreadcrumbList","@id":"https:\/\/kibrisdakik.com\/?p=13180#breadcrumb","itemListElement":[{"@type":"ListItem","position":1,"name":"Home","item":"https:\/\/kibrisdakik.com\/"},{"@type":"ListItem","position":2,"name":"Gen\u00e7lik Dairesi k\u00fclt\u00fcr gezisi d\u00fczenledi"}]},{"@type":"WebSite","@id":"https:\/\/kibrisdakik.com\/#website","url":"https:\/\/kibrisdakik.com\/","name":"","description":"Tam vaktinde haber","potentialAction":[{"@type":"SearchAction","target":{"@type":"EntryPoint","urlTemplate":"https:\/\/kibrisdakik.com\/?s={search_term_string}"},"query-input":{"@type":"PropertyValueSpecification","valueRequired":true,"valueName":"search_term_string"}}],"inLanguage":"tr"},{"@type":"Person","@id":"https:\/\/kibrisdakik.com\/#\/schema\/person\/9cd9d437bbb44f72b73ba127e06d8e79","name":"admin","image":{"@type":"ImageObject","inLanguage":"tr","@id":"https:\/\/secure.gravatar.com\/avatar\/ccc17943b9d660506c869530f897617f7cb1c21a4bf30023f252596d83e1f007?s=96&d=mm&r=g","url":"https:\/\/secure.gravatar.com\/avatar\/ccc17943b9d660506c869530f897617f7cb1c21a4bf30023f252596d83e1f007?s=96&d=mm&r=g","contentUrl":"https:\/\/secure.gravatar.com\/avatar\/ccc17943b9d660506c869530f897617f7cb1c21a4bf30023f252596d83e1f007?s=96&d=mm&r=g","caption":"admin"},"sameAs":["https:\/\/kibrisdakik.com"],"url":"https:\/\/kibrisdakik.com\/?author=1"}]}},"_links":{"self":[{"href":"https:\/\/kibrisdakik.com\/index.php?rest_route=\/wp\/v2\/posts\/13180","targetHints":{"allow":["GET"]}}],"collection":[{"href":"https:\/\/kibrisdakik.com\/index.php?rest_route=\/wp\/v2\/posts"}],"about":[{"href":"https:\/\/kibrisdakik.com\/index.php?rest_route=\/wp\/v2\/types\/post"}],"author":[{"embeddable":true,"href":"https:\/\/kibrisdakik.com\/index.php?rest_route=\/wp\/v2\/users\/1"}],"replies":[{"embeddable":true,"href":"https:\/\/kibrisdakik.com\/index.php?rest_route=%2Fwp%2Fv2%2Fcomments&post=13180"}],"version-history":[{"count":0,"href":"https:\/\/kibrisdakik.com\/index.php?rest_route=\/wp\/v2\/posts\/13180\/revisions"}],"wp:featuredmedia":[{"embeddable":true,"href":"https:\/\/kibrisdakik.com\/index.php?rest_route=\/wp\/v2\/media\/13181"}],"wp:attachment":[{"href":"https:\/\/kibrisdakik.com\/index.php?rest_route=%2Fwp%2Fv2%2Fmedia&parent=13180"}],"wp:term":[{"taxonomy":"category","embeddable":true,"href":"https:\/\/kibrisdakik.com\/index.php?rest_route=%2Fwp%2Fv2%2Fcategories&post=13180"},{"taxonomy":"post_tag","embeddable":true,"href":"https:\/\/kibrisdakik.com\/index.php?rest_route=%2Fwp%2Fv2%2Ftags&post=13180"}],"curies":[{"name":"wp","href":"https:\/\/api.w.org\/{rel}","templated":true}]}}