{"id":13226,"date":"2023-09-05T07:15:21","date_gmt":"2023-09-05T07:15:21","guid":{"rendered":"https:\/\/kibrisdakik.com\/index.php\/2023\/09\/05\/gardiyanoglucalisma-hayati-ile-ilgili-yapilacak-tum-duzenlemelerde-ortak-paydam-sendikalar-olacak\/"},"modified":"2023-09-05T07:15:21","modified_gmt":"2023-09-05T07:15:21","slug":"gardiyanoglucalisma-hayati-ile-ilgili-yapilacak-tum-duzenlemelerde-ortak-paydam-sendikalar-olacak","status":"publish","type":"post","link":"https:\/\/kibrisdakik.com\/?p=13226","title":{"rendered":"Gardiyano\u011flu:\u00c7al\u0131\u015fma hayat\u0131 ile ilgili yap\u0131lacak t\u00fcm d\u00fczenlemelerde ortak paydam sendikalar olacak"},"content":{"rendered":"<p><\/p>\n<div>\n<div class=\"mariselle-image-container center\">\n                <img width=\"2560\" height=\"1388\" class=\"lazy-image\" alt=\"\" decoding=\"async\" loading=\"lazy\" sizes=\"auto, (max-width: 2560px) 100vw, 2560px\" src=\"https:\/\/brtk.net\/wp-content\/uploads\/2023\/09\/05\/35u-scaled.jpg?ver=854d964efe04c224d4cc8ab7700947d5\" srcset=\"https:\/\/brtk.net\/wp-content\/uploads\/2023\/09\/05\/35u-scaled.jpg?ver=854d964efe04c224d4cc8ab7700947d5 2560w, https:\/\/brtk.net\/wp-content\/uploads\/2023\/09\/05\/35u-300x163.jpg?ver=9763cfd8db4d822d5496eafbe4f28a44 300w, https:\/\/brtk.net\/wp-content\/uploads\/2023\/09\/05\/35u-1024x555.jpg?ver=9763cfd8db4d822d5496eafbe4f28a44 1024w, https:\/\/brtk.net\/wp-content\/uploads\/2023\/09\/05\/35u-768x416.jpg?ver=4aece81cfbf5878688d3399b9670c4fa 768w, https:\/\/brtk.net\/wp-content\/uploads\/2023\/09\/05\/35u-1536x833.jpg?ver=008e87177e8480849c40198c38c03384 1536w, https:\/\/brtk.net\/wp-content\/uploads\/2023\/09\/05\/35u-2048x1111.jpg?ver=efaf761d30436c6a028e9c479e82abb0 2048w\"\/>                            <\/div>\n<p> \u00c7al\u0131\u015fma ve Sosyal G\u00fcvenlik Bakan\u0131 Sad\u0131k Gardiyano\u011flu, Kamu \u0130\u015f\u00e7ileri Sendikas\u0131 (KAMU-\u0130\u015e) Ba\u015fkan\u0131 Ahmet Serdaro\u011flu ve beraberindeki heyeti kabul etti. <\/p>\n<p>Kabulde konu\u015fan Sendika Ba\u015fkan\u0131 Serdaro\u011flu, \u00c7al\u0131\u015fma ve Sosyal G\u00fcvenlik Bakan\u0131 Sad\u0131k Gardiyano\u011flu\u2019na yeni g\u00f6revinde ba\u015far\u0131lar dileyerek, \u00e7al\u0131\u015fma hayat\u0131nda ya\u015fanan s\u0131k\u0131nt\u0131lar\u0131 Gardiyano\u011flu\u2019na aktarmak istediklerini ifade etti.<\/p>\n<p>Bakanl\u0131\u011fa ba\u011fl\u0131 \u00c7a\u011flayan \u00c7ocuk Yuvas\u0131\u2019nda aylard\u0131r ya\u015fanan personel eksikli\u011finin giderilmesi i\u00e7in Bakan Gardiyano\u011flu\u2019ndan destek isteyen Serdaro\u011flu, kurumda ya\u015fanan anne eksikli\u011finden dolay\u0131 \u00e7ocuklar\u0131n ma\u011fdur oldu\u011funu ve annelerin i\u015f verimlili\u011finin d\u00fc\u015ft\u00fc\u011f\u00fcn\u00fc s\u00f6yledi.<\/p>\n<p>Toplu i\u015f s\u00f6zle\u015fmelerinin ve i\u015f yasalar\u0131n\u0131n de\u011fi\u015ftirilmesini \u00f6ng\u00f6ren maddelerin <a href=\"https:\/\/brtk.net\/\">KKTC<\/a>-TC aras\u0131nda imzalanan Mali \u0130\u015fbirli\u011fi Protokol\u00fc\u2019nde yer almas\u0131n\u0131n kendilerini rahats\u0131z etti\u011fini kaydeden Serdaro\u011flu, \u00e7al\u0131\u015fma hayat\u0131na y\u00f6nelik yap\u0131lacak yasal de\u011fi\u015fikliklerin sendikalarla isti\u015fare i\u00e7inde yap\u0131lmas\u0131 gerekti\u011fine vurgu yapt\u0131.<\/p>\n<p>Devlet okullar\u0131nda g\u00f6revli hademelerin son \u00fc\u00e7 ayd\u0131r \u00fccretlerini alamad\u0131\u011f\u0131n\u0131 ve i\u015flerini kaybetti\u011fini an\u0131msatan Serdaro\u011flu, \u00fcyelerinin ya\u015fad\u0131\u011f\u0131 ma\u011fduriyetin Sendikalar Mukayettli\u011fi ile \u00c7al\u0131\u015fma Dairesi\u2019nin bilgisinde oldu\u011funu s\u00f6yledi. Gerek ta\u015feron \u015firket gerekse Milli E\u011fitim Bakanl\u0131\u011f\u0131 nezdinde hademelere hi\u00e7bir \u00e7\u00f6z\u00fcm odakl\u0131 destek sa\u011flanmad\u0131\u011f\u0131n\u0131 belirten Serdaro\u011flu, okullar a\u00e7\u0131lmadan \u00f6nce ihaleye \u00e7\u0131k\u0131lacaksa; i\u015f bar\u0131\u015f\u0131n\u0131n sa\u011flanmas\u0131 a\u00e7\u0131s\u0131ndan sendikayla birlikte yap\u0131lacak i\u015f s\u00f6zle\u015fmesine g\u00f6re ihale yap\u0131lmas\u0131n\u0131n en sa\u011fl\u0131kl\u0131 olaca\u011f\u0131n\u0131 dile getirdi ve sorunun \u00e7\u00f6z\u00fcm\u00fc konusunda Gardiyano\u011flu\u2019ndan katk\u0131 istedi.<\/p>\n<p>\u00c7al\u0131\u015fma ve Sosyal G\u00fcvenlik Bakan\u0131 Sad\u0131k Gardiyano\u011flu da KAMU-\u0130\u015e Sendikas\u0131n\u0131n ziyaretinden b\u00fcy\u00fck onur duydu\u011funu belirtti.Devlet okullar\u0131ndaki hademelerin ya\u015fad\u0131\u011f\u0131 ma\u011fduriyet ile ilgili Sendikalar Mukayyidi\u2019nden \u0130tiraz Kurulu ve mahkeme s\u00fcreci hakk\u0131nda rapor istedi\u011fini ifade eden Gardiyano\u011flu, \u00e7al\u0131\u015fma hayat\u0131 ile ilgili yap\u0131lacak t\u00fcm d\u00fczenlemelerde ortak paydas\u0131n\u0131n sendikalar olaca\u011f\u0131n\u0131 ve sendikalarla birlikte isti\u015fare i\u00e7inde hareket etmeye her zaman \u00f6ncelik verece\u011fini s\u00f6yledi.<\/p>\n<p>\u00c7a\u011flayan \u00c7ocuk Yuvas\u0131\u2019nda d\u00f6rt annenin \u00c7ar\u015famba g\u00fcn\u00fcnden itibaren g\u00f6reve ba\u015flayaca\u011f\u0131 m\u00fcjdesini de veren Gardiyano\u011flu, devletin korumas\u0131 alt\u0131ndaki \u00e7ocuklara kendi evlatlar\u0131ym\u0131\u015f gibi bakan yuva annelerine \u00f6zverilerinden dolay\u0131 te\u015fekk\u00fcr etti. <\/p>\n<p>\u00c7al\u0131\u015fma ve Sosyal G\u00fcvenlik Bakanl\u0131\u011f\u0131\u2019na ba\u011fl\u0131 dairelerde ve kurumlarda ciddi bir personel eksikli\u011fi oldu\u011funa i\u015faret eden Gardiyano\u011flu, bakanl\u0131\u011f\u0131n 1990\u2019lu y\u0131llardan kalan yasalarla y\u00f6netildi\u011fini ve yasalar\u0131n g\u00fcn\u00fcn \u015fartlar\u0131na uygun olarak g\u00fcncelenmesinin elzem oldu\u011funu s\u00f6yledi.<\/p>\n<p>Huzurevi, engelli rehabilitasyon merkezleri ve \u00e7ocuk yuvas\u0131n\u0131n Sosyal Hizmetler Dairesi \u00e7at\u0131s\u0131 alt\u0131nda bulundu\u011funa ve bu kurumlarda en b\u00fcy\u00fck s\u0131k\u0131nt\u0131n\u0131n personel eksikli\u011fi oldu\u011funa de\u011finen Gardiyano\u011flu, s\u00f6z konusu yasalar yap\u0131ld\u0131\u011f\u0131ndaki n\u00fcfusun ve sosyal \u015fartlar\u0131n de\u011fi\u015fti\u011fine dikkat \u00e7ekti.<\/p>\n<p>Gardiyano\u011flu; bakanl\u0131\u011f\u0131, personeli ve personelin \u00e7al\u0131\u015fma haklar\u0131 ile ilgili her t\u00fcrl\u00fc g\u00f6r\u00fc\u015fe, \u00f6neriye ve i\u015fbirli\u011fine haz\u0131r oldu\u011funu kaydederek KAMU-\u0130\u015e sendikas\u0131 ile birlikte uyum i\u00e7inde \u00e7al\u0131\u015facaklar\u0131na inan\u00e7 belirtti.<\/p>\n<\/p><\/div>\n","protected":false},"excerpt":{"rendered":"<p>\u00c7al\u0131\u015fma ve Sosyal G\u00fcvenlik Bakan\u0131 Sad\u0131k Gardiyano\u011flu, Kamu \u0130\u015f\u00e7ileri Sendikas\u0131 (KAMU-\u0130\u015e) Ba\u015fkan\u0131 Ahmet Serdaro\u011flu ve beraberindeki heyeti kabul etti. Kabulde konu\u015fan Sendika Ba\u015fkan\u0131 Serdaro\u011flu, \u00c7al\u0131\u015fma ve Sosyal G\u00fcvenlik Bakan\u0131 Sad\u0131k Gardiyano\u011flu\u2019na yeni g\u00f6revinde ba\u015far\u0131lar dileyerek, \u00e7al\u0131\u015fma hayat\u0131nda ya\u015fanan s\u0131k\u0131nt\u0131lar\u0131 Gardiyano\u011flu\u2019na aktarmak istediklerini ifade etti. Bakanl\u0131\u011fa ba\u011fl\u0131 \u00c7a\u011flayan \u00c7ocuk Yuvas\u0131\u2019nda aylard\u0131r ya\u015fanan personel eksikli\u011finin giderilmesi i\u00e7in<\/p>\n","protected":false},"author":1,"featured_media":13227,"comment_status":"open","ping_status":"open","sticky":false,"template":"","format":"standard","meta":{"footnotes":""},"categories":[1],"tags":[],"class_list":["post-13226","post","type-post","status-publish","format-standard","has-post-thumbnail","hentry","category-gundem"],"yoast_head":"<!-- This site is optimized with the Yoast SEO plugin v27.5 - https:\/\/yoast.com\/product\/yoast-seo-wordpress\/ -->\n<title>Gardiyano\u011flu:\u00c7al\u0131\u015fma hayat\u0131 ile ilgili yap\u0131lacak t\u00fcm d\u00fczenlemelerde ortak paydam sendikalar olacak -<\/title>\n<meta name=\"robots\" content=\"index, follow, max-snippet:-1, max-image-preview:large, max-video-preview:-1\" \/>\n<link rel=\"canonical\" href=\"https:\/\/kibrisdakik.com\/?p=13226\" \/>\n<meta property=\"og:locale\" content=\"tr_TR\" \/>\n<meta property=\"og:type\" content=\"article\" \/>\n<meta property=\"og:title\" content=\"Gardiyano\u011flu:\u00c7al\u0131\u015fma hayat\u0131 ile ilgili yap\u0131lacak t\u00fcm d\u00fczenlemelerde ortak paydam sendikalar olacak -\" \/>\n<meta property=\"og:description\" content=\"\u00c7al\u0131\u015fma ve Sosyal G\u00fcvenlik Bakan\u0131 Sad\u0131k Gardiyano\u011flu, Kamu \u0130\u015f\u00e7ileri Sendikas\u0131 (KAMU-\u0130\u015e) Ba\u015fkan\u0131 Ahmet Serdaro\u011flu ve beraberindeki heyeti kabul etti. Kabulde konu\u015fan Sendika Ba\u015fkan\u0131 Serdaro\u011flu, \u00c7al\u0131\u015fma ve Sosyal G\u00fcvenlik Bakan\u0131 Sad\u0131k Gardiyano\u011flu\u2019na yeni g\u00f6revinde ba\u015far\u0131lar dileyerek, \u00e7al\u0131\u015fma hayat\u0131nda ya\u015fanan s\u0131k\u0131nt\u0131lar\u0131 Gardiyano\u011flu\u2019na aktarmak istediklerini ifade etti. Bakanl\u0131\u011fa ba\u011fl\u0131 \u00c7a\u011flayan \u00c7ocuk Yuvas\u0131\u2019nda aylard\u0131r ya\u015fanan personel eksikli\u011finin giderilmesi i\u00e7in\" \/>\n<meta property=\"og:url\" content=\"https:\/\/kibrisdakik.com\/?p=13226\" \/>\n<meta property=\"article:published_time\" content=\"2023-09-05T07:15:21+00:00\" \/>\n<meta property=\"og:image\" content=\"https:\/\/kibrisdakik.com\/wp-content\/uploads\/2023\/09\/35u-scaled-740x420.jpg\" \/>\n\t<meta property=\"og:image:width\" content=\"2560\" \/>\n\t<meta property=\"og:image:height\" content=\"1388\" \/>\n\t<meta property=\"og:image:type\" content=\"image\/jpeg\" \/>\n<meta name=\"author\" content=\"admin\" \/>\n<meta name=\"twitter:card\" content=\"summary_large_image\" \/>\n<meta name=\"twitter:label1\" content=\"Yazan:\" \/>\n\t<meta name=\"twitter:data1\" content=\"admin\" \/>\n\t<meta name=\"twitter:label2\" content=\"Tahmini okuma s\u00fcresi\" \/>\n\t<meta name=\"twitter:data2\" content=\"3 dakika\" \/>\n<script type=\"application\/ld+json\" class=\"yoast-schema-graph\">{\"@context\":\"https:\\\/\\\/schema.org\",\"@graph\":[{\"@type\":\"Article\",\"@id\":\"https:\\\/\\\/kibrisdakik.com\\\/?p=13226#article\",\"isPartOf\":{\"@id\":\"https:\\\/\\\/kibrisdakik.com\\\/?p=13226\"},\"author\":{\"name\":\"admin\",\"@id\":\"https:\\\/\\\/kibrisdakik.com\\\/#\\\/schema\\\/person\\\/9cd9d437bbb44f72b73ba127e06d8e79\"},\"headline\":\"Gardiyano\u011flu:\u00c7al\u0131\u015fma hayat\u0131 ile ilgili yap\u0131lacak t\u00fcm d\u00fczenlemelerde ortak paydam sendikalar olacak\",\"datePublished\":\"2023-09-05T07:15:21+00:00\",\"mainEntityOfPage\":{\"@id\":\"https:\\\/\\\/kibrisdakik.com\\\/?p=13226\"},\"wordCount\":584,\"commentCount\":0,\"image\":{\"@id\":\"https:\\\/\\\/kibrisdakik.com\\\/?p=13226#primaryimage\"},\"thumbnailUrl\":\"https:\\\/\\\/kibrisdakik.com\\\/wp-content\\\/uploads\\\/2023\\\/09\\\/35u-scaled-740x420.jpg\",\"articleSection\":[\"G\u00fcndem\"],\"inLanguage\":\"tr\",\"potentialAction\":[{\"@type\":\"CommentAction\",\"name\":\"Comment\",\"target\":[\"https:\\\/\\\/kibrisdakik.com\\\/?p=13226#respond\"]}]},{\"@type\":\"WebPage\",\"@id\":\"https:\\\/\\\/kibrisdakik.com\\\/?p=13226\",\"url\":\"https:\\\/\\\/kibrisdakik.com\\\/?p=13226\",\"name\":\"Gardiyano\u011flu:\u00c7al\u0131\u015fma hayat\u0131 ile ilgili yap\u0131lacak t\u00fcm d\u00fczenlemelerde ortak paydam sendikalar olacak -\",\"isPartOf\":{\"@id\":\"https:\\\/\\\/kibrisdakik.com\\\/#website\"},\"primaryImageOfPage\":{\"@id\":\"https:\\\/\\\/kibrisdakik.com\\\/?p=13226#primaryimage\"},\"image\":{\"@id\":\"https:\\\/\\\/kibrisdakik.com\\\/?p=13226#primaryimage\"},\"thumbnailUrl\":\"https:\\\/\\\/kibrisdakik.com\\\/wp-content\\\/uploads\\\/2023\\\/09\\\/35u-scaled-740x420.jpg\",\"datePublished\":\"2023-09-05T07:15:21+00:00\",\"author\":{\"@id\":\"https:\\\/\\\/kibrisdakik.com\\\/#\\\/schema\\\/person\\\/9cd9d437bbb44f72b73ba127e06d8e79\"},\"breadcrumb\":{\"@id\":\"https:\\\/\\\/kibrisdakik.com\\\/?p=13226#breadcrumb\"},\"inLanguage\":\"tr\",\"potentialAction\":[{\"@type\":\"ReadAction\",\"target\":[\"https:\\\/\\\/kibrisdakik.com\\\/?p=13226\"]}]},{\"@type\":\"ImageObject\",\"inLanguage\":\"tr\",\"@id\":\"https:\\\/\\\/kibrisdakik.com\\\/?p=13226#primaryimage\",\"url\":\"https:\\\/\\\/kibrisdakik.com\\\/wp-content\\\/uploads\\\/2023\\\/09\\\/35u-scaled-740x420.jpg\",\"contentUrl\":\"https:\\\/\\\/kibrisdakik.com\\\/wp-content\\\/uploads\\\/2023\\\/09\\\/35u-scaled-740x420.jpg\",\"width\":2560,\"height\":1388},{\"@type\":\"BreadcrumbList\",\"@id\":\"https:\\\/\\\/kibrisdakik.com\\\/?p=13226#breadcrumb\",\"itemListElement\":[{\"@type\":\"ListItem\",\"position\":1,\"name\":\"Home\",\"item\":\"https:\\\/\\\/kibrisdakik.com\\\/\"},{\"@type\":\"ListItem\",\"position\":2,\"name\":\"Gardiyano\u011flu:\u00c7al\u0131\u015fma hayat\u0131 ile ilgili yap\u0131lacak t\u00fcm d\u00fczenlemelerde ortak paydam sendikalar olacak\"}]},{\"@type\":\"WebSite\",\"@id\":\"https:\\\/\\\/kibrisdakik.com\\\/#website\",\"url\":\"https:\\\/\\\/kibrisdakik.com\\\/\",\"name\":\"\",\"description\":\"Tam vaktinde haber\",\"potentialAction\":[{\"@type\":\"SearchAction\",\"target\":{\"@type\":\"EntryPoint\",\"urlTemplate\":\"https:\\\/\\\/kibrisdakik.com\\\/?s={search_term_string}\"},\"query-input\":{\"@type\":\"PropertyValueSpecification\",\"valueRequired\":true,\"valueName\":\"search_term_string\"}}],\"inLanguage\":\"tr\"},{\"@type\":\"Person\",\"@id\":\"https:\\\/\\\/kibrisdakik.com\\\/#\\\/schema\\\/person\\\/9cd9d437bbb44f72b73ba127e06d8e79\",\"name\":\"admin\",\"image\":{\"@type\":\"ImageObject\",\"inLanguage\":\"tr\",\"@id\":\"https:\\\/\\\/secure.gravatar.com\\\/avatar\\\/ccc17943b9d660506c869530f897617f7cb1c21a4bf30023f252596d83e1f007?s=96&d=mm&r=g\",\"url\":\"https:\\\/\\\/secure.gravatar.com\\\/avatar\\\/ccc17943b9d660506c869530f897617f7cb1c21a4bf30023f252596d83e1f007?s=96&d=mm&r=g\",\"contentUrl\":\"https:\\\/\\\/secure.gravatar.com\\\/avatar\\\/ccc17943b9d660506c869530f897617f7cb1c21a4bf30023f252596d83e1f007?s=96&d=mm&r=g\",\"caption\":\"admin\"},\"sameAs\":[\"https:\\\/\\\/kibrisdakik.com\"],\"url\":\"https:\\\/\\\/kibrisdakik.com\\\/?author=1\"}]}<\/script>\n<!-- \/ Yoast SEO plugin. -->","yoast_head_json":{"title":"Gardiyano\u011flu:\u00c7al\u0131\u015fma hayat\u0131 ile ilgili yap\u0131lacak t\u00fcm d\u00fczenlemelerde ortak paydam sendikalar olacak -","robots":{"index":"index","follow":"follow","max-snippet":"max-snippet:-1","max-image-preview":"max-image-preview:large","max-video-preview":"max-video-preview:-1"},"canonical":"https:\/\/kibrisdakik.com\/?p=13226","og_locale":"tr_TR","og_type":"article","og_title":"Gardiyano\u011flu:\u00c7al\u0131\u015fma hayat\u0131 ile ilgili yap\u0131lacak t\u00fcm d\u00fczenlemelerde ortak paydam sendikalar olacak -","og_description":"\u00c7al\u0131\u015fma ve Sosyal G\u00fcvenlik Bakan\u0131 Sad\u0131k Gardiyano\u011flu, Kamu \u0130\u015f\u00e7ileri Sendikas\u0131 (KAMU-\u0130\u015e) Ba\u015fkan\u0131 Ahmet Serdaro\u011flu ve beraberindeki heyeti kabul etti. Kabulde konu\u015fan Sendika Ba\u015fkan\u0131 Serdaro\u011flu, \u00c7al\u0131\u015fma ve Sosyal G\u00fcvenlik Bakan\u0131 Sad\u0131k Gardiyano\u011flu\u2019na yeni g\u00f6revinde ba\u015far\u0131lar dileyerek, \u00e7al\u0131\u015fma hayat\u0131nda ya\u015fanan s\u0131k\u0131nt\u0131lar\u0131 Gardiyano\u011flu\u2019na aktarmak istediklerini ifade etti. Bakanl\u0131\u011fa ba\u011fl\u0131 \u00c7a\u011flayan \u00c7ocuk Yuvas\u0131\u2019nda aylard\u0131r ya\u015fanan personel eksikli\u011finin giderilmesi i\u00e7in","og_url":"https:\/\/kibrisdakik.com\/?p=13226","article_published_time":"2023-09-05T07:15:21+00:00","og_image":[{"width":2560,"height":1388,"url":"https:\/\/kibrisdakik.com\/wp-content\/uploads\/2023\/09\/35u-scaled-740x420.jpg","type":"image\/jpeg"}],"author":"admin","twitter_card":"summary_large_image","twitter_misc":{"Yazan:":"admin","Tahmini okuma s\u00fcresi":"3 dakika"},"schema":{"@context":"https:\/\/schema.org","@graph":[{"@type":"Article","@id":"https:\/\/kibrisdakik.com\/?p=13226#article","isPartOf":{"@id":"https:\/\/kibrisdakik.com\/?p=13226"},"author":{"name":"admin","@id":"https:\/\/kibrisdakik.com\/#\/schema\/person\/9cd9d437bbb44f72b73ba127e06d8e79"},"headline":"Gardiyano\u011flu:\u00c7al\u0131\u015fma hayat\u0131 ile ilgili yap\u0131lacak t\u00fcm d\u00fczenlemelerde ortak paydam sendikalar olacak","datePublished":"2023-09-05T07:15:21+00:00","mainEntityOfPage":{"@id":"https:\/\/kibrisdakik.com\/?p=13226"},"wordCount":584,"commentCount":0,"image":{"@id":"https:\/\/kibrisdakik.com\/?p=13226#primaryimage"},"thumbnailUrl":"https:\/\/kibrisdakik.com\/wp-content\/uploads\/2023\/09\/35u-scaled-740x420.jpg","articleSection":["G\u00fcndem"],"inLanguage":"tr","potentialAction":[{"@type":"CommentAction","name":"Comment","target":["https:\/\/kibrisdakik.com\/?p=13226#respond"]}]},{"@type":"WebPage","@id":"https:\/\/kibrisdakik.com\/?p=13226","url":"https:\/\/kibrisdakik.com\/?p=13226","name":"Gardiyano\u011flu:\u00c7al\u0131\u015fma hayat\u0131 ile ilgili yap\u0131lacak t\u00fcm d\u00fczenlemelerde ortak paydam sendikalar olacak -","isPartOf":{"@id":"https:\/\/kibrisdakik.com\/#website"},"primaryImageOfPage":{"@id":"https:\/\/kibrisdakik.com\/?p=13226#primaryimage"},"image":{"@id":"https:\/\/kibrisdakik.com\/?p=13226#primaryimage"},"thumbnailUrl":"https:\/\/kibrisdakik.com\/wp-content\/uploads\/2023\/09\/35u-scaled-740x420.jpg","datePublished":"2023-09-05T07:15:21+00:00","author":{"@id":"https:\/\/kibrisdakik.com\/#\/schema\/person\/9cd9d437bbb44f72b73ba127e06d8e79"},"breadcrumb":{"@id":"https:\/\/kibrisdakik.com\/?p=13226#breadcrumb"},"inLanguage":"tr","potentialAction":[{"@type":"ReadAction","target":["https:\/\/kibrisdakik.com\/?p=13226"]}]},{"@type":"ImageObject","inLanguage":"tr","@id":"https:\/\/kibrisdakik.com\/?p=13226#primaryimage","url":"https:\/\/kibrisdakik.com\/wp-content\/uploads\/2023\/09\/35u-scaled-740x420.jpg","contentUrl":"https:\/\/kibrisdakik.com\/wp-content\/uploads\/2023\/09\/35u-scaled-740x420.jpg","width":2560,"height":1388},{"@type":"BreadcrumbList","@id":"https:\/\/kibrisdakik.com\/?p=13226#breadcrumb","itemListElement":[{"@type":"ListItem","position":1,"name":"Home","item":"https:\/\/kibrisdakik.com\/"},{"@type":"ListItem","position":2,"name":"Gardiyano\u011flu:\u00c7al\u0131\u015fma hayat\u0131 ile ilgili yap\u0131lacak t\u00fcm d\u00fczenlemelerde ortak paydam sendikalar olacak"}]},{"@type":"WebSite","@id":"https:\/\/kibrisdakik.com\/#website","url":"https:\/\/kibrisdakik.com\/","name":"","description":"Tam vaktinde haber","potentialAction":[{"@type":"SearchAction","target":{"@type":"EntryPoint","urlTemplate":"https:\/\/kibrisdakik.com\/?s={search_term_string}"},"query-input":{"@type":"PropertyValueSpecification","valueRequired":true,"valueName":"search_term_string"}}],"inLanguage":"tr"},{"@type":"Person","@id":"https:\/\/kibrisdakik.com\/#\/schema\/person\/9cd9d437bbb44f72b73ba127e06d8e79","name":"admin","image":{"@type":"ImageObject","inLanguage":"tr","@id":"https:\/\/secure.gravatar.com\/avatar\/ccc17943b9d660506c869530f897617f7cb1c21a4bf30023f252596d83e1f007?s=96&d=mm&r=g","url":"https:\/\/secure.gravatar.com\/avatar\/ccc17943b9d660506c869530f897617f7cb1c21a4bf30023f252596d83e1f007?s=96&d=mm&r=g","contentUrl":"https:\/\/secure.gravatar.com\/avatar\/ccc17943b9d660506c869530f897617f7cb1c21a4bf30023f252596d83e1f007?s=96&d=mm&r=g","caption":"admin"},"sameAs":["https:\/\/kibrisdakik.com"],"url":"https:\/\/kibrisdakik.com\/?author=1"}]}},"_links":{"self":[{"href":"https:\/\/kibrisdakik.com\/index.php?rest_route=\/wp\/v2\/posts\/13226","targetHints":{"allow":["GET"]}}],"collection":[{"href":"https:\/\/kibrisdakik.com\/index.php?rest_route=\/wp\/v2\/posts"}],"about":[{"href":"https:\/\/kibrisdakik.com\/index.php?rest_route=\/wp\/v2\/types\/post"}],"author":[{"embeddable":true,"href":"https:\/\/kibrisdakik.com\/index.php?rest_route=\/wp\/v2\/users\/1"}],"replies":[{"embeddable":true,"href":"https:\/\/kibrisdakik.com\/index.php?rest_route=%2Fwp%2Fv2%2Fcomments&post=13226"}],"version-history":[{"count":0,"href":"https:\/\/kibrisdakik.com\/index.php?rest_route=\/wp\/v2\/posts\/13226\/revisions"}],"wp:featuredmedia":[{"embeddable":true,"href":"https:\/\/kibrisdakik.com\/index.php?rest_route=\/wp\/v2\/media\/13227"}],"wp:attachment":[{"href":"https:\/\/kibrisdakik.com\/index.php?rest_route=%2Fwp%2Fv2%2Fmedia&parent=13226"}],"wp:term":[{"taxonomy":"category","embeddable":true,"href":"https:\/\/kibrisdakik.com\/index.php?rest_route=%2Fwp%2Fv2%2Fcategories&post=13226"},{"taxonomy":"post_tag","embeddable":true,"href":"https:\/\/kibrisdakik.com\/index.php?rest_route=%2Fwp%2Fv2%2Ftags&post=13226"}],"curies":[{"name":"wp","href":"https:\/\/api.w.org\/{rel}","templated":true}]}}