{"id":13231,"date":"2023-09-05T09:07:24","date_gmt":"2023-09-05T09:07:24","guid":{"rendered":"https:\/\/kibrisdakik.com\/index.php\/2023\/09\/05\/lefkosa-guzelyurt-anayolunda-feci-kaza-3-yarali\/"},"modified":"2023-09-05T09:07:24","modified_gmt":"2023-09-05T09:07:24","slug":"lefkosa-guzelyurt-anayolunda-feci-kaza-3-yarali","status":"publish","type":"post","link":"https:\/\/kibrisdakik.com\/?p=13231","title":{"rendered":"Lefko\u015fa-G\u00fczelyurt anayolunda feci kaza: 3 Yaral\u0131"},"content":{"rendered":"<p><\/p>\n<div class=\"mariselle-image-container center\">\n                <img width=\"1870\" height=\"690\" class=\"lazy-image\" alt=\"\" loading=\"lazy\" data-src=\"https:\/\/brtk.net\/wp-content\/uploads\/2023\/09\/05\/tols-1.jpg?ver=3347e5ef2112ccd59449dd7d1516333b\" data-srcset=\"https:\/\/brtk.net\/wp-content\/uploads\/2023\/09\/05\/tols-1.jpg?ver=3347e5ef2112ccd59449dd7d1516333b 1870w, https:\/\/brtk.net\/wp-content\/uploads\/2023\/09\/05\/tols-1-300x111.jpg?ver=d76e9e5ea687fc6f1bbc9f86a2cda1ff 300w, https:\/\/brtk.net\/wp-content\/uploads\/2023\/09\/05\/tols-1-1024x378.jpg?ver=d76e9e5ea687fc6f1bbc9f86a2cda1ff 1024w, https:\/\/brtk.net\/wp-content\/uploads\/2023\/09\/05\/tols-1-768x283.jpg?ver=d76e9e5ea687fc6f1bbc9f86a2cda1ff 768w, https:\/\/brtk.net\/wp-content\/uploads\/2023\/09\/05\/tols-1-1536x567.jpg?ver=d76e9e5ea687fc6f1bbc9f86a2cda1ff 1536w\" \/>                            <\/div>\n<p>Polis Bas\u0131n Subayl\u0131\u011f\u0131&#8217;ndan verilen bilgiye g\u00f6re  saat 09:15 s\u0131ralar\u0131nda, Lefko\u015fa-G\u00fczelyurt anayolu \u00fczerinde, Halil Gazi G\u00dcNEY (E-38) y\u00f6netimindeki PE 639 plakal\u0131 ara\u00e7 ile G\u00fczelyurt istikametine do\u011fru sol \u015ferit i\u00e7erisinde seyretti\u011fi s\u0131rada Y\u0131lmazk\u00f6y Alt Ge\u00e7idi yak\u0131nlar\u0131na geldi\u011finde, dikkatsizce sa\u011f \u015feride do\u011fru ge\u00e7i\u015f yapmas\u0131 sonucu o esnada ayn\u0131 istikamete do\u011fru sa\u011f i\u00e7erisinde seyretmekte olan Fikret GEYLAN (E-59) y\u00f6netimindeki PA 422 plakal\u0131 ara\u00e7 ile  \u00e7arpm\u0131\u015flard\u0131r.<\/p>\n<p> \u00c7arpman\u0131n etkisiyle PA 422 plakal\u0131 ara\u00e7 takla atarak, yolun sol kenar\u0131nda sol yan k\u0131sm\u0131 \u00fczerine devrilip durmu\u015ftur. <\/p>\n<p>Kaza sonucu yaralanan PE 639 plakal\u0131 ara\u00e7 s\u00fcr\u00fcc\u00fcs\u00fc Halil Gazi G\u00dcNEY ve PA 422 plakal\u0131 ara\u00e7 s\u00fcr\u00fcc\u00fcs\u00fc Fikret GEYLAN ile ara\u00e7ta yolcu olarak bulunan Fatma GEYLAN(K-62), kald\u0131r\u0131ld\u0131klar\u0131 Lefko\u015fa Dr. Burhan Nalbanto\u011flu Devlet Hastanesi\u2019ndeki tedavileri halen s\u00fcr\u00fcyor.<\/p>\n<p>Polisin kazayla ilgili soru\u015fturmas\u0131 devam etmektedir.<br \/>\nPGM\/<a href=\"https:\/\/brtk.net\/\">BRT<\/a><\/p>\n","protected":false},"excerpt":{"rendered":"<p>Polis Bas\u0131n Subayl\u0131\u011f\u0131&#8217;ndan verilen bilgiye g\u00f6re saat 09:15 s\u0131ralar\u0131nda, Lefko\u015fa-G\u00fczelyurt anayolu \u00fczerinde, Halil Gazi G\u00dcNEY (E-38) y\u00f6netimindeki PE 639 plakal\u0131 ara\u00e7 ile G\u00fczelyurt istikametine do\u011fru sol \u015ferit i\u00e7erisinde seyretti\u011fi s\u0131rada Y\u0131lmazk\u00f6y Alt Ge\u00e7idi yak\u0131nlar\u0131na geldi\u011finde, dikkatsizce sa\u011f \u015feride do\u011fru ge\u00e7i\u015f yapmas\u0131 sonucu o esnada ayn\u0131 istikamete do\u011fru sa\u011f i\u00e7erisinde seyretmekte olan Fikret GEYLAN (E-59) y\u00f6netimindeki<\/p>\n","protected":false},"author":1,"featured_media":0,"comment_status":"open","ping_status":"open","sticky":false,"template":"","format":"standard","meta":{"footnotes":""},"categories":[1],"tags":[],"class_list":["post-13231","post","type-post","status-publish","format-standard","hentry","category-gundem"],"yoast_head":"<!-- This site is optimized with the Yoast SEO plugin v27.5 - https:\/\/yoast.com\/product\/yoast-seo-wordpress\/ -->\n<title>Lefko\u015fa-G\u00fczelyurt anayolunda feci kaza: 3 Yaral\u0131 -<\/title>\n<meta name=\"robots\" content=\"index, follow, max-snippet:-1, max-image-preview:large, max-video-preview:-1\" \/>\n<link rel=\"canonical\" href=\"https:\/\/kibrisdakik.com\/?p=13231\" \/>\n<meta property=\"og:locale\" content=\"tr_TR\" \/>\n<meta property=\"og:type\" content=\"article\" \/>\n<meta property=\"og:title\" content=\"Lefko\u015fa-G\u00fczelyurt anayolunda feci kaza: 3 Yaral\u0131 -\" \/>\n<meta property=\"og:description\" content=\"Polis Bas\u0131n Subayl\u0131\u011f\u0131&#8217;ndan verilen bilgiye g\u00f6re saat 09:15 s\u0131ralar\u0131nda, Lefko\u015fa-G\u00fczelyurt anayolu \u00fczerinde, Halil Gazi G\u00dcNEY (E-38) y\u00f6netimindeki PE 639 plakal\u0131 ara\u00e7 ile G\u00fczelyurt istikametine do\u011fru sol \u015ferit i\u00e7erisinde seyretti\u011fi s\u0131rada Y\u0131lmazk\u00f6y Alt Ge\u00e7idi yak\u0131nlar\u0131na geldi\u011finde, dikkatsizce sa\u011f \u015feride do\u011fru ge\u00e7i\u015f yapmas\u0131 sonucu o esnada ayn\u0131 istikamete do\u011fru sa\u011f i\u00e7erisinde seyretmekte olan Fikret GEYLAN (E-59) y\u00f6netimindeki\" \/>\n<meta property=\"og:url\" content=\"https:\/\/kibrisdakik.com\/?p=13231\" \/>\n<meta property=\"article:published_time\" content=\"2023-09-05T09:07:24+00:00\" \/>\n<meta property=\"og:image\" content=\"https:\/\/brtk.net\/wp-content\/uploads\/2023\/09\/05\/tols-1.jpg?ver=3347e5ef2112ccd59449dd7d1516333b\" \/>\n<meta name=\"author\" content=\"admin\" \/>\n<meta name=\"twitter:card\" content=\"summary_large_image\" \/>\n<meta name=\"twitter:label1\" content=\"Yazan:\" \/>\n\t<meta name=\"twitter:data1\" content=\"admin\" \/>\n\t<meta name=\"twitter:label2\" content=\"Tahmini okuma s\u00fcresi\" \/>\n\t<meta name=\"twitter:data2\" content=\"1 dakika\" \/>\n<script type=\"application\/ld+json\" class=\"yoast-schema-graph\">{\"@context\":\"https:\\\/\\\/schema.org\",\"@graph\":[{\"@type\":\"Article\",\"@id\":\"https:\\\/\\\/kibrisdakik.com\\\/?p=13231#article\",\"isPartOf\":{\"@id\":\"https:\\\/\\\/kibrisdakik.com\\\/?p=13231\"},\"author\":{\"name\":\"admin\",\"@id\":\"https:\\\/\\\/kibrisdakik.com\\\/#\\\/schema\\\/person\\\/9cd9d437bbb44f72b73ba127e06d8e79\"},\"headline\":\"Lefko\u015fa-G\u00fczelyurt anayolunda feci kaza: 3 Yaral\u0131\",\"datePublished\":\"2023-09-05T09:07:24+00:00\",\"mainEntityOfPage\":{\"@id\":\"https:\\\/\\\/kibrisdakik.com\\\/?p=13231\"},\"wordCount\":172,\"commentCount\":0,\"image\":{\"@id\":\"https:\\\/\\\/kibrisdakik.com\\\/?p=13231#primaryimage\"},\"thumbnailUrl\":\"https:\\\/\\\/brtk.net\\\/wp-content\\\/uploads\\\/2023\\\/09\\\/05\\\/tols-1.jpg?ver=3347e5ef2112ccd59449dd7d1516333b\",\"articleSection\":[\"G\u00fcndem\"],\"inLanguage\":\"tr\",\"potentialAction\":[{\"@type\":\"CommentAction\",\"name\":\"Comment\",\"target\":[\"https:\\\/\\\/kibrisdakik.com\\\/?p=13231#respond\"]}]},{\"@type\":\"WebPage\",\"@id\":\"https:\\\/\\\/kibrisdakik.com\\\/?p=13231\",\"url\":\"https:\\\/\\\/kibrisdakik.com\\\/?p=13231\",\"name\":\"Lefko\u015fa-G\u00fczelyurt anayolunda feci kaza: 3 Yaral\u0131 -\",\"isPartOf\":{\"@id\":\"https:\\\/\\\/kibrisdakik.com\\\/#website\"},\"primaryImageOfPage\":{\"@id\":\"https:\\\/\\\/kibrisdakik.com\\\/?p=13231#primaryimage\"},\"image\":{\"@id\":\"https:\\\/\\\/kibrisdakik.com\\\/?p=13231#primaryimage\"},\"thumbnailUrl\":\"https:\\\/\\\/brtk.net\\\/wp-content\\\/uploads\\\/2023\\\/09\\\/05\\\/tols-1.jpg?ver=3347e5ef2112ccd59449dd7d1516333b\",\"datePublished\":\"2023-09-05T09:07:24+00:00\",\"author\":{\"@id\":\"https:\\\/\\\/kibrisdakik.com\\\/#\\\/schema\\\/person\\\/9cd9d437bbb44f72b73ba127e06d8e79\"},\"breadcrumb\":{\"@id\":\"https:\\\/\\\/kibrisdakik.com\\\/?p=13231#breadcrumb\"},\"inLanguage\":\"tr\",\"potentialAction\":[{\"@type\":\"ReadAction\",\"target\":[\"https:\\\/\\\/kibrisdakik.com\\\/?p=13231\"]}]},{\"@type\":\"ImageObject\",\"inLanguage\":\"tr\",\"@id\":\"https:\\\/\\\/kibrisdakik.com\\\/?p=13231#primaryimage\",\"url\":\"https:\\\/\\\/brtk.net\\\/wp-content\\\/uploads\\\/2023\\\/09\\\/05\\\/tols-1.jpg?ver=3347e5ef2112ccd59449dd7d1516333b\",\"contentUrl\":\"https:\\\/\\\/brtk.net\\\/wp-content\\\/uploads\\\/2023\\\/09\\\/05\\\/tols-1.jpg?ver=3347e5ef2112ccd59449dd7d1516333b\"},{\"@type\":\"BreadcrumbList\",\"@id\":\"https:\\\/\\\/kibrisdakik.com\\\/?p=13231#breadcrumb\",\"itemListElement\":[{\"@type\":\"ListItem\",\"position\":1,\"name\":\"Home\",\"item\":\"https:\\\/\\\/kibrisdakik.com\\\/\"},{\"@type\":\"ListItem\",\"position\":2,\"name\":\"Lefko\u015fa-G\u00fczelyurt anayolunda feci kaza: 3 Yaral\u0131\"}]},{\"@type\":\"WebSite\",\"@id\":\"https:\\\/\\\/kibrisdakik.com\\\/#website\",\"url\":\"https:\\\/\\\/kibrisdakik.com\\\/\",\"name\":\"\",\"description\":\"Tam vaktinde haber\",\"potentialAction\":[{\"@type\":\"SearchAction\",\"target\":{\"@type\":\"EntryPoint\",\"urlTemplate\":\"https:\\\/\\\/kibrisdakik.com\\\/?s={search_term_string}\"},\"query-input\":{\"@type\":\"PropertyValueSpecification\",\"valueRequired\":true,\"valueName\":\"search_term_string\"}}],\"inLanguage\":\"tr\"},{\"@type\":\"Person\",\"@id\":\"https:\\\/\\\/kibrisdakik.com\\\/#\\\/schema\\\/person\\\/9cd9d437bbb44f72b73ba127e06d8e79\",\"name\":\"admin\",\"image\":{\"@type\":\"ImageObject\",\"inLanguage\":\"tr\",\"@id\":\"https:\\\/\\\/secure.gravatar.com\\\/avatar\\\/ccc17943b9d660506c869530f897617f7cb1c21a4bf30023f252596d83e1f007?s=96&d=mm&r=g\",\"url\":\"https:\\\/\\\/secure.gravatar.com\\\/avatar\\\/ccc17943b9d660506c869530f897617f7cb1c21a4bf30023f252596d83e1f007?s=96&d=mm&r=g\",\"contentUrl\":\"https:\\\/\\\/secure.gravatar.com\\\/avatar\\\/ccc17943b9d660506c869530f897617f7cb1c21a4bf30023f252596d83e1f007?s=96&d=mm&r=g\",\"caption\":\"admin\"},\"sameAs\":[\"https:\\\/\\\/kibrisdakik.com\"],\"url\":\"https:\\\/\\\/kibrisdakik.com\\\/?author=1\"}]}<\/script>\n<!-- \/ Yoast SEO plugin. -->","yoast_head_json":{"title":"Lefko\u015fa-G\u00fczelyurt anayolunda feci kaza: 3 Yaral\u0131 -","robots":{"index":"index","follow":"follow","max-snippet":"max-snippet:-1","max-image-preview":"max-image-preview:large","max-video-preview":"max-video-preview:-1"},"canonical":"https:\/\/kibrisdakik.com\/?p=13231","og_locale":"tr_TR","og_type":"article","og_title":"Lefko\u015fa-G\u00fczelyurt anayolunda feci kaza: 3 Yaral\u0131 -","og_description":"Polis Bas\u0131n Subayl\u0131\u011f\u0131&#8217;ndan verilen bilgiye g\u00f6re saat 09:15 s\u0131ralar\u0131nda, Lefko\u015fa-G\u00fczelyurt anayolu \u00fczerinde, Halil Gazi G\u00dcNEY (E-38) y\u00f6netimindeki PE 639 plakal\u0131 ara\u00e7 ile G\u00fczelyurt istikametine do\u011fru sol \u015ferit i\u00e7erisinde seyretti\u011fi s\u0131rada Y\u0131lmazk\u00f6y Alt Ge\u00e7idi yak\u0131nlar\u0131na geldi\u011finde, dikkatsizce sa\u011f \u015feride do\u011fru ge\u00e7i\u015f yapmas\u0131 sonucu o esnada ayn\u0131 istikamete do\u011fru sa\u011f i\u00e7erisinde seyretmekte olan Fikret GEYLAN (E-59) y\u00f6netimindeki","og_url":"https:\/\/kibrisdakik.com\/?p=13231","article_published_time":"2023-09-05T09:07:24+00:00","og_image":[{"url":"https:\/\/brtk.net\/wp-content\/uploads\/2023\/09\/05\/tols-1.jpg?ver=3347e5ef2112ccd59449dd7d1516333b","type":"","width":"","height":""}],"author":"admin","twitter_card":"summary_large_image","twitter_misc":{"Yazan:":"admin","Tahmini okuma s\u00fcresi":"1 dakika"},"schema":{"@context":"https:\/\/schema.org","@graph":[{"@type":"Article","@id":"https:\/\/kibrisdakik.com\/?p=13231#article","isPartOf":{"@id":"https:\/\/kibrisdakik.com\/?p=13231"},"author":{"name":"admin","@id":"https:\/\/kibrisdakik.com\/#\/schema\/person\/9cd9d437bbb44f72b73ba127e06d8e79"},"headline":"Lefko\u015fa-G\u00fczelyurt anayolunda feci kaza: 3 Yaral\u0131","datePublished":"2023-09-05T09:07:24+00:00","mainEntityOfPage":{"@id":"https:\/\/kibrisdakik.com\/?p=13231"},"wordCount":172,"commentCount":0,"image":{"@id":"https:\/\/kibrisdakik.com\/?p=13231#primaryimage"},"thumbnailUrl":"https:\/\/brtk.net\/wp-content\/uploads\/2023\/09\/05\/tols-1.jpg?ver=3347e5ef2112ccd59449dd7d1516333b","articleSection":["G\u00fcndem"],"inLanguage":"tr","potentialAction":[{"@type":"CommentAction","name":"Comment","target":["https:\/\/kibrisdakik.com\/?p=13231#respond"]}]},{"@type":"WebPage","@id":"https:\/\/kibrisdakik.com\/?p=13231","url":"https:\/\/kibrisdakik.com\/?p=13231","name":"Lefko\u015fa-G\u00fczelyurt anayolunda feci kaza: 3 Yaral\u0131 -","isPartOf":{"@id":"https:\/\/kibrisdakik.com\/#website"},"primaryImageOfPage":{"@id":"https:\/\/kibrisdakik.com\/?p=13231#primaryimage"},"image":{"@id":"https:\/\/kibrisdakik.com\/?p=13231#primaryimage"},"thumbnailUrl":"https:\/\/brtk.net\/wp-content\/uploads\/2023\/09\/05\/tols-1.jpg?ver=3347e5ef2112ccd59449dd7d1516333b","datePublished":"2023-09-05T09:07:24+00:00","author":{"@id":"https:\/\/kibrisdakik.com\/#\/schema\/person\/9cd9d437bbb44f72b73ba127e06d8e79"},"breadcrumb":{"@id":"https:\/\/kibrisdakik.com\/?p=13231#breadcrumb"},"inLanguage":"tr","potentialAction":[{"@type":"ReadAction","target":["https:\/\/kibrisdakik.com\/?p=13231"]}]},{"@type":"ImageObject","inLanguage":"tr","@id":"https:\/\/kibrisdakik.com\/?p=13231#primaryimage","url":"https:\/\/brtk.net\/wp-content\/uploads\/2023\/09\/05\/tols-1.jpg?ver=3347e5ef2112ccd59449dd7d1516333b","contentUrl":"https:\/\/brtk.net\/wp-content\/uploads\/2023\/09\/05\/tols-1.jpg?ver=3347e5ef2112ccd59449dd7d1516333b"},{"@type":"BreadcrumbList","@id":"https:\/\/kibrisdakik.com\/?p=13231#breadcrumb","itemListElement":[{"@type":"ListItem","position":1,"name":"Home","item":"https:\/\/kibrisdakik.com\/"},{"@type":"ListItem","position":2,"name":"Lefko\u015fa-G\u00fczelyurt anayolunda feci kaza: 3 Yaral\u0131"}]},{"@type":"WebSite","@id":"https:\/\/kibrisdakik.com\/#website","url":"https:\/\/kibrisdakik.com\/","name":"","description":"Tam vaktinde haber","potentialAction":[{"@type":"SearchAction","target":{"@type":"EntryPoint","urlTemplate":"https:\/\/kibrisdakik.com\/?s={search_term_string}"},"query-input":{"@type":"PropertyValueSpecification","valueRequired":true,"valueName":"search_term_string"}}],"inLanguage":"tr"},{"@type":"Person","@id":"https:\/\/kibrisdakik.com\/#\/schema\/person\/9cd9d437bbb44f72b73ba127e06d8e79","name":"admin","image":{"@type":"ImageObject","inLanguage":"tr","@id":"https:\/\/secure.gravatar.com\/avatar\/ccc17943b9d660506c869530f897617f7cb1c21a4bf30023f252596d83e1f007?s=96&d=mm&r=g","url":"https:\/\/secure.gravatar.com\/avatar\/ccc17943b9d660506c869530f897617f7cb1c21a4bf30023f252596d83e1f007?s=96&d=mm&r=g","contentUrl":"https:\/\/secure.gravatar.com\/avatar\/ccc17943b9d660506c869530f897617f7cb1c21a4bf30023f252596d83e1f007?s=96&d=mm&r=g","caption":"admin"},"sameAs":["https:\/\/kibrisdakik.com"],"url":"https:\/\/kibrisdakik.com\/?author=1"}]}},"_links":{"self":[{"href":"https:\/\/kibrisdakik.com\/index.php?rest_route=\/wp\/v2\/posts\/13231","targetHints":{"allow":["GET"]}}],"collection":[{"href":"https:\/\/kibrisdakik.com\/index.php?rest_route=\/wp\/v2\/posts"}],"about":[{"href":"https:\/\/kibrisdakik.com\/index.php?rest_route=\/wp\/v2\/types\/post"}],"author":[{"embeddable":true,"href":"https:\/\/kibrisdakik.com\/index.php?rest_route=\/wp\/v2\/users\/1"}],"replies":[{"embeddable":true,"href":"https:\/\/kibrisdakik.com\/index.php?rest_route=%2Fwp%2Fv2%2Fcomments&post=13231"}],"version-history":[{"count":0,"href":"https:\/\/kibrisdakik.com\/index.php?rest_route=\/wp\/v2\/posts\/13231\/revisions"}],"wp:attachment":[{"href":"https:\/\/kibrisdakik.com\/index.php?rest_route=%2Fwp%2Fv2%2Fmedia&parent=13231"}],"wp:term":[{"taxonomy":"category","embeddable":true,"href":"https:\/\/kibrisdakik.com\/index.php?rest_route=%2Fwp%2Fv2%2Fcategories&post=13231"},{"taxonomy":"post_tag","embeddable":true,"href":"https:\/\/kibrisdakik.com\/index.php?rest_route=%2Fwp%2Fv2%2Ftags&post=13231"}],"curies":[{"name":"wp","href":"https:\/\/api.w.org\/{rel}","templated":true}]}}