{"id":13240,"date":"2023-09-05T11:22:48","date_gmt":"2023-09-05T11:22:48","guid":{"rendered":"https:\/\/kibrisdakik.com\/index.php\/2023\/09\/05\/dincyurek-gecitkale-saglik-merkezi-ve-ayse-coban-belet-serdarli-saglik-merkezini-ziyaret-etti\/"},"modified":"2023-09-05T11:22:48","modified_gmt":"2023-09-05T11:22:48","slug":"dincyurek-gecitkale-saglik-merkezi-ve-ayse-coban-belet-serdarli-saglik-merkezini-ziyaret-etti","status":"publish","type":"post","link":"https:\/\/kibrisdakik.com\/?p=13240","title":{"rendered":"Din\u00e7y\u00fcrek, Ge\u00e7itkale Sa\u011fl\u0131k Merkezi ve Ay\u015fe \u00c7oban Belet Serdarl\u0131 Sa\u011fl\u0131k Merkezi\u2019ni ziyaret etti"},"content":{"rendered":"<p><\/p>\n<div>\n<div class=\"mariselle-image-container center\">\n                <img width=\"768\" height=\"414\" class=\"lazy-image\" alt=\"\" decoding=\"async\" loading=\"lazy\" sizes=\"auto, (max-width: 768px) 100vw, 768px\" src=\"https:\/\/brtk.net\/wp-content\/uploads\/2023\/09\/05\/5b289581-5d08-4696-8064-065ca9484d3a.jpg?ver=16dd46e17dbdc66191eeaf927191666f\" srcset=\"https:\/\/brtk.net\/wp-content\/uploads\/2023\/09\/05\/5b289581-5d08-4696-8064-065ca9484d3a.jpg?ver=16dd46e17dbdc66191eeaf927191666f 768w, https:\/\/brtk.net\/wp-content\/uploads\/2023\/09\/05\/5b289581-5d08-4696-8064-065ca9484d3a-300x162.jpg?ver=2b9a7372afb2a2f3c131106dc42f248f 300w\"\/>                            <\/div>\n<p>Sa\u011fl\u0131k Bakan\u0131 Dr. Hakan Din\u00e7y\u00fcrek,\u00a0Ge\u00e7itkale Sa\u011fl\u0131k Merkezi ve Ay\u015fe \u00c7oban Belet Serdarl\u0131 Sa\u011fl\u0131k Merkezi\u2019ni ziyaret ederek incelemelerde bulundu\u00a0sa\u011fl\u0131k \u00e7al\u0131\u015fanlar\u0131ndan \u00e7al\u0131\u015fmalarla ilgili bilgiler ald\u0131.<\/p>\n<p>Sa\u011fl\u0131k Merkezleri ziyareti \u00f6ncesinde Ge\u00e7itkale\u2019de vatanda\u015flarla bir araya gelen Bakan Din\u00e7y\u00fcrek, b\u00f6lge halk\u0131n\u0131n sa\u011fl\u0131k hizmetleri konusunda beklentilerini dinledi.<\/p>\n<p>Yap\u0131lan ziyaretlerde Sa\u011fl\u0131k Merkezleri Sorumlu Hekimleri ile g\u00f6r\u00fc\u015fen Bakan Din\u00e7y\u00fcrek, ilk \u00f6nce Ge\u00e7itkale Sa\u011fl\u0131k Merkezi Sorumlu Hekimi Dr. G\u00fclen Karakaya ve sa\u011fl\u0131k \u00e7al\u0131\u015fanlar\u0131 daha sonra Ay\u015fe \u00c7oban Belet Serdarl\u0131 Sa\u011fl\u0131k Merkezi Sorumlu Hekimi Dr. Celaleddin Dede ve sa\u011fl\u0131k \u00e7al\u0131\u015fanlar\u0131 ile g\u00f6r\u00fc\u015ft\u00fc.<\/p>\n<p>Bakan Din\u00e7y\u00fcrek, hedeflerinin bakanl\u0131\u011fa ba\u011fl\u0131 sa\u011fl\u0131k merkezlerinde t\u00fcm eksiklikleri yerinde inceleyerek en k\u0131sa s\u00fcrede tamamlamak oldu\u011funu, bu y\u00f6nde gerekli direktifleri verdi\u011fini belirtti. Din\u00e7y\u00fcrek, b\u00f6ylelikle merkezlerde hizmet veren sa\u011fl\u0131k \u00e7al\u0131\u015fanlar\u0131n\u0131n halk\u0131m\u0131za daha iyi imkanlarla hizmet sunabilece\u011fini belirtti.<\/p>\n<p>Sa\u011fl\u0131k merkezlerinde mevcut personel eksiklikleri, alt yap\u0131 \u00e7al\u0131\u015fmalar\u0131 ve t\u0131bbi cihazlar\u0131n sa\u011flanmas\u0131 i\u00e7in gerekli ad\u0131mlar\u0131n at\u0131ld\u0131\u011f\u0131n\u0131 kaydeden Bakan Din\u00e7y\u00fcrek, ilgili belediyelerle de i\u015fbirli\u011fi ve diyalog i\u00e7erisinde hareket edece\u011fini kaydetti.<\/p>\n<p>Bakan Din\u00e7y\u00fcrek\u2019e ziyaretlerinde Ge\u00e7itkale Belediye Ba\u015fkan\u0131 Halil Kas\u0131m, <a href=\"https:\/\/brtk.net\/\">UBP<\/a> Ge\u00e7itkale \u00d6rg\u00fct Ba\u015fkan\u0131 \u0130smet Bulut e\u015flik etti.\u00a0<\/p>\n<\/p><\/div>\n","protected":false},"excerpt":{"rendered":"<p>Sa\u011fl\u0131k Bakan\u0131 Dr. Hakan Din\u00e7y\u00fcrek,\u00a0Ge\u00e7itkale Sa\u011fl\u0131k Merkezi ve Ay\u015fe \u00c7oban Belet Serdarl\u0131 Sa\u011fl\u0131k Merkezi\u2019ni ziyaret ederek incelemelerde bulundu\u00a0sa\u011fl\u0131k \u00e7al\u0131\u015fanlar\u0131ndan \u00e7al\u0131\u015fmalarla ilgili bilgiler ald\u0131. Sa\u011fl\u0131k Merkezleri ziyareti \u00f6ncesinde Ge\u00e7itkale\u2019de vatanda\u015flarla bir araya gelen Bakan Din\u00e7y\u00fcrek, b\u00f6lge halk\u0131n\u0131n sa\u011fl\u0131k hizmetleri konusunda beklentilerini dinledi. Yap\u0131lan ziyaretlerde Sa\u011fl\u0131k Merkezleri Sorumlu Hekimleri ile g\u00f6r\u00fc\u015fen Bakan Din\u00e7y\u00fcrek, ilk \u00f6nce Ge\u00e7itkale Sa\u011fl\u0131k<\/p>\n","protected":false},"author":1,"featured_media":13241,"comment_status":"open","ping_status":"open","sticky":false,"template":"","format":"standard","meta":{"footnotes":""},"categories":[1],"tags":[],"class_list":["post-13240","post","type-post","status-publish","format-standard","has-post-thumbnail","hentry","category-gundem"],"yoast_head":"<!-- This site is optimized with the Yoast SEO plugin v27.5 - https:\/\/yoast.com\/product\/yoast-seo-wordpress\/ -->\n<title>Din\u00e7y\u00fcrek, Ge\u00e7itkale Sa\u011fl\u0131k Merkezi ve Ay\u015fe \u00c7oban Belet Serdarl\u0131 Sa\u011fl\u0131k Merkezi\u2019ni ziyaret etti -<\/title>\n<meta name=\"robots\" content=\"index, follow, max-snippet:-1, max-image-preview:large, max-video-preview:-1\" \/>\n<link rel=\"canonical\" href=\"https:\/\/kibrisdakik.com\/?p=13240\" \/>\n<meta property=\"og:locale\" content=\"tr_TR\" \/>\n<meta property=\"og:type\" content=\"article\" \/>\n<meta property=\"og:title\" content=\"Din\u00e7y\u00fcrek, Ge\u00e7itkale Sa\u011fl\u0131k Merkezi ve Ay\u015fe \u00c7oban Belet Serdarl\u0131 Sa\u011fl\u0131k Merkezi\u2019ni ziyaret etti -\" \/>\n<meta property=\"og:description\" content=\"Sa\u011fl\u0131k Bakan\u0131 Dr. Hakan Din\u00e7y\u00fcrek,\u00a0Ge\u00e7itkale Sa\u011fl\u0131k Merkezi ve Ay\u015fe \u00c7oban Belet Serdarl\u0131 Sa\u011fl\u0131k Merkezi\u2019ni ziyaret ederek incelemelerde bulundu\u00a0sa\u011fl\u0131k \u00e7al\u0131\u015fanlar\u0131ndan \u00e7al\u0131\u015fmalarla ilgili bilgiler ald\u0131. Sa\u011fl\u0131k Merkezleri ziyareti \u00f6ncesinde Ge\u00e7itkale\u2019de vatanda\u015flarla bir araya gelen Bakan Din\u00e7y\u00fcrek, b\u00f6lge halk\u0131n\u0131n sa\u011fl\u0131k hizmetleri konusunda beklentilerini dinledi. Yap\u0131lan ziyaretlerde Sa\u011fl\u0131k Merkezleri Sorumlu Hekimleri ile g\u00f6r\u00fc\u015fen Bakan Din\u00e7y\u00fcrek, ilk \u00f6nce Ge\u00e7itkale Sa\u011fl\u0131k\" \/>\n<meta property=\"og:url\" content=\"https:\/\/kibrisdakik.com\/?p=13240\" \/>\n<meta property=\"article:published_time\" content=\"2023-09-05T11:22:48+00:00\" \/>\n<meta property=\"og:image\" content=\"https:\/\/kibrisdakik.com\/wp-content\/uploads\/2023\/09\/5b289581-5d08-4696-8064-065ca9484d3a-740x414.jpg\" \/>\n\t<meta property=\"og:image:width\" content=\"768\" \/>\n\t<meta property=\"og:image:height\" content=\"414\" \/>\n\t<meta property=\"og:image:type\" content=\"image\/jpeg\" \/>\n<meta name=\"author\" content=\"admin\" \/>\n<meta name=\"twitter:card\" content=\"summary_large_image\" \/>\n<meta name=\"twitter:label1\" content=\"Yazan:\" \/>\n\t<meta name=\"twitter:data1\" content=\"admin\" \/>\n\t<meta name=\"twitter:label2\" content=\"Tahmini okuma s\u00fcresi\" \/>\n\t<meta name=\"twitter:data2\" content=\"1 dakika\" \/>\n<script type=\"application\/ld+json\" class=\"yoast-schema-graph\">{\"@context\":\"https:\\\/\\\/schema.org\",\"@graph\":[{\"@type\":\"Article\",\"@id\":\"https:\\\/\\\/kibrisdakik.com\\\/?p=13240#article\",\"isPartOf\":{\"@id\":\"https:\\\/\\\/kibrisdakik.com\\\/?p=13240\"},\"author\":{\"name\":\"admin\",\"@id\":\"https:\\\/\\\/kibrisdakik.com\\\/#\\\/schema\\\/person\\\/9cd9d437bbb44f72b73ba127e06d8e79\"},\"headline\":\"Din\u00e7y\u00fcrek, Ge\u00e7itkale Sa\u011fl\u0131k Merkezi ve Ay\u015fe \u00c7oban Belet Serdarl\u0131 Sa\u011fl\u0131k Merkezi\u2019ni ziyaret etti\",\"datePublished\":\"2023-09-05T11:22:48+00:00\",\"mainEntityOfPage\":{\"@id\":\"https:\\\/\\\/kibrisdakik.com\\\/?p=13240\"},\"wordCount\":287,\"commentCount\":0,\"image\":{\"@id\":\"https:\\\/\\\/kibrisdakik.com\\\/?p=13240#primaryimage\"},\"thumbnailUrl\":\"https:\\\/\\\/kibrisdakik.com\\\/wp-content\\\/uploads\\\/2023\\\/09\\\/5b289581-5d08-4696-8064-065ca9484d3a-740x414.jpg\",\"articleSection\":[\"G\u00fcndem\"],\"inLanguage\":\"tr\",\"potentialAction\":[{\"@type\":\"CommentAction\",\"name\":\"Comment\",\"target\":[\"https:\\\/\\\/kibrisdakik.com\\\/?p=13240#respond\"]}]},{\"@type\":\"WebPage\",\"@id\":\"https:\\\/\\\/kibrisdakik.com\\\/?p=13240\",\"url\":\"https:\\\/\\\/kibrisdakik.com\\\/?p=13240\",\"name\":\"Din\u00e7y\u00fcrek, Ge\u00e7itkale Sa\u011fl\u0131k Merkezi ve Ay\u015fe \u00c7oban Belet Serdarl\u0131 Sa\u011fl\u0131k Merkezi\u2019ni ziyaret etti -\",\"isPartOf\":{\"@id\":\"https:\\\/\\\/kibrisdakik.com\\\/#website\"},\"primaryImageOfPage\":{\"@id\":\"https:\\\/\\\/kibrisdakik.com\\\/?p=13240#primaryimage\"},\"image\":{\"@id\":\"https:\\\/\\\/kibrisdakik.com\\\/?p=13240#primaryimage\"},\"thumbnailUrl\":\"https:\\\/\\\/kibrisdakik.com\\\/wp-content\\\/uploads\\\/2023\\\/09\\\/5b289581-5d08-4696-8064-065ca9484d3a-740x414.jpg\",\"datePublished\":\"2023-09-05T11:22:48+00:00\",\"author\":{\"@id\":\"https:\\\/\\\/kibrisdakik.com\\\/#\\\/schema\\\/person\\\/9cd9d437bbb44f72b73ba127e06d8e79\"},\"breadcrumb\":{\"@id\":\"https:\\\/\\\/kibrisdakik.com\\\/?p=13240#breadcrumb\"},\"inLanguage\":\"tr\",\"potentialAction\":[{\"@type\":\"ReadAction\",\"target\":[\"https:\\\/\\\/kibrisdakik.com\\\/?p=13240\"]}]},{\"@type\":\"ImageObject\",\"inLanguage\":\"tr\",\"@id\":\"https:\\\/\\\/kibrisdakik.com\\\/?p=13240#primaryimage\",\"url\":\"https:\\\/\\\/kibrisdakik.com\\\/wp-content\\\/uploads\\\/2023\\\/09\\\/5b289581-5d08-4696-8064-065ca9484d3a-740x414.jpg\",\"contentUrl\":\"https:\\\/\\\/kibrisdakik.com\\\/wp-content\\\/uploads\\\/2023\\\/09\\\/5b289581-5d08-4696-8064-065ca9484d3a-740x414.jpg\",\"width\":768,\"height\":414},{\"@type\":\"BreadcrumbList\",\"@id\":\"https:\\\/\\\/kibrisdakik.com\\\/?p=13240#breadcrumb\",\"itemListElement\":[{\"@type\":\"ListItem\",\"position\":1,\"name\":\"Home\",\"item\":\"https:\\\/\\\/kibrisdakik.com\\\/\"},{\"@type\":\"ListItem\",\"position\":2,\"name\":\"Din\u00e7y\u00fcrek, Ge\u00e7itkale Sa\u011fl\u0131k Merkezi ve Ay\u015fe \u00c7oban Belet Serdarl\u0131 Sa\u011fl\u0131k Merkezi\u2019ni ziyaret etti\"}]},{\"@type\":\"WebSite\",\"@id\":\"https:\\\/\\\/kibrisdakik.com\\\/#website\",\"url\":\"https:\\\/\\\/kibrisdakik.com\\\/\",\"name\":\"\",\"description\":\"Tam vaktinde haber\",\"potentialAction\":[{\"@type\":\"SearchAction\",\"target\":{\"@type\":\"EntryPoint\",\"urlTemplate\":\"https:\\\/\\\/kibrisdakik.com\\\/?s={search_term_string}\"},\"query-input\":{\"@type\":\"PropertyValueSpecification\",\"valueRequired\":true,\"valueName\":\"search_term_string\"}}],\"inLanguage\":\"tr\"},{\"@type\":\"Person\",\"@id\":\"https:\\\/\\\/kibrisdakik.com\\\/#\\\/schema\\\/person\\\/9cd9d437bbb44f72b73ba127e06d8e79\",\"name\":\"admin\",\"image\":{\"@type\":\"ImageObject\",\"inLanguage\":\"tr\",\"@id\":\"https:\\\/\\\/secure.gravatar.com\\\/avatar\\\/ccc17943b9d660506c869530f897617f7cb1c21a4bf30023f252596d83e1f007?s=96&d=mm&r=g\",\"url\":\"https:\\\/\\\/secure.gravatar.com\\\/avatar\\\/ccc17943b9d660506c869530f897617f7cb1c21a4bf30023f252596d83e1f007?s=96&d=mm&r=g\",\"contentUrl\":\"https:\\\/\\\/secure.gravatar.com\\\/avatar\\\/ccc17943b9d660506c869530f897617f7cb1c21a4bf30023f252596d83e1f007?s=96&d=mm&r=g\",\"caption\":\"admin\"},\"sameAs\":[\"https:\\\/\\\/kibrisdakik.com\"],\"url\":\"https:\\\/\\\/kibrisdakik.com\\\/?author=1\"}]}<\/script>\n<!-- \/ Yoast SEO plugin. -->","yoast_head_json":{"title":"Din\u00e7y\u00fcrek, Ge\u00e7itkale Sa\u011fl\u0131k Merkezi ve Ay\u015fe \u00c7oban Belet Serdarl\u0131 Sa\u011fl\u0131k Merkezi\u2019ni ziyaret etti -","robots":{"index":"index","follow":"follow","max-snippet":"max-snippet:-1","max-image-preview":"max-image-preview:large","max-video-preview":"max-video-preview:-1"},"canonical":"https:\/\/kibrisdakik.com\/?p=13240","og_locale":"tr_TR","og_type":"article","og_title":"Din\u00e7y\u00fcrek, Ge\u00e7itkale Sa\u011fl\u0131k Merkezi ve Ay\u015fe \u00c7oban Belet Serdarl\u0131 Sa\u011fl\u0131k Merkezi\u2019ni ziyaret etti -","og_description":"Sa\u011fl\u0131k Bakan\u0131 Dr. Hakan Din\u00e7y\u00fcrek,\u00a0Ge\u00e7itkale Sa\u011fl\u0131k Merkezi ve Ay\u015fe \u00c7oban Belet Serdarl\u0131 Sa\u011fl\u0131k Merkezi\u2019ni ziyaret ederek incelemelerde bulundu\u00a0sa\u011fl\u0131k \u00e7al\u0131\u015fanlar\u0131ndan \u00e7al\u0131\u015fmalarla ilgili bilgiler ald\u0131. Sa\u011fl\u0131k Merkezleri ziyareti \u00f6ncesinde Ge\u00e7itkale\u2019de vatanda\u015flarla bir araya gelen Bakan Din\u00e7y\u00fcrek, b\u00f6lge halk\u0131n\u0131n sa\u011fl\u0131k hizmetleri konusunda beklentilerini dinledi. Yap\u0131lan ziyaretlerde Sa\u011fl\u0131k Merkezleri Sorumlu Hekimleri ile g\u00f6r\u00fc\u015fen Bakan Din\u00e7y\u00fcrek, ilk \u00f6nce Ge\u00e7itkale Sa\u011fl\u0131k","og_url":"https:\/\/kibrisdakik.com\/?p=13240","article_published_time":"2023-09-05T11:22:48+00:00","og_image":[{"width":768,"height":414,"url":"https:\/\/kibrisdakik.com\/wp-content\/uploads\/2023\/09\/5b289581-5d08-4696-8064-065ca9484d3a-740x414.jpg","type":"image\/jpeg"}],"author":"admin","twitter_card":"summary_large_image","twitter_misc":{"Yazan:":"admin","Tahmini okuma s\u00fcresi":"1 dakika"},"schema":{"@context":"https:\/\/schema.org","@graph":[{"@type":"Article","@id":"https:\/\/kibrisdakik.com\/?p=13240#article","isPartOf":{"@id":"https:\/\/kibrisdakik.com\/?p=13240"},"author":{"name":"admin","@id":"https:\/\/kibrisdakik.com\/#\/schema\/person\/9cd9d437bbb44f72b73ba127e06d8e79"},"headline":"Din\u00e7y\u00fcrek, Ge\u00e7itkale Sa\u011fl\u0131k Merkezi ve Ay\u015fe \u00c7oban Belet Serdarl\u0131 Sa\u011fl\u0131k Merkezi\u2019ni ziyaret etti","datePublished":"2023-09-05T11:22:48+00:00","mainEntityOfPage":{"@id":"https:\/\/kibrisdakik.com\/?p=13240"},"wordCount":287,"commentCount":0,"image":{"@id":"https:\/\/kibrisdakik.com\/?p=13240#primaryimage"},"thumbnailUrl":"https:\/\/kibrisdakik.com\/wp-content\/uploads\/2023\/09\/5b289581-5d08-4696-8064-065ca9484d3a-740x414.jpg","articleSection":["G\u00fcndem"],"inLanguage":"tr","potentialAction":[{"@type":"CommentAction","name":"Comment","target":["https:\/\/kibrisdakik.com\/?p=13240#respond"]}]},{"@type":"WebPage","@id":"https:\/\/kibrisdakik.com\/?p=13240","url":"https:\/\/kibrisdakik.com\/?p=13240","name":"Din\u00e7y\u00fcrek, Ge\u00e7itkale Sa\u011fl\u0131k Merkezi ve Ay\u015fe \u00c7oban Belet Serdarl\u0131 Sa\u011fl\u0131k Merkezi\u2019ni ziyaret etti -","isPartOf":{"@id":"https:\/\/kibrisdakik.com\/#website"},"primaryImageOfPage":{"@id":"https:\/\/kibrisdakik.com\/?p=13240#primaryimage"},"image":{"@id":"https:\/\/kibrisdakik.com\/?p=13240#primaryimage"},"thumbnailUrl":"https:\/\/kibrisdakik.com\/wp-content\/uploads\/2023\/09\/5b289581-5d08-4696-8064-065ca9484d3a-740x414.jpg","datePublished":"2023-09-05T11:22:48+00:00","author":{"@id":"https:\/\/kibrisdakik.com\/#\/schema\/person\/9cd9d437bbb44f72b73ba127e06d8e79"},"breadcrumb":{"@id":"https:\/\/kibrisdakik.com\/?p=13240#breadcrumb"},"inLanguage":"tr","potentialAction":[{"@type":"ReadAction","target":["https:\/\/kibrisdakik.com\/?p=13240"]}]},{"@type":"ImageObject","inLanguage":"tr","@id":"https:\/\/kibrisdakik.com\/?p=13240#primaryimage","url":"https:\/\/kibrisdakik.com\/wp-content\/uploads\/2023\/09\/5b289581-5d08-4696-8064-065ca9484d3a-740x414.jpg","contentUrl":"https:\/\/kibrisdakik.com\/wp-content\/uploads\/2023\/09\/5b289581-5d08-4696-8064-065ca9484d3a-740x414.jpg","width":768,"height":414},{"@type":"BreadcrumbList","@id":"https:\/\/kibrisdakik.com\/?p=13240#breadcrumb","itemListElement":[{"@type":"ListItem","position":1,"name":"Home","item":"https:\/\/kibrisdakik.com\/"},{"@type":"ListItem","position":2,"name":"Din\u00e7y\u00fcrek, Ge\u00e7itkale Sa\u011fl\u0131k Merkezi ve Ay\u015fe \u00c7oban Belet Serdarl\u0131 Sa\u011fl\u0131k Merkezi\u2019ni ziyaret etti"}]},{"@type":"WebSite","@id":"https:\/\/kibrisdakik.com\/#website","url":"https:\/\/kibrisdakik.com\/","name":"","description":"Tam vaktinde haber","potentialAction":[{"@type":"SearchAction","target":{"@type":"EntryPoint","urlTemplate":"https:\/\/kibrisdakik.com\/?s={search_term_string}"},"query-input":{"@type":"PropertyValueSpecification","valueRequired":true,"valueName":"search_term_string"}}],"inLanguage":"tr"},{"@type":"Person","@id":"https:\/\/kibrisdakik.com\/#\/schema\/person\/9cd9d437bbb44f72b73ba127e06d8e79","name":"admin","image":{"@type":"ImageObject","inLanguage":"tr","@id":"https:\/\/secure.gravatar.com\/avatar\/ccc17943b9d660506c869530f897617f7cb1c21a4bf30023f252596d83e1f007?s=96&d=mm&r=g","url":"https:\/\/secure.gravatar.com\/avatar\/ccc17943b9d660506c869530f897617f7cb1c21a4bf30023f252596d83e1f007?s=96&d=mm&r=g","contentUrl":"https:\/\/secure.gravatar.com\/avatar\/ccc17943b9d660506c869530f897617f7cb1c21a4bf30023f252596d83e1f007?s=96&d=mm&r=g","caption":"admin"},"sameAs":["https:\/\/kibrisdakik.com"],"url":"https:\/\/kibrisdakik.com\/?author=1"}]}},"_links":{"self":[{"href":"https:\/\/kibrisdakik.com\/index.php?rest_route=\/wp\/v2\/posts\/13240","targetHints":{"allow":["GET"]}}],"collection":[{"href":"https:\/\/kibrisdakik.com\/index.php?rest_route=\/wp\/v2\/posts"}],"about":[{"href":"https:\/\/kibrisdakik.com\/index.php?rest_route=\/wp\/v2\/types\/post"}],"author":[{"embeddable":true,"href":"https:\/\/kibrisdakik.com\/index.php?rest_route=\/wp\/v2\/users\/1"}],"replies":[{"embeddable":true,"href":"https:\/\/kibrisdakik.com\/index.php?rest_route=%2Fwp%2Fv2%2Fcomments&post=13240"}],"version-history":[{"count":0,"href":"https:\/\/kibrisdakik.com\/index.php?rest_route=\/wp\/v2\/posts\/13240\/revisions"}],"wp:featuredmedia":[{"embeddable":true,"href":"https:\/\/kibrisdakik.com\/index.php?rest_route=\/wp\/v2\/media\/13241"}],"wp:attachment":[{"href":"https:\/\/kibrisdakik.com\/index.php?rest_route=%2Fwp%2Fv2%2Fmedia&parent=13240"}],"wp:term":[{"taxonomy":"category","embeddable":true,"href":"https:\/\/kibrisdakik.com\/index.php?rest_route=%2Fwp%2Fv2%2Fcategories&post=13240"},{"taxonomy":"post_tag","embeddable":true,"href":"https:\/\/kibrisdakik.com\/index.php?rest_route=%2Fwp%2Fv2%2Ftags&post=13240"}],"curies":[{"name":"wp","href":"https:\/\/api.w.org\/{rel}","templated":true}]}}