{"id":13313,"date":"2023-09-06T12:10:01","date_gmt":"2023-09-06T12:10:01","guid":{"rendered":"https:\/\/kibrisdakik.com\/index.php\/2023\/09\/06\/bakan-berova-polis-genel-muduru-kuni-ile-gorustu\/"},"modified":"2023-09-06T12:10:01","modified_gmt":"2023-09-06T12:10:01","slug":"bakan-berova-polis-genel-muduru-kuni-ile-gorustu","status":"publish","type":"post","link":"https:\/\/kibrisdakik.com\/?p=13313","title":{"rendered":"Bakan Berova Polis Genel M\u00fcd\u00fcr\u00fc Kuni ile g\u00f6r\u00fc\u015ft\u00fc"},"content":{"rendered":"<p><\/p>\n<div>\n<div class=\"mariselle-image-container center\">\n                <img width=\"1024\" height=\"438\" class=\"lazy-image\" alt=\"\" decoding=\"async\" loading=\"lazy\" sizes=\"auto, (max-width: 1024px) 100vw, 1024px\" src=\"https:\/\/brtk.net\/wp-content\/uploads\/2023\/09\/06\/maliye-bakani-berova-polis-genel-muduru-kasim-kuni-ile-gorustu-1-.jpeg.jpg?ver=967096a57003028d3948a73b5117d6b7\" srcset=\"https:\/\/brtk.net\/wp-content\/uploads\/2023\/09\/06\/maliye-bakani-berova-polis-genel-muduru-kasim-kuni-ile-gorustu-1-.jpeg.jpg?ver=967096a57003028d3948a73b5117d6b7 1024w, https:\/\/brtk.net\/wp-content\/uploads\/2023\/09\/06\/maliye-bakani-berova-polis-genel-muduru-kasim-kuni-ile-gorustu-1-.jpeg-300x128.jpg?ver=967096a57003028d3948a73b5117d6b7 300w, https:\/\/brtk.net\/wp-content\/uploads\/2023\/09\/06\/maliye-bakani-berova-polis-genel-muduru-kasim-kuni-ile-gorustu-1-.jpeg-768x329.jpg?ver=967096a57003028d3948a73b5117d6b7 768w\"\/>                            <\/div>\n<p>Maliye Bakan\u0131 \u00d6zdemir Berova, Polis Genel M\u00fcd\u00fcr\u00fc Kas\u0131m Kuni ve beraberindeki heyeti kabul etti.<\/p>\n<p>Bakanl\u0131ktan yap\u0131lan a\u00e7\u0131klamaya g\u00f6re Polis Genel M\u00fcd\u00fcr\u00fc Kas\u0131m Kuni, Maliye Bakan\u0131 \u00d6zdemir Berova\u2019ya g\u00f6revinde ba\u015far\u0131lar diledi.<\/p>\n<p>Maliye Bakan\u0131 Berova da asayi\u015fin, huzur ve g\u00fcvenli\u011fin teminat\u0131 olan polislerin, a\u011f\u0131r ve kutsal bir mesle\u011fi, \u015fan ve \u015ferefle icra ettiklerini belirtti.<\/p>\n<p>G\u00f6r\u00fc\u015fmede, polis te\u015fkilat\u0131n\u0131n g\u00fc\u00e7lendirilmesi i\u00e7in g\u00fcn\u00fcn ko\u015fullar\u0131na uygun gerekli teknolojik ve fiziksel yat\u0131r\u0131m ve ihtiya\u00e7lar\u0131n giderilmesi konusu ele al\u0131narak, bu y\u00f6ndeki talepler dile getirildi.<\/p>\n<\/p><\/div>\n","protected":false},"excerpt":{"rendered":"<p>Maliye Bakan\u0131 \u00d6zdemir Berova, Polis Genel M\u00fcd\u00fcr\u00fc Kas\u0131m Kuni ve beraberindeki heyeti kabul etti. Bakanl\u0131ktan yap\u0131lan a\u00e7\u0131klamaya g\u00f6re Polis Genel M\u00fcd\u00fcr\u00fc Kas\u0131m Kuni, Maliye Bakan\u0131 \u00d6zdemir Berova\u2019ya g\u00f6revinde ba\u015far\u0131lar diledi. Maliye Bakan\u0131 Berova da asayi\u015fin, huzur ve g\u00fcvenli\u011fin teminat\u0131 olan polislerin, a\u011f\u0131r ve kutsal bir mesle\u011fi, \u015fan ve \u015ferefle icra ettiklerini belirtti. G\u00f6r\u00fc\u015fmede, polis te\u015fkilat\u0131n\u0131n<\/p>\n","protected":false},"author":1,"featured_media":13314,"comment_status":"open","ping_status":"open","sticky":false,"template":"","format":"standard","meta":{"footnotes":""},"categories":[1],"tags":[],"class_list":["post-13313","post","type-post","status-publish","format-standard","has-post-thumbnail","hentry","category-gundem"],"yoast_head":"<!-- This site is optimized with the Yoast SEO plugin v27.5 - https:\/\/yoast.com\/product\/yoast-seo-wordpress\/ -->\n<title>Bakan Berova Polis Genel M\u00fcd\u00fcr\u00fc Kuni ile g\u00f6r\u00fc\u015ft\u00fc -<\/title>\n<meta name=\"robots\" content=\"index, follow, max-snippet:-1, max-image-preview:large, max-video-preview:-1\" \/>\n<link rel=\"canonical\" href=\"https:\/\/kibrisdakik.com\/?p=13313\" \/>\n<meta property=\"og:locale\" content=\"tr_TR\" \/>\n<meta property=\"og:type\" content=\"article\" \/>\n<meta property=\"og:title\" content=\"Bakan Berova Polis Genel M\u00fcd\u00fcr\u00fc Kuni ile g\u00f6r\u00fc\u015ft\u00fc -\" \/>\n<meta property=\"og:description\" content=\"Maliye Bakan\u0131 \u00d6zdemir Berova, Polis Genel M\u00fcd\u00fcr\u00fc Kas\u0131m Kuni ve beraberindeki heyeti kabul etti. Bakanl\u0131ktan yap\u0131lan a\u00e7\u0131klamaya g\u00f6re Polis Genel M\u00fcd\u00fcr\u00fc Kas\u0131m Kuni, Maliye Bakan\u0131 \u00d6zdemir Berova\u2019ya g\u00f6revinde ba\u015far\u0131lar diledi. Maliye Bakan\u0131 Berova da asayi\u015fin, huzur ve g\u00fcvenli\u011fin teminat\u0131 olan polislerin, a\u011f\u0131r ve kutsal bir mesle\u011fi, \u015fan ve \u015ferefle icra ettiklerini belirtti. G\u00f6r\u00fc\u015fmede, polis te\u015fkilat\u0131n\u0131n\" \/>\n<meta property=\"og:url\" content=\"https:\/\/kibrisdakik.com\/?p=13313\" \/>\n<meta property=\"article:published_time\" content=\"2023-09-06T12:10:01+00:00\" \/>\n<meta property=\"og:image\" content=\"https:\/\/kibrisdakik.com\/wp-content\/uploads\/2023\/09\/maliye-bakani-berova-polis-genel-muduru-kasim-kuni-ile-gorustu-1-.jpeg-740x420.jpg\" \/>\n\t<meta property=\"og:image:width\" content=\"1024\" \/>\n\t<meta property=\"og:image:height\" content=\"438\" \/>\n\t<meta property=\"og:image:type\" content=\"image\/jpeg\" \/>\n<meta name=\"author\" content=\"admin\" \/>\n<meta name=\"twitter:card\" content=\"summary_large_image\" \/>\n<meta name=\"twitter:label1\" content=\"Yazan:\" \/>\n\t<meta name=\"twitter:data1\" content=\"admin\" \/>\n\t<meta name=\"twitter:label2\" content=\"Tahmini okuma s\u00fcresi\" \/>\n\t<meta name=\"twitter:data2\" content=\"1 dakika\" \/>\n<script type=\"application\/ld+json\" class=\"yoast-schema-graph\">{\"@context\":\"https:\\\/\\\/schema.org\",\"@graph\":[{\"@type\":\"Article\",\"@id\":\"https:\\\/\\\/kibrisdakik.com\\\/?p=13313#article\",\"isPartOf\":{\"@id\":\"https:\\\/\\\/kibrisdakik.com\\\/?p=13313\"},\"author\":{\"name\":\"admin\",\"@id\":\"https:\\\/\\\/kibrisdakik.com\\\/#\\\/schema\\\/person\\\/9cd9d437bbb44f72b73ba127e06d8e79\"},\"headline\":\"Bakan Berova Polis Genel M\u00fcd\u00fcr\u00fc Kuni ile g\u00f6r\u00fc\u015ft\u00fc\",\"datePublished\":\"2023-09-06T12:10:01+00:00\",\"mainEntityOfPage\":{\"@id\":\"https:\\\/\\\/kibrisdakik.com\\\/?p=13313\"},\"wordCount\":124,\"commentCount\":0,\"image\":{\"@id\":\"https:\\\/\\\/kibrisdakik.com\\\/?p=13313#primaryimage\"},\"thumbnailUrl\":\"https:\\\/\\\/kibrisdakik.com\\\/wp-content\\\/uploads\\\/2023\\\/09\\\/maliye-bakani-berova-polis-genel-muduru-kasim-kuni-ile-gorustu-1-.jpeg-740x420.jpg\",\"articleSection\":[\"G\u00fcndem\"],\"inLanguage\":\"tr\",\"potentialAction\":[{\"@type\":\"CommentAction\",\"name\":\"Comment\",\"target\":[\"https:\\\/\\\/kibrisdakik.com\\\/?p=13313#respond\"]}]},{\"@type\":\"WebPage\",\"@id\":\"https:\\\/\\\/kibrisdakik.com\\\/?p=13313\",\"url\":\"https:\\\/\\\/kibrisdakik.com\\\/?p=13313\",\"name\":\"Bakan Berova Polis Genel M\u00fcd\u00fcr\u00fc Kuni ile g\u00f6r\u00fc\u015ft\u00fc -\",\"isPartOf\":{\"@id\":\"https:\\\/\\\/kibrisdakik.com\\\/#website\"},\"primaryImageOfPage\":{\"@id\":\"https:\\\/\\\/kibrisdakik.com\\\/?p=13313#primaryimage\"},\"image\":{\"@id\":\"https:\\\/\\\/kibrisdakik.com\\\/?p=13313#primaryimage\"},\"thumbnailUrl\":\"https:\\\/\\\/kibrisdakik.com\\\/wp-content\\\/uploads\\\/2023\\\/09\\\/maliye-bakani-berova-polis-genel-muduru-kasim-kuni-ile-gorustu-1-.jpeg-740x420.jpg\",\"datePublished\":\"2023-09-06T12:10:01+00:00\",\"author\":{\"@id\":\"https:\\\/\\\/kibrisdakik.com\\\/#\\\/schema\\\/person\\\/9cd9d437bbb44f72b73ba127e06d8e79\"},\"breadcrumb\":{\"@id\":\"https:\\\/\\\/kibrisdakik.com\\\/?p=13313#breadcrumb\"},\"inLanguage\":\"tr\",\"potentialAction\":[{\"@type\":\"ReadAction\",\"target\":[\"https:\\\/\\\/kibrisdakik.com\\\/?p=13313\"]}]},{\"@type\":\"ImageObject\",\"inLanguage\":\"tr\",\"@id\":\"https:\\\/\\\/kibrisdakik.com\\\/?p=13313#primaryimage\",\"url\":\"https:\\\/\\\/kibrisdakik.com\\\/wp-content\\\/uploads\\\/2023\\\/09\\\/maliye-bakani-berova-polis-genel-muduru-kasim-kuni-ile-gorustu-1-.jpeg-740x420.jpg\",\"contentUrl\":\"https:\\\/\\\/kibrisdakik.com\\\/wp-content\\\/uploads\\\/2023\\\/09\\\/maliye-bakani-berova-polis-genel-muduru-kasim-kuni-ile-gorustu-1-.jpeg-740x420.jpg\",\"width\":1024,\"height\":438},{\"@type\":\"BreadcrumbList\",\"@id\":\"https:\\\/\\\/kibrisdakik.com\\\/?p=13313#breadcrumb\",\"itemListElement\":[{\"@type\":\"ListItem\",\"position\":1,\"name\":\"Home\",\"item\":\"https:\\\/\\\/kibrisdakik.com\\\/\"},{\"@type\":\"ListItem\",\"position\":2,\"name\":\"Bakan Berova Polis Genel M\u00fcd\u00fcr\u00fc Kuni ile g\u00f6r\u00fc\u015ft\u00fc\"}]},{\"@type\":\"WebSite\",\"@id\":\"https:\\\/\\\/kibrisdakik.com\\\/#website\",\"url\":\"https:\\\/\\\/kibrisdakik.com\\\/\",\"name\":\"\",\"description\":\"Tam vaktinde haber\",\"potentialAction\":[{\"@type\":\"SearchAction\",\"target\":{\"@type\":\"EntryPoint\",\"urlTemplate\":\"https:\\\/\\\/kibrisdakik.com\\\/?s={search_term_string}\"},\"query-input\":{\"@type\":\"PropertyValueSpecification\",\"valueRequired\":true,\"valueName\":\"search_term_string\"}}],\"inLanguage\":\"tr\"},{\"@type\":\"Person\",\"@id\":\"https:\\\/\\\/kibrisdakik.com\\\/#\\\/schema\\\/person\\\/9cd9d437bbb44f72b73ba127e06d8e79\",\"name\":\"admin\",\"image\":{\"@type\":\"ImageObject\",\"inLanguage\":\"tr\",\"@id\":\"https:\\\/\\\/secure.gravatar.com\\\/avatar\\\/ccc17943b9d660506c869530f897617f7cb1c21a4bf30023f252596d83e1f007?s=96&d=mm&r=g\",\"url\":\"https:\\\/\\\/secure.gravatar.com\\\/avatar\\\/ccc17943b9d660506c869530f897617f7cb1c21a4bf30023f252596d83e1f007?s=96&d=mm&r=g\",\"contentUrl\":\"https:\\\/\\\/secure.gravatar.com\\\/avatar\\\/ccc17943b9d660506c869530f897617f7cb1c21a4bf30023f252596d83e1f007?s=96&d=mm&r=g\",\"caption\":\"admin\"},\"sameAs\":[\"https:\\\/\\\/kibrisdakik.com\"],\"url\":\"https:\\\/\\\/kibrisdakik.com\\\/?author=1\"}]}<\/script>\n<!-- \/ Yoast SEO plugin. -->","yoast_head_json":{"title":"Bakan Berova Polis Genel M\u00fcd\u00fcr\u00fc Kuni ile g\u00f6r\u00fc\u015ft\u00fc -","robots":{"index":"index","follow":"follow","max-snippet":"max-snippet:-1","max-image-preview":"max-image-preview:large","max-video-preview":"max-video-preview:-1"},"canonical":"https:\/\/kibrisdakik.com\/?p=13313","og_locale":"tr_TR","og_type":"article","og_title":"Bakan Berova Polis Genel M\u00fcd\u00fcr\u00fc Kuni ile g\u00f6r\u00fc\u015ft\u00fc -","og_description":"Maliye Bakan\u0131 \u00d6zdemir Berova, Polis Genel M\u00fcd\u00fcr\u00fc Kas\u0131m Kuni ve beraberindeki heyeti kabul etti. Bakanl\u0131ktan yap\u0131lan a\u00e7\u0131klamaya g\u00f6re Polis Genel M\u00fcd\u00fcr\u00fc Kas\u0131m Kuni, Maliye Bakan\u0131 \u00d6zdemir Berova\u2019ya g\u00f6revinde ba\u015far\u0131lar diledi. Maliye Bakan\u0131 Berova da asayi\u015fin, huzur ve g\u00fcvenli\u011fin teminat\u0131 olan polislerin, a\u011f\u0131r ve kutsal bir mesle\u011fi, \u015fan ve \u015ferefle icra ettiklerini belirtti. G\u00f6r\u00fc\u015fmede, polis te\u015fkilat\u0131n\u0131n","og_url":"https:\/\/kibrisdakik.com\/?p=13313","article_published_time":"2023-09-06T12:10:01+00:00","og_image":[{"width":1024,"height":438,"url":"https:\/\/kibrisdakik.com\/wp-content\/uploads\/2023\/09\/maliye-bakani-berova-polis-genel-muduru-kasim-kuni-ile-gorustu-1-.jpeg-740x420.jpg","type":"image\/jpeg"}],"author":"admin","twitter_card":"summary_large_image","twitter_misc":{"Yazan:":"admin","Tahmini okuma s\u00fcresi":"1 dakika"},"schema":{"@context":"https:\/\/schema.org","@graph":[{"@type":"Article","@id":"https:\/\/kibrisdakik.com\/?p=13313#article","isPartOf":{"@id":"https:\/\/kibrisdakik.com\/?p=13313"},"author":{"name":"admin","@id":"https:\/\/kibrisdakik.com\/#\/schema\/person\/9cd9d437bbb44f72b73ba127e06d8e79"},"headline":"Bakan Berova Polis Genel M\u00fcd\u00fcr\u00fc Kuni ile g\u00f6r\u00fc\u015ft\u00fc","datePublished":"2023-09-06T12:10:01+00:00","mainEntityOfPage":{"@id":"https:\/\/kibrisdakik.com\/?p=13313"},"wordCount":124,"commentCount":0,"image":{"@id":"https:\/\/kibrisdakik.com\/?p=13313#primaryimage"},"thumbnailUrl":"https:\/\/kibrisdakik.com\/wp-content\/uploads\/2023\/09\/maliye-bakani-berova-polis-genel-muduru-kasim-kuni-ile-gorustu-1-.jpeg-740x420.jpg","articleSection":["G\u00fcndem"],"inLanguage":"tr","potentialAction":[{"@type":"CommentAction","name":"Comment","target":["https:\/\/kibrisdakik.com\/?p=13313#respond"]}]},{"@type":"WebPage","@id":"https:\/\/kibrisdakik.com\/?p=13313","url":"https:\/\/kibrisdakik.com\/?p=13313","name":"Bakan Berova Polis Genel M\u00fcd\u00fcr\u00fc Kuni ile g\u00f6r\u00fc\u015ft\u00fc -","isPartOf":{"@id":"https:\/\/kibrisdakik.com\/#website"},"primaryImageOfPage":{"@id":"https:\/\/kibrisdakik.com\/?p=13313#primaryimage"},"image":{"@id":"https:\/\/kibrisdakik.com\/?p=13313#primaryimage"},"thumbnailUrl":"https:\/\/kibrisdakik.com\/wp-content\/uploads\/2023\/09\/maliye-bakani-berova-polis-genel-muduru-kasim-kuni-ile-gorustu-1-.jpeg-740x420.jpg","datePublished":"2023-09-06T12:10:01+00:00","author":{"@id":"https:\/\/kibrisdakik.com\/#\/schema\/person\/9cd9d437bbb44f72b73ba127e06d8e79"},"breadcrumb":{"@id":"https:\/\/kibrisdakik.com\/?p=13313#breadcrumb"},"inLanguage":"tr","potentialAction":[{"@type":"ReadAction","target":["https:\/\/kibrisdakik.com\/?p=13313"]}]},{"@type":"ImageObject","inLanguage":"tr","@id":"https:\/\/kibrisdakik.com\/?p=13313#primaryimage","url":"https:\/\/kibrisdakik.com\/wp-content\/uploads\/2023\/09\/maliye-bakani-berova-polis-genel-muduru-kasim-kuni-ile-gorustu-1-.jpeg-740x420.jpg","contentUrl":"https:\/\/kibrisdakik.com\/wp-content\/uploads\/2023\/09\/maliye-bakani-berova-polis-genel-muduru-kasim-kuni-ile-gorustu-1-.jpeg-740x420.jpg","width":1024,"height":438},{"@type":"BreadcrumbList","@id":"https:\/\/kibrisdakik.com\/?p=13313#breadcrumb","itemListElement":[{"@type":"ListItem","position":1,"name":"Home","item":"https:\/\/kibrisdakik.com\/"},{"@type":"ListItem","position":2,"name":"Bakan Berova Polis Genel M\u00fcd\u00fcr\u00fc Kuni ile g\u00f6r\u00fc\u015ft\u00fc"}]},{"@type":"WebSite","@id":"https:\/\/kibrisdakik.com\/#website","url":"https:\/\/kibrisdakik.com\/","name":"","description":"Tam vaktinde haber","potentialAction":[{"@type":"SearchAction","target":{"@type":"EntryPoint","urlTemplate":"https:\/\/kibrisdakik.com\/?s={search_term_string}"},"query-input":{"@type":"PropertyValueSpecification","valueRequired":true,"valueName":"search_term_string"}}],"inLanguage":"tr"},{"@type":"Person","@id":"https:\/\/kibrisdakik.com\/#\/schema\/person\/9cd9d437bbb44f72b73ba127e06d8e79","name":"admin","image":{"@type":"ImageObject","inLanguage":"tr","@id":"https:\/\/secure.gravatar.com\/avatar\/ccc17943b9d660506c869530f897617f7cb1c21a4bf30023f252596d83e1f007?s=96&d=mm&r=g","url":"https:\/\/secure.gravatar.com\/avatar\/ccc17943b9d660506c869530f897617f7cb1c21a4bf30023f252596d83e1f007?s=96&d=mm&r=g","contentUrl":"https:\/\/secure.gravatar.com\/avatar\/ccc17943b9d660506c869530f897617f7cb1c21a4bf30023f252596d83e1f007?s=96&d=mm&r=g","caption":"admin"},"sameAs":["https:\/\/kibrisdakik.com"],"url":"https:\/\/kibrisdakik.com\/?author=1"}]}},"_links":{"self":[{"href":"https:\/\/kibrisdakik.com\/index.php?rest_route=\/wp\/v2\/posts\/13313","targetHints":{"allow":["GET"]}}],"collection":[{"href":"https:\/\/kibrisdakik.com\/index.php?rest_route=\/wp\/v2\/posts"}],"about":[{"href":"https:\/\/kibrisdakik.com\/index.php?rest_route=\/wp\/v2\/types\/post"}],"author":[{"embeddable":true,"href":"https:\/\/kibrisdakik.com\/index.php?rest_route=\/wp\/v2\/users\/1"}],"replies":[{"embeddable":true,"href":"https:\/\/kibrisdakik.com\/index.php?rest_route=%2Fwp%2Fv2%2Fcomments&post=13313"}],"version-history":[{"count":0,"href":"https:\/\/kibrisdakik.com\/index.php?rest_route=\/wp\/v2\/posts\/13313\/revisions"}],"wp:featuredmedia":[{"embeddable":true,"href":"https:\/\/kibrisdakik.com\/index.php?rest_route=\/wp\/v2\/media\/13314"}],"wp:attachment":[{"href":"https:\/\/kibrisdakik.com\/index.php?rest_route=%2Fwp%2Fv2%2Fmedia&parent=13313"}],"wp:term":[{"taxonomy":"category","embeddable":true,"href":"https:\/\/kibrisdakik.com\/index.php?rest_route=%2Fwp%2Fv2%2Fcategories&post=13313"},{"taxonomy":"post_tag","embeddable":true,"href":"https:\/\/kibrisdakik.com\/index.php?rest_route=%2Fwp%2Fv2%2Ftags&post=13313"}],"curies":[{"name":"wp","href":"https:\/\/api.w.org\/{rel}","templated":true}]}}