{"id":13324,"date":"2023-09-06T14:11:36","date_gmt":"2023-09-06T14:11:36","guid":{"rendered":"https:\/\/kibrisdakik.com\/index.php\/2023\/09\/06\/disisleri-bakani-ertugruloglu-temad-heyetini-kabul-etti-cikarlarimiz-ayni\/"},"modified":"2023-09-06T14:11:36","modified_gmt":"2023-09-06T14:11:36","slug":"disisleri-bakani-ertugruloglu-temad-heyetini-kabul-etti-cikarlarimiz-ayni","status":"publish","type":"post","link":"https:\/\/kibrisdakik.com\/?p=13324","title":{"rendered":"D\u0131\u015fi\u015fleri Bakan\u0131 Ertu\u011frulo\u011flu, TEMAD heyetini kabul etti: \u201c\u00c7\u0131karlar\u0131m\u0131z ayn\u0131\u201d"},"content":{"rendered":"<p><\/p>\n<div>\n<div class=\"mariselle-image-container center\">\n                <img width=\"2560\" height=\"1805\" class=\"lazy-image\" alt=\"\" decoding=\"async\" loading=\"lazy\" sizes=\"auto, (max-width: 2560px) 100vw, 2560px\" src=\"https:\/\/brtk.net\/wp-content\/uploads\/2023\/09\/06\/disisleri-3--scaled.jpg?ver=09940c7ba3d2ffdfdb51cde4b074d958\" srcset=\"https:\/\/brtk.net\/wp-content\/uploads\/2023\/09\/06\/disisleri-3--scaled.jpg?ver=09940c7ba3d2ffdfdb51cde4b074d958 2560w, https:\/\/brtk.net\/wp-content\/uploads\/2023\/09\/06\/disisleri-3--300x212.jpg?ver=f2dab01cc578791d2b2d06897cc8ff6b 300w, https:\/\/brtk.net\/wp-content\/uploads\/2023\/09\/06\/disisleri-3--1024x722.jpg?ver=097f92bf4e55929a246b9a9f66c7236f 1024w, https:\/\/brtk.net\/wp-content\/uploads\/2023\/09\/06\/disisleri-3--768x542.jpg?ver=6d4f0371a4c65b21a76007100fa0662f 768w, https:\/\/brtk.net\/wp-content\/uploads\/2023\/09\/06\/disisleri-3--1536x1083.jpg?ver=50f42a19c39a2e739c802bb918b1dc69 1536w, https:\/\/brtk.net\/wp-content\/uploads\/2023\/09\/06\/disisleri-3--2048x1444.jpg?ver=66b8d540d4333d0dd7e5a7231c93aeba 2048w\"\/>                            <\/div>\n<p>D\u0131\u015fi\u015fleri Bakan\u0131 Tahsin Ertu\u011frulo\u011flu, K\u0131br\u0131s T\u00fcrk\u00fcn\u00fcn \u00e7\u0131karlar\u0131n\u0131n T\u00fcrk Ulusunun \u00e7\u0131karlar\u0131 ile ayn\u0131 oldu\u011funu ifade ederek, \u201cBu m\u00fccadelede devam ederken tek bir g\u00fcc\u00fcm\u00fcz var; Anavatan\u0131m\u0131z T\u00fcrkiye\u201d dedi.<\/p>\n<p>Ertu\u011frulo\u011flu, T\u00fcrkiye Emekli Subaylar Derne\u011fi (TEMAD) Bursa \u0130l Ba\u015fkan\u0131 Hakk\u0131 \u015einasi Do\u011fa\u00e7 Ba\u015fkanl\u0131\u011f\u0131ndaki heyeti kabul ederek g\u00f6r\u00fc\u015ft\u00fc. Heyete, GKK Emekli Subaylar Derne\u011fi Ba\u015fkan\u0131 Esen \u00d6m\u00fcrl\u00fc de e\u015flik etti.<\/p>\n<p>D\u0131\u015fi\u015fleri Bakanl\u0131\u011f\u0131\u2019ndan verilen bilgiye g\u00f6re, konuk heyete, K\u0131br\u0131s konusunun geli\u015fimiyle ilgili bilgi aktaran Ertu\u011frulo\u011flu, konu\u015fmas\u0131na, \u201cT\u00fcrk yurduna ho\u015f geldiniz, \u015feref verdiniz\u201d s\u00f6zleriyle ba\u015flad\u0131.<\/p>\n<p>Rumlarla ortakl\u0131\u011f\u0131n 1960\u2019da denendi\u011fini anlatan Ertu\u011frulo\u011flu, \u201cBizi kendilerine e\u015fit g\u00f6rmeyen ba\u011fnaz, fa\u015fist bir Rum halk\u0131 ile, ki bug\u00fcn hala daha bunlar\u0131 ya\u015f\u0131yoruz g\u00fcneyin politikalar\u0131nda bunlar \u00e7ok net ya\u015fan\u0131yor, niye biz ortakl\u0131k kural\u0131m. Kurulan ortakl\u0131\u011f\u0131n ba\u015f\u0131na gelenlerden ders \u00e7\u0131karmam\u0131z gerekir, bu oyuna gelmemiz gerekir\u201d \u015feklinde konu\u015ftu.<\/p>\n<p>K\u0131br\u0131s\u2019ta taraflara e\u015fit muamele yap\u0131lmad\u0131\u011f\u0131 s\u00fcrece m\u00fczakerelerden sonu\u00e7 al\u0131namayaca\u011f\u0131n\u0131, y\u0131llard\u0131r da b\u00f6yle oldu\u011funu anlatan Ertu\u011frulo\u011flu, en son 2017 y\u0131l\u0131nda Crans Monta\u2019da federal ortakl\u0131k i\u00e7in \u201cson deneme\u201d diyerek yap\u0131lan g\u00f6r\u00fc\u015fmelerin de Rum taraf\u0131n\u0131n \u201cs\u0131f\u0131r asker s\u0131f\u0131r garanti\u201d \u0131srar\u0131 ile sonu\u00e7suz kald\u0131\u011f\u0131n\u0131, o g\u00fcnden sonra <a href=\"https:\/\/brtk.net\/\">KKTC<\/a>\u2019nin T\u00fcrkiye\u2019nin deste\u011fi ile e\u015fit egemen iki devlet ve e\u015fit uluslararas\u0131 stat\u00fcn\u00fcn teyidi politikas\u0131n\u0131 g\u00fcndeme getirdi\u011fini s\u00f6yledi.<\/p>\n<p>Tan\u0131nma politikas\u0131n\u0131n 2017\u2019den sonra g\u00fcndeme geldi\u011fini kaydeden Ertu\u011frulo\u011flu, \u201cD\u00fcnyan\u0131n bize bilin\u00e7li bir \u015fekilde uygulad\u0131\u011f\u0131 ayr\u0131mc\u0131l\u0131\u011f\u0131 bilerek bu yola devam ettik. Bu ayr\u0131mc\u0131l\u0131\u011fa kar\u015f\u0131 bir dik duru\u015f sergilemek ad\u0131na bir politikaya sahibiz\u201d dedi.<\/p>\n<p>-\u201cTek g\u00fcc\u00fcm\u00fcz Anavatan\u201d<\/p>\n<p>\u201cBu m\u00fccadelede devam ederken tek bir g\u00fcc\u00fcm\u00fcz var; Anavatan\u0131m\u0131z T\u00fcrkiye\u201d diyen Ertu\u011frulo\u011flu, \u015f\u00f6yle devam etti:<\/p>\n<p>\u201cAnavatan\u0131m\u0131z\u0131n sayesinde bu co\u011frafyaday\u0131z. K\u0131br\u0131s T\u00fcrk\u00fc\u2019n\u00fcn bu adada m\u00fccadelesi, T\u00fcrk Ulusunun Do\u011fu Akdeniz\u2019deki hakk\u0131n\u0131, hukukunu, \u00e7\u0131karlar\u0131n\u0131 ve g\u00fcvenli\u011fini desteklemektir. K\u0131br\u0131s konusu sadece K\u0131br\u0131s T\u00fcrk\u00fc\u2019n\u00fcn K\u0131br\u0131s Rumu ile olan bir meselesi de\u011fildir, T\u00fcrk Ulusunun bir davas\u0131d\u0131r. Ulusal dava derken bunu kastediyoruz. K\u0131br\u0131s meselesi T\u00fcrk milletinin davas\u0131d\u0131r. Biz de T\u00fcrk Milletinin kopmaz bir par\u00e7as\u0131 olarak burada var\u0131z. Beraber y\u00fcr\u00fctt\u00fc\u011f\u00fcm\u00fcz bir dava var. Bize diyorlar ki, \u2018siz tan\u0131nmayan bir devletsiniz\u2019, bu do\u011fru de\u011fil; bizi bizim i\u00e7in en \u00f6nemli \u00fclke, Anavatan\u0131m\u0131z tan\u0131yor. Bu yolda beraberiz.<\/p>\n<p>\u0130natla, kararl\u0131l\u0131kla, inan\u00e7la bu m\u00fccadeleye devam edece\u011fiz. Bu bizim ki\u015fisel meselemiz de\u011fil, T\u00fcrk ulusunun meselesidir. T\u00fcrk ulusunun \u00e7\u0131karlar\u0131 ba\u015fkad\u0131r, K\u0131br\u0131s T\u00fcrk\u00fcn \u00e7\u0131karlar\u0131 ba\u015fkad\u0131r diye bir d\u00fcnya yoktur, \u00e7\u0131karlar\u0131m\u0131z ayn\u0131d\u0131r.\u201d<\/p>\n<p>T\u00fcrkiye Emekli Subaylar Derne\u011fi Bursa \u0130l Ba\u015fkan\u0131 Hakk\u0131 \u015einasi Do\u011fa\u00e7 da, Bursa\u2019dan selam getirdi\u011fini ifade ederek, g\u00f6sterilen \u00e7aba ve direnci takdirle takip ettiklerini belirterek, \u201cBilgilendirmeniz bizim ufkumuzu a\u00e7t\u0131\u201d dedi.<\/p>\n<\/p><\/div>\n","protected":false},"excerpt":{"rendered":"<p>D\u0131\u015fi\u015fleri Bakan\u0131 Tahsin Ertu\u011frulo\u011flu, K\u0131br\u0131s T\u00fcrk\u00fcn\u00fcn \u00e7\u0131karlar\u0131n\u0131n T\u00fcrk Ulusunun \u00e7\u0131karlar\u0131 ile ayn\u0131 oldu\u011funu ifade ederek, \u201cBu m\u00fccadelede devam ederken tek bir g\u00fcc\u00fcm\u00fcz var; Anavatan\u0131m\u0131z T\u00fcrkiye\u201d dedi. Ertu\u011frulo\u011flu, T\u00fcrkiye Emekli Subaylar Derne\u011fi (TEMAD) Bursa \u0130l Ba\u015fkan\u0131 Hakk\u0131 \u015einasi Do\u011fa\u00e7 Ba\u015fkanl\u0131\u011f\u0131ndaki heyeti kabul ederek g\u00f6r\u00fc\u015ft\u00fc. Heyete, GKK Emekli Subaylar Derne\u011fi Ba\u015fkan\u0131 Esen \u00d6m\u00fcrl\u00fc de e\u015flik etti. D\u0131\u015fi\u015fleri<\/p>\n","protected":false},"author":1,"featured_media":13325,"comment_status":"open","ping_status":"open","sticky":false,"template":"","format":"standard","meta":{"footnotes":""},"categories":[1],"tags":[],"class_list":["post-13324","post","type-post","status-publish","format-standard","has-post-thumbnail","hentry","category-gundem"],"yoast_head":"<!-- This site is optimized with the Yoast SEO plugin v27.4 - https:\/\/yoast.com\/product\/yoast-seo-wordpress\/ -->\n<title>D\u0131\u015fi\u015fleri Bakan\u0131 Ertu\u011frulo\u011flu, TEMAD heyetini kabul etti: \u201c\u00c7\u0131karlar\u0131m\u0131z ayn\u0131\u201d -<\/title>\n<meta name=\"robots\" content=\"index, follow, max-snippet:-1, max-image-preview:large, max-video-preview:-1\" \/>\n<link rel=\"canonical\" href=\"https:\/\/kibrisdakik.com\/?p=13324\" \/>\n<meta property=\"og:locale\" content=\"tr_TR\" \/>\n<meta property=\"og:type\" content=\"article\" \/>\n<meta property=\"og:title\" content=\"D\u0131\u015fi\u015fleri Bakan\u0131 Ertu\u011frulo\u011flu, TEMAD heyetini kabul etti: \u201c\u00c7\u0131karlar\u0131m\u0131z ayn\u0131\u201d -\" \/>\n<meta property=\"og:description\" content=\"D\u0131\u015fi\u015fleri Bakan\u0131 Tahsin Ertu\u011frulo\u011flu, K\u0131br\u0131s T\u00fcrk\u00fcn\u00fcn \u00e7\u0131karlar\u0131n\u0131n T\u00fcrk Ulusunun \u00e7\u0131karlar\u0131 ile ayn\u0131 oldu\u011funu ifade ederek, \u201cBu m\u00fccadelede devam ederken tek bir g\u00fcc\u00fcm\u00fcz var; Anavatan\u0131m\u0131z T\u00fcrkiye\u201d dedi. Ertu\u011frulo\u011flu, T\u00fcrkiye Emekli Subaylar Derne\u011fi (TEMAD) Bursa \u0130l Ba\u015fkan\u0131 Hakk\u0131 \u015einasi Do\u011fa\u00e7 Ba\u015fkanl\u0131\u011f\u0131ndaki heyeti kabul ederek g\u00f6r\u00fc\u015ft\u00fc. Heyete, GKK Emekli Subaylar Derne\u011fi Ba\u015fkan\u0131 Esen \u00d6m\u00fcrl\u00fc de e\u015flik etti. D\u0131\u015fi\u015fleri\" \/>\n<meta property=\"og:url\" content=\"https:\/\/kibrisdakik.com\/?p=13324\" \/>\n<meta property=\"article:published_time\" content=\"2023-09-06T14:11:36+00:00\" \/>\n<meta property=\"og:image\" content=\"https:\/\/kibrisdakik.com\/wp-content\/uploads\/2023\/09\/disisleri-3-scaled-740x420.jpg\" \/>\n\t<meta property=\"og:image:width\" content=\"2560\" \/>\n\t<meta property=\"og:image:height\" content=\"1805\" \/>\n\t<meta property=\"og:image:type\" content=\"image\/jpeg\" \/>\n<meta name=\"author\" content=\"admin\" \/>\n<meta name=\"twitter:card\" content=\"summary_large_image\" \/>\n<meta name=\"twitter:label1\" content=\"Yazan:\" \/>\n\t<meta name=\"twitter:data1\" content=\"admin\" \/>\n\t<meta name=\"twitter:label2\" content=\"Tahmini okuma s\u00fcresi\" \/>\n\t<meta name=\"twitter:data2\" content=\"3 dakika\" \/>\n<script type=\"application\/ld+json\" class=\"yoast-schema-graph\">{\"@context\":\"https:\\\/\\\/schema.org\",\"@graph\":[{\"@type\":\"Article\",\"@id\":\"https:\\\/\\\/kibrisdakik.com\\\/?p=13324#article\",\"isPartOf\":{\"@id\":\"https:\\\/\\\/kibrisdakik.com\\\/?p=13324\"},\"author\":{\"name\":\"admin\",\"@id\":\"https:\\\/\\\/kibrisdakik.com\\\/#\\\/schema\\\/person\\\/9cd9d437bbb44f72b73ba127e06d8e79\"},\"headline\":\"D\u0131\u015fi\u015fleri Bakan\u0131 Ertu\u011frulo\u011flu, TEMAD heyetini kabul etti: \u201c\u00c7\u0131karlar\u0131m\u0131z ayn\u0131\u201d\",\"datePublished\":\"2023-09-06T14:11:36+00:00\",\"mainEntityOfPage\":{\"@id\":\"https:\\\/\\\/kibrisdakik.com\\\/?p=13324\"},\"wordCount\":606,\"commentCount\":0,\"image\":{\"@id\":\"https:\\\/\\\/kibrisdakik.com\\\/?p=13324#primaryimage\"},\"thumbnailUrl\":\"https:\\\/\\\/kibrisdakik.com\\\/wp-content\\\/uploads\\\/2023\\\/09\\\/disisleri-3-scaled-740x420.jpg\",\"articleSection\":[\"G\u00fcndem\"],\"inLanguage\":\"tr\",\"potentialAction\":[{\"@type\":\"CommentAction\",\"name\":\"Comment\",\"target\":[\"https:\\\/\\\/kibrisdakik.com\\\/?p=13324#respond\"]}]},{\"@type\":\"WebPage\",\"@id\":\"https:\\\/\\\/kibrisdakik.com\\\/?p=13324\",\"url\":\"https:\\\/\\\/kibrisdakik.com\\\/?p=13324\",\"name\":\"D\u0131\u015fi\u015fleri Bakan\u0131 Ertu\u011frulo\u011flu, TEMAD heyetini kabul etti: \u201c\u00c7\u0131karlar\u0131m\u0131z ayn\u0131\u201d -\",\"isPartOf\":{\"@id\":\"https:\\\/\\\/kibrisdakik.com\\\/#website\"},\"primaryImageOfPage\":{\"@id\":\"https:\\\/\\\/kibrisdakik.com\\\/?p=13324#primaryimage\"},\"image\":{\"@id\":\"https:\\\/\\\/kibrisdakik.com\\\/?p=13324#primaryimage\"},\"thumbnailUrl\":\"https:\\\/\\\/kibrisdakik.com\\\/wp-content\\\/uploads\\\/2023\\\/09\\\/disisleri-3-scaled-740x420.jpg\",\"datePublished\":\"2023-09-06T14:11:36+00:00\",\"author\":{\"@id\":\"https:\\\/\\\/kibrisdakik.com\\\/#\\\/schema\\\/person\\\/9cd9d437bbb44f72b73ba127e06d8e79\"},\"breadcrumb\":{\"@id\":\"https:\\\/\\\/kibrisdakik.com\\\/?p=13324#breadcrumb\"},\"inLanguage\":\"tr\",\"potentialAction\":[{\"@type\":\"ReadAction\",\"target\":[\"https:\\\/\\\/kibrisdakik.com\\\/?p=13324\"]}]},{\"@type\":\"ImageObject\",\"inLanguage\":\"tr\",\"@id\":\"https:\\\/\\\/kibrisdakik.com\\\/?p=13324#primaryimage\",\"url\":\"https:\\\/\\\/kibrisdakik.com\\\/wp-content\\\/uploads\\\/2023\\\/09\\\/disisleri-3-scaled-740x420.jpg\",\"contentUrl\":\"https:\\\/\\\/kibrisdakik.com\\\/wp-content\\\/uploads\\\/2023\\\/09\\\/disisleri-3-scaled-740x420.jpg\",\"width\":2560,\"height\":1805},{\"@type\":\"BreadcrumbList\",\"@id\":\"https:\\\/\\\/kibrisdakik.com\\\/?p=13324#breadcrumb\",\"itemListElement\":[{\"@type\":\"ListItem\",\"position\":1,\"name\":\"Home\",\"item\":\"https:\\\/\\\/kibrisdakik.com\\\/\"},{\"@type\":\"ListItem\",\"position\":2,\"name\":\"D\u0131\u015fi\u015fleri Bakan\u0131 Ertu\u011frulo\u011flu, TEMAD heyetini kabul etti: \u201c\u00c7\u0131karlar\u0131m\u0131z ayn\u0131\u201d\"}]},{\"@type\":\"WebSite\",\"@id\":\"https:\\\/\\\/kibrisdakik.com\\\/#website\",\"url\":\"https:\\\/\\\/kibrisdakik.com\\\/\",\"name\":\"\",\"description\":\"Tam vaktinde haber\",\"potentialAction\":[{\"@type\":\"SearchAction\",\"target\":{\"@type\":\"EntryPoint\",\"urlTemplate\":\"https:\\\/\\\/kibrisdakik.com\\\/?s={search_term_string}\"},\"query-input\":{\"@type\":\"PropertyValueSpecification\",\"valueRequired\":true,\"valueName\":\"search_term_string\"}}],\"inLanguage\":\"tr\"},{\"@type\":\"Person\",\"@id\":\"https:\\\/\\\/kibrisdakik.com\\\/#\\\/schema\\\/person\\\/9cd9d437bbb44f72b73ba127e06d8e79\",\"name\":\"admin\",\"image\":{\"@type\":\"ImageObject\",\"inLanguage\":\"tr\",\"@id\":\"https:\\\/\\\/secure.gravatar.com\\\/avatar\\\/ccc17943b9d660506c869530f897617f7cb1c21a4bf30023f252596d83e1f007?s=96&d=mm&r=g\",\"url\":\"https:\\\/\\\/secure.gravatar.com\\\/avatar\\\/ccc17943b9d660506c869530f897617f7cb1c21a4bf30023f252596d83e1f007?s=96&d=mm&r=g\",\"contentUrl\":\"https:\\\/\\\/secure.gravatar.com\\\/avatar\\\/ccc17943b9d660506c869530f897617f7cb1c21a4bf30023f252596d83e1f007?s=96&d=mm&r=g\",\"caption\":\"admin\"},\"sameAs\":[\"https:\\\/\\\/kibrisdakik.com\"],\"url\":\"https:\\\/\\\/kibrisdakik.com\\\/?author=1\"}]}<\/script>\n<!-- \/ Yoast SEO plugin. -->","yoast_head_json":{"title":"D\u0131\u015fi\u015fleri Bakan\u0131 Ertu\u011frulo\u011flu, TEMAD heyetini kabul etti: \u201c\u00c7\u0131karlar\u0131m\u0131z ayn\u0131\u201d -","robots":{"index":"index","follow":"follow","max-snippet":"max-snippet:-1","max-image-preview":"max-image-preview:large","max-video-preview":"max-video-preview:-1"},"canonical":"https:\/\/kibrisdakik.com\/?p=13324","og_locale":"tr_TR","og_type":"article","og_title":"D\u0131\u015fi\u015fleri Bakan\u0131 Ertu\u011frulo\u011flu, TEMAD heyetini kabul etti: \u201c\u00c7\u0131karlar\u0131m\u0131z ayn\u0131\u201d -","og_description":"D\u0131\u015fi\u015fleri Bakan\u0131 Tahsin Ertu\u011frulo\u011flu, K\u0131br\u0131s T\u00fcrk\u00fcn\u00fcn \u00e7\u0131karlar\u0131n\u0131n T\u00fcrk Ulusunun \u00e7\u0131karlar\u0131 ile ayn\u0131 oldu\u011funu ifade ederek, \u201cBu m\u00fccadelede devam ederken tek bir g\u00fcc\u00fcm\u00fcz var; Anavatan\u0131m\u0131z T\u00fcrkiye\u201d dedi. Ertu\u011frulo\u011flu, T\u00fcrkiye Emekli Subaylar Derne\u011fi (TEMAD) Bursa \u0130l Ba\u015fkan\u0131 Hakk\u0131 \u015einasi Do\u011fa\u00e7 Ba\u015fkanl\u0131\u011f\u0131ndaki heyeti kabul ederek g\u00f6r\u00fc\u015ft\u00fc. Heyete, GKK Emekli Subaylar Derne\u011fi Ba\u015fkan\u0131 Esen \u00d6m\u00fcrl\u00fc de e\u015flik etti. D\u0131\u015fi\u015fleri","og_url":"https:\/\/kibrisdakik.com\/?p=13324","article_published_time":"2023-09-06T14:11:36+00:00","og_image":[{"width":2560,"height":1805,"url":"https:\/\/kibrisdakik.com\/wp-content\/uploads\/2023\/09\/disisleri-3-scaled-740x420.jpg","type":"image\/jpeg"}],"author":"admin","twitter_card":"summary_large_image","twitter_misc":{"Yazan:":"admin","Tahmini okuma s\u00fcresi":"3 dakika"},"schema":{"@context":"https:\/\/schema.org","@graph":[{"@type":"Article","@id":"https:\/\/kibrisdakik.com\/?p=13324#article","isPartOf":{"@id":"https:\/\/kibrisdakik.com\/?p=13324"},"author":{"name":"admin","@id":"https:\/\/kibrisdakik.com\/#\/schema\/person\/9cd9d437bbb44f72b73ba127e06d8e79"},"headline":"D\u0131\u015fi\u015fleri Bakan\u0131 Ertu\u011frulo\u011flu, TEMAD heyetini kabul etti: \u201c\u00c7\u0131karlar\u0131m\u0131z ayn\u0131\u201d","datePublished":"2023-09-06T14:11:36+00:00","mainEntityOfPage":{"@id":"https:\/\/kibrisdakik.com\/?p=13324"},"wordCount":606,"commentCount":0,"image":{"@id":"https:\/\/kibrisdakik.com\/?p=13324#primaryimage"},"thumbnailUrl":"https:\/\/kibrisdakik.com\/wp-content\/uploads\/2023\/09\/disisleri-3-scaled-740x420.jpg","articleSection":["G\u00fcndem"],"inLanguage":"tr","potentialAction":[{"@type":"CommentAction","name":"Comment","target":["https:\/\/kibrisdakik.com\/?p=13324#respond"]}]},{"@type":"WebPage","@id":"https:\/\/kibrisdakik.com\/?p=13324","url":"https:\/\/kibrisdakik.com\/?p=13324","name":"D\u0131\u015fi\u015fleri Bakan\u0131 Ertu\u011frulo\u011flu, TEMAD heyetini kabul etti: \u201c\u00c7\u0131karlar\u0131m\u0131z ayn\u0131\u201d -","isPartOf":{"@id":"https:\/\/kibrisdakik.com\/#website"},"primaryImageOfPage":{"@id":"https:\/\/kibrisdakik.com\/?p=13324#primaryimage"},"image":{"@id":"https:\/\/kibrisdakik.com\/?p=13324#primaryimage"},"thumbnailUrl":"https:\/\/kibrisdakik.com\/wp-content\/uploads\/2023\/09\/disisleri-3-scaled-740x420.jpg","datePublished":"2023-09-06T14:11:36+00:00","author":{"@id":"https:\/\/kibrisdakik.com\/#\/schema\/person\/9cd9d437bbb44f72b73ba127e06d8e79"},"breadcrumb":{"@id":"https:\/\/kibrisdakik.com\/?p=13324#breadcrumb"},"inLanguage":"tr","potentialAction":[{"@type":"ReadAction","target":["https:\/\/kibrisdakik.com\/?p=13324"]}]},{"@type":"ImageObject","inLanguage":"tr","@id":"https:\/\/kibrisdakik.com\/?p=13324#primaryimage","url":"https:\/\/kibrisdakik.com\/wp-content\/uploads\/2023\/09\/disisleri-3-scaled-740x420.jpg","contentUrl":"https:\/\/kibrisdakik.com\/wp-content\/uploads\/2023\/09\/disisleri-3-scaled-740x420.jpg","width":2560,"height":1805},{"@type":"BreadcrumbList","@id":"https:\/\/kibrisdakik.com\/?p=13324#breadcrumb","itemListElement":[{"@type":"ListItem","position":1,"name":"Home","item":"https:\/\/kibrisdakik.com\/"},{"@type":"ListItem","position":2,"name":"D\u0131\u015fi\u015fleri Bakan\u0131 Ertu\u011frulo\u011flu, TEMAD heyetini kabul etti: \u201c\u00c7\u0131karlar\u0131m\u0131z ayn\u0131\u201d"}]},{"@type":"WebSite","@id":"https:\/\/kibrisdakik.com\/#website","url":"https:\/\/kibrisdakik.com\/","name":"","description":"Tam vaktinde haber","potentialAction":[{"@type":"SearchAction","target":{"@type":"EntryPoint","urlTemplate":"https:\/\/kibrisdakik.com\/?s={search_term_string}"},"query-input":{"@type":"PropertyValueSpecification","valueRequired":true,"valueName":"search_term_string"}}],"inLanguage":"tr"},{"@type":"Person","@id":"https:\/\/kibrisdakik.com\/#\/schema\/person\/9cd9d437bbb44f72b73ba127e06d8e79","name":"admin","image":{"@type":"ImageObject","inLanguage":"tr","@id":"https:\/\/secure.gravatar.com\/avatar\/ccc17943b9d660506c869530f897617f7cb1c21a4bf30023f252596d83e1f007?s=96&d=mm&r=g","url":"https:\/\/secure.gravatar.com\/avatar\/ccc17943b9d660506c869530f897617f7cb1c21a4bf30023f252596d83e1f007?s=96&d=mm&r=g","contentUrl":"https:\/\/secure.gravatar.com\/avatar\/ccc17943b9d660506c869530f897617f7cb1c21a4bf30023f252596d83e1f007?s=96&d=mm&r=g","caption":"admin"},"sameAs":["https:\/\/kibrisdakik.com"],"url":"https:\/\/kibrisdakik.com\/?author=1"}]}},"_links":{"self":[{"href":"https:\/\/kibrisdakik.com\/index.php?rest_route=\/wp\/v2\/posts\/13324","targetHints":{"allow":["GET"]}}],"collection":[{"href":"https:\/\/kibrisdakik.com\/index.php?rest_route=\/wp\/v2\/posts"}],"about":[{"href":"https:\/\/kibrisdakik.com\/index.php?rest_route=\/wp\/v2\/types\/post"}],"author":[{"embeddable":true,"href":"https:\/\/kibrisdakik.com\/index.php?rest_route=\/wp\/v2\/users\/1"}],"replies":[{"embeddable":true,"href":"https:\/\/kibrisdakik.com\/index.php?rest_route=%2Fwp%2Fv2%2Fcomments&post=13324"}],"version-history":[{"count":0,"href":"https:\/\/kibrisdakik.com\/index.php?rest_route=\/wp\/v2\/posts\/13324\/revisions"}],"wp:featuredmedia":[{"embeddable":true,"href":"https:\/\/kibrisdakik.com\/index.php?rest_route=\/wp\/v2\/media\/13325"}],"wp:attachment":[{"href":"https:\/\/kibrisdakik.com\/index.php?rest_route=%2Fwp%2Fv2%2Fmedia&parent=13324"}],"wp:term":[{"taxonomy":"category","embeddable":true,"href":"https:\/\/kibrisdakik.com\/index.php?rest_route=%2Fwp%2Fv2%2Fcategories&post=13324"},{"taxonomy":"post_tag","embeddable":true,"href":"https:\/\/kibrisdakik.com\/index.php?rest_route=%2Fwp%2Fv2%2Ftags&post=13324"}],"curies":[{"name":"wp","href":"https:\/\/api.w.org\/{rel}","templated":true}]}}