{"id":13342,"date":"2023-09-06T21:22:12","date_gmt":"2023-09-06T21:22:12","guid":{"rendered":"https:\/\/kibrisdakik.com\/index.php\/2023\/09\/06\/gecitkoy-tatlisu-arasi-yerlesim-birimlerine-su-verilemiyor\/"},"modified":"2023-09-06T21:22:12","modified_gmt":"2023-09-06T21:22:12","slug":"gecitkoy-tatlisu-arasi-yerlesim-birimlerine-su-verilemiyor","status":"publish","type":"post","link":"https:\/\/kibrisdakik.com\/?p=13342","title":{"rendered":"Ge\u00e7itk\u00f6y-Tatl\u0131su aras\u0131 yerle\u015fim birimlerine su verilemiyor"},"content":{"rendered":"<p><\/p>\n<div>\n<div class=\"mariselle-image-container center\">\n                <img width=\"633\" height=\"358\" class=\"lazy-image\" alt=\"\" decoding=\"async\" loading=\"lazy\" sizes=\"auto, (max-width: 633px) 100vw, 633px\" src=\"https:\/\/brtk.net\/wp-content\/uploads\/2023\/07\/24\/su-kesintisi.jpeg?ver=febf7516443a1015af74665012e11f1a\" srcset=\"https:\/\/brtk.net\/wp-content\/uploads\/2023\/07\/24\/su-kesintisi.jpeg?ver=febf7516443a1015af74665012e11f1a 633w, https:\/\/brtk.net\/wp-content\/uploads\/2023\/07\/24\/su-kesintisi-300x170.jpeg?ver=febf7516443a1015af74665012e11f1a 300w\"\/>                            <\/div>\n<p>Bug\u00fcnden ba\u015flayarak 9 Eyl\u00fcl \u00c7umertesi g\u00fcn\u00fcne kadar Ge\u00e7itk\u00f6y \u2013 Tatl\u0131su aras\u0131 yerle\u015fim birimlerine su verilemeyecek. <\/p>\n<p>Su Dairesi\u2019nden yap\u0131lan a\u00e7\u0131klamada, T\u00fcrkiye\u2019den <a href=\"https:\/\/brtk.net\/\">KKTC<\/a>\u2018ye su temin projesi kapsam\u0131nda Alsancak b\u00f6lgesinde olu\u015fan ar\u0131zadan dolay\u0131 onar\u0131m \u00e7al\u0131\u015fmas\u0131 yap\u0131laca\u011f\u0131 ve onar\u0131m \u00e7al\u0131\u015fmalar\u0131 s\u0131ras\u0131nda Ge\u00e7itk\u00f6y \u2013 Tatl\u0131su aras\u0131 yerle\u015fim birimlerine bu kapsamda su sa\u011flanamayaca\u011f\u0131 kaydedidli.<\/p>\n<p>A\u00e7\u0131klamada, \u201cB\u00f6lgelerimize, yerel i\u00e7me kullanma suyu kaynaklar\u0131m\u0131zdan su sa\u011flanacakt\u0131r. Bu s\u00fcre\u00e7te b\u00f6lge halk\u0131m\u0131z\u0131n suyu bilin\u00e7li ve tasarruflu kullanmalar\u0131 b\u00fcy\u00fck \u00f6nem arz etmektedir\u201d denildi.<\/p>\n<\/p><\/div>\n","protected":false},"excerpt":{"rendered":"<p>Bug\u00fcnden ba\u015flayarak 9 Eyl\u00fcl \u00c7umertesi g\u00fcn\u00fcne kadar Ge\u00e7itk\u00f6y \u2013 Tatl\u0131su aras\u0131 yerle\u015fim birimlerine su verilemeyecek. Su Dairesi\u2019nden yap\u0131lan a\u00e7\u0131klamada, T\u00fcrkiye\u2019den KKTC\u2018ye su temin projesi kapsam\u0131nda Alsancak b\u00f6lgesinde olu\u015fan ar\u0131zadan dolay\u0131 onar\u0131m \u00e7al\u0131\u015fmas\u0131 yap\u0131laca\u011f\u0131 ve onar\u0131m \u00e7al\u0131\u015fmalar\u0131 s\u0131ras\u0131nda Ge\u00e7itk\u00f6y \u2013 Tatl\u0131su aras\u0131 yerle\u015fim birimlerine bu kapsamda su sa\u011flanamayaca\u011f\u0131 kaydedidli. A\u00e7\u0131klamada, \u201cB\u00f6lgelerimize, yerel i\u00e7me kullanma suyu kaynaklar\u0131m\u0131zdan<\/p>\n","protected":false},"author":1,"featured_media":11043,"comment_status":"open","ping_status":"open","sticky":false,"template":"","format":"standard","meta":{"footnotes":""},"categories":[1],"tags":[],"class_list":["post-13342","post","type-post","status-publish","format-standard","has-post-thumbnail","hentry","category-gundem"],"yoast_head":"<!-- This site is optimized with the Yoast SEO plugin v27.4 - https:\/\/yoast.com\/product\/yoast-seo-wordpress\/ -->\n<title>Ge\u00e7itk\u00f6y-Tatl\u0131su aras\u0131 yerle\u015fim birimlerine su verilemiyor -<\/title>\n<meta name=\"robots\" content=\"index, follow, max-snippet:-1, max-image-preview:large, max-video-preview:-1\" \/>\n<link rel=\"canonical\" href=\"https:\/\/kibrisdakik.com\/?p=13342\" \/>\n<meta property=\"og:locale\" content=\"tr_TR\" \/>\n<meta property=\"og:type\" content=\"article\" \/>\n<meta property=\"og:title\" content=\"Ge\u00e7itk\u00f6y-Tatl\u0131su aras\u0131 yerle\u015fim birimlerine su verilemiyor -\" \/>\n<meta property=\"og:description\" content=\"Bug\u00fcnden ba\u015flayarak 9 Eyl\u00fcl \u00c7umertesi g\u00fcn\u00fcne kadar Ge\u00e7itk\u00f6y \u2013 Tatl\u0131su aras\u0131 yerle\u015fim birimlerine su verilemeyecek. Su Dairesi\u2019nden yap\u0131lan a\u00e7\u0131klamada, T\u00fcrkiye\u2019den KKTC\u2018ye su temin projesi kapsam\u0131nda Alsancak b\u00f6lgesinde olu\u015fan ar\u0131zadan dolay\u0131 onar\u0131m \u00e7al\u0131\u015fmas\u0131 yap\u0131laca\u011f\u0131 ve onar\u0131m \u00e7al\u0131\u015fmalar\u0131 s\u0131ras\u0131nda Ge\u00e7itk\u00f6y \u2013 Tatl\u0131su aras\u0131 yerle\u015fim birimlerine bu kapsamda su sa\u011flanamayaca\u011f\u0131 kaydedidli. A\u00e7\u0131klamada, \u201cB\u00f6lgelerimize, yerel i\u00e7me kullanma suyu kaynaklar\u0131m\u0131zdan\" \/>\n<meta property=\"og:url\" content=\"https:\/\/kibrisdakik.com\/?p=13342\" \/>\n<meta property=\"article:published_time\" content=\"2023-09-06T21:22:12+00:00\" \/>\n<meta property=\"og:image\" content=\"https:\/\/kibrisdakik.com\/wp-content\/uploads\/2023\/07\/su-kesintisi.jpeg\" \/>\n\t<meta property=\"og:image:width\" content=\"633\" \/>\n\t<meta property=\"og:image:height\" content=\"358\" \/>\n\t<meta property=\"og:image:type\" content=\"image\/jpeg\" \/>\n<meta name=\"author\" content=\"admin\" \/>\n<meta name=\"twitter:card\" content=\"summary_large_image\" \/>\n<meta name=\"twitter:label1\" content=\"Yazan:\" \/>\n\t<meta name=\"twitter:data1\" content=\"admin\" \/>\n\t<meta name=\"twitter:label2\" content=\"Tahmini okuma s\u00fcresi\" \/>\n\t<meta name=\"twitter:data2\" content=\"1 dakika\" \/>\n<script type=\"application\/ld+json\" class=\"yoast-schema-graph\">{\"@context\":\"https:\\\/\\\/schema.org\",\"@graph\":[{\"@type\":\"Article\",\"@id\":\"https:\\\/\\\/kibrisdakik.com\\\/?p=13342#article\",\"isPartOf\":{\"@id\":\"https:\\\/\\\/kibrisdakik.com\\\/?p=13342\"},\"author\":{\"name\":\"admin\",\"@id\":\"https:\\\/\\\/kibrisdakik.com\\\/#\\\/schema\\\/person\\\/9cd9d437bbb44f72b73ba127e06d8e79\"},\"headline\":\"Ge\u00e7itk\u00f6y-Tatl\u0131su aras\u0131 yerle\u015fim birimlerine su verilemiyor\",\"datePublished\":\"2023-09-06T21:22:12+00:00\",\"mainEntityOfPage\":{\"@id\":\"https:\\\/\\\/kibrisdakik.com\\\/?p=13342\"},\"wordCount\":125,\"commentCount\":0,\"image\":{\"@id\":\"https:\\\/\\\/kibrisdakik.com\\\/?p=13342#primaryimage\"},\"thumbnailUrl\":\"https:\\\/\\\/kibrisdakik.com\\\/wp-content\\\/uploads\\\/2023\\\/07\\\/su-kesintisi.jpeg\",\"articleSection\":[\"G\u00fcndem\"],\"inLanguage\":\"tr\",\"potentialAction\":[{\"@type\":\"CommentAction\",\"name\":\"Comment\",\"target\":[\"https:\\\/\\\/kibrisdakik.com\\\/?p=13342#respond\"]}]},{\"@type\":\"WebPage\",\"@id\":\"https:\\\/\\\/kibrisdakik.com\\\/?p=13342\",\"url\":\"https:\\\/\\\/kibrisdakik.com\\\/?p=13342\",\"name\":\"Ge\u00e7itk\u00f6y-Tatl\u0131su aras\u0131 yerle\u015fim birimlerine su verilemiyor -\",\"isPartOf\":{\"@id\":\"https:\\\/\\\/kibrisdakik.com\\\/#website\"},\"primaryImageOfPage\":{\"@id\":\"https:\\\/\\\/kibrisdakik.com\\\/?p=13342#primaryimage\"},\"image\":{\"@id\":\"https:\\\/\\\/kibrisdakik.com\\\/?p=13342#primaryimage\"},\"thumbnailUrl\":\"https:\\\/\\\/kibrisdakik.com\\\/wp-content\\\/uploads\\\/2023\\\/07\\\/su-kesintisi.jpeg\",\"datePublished\":\"2023-09-06T21:22:12+00:00\",\"author\":{\"@id\":\"https:\\\/\\\/kibrisdakik.com\\\/#\\\/schema\\\/person\\\/9cd9d437bbb44f72b73ba127e06d8e79\"},\"breadcrumb\":{\"@id\":\"https:\\\/\\\/kibrisdakik.com\\\/?p=13342#breadcrumb\"},\"inLanguage\":\"tr\",\"potentialAction\":[{\"@type\":\"ReadAction\",\"target\":[\"https:\\\/\\\/kibrisdakik.com\\\/?p=13342\"]}]},{\"@type\":\"ImageObject\",\"inLanguage\":\"tr\",\"@id\":\"https:\\\/\\\/kibrisdakik.com\\\/?p=13342#primaryimage\",\"url\":\"https:\\\/\\\/kibrisdakik.com\\\/wp-content\\\/uploads\\\/2023\\\/07\\\/su-kesintisi.jpeg\",\"contentUrl\":\"https:\\\/\\\/kibrisdakik.com\\\/wp-content\\\/uploads\\\/2023\\\/07\\\/su-kesintisi.jpeg\",\"width\":633,\"height\":358},{\"@type\":\"BreadcrumbList\",\"@id\":\"https:\\\/\\\/kibrisdakik.com\\\/?p=13342#breadcrumb\",\"itemListElement\":[{\"@type\":\"ListItem\",\"position\":1,\"name\":\"Home\",\"item\":\"https:\\\/\\\/kibrisdakik.com\\\/\"},{\"@type\":\"ListItem\",\"position\":2,\"name\":\"Ge\u00e7itk\u00f6y-Tatl\u0131su aras\u0131 yerle\u015fim birimlerine su verilemiyor\"}]},{\"@type\":\"WebSite\",\"@id\":\"https:\\\/\\\/kibrisdakik.com\\\/#website\",\"url\":\"https:\\\/\\\/kibrisdakik.com\\\/\",\"name\":\"\",\"description\":\"Tam vaktinde haber\",\"potentialAction\":[{\"@type\":\"SearchAction\",\"target\":{\"@type\":\"EntryPoint\",\"urlTemplate\":\"https:\\\/\\\/kibrisdakik.com\\\/?s={search_term_string}\"},\"query-input\":{\"@type\":\"PropertyValueSpecification\",\"valueRequired\":true,\"valueName\":\"search_term_string\"}}],\"inLanguage\":\"tr\"},{\"@type\":\"Person\",\"@id\":\"https:\\\/\\\/kibrisdakik.com\\\/#\\\/schema\\\/person\\\/9cd9d437bbb44f72b73ba127e06d8e79\",\"name\":\"admin\",\"image\":{\"@type\":\"ImageObject\",\"inLanguage\":\"tr\",\"@id\":\"https:\\\/\\\/secure.gravatar.com\\\/avatar\\\/ccc17943b9d660506c869530f897617f7cb1c21a4bf30023f252596d83e1f007?s=96&d=mm&r=g\",\"url\":\"https:\\\/\\\/secure.gravatar.com\\\/avatar\\\/ccc17943b9d660506c869530f897617f7cb1c21a4bf30023f252596d83e1f007?s=96&d=mm&r=g\",\"contentUrl\":\"https:\\\/\\\/secure.gravatar.com\\\/avatar\\\/ccc17943b9d660506c869530f897617f7cb1c21a4bf30023f252596d83e1f007?s=96&d=mm&r=g\",\"caption\":\"admin\"},\"sameAs\":[\"https:\\\/\\\/kibrisdakik.com\"],\"url\":\"https:\\\/\\\/kibrisdakik.com\\\/?author=1\"}]}<\/script>\n<!-- \/ Yoast SEO plugin. -->","yoast_head_json":{"title":"Ge\u00e7itk\u00f6y-Tatl\u0131su aras\u0131 yerle\u015fim birimlerine su verilemiyor -","robots":{"index":"index","follow":"follow","max-snippet":"max-snippet:-1","max-image-preview":"max-image-preview:large","max-video-preview":"max-video-preview:-1"},"canonical":"https:\/\/kibrisdakik.com\/?p=13342","og_locale":"tr_TR","og_type":"article","og_title":"Ge\u00e7itk\u00f6y-Tatl\u0131su aras\u0131 yerle\u015fim birimlerine su verilemiyor -","og_description":"Bug\u00fcnden ba\u015flayarak 9 Eyl\u00fcl \u00c7umertesi g\u00fcn\u00fcne kadar Ge\u00e7itk\u00f6y \u2013 Tatl\u0131su aras\u0131 yerle\u015fim birimlerine su verilemeyecek. Su Dairesi\u2019nden yap\u0131lan a\u00e7\u0131klamada, T\u00fcrkiye\u2019den KKTC\u2018ye su temin projesi kapsam\u0131nda Alsancak b\u00f6lgesinde olu\u015fan ar\u0131zadan dolay\u0131 onar\u0131m \u00e7al\u0131\u015fmas\u0131 yap\u0131laca\u011f\u0131 ve onar\u0131m \u00e7al\u0131\u015fmalar\u0131 s\u0131ras\u0131nda Ge\u00e7itk\u00f6y \u2013 Tatl\u0131su aras\u0131 yerle\u015fim birimlerine bu kapsamda su sa\u011flanamayaca\u011f\u0131 kaydedidli. A\u00e7\u0131klamada, \u201cB\u00f6lgelerimize, yerel i\u00e7me kullanma suyu kaynaklar\u0131m\u0131zdan","og_url":"https:\/\/kibrisdakik.com\/?p=13342","article_published_time":"2023-09-06T21:22:12+00:00","og_image":[{"width":633,"height":358,"url":"https:\/\/kibrisdakik.com\/wp-content\/uploads\/2023\/07\/su-kesintisi.jpeg","type":"image\/jpeg"}],"author":"admin","twitter_card":"summary_large_image","twitter_misc":{"Yazan:":"admin","Tahmini okuma s\u00fcresi":"1 dakika"},"schema":{"@context":"https:\/\/schema.org","@graph":[{"@type":"Article","@id":"https:\/\/kibrisdakik.com\/?p=13342#article","isPartOf":{"@id":"https:\/\/kibrisdakik.com\/?p=13342"},"author":{"name":"admin","@id":"https:\/\/kibrisdakik.com\/#\/schema\/person\/9cd9d437bbb44f72b73ba127e06d8e79"},"headline":"Ge\u00e7itk\u00f6y-Tatl\u0131su aras\u0131 yerle\u015fim birimlerine su verilemiyor","datePublished":"2023-09-06T21:22:12+00:00","mainEntityOfPage":{"@id":"https:\/\/kibrisdakik.com\/?p=13342"},"wordCount":125,"commentCount":0,"image":{"@id":"https:\/\/kibrisdakik.com\/?p=13342#primaryimage"},"thumbnailUrl":"https:\/\/kibrisdakik.com\/wp-content\/uploads\/2023\/07\/su-kesintisi.jpeg","articleSection":["G\u00fcndem"],"inLanguage":"tr","potentialAction":[{"@type":"CommentAction","name":"Comment","target":["https:\/\/kibrisdakik.com\/?p=13342#respond"]}]},{"@type":"WebPage","@id":"https:\/\/kibrisdakik.com\/?p=13342","url":"https:\/\/kibrisdakik.com\/?p=13342","name":"Ge\u00e7itk\u00f6y-Tatl\u0131su aras\u0131 yerle\u015fim birimlerine su verilemiyor -","isPartOf":{"@id":"https:\/\/kibrisdakik.com\/#website"},"primaryImageOfPage":{"@id":"https:\/\/kibrisdakik.com\/?p=13342#primaryimage"},"image":{"@id":"https:\/\/kibrisdakik.com\/?p=13342#primaryimage"},"thumbnailUrl":"https:\/\/kibrisdakik.com\/wp-content\/uploads\/2023\/07\/su-kesintisi.jpeg","datePublished":"2023-09-06T21:22:12+00:00","author":{"@id":"https:\/\/kibrisdakik.com\/#\/schema\/person\/9cd9d437bbb44f72b73ba127e06d8e79"},"breadcrumb":{"@id":"https:\/\/kibrisdakik.com\/?p=13342#breadcrumb"},"inLanguage":"tr","potentialAction":[{"@type":"ReadAction","target":["https:\/\/kibrisdakik.com\/?p=13342"]}]},{"@type":"ImageObject","inLanguage":"tr","@id":"https:\/\/kibrisdakik.com\/?p=13342#primaryimage","url":"https:\/\/kibrisdakik.com\/wp-content\/uploads\/2023\/07\/su-kesintisi.jpeg","contentUrl":"https:\/\/kibrisdakik.com\/wp-content\/uploads\/2023\/07\/su-kesintisi.jpeg","width":633,"height":358},{"@type":"BreadcrumbList","@id":"https:\/\/kibrisdakik.com\/?p=13342#breadcrumb","itemListElement":[{"@type":"ListItem","position":1,"name":"Home","item":"https:\/\/kibrisdakik.com\/"},{"@type":"ListItem","position":2,"name":"Ge\u00e7itk\u00f6y-Tatl\u0131su aras\u0131 yerle\u015fim birimlerine su verilemiyor"}]},{"@type":"WebSite","@id":"https:\/\/kibrisdakik.com\/#website","url":"https:\/\/kibrisdakik.com\/","name":"","description":"Tam vaktinde haber","potentialAction":[{"@type":"SearchAction","target":{"@type":"EntryPoint","urlTemplate":"https:\/\/kibrisdakik.com\/?s={search_term_string}"},"query-input":{"@type":"PropertyValueSpecification","valueRequired":true,"valueName":"search_term_string"}}],"inLanguage":"tr"},{"@type":"Person","@id":"https:\/\/kibrisdakik.com\/#\/schema\/person\/9cd9d437bbb44f72b73ba127e06d8e79","name":"admin","image":{"@type":"ImageObject","inLanguage":"tr","@id":"https:\/\/secure.gravatar.com\/avatar\/ccc17943b9d660506c869530f897617f7cb1c21a4bf30023f252596d83e1f007?s=96&d=mm&r=g","url":"https:\/\/secure.gravatar.com\/avatar\/ccc17943b9d660506c869530f897617f7cb1c21a4bf30023f252596d83e1f007?s=96&d=mm&r=g","contentUrl":"https:\/\/secure.gravatar.com\/avatar\/ccc17943b9d660506c869530f897617f7cb1c21a4bf30023f252596d83e1f007?s=96&d=mm&r=g","caption":"admin"},"sameAs":["https:\/\/kibrisdakik.com"],"url":"https:\/\/kibrisdakik.com\/?author=1"}]}},"_links":{"self":[{"href":"https:\/\/kibrisdakik.com\/index.php?rest_route=\/wp\/v2\/posts\/13342","targetHints":{"allow":["GET"]}}],"collection":[{"href":"https:\/\/kibrisdakik.com\/index.php?rest_route=\/wp\/v2\/posts"}],"about":[{"href":"https:\/\/kibrisdakik.com\/index.php?rest_route=\/wp\/v2\/types\/post"}],"author":[{"embeddable":true,"href":"https:\/\/kibrisdakik.com\/index.php?rest_route=\/wp\/v2\/users\/1"}],"replies":[{"embeddable":true,"href":"https:\/\/kibrisdakik.com\/index.php?rest_route=%2Fwp%2Fv2%2Fcomments&post=13342"}],"version-history":[{"count":0,"href":"https:\/\/kibrisdakik.com\/index.php?rest_route=\/wp\/v2\/posts\/13342\/revisions"}],"wp:featuredmedia":[{"embeddable":true,"href":"https:\/\/kibrisdakik.com\/index.php?rest_route=\/wp\/v2\/media\/11043"}],"wp:attachment":[{"href":"https:\/\/kibrisdakik.com\/index.php?rest_route=%2Fwp%2Fv2%2Fmedia&parent=13342"}],"wp:term":[{"taxonomy":"category","embeddable":true,"href":"https:\/\/kibrisdakik.com\/index.php?rest_route=%2Fwp%2Fv2%2Fcategories&post=13342"},{"taxonomy":"post_tag","embeddable":true,"href":"https:\/\/kibrisdakik.com\/index.php?rest_route=%2Fwp%2Fv2%2Ftags&post=13342"}],"curies":[{"name":"wp","href":"https:\/\/api.w.org\/{rel}","templated":true}]}}