{"id":13358,"date":"2023-09-07T11:47:18","date_gmt":"2023-09-07T11:47:18","guid":{"rendered":"https:\/\/kibrisdakik.com\/index.php\/2023\/09\/07\/cumhurbaskani-tatarturkiyenin-varligi-bize-guven-veriyor\/"},"modified":"2023-09-07T11:47:18","modified_gmt":"2023-09-07T11:47:18","slug":"cumhurbaskani-tatarturkiyenin-varligi-bize-guven-veriyor","status":"publish","type":"post","link":"https:\/\/kibrisdakik.com\/?p=13358","title":{"rendered":"Cumhurba\u015fkan\u0131 Tatar:T\u00fcrkiye\u2019nin varl\u0131\u011f\u0131 bize g\u00fcven veriyor"},"content":{"rendered":"<p><\/p>\n<div>\n<div class=\"mariselle-image-container center\">\n                <img width=\"1600\" height=\"1066\" class=\"lazy-image\" alt=\"\" decoding=\"async\" loading=\"lazy\" sizes=\"auto, (max-width: 1600px) 100vw, 1600px\" src=\"https:\/\/brtk.net\/wp-content\/uploads\/2023\/09\/07\/o9898989.jpg?ver=86c638e60a34844e45688a0ae18486e4\" srcset=\"https:\/\/brtk.net\/wp-content\/uploads\/2023\/09\/07\/o9898989.jpg?ver=86c638e60a34844e45688a0ae18486e4 1600w, https:\/\/brtk.net\/wp-content\/uploads\/2023\/09\/07\/o9898989-300x200.jpg?ver=86c638e60a34844e45688a0ae18486e4 300w, https:\/\/brtk.net\/wp-content\/uploads\/2023\/09\/07\/o9898989-1024x682.jpg?ver=4c217930050c93b1f8eaacf1d5b99553 1024w, https:\/\/brtk.net\/wp-content\/uploads\/2023\/09\/07\/o9898989-768x512.jpg?ver=4c217930050c93b1f8eaacf1d5b99553 768w, https:\/\/brtk.net\/wp-content\/uploads\/2023\/09\/07\/o9898989-1536x1023.jpg?ver=5599c8a22576add909a35e8d8aa7c599 1536w\"\/>                            <\/div>\n<p>Cumhurba\u015fkan\u0131 <a href=\"https:\/\/brtk.net\/\" target=\"_blank\" rel=\"noopener\">Ersin <\/a><a href=\"https:\/\/brtk.net\/\"\/><a href=\"https:\/\/brtk.net\/\"\/><a href=\"https:\/\/brtk.net\/\"\/><a href=\"https:\/\/brtk.net\/\"\/><a href=\"https:\/\/brtk.net\/\"\/><a href=\"https:\/\/brtk.net\/\"\/><a href=\"https:\/\/brtk.net\/\">Tatar<\/a>, Mara\u015f Birlik ve Dayan\u0131\u015fma Derne\u011fi\u2019nde K\u0131br\u0131s konusu ve g\u00fcncel konularda bilgilendirme toplant\u0131s\u0131 ger\u00e7ekle\u015ftirdi.<\/p>\n<p>Cumhurba\u015fkanl\u0131\u011f\u0131ndan verilen bilgiye g\u00f6re, Cumhurba\u015fkan\u0131 <a href=\"https:\/\/brtk.net\/\"\/><a href=\"https:\/\/brtk.net\/\"\/><a href=\"https:\/\/brtk.net\/\"\/><a href=\"https:\/\/brtk.net\/\"\/><a href=\"https:\/\/brtk.net\/\"\/><a href=\"https:\/\/brtk.net\/\"\/><a href=\"https:\/\/brtk.net\/\">Tatar<\/a> toplant\u0131da yapt\u0131\u011f\u0131 konu\u015fmada, <a href=\"https:\/\/brtk.net\/\"\/><a href=\"https:\/\/brtk.net\/\"\/><a href=\"https:\/\/brtk.net\/\"\/><a href=\"https:\/\/brtk.net\/\"\/><a href=\"https:\/\/brtk.net\/\">KKTC<\/a>\u2019nin geli\u015fmeye devam etti\u011fini belirterek, yeni havaalan\u0131n\u0131n hizmete girdi\u011fini, yollar\u0131n yap\u0131m\u0131n\u0131n s\u00fcrd\u00fc\u011f\u00fcn\u00fc ve turizmde yap\u0131lan yat\u0131r\u0131mlarla \u00f6nemli mesafeler kat edildi\u011fini s\u00f6yledi.<\/p>\n<p>Cumhurba\u015fkan\u0131 <a href=\"https:\/\/brtk.net\/\"\/><a href=\"https:\/\/brtk.net\/\"\/><a href=\"https:\/\/brtk.net\/\"\/><a href=\"https:\/\/brtk.net\/\"\/><a href=\"https:\/\/brtk.net\/\"\/><a href=\"https:\/\/brtk.net\/\"\/><a href=\"https:\/\/brtk.net\/\">Tatar<\/a>, Cumhurba\u015fkan\u0131 olarak g\u00f6revinin; uluslararas\u0131 temaslar\u0131 s\u00fcrd\u00fcrmek, T\u00fcrkiye ve <a href=\"https:\/\/brtk.net\/\"\/><a href=\"https:\/\/brtk.net\/\"\/><a href=\"https:\/\/brtk.net\/\"\/><a href=\"https:\/\/brtk.net\/\"\/><a href=\"https:\/\/brtk.net\/\">KKTC<\/a> milli politikas\u0131n\u0131 anlatmak, <a href=\"https:\/\/brtk.net\/\"\/><a href=\"https:\/\/brtk.net\/\"\/><a href=\"https:\/\/brtk.net\/\"\/><a href=\"https:\/\/brtk.net\/\"\/><a href=\"https:\/\/brtk.net\/\">KKTC<\/a>\u2019nin bekas\u0131, halk\u0131n ba\u011f\u0131ms\u0131zl\u0131\u011f\u0131, T\u00fcrkiye\u2019nin garant\u00f6rl\u00fc\u011f\u00fc ve askerin varl\u0131\u011f\u0131n\u0131 s\u00fcrd\u00fcrmek oldu\u011funu ifade etti.<\/p>\n<p>Avrupa Birli\u011fi i\u00e7inde yer alan K\u0131br\u0131s\u2019ta garant\u00f6re ihtiya\u00e7 olmad\u0131\u011f\u0131yla ilgili g\u00f6r\u00fc\u015fler oldu\u011funu dile getiren <a href=\"https:\/\/brtk.net\/\"\/><a href=\"https:\/\/brtk.net\/\"\/><a href=\"https:\/\/brtk.net\/\"\/><a href=\"https:\/\/brtk.net\/\"\/><a href=\"https:\/\/brtk.net\/\"\/><a href=\"https:\/\/brtk.net\/\"\/><a href=\"https:\/\/brtk.net\/\">Tatar<\/a>, G\u00fcney K\u0131br\u0131s\u2019ta m\u00fclteciler ve yabanc\u0131lara kar\u015f\u0131 son g\u00fcnlerde \u0131rk\u00e7\u0131 davran\u0131\u015flar oldu\u011funu, T\u00fcrkiye\u2019nin garant\u00f6rl\u00fc\u011f\u00fcn\u00fcn sona erdirilmesiyle, olas\u0131 bir durumda m\u00fcdahale hakk\u0131n\u0131n ortadan kalkaca\u011f\u0131n\u0131 vurgulad\u0131.<\/p>\n<p>T\u00fcrkiye\u2019nin deste\u011fiyle <a href=\"https:\/\/brtk.net\/\"\/><a href=\"https:\/\/brtk.net\/\"\/><a href=\"https:\/\/brtk.net\/\"\/><a href=\"https:\/\/brtk.net\/\"\/><a href=\"https:\/\/brtk.net\/\">KKTC<\/a>\u2019nin geli\u015ftirilmesi ve g\u00fc\u00e7lendirilmesine devam edilece\u011fini aktaran <a href=\"https:\/\/brtk.net\/\"\/><a href=\"https:\/\/brtk.net\/\"\/><a href=\"https:\/\/brtk.net\/\"\/><a href=\"https:\/\/brtk.net\/\"\/><a href=\"https:\/\/brtk.net\/\"\/><a href=\"https:\/\/brtk.net\/\"\/><a href=\"https:\/\/brtk.net\/\">Tatar<\/a>, \u201cT\u00fcrkiye\u2019nin varl\u0131\u011f\u0131 bize g\u00fcven veriyor. Bu nedenle yat\u0131r\u0131mc\u0131lar da yat\u0131r\u0131mlar\u0131na devam ediyor. Yol ve alt yap\u0131 \u00e7al\u0131\u015fmalar\u0131 s\u00fcr\u00fcyor. Kabloyla elektrik getirilmesi konusunda da \u00e7al\u0131\u015fmalar s\u00fcr\u00fcyor\u201d dedi.<\/p>\n<p>T\u00fcrkiye Cumhuriyeti Cumhurba\u015fkan\u0131 Recep Tayyip Erdo\u011fan ile Rusya Devlet Ba\u015fkan\u0131 Vladimir Putin\u2019in g\u00f6r\u00fc\u015fmesinde Rusya\u2019n\u0131n <a href=\"https:\/\/brtk.net\/\"\/><a href=\"https:\/\/brtk.net\/\"\/><a href=\"https:\/\/brtk.net\/\"\/><a href=\"https:\/\/brtk.net\/\"\/><a href=\"https:\/\/brtk.net\/\">KKTC<\/a>\u2019de ofis a\u00e7mas\u0131n\u0131n dile getirildi\u011fini anlatan <a href=\"https:\/\/brtk.net\/\"\/><a href=\"https:\/\/brtk.net\/\"\/><a href=\"https:\/\/brtk.net\/\"\/><a href=\"https:\/\/brtk.net\/\"\/><a href=\"https:\/\/brtk.net\/\"\/><a href=\"https:\/\/brtk.net\/\"\/><a href=\"https:\/\/brtk.net\/\">Tatar<\/a>, \u201dBuradaki devlet ve otorite kabul g\u00f6r\u00fcyor. \u0130leride anla\u015fma olursa <a href=\"https:\/\/brtk.net\/\"\/><a href=\"https:\/\/brtk.net\/\"\/><a href=\"https:\/\/brtk.net\/\"\/><a href=\"https:\/\/brtk.net\/\"\/><a href=\"https:\/\/brtk.net\/\">KKTC<\/a> anla\u015fman\u0131n bir par\u00e7as\u0131 olacakt\u0131r\u201d ifadelerini kulland\u0131.<\/p>\n<p>Cumhurba\u015fkan\u0131 <a href=\"https:\/\/brtk.net\/\"\/><a href=\"https:\/\/brtk.net\/\"\/><a href=\"https:\/\/brtk.net\/\"\/><a href=\"https:\/\/brtk.net\/\"\/><a href=\"https:\/\/brtk.net\/\"\/><a href=\"https:\/\/brtk.net\/\"\/><a href=\"https:\/\/brtk.net\/\">Tatar<\/a>, halk\u0131n refah\u0131 i\u00e7in t\u00fcm imkanlar\u0131n zorlan\u0131p, ihtiya\u00e7 duyuldu\u011funda T\u00fcrkiye\u2019nin de deste\u011fini alarak yat\u0131r\u0131mlar\u0131n yap\u0131laca\u011f\u0131n\u0131 vurgulad\u0131.<\/p>\n<p>Cumhurba\u015fkan\u0131 se\u00e7ildikten sonra T\u00fcrkiye ile ili\u015fkilerin geli\u015fti\u011fini anlatan Cumhurba\u015fkan\u0131 <a href=\"https:\/\/brtk.net\/\"\/><a href=\"https:\/\/brtk.net\/\"\/><a href=\"https:\/\/brtk.net\/\"\/><a href=\"https:\/\/brtk.net\/\"\/><a href=\"https:\/\/brtk.net\/\"\/><a href=\"https:\/\/brtk.net\/\"\/><a href=\"https:\/\/brtk.net\/\">Tatar<\/a>, \u201cT\u00fcrkiye ile ili\u015fkilere ve iki halk aras\u0131ndaki ba\u011flar\u0131 geli\u015ftirmeye \u00f6nem veriyorum sadece iki devlet aras\u0131nda de\u011fil ayn\u0131 zamanda sivil toplum \u00f6rg\u00fctleri, belediyeler ve kamu kurulu\u015flar\u0131 aras\u0131nda i\u015fbirlikleri geli\u015fmeli tecr\u00fcbelerden yararlan\u0131lmal\u0131\u201d dedi.<\/p>\n<\/p><\/div>\n","protected":false},"excerpt":{"rendered":"<p>Cumhurba\u015fkan\u0131 Ersin Tatar, Mara\u015f Birlik ve Dayan\u0131\u015fma Derne\u011fi\u2019nde K\u0131br\u0131s konusu ve g\u00fcncel konularda bilgilendirme toplant\u0131s\u0131 ger\u00e7ekle\u015ftirdi. Cumhurba\u015fkanl\u0131\u011f\u0131ndan verilen bilgiye g\u00f6re, Cumhurba\u015fkan\u0131 Tatar toplant\u0131da yapt\u0131\u011f\u0131 konu\u015fmada, KKTC\u2019nin geli\u015fmeye devam etti\u011fini belirterek, yeni havaalan\u0131n\u0131n hizmete girdi\u011fini, yollar\u0131n yap\u0131m\u0131n\u0131n s\u00fcrd\u00fc\u011f\u00fcn\u00fc ve turizmde yap\u0131lan yat\u0131r\u0131mlarla \u00f6nemli mesafeler kat edildi\u011fini s\u00f6yledi. Cumhurba\u015fkan\u0131 Tatar, Cumhurba\u015fkan\u0131 olarak g\u00f6revinin; uluslararas\u0131 temaslar\u0131 s\u00fcrd\u00fcrmek, T\u00fcrkiye<\/p>\n","protected":false},"author":1,"featured_media":13359,"comment_status":"open","ping_status":"open","sticky":false,"template":"","format":"standard","meta":{"footnotes":""},"categories":[1],"tags":[],"class_list":["post-13358","post","type-post","status-publish","format-standard","has-post-thumbnail","hentry","category-gundem"],"yoast_head":"<!-- This site is optimized with the Yoast SEO plugin v27.5 - https:\/\/yoast.com\/product\/yoast-seo-wordpress\/ -->\n<title>Cumhurba\u015fkan\u0131 Tatar:T\u00fcrkiye\u2019nin varl\u0131\u011f\u0131 bize g\u00fcven veriyor -<\/title>\n<meta name=\"robots\" content=\"index, follow, max-snippet:-1, max-image-preview:large, max-video-preview:-1\" \/>\n<link rel=\"canonical\" href=\"https:\/\/kibrisdakik.com\/?p=13358\" \/>\n<meta property=\"og:locale\" content=\"tr_TR\" \/>\n<meta property=\"og:type\" content=\"article\" \/>\n<meta property=\"og:title\" content=\"Cumhurba\u015fkan\u0131 Tatar:T\u00fcrkiye\u2019nin varl\u0131\u011f\u0131 bize g\u00fcven veriyor -\" \/>\n<meta property=\"og:description\" content=\"Cumhurba\u015fkan\u0131 Ersin Tatar, Mara\u015f Birlik ve Dayan\u0131\u015fma Derne\u011fi\u2019nde K\u0131br\u0131s konusu ve g\u00fcncel konularda bilgilendirme toplant\u0131s\u0131 ger\u00e7ekle\u015ftirdi. Cumhurba\u015fkanl\u0131\u011f\u0131ndan verilen bilgiye g\u00f6re, Cumhurba\u015fkan\u0131 Tatar toplant\u0131da yapt\u0131\u011f\u0131 konu\u015fmada, KKTC\u2019nin geli\u015fmeye devam etti\u011fini belirterek, yeni havaalan\u0131n\u0131n hizmete girdi\u011fini, yollar\u0131n yap\u0131m\u0131n\u0131n s\u00fcrd\u00fc\u011f\u00fcn\u00fc ve turizmde yap\u0131lan yat\u0131r\u0131mlarla \u00f6nemli mesafeler kat edildi\u011fini s\u00f6yledi. Cumhurba\u015fkan\u0131 Tatar, Cumhurba\u015fkan\u0131 olarak g\u00f6revinin; uluslararas\u0131 temaslar\u0131 s\u00fcrd\u00fcrmek, T\u00fcrkiye\" \/>\n<meta property=\"og:url\" content=\"https:\/\/kibrisdakik.com\/?p=13358\" \/>\n<meta property=\"article:published_time\" content=\"2023-09-07T11:47:18+00:00\" \/>\n<meta property=\"og:image\" content=\"https:\/\/kibrisdakik.com\/wp-content\/uploads\/2023\/09\/o9898989-740x420.jpg\" \/>\n\t<meta property=\"og:image:width\" content=\"1600\" \/>\n\t<meta property=\"og:image:height\" content=\"1066\" \/>\n\t<meta property=\"og:image:type\" content=\"image\/jpeg\" \/>\n<meta name=\"author\" content=\"admin\" \/>\n<meta name=\"twitter:card\" content=\"summary_large_image\" \/>\n<meta name=\"twitter:label1\" content=\"Yazan:\" \/>\n\t<meta name=\"twitter:data1\" content=\"admin\" \/>\n\t<meta name=\"twitter:label2\" content=\"Tahmini okuma s\u00fcresi\" \/>\n\t<meta name=\"twitter:data2\" content=\"2 dakika\" \/>\n<script type=\"application\/ld+json\" class=\"yoast-schema-graph\">{\"@context\":\"https:\\\/\\\/schema.org\",\"@graph\":[{\"@type\":\"Article\",\"@id\":\"https:\\\/\\\/kibrisdakik.com\\\/?p=13358#article\",\"isPartOf\":{\"@id\":\"https:\\\/\\\/kibrisdakik.com\\\/?p=13358\"},\"author\":{\"name\":\"admin\",\"@id\":\"https:\\\/\\\/kibrisdakik.com\\\/#\\\/schema\\\/person\\\/9cd9d437bbb44f72b73ba127e06d8e79\"},\"headline\":\"Cumhurba\u015fkan\u0131 Tatar:T\u00fcrkiye\u2019nin varl\u0131\u011f\u0131 bize g\u00fcven veriyor\",\"datePublished\":\"2023-09-07T11:47:18+00:00\",\"mainEntityOfPage\":{\"@id\":\"https:\\\/\\\/kibrisdakik.com\\\/?p=13358\"},\"wordCount\":411,\"commentCount\":0,\"image\":{\"@id\":\"https:\\\/\\\/kibrisdakik.com\\\/?p=13358#primaryimage\"},\"thumbnailUrl\":\"https:\\\/\\\/kibrisdakik.com\\\/wp-content\\\/uploads\\\/2023\\\/09\\\/o9898989-740x420.jpg\",\"articleSection\":[\"G\u00fcndem\"],\"inLanguage\":\"tr\",\"potentialAction\":[{\"@type\":\"CommentAction\",\"name\":\"Comment\",\"target\":[\"https:\\\/\\\/kibrisdakik.com\\\/?p=13358#respond\"]}]},{\"@type\":\"WebPage\",\"@id\":\"https:\\\/\\\/kibrisdakik.com\\\/?p=13358\",\"url\":\"https:\\\/\\\/kibrisdakik.com\\\/?p=13358\",\"name\":\"Cumhurba\u015fkan\u0131 Tatar:T\u00fcrkiye\u2019nin varl\u0131\u011f\u0131 bize g\u00fcven veriyor -\",\"isPartOf\":{\"@id\":\"https:\\\/\\\/kibrisdakik.com\\\/#website\"},\"primaryImageOfPage\":{\"@id\":\"https:\\\/\\\/kibrisdakik.com\\\/?p=13358#primaryimage\"},\"image\":{\"@id\":\"https:\\\/\\\/kibrisdakik.com\\\/?p=13358#primaryimage\"},\"thumbnailUrl\":\"https:\\\/\\\/kibrisdakik.com\\\/wp-content\\\/uploads\\\/2023\\\/09\\\/o9898989-740x420.jpg\",\"datePublished\":\"2023-09-07T11:47:18+00:00\",\"author\":{\"@id\":\"https:\\\/\\\/kibrisdakik.com\\\/#\\\/schema\\\/person\\\/9cd9d437bbb44f72b73ba127e06d8e79\"},\"breadcrumb\":{\"@id\":\"https:\\\/\\\/kibrisdakik.com\\\/?p=13358#breadcrumb\"},\"inLanguage\":\"tr\",\"potentialAction\":[{\"@type\":\"ReadAction\",\"target\":[\"https:\\\/\\\/kibrisdakik.com\\\/?p=13358\"]}]},{\"@type\":\"ImageObject\",\"inLanguage\":\"tr\",\"@id\":\"https:\\\/\\\/kibrisdakik.com\\\/?p=13358#primaryimage\",\"url\":\"https:\\\/\\\/kibrisdakik.com\\\/wp-content\\\/uploads\\\/2023\\\/09\\\/o9898989-740x420.jpg\",\"contentUrl\":\"https:\\\/\\\/kibrisdakik.com\\\/wp-content\\\/uploads\\\/2023\\\/09\\\/o9898989-740x420.jpg\",\"width\":1600,\"height\":1066},{\"@type\":\"BreadcrumbList\",\"@id\":\"https:\\\/\\\/kibrisdakik.com\\\/?p=13358#breadcrumb\",\"itemListElement\":[{\"@type\":\"ListItem\",\"position\":1,\"name\":\"Home\",\"item\":\"https:\\\/\\\/kibrisdakik.com\\\/\"},{\"@type\":\"ListItem\",\"position\":2,\"name\":\"Cumhurba\u015fkan\u0131 Tatar:T\u00fcrkiye\u2019nin varl\u0131\u011f\u0131 bize g\u00fcven veriyor\"}]},{\"@type\":\"WebSite\",\"@id\":\"https:\\\/\\\/kibrisdakik.com\\\/#website\",\"url\":\"https:\\\/\\\/kibrisdakik.com\\\/\",\"name\":\"\",\"description\":\"Tam vaktinde haber\",\"potentialAction\":[{\"@type\":\"SearchAction\",\"target\":{\"@type\":\"EntryPoint\",\"urlTemplate\":\"https:\\\/\\\/kibrisdakik.com\\\/?s={search_term_string}\"},\"query-input\":{\"@type\":\"PropertyValueSpecification\",\"valueRequired\":true,\"valueName\":\"search_term_string\"}}],\"inLanguage\":\"tr\"},{\"@type\":\"Person\",\"@id\":\"https:\\\/\\\/kibrisdakik.com\\\/#\\\/schema\\\/person\\\/9cd9d437bbb44f72b73ba127e06d8e79\",\"name\":\"admin\",\"image\":{\"@type\":\"ImageObject\",\"inLanguage\":\"tr\",\"@id\":\"https:\\\/\\\/secure.gravatar.com\\\/avatar\\\/ccc17943b9d660506c869530f897617f7cb1c21a4bf30023f252596d83e1f007?s=96&d=mm&r=g\",\"url\":\"https:\\\/\\\/secure.gravatar.com\\\/avatar\\\/ccc17943b9d660506c869530f897617f7cb1c21a4bf30023f252596d83e1f007?s=96&d=mm&r=g\",\"contentUrl\":\"https:\\\/\\\/secure.gravatar.com\\\/avatar\\\/ccc17943b9d660506c869530f897617f7cb1c21a4bf30023f252596d83e1f007?s=96&d=mm&r=g\",\"caption\":\"admin\"},\"sameAs\":[\"https:\\\/\\\/kibrisdakik.com\"],\"url\":\"https:\\\/\\\/kibrisdakik.com\\\/?author=1\"}]}<\/script>\n<!-- \/ Yoast SEO plugin. -->","yoast_head_json":{"title":"Cumhurba\u015fkan\u0131 Tatar:T\u00fcrkiye\u2019nin varl\u0131\u011f\u0131 bize g\u00fcven veriyor -","robots":{"index":"index","follow":"follow","max-snippet":"max-snippet:-1","max-image-preview":"max-image-preview:large","max-video-preview":"max-video-preview:-1"},"canonical":"https:\/\/kibrisdakik.com\/?p=13358","og_locale":"tr_TR","og_type":"article","og_title":"Cumhurba\u015fkan\u0131 Tatar:T\u00fcrkiye\u2019nin varl\u0131\u011f\u0131 bize g\u00fcven veriyor -","og_description":"Cumhurba\u015fkan\u0131 Ersin Tatar, Mara\u015f Birlik ve Dayan\u0131\u015fma Derne\u011fi\u2019nde K\u0131br\u0131s konusu ve g\u00fcncel konularda bilgilendirme toplant\u0131s\u0131 ger\u00e7ekle\u015ftirdi. Cumhurba\u015fkanl\u0131\u011f\u0131ndan verilen bilgiye g\u00f6re, Cumhurba\u015fkan\u0131 Tatar toplant\u0131da yapt\u0131\u011f\u0131 konu\u015fmada, KKTC\u2019nin geli\u015fmeye devam etti\u011fini belirterek, yeni havaalan\u0131n\u0131n hizmete girdi\u011fini, yollar\u0131n yap\u0131m\u0131n\u0131n s\u00fcrd\u00fc\u011f\u00fcn\u00fc ve turizmde yap\u0131lan yat\u0131r\u0131mlarla \u00f6nemli mesafeler kat edildi\u011fini s\u00f6yledi. Cumhurba\u015fkan\u0131 Tatar, Cumhurba\u015fkan\u0131 olarak g\u00f6revinin; uluslararas\u0131 temaslar\u0131 s\u00fcrd\u00fcrmek, T\u00fcrkiye","og_url":"https:\/\/kibrisdakik.com\/?p=13358","article_published_time":"2023-09-07T11:47:18+00:00","og_image":[{"width":1600,"height":1066,"url":"https:\/\/kibrisdakik.com\/wp-content\/uploads\/2023\/09\/o9898989-740x420.jpg","type":"image\/jpeg"}],"author":"admin","twitter_card":"summary_large_image","twitter_misc":{"Yazan:":"admin","Tahmini okuma s\u00fcresi":"2 dakika"},"schema":{"@context":"https:\/\/schema.org","@graph":[{"@type":"Article","@id":"https:\/\/kibrisdakik.com\/?p=13358#article","isPartOf":{"@id":"https:\/\/kibrisdakik.com\/?p=13358"},"author":{"name":"admin","@id":"https:\/\/kibrisdakik.com\/#\/schema\/person\/9cd9d437bbb44f72b73ba127e06d8e79"},"headline":"Cumhurba\u015fkan\u0131 Tatar:T\u00fcrkiye\u2019nin varl\u0131\u011f\u0131 bize g\u00fcven veriyor","datePublished":"2023-09-07T11:47:18+00:00","mainEntityOfPage":{"@id":"https:\/\/kibrisdakik.com\/?p=13358"},"wordCount":411,"commentCount":0,"image":{"@id":"https:\/\/kibrisdakik.com\/?p=13358#primaryimage"},"thumbnailUrl":"https:\/\/kibrisdakik.com\/wp-content\/uploads\/2023\/09\/o9898989-740x420.jpg","articleSection":["G\u00fcndem"],"inLanguage":"tr","potentialAction":[{"@type":"CommentAction","name":"Comment","target":["https:\/\/kibrisdakik.com\/?p=13358#respond"]}]},{"@type":"WebPage","@id":"https:\/\/kibrisdakik.com\/?p=13358","url":"https:\/\/kibrisdakik.com\/?p=13358","name":"Cumhurba\u015fkan\u0131 Tatar:T\u00fcrkiye\u2019nin varl\u0131\u011f\u0131 bize g\u00fcven veriyor -","isPartOf":{"@id":"https:\/\/kibrisdakik.com\/#website"},"primaryImageOfPage":{"@id":"https:\/\/kibrisdakik.com\/?p=13358#primaryimage"},"image":{"@id":"https:\/\/kibrisdakik.com\/?p=13358#primaryimage"},"thumbnailUrl":"https:\/\/kibrisdakik.com\/wp-content\/uploads\/2023\/09\/o9898989-740x420.jpg","datePublished":"2023-09-07T11:47:18+00:00","author":{"@id":"https:\/\/kibrisdakik.com\/#\/schema\/person\/9cd9d437bbb44f72b73ba127e06d8e79"},"breadcrumb":{"@id":"https:\/\/kibrisdakik.com\/?p=13358#breadcrumb"},"inLanguage":"tr","potentialAction":[{"@type":"ReadAction","target":["https:\/\/kibrisdakik.com\/?p=13358"]}]},{"@type":"ImageObject","inLanguage":"tr","@id":"https:\/\/kibrisdakik.com\/?p=13358#primaryimage","url":"https:\/\/kibrisdakik.com\/wp-content\/uploads\/2023\/09\/o9898989-740x420.jpg","contentUrl":"https:\/\/kibrisdakik.com\/wp-content\/uploads\/2023\/09\/o9898989-740x420.jpg","width":1600,"height":1066},{"@type":"BreadcrumbList","@id":"https:\/\/kibrisdakik.com\/?p=13358#breadcrumb","itemListElement":[{"@type":"ListItem","position":1,"name":"Home","item":"https:\/\/kibrisdakik.com\/"},{"@type":"ListItem","position":2,"name":"Cumhurba\u015fkan\u0131 Tatar:T\u00fcrkiye\u2019nin varl\u0131\u011f\u0131 bize g\u00fcven veriyor"}]},{"@type":"WebSite","@id":"https:\/\/kibrisdakik.com\/#website","url":"https:\/\/kibrisdakik.com\/","name":"","description":"Tam vaktinde haber","potentialAction":[{"@type":"SearchAction","target":{"@type":"EntryPoint","urlTemplate":"https:\/\/kibrisdakik.com\/?s={search_term_string}"},"query-input":{"@type":"PropertyValueSpecification","valueRequired":true,"valueName":"search_term_string"}}],"inLanguage":"tr"},{"@type":"Person","@id":"https:\/\/kibrisdakik.com\/#\/schema\/person\/9cd9d437bbb44f72b73ba127e06d8e79","name":"admin","image":{"@type":"ImageObject","inLanguage":"tr","@id":"https:\/\/secure.gravatar.com\/avatar\/ccc17943b9d660506c869530f897617f7cb1c21a4bf30023f252596d83e1f007?s=96&d=mm&r=g","url":"https:\/\/secure.gravatar.com\/avatar\/ccc17943b9d660506c869530f897617f7cb1c21a4bf30023f252596d83e1f007?s=96&d=mm&r=g","contentUrl":"https:\/\/secure.gravatar.com\/avatar\/ccc17943b9d660506c869530f897617f7cb1c21a4bf30023f252596d83e1f007?s=96&d=mm&r=g","caption":"admin"},"sameAs":["https:\/\/kibrisdakik.com"],"url":"https:\/\/kibrisdakik.com\/?author=1"}]}},"_links":{"self":[{"href":"https:\/\/kibrisdakik.com\/index.php?rest_route=\/wp\/v2\/posts\/13358","targetHints":{"allow":["GET"]}}],"collection":[{"href":"https:\/\/kibrisdakik.com\/index.php?rest_route=\/wp\/v2\/posts"}],"about":[{"href":"https:\/\/kibrisdakik.com\/index.php?rest_route=\/wp\/v2\/types\/post"}],"author":[{"embeddable":true,"href":"https:\/\/kibrisdakik.com\/index.php?rest_route=\/wp\/v2\/users\/1"}],"replies":[{"embeddable":true,"href":"https:\/\/kibrisdakik.com\/index.php?rest_route=%2Fwp%2Fv2%2Fcomments&post=13358"}],"version-history":[{"count":0,"href":"https:\/\/kibrisdakik.com\/index.php?rest_route=\/wp\/v2\/posts\/13358\/revisions"}],"wp:featuredmedia":[{"embeddable":true,"href":"https:\/\/kibrisdakik.com\/index.php?rest_route=\/wp\/v2\/media\/13359"}],"wp:attachment":[{"href":"https:\/\/kibrisdakik.com\/index.php?rest_route=%2Fwp%2Fv2%2Fmedia&parent=13358"}],"wp:term":[{"taxonomy":"category","embeddable":true,"href":"https:\/\/kibrisdakik.com\/index.php?rest_route=%2Fwp%2Fv2%2Fcategories&post=13358"},{"taxonomy":"post_tag","embeddable":true,"href":"https:\/\/kibrisdakik.com\/index.php?rest_route=%2Fwp%2Fv2%2Ftags&post=13358"}],"curies":[{"name":"wp","href":"https:\/\/api.w.org\/{rel}","templated":true}]}}