{"id":13380,"date":"2023-09-07T17:52:47","date_gmt":"2023-09-07T17:52:47","guid":{"rendered":"https:\/\/kibrisdakik.com\/index.php\/2023\/09\/07\/ubp-gundemimizde-tuzuk-kurultayi-disinda-bir-kurultay-bulunmamaktadir\/"},"modified":"2023-09-07T17:52:47","modified_gmt":"2023-09-07T17:52:47","slug":"ubp-gundemimizde-tuzuk-kurultayi-disinda-bir-kurultay-bulunmamaktadir","status":"publish","type":"post","link":"https:\/\/kibrisdakik.com\/?p=13380","title":{"rendered":"UBP: G\u00fcndemimizde t\u00fcz\u00fck kurultay\u0131 d\u0131\u015f\u0131nda bir kurultay bulunmamaktad\u0131r"},"content":{"rendered":"<p><\/p>\n<div>\n<div class=\"mariselle-image-container center\">\n                <img width=\"971\" height=\"551\" class=\"lazy-image\" alt=\"\" decoding=\"async\" loading=\"lazy\" sizes=\"auto, (max-width: 971px) 100vw, 971px\" src=\"https:\/\/brtk.net\/wp-content\/uploads\/2023\/08\/22\/ubp-1609157308.jpg?ver=c364f7cf69bcd3bd40c001bcb2c62fd4\" srcset=\"https:\/\/brtk.net\/wp-content\/uploads\/2023\/08\/22\/ubp-1609157308.jpg?ver=c364f7cf69bcd3bd40c001bcb2c62fd4 971w, https:\/\/brtk.net\/wp-content\/uploads\/2023\/08\/22\/ubp-1609157308-300x170.jpg?ver=a33107cee828b3ab607ef330871c08a9 300w, https:\/\/brtk.net\/wp-content\/uploads\/2023\/08\/22\/ubp-1609157308-768x436.jpg?ver=a33107cee828b3ab607ef330871c08a9 768w\"\/>                            <\/div>\n<p>Ulusal Birlik Partisi Merkez Y\u00f6netim Kurulu topland\u0131. <\/p>\n<p>Toplant\u0131da \u00fclke sorunlar\u0131 ile ilgili gerekli ve \u00f6neri ve tedbirlerin al\u0131nmas\u0131 i\u00e7in gerekli de\u011ferlendirmeler yap\u0131ld\u0131.<\/p>\n<p>Bunun yan\u0131 s\u0131ra t\u00fcm parti meclisi \u00fcyelerinin onay\u0131yla haz\u0131rlanan t\u00fcz\u00fck de\u011fi\u015fikli\u011fi il\u00e7e ba\u015fkanlar\u0131na t\u00fcm \u00f6rg\u00fct kademelerinin g\u00f6r\u00fc\u015fleri al\u0131nmas\u0131 amac\u0131yla g\u00f6nderildi. <a href=\"https:\/\/brtk.net\/\">UBP<\/a>\u2018den toplant\u0131yla ilgili yap\u0131lan a\u00e7\u0131klamada \u015fu ifadelere yer verildi: <\/p>\n<p>\u201cHaftaya gelecek g\u00f6r\u00fc\u015fler do\u011frultusunda t\u00fcz\u00fc\u011f\u00fcm\u00fcz yak\u0131n bir tarihte yapmay\u0131 planlad\u0131\u011f\u0131m\u0131z t\u00fcz\u00fck kurultay\u0131 i\u00e7in haz\u0131r hale getirilecektir.Bilindi\u011fi \u00fczere t\u00fcm d\u00fcnyada ya\u015fanan ola\u011fan\u00fcst\u00fc haller ve d\u00f6vizdeki art\u0131\u015f nedeniyle \u00fclkemizde ekonomik olarak etkilenmekte ve insanlar\u0131m\u0131z\u0131n al\u0131m g\u00fcc\u00fc d\u00fc\u015fmektedir. Bunlardan etkilenen \u00fclkemizi i\u00e7inde bulundu\u011fu s\u0131k\u0131nt\u0131lardan \u00e7\u0131karmaya insanlar\u0131n refah seviyesini art\u0131rmaya \u00e7al\u0131\u015f\u0131rken bilinmesini isteriz ki g\u00fcndemimizde t\u00fcz\u00fck kurultay\u0131 d\u0131\u015f\u0131nda bir kurultay\u0131n yap\u0131lmas\u0131 bulunmamaktad\u0131r.Bilindi\u011fi \u00fczere Siyasal Partiler Yasas\u0131\u2019n\u0131n 12(5) maddesinde; Kurultay\u2019\u0131n en ge\u00e7 \u00fc\u00e7 y\u0131lda bir yap\u0131laca\u011f\u0131 d\u00fczenlenmektedir. 2015 y\u0131l\u0131nda yap\u0131lan t\u00fcz\u00fck de\u011fi\u015fikli\u011finden bu yana partimizin kurultay se\u00e7imleri 3 y\u0131lda bir yap\u0131lmaktad\u0131r. Dolay\u0131s\u0131yle bir sonraki Kurultay\u0131m\u0131z 2024 y\u0131l\u0131 i\u00e7erisinde Parti Meclisimiz taraf\u0131ndan belirlenen g\u00fcnde yap\u0131lacakt\u0131r.Ayr\u0131ca parti \u00fcyeleri taraf\u0131ndan <a href=\"https:\/\/brtk.net\/\">UBP<\/a>\u2019nin t\u00fcz\u00fck kurallar\u0131na, kurulu\u015f amac\u0131na, temel anlay\u0131\u015f\u0131na ve g\u00f6zetece\u011fi temel ilkelerine ayk\u0131r\u0131, davrananlar hakk\u0131nda gerekli incelemelerin ba\u015flat\u0131lmas\u0131 konusunda hemfikir olunmu\u015ftur\u201d<\/p>\n<\/p><\/div>\n","protected":false},"excerpt":{"rendered":"<p>Ulusal Birlik Partisi Merkez Y\u00f6netim Kurulu topland\u0131. Toplant\u0131da \u00fclke sorunlar\u0131 ile ilgili gerekli ve \u00f6neri ve tedbirlerin al\u0131nmas\u0131 i\u00e7in gerekli de\u011ferlendirmeler yap\u0131ld\u0131. Bunun yan\u0131 s\u0131ra t\u00fcm parti meclisi \u00fcyelerinin onay\u0131yla haz\u0131rlanan t\u00fcz\u00fck de\u011fi\u015fikli\u011fi il\u00e7e ba\u015fkanlar\u0131na t\u00fcm \u00f6rg\u00fct kademelerinin g\u00f6r\u00fc\u015fleri al\u0131nmas\u0131 amac\u0131yla g\u00f6nderildi. UBP\u2018den toplant\u0131yla ilgili yap\u0131lan a\u00e7\u0131klamada \u015fu ifadelere yer verildi: \u201cHaftaya gelecek g\u00f6r\u00fc\u015fler do\u011frultusunda<\/p>\n","protected":false},"author":1,"featured_media":12505,"comment_status":"open","ping_status":"open","sticky":false,"template":"","format":"standard","meta":{"footnotes":""},"categories":[1],"tags":[],"class_list":["post-13380","post","type-post","status-publish","format-standard","has-post-thumbnail","hentry","category-gundem"],"yoast_head":"<!-- This site is optimized with the Yoast SEO plugin v27.4 - https:\/\/yoast.com\/product\/yoast-seo-wordpress\/ -->\n<title>UBP: G\u00fcndemimizde t\u00fcz\u00fck kurultay\u0131 d\u0131\u015f\u0131nda bir kurultay bulunmamaktad\u0131r -<\/title>\n<meta name=\"robots\" content=\"index, follow, max-snippet:-1, max-image-preview:large, max-video-preview:-1\" \/>\n<link rel=\"canonical\" href=\"https:\/\/kibrisdakik.com\/?p=13380\" \/>\n<meta property=\"og:locale\" content=\"tr_TR\" \/>\n<meta property=\"og:type\" content=\"article\" \/>\n<meta property=\"og:title\" content=\"UBP: G\u00fcndemimizde t\u00fcz\u00fck kurultay\u0131 d\u0131\u015f\u0131nda bir kurultay bulunmamaktad\u0131r -\" \/>\n<meta property=\"og:description\" content=\"Ulusal Birlik Partisi Merkez Y\u00f6netim Kurulu topland\u0131. Toplant\u0131da \u00fclke sorunlar\u0131 ile ilgili gerekli ve \u00f6neri ve tedbirlerin al\u0131nmas\u0131 i\u00e7in gerekli de\u011ferlendirmeler yap\u0131ld\u0131. Bunun yan\u0131 s\u0131ra t\u00fcm parti meclisi \u00fcyelerinin onay\u0131yla haz\u0131rlanan t\u00fcz\u00fck de\u011fi\u015fikli\u011fi il\u00e7e ba\u015fkanlar\u0131na t\u00fcm \u00f6rg\u00fct kademelerinin g\u00f6r\u00fc\u015fleri al\u0131nmas\u0131 amac\u0131yla g\u00f6nderildi. UBP\u2018den toplant\u0131yla ilgili yap\u0131lan a\u00e7\u0131klamada \u015fu ifadelere yer verildi: \u201cHaftaya gelecek g\u00f6r\u00fc\u015fler do\u011frultusunda\" \/>\n<meta property=\"og:url\" content=\"https:\/\/kibrisdakik.com\/?p=13380\" \/>\n<meta property=\"article:published_time\" content=\"2023-09-07T17:52:47+00:00\" \/>\n<meta property=\"og:image\" content=\"https:\/\/kibrisdakik.com\/wp-content\/uploads\/2023\/08\/ubp-1609157308-740x420.jpg\" \/>\n\t<meta property=\"og:image:width\" content=\"971\" \/>\n\t<meta property=\"og:image:height\" content=\"551\" \/>\n\t<meta property=\"og:image:type\" content=\"image\/jpeg\" \/>\n<meta name=\"author\" content=\"admin\" \/>\n<meta name=\"twitter:card\" content=\"summary_large_image\" \/>\n<meta name=\"twitter:label1\" content=\"Yazan:\" \/>\n\t<meta name=\"twitter:data1\" content=\"admin\" \/>\n\t<meta name=\"twitter:label2\" content=\"Tahmini okuma s\u00fcresi\" \/>\n\t<meta name=\"twitter:data2\" content=\"1 dakika\" \/>\n<script type=\"application\/ld+json\" class=\"yoast-schema-graph\">{\"@context\":\"https:\\\/\\\/schema.org\",\"@graph\":[{\"@type\":\"Article\",\"@id\":\"https:\\\/\\\/kibrisdakik.com\\\/?p=13380#article\",\"isPartOf\":{\"@id\":\"https:\\\/\\\/kibrisdakik.com\\\/?p=13380\"},\"author\":{\"name\":\"admin\",\"@id\":\"https:\\\/\\\/kibrisdakik.com\\\/#\\\/schema\\\/person\\\/9cd9d437bbb44f72b73ba127e06d8e79\"},\"headline\":\"UBP: G\u00fcndemimizde t\u00fcz\u00fck kurultay\u0131 d\u0131\u015f\u0131nda bir kurultay bulunmamaktad\u0131r\",\"datePublished\":\"2023-09-07T17:52:47+00:00\",\"mainEntityOfPage\":{\"@id\":\"https:\\\/\\\/kibrisdakik.com\\\/?p=13380\"},\"wordCount\":298,\"commentCount\":0,\"image\":{\"@id\":\"https:\\\/\\\/kibrisdakik.com\\\/?p=13380#primaryimage\"},\"thumbnailUrl\":\"https:\\\/\\\/kibrisdakik.com\\\/wp-content\\\/uploads\\\/2023\\\/08\\\/ubp-1609157308-740x420.jpg\",\"articleSection\":[\"G\u00fcndem\"],\"inLanguage\":\"tr\",\"potentialAction\":[{\"@type\":\"CommentAction\",\"name\":\"Comment\",\"target\":[\"https:\\\/\\\/kibrisdakik.com\\\/?p=13380#respond\"]}]},{\"@type\":\"WebPage\",\"@id\":\"https:\\\/\\\/kibrisdakik.com\\\/?p=13380\",\"url\":\"https:\\\/\\\/kibrisdakik.com\\\/?p=13380\",\"name\":\"UBP: G\u00fcndemimizde t\u00fcz\u00fck kurultay\u0131 d\u0131\u015f\u0131nda bir kurultay bulunmamaktad\u0131r -\",\"isPartOf\":{\"@id\":\"https:\\\/\\\/kibrisdakik.com\\\/#website\"},\"primaryImageOfPage\":{\"@id\":\"https:\\\/\\\/kibrisdakik.com\\\/?p=13380#primaryimage\"},\"image\":{\"@id\":\"https:\\\/\\\/kibrisdakik.com\\\/?p=13380#primaryimage\"},\"thumbnailUrl\":\"https:\\\/\\\/kibrisdakik.com\\\/wp-content\\\/uploads\\\/2023\\\/08\\\/ubp-1609157308-740x420.jpg\",\"datePublished\":\"2023-09-07T17:52:47+00:00\",\"author\":{\"@id\":\"https:\\\/\\\/kibrisdakik.com\\\/#\\\/schema\\\/person\\\/9cd9d437bbb44f72b73ba127e06d8e79\"},\"breadcrumb\":{\"@id\":\"https:\\\/\\\/kibrisdakik.com\\\/?p=13380#breadcrumb\"},\"inLanguage\":\"tr\",\"potentialAction\":[{\"@type\":\"ReadAction\",\"target\":[\"https:\\\/\\\/kibrisdakik.com\\\/?p=13380\"]}]},{\"@type\":\"ImageObject\",\"inLanguage\":\"tr\",\"@id\":\"https:\\\/\\\/kibrisdakik.com\\\/?p=13380#primaryimage\",\"url\":\"https:\\\/\\\/kibrisdakik.com\\\/wp-content\\\/uploads\\\/2023\\\/08\\\/ubp-1609157308-740x420.jpg\",\"contentUrl\":\"https:\\\/\\\/kibrisdakik.com\\\/wp-content\\\/uploads\\\/2023\\\/08\\\/ubp-1609157308-740x420.jpg\",\"width\":971,\"height\":551},{\"@type\":\"BreadcrumbList\",\"@id\":\"https:\\\/\\\/kibrisdakik.com\\\/?p=13380#breadcrumb\",\"itemListElement\":[{\"@type\":\"ListItem\",\"position\":1,\"name\":\"Home\",\"item\":\"https:\\\/\\\/kibrisdakik.com\\\/\"},{\"@type\":\"ListItem\",\"position\":2,\"name\":\"UBP: G\u00fcndemimizde t\u00fcz\u00fck kurultay\u0131 d\u0131\u015f\u0131nda bir kurultay bulunmamaktad\u0131r\"}]},{\"@type\":\"WebSite\",\"@id\":\"https:\\\/\\\/kibrisdakik.com\\\/#website\",\"url\":\"https:\\\/\\\/kibrisdakik.com\\\/\",\"name\":\"\",\"description\":\"Tam vaktinde haber\",\"potentialAction\":[{\"@type\":\"SearchAction\",\"target\":{\"@type\":\"EntryPoint\",\"urlTemplate\":\"https:\\\/\\\/kibrisdakik.com\\\/?s={search_term_string}\"},\"query-input\":{\"@type\":\"PropertyValueSpecification\",\"valueRequired\":true,\"valueName\":\"search_term_string\"}}],\"inLanguage\":\"tr\"},{\"@type\":\"Person\",\"@id\":\"https:\\\/\\\/kibrisdakik.com\\\/#\\\/schema\\\/person\\\/9cd9d437bbb44f72b73ba127e06d8e79\",\"name\":\"admin\",\"image\":{\"@type\":\"ImageObject\",\"inLanguage\":\"tr\",\"@id\":\"https:\\\/\\\/secure.gravatar.com\\\/avatar\\\/ccc17943b9d660506c869530f897617f7cb1c21a4bf30023f252596d83e1f007?s=96&d=mm&r=g\",\"url\":\"https:\\\/\\\/secure.gravatar.com\\\/avatar\\\/ccc17943b9d660506c869530f897617f7cb1c21a4bf30023f252596d83e1f007?s=96&d=mm&r=g\",\"contentUrl\":\"https:\\\/\\\/secure.gravatar.com\\\/avatar\\\/ccc17943b9d660506c869530f897617f7cb1c21a4bf30023f252596d83e1f007?s=96&d=mm&r=g\",\"caption\":\"admin\"},\"sameAs\":[\"https:\\\/\\\/kibrisdakik.com\"],\"url\":\"https:\\\/\\\/kibrisdakik.com\\\/?author=1\"}]}<\/script>\n<!-- \/ Yoast SEO plugin. -->","yoast_head_json":{"title":"UBP: G\u00fcndemimizde t\u00fcz\u00fck kurultay\u0131 d\u0131\u015f\u0131nda bir kurultay bulunmamaktad\u0131r -","robots":{"index":"index","follow":"follow","max-snippet":"max-snippet:-1","max-image-preview":"max-image-preview:large","max-video-preview":"max-video-preview:-1"},"canonical":"https:\/\/kibrisdakik.com\/?p=13380","og_locale":"tr_TR","og_type":"article","og_title":"UBP: G\u00fcndemimizde t\u00fcz\u00fck kurultay\u0131 d\u0131\u015f\u0131nda bir kurultay bulunmamaktad\u0131r -","og_description":"Ulusal Birlik Partisi Merkez Y\u00f6netim Kurulu topland\u0131. Toplant\u0131da \u00fclke sorunlar\u0131 ile ilgili gerekli ve \u00f6neri ve tedbirlerin al\u0131nmas\u0131 i\u00e7in gerekli de\u011ferlendirmeler yap\u0131ld\u0131. Bunun yan\u0131 s\u0131ra t\u00fcm parti meclisi \u00fcyelerinin onay\u0131yla haz\u0131rlanan t\u00fcz\u00fck de\u011fi\u015fikli\u011fi il\u00e7e ba\u015fkanlar\u0131na t\u00fcm \u00f6rg\u00fct kademelerinin g\u00f6r\u00fc\u015fleri al\u0131nmas\u0131 amac\u0131yla g\u00f6nderildi. UBP\u2018den toplant\u0131yla ilgili yap\u0131lan a\u00e7\u0131klamada \u015fu ifadelere yer verildi: \u201cHaftaya gelecek g\u00f6r\u00fc\u015fler do\u011frultusunda","og_url":"https:\/\/kibrisdakik.com\/?p=13380","article_published_time":"2023-09-07T17:52:47+00:00","og_image":[{"width":971,"height":551,"url":"https:\/\/kibrisdakik.com\/wp-content\/uploads\/2023\/08\/ubp-1609157308-740x420.jpg","type":"image\/jpeg"}],"author":"admin","twitter_card":"summary_large_image","twitter_misc":{"Yazan:":"admin","Tahmini okuma s\u00fcresi":"1 dakika"},"schema":{"@context":"https:\/\/schema.org","@graph":[{"@type":"Article","@id":"https:\/\/kibrisdakik.com\/?p=13380#article","isPartOf":{"@id":"https:\/\/kibrisdakik.com\/?p=13380"},"author":{"name":"admin","@id":"https:\/\/kibrisdakik.com\/#\/schema\/person\/9cd9d437bbb44f72b73ba127e06d8e79"},"headline":"UBP: G\u00fcndemimizde t\u00fcz\u00fck kurultay\u0131 d\u0131\u015f\u0131nda bir kurultay bulunmamaktad\u0131r","datePublished":"2023-09-07T17:52:47+00:00","mainEntityOfPage":{"@id":"https:\/\/kibrisdakik.com\/?p=13380"},"wordCount":298,"commentCount":0,"image":{"@id":"https:\/\/kibrisdakik.com\/?p=13380#primaryimage"},"thumbnailUrl":"https:\/\/kibrisdakik.com\/wp-content\/uploads\/2023\/08\/ubp-1609157308-740x420.jpg","articleSection":["G\u00fcndem"],"inLanguage":"tr","potentialAction":[{"@type":"CommentAction","name":"Comment","target":["https:\/\/kibrisdakik.com\/?p=13380#respond"]}]},{"@type":"WebPage","@id":"https:\/\/kibrisdakik.com\/?p=13380","url":"https:\/\/kibrisdakik.com\/?p=13380","name":"UBP: G\u00fcndemimizde t\u00fcz\u00fck kurultay\u0131 d\u0131\u015f\u0131nda bir kurultay bulunmamaktad\u0131r -","isPartOf":{"@id":"https:\/\/kibrisdakik.com\/#website"},"primaryImageOfPage":{"@id":"https:\/\/kibrisdakik.com\/?p=13380#primaryimage"},"image":{"@id":"https:\/\/kibrisdakik.com\/?p=13380#primaryimage"},"thumbnailUrl":"https:\/\/kibrisdakik.com\/wp-content\/uploads\/2023\/08\/ubp-1609157308-740x420.jpg","datePublished":"2023-09-07T17:52:47+00:00","author":{"@id":"https:\/\/kibrisdakik.com\/#\/schema\/person\/9cd9d437bbb44f72b73ba127e06d8e79"},"breadcrumb":{"@id":"https:\/\/kibrisdakik.com\/?p=13380#breadcrumb"},"inLanguage":"tr","potentialAction":[{"@type":"ReadAction","target":["https:\/\/kibrisdakik.com\/?p=13380"]}]},{"@type":"ImageObject","inLanguage":"tr","@id":"https:\/\/kibrisdakik.com\/?p=13380#primaryimage","url":"https:\/\/kibrisdakik.com\/wp-content\/uploads\/2023\/08\/ubp-1609157308-740x420.jpg","contentUrl":"https:\/\/kibrisdakik.com\/wp-content\/uploads\/2023\/08\/ubp-1609157308-740x420.jpg","width":971,"height":551},{"@type":"BreadcrumbList","@id":"https:\/\/kibrisdakik.com\/?p=13380#breadcrumb","itemListElement":[{"@type":"ListItem","position":1,"name":"Home","item":"https:\/\/kibrisdakik.com\/"},{"@type":"ListItem","position":2,"name":"UBP: G\u00fcndemimizde t\u00fcz\u00fck kurultay\u0131 d\u0131\u015f\u0131nda bir kurultay bulunmamaktad\u0131r"}]},{"@type":"WebSite","@id":"https:\/\/kibrisdakik.com\/#website","url":"https:\/\/kibrisdakik.com\/","name":"","description":"Tam vaktinde haber","potentialAction":[{"@type":"SearchAction","target":{"@type":"EntryPoint","urlTemplate":"https:\/\/kibrisdakik.com\/?s={search_term_string}"},"query-input":{"@type":"PropertyValueSpecification","valueRequired":true,"valueName":"search_term_string"}}],"inLanguage":"tr"},{"@type":"Person","@id":"https:\/\/kibrisdakik.com\/#\/schema\/person\/9cd9d437bbb44f72b73ba127e06d8e79","name":"admin","image":{"@type":"ImageObject","inLanguage":"tr","@id":"https:\/\/secure.gravatar.com\/avatar\/ccc17943b9d660506c869530f897617f7cb1c21a4bf30023f252596d83e1f007?s=96&d=mm&r=g","url":"https:\/\/secure.gravatar.com\/avatar\/ccc17943b9d660506c869530f897617f7cb1c21a4bf30023f252596d83e1f007?s=96&d=mm&r=g","contentUrl":"https:\/\/secure.gravatar.com\/avatar\/ccc17943b9d660506c869530f897617f7cb1c21a4bf30023f252596d83e1f007?s=96&d=mm&r=g","caption":"admin"},"sameAs":["https:\/\/kibrisdakik.com"],"url":"https:\/\/kibrisdakik.com\/?author=1"}]}},"_links":{"self":[{"href":"https:\/\/kibrisdakik.com\/index.php?rest_route=\/wp\/v2\/posts\/13380","targetHints":{"allow":["GET"]}}],"collection":[{"href":"https:\/\/kibrisdakik.com\/index.php?rest_route=\/wp\/v2\/posts"}],"about":[{"href":"https:\/\/kibrisdakik.com\/index.php?rest_route=\/wp\/v2\/types\/post"}],"author":[{"embeddable":true,"href":"https:\/\/kibrisdakik.com\/index.php?rest_route=\/wp\/v2\/users\/1"}],"replies":[{"embeddable":true,"href":"https:\/\/kibrisdakik.com\/index.php?rest_route=%2Fwp%2Fv2%2Fcomments&post=13380"}],"version-history":[{"count":0,"href":"https:\/\/kibrisdakik.com\/index.php?rest_route=\/wp\/v2\/posts\/13380\/revisions"}],"wp:featuredmedia":[{"embeddable":true,"href":"https:\/\/kibrisdakik.com\/index.php?rest_route=\/wp\/v2\/media\/12505"}],"wp:attachment":[{"href":"https:\/\/kibrisdakik.com\/index.php?rest_route=%2Fwp%2Fv2%2Fmedia&parent=13380"}],"wp:term":[{"taxonomy":"category","embeddable":true,"href":"https:\/\/kibrisdakik.com\/index.php?rest_route=%2Fwp%2Fv2%2Fcategories&post=13380"},{"taxonomy":"post_tag","embeddable":true,"href":"https:\/\/kibrisdakik.com\/index.php?rest_route=%2Fwp%2Fv2%2Ftags&post=13380"}],"curies":[{"name":"wp","href":"https:\/\/api.w.org\/{rel}","templated":true}]}}