{"id":13392,"date":"2023-09-08T00:01:19","date_gmt":"2023-09-08T00:01:19","guid":{"rendered":"https:\/\/kibrisdakik.com\/index.php\/2023\/09\/08\/icisleri-bakani-oguz-tdt-afet-ve-acil-durumlar-yonetimi-2-bakanlar-toplantisinda-konusma-yapti\/"},"modified":"2023-09-08T00:01:19","modified_gmt":"2023-09-08T00:01:19","slug":"icisleri-bakani-oguz-tdt-afet-ve-acil-durumlar-yonetimi-2-bakanlar-toplantisinda-konusma-yapti","status":"publish","type":"post","link":"https:\/\/kibrisdakik.com\/?p=13392","title":{"rendered":"\u0130\u00e7i\u015fleri Bakan\u0131 O\u011fuz, \u201cTDT Afet ve Acil Durumlar Y\u00f6netimi 2. Bakanlar Toplant\u0131s\u0131\u201dnda konu\u015fma yapt\u0131"},"content":{"rendered":"<p><\/p>\n<div>\n<div class=\"mariselle-image-container none\">\n                <img width=\"930\" height=\"507\" class=\"lazy-image\" alt=\"\" decoding=\"async\" loading=\"lazy\" sizes=\"auto, (max-width: 930px) 100vw, 930px\" src=\"https:\/\/brtk.net\/wp-content\/uploads\/2023\/09\/07\/icisleri-bakani-oguz-tdt-afet-ve-acil-durumlar-yonetimi-2inci-balkanlar-toplantisinda-konustu-3-.jpg?ver=58129b7f50c3f437fe3029dfc5aa0bf1\" srcset=\"https:\/\/brtk.net\/wp-content\/uploads\/2023\/09\/07\/icisleri-bakani-oguz-tdt-afet-ve-acil-durumlar-yonetimi-2inci-balkanlar-toplantisinda-konustu-3-.jpg?ver=58129b7f50c3f437fe3029dfc5aa0bf1 930w, https:\/\/brtk.net\/wp-content\/uploads\/2023\/09\/07\/icisleri-bakani-oguz-tdt-afet-ve-acil-durumlar-yonetimi-2inci-balkanlar-toplantisinda-konustu-3--300x164.jpg?ver=a6b34f8020bc9cc9b97bc8eaff0cb4c7 300w, https:\/\/brtk.net\/wp-content\/uploads\/2023\/09\/07\/icisleri-bakani-oguz-tdt-afet-ve-acil-durumlar-yonetimi-2inci-balkanlar-toplantisinda-konustu-3--768x419.jpg?ver=a6b34f8020bc9cc9b97bc8eaff0cb4c7 768w\"\/>                            <\/div>\n<p>\u0130\u00e7i\u015fleri Bakan\u0131 Dursun O\u011fuz, T\u00fcrk Devletler Te\u015fkilat\u0131 (TDT) Afet ve Acil Durumlar Y\u00f6netimi 2. Bakanlar Toplant\u0131s\u0131\u2019nda konu\u015fma yapt\u0131.<\/p>\n<p>Bakanl\u0131ktan verilen bilgiye g\u00f6re, O\u011fuz yapt\u0131\u011f\u0131 konu\u015fmada, toplant\u0131ya ev sahipli\u011fi yapan Azerbaycan Devleti Ola\u011fan\u00fcst\u00fc Haller Bakan\u0131 Kemaleddin Haydarov\u2019a, Genel Sekreter B\u00fcy\u00fckel\u00e7i Kuban\u0131\u00e7bek \u00d6m\u00fcraliyev ile T\u00fcrk Devletleri Te\u015fkilat\u0131 Sekreteryas\u0131\u2019na te\u015fekk\u00fcr etti.<\/p>\n<p><a href=\"https:\/\/brtk.net\/\"\/><a href=\"https:\/\/brtk.net\/\"\/><a href=\"https:\/\/brtk.net\/\"\/><a href=\"https:\/\/brtk.net\/\"\/><a href=\"https:\/\/brtk.net\/\">KKTC<\/a>\u2019de meydana gelebilecek herhangi bir afet ve acil duruma kar\u015f\u0131 acil y\u00f6netim plan\u0131n\u0131n haz\u0131r oldu\u011funu ifade eden O\u011fuz, iklim de\u011fi\u015fikli\u011fi ve k\u00fcresel \u0131s\u0131nma sonucu son zamanlarda d\u00fcnya genelinde ya\u015fan\u0131lan do\u011fal afetlerin oldu\u011funu ve yak\u0131n tarihte <a href=\"https:\/\/brtk.net\/\"\/><a href=\"https:\/\/brtk.net\/\"\/><a href=\"https:\/\/brtk.net\/\"\/><a href=\"https:\/\/brtk.net\/\"\/><a href=\"https:\/\/brtk.net\/\">KKTC<\/a>\u2019de de orman yang\u0131n\u0131n\u0131n ya\u015fand\u0131\u011f\u0131n\u0131 payla\u015ft\u0131.<\/p>\n<p>Anavatan T\u00fcrkiye Cumhuriyeti\u2019nde ya\u015fanan deprem felaketinin ard\u0131ndan afet ve acil durum s\u0131ras\u0131nda an\u0131nda i\u015f birli\u011finin \u00f6neminin bir kez daha hat\u0131rland\u0131\u011f\u0131n\u0131 dile getiren O\u011fuz, \u201cDeprem sonras\u0131nda olu\u015fturulan T\u00fcrk Devletleri Te\u015fkilat\u0131 Sivil Koruma Mekanizmas\u0131, T\u00fcrk d\u00fcnyas\u0131 topraklar\u0131nda meydana gelebilecek afetlerde acil durum deste\u011fini sa\u011flamak, insani ve t\u0131bbi yard\u0131m ula\u015ft\u0131rmak, bar\u0131nma ihtiyac\u0131n\u0131 gidermek gibi faaliyetlerde bulunabilecektir. Ya\u015fanmas\u0131na engel olamayaca\u011f\u0131m\u0131z bu gibi do\u011fal afetler sebebiyle olu\u015fabilecek y\u0131k\u0131c\u0131 sonu\u00e7lar\u0131n ancak T\u00fcrk d\u00fcnyas\u0131 olarak i\u015f birli\u011fimiz ve dayan\u0131\u015fmam\u0131z sayesinde \u00fcstesinden gelebiliriz. Bu nedenledir ki; halklar\u0131m\u0131z\u0131, medeniyetlerimizi ve ekonomilerimizi korumak i\u00e7in daha s\u0131k\u0131 bir i\u015f birli\u011fi i\u00e7inde olmam\u0131z gerekmektedir.\u201d dedi.<\/p>\n<p>\u201cG\u00fcney K\u0131br\u0131s Rum Y\u00f6netimi yanl\u0131s\u0131 olan Birle\u015fmi\u015f Milletler ve Avrupa Birli\u011fi \u00e7at\u0131s\u0131 alt\u0131nda olu\u015fturulan benzer insan\u0131 yard\u0131m mekanizmalar\u0131ndan haks\u0131z siyasi gerek\u00e7elerle <a href=\"https:\/\/brtk.net\/\"\/><a href=\"https:\/\/brtk.net\/\"\/><a href=\"https:\/\/brtk.net\/\"\/><a href=\"https:\/\/brtk.net\/\"\/><a href=\"https:\/\/brtk.net\/\">KKTC<\/a>\u2019nin d\u0131\u015fland\u0131\u011f\u0131n\u0131\u201d belirten O\u011fuz, <a href=\"https:\/\/brtk.net\/\"\/><a href=\"https:\/\/brtk.net\/\"\/><a href=\"https:\/\/brtk.net\/\"\/><a href=\"https:\/\/brtk.net\/\"\/><a href=\"https:\/\/brtk.net\/\">KKTC<\/a> olarak hayati bir giri\u015fimin par\u00e7as\u0131 olman\u0131n \u00f6nemine de\u011findi.<\/p>\n<p>Konu\u015fmas\u0131nda, felaketlerin yeniden ve hi\u00e7bir zaman ya\u015fanmamas\u0131n\u0131 temenni eden O\u011fuz, olas\u0131 benzer felaketlerin ya\u015fanmas\u0131 durumunda da b\u00fcy\u00fck T\u00fcrk d\u00fcnyas\u0131n\u0131n ayr\u0131lmaz bir par\u00e7as\u0131 olan\u00a0 K\u0131br\u0131s T\u00fcrk halk\u0131n\u0131n T\u00fcrkiye\u2019de meydana gelen deprem felaketinde oldu\u011fu gibi, di\u011fer soyda\u015flar\u0131n\u0131n da ihtiya\u00e7 duyduklar\u0131 anda t\u00fcm imkanlar\u0131 ile yanlar\u0131nda olmaya haz\u0131r oldu\u011funu belirtti.<\/p>\n<p><a href=\"https:\/\/brtk.net\/\"\/><a href=\"https:\/\/brtk.net\/\"\/><a href=\"https:\/\/brtk.net\/\"\/><a href=\"https:\/\/brtk.net\/\"\/><a href=\"https:\/\/brtk.net\/\">KKTC<\/a>\u2019nin afet ve acil durum i\u015f birli\u011finin ve koordinasyonunun geli\u015ftirilmesi ve g\u00fc\u00e7lendirilmesi ba\u015fta olmak \u00fczere her t\u00fcrl\u00fc \u00e7al\u0131\u015fmada yer almaya ve destek vermeye kararl\u0131 oldu\u011funun alt\u0131n\u0131 \u00e7izen O\u011fuz, \u201cT\u00fcrk Devletleri Te\u015fkilat\u0131\u2019n\u0131n Sivil Koruma Mekanizmas\u0131 \u00e7at\u0131s\u0131 alt\u0131nda ele al\u0131nacak olan t\u00fcm konularda katk\u0131 koymaya, deneyimlerimizi payla\u015fmaya ve ortak bir tatbikat \u00e7al\u0131\u015fmas\u0131na ev sahipli\u011fi yapmaya da haz\u0131r oldu\u011fumuzu belirtmek isterim\u201d ifadelerine yer verdi.<\/p>\n<p>\u015eubat depreminde <a href=\"https:\/\/brtk.net\/\"\/><a href=\"https:\/\/brtk.net\/\"\/><a href=\"https:\/\/brtk.net\/\"\/><a href=\"https:\/\/brtk.net\/\"\/><a href=\"https:\/\/brtk.net\/\">KKTC<\/a>\u2019nin ya\u015fad\u0131\u011f\u0131 b\u00fcy\u00fck kay\u0131plara da de\u011finen O\u011fuz, konu\u015fmas\u0131na \u015f\u00f6yle devam etti:<\/p>\n<p>\u201c6 \u015eubat 2023 tarihinde T\u00fcrkiye Cumhuriyeti\u2019nde meydana gelen b\u00fcy\u00fck deprem felaketinde millet olarak kay\u0131plar\u0131m\u0131z b\u00fcy\u00fck olmu\u015ftur.<\/p>\n<p>Ya\u015fanan deprem felaketinde Kuzey K\u0131br\u0131s T\u00fcrk Cumhuriyeti olarak 49 vatanda\u015f\u0131m\u0131z\u0131 kaybettik.\u00a0 Kay\u0131plar\u0131m\u0131z aras\u0131nda \u00fclkemizin gelece\u011fi, en parlak beyinleri ve ba\u015far\u0131l\u0131 sporcu evlatlar\u0131m\u0131z, \u00f6\u011fretmen karde\u015flerimiz de vard\u0131.<\/p>\n<p>\u00dclkemizi ba\u015far\u0131 ile temsil eden 35 ki\u015filik kafilemizde yer alan gen\u00e7lerimizin kayb\u0131 toplum olarak bizlerde kapanmayacak yaralar a\u00e7m\u0131\u015ft\u0131r.<\/p>\n<p>Kuzey K\u0131br\u0131s T\u00fcrk Cumhuriyeti h\u00fck\u00fcmeti olarak g\u00f6rev \u015fehidi ilan etti\u011fimiz \u201c\u015eampiyon Melekler\u201dimizin an\u0131s\u0131n\u0131 ya\u015fatmak, onlar\u0131n huzur i\u00e7inde yatmas\u0131 i\u00e7in T\u00fcrk devletleri aras\u0131ndaki sivil koruma mekanizmas\u0131n\u0131 tesis etmek ve geli\u015ftirmek ad\u0131na bug\u00fcn burada olmak, bu konularda birlikte m\u00fccadele etmek, \u015eampiyon Meleklerimizi ve t\u00fcm kay\u0131plar\u0131m\u0131z\u0131 yad ederken bu gibi do\u011fal afetlere kar\u015f\u0131 haz\u0131rl\u0131kl\u0131 bulunmak ad\u0131na her zaman dayan\u0131\u015fma i\u00e7inde olmak \u00e7ok k\u0131ymetlidir.\u00a0<\/p>\n<p>6 \u015eubat 2023 tarihinde T\u00fcrkiye Cumhuriyeti\u2019nde meydana gelen b\u00fcy\u00fck deprem felaketi ba\u015fta olmak \u00fczere bug\u00fcne kadar do\u011fal afetler nedeni ile kaybetti\u011fimiz t\u00fcm insanlar\u0131m\u0131z\u0131 ve \u00fclkemizi temsilen g\u00f6rev s\u0131ras\u0131nda yitirdi\u011fimiz \u015eampiyon Meleklerimizi siz karde\u015f \u00fclkelerimizin huzurunda bir kez daha rahmetle an\u0131yor, an\u0131lar\u0131 \u00f6n\u00fcnde sayg\u0131yla e\u011filiyorum.\u201d<\/p>\n<\/p><\/div>\n","protected":false},"excerpt":{"rendered":"<p>\u0130\u00e7i\u015fleri Bakan\u0131 Dursun O\u011fuz, T\u00fcrk Devletler Te\u015fkilat\u0131 (TDT) Afet ve Acil Durumlar Y\u00f6netimi 2. Bakanlar Toplant\u0131s\u0131\u2019nda konu\u015fma yapt\u0131. Bakanl\u0131ktan verilen bilgiye g\u00f6re, O\u011fuz yapt\u0131\u011f\u0131 konu\u015fmada, toplant\u0131ya ev sahipli\u011fi yapan Azerbaycan Devleti Ola\u011fan\u00fcst\u00fc Haller Bakan\u0131 Kemaleddin Haydarov\u2019a, Genel Sekreter B\u00fcy\u00fckel\u00e7i Kuban\u0131\u00e7bek \u00d6m\u00fcraliyev ile T\u00fcrk Devletleri Te\u015fkilat\u0131 Sekreteryas\u0131\u2019na te\u015fekk\u00fcr etti. KKTC\u2019de meydana gelebilecek herhangi bir afet ve<\/p>\n","protected":false},"author":1,"featured_media":13393,"comment_status":"open","ping_status":"open","sticky":false,"template":"","format":"standard","meta":{"footnotes":""},"categories":[1],"tags":[],"class_list":["post-13392","post","type-post","status-publish","format-standard","has-post-thumbnail","hentry","category-gundem"],"yoast_head":"<!-- This site is optimized with the Yoast SEO plugin v27.4 - https:\/\/yoast.com\/product\/yoast-seo-wordpress\/ -->\n<title>\u0130\u00e7i\u015fleri Bakan\u0131 O\u011fuz, \u201cTDT Afet ve Acil Durumlar Y\u00f6netimi 2. Bakanlar Toplant\u0131s\u0131\u201dnda konu\u015fma yapt\u0131 -<\/title>\n<meta name=\"robots\" content=\"index, follow, max-snippet:-1, max-image-preview:large, max-video-preview:-1\" \/>\n<link rel=\"canonical\" href=\"https:\/\/kibrisdakik.com\/?p=13392\" \/>\n<meta property=\"og:locale\" content=\"tr_TR\" \/>\n<meta property=\"og:type\" content=\"article\" \/>\n<meta property=\"og:title\" content=\"\u0130\u00e7i\u015fleri Bakan\u0131 O\u011fuz, \u201cTDT Afet ve Acil Durumlar Y\u00f6netimi 2. Bakanlar Toplant\u0131s\u0131\u201dnda konu\u015fma yapt\u0131 -\" \/>\n<meta property=\"og:description\" content=\"\u0130\u00e7i\u015fleri Bakan\u0131 Dursun O\u011fuz, T\u00fcrk Devletler Te\u015fkilat\u0131 (TDT) Afet ve Acil Durumlar Y\u00f6netimi 2. Bakanlar Toplant\u0131s\u0131\u2019nda konu\u015fma yapt\u0131. Bakanl\u0131ktan verilen bilgiye g\u00f6re, O\u011fuz yapt\u0131\u011f\u0131 konu\u015fmada, toplant\u0131ya ev sahipli\u011fi yapan Azerbaycan Devleti Ola\u011fan\u00fcst\u00fc Haller Bakan\u0131 Kemaleddin Haydarov\u2019a, Genel Sekreter B\u00fcy\u00fckel\u00e7i Kuban\u0131\u00e7bek \u00d6m\u00fcraliyev ile T\u00fcrk Devletleri Te\u015fkilat\u0131 Sekreteryas\u0131\u2019na te\u015fekk\u00fcr etti. KKTC\u2019de meydana gelebilecek herhangi bir afet ve\" \/>\n<meta property=\"og:url\" content=\"https:\/\/kibrisdakik.com\/?p=13392\" \/>\n<meta property=\"article:published_time\" content=\"2023-09-08T00:01:19+00:00\" \/>\n<meta property=\"og:image\" content=\"https:\/\/kibrisdakik.com\/wp-content\/uploads\/2023\/09\/icisleri-bakani-oguz-tdt-afet-ve-acil-durumlar-yonetimi-2inci-balkanlar-toplantisinda-konustu-3--740x420.jpg\" \/>\n\t<meta property=\"og:image:width\" content=\"930\" \/>\n\t<meta property=\"og:image:height\" content=\"507\" \/>\n\t<meta property=\"og:image:type\" content=\"image\/jpeg\" \/>\n<meta name=\"author\" content=\"admin\" \/>\n<meta name=\"twitter:card\" content=\"summary_large_image\" \/>\n<meta name=\"twitter:label1\" content=\"Yazan:\" \/>\n\t<meta name=\"twitter:data1\" content=\"admin\" \/>\n\t<meta name=\"twitter:label2\" content=\"Tahmini okuma s\u00fcresi\" \/>\n\t<meta name=\"twitter:data2\" content=\"4 dakika\" \/>\n<script type=\"application\/ld+json\" class=\"yoast-schema-graph\">{\"@context\":\"https:\\\/\\\/schema.org\",\"@graph\":[{\"@type\":\"Article\",\"@id\":\"https:\\\/\\\/kibrisdakik.com\\\/?p=13392#article\",\"isPartOf\":{\"@id\":\"https:\\\/\\\/kibrisdakik.com\\\/?p=13392\"},\"author\":{\"name\":\"admin\",\"@id\":\"https:\\\/\\\/kibrisdakik.com\\\/#\\\/schema\\\/person\\\/9cd9d437bbb44f72b73ba127e06d8e79\"},\"headline\":\"\u0130\u00e7i\u015fleri Bakan\u0131 O\u011fuz, \u201cTDT Afet ve Acil Durumlar Y\u00f6netimi 2. Bakanlar Toplant\u0131s\u0131\u201dnda konu\u015fma yapt\u0131\",\"datePublished\":\"2023-09-08T00:01:19+00:00\",\"mainEntityOfPage\":{\"@id\":\"https:\\\/\\\/kibrisdakik.com\\\/?p=13392\"},\"wordCount\":783,\"commentCount\":0,\"image\":{\"@id\":\"https:\\\/\\\/kibrisdakik.com\\\/?p=13392#primaryimage\"},\"thumbnailUrl\":\"https:\\\/\\\/kibrisdakik.com\\\/wp-content\\\/uploads\\\/2023\\\/09\\\/icisleri-bakani-oguz-tdt-afet-ve-acil-durumlar-yonetimi-2inci-balkanlar-toplantisinda-konustu-3--740x420.jpg\",\"articleSection\":[\"G\u00fcndem\"],\"inLanguage\":\"tr\",\"potentialAction\":[{\"@type\":\"CommentAction\",\"name\":\"Comment\",\"target\":[\"https:\\\/\\\/kibrisdakik.com\\\/?p=13392#respond\"]}]},{\"@type\":\"WebPage\",\"@id\":\"https:\\\/\\\/kibrisdakik.com\\\/?p=13392\",\"url\":\"https:\\\/\\\/kibrisdakik.com\\\/?p=13392\",\"name\":\"\u0130\u00e7i\u015fleri Bakan\u0131 O\u011fuz, \u201cTDT Afet ve Acil Durumlar Y\u00f6netimi 2. Bakanlar Toplant\u0131s\u0131\u201dnda konu\u015fma yapt\u0131 -\",\"isPartOf\":{\"@id\":\"https:\\\/\\\/kibrisdakik.com\\\/#website\"},\"primaryImageOfPage\":{\"@id\":\"https:\\\/\\\/kibrisdakik.com\\\/?p=13392#primaryimage\"},\"image\":{\"@id\":\"https:\\\/\\\/kibrisdakik.com\\\/?p=13392#primaryimage\"},\"thumbnailUrl\":\"https:\\\/\\\/kibrisdakik.com\\\/wp-content\\\/uploads\\\/2023\\\/09\\\/icisleri-bakani-oguz-tdt-afet-ve-acil-durumlar-yonetimi-2inci-balkanlar-toplantisinda-konustu-3--740x420.jpg\",\"datePublished\":\"2023-09-08T00:01:19+00:00\",\"author\":{\"@id\":\"https:\\\/\\\/kibrisdakik.com\\\/#\\\/schema\\\/person\\\/9cd9d437bbb44f72b73ba127e06d8e79\"},\"breadcrumb\":{\"@id\":\"https:\\\/\\\/kibrisdakik.com\\\/?p=13392#breadcrumb\"},\"inLanguage\":\"tr\",\"potentialAction\":[{\"@type\":\"ReadAction\",\"target\":[\"https:\\\/\\\/kibrisdakik.com\\\/?p=13392\"]}]},{\"@type\":\"ImageObject\",\"inLanguage\":\"tr\",\"@id\":\"https:\\\/\\\/kibrisdakik.com\\\/?p=13392#primaryimage\",\"url\":\"https:\\\/\\\/kibrisdakik.com\\\/wp-content\\\/uploads\\\/2023\\\/09\\\/icisleri-bakani-oguz-tdt-afet-ve-acil-durumlar-yonetimi-2inci-balkanlar-toplantisinda-konustu-3--740x420.jpg\",\"contentUrl\":\"https:\\\/\\\/kibrisdakik.com\\\/wp-content\\\/uploads\\\/2023\\\/09\\\/icisleri-bakani-oguz-tdt-afet-ve-acil-durumlar-yonetimi-2inci-balkanlar-toplantisinda-konustu-3--740x420.jpg\",\"width\":930,\"height\":507},{\"@type\":\"BreadcrumbList\",\"@id\":\"https:\\\/\\\/kibrisdakik.com\\\/?p=13392#breadcrumb\",\"itemListElement\":[{\"@type\":\"ListItem\",\"position\":1,\"name\":\"Home\",\"item\":\"https:\\\/\\\/kibrisdakik.com\\\/\"},{\"@type\":\"ListItem\",\"position\":2,\"name\":\"\u0130\u00e7i\u015fleri Bakan\u0131 O\u011fuz, \u201cTDT Afet ve Acil Durumlar Y\u00f6netimi 2. Bakanlar Toplant\u0131s\u0131\u201dnda konu\u015fma yapt\u0131\"}]},{\"@type\":\"WebSite\",\"@id\":\"https:\\\/\\\/kibrisdakik.com\\\/#website\",\"url\":\"https:\\\/\\\/kibrisdakik.com\\\/\",\"name\":\"\",\"description\":\"Tam vaktinde haber\",\"potentialAction\":[{\"@type\":\"SearchAction\",\"target\":{\"@type\":\"EntryPoint\",\"urlTemplate\":\"https:\\\/\\\/kibrisdakik.com\\\/?s={search_term_string}\"},\"query-input\":{\"@type\":\"PropertyValueSpecification\",\"valueRequired\":true,\"valueName\":\"search_term_string\"}}],\"inLanguage\":\"tr\"},{\"@type\":\"Person\",\"@id\":\"https:\\\/\\\/kibrisdakik.com\\\/#\\\/schema\\\/person\\\/9cd9d437bbb44f72b73ba127e06d8e79\",\"name\":\"admin\",\"image\":{\"@type\":\"ImageObject\",\"inLanguage\":\"tr\",\"@id\":\"https:\\\/\\\/secure.gravatar.com\\\/avatar\\\/ccc17943b9d660506c869530f897617f7cb1c21a4bf30023f252596d83e1f007?s=96&d=mm&r=g\",\"url\":\"https:\\\/\\\/secure.gravatar.com\\\/avatar\\\/ccc17943b9d660506c869530f897617f7cb1c21a4bf30023f252596d83e1f007?s=96&d=mm&r=g\",\"contentUrl\":\"https:\\\/\\\/secure.gravatar.com\\\/avatar\\\/ccc17943b9d660506c869530f897617f7cb1c21a4bf30023f252596d83e1f007?s=96&d=mm&r=g\",\"caption\":\"admin\"},\"sameAs\":[\"https:\\\/\\\/kibrisdakik.com\"],\"url\":\"https:\\\/\\\/kibrisdakik.com\\\/?author=1\"}]}<\/script>\n<!-- \/ Yoast SEO plugin. -->","yoast_head_json":{"title":"\u0130\u00e7i\u015fleri Bakan\u0131 O\u011fuz, \u201cTDT Afet ve Acil Durumlar Y\u00f6netimi 2. Bakanlar Toplant\u0131s\u0131\u201dnda konu\u015fma yapt\u0131 -","robots":{"index":"index","follow":"follow","max-snippet":"max-snippet:-1","max-image-preview":"max-image-preview:large","max-video-preview":"max-video-preview:-1"},"canonical":"https:\/\/kibrisdakik.com\/?p=13392","og_locale":"tr_TR","og_type":"article","og_title":"\u0130\u00e7i\u015fleri Bakan\u0131 O\u011fuz, \u201cTDT Afet ve Acil Durumlar Y\u00f6netimi 2. Bakanlar Toplant\u0131s\u0131\u201dnda konu\u015fma yapt\u0131 -","og_description":"\u0130\u00e7i\u015fleri Bakan\u0131 Dursun O\u011fuz, T\u00fcrk Devletler Te\u015fkilat\u0131 (TDT) Afet ve Acil Durumlar Y\u00f6netimi 2. Bakanlar Toplant\u0131s\u0131\u2019nda konu\u015fma yapt\u0131. Bakanl\u0131ktan verilen bilgiye g\u00f6re, O\u011fuz yapt\u0131\u011f\u0131 konu\u015fmada, toplant\u0131ya ev sahipli\u011fi yapan Azerbaycan Devleti Ola\u011fan\u00fcst\u00fc Haller Bakan\u0131 Kemaleddin Haydarov\u2019a, Genel Sekreter B\u00fcy\u00fckel\u00e7i Kuban\u0131\u00e7bek \u00d6m\u00fcraliyev ile T\u00fcrk Devletleri Te\u015fkilat\u0131 Sekreteryas\u0131\u2019na te\u015fekk\u00fcr etti. KKTC\u2019de meydana gelebilecek herhangi bir afet ve","og_url":"https:\/\/kibrisdakik.com\/?p=13392","article_published_time":"2023-09-08T00:01:19+00:00","og_image":[{"width":930,"height":507,"url":"https:\/\/kibrisdakik.com\/wp-content\/uploads\/2023\/09\/icisleri-bakani-oguz-tdt-afet-ve-acil-durumlar-yonetimi-2inci-balkanlar-toplantisinda-konustu-3--740x420.jpg","type":"image\/jpeg"}],"author":"admin","twitter_card":"summary_large_image","twitter_misc":{"Yazan:":"admin","Tahmini okuma s\u00fcresi":"4 dakika"},"schema":{"@context":"https:\/\/schema.org","@graph":[{"@type":"Article","@id":"https:\/\/kibrisdakik.com\/?p=13392#article","isPartOf":{"@id":"https:\/\/kibrisdakik.com\/?p=13392"},"author":{"name":"admin","@id":"https:\/\/kibrisdakik.com\/#\/schema\/person\/9cd9d437bbb44f72b73ba127e06d8e79"},"headline":"\u0130\u00e7i\u015fleri Bakan\u0131 O\u011fuz, \u201cTDT Afet ve Acil Durumlar Y\u00f6netimi 2. Bakanlar Toplant\u0131s\u0131\u201dnda konu\u015fma yapt\u0131","datePublished":"2023-09-08T00:01:19+00:00","mainEntityOfPage":{"@id":"https:\/\/kibrisdakik.com\/?p=13392"},"wordCount":783,"commentCount":0,"image":{"@id":"https:\/\/kibrisdakik.com\/?p=13392#primaryimage"},"thumbnailUrl":"https:\/\/kibrisdakik.com\/wp-content\/uploads\/2023\/09\/icisleri-bakani-oguz-tdt-afet-ve-acil-durumlar-yonetimi-2inci-balkanlar-toplantisinda-konustu-3--740x420.jpg","articleSection":["G\u00fcndem"],"inLanguage":"tr","potentialAction":[{"@type":"CommentAction","name":"Comment","target":["https:\/\/kibrisdakik.com\/?p=13392#respond"]}]},{"@type":"WebPage","@id":"https:\/\/kibrisdakik.com\/?p=13392","url":"https:\/\/kibrisdakik.com\/?p=13392","name":"\u0130\u00e7i\u015fleri Bakan\u0131 O\u011fuz, \u201cTDT Afet ve Acil Durumlar Y\u00f6netimi 2. Bakanlar Toplant\u0131s\u0131\u201dnda konu\u015fma yapt\u0131 -","isPartOf":{"@id":"https:\/\/kibrisdakik.com\/#website"},"primaryImageOfPage":{"@id":"https:\/\/kibrisdakik.com\/?p=13392#primaryimage"},"image":{"@id":"https:\/\/kibrisdakik.com\/?p=13392#primaryimage"},"thumbnailUrl":"https:\/\/kibrisdakik.com\/wp-content\/uploads\/2023\/09\/icisleri-bakani-oguz-tdt-afet-ve-acil-durumlar-yonetimi-2inci-balkanlar-toplantisinda-konustu-3--740x420.jpg","datePublished":"2023-09-08T00:01:19+00:00","author":{"@id":"https:\/\/kibrisdakik.com\/#\/schema\/person\/9cd9d437bbb44f72b73ba127e06d8e79"},"breadcrumb":{"@id":"https:\/\/kibrisdakik.com\/?p=13392#breadcrumb"},"inLanguage":"tr","potentialAction":[{"@type":"ReadAction","target":["https:\/\/kibrisdakik.com\/?p=13392"]}]},{"@type":"ImageObject","inLanguage":"tr","@id":"https:\/\/kibrisdakik.com\/?p=13392#primaryimage","url":"https:\/\/kibrisdakik.com\/wp-content\/uploads\/2023\/09\/icisleri-bakani-oguz-tdt-afet-ve-acil-durumlar-yonetimi-2inci-balkanlar-toplantisinda-konustu-3--740x420.jpg","contentUrl":"https:\/\/kibrisdakik.com\/wp-content\/uploads\/2023\/09\/icisleri-bakani-oguz-tdt-afet-ve-acil-durumlar-yonetimi-2inci-balkanlar-toplantisinda-konustu-3--740x420.jpg","width":930,"height":507},{"@type":"BreadcrumbList","@id":"https:\/\/kibrisdakik.com\/?p=13392#breadcrumb","itemListElement":[{"@type":"ListItem","position":1,"name":"Home","item":"https:\/\/kibrisdakik.com\/"},{"@type":"ListItem","position":2,"name":"\u0130\u00e7i\u015fleri Bakan\u0131 O\u011fuz, \u201cTDT Afet ve Acil Durumlar Y\u00f6netimi 2. Bakanlar Toplant\u0131s\u0131\u201dnda konu\u015fma yapt\u0131"}]},{"@type":"WebSite","@id":"https:\/\/kibrisdakik.com\/#website","url":"https:\/\/kibrisdakik.com\/","name":"","description":"Tam vaktinde haber","potentialAction":[{"@type":"SearchAction","target":{"@type":"EntryPoint","urlTemplate":"https:\/\/kibrisdakik.com\/?s={search_term_string}"},"query-input":{"@type":"PropertyValueSpecification","valueRequired":true,"valueName":"search_term_string"}}],"inLanguage":"tr"},{"@type":"Person","@id":"https:\/\/kibrisdakik.com\/#\/schema\/person\/9cd9d437bbb44f72b73ba127e06d8e79","name":"admin","image":{"@type":"ImageObject","inLanguage":"tr","@id":"https:\/\/secure.gravatar.com\/avatar\/ccc17943b9d660506c869530f897617f7cb1c21a4bf30023f252596d83e1f007?s=96&d=mm&r=g","url":"https:\/\/secure.gravatar.com\/avatar\/ccc17943b9d660506c869530f897617f7cb1c21a4bf30023f252596d83e1f007?s=96&d=mm&r=g","contentUrl":"https:\/\/secure.gravatar.com\/avatar\/ccc17943b9d660506c869530f897617f7cb1c21a4bf30023f252596d83e1f007?s=96&d=mm&r=g","caption":"admin"},"sameAs":["https:\/\/kibrisdakik.com"],"url":"https:\/\/kibrisdakik.com\/?author=1"}]}},"_links":{"self":[{"href":"https:\/\/kibrisdakik.com\/index.php?rest_route=\/wp\/v2\/posts\/13392","targetHints":{"allow":["GET"]}}],"collection":[{"href":"https:\/\/kibrisdakik.com\/index.php?rest_route=\/wp\/v2\/posts"}],"about":[{"href":"https:\/\/kibrisdakik.com\/index.php?rest_route=\/wp\/v2\/types\/post"}],"author":[{"embeddable":true,"href":"https:\/\/kibrisdakik.com\/index.php?rest_route=\/wp\/v2\/users\/1"}],"replies":[{"embeddable":true,"href":"https:\/\/kibrisdakik.com\/index.php?rest_route=%2Fwp%2Fv2%2Fcomments&post=13392"}],"version-history":[{"count":0,"href":"https:\/\/kibrisdakik.com\/index.php?rest_route=\/wp\/v2\/posts\/13392\/revisions"}],"wp:featuredmedia":[{"embeddable":true,"href":"https:\/\/kibrisdakik.com\/index.php?rest_route=\/wp\/v2\/media\/13393"}],"wp:attachment":[{"href":"https:\/\/kibrisdakik.com\/index.php?rest_route=%2Fwp%2Fv2%2Fmedia&parent=13392"}],"wp:term":[{"taxonomy":"category","embeddable":true,"href":"https:\/\/kibrisdakik.com\/index.php?rest_route=%2Fwp%2Fv2%2Fcategories&post=13392"},{"taxonomy":"post_tag","embeddable":true,"href":"https:\/\/kibrisdakik.com\/index.php?rest_route=%2Fwp%2Fv2%2Ftags&post=13392"}],"curies":[{"name":"wp","href":"https:\/\/api.w.org\/{rel}","templated":true}]}}