{"id":13400,"date":"2023-09-08T07:09:28","date_gmt":"2023-09-08T07:09:28","guid":{"rendered":"https:\/\/kibrisdakik.com\/index.php\/2023\/09\/08\/meclis-baskani-tore-fizyoterapistler-gunu-etkinligine-katildi\/"},"modified":"2023-09-08T07:09:28","modified_gmt":"2023-09-08T07:09:28","slug":"meclis-baskani-tore-fizyoterapistler-gunu-etkinligine-katildi","status":"publish","type":"post","link":"https:\/\/kibrisdakik.com\/?p=13400","title":{"rendered":"Meclis Ba\u015fkan\u0131 T\u00f6re Fizyoterapistler G\u00fcn\u00fc etkinli\u011fine kat\u0131ld\u0131"},"content":{"rendered":"<p><\/p>\n<div>\n<div class=\"mariselle-image-container center\">\n                <img width=\"1800\" height=\"1200\" class=\"lazy-image\" alt=\"\" decoding=\"async\" loading=\"lazy\" sizes=\"auto, (max-width: 1800px) 100vw, 1800px\" src=\"https:\/\/brtk.net\/wp-content\/uploads\/2023\/09\/08\/tore-fizyoterapistler-2-.jpg?ver=62fbf403897e2e1c3460ab828ffb72d0\" srcset=\"https:\/\/brtk.net\/wp-content\/uploads\/2023\/09\/08\/tore-fizyoterapistler-2-.jpg?ver=62fbf403897e2e1c3460ab828ffb72d0 1800w, https:\/\/brtk.net\/wp-content\/uploads\/2023\/09\/08\/tore-fizyoterapistler-2--300x200.jpg?ver=ba960fc299e8ecdf248e83b9f5b889db 300w, https:\/\/brtk.net\/wp-content\/uploads\/2023\/09\/08\/tore-fizyoterapistler-2--1024x683.jpg?ver=ba960fc299e8ecdf248e83b9f5b889db 1024w, https:\/\/brtk.net\/wp-content\/uploads\/2023\/09\/08\/tore-fizyoterapistler-2--768x512.jpg?ver=ba960fc299e8ecdf248e83b9f5b889db 768w, https:\/\/brtk.net\/wp-content\/uploads\/2023\/09\/08\/tore-fizyoterapistler-2--1536x1024.jpg?ver=7a1eea1ab1bba52fb9d5a9b6bf49ef66 1536w\"\/>                            <\/div>\n<p>Cumhuriyet Meclisi Ba\u015fkan\u0131 Zorlu T\u00f6re, K\u0131br\u0131s T\u00fcrk Fizyoterapistler Birli\u011fi taraf\u0131ndan Fizyoterapistler G\u00fcn\u00fc vesilesiyle d\u00fczenlenen etkinli\u011fe kat\u0131ld\u0131.<\/p>\n<p>Meclis Ba\u015fkanl\u0131\u011f\u0131ndan verilen bilgiye g\u00f6re, T\u00f6re etkinlikte yapt\u0131\u011f\u0131 konu\u015fmada, sa\u011fl\u0131k sisteminde fizyoterapinin \u00e7ok \u00f6nemli bir yeri oldu\u011funu, fizyoterapistlerin daha iyi \u015fartlarda hizmet verebilmeleri konusunda h\u00fck\u00fcmet ve Meclis olarak \u00fczerlerine d\u00fc\u015fen g\u00f6revi yerine getirmeye haz\u0131r olduklar\u0131n\u0131 kaydetti.<\/p>\n<p>Ba\u015fkan T\u00f6re, fizyoterapistlerin g\u00fcn\u00fcn\u00fc kutlayarak g\u00f6revlerinde ba\u015far\u0131lar diledi.<\/p>\n<\/p><\/div>\n","protected":false},"excerpt":{"rendered":"<p>Cumhuriyet Meclisi Ba\u015fkan\u0131 Zorlu T\u00f6re, K\u0131br\u0131s T\u00fcrk Fizyoterapistler Birli\u011fi taraf\u0131ndan Fizyoterapistler G\u00fcn\u00fc vesilesiyle d\u00fczenlenen etkinli\u011fe kat\u0131ld\u0131. Meclis Ba\u015fkanl\u0131\u011f\u0131ndan verilen bilgiye g\u00f6re, T\u00f6re etkinlikte yapt\u0131\u011f\u0131 konu\u015fmada, sa\u011fl\u0131k sisteminde fizyoterapinin \u00e7ok \u00f6nemli bir yeri oldu\u011funu, fizyoterapistlerin daha iyi \u015fartlarda hizmet verebilmeleri konusunda h\u00fck\u00fcmet ve Meclis olarak \u00fczerlerine d\u00fc\u015fen g\u00f6revi yerine getirmeye haz\u0131r olduklar\u0131n\u0131 kaydetti. Ba\u015fkan T\u00f6re, fizyoterapistlerin<\/p>\n","protected":false},"author":1,"featured_media":13401,"comment_status":"open","ping_status":"open","sticky":false,"template":"","format":"standard","meta":{"footnotes":""},"categories":[1],"tags":[],"class_list":["post-13400","post","type-post","status-publish","format-standard","has-post-thumbnail","hentry","category-gundem"],"yoast_head":"<!-- This site is optimized with the Yoast SEO plugin v27.5 - https:\/\/yoast.com\/product\/yoast-seo-wordpress\/ -->\n<title>Meclis Ba\u015fkan\u0131 T\u00f6re Fizyoterapistler G\u00fcn\u00fc etkinli\u011fine kat\u0131ld\u0131 -<\/title>\n<meta name=\"robots\" content=\"index, follow, max-snippet:-1, max-image-preview:large, max-video-preview:-1\" \/>\n<link rel=\"canonical\" href=\"https:\/\/kibrisdakik.com\/?p=13400\" \/>\n<meta property=\"og:locale\" content=\"tr_TR\" \/>\n<meta property=\"og:type\" content=\"article\" \/>\n<meta property=\"og:title\" content=\"Meclis Ba\u015fkan\u0131 T\u00f6re Fizyoterapistler G\u00fcn\u00fc etkinli\u011fine kat\u0131ld\u0131 -\" \/>\n<meta property=\"og:description\" content=\"Cumhuriyet Meclisi Ba\u015fkan\u0131 Zorlu T\u00f6re, K\u0131br\u0131s T\u00fcrk Fizyoterapistler Birli\u011fi taraf\u0131ndan Fizyoterapistler G\u00fcn\u00fc vesilesiyle d\u00fczenlenen etkinli\u011fe kat\u0131ld\u0131. Meclis Ba\u015fkanl\u0131\u011f\u0131ndan verilen bilgiye g\u00f6re, T\u00f6re etkinlikte yapt\u0131\u011f\u0131 konu\u015fmada, sa\u011fl\u0131k sisteminde fizyoterapinin \u00e7ok \u00f6nemli bir yeri oldu\u011funu, fizyoterapistlerin daha iyi \u015fartlarda hizmet verebilmeleri konusunda h\u00fck\u00fcmet ve Meclis olarak \u00fczerlerine d\u00fc\u015fen g\u00f6revi yerine getirmeye haz\u0131r olduklar\u0131n\u0131 kaydetti. Ba\u015fkan T\u00f6re, fizyoterapistlerin\" \/>\n<meta property=\"og:url\" content=\"https:\/\/kibrisdakik.com\/?p=13400\" \/>\n<meta property=\"article:published_time\" content=\"2023-09-08T07:09:28+00:00\" \/>\n<meta property=\"og:image\" content=\"https:\/\/kibrisdakik.com\/wp-content\/uploads\/2023\/09\/tore-fizyoterapistler-2--740x420.jpg\" \/>\n\t<meta property=\"og:image:width\" content=\"1800\" \/>\n\t<meta property=\"og:image:height\" content=\"1200\" \/>\n\t<meta property=\"og:image:type\" content=\"image\/jpeg\" \/>\n<meta name=\"author\" content=\"admin\" \/>\n<meta name=\"twitter:card\" content=\"summary_large_image\" \/>\n<meta name=\"twitter:label1\" content=\"Yazan:\" \/>\n\t<meta name=\"twitter:data1\" content=\"admin\" \/>\n<script type=\"application\/ld+json\" class=\"yoast-schema-graph\">{\"@context\":\"https:\\\/\\\/schema.org\",\"@graph\":[{\"@type\":\"Article\",\"@id\":\"https:\\\/\\\/kibrisdakik.com\\\/?p=13400#article\",\"isPartOf\":{\"@id\":\"https:\\\/\\\/kibrisdakik.com\\\/?p=13400\"},\"author\":{\"name\":\"admin\",\"@id\":\"https:\\\/\\\/kibrisdakik.com\\\/#\\\/schema\\\/person\\\/9cd9d437bbb44f72b73ba127e06d8e79\"},\"headline\":\"Meclis Ba\u015fkan\u0131 T\u00f6re Fizyoterapistler G\u00fcn\u00fc etkinli\u011fine kat\u0131ld\u0131\",\"datePublished\":\"2023-09-08T07:09:28+00:00\",\"mainEntityOfPage\":{\"@id\":\"https:\\\/\\\/kibrisdakik.com\\\/?p=13400\"},\"wordCount\":104,\"commentCount\":0,\"image\":{\"@id\":\"https:\\\/\\\/kibrisdakik.com\\\/?p=13400#primaryimage\"},\"thumbnailUrl\":\"https:\\\/\\\/kibrisdakik.com\\\/wp-content\\\/uploads\\\/2023\\\/09\\\/tore-fizyoterapistler-2--740x420.jpg\",\"articleSection\":[\"G\u00fcndem\"],\"inLanguage\":\"tr\",\"potentialAction\":[{\"@type\":\"CommentAction\",\"name\":\"Comment\",\"target\":[\"https:\\\/\\\/kibrisdakik.com\\\/?p=13400#respond\"]}]},{\"@type\":\"WebPage\",\"@id\":\"https:\\\/\\\/kibrisdakik.com\\\/?p=13400\",\"url\":\"https:\\\/\\\/kibrisdakik.com\\\/?p=13400\",\"name\":\"Meclis Ba\u015fkan\u0131 T\u00f6re Fizyoterapistler G\u00fcn\u00fc etkinli\u011fine kat\u0131ld\u0131 -\",\"isPartOf\":{\"@id\":\"https:\\\/\\\/kibrisdakik.com\\\/#website\"},\"primaryImageOfPage\":{\"@id\":\"https:\\\/\\\/kibrisdakik.com\\\/?p=13400#primaryimage\"},\"image\":{\"@id\":\"https:\\\/\\\/kibrisdakik.com\\\/?p=13400#primaryimage\"},\"thumbnailUrl\":\"https:\\\/\\\/kibrisdakik.com\\\/wp-content\\\/uploads\\\/2023\\\/09\\\/tore-fizyoterapistler-2--740x420.jpg\",\"datePublished\":\"2023-09-08T07:09:28+00:00\",\"author\":{\"@id\":\"https:\\\/\\\/kibrisdakik.com\\\/#\\\/schema\\\/person\\\/9cd9d437bbb44f72b73ba127e06d8e79\"},\"breadcrumb\":{\"@id\":\"https:\\\/\\\/kibrisdakik.com\\\/?p=13400#breadcrumb\"},\"inLanguage\":\"tr\",\"potentialAction\":[{\"@type\":\"ReadAction\",\"target\":[\"https:\\\/\\\/kibrisdakik.com\\\/?p=13400\"]}]},{\"@type\":\"ImageObject\",\"inLanguage\":\"tr\",\"@id\":\"https:\\\/\\\/kibrisdakik.com\\\/?p=13400#primaryimage\",\"url\":\"https:\\\/\\\/kibrisdakik.com\\\/wp-content\\\/uploads\\\/2023\\\/09\\\/tore-fizyoterapistler-2--740x420.jpg\",\"contentUrl\":\"https:\\\/\\\/kibrisdakik.com\\\/wp-content\\\/uploads\\\/2023\\\/09\\\/tore-fizyoterapistler-2--740x420.jpg\",\"width\":1800,\"height\":1200},{\"@type\":\"BreadcrumbList\",\"@id\":\"https:\\\/\\\/kibrisdakik.com\\\/?p=13400#breadcrumb\",\"itemListElement\":[{\"@type\":\"ListItem\",\"position\":1,\"name\":\"Home\",\"item\":\"https:\\\/\\\/kibrisdakik.com\\\/\"},{\"@type\":\"ListItem\",\"position\":2,\"name\":\"Meclis Ba\u015fkan\u0131 T\u00f6re Fizyoterapistler G\u00fcn\u00fc etkinli\u011fine kat\u0131ld\u0131\"}]},{\"@type\":\"WebSite\",\"@id\":\"https:\\\/\\\/kibrisdakik.com\\\/#website\",\"url\":\"https:\\\/\\\/kibrisdakik.com\\\/\",\"name\":\"\",\"description\":\"Tam vaktinde haber\",\"potentialAction\":[{\"@type\":\"SearchAction\",\"target\":{\"@type\":\"EntryPoint\",\"urlTemplate\":\"https:\\\/\\\/kibrisdakik.com\\\/?s={search_term_string}\"},\"query-input\":{\"@type\":\"PropertyValueSpecification\",\"valueRequired\":true,\"valueName\":\"search_term_string\"}}],\"inLanguage\":\"tr\"},{\"@type\":\"Person\",\"@id\":\"https:\\\/\\\/kibrisdakik.com\\\/#\\\/schema\\\/person\\\/9cd9d437bbb44f72b73ba127e06d8e79\",\"name\":\"admin\",\"image\":{\"@type\":\"ImageObject\",\"inLanguage\":\"tr\",\"@id\":\"https:\\\/\\\/secure.gravatar.com\\\/avatar\\\/ccc17943b9d660506c869530f897617f7cb1c21a4bf30023f252596d83e1f007?s=96&d=mm&r=g\",\"url\":\"https:\\\/\\\/secure.gravatar.com\\\/avatar\\\/ccc17943b9d660506c869530f897617f7cb1c21a4bf30023f252596d83e1f007?s=96&d=mm&r=g\",\"contentUrl\":\"https:\\\/\\\/secure.gravatar.com\\\/avatar\\\/ccc17943b9d660506c869530f897617f7cb1c21a4bf30023f252596d83e1f007?s=96&d=mm&r=g\",\"caption\":\"admin\"},\"sameAs\":[\"https:\\\/\\\/kibrisdakik.com\"],\"url\":\"https:\\\/\\\/kibrisdakik.com\\\/?author=1\"}]}<\/script>\n<!-- \/ Yoast SEO plugin. -->","yoast_head_json":{"title":"Meclis Ba\u015fkan\u0131 T\u00f6re Fizyoterapistler G\u00fcn\u00fc etkinli\u011fine kat\u0131ld\u0131 -","robots":{"index":"index","follow":"follow","max-snippet":"max-snippet:-1","max-image-preview":"max-image-preview:large","max-video-preview":"max-video-preview:-1"},"canonical":"https:\/\/kibrisdakik.com\/?p=13400","og_locale":"tr_TR","og_type":"article","og_title":"Meclis Ba\u015fkan\u0131 T\u00f6re Fizyoterapistler G\u00fcn\u00fc etkinli\u011fine kat\u0131ld\u0131 -","og_description":"Cumhuriyet Meclisi Ba\u015fkan\u0131 Zorlu T\u00f6re, K\u0131br\u0131s T\u00fcrk Fizyoterapistler Birli\u011fi taraf\u0131ndan Fizyoterapistler G\u00fcn\u00fc vesilesiyle d\u00fczenlenen etkinli\u011fe kat\u0131ld\u0131. Meclis Ba\u015fkanl\u0131\u011f\u0131ndan verilen bilgiye g\u00f6re, T\u00f6re etkinlikte yapt\u0131\u011f\u0131 konu\u015fmada, sa\u011fl\u0131k sisteminde fizyoterapinin \u00e7ok \u00f6nemli bir yeri oldu\u011funu, fizyoterapistlerin daha iyi \u015fartlarda hizmet verebilmeleri konusunda h\u00fck\u00fcmet ve Meclis olarak \u00fczerlerine d\u00fc\u015fen g\u00f6revi yerine getirmeye haz\u0131r olduklar\u0131n\u0131 kaydetti. Ba\u015fkan T\u00f6re, fizyoterapistlerin","og_url":"https:\/\/kibrisdakik.com\/?p=13400","article_published_time":"2023-09-08T07:09:28+00:00","og_image":[{"width":1800,"height":1200,"url":"https:\/\/kibrisdakik.com\/wp-content\/uploads\/2023\/09\/tore-fizyoterapistler-2--740x420.jpg","type":"image\/jpeg"}],"author":"admin","twitter_card":"summary_large_image","twitter_misc":{"Yazan:":"admin"},"schema":{"@context":"https:\/\/schema.org","@graph":[{"@type":"Article","@id":"https:\/\/kibrisdakik.com\/?p=13400#article","isPartOf":{"@id":"https:\/\/kibrisdakik.com\/?p=13400"},"author":{"name":"admin","@id":"https:\/\/kibrisdakik.com\/#\/schema\/person\/9cd9d437bbb44f72b73ba127e06d8e79"},"headline":"Meclis Ba\u015fkan\u0131 T\u00f6re Fizyoterapistler G\u00fcn\u00fc etkinli\u011fine kat\u0131ld\u0131","datePublished":"2023-09-08T07:09:28+00:00","mainEntityOfPage":{"@id":"https:\/\/kibrisdakik.com\/?p=13400"},"wordCount":104,"commentCount":0,"image":{"@id":"https:\/\/kibrisdakik.com\/?p=13400#primaryimage"},"thumbnailUrl":"https:\/\/kibrisdakik.com\/wp-content\/uploads\/2023\/09\/tore-fizyoterapistler-2--740x420.jpg","articleSection":["G\u00fcndem"],"inLanguage":"tr","potentialAction":[{"@type":"CommentAction","name":"Comment","target":["https:\/\/kibrisdakik.com\/?p=13400#respond"]}]},{"@type":"WebPage","@id":"https:\/\/kibrisdakik.com\/?p=13400","url":"https:\/\/kibrisdakik.com\/?p=13400","name":"Meclis Ba\u015fkan\u0131 T\u00f6re Fizyoterapistler G\u00fcn\u00fc etkinli\u011fine kat\u0131ld\u0131 -","isPartOf":{"@id":"https:\/\/kibrisdakik.com\/#website"},"primaryImageOfPage":{"@id":"https:\/\/kibrisdakik.com\/?p=13400#primaryimage"},"image":{"@id":"https:\/\/kibrisdakik.com\/?p=13400#primaryimage"},"thumbnailUrl":"https:\/\/kibrisdakik.com\/wp-content\/uploads\/2023\/09\/tore-fizyoterapistler-2--740x420.jpg","datePublished":"2023-09-08T07:09:28+00:00","author":{"@id":"https:\/\/kibrisdakik.com\/#\/schema\/person\/9cd9d437bbb44f72b73ba127e06d8e79"},"breadcrumb":{"@id":"https:\/\/kibrisdakik.com\/?p=13400#breadcrumb"},"inLanguage":"tr","potentialAction":[{"@type":"ReadAction","target":["https:\/\/kibrisdakik.com\/?p=13400"]}]},{"@type":"ImageObject","inLanguage":"tr","@id":"https:\/\/kibrisdakik.com\/?p=13400#primaryimage","url":"https:\/\/kibrisdakik.com\/wp-content\/uploads\/2023\/09\/tore-fizyoterapistler-2--740x420.jpg","contentUrl":"https:\/\/kibrisdakik.com\/wp-content\/uploads\/2023\/09\/tore-fizyoterapistler-2--740x420.jpg","width":1800,"height":1200},{"@type":"BreadcrumbList","@id":"https:\/\/kibrisdakik.com\/?p=13400#breadcrumb","itemListElement":[{"@type":"ListItem","position":1,"name":"Home","item":"https:\/\/kibrisdakik.com\/"},{"@type":"ListItem","position":2,"name":"Meclis Ba\u015fkan\u0131 T\u00f6re Fizyoterapistler G\u00fcn\u00fc etkinli\u011fine kat\u0131ld\u0131"}]},{"@type":"WebSite","@id":"https:\/\/kibrisdakik.com\/#website","url":"https:\/\/kibrisdakik.com\/","name":"","description":"Tam vaktinde haber","potentialAction":[{"@type":"SearchAction","target":{"@type":"EntryPoint","urlTemplate":"https:\/\/kibrisdakik.com\/?s={search_term_string}"},"query-input":{"@type":"PropertyValueSpecification","valueRequired":true,"valueName":"search_term_string"}}],"inLanguage":"tr"},{"@type":"Person","@id":"https:\/\/kibrisdakik.com\/#\/schema\/person\/9cd9d437bbb44f72b73ba127e06d8e79","name":"admin","image":{"@type":"ImageObject","inLanguage":"tr","@id":"https:\/\/secure.gravatar.com\/avatar\/ccc17943b9d660506c869530f897617f7cb1c21a4bf30023f252596d83e1f007?s=96&d=mm&r=g","url":"https:\/\/secure.gravatar.com\/avatar\/ccc17943b9d660506c869530f897617f7cb1c21a4bf30023f252596d83e1f007?s=96&d=mm&r=g","contentUrl":"https:\/\/secure.gravatar.com\/avatar\/ccc17943b9d660506c869530f897617f7cb1c21a4bf30023f252596d83e1f007?s=96&d=mm&r=g","caption":"admin"},"sameAs":["https:\/\/kibrisdakik.com"],"url":"https:\/\/kibrisdakik.com\/?author=1"}]}},"_links":{"self":[{"href":"https:\/\/kibrisdakik.com\/index.php?rest_route=\/wp\/v2\/posts\/13400","targetHints":{"allow":["GET"]}}],"collection":[{"href":"https:\/\/kibrisdakik.com\/index.php?rest_route=\/wp\/v2\/posts"}],"about":[{"href":"https:\/\/kibrisdakik.com\/index.php?rest_route=\/wp\/v2\/types\/post"}],"author":[{"embeddable":true,"href":"https:\/\/kibrisdakik.com\/index.php?rest_route=\/wp\/v2\/users\/1"}],"replies":[{"embeddable":true,"href":"https:\/\/kibrisdakik.com\/index.php?rest_route=%2Fwp%2Fv2%2Fcomments&post=13400"}],"version-history":[{"count":0,"href":"https:\/\/kibrisdakik.com\/index.php?rest_route=\/wp\/v2\/posts\/13400\/revisions"}],"wp:featuredmedia":[{"embeddable":true,"href":"https:\/\/kibrisdakik.com\/index.php?rest_route=\/wp\/v2\/media\/13401"}],"wp:attachment":[{"href":"https:\/\/kibrisdakik.com\/index.php?rest_route=%2Fwp%2Fv2%2Fmedia&parent=13400"}],"wp:term":[{"taxonomy":"category","embeddable":true,"href":"https:\/\/kibrisdakik.com\/index.php?rest_route=%2Fwp%2Fv2%2Fcategories&post=13400"},{"taxonomy":"post_tag","embeddable":true,"href":"https:\/\/kibrisdakik.com\/index.php?rest_route=%2Fwp%2Fv2%2Ftags&post=13400"}],"curies":[{"name":"wp","href":"https:\/\/api.w.org\/{rel}","templated":true}]}}